{"id":66275,"date":"2025-04-25T19:41:15","date_gmt":"2025-04-25T16:41:15","guid":{"rendered":"https:\/\/denizcankizil.tr\/uncategorized-tr\/prof-dr-ercandan-marmara-depremi-hakkinda-yeni-aciklama-beklenen-buyukluk-azaldi\/"},"modified":"2025-04-25T19:41:15","modified_gmt":"2025-04-25T16:41:15","slug":"prof-dr-ercandan-marmara-depremi-hakkinda-yeni-aciklama-beklenen-buyukluk-azaldi","status":"publish","type":"post","link":"https:\/\/denizcankizil.tr\/de\/haberler\/gundem\/prof-dr-ercandan-marmara-depremi-hakkinda-yeni-aciklama-beklenen-buyukluk-azaldi\/","title":{"rendered":"Prof. Dr. Ercan&#8217;dan Marmara depremi hakk\u0131nda yeni a\u00e7\u0131klama: Beklenen b\u00fcy\u00fckl\u00fck azald\u0131!"},"content":{"rendered":"<p>23 Nisan&#8217;da Marmara Denizi&#8217;nde Silivri a\u00e7\u0131klar\u0131nda meydana gelen 6,2 b\u00fcy\u00fckl\u00fc\u011f\u00fcndeki depremle ilgili de\u011ferlendirmeler s\u00fcr\u00fcyor. Jeofizik Y\u00fcksek M\u00fchendisi Prof. Dr. \u00d6vg\u00fcn Ahmet Ercan, sosyal medya hesab\u0131 X \u00fczerinden yapt\u0131\u011f\u0131 son a\u00e7\u0131klamayla dikkat \u00e7ekti.<\/p>\n<p>&#8220;MU\u015eTULU ARA\u015eTIRMA SONUCU&#8221;<\/p>\n<p>&#8220;Depremde Mu\u015ftulu Ara\u015ft\u0131rma Sonucu&#8221; ba\u015fl\u0131\u011f\u0131yla yap\u0131lan payla\u015f\u0131mda Prof. Dr. Ercan, depremin Kuzey Anadolu K\u0131r\u0131\u011f\u0131&#8217;n\u0131n Trakya kolu \u00fczerinde, Silivri a\u00e7\u0131\u011f\u0131nda ve 7-13 kilometre odak derinli\u011finde ger\u00e7ekle\u015fti\u011fini belirtti. Prof. Dr. Ercan, depremin 17 saniye s\u00fcrd\u00fc\u011f\u00fcn\u00fc ve deniz taban\u0131ndaki yer kabu\u011funu 28 kilometre boyunca sa\u011f at\u0131ml\u0131 olarak k\u0131rd\u0131\u011f\u0131n\u0131 ifade etti.<\/p>\n<p>DEPREM B\u00dcY\u00dcKL\u00dc\u011e\u00dcNDE D\u00dc\u015e\u00dc\u015e!<\/p>\n<p>Prof. Dr. Ercan&#8217;\u0131n a\u00e7\u0131klamas\u0131ndaki en dikkat \u00e7ekici nokta ise deprem \u00f6ncesinde bu kol \u00fczerinde beklenen b\u00fcy\u00fckl\u00fc\u011f\u00fcn M7,0 ile M7,2 aras\u0131nda oldu\u011fu y\u00f6n\u00fcndeki bilgi oldu. Ancak Ercan, k\u0131r\u0131k boyunun 60 km&#8217;ye k\u0131salmas\u0131yla beklenen deprem b\u00fcy\u00fckl\u00fc\u011f\u00fcn\u00fcn M6,9-M7,1 aral\u0131\u011f\u0131na d\u00fc\u015ft\u00fc\u011f\u00fcn\u00fc m\u00fcjdeledi.<\/p>\n<p>&#8220;U\u011eURLUSU OLSUN&#8221;<\/p>\n<p>Bu durumun olas\u0131 hasar\u0131n g\u00f6receli olarak azalmas\u0131na neden olaca\u011f\u0131n\u0131 vurgulayan Prof. Dr. Ercan, payla\u015f\u0131m\u0131n\u0131 &#8220;U\u011furlusu olsun&#8221; ifadeleriyle tamamlad\u0131.<\/p>\n<p>B\u00d6LGE HALKI VE UZMANLAR TET\u0130KTE<\/p>\n<p>Prof. Dr. Ercan&#8217;\u0131n bu a\u00e7\u0131klamas\u0131, can ve mal kayb\u0131n\u0131n ya\u015fanmad\u0131\u011f\u0131 23 Nisan depremi sonras\u0131 b\u00f6lge halk\u0131 ve uzmanlardan olu\u015fan hedef kitle \u00fczerinde \u00f6nemli d\u00fczeyde etki yaratt\u0131. Beklenen deprem b\u00fcy\u00fckl\u00fc\u011f\u00fcndeki bu d\u00fc\u015f\u00fc\u015f, olas\u0131 bir Marmara depremi senaryolar\u0131 a\u00e7\u0131s\u0131ndan &#8216;kritik bir a\u00e7\u0131klama&#8217; olarak yerini ald\u0131.<\/p>\n<p>\u200bJeofizik Y\u00fcksek M\u00fchendisi Prof. Dr. \u00d6vg\u00fcn Ahmet Ercan, Marmara Denizi&#8217;nde Silivri a\u00e7\u0131klar\u0131nda 6,2 b\u00fcy\u00fckl\u00fc\u011f\u00fcndeki meydana gelen depreme ili\u015fkin \u00f6nemli bir tespitte bulundu. 17 saniye s\u00fcren depremin deniz taban\u0131ndaki yer kabu\u011funu 28 kilometre boyunca sa\u011f at\u0131ml\u0131 olarak k\u0131rd\u0131\u011f\u0131n\u0131 ifade eden Ercan, i\u00e7 rahatlatan a\u00e7\u0131klamalarda bulundu. \u0130\u015fte ayr\u0131nt\u0131lar&#8230;\u00a0<\/p>\n<p>\u200bHaberin Al\u0131nt\u0131land\u0131\u011f\u0131 Kaynak: www.antalyakorfez.com<\/p>","protected":false},"excerpt":{"rendered":"<p>23 Nisan&#8217;da Marmara Denizi&#8217;nde Silivri a\u00e7\u0131klar\u0131nda meydana gelen 6,2 b\u00fcy\u00fckl\u00fc\u011f\u00fcndeki depremle ilgili de\u011ferlendirmeler s\u00fcr\u00fcyor. Jeofizik Y\u00fcksek M\u00fchendisi Prof. Dr. \u00d6vg\u00fcn Ahmet Ercan, sosyal medya hesab\u0131 X \u00fczerinden yapt\u0131\u011f\u0131 son a\u00e7\u0131klamayla dikkat \u00e7ekti. &#8220;MU\u015eTULU ARA\u015eTIRMA SONUCU&#8221; &#8220;Depremde Mu\u015ftulu Ara\u015ft\u0131rma Sonucu&#8221; ba\u015fl\u0131\u011f\u0131yla yap\u0131lan payla\u015f\u0131mda Prof. Dr. Ercan, depremin Kuzey Anadolu K\u0131r\u0131\u011f\u0131&#8217;n\u0131n Trakya kolu \u00fczerinde, Silivri a\u00e7\u0131\u011f\u0131nda ve 7-13 kilometre odak derinli\u011finde ger\u00e7ekle\u015fti\u011fini belirtti. Prof. Dr. Ercan, depremin 17 saniye s\u00fcrd\u00fc\u011f\u00fcn\u00fc ve deniz taban\u0131ndaki yer kabu\u011funu 28 kilometre boyunca sa\u011f at\u0131ml\u0131 olarak k\u0131rd\u0131\u011f\u0131n\u0131 ifade etti. DEPREM B\u00dcY\u00dcKL\u00dc\u011e\u00dcNDE D\u00dc\u015e\u00dc\u015e! Prof. Dr. Ercan&#8217;\u0131n a\u00e7\u0131klamas\u0131ndaki en dikkat \u00e7ekici nokta ise deprem \u00f6ncesinde bu kol \u00fczerinde beklenen b\u00fcy\u00fckl\u00fc\u011f\u00fcn M7,0 ile M7,2 aras\u0131nda oldu\u011fu y\u00f6n\u00fcndeki bilgi oldu. Ancak Ercan, k\u0131r\u0131k boyunun 60 km&#8217;ye k\u0131salmas\u0131yla beklenen deprem b\u00fcy\u00fckl\u00fc\u011f\u00fcn\u00fcn M6,9-M7,1 aral\u0131\u011f\u0131na d\u00fc\u015ft\u00fc\u011f\u00fcn\u00fc m\u00fcjdeledi. &#8220;U\u011eURLUSU OLSUN&#8221; Bu durumun olas\u0131 hasar\u0131n g\u00f6receli olarak azalmas\u0131na neden olaca\u011f\u0131n\u0131 vurgulayan Prof. Dr. Ercan, payla\u015f\u0131m\u0131n\u0131 &#8220;U\u011furlusu olsun&#8221; ifadeleriyle tamamlad\u0131. B\u00d6LGE HALKI VE UZMANLAR TET\u0130KTE Prof. Dr. Ercan&#8217;\u0131n bu a\u00e7\u0131klamas\u0131, can ve mal kayb\u0131n\u0131n ya\u015fanmad\u0131\u011f\u0131 23 Nisan depremi sonras\u0131 b\u00f6lge halk\u0131 ve uzmanlardan olu\u015fan hedef kitle \u00fczerinde \u00f6nemli d\u00fczeyde etki yaratt\u0131. Beklenen deprem b\u00fcy\u00fckl\u00fc\u011f\u00fcndeki bu d\u00fc\u015f\u00fc\u015f, olas\u0131 bir Marmara depremi senaryolar\u0131 a\u00e7\u0131s\u0131ndan &#8216;kritik bir a\u00e7\u0131klama&#8217; olarak yerini ald\u0131. \u200bJeofizik Y\u00fcksek M\u00fchendisi Prof. Dr. \u00d6vg\u00fcn Ahmet Ercan, Marmara &hellip;<\/p>","protected":false},"author":5,"featured_media":0,"comment_status":"","ping_status":"open","sticky":false,"template":"","format":"standard","meta":{"_acf_changed":false,"footnotes":""},"categories":[24],"tags":[],"class_list":["post-66275","post","type-post","status-publish","format-standard","has-post-thumbnail","hentry","category-gundem"],"acf":[],"yoast_head":"<!-- This site is optimized with the Yoast SEO Premium plugin v26.6 (Yoast SEO v27.1.1) - https:\/\/yoast.com\/product\/yoast-seo-premium-wordpress\/ -->\n<title>Prof. Dr. Ercan&#039;dan Marmara depremi hakk\u0131nda yeni a\u00e7\u0131klama: Beklenen b\u00fcy\u00fckl\u00fck azald\u0131! - Av. Deniz Can K\u0131z\u0131l<\/title>\n<meta name=\"robots\" content=\"index, follow, max-snippet:-1, max-image-preview:large, max-video-preview:-1\" \/>\n<link rel=\"canonical\" href=\"http:\/\/denizcankizil.tr\/de\/haberler\/gundem\/prof-dr-ercandan-marmara-depremi-hakkinda-yeni-aciklama-beklenen-buyukluk-azaldi\/\" \/>\n<meta property=\"og:locale\" content=\"de_DE\" \/>\n<meta property=\"og:type\" content=\"article\" \/>\n<meta property=\"og:title\" content=\"Prof. Dr. Ercan&#039;dan Marmara depremi hakk\u0131nda yeni a\u00e7\u0131klama: Beklenen b\u00fcy\u00fckl\u00fck azald\u0131!\" \/>\n<meta property=\"og:description\" content=\"23 Nisan&#8217;da Marmara Denizi&#8217;nde Silivri a\u00e7\u0131klar\u0131nda meydana gelen 6,2 b\u00fcy\u00fckl\u00fc\u011f\u00fcndeki depremle ilgili de\u011ferlendirmeler s\u00fcr\u00fcyor. Jeofizik Y\u00fcksek M\u00fchendisi Prof. Dr. \u00d6vg\u00fcn Ahmet Ercan, sosyal medya hesab\u0131 X \u00fczerinden yapt\u0131\u011f\u0131 son a\u00e7\u0131klamayla dikkat \u00e7ekti. &#8220;MU\u015eTULU ARA\u015eTIRMA SONUCU&#8221; &#8220;Depremde Mu\u015ftulu Ara\u015ft\u0131rma Sonucu&#8221; ba\u015fl\u0131\u011f\u0131yla yap\u0131lan payla\u015f\u0131mda Prof. Dr. Ercan, depremin Kuzey Anadolu K\u0131r\u0131\u011f\u0131&#8217;n\u0131n Trakya kolu \u00fczerinde, Silivri a\u00e7\u0131\u011f\u0131nda ve 7-13 kilometre odak derinli\u011finde ger\u00e7ekle\u015fti\u011fini belirtti. Prof. Dr. Ercan, depremin 17 saniye s\u00fcrd\u00fc\u011f\u00fcn\u00fc ve deniz taban\u0131ndaki yer kabu\u011funu 28 kilometre boyunca sa\u011f at\u0131ml\u0131 olarak k\u0131rd\u0131\u011f\u0131n\u0131 ifade etti. DEPREM B\u00dcY\u00dcKL\u00dc\u011e\u00dcNDE D\u00dc\u015e\u00dc\u015e! Prof. Dr. Ercan&#8217;\u0131n a\u00e7\u0131klamas\u0131ndaki en dikkat \u00e7ekici nokta ise deprem \u00f6ncesinde bu kol \u00fczerinde beklenen b\u00fcy\u00fckl\u00fc\u011f\u00fcn M7,0 ile M7,2 aras\u0131nda oldu\u011fu y\u00f6n\u00fcndeki bilgi oldu. Ancak Ercan, k\u0131r\u0131k boyunun 60 km&#8217;ye k\u0131salmas\u0131yla beklenen deprem b\u00fcy\u00fckl\u00fc\u011f\u00fcn\u00fcn M6,9-M7,1 aral\u0131\u011f\u0131na d\u00fc\u015ft\u00fc\u011f\u00fcn\u00fc m\u00fcjdeledi. &#8220;U\u011eURLUSU OLSUN&#8221; Bu durumun olas\u0131 hasar\u0131n g\u00f6receli olarak azalmas\u0131na neden olaca\u011f\u0131n\u0131 vurgulayan Prof. Dr. Ercan, payla\u015f\u0131m\u0131n\u0131 &#8220;U\u011furlusu olsun&#8221; ifadeleriyle tamamlad\u0131. B\u00d6LGE HALKI VE UZMANLAR TET\u0130KTE Prof. Dr. Ercan&#8217;\u0131n bu a\u00e7\u0131klamas\u0131, can ve mal kayb\u0131n\u0131n ya\u015fanmad\u0131\u011f\u0131 23 Nisan depremi sonras\u0131 b\u00f6lge halk\u0131 ve uzmanlardan olu\u015fan hedef kitle \u00fczerinde \u00f6nemli d\u00fczeyde etki yaratt\u0131. Beklenen deprem b\u00fcy\u00fckl\u00fc\u011f\u00fcndeki bu d\u00fc\u015f\u00fc\u015f, olas\u0131 bir Marmara depremi senaryolar\u0131 a\u00e7\u0131s\u0131ndan &#8216;kritik bir a\u00e7\u0131klama&#8217; olarak yerini ald\u0131. \u200bJeofizik Y\u00fcksek M\u00fchendisi Prof. Dr. \u00d6vg\u00fcn Ahmet Ercan, Marmara &hellip;\" \/>\n<meta property=\"og:url\" content=\"http:\/\/denizcankizil.tr\/de\/haberler\/gundem\/prof-dr-ercandan-marmara-depremi-hakkinda-yeni-aciklama-beklenen-buyukluk-azaldi\/\" \/>\n<meta property=\"og:site_name\" content=\"Av. Deniz Can K\u0131z\u0131l\" \/>\n<meta property=\"article:published_time\" content=\"2025-04-25T16:41:15+00:00\" \/>\n<meta name=\"author\" content=\"Antalya K\u00f6rfez\" \/>\n<meta name=\"twitter:card\" content=\"summary_large_image\" \/>\n<meta name=\"twitter:label1\" content=\"Verfasst von\" \/>\n\t<meta name=\"twitter:data1\" content=\"Antalya K\u00f6rfez\" \/>\n\t<meta name=\"twitter:label2\" content=\"Gesch\u00e4tzte Lesezeit\" \/>\n\t<meta name=\"twitter:data2\" content=\"2\u00a0Minuten\" \/>\n<script type=\"application\/ld+json\" class=\"yoast-schema-graph\">{\"@context\":\"https:\/\/schema.org\",\"@graph\":[{\"@type\":\"Article\",\"@id\":\"http:\/\/denizcankizil.tr\/ru\/haberler\/gundem\/prof-dr-ercandan-marmara-depremi-hakkinda-yeni-aciklama-beklenen-buyukluk-azaldi\/#article\",\"isPartOf\":{\"@id\":\"http:\/\/denizcankizil.tr\/ru\/haberler\/gundem\/prof-dr-ercandan-marmara-depremi-hakkinda-yeni-aciklama-beklenen-buyukluk-azaldi\/\"},\"author\":{\"name\":\"Antalya K\u00f6rfez\",\"@id\":\"https:\/\/denizcankizil.tr\/de\/#\/schema\/person\/e1eb71bb4dd684d46563f0af307e1234\"},\"headline\":\"Prof. Dr. Ercan&#8217;dan Marmara depremi hakk\u0131nda yeni a\u00e7\u0131klama: Beklenen b\u00fcy\u00fckl\u00fck azald\u0131!\",\"datePublished\":\"2025-04-25T16:41:15+00:00\",\"mainEntityOfPage\":{\"@id\":\"http:\/\/denizcankizil.tr\/ru\/haberler\/gundem\/prof-dr-ercandan-marmara-depremi-hakkinda-yeni-aciklama-beklenen-buyukluk-azaldi\/\"},\"wordCount\":361,\"publisher\":{\"@id\":\"https:\/\/denizcankizil.tr\/de\/#organization\"},\"articleSection\":[\"G\u00fcndem\"],\"inLanguage\":\"de\"},{\"@type\":\"WebPage\",\"@id\":\"http:\/\/denizcankizil.tr\/ru\/haberler\/gundem\/prof-dr-ercandan-marmara-depremi-hakkinda-yeni-aciklama-beklenen-buyukluk-azaldi\/\",\"url\":\"http:\/\/denizcankizil.tr\/ru\/haberler\/gundem\/prof-dr-ercandan-marmara-depremi-hakkinda-yeni-aciklama-beklenen-buyukluk-azaldi\/\",\"name\":\"Prof. Dr. Ercan'dan Marmara depremi hakk\u0131nda yeni a\u00e7\u0131klama: Beklenen b\u00fcy\u00fckl\u00fck azald\u0131! - Av. Deniz Can K\u0131z\u0131l\",\"isPartOf\":{\"@id\":\"https:\/\/denizcankizil.tr\/de\/#website\"},\"datePublished\":\"2025-04-25T16:41:15+00:00\",\"breadcrumb\":{\"@id\":\"http:\/\/denizcankizil.tr\/ru\/haberler\/gundem\/prof-dr-ercandan-marmara-depremi-hakkinda-yeni-aciklama-beklenen-buyukluk-azaldi\/#breadcrumb\"},\"inLanguage\":\"de\",\"potentialAction\":[{\"@type\":\"ReadAction\",\"target\":[\"http:\/\/denizcankizil.tr\/ru\/haberler\/gundem\/prof-dr-ercandan-marmara-depremi-hakkinda-yeni-aciklama-beklenen-buyukluk-azaldi\/\"]}]},{\"@type\":\"BreadcrumbList\",\"@id\":\"http:\/\/denizcankizil.tr\/ru\/haberler\/gundem\/prof-dr-ercandan-marmara-depremi-hakkinda-yeni-aciklama-beklenen-buyukluk-azaldi\/#breadcrumb\",\"itemListElement\":[{\"@type\":\"ListItem\",\"position\":1,\"name\":\"Home\",\"item\":\"https:\/\/denizcankizil.tr\/de\/\"},{\"@type\":\"ListItem\",\"position\":2,\"name\":\"Prof. Dr. Ercan&#8217;dan Marmara depremi hakk\u0131nda yeni a\u00e7\u0131klama: Beklenen b\u00fcy\u00fckl\u00fck azald\u0131!\"}]},{\"@type\":\"WebSite\",\"@id\":\"https:\/\/denizcankizil.tr\/de\/#website\",\"url\":\"https:\/\/denizcankizil.tr\/de\/\",\"name\":\"Av. Deniz Can K\u0131z\u0131l\",\"description\":\"Avukat Deniz Can K\u0131z\u0131l Antalya Barosu\",\"publisher\":{\"@id\":\"https:\/\/denizcankizil.tr\/de\/#organization\"},\"potentialAction\":[{\"@type\":\"SearchAction\",\"target\":{\"@type\":\"EntryPoint\",\"urlTemplate\":\"https:\/\/denizcankizil.tr\/de\/?s={search_term_string}\"},\"query-input\":{\"@type\":\"PropertyValueSpecification\",\"valueRequired\":true,\"valueName\":\"search_term_string\"}}],\"inLanguage\":\"de\"},{\"@type\":\"Organization\",\"@id\":\"https:\/\/denizcankizil.tr\/de\/#organization\",\"name\":\"Av. Deniz Can K\u0131z\u0131l\",\"url\":\"https:\/\/denizcankizil.tr\/de\/\",\"logo\":{\"@type\":\"ImageObject\",\"inLanguage\":\"de\",\"@id\":\"https:\/\/denizcankizil.tr\/de\/#\/schema\/logo\/image\/\",\"url\":\"https:\/\/denizcankizil.tr\/wp-content\/uploads\/2024\/10\/siyah-logo-svg.svg\",\"contentUrl\":\"https:\/\/denizcankizil.tr\/wp-content\/uploads\/2024\/10\/siyah-logo-svg.svg\",\"width\":1080,\"height\":1080,\"caption\":\"Av. Deniz Can K\u0131z\u0131l\"},\"image\":{\"@id\":\"https:\/\/denizcankizil.tr\/de\/#\/schema\/logo\/image\/\"}},{\"@type\":\"Person\",\"@id\":\"https:\/\/denizcankizil.tr\/de\/#\/schema\/person\/e1eb71bb4dd684d46563f0af307e1234\",\"name\":\"Antalya K\u00f6rfez\",\"image\":{\"@type\":\"ImageObject\",\"inLanguage\":\"de\",\"@id\":\"https:\/\/denizcankizil.tr\/de\/#\/schema\/person\/image\/\",\"url\":\"https:\/\/secure.gravatar.com\/avatar\/42b01982558a48a0b501fdcab6a408d3717ea5919095ee2e67b0e521799c5905?s=96&d=mm&r=g\",\"contentUrl\":\"https:\/\/secure.gravatar.com\/avatar\/42b01982558a48a0b501fdcab6a408d3717ea5919095ee2e67b0e521799c5905?s=96&d=mm&r=g\",\"caption\":\"Antalya K\u00f6rfez\"},\"sameAs\":[\"http:\/\/www.antalyakorfez.com\"],\"url\":\"https:\/\/www.antalyakorfez.com\/prof-dr-ercandan-marmara-depremi-hakkinda-yeni-aciklama-beklenen-buyukluk-azaldi\"}]}<\/script>\n<!-- \/ Yoast SEO Premium plugin. -->","yoast_head_json":{"title":"Prof. Dr. Ercan'dan Marmara depremi hakk\u0131nda yeni a\u00e7\u0131klama: Beklenen b\u00fcy\u00fckl\u00fck azald\u0131! - Av. Deniz Can K\u0131z\u0131l","robots":{"index":"index","follow":"follow","max-snippet":"max-snippet:-1","max-image-preview":"max-image-preview:large","max-video-preview":"max-video-preview:-1"},"canonical":"http:\/\/denizcankizil.tr\/de\/haberler\/gundem\/prof-dr-ercandan-marmara-depremi-hakkinda-yeni-aciklama-beklenen-buyukluk-azaldi\/","og_locale":"de_DE","og_type":"article","og_title":"Prof. Dr. Ercan'dan Marmara depremi hakk\u0131nda yeni a\u00e7\u0131klama: Beklenen b\u00fcy\u00fckl\u00fck azald\u0131!","og_description":"23 Nisan&#8217;da Marmara Denizi&#8217;nde Silivri a\u00e7\u0131klar\u0131nda meydana gelen 6,2 b\u00fcy\u00fckl\u00fc\u011f\u00fcndeki depremle ilgili de\u011ferlendirmeler s\u00fcr\u00fcyor. Jeofizik Y\u00fcksek M\u00fchendisi Prof. Dr. \u00d6vg\u00fcn Ahmet Ercan, sosyal medya hesab\u0131 X \u00fczerinden yapt\u0131\u011f\u0131 son a\u00e7\u0131klamayla dikkat \u00e7ekti. &#8220;MU\u015eTULU ARA\u015eTIRMA SONUCU&#8221; &#8220;Depremde Mu\u015ftulu Ara\u015ft\u0131rma Sonucu&#8221; ba\u015fl\u0131\u011f\u0131yla yap\u0131lan payla\u015f\u0131mda Prof. Dr. Ercan, depremin Kuzey Anadolu K\u0131r\u0131\u011f\u0131&#8217;n\u0131n Trakya kolu \u00fczerinde, Silivri a\u00e7\u0131\u011f\u0131nda ve 7-13 kilometre odak derinli\u011finde ger\u00e7ekle\u015fti\u011fini belirtti. Prof. Dr. Ercan, depremin 17 saniye s\u00fcrd\u00fc\u011f\u00fcn\u00fc ve deniz taban\u0131ndaki yer kabu\u011funu 28 kilometre boyunca sa\u011f at\u0131ml\u0131 olarak k\u0131rd\u0131\u011f\u0131n\u0131 ifade etti. DEPREM B\u00dcY\u00dcKL\u00dc\u011e\u00dcNDE D\u00dc\u015e\u00dc\u015e! Prof. Dr. Ercan&#8217;\u0131n a\u00e7\u0131klamas\u0131ndaki en dikkat \u00e7ekici nokta ise deprem \u00f6ncesinde bu kol \u00fczerinde beklenen b\u00fcy\u00fckl\u00fc\u011f\u00fcn M7,0 ile M7,2 aras\u0131nda oldu\u011fu y\u00f6n\u00fcndeki bilgi oldu. Ancak Ercan, k\u0131r\u0131k boyunun 60 km&#8217;ye k\u0131salmas\u0131yla beklenen deprem b\u00fcy\u00fckl\u00fc\u011f\u00fcn\u00fcn M6,9-M7,1 aral\u0131\u011f\u0131na d\u00fc\u015ft\u00fc\u011f\u00fcn\u00fc m\u00fcjdeledi. &#8220;U\u011eURLUSU OLSUN&#8221; Bu durumun olas\u0131 hasar\u0131n g\u00f6receli olarak azalmas\u0131na neden olaca\u011f\u0131n\u0131 vurgulayan Prof. Dr. Ercan, payla\u015f\u0131m\u0131n\u0131 &#8220;U\u011furlusu olsun&#8221; ifadeleriyle tamamlad\u0131. B\u00d6LGE HALKI VE UZMANLAR TET\u0130KTE Prof. Dr. Ercan&#8217;\u0131n bu a\u00e7\u0131klamas\u0131, can ve mal kayb\u0131n\u0131n ya\u015fanmad\u0131\u011f\u0131 23 Nisan depremi sonras\u0131 b\u00f6lge halk\u0131 ve uzmanlardan olu\u015fan hedef kitle \u00fczerinde \u00f6nemli d\u00fczeyde etki yaratt\u0131. Beklenen deprem b\u00fcy\u00fckl\u00fc\u011f\u00fcndeki bu d\u00fc\u015f\u00fc\u015f, olas\u0131 bir Marmara depremi senaryolar\u0131 a\u00e7\u0131s\u0131ndan &#8216;kritik bir a\u00e7\u0131klama&#8217; olarak yerini ald\u0131. \u200bJeofizik Y\u00fcksek M\u00fchendisi Prof. Dr. \u00d6vg\u00fcn Ahmet Ercan, Marmara &hellip;","og_url":"http:\/\/denizcankizil.tr\/de\/haberler\/gundem\/prof-dr-ercandan-marmara-depremi-hakkinda-yeni-aciklama-beklenen-buyukluk-azaldi\/","og_site_name":"Av. Deniz Can K\u0131z\u0131l","article_published_time":"2025-04-25T16:41:15+00:00","author":"Antalya K\u00f6rfez","twitter_card":"summary_large_image","twitter_misc":{"Verfasst von":"Antalya K\u00f6rfez","Gesch\u00e4tzte Lesezeit":"2\u00a0Minuten"},"schema":{"@context":"https:\/\/schema.org","@graph":[{"@type":"Article","@id":"http:\/\/denizcankizil.tr\/ru\/haberler\/gundem\/prof-dr-ercandan-marmara-depremi-hakkinda-yeni-aciklama-beklenen-buyukluk-azaldi\/#article","isPartOf":{"@id":"http:\/\/denizcankizil.tr\/ru\/haberler\/gundem\/prof-dr-ercandan-marmara-depremi-hakkinda-yeni-aciklama-beklenen-buyukluk-azaldi\/"},"author":{"name":"Antalya K\u00f6rfez","@id":"https:\/\/denizcankizil.tr\/de\/#\/schema\/person\/e1eb71bb4dd684d46563f0af307e1234"},"headline":"Prof. Dr. Ercan&#8217;dan Marmara depremi hakk\u0131nda yeni a\u00e7\u0131klama: Beklenen b\u00fcy\u00fckl\u00fck azald\u0131!","datePublished":"2025-04-25T16:41:15+00:00","mainEntityOfPage":{"@id":"http:\/\/denizcankizil.tr\/ru\/haberler\/gundem\/prof-dr-ercandan-marmara-depremi-hakkinda-yeni-aciklama-beklenen-buyukluk-azaldi\/"},"wordCount":361,"publisher":{"@id":"https:\/\/denizcankizil.tr\/de\/#organization"},"articleSection":["G\u00fcndem"],"inLanguage":"de"},{"@type":"WebPage","@id":"http:\/\/denizcankizil.tr\/ru\/haberler\/gundem\/prof-dr-ercandan-marmara-depremi-hakkinda-yeni-aciklama-beklenen-buyukluk-azaldi\/","url":"http:\/\/denizcankizil.tr\/ru\/haberler\/gundem\/prof-dr-ercandan-marmara-depremi-hakkinda-yeni-aciklama-beklenen-buyukluk-azaldi\/","name":"Prof. Dr. Ercan'dan Marmara depremi hakk\u0131nda yeni a\u00e7\u0131klama: Beklenen b\u00fcy\u00fckl\u00fck azald\u0131! - Av. Deniz Can K\u0131z\u0131l","isPartOf":{"@id":"https:\/\/denizcankizil.tr\/de\/#website"},"datePublished":"2025-04-25T16:41:15+00:00","breadcrumb":{"@id":"http:\/\/denizcankizil.tr\/ru\/haberler\/gundem\/prof-dr-ercandan-marmara-depremi-hakkinda-yeni-aciklama-beklenen-buyukluk-azaldi\/#breadcrumb"},"inLanguage":"de","potentialAction":[{"@type":"ReadAction","target":["http:\/\/denizcankizil.tr\/ru\/haberler\/gundem\/prof-dr-ercandan-marmara-depremi-hakkinda-yeni-aciklama-beklenen-buyukluk-azaldi\/"]}]},{"@type":"BreadcrumbList","@id":"http:\/\/denizcankizil.tr\/ru\/haberler\/gundem\/prof-dr-ercandan-marmara-depremi-hakkinda-yeni-aciklama-beklenen-buyukluk-azaldi\/#breadcrumb","itemListElement":[{"@type":"ListItem","position":1,"name":"Home","item":"https:\/\/denizcankizil.tr\/de\/"},{"@type":"ListItem","position":2,"name":"Prof. Dr. Ercan&#8217;dan Marmara depremi hakk\u0131nda yeni a\u00e7\u0131klama: Beklenen b\u00fcy\u00fckl\u00fck azald\u0131!"}]},{"@type":"WebSite","@id":"https:\/\/denizcankizil.tr\/de\/#website","url":"https:\/\/denizcankizil.tr\/de\/","name":"Av. Deniz Can K\u0131z\u0131l","description":"Avukat Deniz Can K\u0131z\u0131l Antalya Barosu","publisher":{"@id":"https:\/\/denizcankizil.tr\/de\/#organization"},"potentialAction":[{"@type":"SearchAction","target":{"@type":"EntryPoint","urlTemplate":"https:\/\/denizcankizil.tr\/de\/?s={search_term_string}"},"query-input":{"@type":"PropertyValueSpecification","valueRequired":true,"valueName":"search_term_string"}}],"inLanguage":"de"},{"@type":"Organization","@id":"https:\/\/denizcankizil.tr\/de\/#organization","name":"Av. Deniz Can K\u0131z\u0131l","url":"https:\/\/denizcankizil.tr\/de\/","logo":{"@type":"ImageObject","inLanguage":"de","@id":"https:\/\/denizcankizil.tr\/de\/#\/schema\/logo\/image\/","url":"https:\/\/denizcankizil.tr\/wp-content\/uploads\/2024\/10\/siyah-logo-svg.svg","contentUrl":"https:\/\/denizcankizil.tr\/wp-content\/uploads\/2024\/10\/siyah-logo-svg.svg","width":1080,"height":1080,"caption":"Av. Deniz Can K\u0131z\u0131l"},"image":{"@id":"https:\/\/denizcankizil.tr\/de\/#\/schema\/logo\/image\/"}},{"@type":"Person","@id":"https:\/\/denizcankizil.tr\/de\/#\/schema\/person\/e1eb71bb4dd684d46563f0af307e1234","name":"Antalya K\u00f6rfez","image":{"@type":"ImageObject","inLanguage":"de","@id":"https:\/\/denizcankizil.tr\/de\/#\/schema\/person\/image\/","url":"https:\/\/secure.gravatar.com\/avatar\/42b01982558a48a0b501fdcab6a408d3717ea5919095ee2e67b0e521799c5905?s=96&d=mm&r=g","contentUrl":"https:\/\/secure.gravatar.com\/avatar\/42b01982558a48a0b501fdcab6a408d3717ea5919095ee2e67b0e521799c5905?s=96&d=mm&r=g","caption":"Antalya K\u00f6rfez"},"sameAs":["http:\/\/www.antalyakorfez.com"],"url":"https:\/\/www.antalyakorfez.com\/prof-dr-ercandan-marmara-depremi-hakkinda-yeni-aciklama-beklenen-buyukluk-azaldi"}]}},"_links":{"self":[{"href":"https:\/\/denizcankizil.tr\/de\/wp-json\/wp\/v2\/posts\/66275","targetHints":{"allow":["GET"]}}],"collection":[{"href":"https:\/\/denizcankizil.tr\/de\/wp-json\/wp\/v2\/posts"}],"about":[{"href":"https:\/\/denizcankizil.tr\/de\/wp-json\/wp\/v2\/types\/post"}],"author":[{"embeddable":true,"href":"https:\/\/denizcankizil.tr\/de\/wp-json\/wp\/v2\/users\/5"}],"replies":[{"embeddable":true,"href":"https:\/\/denizcankizil.tr\/de\/wp-json\/wp\/v2\/comments?post=66275"}],"version-history":[{"count":0,"href":"https:\/\/denizcankizil.tr\/de\/wp-json\/wp\/v2\/posts\/66275\/revisions"}],"wp:attachment":[{"href":"https:\/\/denizcankizil.tr\/de\/wp-json\/wp\/v2\/media?parent=66275"}],"wp:term":[{"taxonomy":"category","embeddable":true,"href":"https:\/\/denizcankizil.tr\/de\/wp-json\/wp\/v2\/categories?post=66275"},{"taxonomy":"post_tag","embeddable":true,"href":"https:\/\/denizcankizil.tr\/de\/wp-json\/wp\/v2\/tags?post=66275"}],"curies":[{"name":"wp","href":"https:\/\/api.w.org\/{rel}","templated":true}]}}