{"id":66180,"date":"2025-04-25T17:41:16","date_gmt":"2025-04-25T14:41:16","guid":{"rendered":"https:\/\/denizcankizil.tr\/uncategorized-tr\/13-yasindaki-sefa-gozyaslari-arasinda-topraga-verildi\/"},"modified":"2025-04-25T17:41:16","modified_gmt":"2025-04-25T14:41:16","slug":"13-yasindaki-sefa-gozyaslari-arasinda-topraga-verildi","status":"publish","type":"post","link":"https:\/\/denizcankizil.tr\/de\/haberler\/antalya\/13-yasindaki-sefa-gozyaslari-arasinda-topraga-verildi\/","title":{"rendered":"13 ya\u015f\u0131ndaki Sefa, g\u00f6zya\u015flar\u0131 aras\u0131nda topra\u011fa verildi"},"content":{"rendered":"<p>\u00a0Serik il\u00e7esi Merkez Mahallesi Yaz\u0131r Mezarl\u0131\u011f\u0131&#8217;nda k\u0131l\u0131nan cenaze namaz\u0131na \u0130l\u00e7e Milli E\u011fitim M\u00fcd\u00fcr\u00fc \u0130kram Ekiz, Tekeli Ortaokul M\u00fcd\u00fcr\u00fc \u00d6zay Ala, \u00e7ocu\u011fun annesi, ablas\u0131 ve a\u011fabeyi ile okul arkada\u015flar\u0131 kat\u0131ld\u0131. Anne cenaze s\u0131ras\u0131nda, &#8220;O\u011flum ora senin yerin de\u011fil, benim yerim&#8221; diyerek g\u00f6zya\u015flar\u0131na hakim olamad\u0131.<\/p>\n<p>Kaynak: www.kanalv.com.tr Haber Sitesinden Al\u0131nm\u0131\u015ft\u0131r.<\/p>","protected":false},"excerpt":{"rendered":"<p>\u00a0Serik il\u00e7esi Merkez Mahallesi Yaz\u0131r Mezarl\u0131\u011f\u0131&#8217;nda k\u0131l\u0131nan cenaze namaz\u0131na \u0130l\u00e7e Milli E\u011fitim M\u00fcd\u00fcr\u00fc \u0130kram Ekiz, Tekeli Ortaokul M\u00fcd\u00fcr\u00fc \u00d6zay Ala, \u00e7ocu\u011fun annesi, ablas\u0131 ve a\u011fabeyi ile okul arkada\u015flar\u0131 kat\u0131ld\u0131. Anne cenaze s\u0131ras\u0131nda, &#8220;O\u011flum ora senin yerin de\u011fil, benim yerim&#8221; diyerek g\u00f6zya\u015flar\u0131na hakim olamad\u0131. Kaynak: www.kanalv.com.tr Haber Sitesinden Al\u0131nm\u0131\u015ft\u0131r.<\/p>","protected":false},"author":4,"featured_media":0,"comment_status":"","ping_status":"open","sticky":false,"template":"","format":"standard","meta":{"_acf_changed":false,"footnotes":""},"categories":[26],"tags":[],"class_list":["post-66180","post","type-post","status-publish","format-standard","hentry","category-antalya"],"acf":[],"yoast_head":"<!-- This site is optimized with the Yoast SEO Premium plugin v26.6 (Yoast SEO v27.1.1) - https:\/\/yoast.com\/product\/yoast-seo-premium-wordpress\/ -->\n<title>13 ya\u015f\u0131ndaki Sefa, g\u00f6zya\u015flar\u0131 aras\u0131nda topra\u011fa verildi - Av. Deniz Can K\u0131z\u0131l<\/title>\n<meta name=\"robots\" content=\"index, follow, max-snippet:-1, max-image-preview:large, max-video-preview:-1\" \/>\n<link rel=\"canonical\" href=\"https:\/\/denizcankizil.tr\/de\/haberler\/antalya\/13-yasindaki-sefa-gozyaslari-arasinda-topraga-verildi\/\" \/>\n<meta property=\"og:locale\" content=\"de_DE\" \/>\n<meta property=\"og:type\" content=\"article\" \/>\n<meta property=\"og:title\" content=\"13 ya\u015f\u0131ndaki Sefa, g\u00f6zya\u015flar\u0131 aras\u0131nda topra\u011fa verildi\" \/>\n<meta property=\"og:description\" content=\"\u00a0Serik il\u00e7esi Merkez Mahallesi Yaz\u0131r Mezarl\u0131\u011f\u0131&#8217;nda k\u0131l\u0131nan cenaze namaz\u0131na \u0130l\u00e7e Milli E\u011fitim M\u00fcd\u00fcr\u00fc \u0130kram Ekiz, Tekeli Ortaokul M\u00fcd\u00fcr\u00fc \u00d6zay Ala, \u00e7ocu\u011fun annesi, ablas\u0131 ve a\u011fabeyi ile okul arkada\u015flar\u0131 kat\u0131ld\u0131. Anne cenaze s\u0131ras\u0131nda, &#8220;O\u011flum ora senin yerin de\u011fil, benim yerim&#8221; diyerek g\u00f6zya\u015flar\u0131na hakim olamad\u0131. Kaynak: www.kanalv.com.tr Haber Sitesinden Al\u0131nm\u0131\u015ft\u0131r.\" \/>\n<meta property=\"og:url\" content=\"https:\/\/denizcankizil.tr\/de\/haberler\/antalya\/13-yasindaki-sefa-gozyaslari-arasinda-topraga-verildi\/\" \/>\n<meta property=\"og:site_name\" content=\"Av. Deniz Can K\u0131z\u0131l\" \/>\n<meta property=\"article:published_time\" content=\"2025-04-25T14:41:16+00:00\" \/>\n<meta name=\"author\" content=\"Av. Deniz Can K\u0131z\u0131l\" \/>\n<meta name=\"twitter:card\" content=\"summary_large_image\" \/>\n<meta name=\"twitter:label1\" content=\"Verfasst von\" \/>\n\t<meta name=\"twitter:data1\" content=\"Av. Deniz Can K\u0131z\u0131l\" \/>\n<script type=\"application\/ld+json\" class=\"yoast-schema-graph\">{\"@context\":\"https:\/\/schema.org\",\"@graph\":[{\"@type\":\"Article\",\"@id\":\"https:\/\/denizcankizil.tr\/de\/haberler\/antalya\/13-yasindaki-sefa-gozyaslari-arasinda-topraga-verildi\/#article\",\"isPartOf\":{\"@id\":\"https:\/\/denizcankizil.tr\/de\/haberler\/antalya\/13-yasindaki-sefa-gozyaslari-arasinda-topraga-verildi\/\"},\"author\":{\"name\":\"Av. Deniz Can K\u0131z\u0131l\",\"@id\":\"https:\/\/denizcankizil.tr\/de\/#\/schema\/person\/5dc1b22991bd7ac833867c10afc9b0ff\"},\"headline\":\"13 ya\u015f\u0131ndaki Sefa, g\u00f6zya\u015flar\u0131 aras\u0131nda topra\u011fa verildi\",\"datePublished\":\"2025-04-25T14:41:16+00:00\",\"mainEntityOfPage\":{\"@id\":\"https:\/\/denizcankizil.tr\/de\/haberler\/antalya\/13-yasindaki-sefa-gozyaslari-arasinda-topraga-verildi\/\"},\"wordCount\":88,\"publisher\":{\"@id\":\"https:\/\/denizcankizil.tr\/de\/#organization\"},\"articleSection\":[\"Antalya\"],\"inLanguage\":\"de\"},{\"@type\":\"WebPage\",\"@id\":\"https:\/\/denizcankizil.tr\/de\/haberler\/antalya\/13-yasindaki-sefa-gozyaslari-arasinda-topraga-verildi\/\",\"url\":\"https:\/\/denizcankizil.tr\/de\/haberler\/antalya\/13-yasindaki-sefa-gozyaslari-arasinda-topraga-verildi\/\",\"name\":\"13 ya\u015f\u0131ndaki Sefa, g\u00f6zya\u015flar\u0131 aras\u0131nda topra\u011fa verildi - Av. Deniz Can K\u0131z\u0131l\",\"isPartOf\":{\"@id\":\"https:\/\/denizcankizil.tr\/de\/#website\"},\"datePublished\":\"2025-04-25T14:41:16+00:00\",\"breadcrumb\":{\"@id\":\"https:\/\/denizcankizil.tr\/de\/haberler\/antalya\/13-yasindaki-sefa-gozyaslari-arasinda-topraga-verildi\/#breadcrumb\"},\"inLanguage\":\"de\",\"potentialAction\":[{\"@type\":\"ReadAction\",\"target\":[\"https:\/\/denizcankizil.tr\/de\/haberler\/antalya\/13-yasindaki-sefa-gozyaslari-arasinda-topraga-verildi\/\"]}]},{\"@type\":\"BreadcrumbList\",\"@id\":\"https:\/\/denizcankizil.tr\/de\/haberler\/antalya\/13-yasindaki-sefa-gozyaslari-arasinda-topraga-verildi\/#breadcrumb\",\"itemListElement\":[{\"@type\":\"ListItem\",\"position\":1,\"name\":\"Home\",\"item\":\"https:\/\/denizcankizil.tr\/de\/\"},{\"@type\":\"ListItem\",\"position\":2,\"name\":\"13 ya\u015f\u0131ndaki Sefa, g\u00f6zya\u015flar\u0131 aras\u0131nda topra\u011fa verildi\"}]},{\"@type\":\"WebSite\",\"@id\":\"https:\/\/denizcankizil.tr\/de\/#website\",\"url\":\"https:\/\/denizcankizil.tr\/de\/\",\"name\":\"Av. Deniz Can K\u0131z\u0131l\",\"description\":\"Avukat Deniz Can K\u0131z\u0131l Antalya Barosu\",\"publisher\":{\"@id\":\"https:\/\/denizcankizil.tr\/de\/#organization\"},\"potentialAction\":[{\"@type\":\"SearchAction\",\"target\":{\"@type\":\"EntryPoint\",\"urlTemplate\":\"https:\/\/denizcankizil.tr\/de\/?s={search_term_string}\"},\"query-input\":{\"@type\":\"PropertyValueSpecification\",\"valueRequired\":true,\"valueName\":\"search_term_string\"}}],\"inLanguage\":\"de\"},{\"@type\":\"Organization\",\"@id\":\"https:\/\/denizcankizil.tr\/de\/#organization\",\"name\":\"Av. Deniz Can K\u0131z\u0131l\",\"url\":\"https:\/\/denizcankizil.tr\/de\/\",\"logo\":{\"@type\":\"ImageObject\",\"inLanguage\":\"de\",\"@id\":\"https:\/\/denizcankizil.tr\/de\/#\/schema\/logo\/image\/\",\"url\":\"https:\/\/denizcankizil.tr\/wp-content\/uploads\/2024\/10\/siyah-logo-svg.svg\",\"contentUrl\":\"https:\/\/denizcankizil.tr\/wp-content\/uploads\/2024\/10\/siyah-logo-svg.svg\",\"width\":1080,\"height\":1080,\"caption\":\"Av. Deniz Can K\u0131z\u0131l\"},\"image\":{\"@id\":\"https:\/\/denizcankizil.tr\/de\/#\/schema\/logo\/image\/\"}},{\"@type\":\"Person\",\"@id\":\"https:\/\/denizcankizil.tr\/de\/#\/schema\/person\/5dc1b22991bd7ac833867c10afc9b0ff\",\"name\":\"Av. Deniz Can K\u0131z\u0131l\",\"image\":{\"@type\":\"ImageObject\",\"inLanguage\":\"de\",\"@id\":\"https:\/\/denizcankizil.tr\/de\/#\/schema\/person\/image\/\",\"url\":\"https:\/\/secure.gravatar.com\/avatar\/a0b128fb9855c79efc976d5640eedb31dc35ec297594d6016d2cf7c60e975bb6?s=96&d=mm&r=g\",\"contentUrl\":\"https:\/\/secure.gravatar.com\/avatar\/a0b128fb9855c79efc976d5640eedb31dc35ec297594d6016d2cf7c60e975bb6?s=96&d=mm&r=g\",\"caption\":\"Av. Deniz Can K\u0131z\u0131l\"},\"sameAs\":[\"http:\/\/www.denizcankizil.tr\"],\"url\":\"https:\/\/denizcankizil.tr\/de\/author\/denizcankizil\/\"}]}<\/script>\n<!-- \/ Yoast SEO Premium plugin. -->","yoast_head_json":{"title":"13 ya\u015f\u0131ndaki Sefa, g\u00f6zya\u015flar\u0131 aras\u0131nda topra\u011fa verildi - Av. Deniz Can K\u0131z\u0131l","robots":{"index":"index","follow":"follow","max-snippet":"max-snippet:-1","max-image-preview":"max-image-preview:large","max-video-preview":"max-video-preview:-1"},"canonical":"https:\/\/denizcankizil.tr\/de\/haberler\/antalya\/13-yasindaki-sefa-gozyaslari-arasinda-topraga-verildi\/","og_locale":"de_DE","og_type":"article","og_title":"13 ya\u015f\u0131ndaki Sefa, g\u00f6zya\u015flar\u0131 aras\u0131nda topra\u011fa verildi","og_description":"\u00a0Serik il\u00e7esi Merkez Mahallesi Yaz\u0131r Mezarl\u0131\u011f\u0131&#8217;nda k\u0131l\u0131nan cenaze namaz\u0131na \u0130l\u00e7e Milli E\u011fitim M\u00fcd\u00fcr\u00fc \u0130kram Ekiz, Tekeli Ortaokul M\u00fcd\u00fcr\u00fc \u00d6zay Ala, \u00e7ocu\u011fun annesi, ablas\u0131 ve a\u011fabeyi ile okul arkada\u015flar\u0131 kat\u0131ld\u0131. Anne cenaze s\u0131ras\u0131nda, &#8220;O\u011flum ora senin yerin de\u011fil, benim yerim&#8221; diyerek g\u00f6zya\u015flar\u0131na hakim olamad\u0131. Kaynak: www.kanalv.com.tr Haber Sitesinden Al\u0131nm\u0131\u015ft\u0131r.","og_url":"https:\/\/denizcankizil.tr\/de\/haberler\/antalya\/13-yasindaki-sefa-gozyaslari-arasinda-topraga-verildi\/","og_site_name":"Av. Deniz Can K\u0131z\u0131l","article_published_time":"2025-04-25T14:41:16+00:00","author":"Av. Deniz Can K\u0131z\u0131l","twitter_card":"summary_large_image","twitter_misc":{"Verfasst von":"Av. Deniz Can K\u0131z\u0131l"},"schema":{"@context":"https:\/\/schema.org","@graph":[{"@type":"Article","@id":"https:\/\/denizcankizil.tr\/de\/haberler\/antalya\/13-yasindaki-sefa-gozyaslari-arasinda-topraga-verildi\/#article","isPartOf":{"@id":"https:\/\/denizcankizil.tr\/de\/haberler\/antalya\/13-yasindaki-sefa-gozyaslari-arasinda-topraga-verildi\/"},"author":{"name":"Av. Deniz Can K\u0131z\u0131l","@id":"https:\/\/denizcankizil.tr\/de\/#\/schema\/person\/5dc1b22991bd7ac833867c10afc9b0ff"},"headline":"13 ya\u015f\u0131ndaki Sefa, g\u00f6zya\u015flar\u0131 aras\u0131nda topra\u011fa verildi","datePublished":"2025-04-25T14:41:16+00:00","mainEntityOfPage":{"@id":"https:\/\/denizcankizil.tr\/de\/haberler\/antalya\/13-yasindaki-sefa-gozyaslari-arasinda-topraga-verildi\/"},"wordCount":88,"publisher":{"@id":"https:\/\/denizcankizil.tr\/de\/#organization"},"articleSection":["Antalya"],"inLanguage":"de"},{"@type":"WebPage","@id":"https:\/\/denizcankizil.tr\/de\/haberler\/antalya\/13-yasindaki-sefa-gozyaslari-arasinda-topraga-verildi\/","url":"https:\/\/denizcankizil.tr\/de\/haberler\/antalya\/13-yasindaki-sefa-gozyaslari-arasinda-topraga-verildi\/","name":"13 ya\u015f\u0131ndaki Sefa, g\u00f6zya\u015flar\u0131 aras\u0131nda topra\u011fa verildi - Av. Deniz Can K\u0131z\u0131l","isPartOf":{"@id":"https:\/\/denizcankizil.tr\/de\/#website"},"datePublished":"2025-04-25T14:41:16+00:00","breadcrumb":{"@id":"https:\/\/denizcankizil.tr\/de\/haberler\/antalya\/13-yasindaki-sefa-gozyaslari-arasinda-topraga-verildi\/#breadcrumb"},"inLanguage":"de","potentialAction":[{"@type":"ReadAction","target":["https:\/\/denizcankizil.tr\/de\/haberler\/antalya\/13-yasindaki-sefa-gozyaslari-arasinda-topraga-verildi\/"]}]},{"@type":"BreadcrumbList","@id":"https:\/\/denizcankizil.tr\/de\/haberler\/antalya\/13-yasindaki-sefa-gozyaslari-arasinda-topraga-verildi\/#breadcrumb","itemListElement":[{"@type":"ListItem","position":1,"name":"Home","item":"https:\/\/denizcankizil.tr\/de\/"},{"@type":"ListItem","position":2,"name":"13 ya\u015f\u0131ndaki Sefa, g\u00f6zya\u015flar\u0131 aras\u0131nda topra\u011fa verildi"}]},{"@type":"WebSite","@id":"https:\/\/denizcankizil.tr\/de\/#website","url":"https:\/\/denizcankizil.tr\/de\/","name":"Av. Deniz Can K\u0131z\u0131l","description":"Avukat Deniz Can K\u0131z\u0131l Antalya Barosu","publisher":{"@id":"https:\/\/denizcankizil.tr\/de\/#organization"},"potentialAction":[{"@type":"SearchAction","target":{"@type":"EntryPoint","urlTemplate":"https:\/\/denizcankizil.tr\/de\/?s={search_term_string}"},"query-input":{"@type":"PropertyValueSpecification","valueRequired":true,"valueName":"search_term_string"}}],"inLanguage":"de"},{"@type":"Organization","@id":"https:\/\/denizcankizil.tr\/de\/#organization","name":"Av. Deniz Can K\u0131z\u0131l","url":"https:\/\/denizcankizil.tr\/de\/","logo":{"@type":"ImageObject","inLanguage":"de","@id":"https:\/\/denizcankizil.tr\/de\/#\/schema\/logo\/image\/","url":"https:\/\/denizcankizil.tr\/wp-content\/uploads\/2024\/10\/siyah-logo-svg.svg","contentUrl":"https:\/\/denizcankizil.tr\/wp-content\/uploads\/2024\/10\/siyah-logo-svg.svg","width":1080,"height":1080,"caption":"Av. Deniz Can K\u0131z\u0131l"},"image":{"@id":"https:\/\/denizcankizil.tr\/de\/#\/schema\/logo\/image\/"}},{"@type":"Person","@id":"https:\/\/denizcankizil.tr\/de\/#\/schema\/person\/5dc1b22991bd7ac833867c10afc9b0ff","name":"Av. Deniz Can K\u0131z\u0131l","image":{"@type":"ImageObject","inLanguage":"de","@id":"https:\/\/denizcankizil.tr\/de\/#\/schema\/person\/image\/","url":"https:\/\/secure.gravatar.com\/avatar\/a0b128fb9855c79efc976d5640eedb31dc35ec297594d6016d2cf7c60e975bb6?s=96&d=mm&r=g","contentUrl":"https:\/\/secure.gravatar.com\/avatar\/a0b128fb9855c79efc976d5640eedb31dc35ec297594d6016d2cf7c60e975bb6?s=96&d=mm&r=g","caption":"Av. Deniz Can K\u0131z\u0131l"},"sameAs":["http:\/\/www.denizcankizil.tr"],"url":"https:\/\/denizcankizil.tr\/de\/author\/denizcankizil\/"}]}},"_links":{"self":[{"href":"https:\/\/denizcankizil.tr\/de\/wp-json\/wp\/v2\/posts\/66180","targetHints":{"allow":["GET"]}}],"collection":[{"href":"https:\/\/denizcankizil.tr\/de\/wp-json\/wp\/v2\/posts"}],"about":[{"href":"https:\/\/denizcankizil.tr\/de\/wp-json\/wp\/v2\/types\/post"}],"author":[{"embeddable":true,"href":"https:\/\/denizcankizil.tr\/de\/wp-json\/wp\/v2\/users\/4"}],"replies":[{"embeddable":true,"href":"https:\/\/denizcankizil.tr\/de\/wp-json\/wp\/v2\/comments?post=66180"}],"version-history":[{"count":0,"href":"https:\/\/denizcankizil.tr\/de\/wp-json\/wp\/v2\/posts\/66180\/revisions"}],"wp:attachment":[{"href":"https:\/\/denizcankizil.tr\/de\/wp-json\/wp\/v2\/media?parent=66180"}],"wp:term":[{"taxonomy":"category","embeddable":true,"href":"https:\/\/denizcankizil.tr\/de\/wp-json\/wp\/v2\/categories?post=66180"},{"taxonomy":"post_tag","embeddable":true,"href":"https:\/\/denizcankizil.tr\/de\/wp-json\/wp\/v2\/tags?post=66180"}],"curies":[{"name":"wp","href":"https:\/\/api.w.org\/{rel}","templated":true}]}}