{"id":65905,"date":"2025-04-25T11:41:15","date_gmt":"2025-04-25T08:41:15","guid":{"rendered":"https:\/\/denizcankizil.tr\/uncategorized-tr\/dolu-yagisi-seralara-zarar-verdi\/"},"modified":"2025-04-25T11:41:15","modified_gmt":"2025-04-25T08:41:15","slug":"dolu-yagisi-seralara-zarar-verdi","status":"publish","type":"post","link":"https:\/\/denizcankizil.tr\/de\/haberler\/antalya\/dolu-yagisi-seralara-zarar-verdi\/","title":{"rendered":"Dolu ya\u011f\u0131\u015f\u0131 seralara zarar verdi"},"content":{"rendered":"<p>Serik&#8217;e ba\u011fl\u0131 Alacami Mahallesi&#8217;nde ak\u015fam saatlerinde ormanl\u0131k alana d\u00fc\u015fen y\u0131ld\u0131r\u0131m, \u00e7am a\u011fa\u00e7lar\u0131n\u0131n bulundu\u011fu noktada yang\u0131na neden oldu. Alevlerin y\u00fckseldi\u011fi anlar \u00e7evredeki vatanda\u015flar taraf\u0131ndan cep telefonuyla kaydedildi. \u0130hbar \u00fczerine b\u00f6lgeye itfaiye ekipleri y\u00f6nlendirildi. Ancak ekipler olay yerine ula\u015fmadan hemen \u00f6nce ba\u015flayan yo\u011fun dolu ya\u011f\u0131\u015f\u0131, alevleri k\u0131sa s\u00fcrede bast\u0131rarak yang\u0131n\u0131n b\u00fcy\u00fcmesini \u00f6nledi. Dolu ya\u011f\u0131\u015f\u0131n\u0131n devam etmesinin ard\u0131ndan il\u00e7edeki bir \u00e7ok sera ve tar\u0131m arazileri de zarar g\u00f6rd\u00fc. Mahsulleri de zarar g\u00f6ren \u00e7ift\u00e7iler, sabah uyand\u0131klar\u0131nda neye u\u011frad\u0131\u011f\u0131n\u0131 \u015fa\u015f\u0131rd\u0131.<\/p>\n<p>&#8220;Dolu ya\u011f\u0131\u015f\u0131ndan dolay\u0131 d\u0131\u015far\u0131 \u00e7\u0131kamad\u0131k&#8221;<br \/>\n\u00dcr\u00fcnl\u00fc Mahallesi&#8217;nde cam seras\u0131 ve \u00fcr\u00fcnleri zarar g\u00f6ren \u00e7ift\u00e7ilerden Arif I\u015f\u0131k, &#8220;Doludan d\u0131\u015far\u0131 \u00e7\u0131kamad\u0131k. \u00c7ok \u015fiddetli yap\u0131yordu. Sabah geldi\u011fimizde seralar\u0131m\u0131zda zarar\u0131 g\u00f6rd\u00fck. Kavun ve karpuzlar\u0131m\u0131z da zarar g\u00f6rm\u00fc\u015f. Yakla\u015f\u0131k 5 d\u00f6n\u00fcm seramda zarar var&#8221; dedi.<br \/>\nBir di\u011fer \u00e7ift\u00e7i Bayram Boyatan ise, arazinde zarar oldu\u011funu belirterek, &#8220;B\u00fct\u00fcn eme\u011fimiz gitti. Kurban Bayram\u0131&#8217;ndan sonra hasat d\u00fc\u015f\u00fcn\u00fcyorduk. 10-12 d\u00f6n\u00fcme karpuz ekmi\u015ftim, hepsi gitti. Yapacak bir \u015fey yok, Allah&#8217;tan gelen bir \u015fey&#8221; diye konu\u015ftu.<\/p>\n<p>Kaynak: www.kanalv.com.tr Haber Sitesinden Al\u0131nm\u0131\u015ft\u0131r.<\/p>","protected":false},"excerpt":{"rendered":"<p>Serik&#8217;e ba\u011fl\u0131 Alacami Mahallesi&#8217;nde ak\u015fam saatlerinde ormanl\u0131k alana d\u00fc\u015fen y\u0131ld\u0131r\u0131m, \u00e7am a\u011fa\u00e7lar\u0131n\u0131n bulundu\u011fu noktada yang\u0131na neden oldu. Alevlerin y\u00fckseldi\u011fi anlar \u00e7evredeki vatanda\u015flar taraf\u0131ndan cep telefonuyla kaydedildi. \u0130hbar \u00fczerine b\u00f6lgeye itfaiye ekipleri y\u00f6nlendirildi. Ancak ekipler olay yerine ula\u015fmadan hemen \u00f6nce ba\u015flayan yo\u011fun dolu ya\u011f\u0131\u015f\u0131, alevleri k\u0131sa s\u00fcrede bast\u0131rarak yang\u0131n\u0131n b\u00fcy\u00fcmesini \u00f6nledi. Dolu ya\u011f\u0131\u015f\u0131n\u0131n devam etmesinin ard\u0131ndan il\u00e7edeki bir \u00e7ok sera ve tar\u0131m arazileri de zarar g\u00f6rd\u00fc. Mahsulleri de zarar g\u00f6ren \u00e7ift\u00e7iler, sabah uyand\u0131klar\u0131nda neye u\u011frad\u0131\u011f\u0131n\u0131 \u015fa\u015f\u0131rd\u0131. &#8220;Dolu ya\u011f\u0131\u015f\u0131ndan dolay\u0131 d\u0131\u015far\u0131 \u00e7\u0131kamad\u0131k&#8221; \u00dcr\u00fcnl\u00fc Mahallesi&#8217;nde cam seras\u0131 ve \u00fcr\u00fcnleri zarar g\u00f6ren \u00e7ift\u00e7ilerden Arif I\u015f\u0131k, &#8220;Doludan d\u0131\u015far\u0131 \u00e7\u0131kamad\u0131k. \u00c7ok \u015fiddetli yap\u0131yordu. Sabah geldi\u011fimizde seralar\u0131m\u0131zda zarar\u0131 g\u00f6rd\u00fck. Kavun ve karpuzlar\u0131m\u0131z da zarar g\u00f6rm\u00fc\u015f. Yakla\u015f\u0131k 5 d\u00f6n\u00fcm seramda zarar var&#8221; dedi. Bir di\u011fer \u00e7ift\u00e7i Bayram Boyatan ise, arazinde zarar oldu\u011funu belirterek, &#8220;B\u00fct\u00fcn eme\u011fimiz gitti. Kurban Bayram\u0131&#8217;ndan sonra hasat d\u00fc\u015f\u00fcn\u00fcyorduk. 10-12 d\u00f6n\u00fcme karpuz ekmi\u015ftim, hepsi gitti. Yapacak bir \u015fey yok, Allah&#8217;tan gelen bir \u015fey&#8221; diye konu\u015ftu. Kaynak: www.kanalv.com.tr Haber Sitesinden Al\u0131nm\u0131\u015ft\u0131r.<\/p>","protected":false},"author":4,"featured_media":0,"comment_status":"","ping_status":"open","sticky":false,"template":"","format":"standard","meta":{"_acf_changed":false,"footnotes":""},"categories":[26],"tags":[],"class_list":["post-65905","post","type-post","status-publish","format-standard","hentry","category-antalya"],"acf":[],"yoast_head":"<!-- This site is optimized with the Yoast SEO Premium plugin v26.6 (Yoast SEO v27.1.1) - https:\/\/yoast.com\/product\/yoast-seo-premium-wordpress\/ -->\n<title>Dolu ya\u011f\u0131\u015f\u0131 seralara zarar verdi - Av. Deniz Can K\u0131z\u0131l<\/title>\n<meta name=\"robots\" content=\"index, follow, max-snippet:-1, max-image-preview:large, max-video-preview:-1\" \/>\n<link rel=\"canonical\" href=\"https:\/\/denizcankizil.tr\/de\/haberler\/antalya\/dolu-yagisi-seralara-zarar-verdi\/\" \/>\n<meta property=\"og:locale\" content=\"de_DE\" \/>\n<meta property=\"og:type\" content=\"article\" \/>\n<meta property=\"og:title\" content=\"Dolu ya\u011f\u0131\u015f\u0131 seralara zarar verdi\" \/>\n<meta property=\"og:description\" content=\"Serik&#8217;e ba\u011fl\u0131 Alacami Mahallesi&#8217;nde ak\u015fam saatlerinde ormanl\u0131k alana d\u00fc\u015fen y\u0131ld\u0131r\u0131m, \u00e7am a\u011fa\u00e7lar\u0131n\u0131n bulundu\u011fu noktada yang\u0131na neden oldu. Alevlerin y\u00fckseldi\u011fi anlar \u00e7evredeki vatanda\u015flar taraf\u0131ndan cep telefonuyla kaydedildi. \u0130hbar \u00fczerine b\u00f6lgeye itfaiye ekipleri y\u00f6nlendirildi. Ancak ekipler olay yerine ula\u015fmadan hemen \u00f6nce ba\u015flayan yo\u011fun dolu ya\u011f\u0131\u015f\u0131, alevleri k\u0131sa s\u00fcrede bast\u0131rarak yang\u0131n\u0131n b\u00fcy\u00fcmesini \u00f6nledi. Dolu ya\u011f\u0131\u015f\u0131n\u0131n devam etmesinin ard\u0131ndan il\u00e7edeki bir \u00e7ok sera ve tar\u0131m arazileri de zarar g\u00f6rd\u00fc. Mahsulleri de zarar g\u00f6ren \u00e7ift\u00e7iler, sabah uyand\u0131klar\u0131nda neye u\u011frad\u0131\u011f\u0131n\u0131 \u015fa\u015f\u0131rd\u0131. &#8220;Dolu ya\u011f\u0131\u015f\u0131ndan dolay\u0131 d\u0131\u015far\u0131 \u00e7\u0131kamad\u0131k&#8221; \u00dcr\u00fcnl\u00fc Mahallesi&#8217;nde cam seras\u0131 ve \u00fcr\u00fcnleri zarar g\u00f6ren \u00e7ift\u00e7ilerden Arif I\u015f\u0131k, &#8220;Doludan d\u0131\u015far\u0131 \u00e7\u0131kamad\u0131k. \u00c7ok \u015fiddetli yap\u0131yordu. Sabah geldi\u011fimizde seralar\u0131m\u0131zda zarar\u0131 g\u00f6rd\u00fck. Kavun ve karpuzlar\u0131m\u0131z da zarar g\u00f6rm\u00fc\u015f. Yakla\u015f\u0131k 5 d\u00f6n\u00fcm seramda zarar var&#8221; dedi. Bir di\u011fer \u00e7ift\u00e7i Bayram Boyatan ise, arazinde zarar oldu\u011funu belirterek, &#8220;B\u00fct\u00fcn eme\u011fimiz gitti. Kurban Bayram\u0131&#8217;ndan sonra hasat d\u00fc\u015f\u00fcn\u00fcyorduk. 10-12 d\u00f6n\u00fcme karpuz ekmi\u015ftim, hepsi gitti. Yapacak bir \u015fey yok, Allah&#8217;tan gelen bir \u015fey&#8221; diye konu\u015ftu. Kaynak: www.kanalv.com.tr Haber Sitesinden Al\u0131nm\u0131\u015ft\u0131r.\" \/>\n<meta property=\"og:url\" content=\"https:\/\/denizcankizil.tr\/de\/haberler\/antalya\/dolu-yagisi-seralara-zarar-verdi\/\" \/>\n<meta property=\"og:site_name\" content=\"Av. Deniz Can K\u0131z\u0131l\" \/>\n<meta property=\"article:published_time\" content=\"2025-04-25T08:41:15+00:00\" \/>\n<meta name=\"author\" content=\"Av. Deniz Can K\u0131z\u0131l\" \/>\n<meta name=\"twitter:card\" content=\"summary_large_image\" \/>\n<meta name=\"twitter:label1\" content=\"Verfasst von\" \/>\n\t<meta name=\"twitter:data1\" content=\"Av. Deniz Can K\u0131z\u0131l\" \/>\n\t<meta name=\"twitter:label2\" content=\"Gesch\u00e4tzte Lesezeit\" \/>\n\t<meta name=\"twitter:data2\" content=\"1\u00a0Minute\" \/>\n<script type=\"application\/ld+json\" class=\"yoast-schema-graph\">{\"@context\":\"https:\/\/schema.org\",\"@graph\":[{\"@type\":\"Article\",\"@id\":\"https:\/\/denizcankizil.tr\/de\/haberler\/antalya\/dolu-yagisi-seralara-zarar-verdi\/#article\",\"isPartOf\":{\"@id\":\"https:\/\/denizcankizil.tr\/de\/haberler\/antalya\/dolu-yagisi-seralara-zarar-verdi\/\"},\"author\":{\"name\":\"Av. Deniz Can K\u0131z\u0131l\",\"@id\":\"https:\/\/denizcankizil.tr\/de\/#\/schema\/person\/5dc1b22991bd7ac833867c10afc9b0ff\"},\"headline\":\"Dolu ya\u011f\u0131\u015f\u0131 seralara zarar verdi\",\"datePublished\":\"2025-04-25T08:41:15+00:00\",\"mainEntityOfPage\":{\"@id\":\"https:\/\/denizcankizil.tr\/de\/haberler\/antalya\/dolu-yagisi-seralara-zarar-verdi\/\"},\"wordCount\":245,\"publisher\":{\"@id\":\"https:\/\/denizcankizil.tr\/de\/#organization\"},\"articleSection\":[\"Antalya\"],\"inLanguage\":\"de\"},{\"@type\":\"WebPage\",\"@id\":\"https:\/\/denizcankizil.tr\/de\/haberler\/antalya\/dolu-yagisi-seralara-zarar-verdi\/\",\"url\":\"https:\/\/denizcankizil.tr\/de\/haberler\/antalya\/dolu-yagisi-seralara-zarar-verdi\/\",\"name\":\"Dolu ya\u011f\u0131\u015f\u0131 seralara zarar verdi - Av. Deniz Can K\u0131z\u0131l\",\"isPartOf\":{\"@id\":\"https:\/\/denizcankizil.tr\/de\/#website\"},\"datePublished\":\"2025-04-25T08:41:15+00:00\",\"breadcrumb\":{\"@id\":\"https:\/\/denizcankizil.tr\/de\/haberler\/antalya\/dolu-yagisi-seralara-zarar-verdi\/#breadcrumb\"},\"inLanguage\":\"de\",\"potentialAction\":[{\"@type\":\"ReadAction\",\"target\":[\"https:\/\/denizcankizil.tr\/de\/haberler\/antalya\/dolu-yagisi-seralara-zarar-verdi\/\"]}]},{\"@type\":\"BreadcrumbList\",\"@id\":\"https:\/\/denizcankizil.tr\/de\/haberler\/antalya\/dolu-yagisi-seralara-zarar-verdi\/#breadcrumb\",\"itemListElement\":[{\"@type\":\"ListItem\",\"position\":1,\"name\":\"Home\",\"item\":\"https:\/\/denizcankizil.tr\/de\/\"},{\"@type\":\"ListItem\",\"position\":2,\"name\":\"Dolu ya\u011f\u0131\u015f\u0131 seralara zarar verdi\"}]},{\"@type\":\"WebSite\",\"@id\":\"https:\/\/denizcankizil.tr\/de\/#website\",\"url\":\"https:\/\/denizcankizil.tr\/de\/\",\"name\":\"Av. Deniz Can K\u0131z\u0131l\",\"description\":\"Avukat Deniz Can K\u0131z\u0131l Antalya Barosu\",\"publisher\":{\"@id\":\"https:\/\/denizcankizil.tr\/de\/#organization\"},\"potentialAction\":[{\"@type\":\"SearchAction\",\"target\":{\"@type\":\"EntryPoint\",\"urlTemplate\":\"https:\/\/denizcankizil.tr\/de\/?s={search_term_string}\"},\"query-input\":{\"@type\":\"PropertyValueSpecification\",\"valueRequired\":true,\"valueName\":\"search_term_string\"}}],\"inLanguage\":\"de\"},{\"@type\":\"Organization\",\"@id\":\"https:\/\/denizcankizil.tr\/de\/#organization\",\"name\":\"Av. Deniz Can K\u0131z\u0131l\",\"url\":\"https:\/\/denizcankizil.tr\/de\/\",\"logo\":{\"@type\":\"ImageObject\",\"inLanguage\":\"de\",\"@id\":\"https:\/\/denizcankizil.tr\/de\/#\/schema\/logo\/image\/\",\"url\":\"https:\/\/denizcankizil.tr\/wp-content\/uploads\/2024\/10\/siyah-logo-svg.svg\",\"contentUrl\":\"https:\/\/denizcankizil.tr\/wp-content\/uploads\/2024\/10\/siyah-logo-svg.svg\",\"width\":1080,\"height\":1080,\"caption\":\"Av. Deniz Can K\u0131z\u0131l\"},\"image\":{\"@id\":\"https:\/\/denizcankizil.tr\/de\/#\/schema\/logo\/image\/\"}},{\"@type\":\"Person\",\"@id\":\"https:\/\/denizcankizil.tr\/de\/#\/schema\/person\/5dc1b22991bd7ac833867c10afc9b0ff\",\"name\":\"Av. Deniz Can K\u0131z\u0131l\",\"image\":{\"@type\":\"ImageObject\",\"inLanguage\":\"de\",\"@id\":\"https:\/\/denizcankizil.tr\/de\/#\/schema\/person\/image\/\",\"url\":\"https:\/\/secure.gravatar.com\/avatar\/a0b128fb9855c79efc976d5640eedb31dc35ec297594d6016d2cf7c60e975bb6?s=96&d=mm&r=g\",\"contentUrl\":\"https:\/\/secure.gravatar.com\/avatar\/a0b128fb9855c79efc976d5640eedb31dc35ec297594d6016d2cf7c60e975bb6?s=96&d=mm&r=g\",\"caption\":\"Av. Deniz Can K\u0131z\u0131l\"},\"sameAs\":[\"http:\/\/www.denizcankizil.tr\"],\"url\":\"https:\/\/denizcankizil.tr\/de\/author\/denizcankizil\/\"}]}<\/script>\n<!-- \/ Yoast SEO Premium plugin. -->","yoast_head_json":{"title":"Dolu ya\u011f\u0131\u015f\u0131 seralara zarar verdi - Av. Deniz Can K\u0131z\u0131l","robots":{"index":"index","follow":"follow","max-snippet":"max-snippet:-1","max-image-preview":"max-image-preview:large","max-video-preview":"max-video-preview:-1"},"canonical":"https:\/\/denizcankizil.tr\/de\/haberler\/antalya\/dolu-yagisi-seralara-zarar-verdi\/","og_locale":"de_DE","og_type":"article","og_title":"Dolu ya\u011f\u0131\u015f\u0131 seralara zarar verdi","og_description":"Serik&#8217;e ba\u011fl\u0131 Alacami Mahallesi&#8217;nde ak\u015fam saatlerinde ormanl\u0131k alana d\u00fc\u015fen y\u0131ld\u0131r\u0131m, \u00e7am a\u011fa\u00e7lar\u0131n\u0131n bulundu\u011fu noktada yang\u0131na neden oldu. Alevlerin y\u00fckseldi\u011fi anlar \u00e7evredeki vatanda\u015flar taraf\u0131ndan cep telefonuyla kaydedildi. \u0130hbar \u00fczerine b\u00f6lgeye itfaiye ekipleri y\u00f6nlendirildi. Ancak ekipler olay yerine ula\u015fmadan hemen \u00f6nce ba\u015flayan yo\u011fun dolu ya\u011f\u0131\u015f\u0131, alevleri k\u0131sa s\u00fcrede bast\u0131rarak yang\u0131n\u0131n b\u00fcy\u00fcmesini \u00f6nledi. Dolu ya\u011f\u0131\u015f\u0131n\u0131n devam etmesinin ard\u0131ndan il\u00e7edeki bir \u00e7ok sera ve tar\u0131m arazileri de zarar g\u00f6rd\u00fc. Mahsulleri de zarar g\u00f6ren \u00e7ift\u00e7iler, sabah uyand\u0131klar\u0131nda neye u\u011frad\u0131\u011f\u0131n\u0131 \u015fa\u015f\u0131rd\u0131. &#8220;Dolu ya\u011f\u0131\u015f\u0131ndan dolay\u0131 d\u0131\u015far\u0131 \u00e7\u0131kamad\u0131k&#8221; \u00dcr\u00fcnl\u00fc Mahallesi&#8217;nde cam seras\u0131 ve \u00fcr\u00fcnleri zarar g\u00f6ren \u00e7ift\u00e7ilerden Arif I\u015f\u0131k, &#8220;Doludan d\u0131\u015far\u0131 \u00e7\u0131kamad\u0131k. \u00c7ok \u015fiddetli yap\u0131yordu. Sabah geldi\u011fimizde seralar\u0131m\u0131zda zarar\u0131 g\u00f6rd\u00fck. Kavun ve karpuzlar\u0131m\u0131z da zarar g\u00f6rm\u00fc\u015f. Yakla\u015f\u0131k 5 d\u00f6n\u00fcm seramda zarar var&#8221; dedi. Bir di\u011fer \u00e7ift\u00e7i Bayram Boyatan ise, arazinde zarar oldu\u011funu belirterek, &#8220;B\u00fct\u00fcn eme\u011fimiz gitti. Kurban Bayram\u0131&#8217;ndan sonra hasat d\u00fc\u015f\u00fcn\u00fcyorduk. 10-12 d\u00f6n\u00fcme karpuz ekmi\u015ftim, hepsi gitti. Yapacak bir \u015fey yok, Allah&#8217;tan gelen bir \u015fey&#8221; diye konu\u015ftu. Kaynak: www.kanalv.com.tr Haber Sitesinden Al\u0131nm\u0131\u015ft\u0131r.","og_url":"https:\/\/denizcankizil.tr\/de\/haberler\/antalya\/dolu-yagisi-seralara-zarar-verdi\/","og_site_name":"Av. Deniz Can K\u0131z\u0131l","article_published_time":"2025-04-25T08:41:15+00:00","author":"Av. Deniz Can K\u0131z\u0131l","twitter_card":"summary_large_image","twitter_misc":{"Verfasst von":"Av. Deniz Can K\u0131z\u0131l","Gesch\u00e4tzte Lesezeit":"1\u00a0Minute"},"schema":{"@context":"https:\/\/schema.org","@graph":[{"@type":"Article","@id":"https:\/\/denizcankizil.tr\/de\/haberler\/antalya\/dolu-yagisi-seralara-zarar-verdi\/#article","isPartOf":{"@id":"https:\/\/denizcankizil.tr\/de\/haberler\/antalya\/dolu-yagisi-seralara-zarar-verdi\/"},"author":{"name":"Av. Deniz Can K\u0131z\u0131l","@id":"https:\/\/denizcankizil.tr\/de\/#\/schema\/person\/5dc1b22991bd7ac833867c10afc9b0ff"},"headline":"Dolu ya\u011f\u0131\u015f\u0131 seralara zarar verdi","datePublished":"2025-04-25T08:41:15+00:00","mainEntityOfPage":{"@id":"https:\/\/denizcankizil.tr\/de\/haberler\/antalya\/dolu-yagisi-seralara-zarar-verdi\/"},"wordCount":245,"publisher":{"@id":"https:\/\/denizcankizil.tr\/de\/#organization"},"articleSection":["Antalya"],"inLanguage":"de"},{"@type":"WebPage","@id":"https:\/\/denizcankizil.tr\/de\/haberler\/antalya\/dolu-yagisi-seralara-zarar-verdi\/","url":"https:\/\/denizcankizil.tr\/de\/haberler\/antalya\/dolu-yagisi-seralara-zarar-verdi\/","name":"Dolu ya\u011f\u0131\u015f\u0131 seralara zarar verdi - Av. Deniz Can K\u0131z\u0131l","isPartOf":{"@id":"https:\/\/denizcankizil.tr\/de\/#website"},"datePublished":"2025-04-25T08:41:15+00:00","breadcrumb":{"@id":"https:\/\/denizcankizil.tr\/de\/haberler\/antalya\/dolu-yagisi-seralara-zarar-verdi\/#breadcrumb"},"inLanguage":"de","potentialAction":[{"@type":"ReadAction","target":["https:\/\/denizcankizil.tr\/de\/haberler\/antalya\/dolu-yagisi-seralara-zarar-verdi\/"]}]},{"@type":"BreadcrumbList","@id":"https:\/\/denizcankizil.tr\/de\/haberler\/antalya\/dolu-yagisi-seralara-zarar-verdi\/#breadcrumb","itemListElement":[{"@type":"ListItem","position":1,"name":"Home","item":"https:\/\/denizcankizil.tr\/de\/"},{"@type":"ListItem","position":2,"name":"Dolu ya\u011f\u0131\u015f\u0131 seralara zarar verdi"}]},{"@type":"WebSite","@id":"https:\/\/denizcankizil.tr\/de\/#website","url":"https:\/\/denizcankizil.tr\/de\/","name":"Av. Deniz Can K\u0131z\u0131l","description":"Avukat Deniz Can K\u0131z\u0131l Antalya Barosu","publisher":{"@id":"https:\/\/denizcankizil.tr\/de\/#organization"},"potentialAction":[{"@type":"SearchAction","target":{"@type":"EntryPoint","urlTemplate":"https:\/\/denizcankizil.tr\/de\/?s={search_term_string}"},"query-input":{"@type":"PropertyValueSpecification","valueRequired":true,"valueName":"search_term_string"}}],"inLanguage":"de"},{"@type":"Organization","@id":"https:\/\/denizcankizil.tr\/de\/#organization","name":"Av. Deniz Can K\u0131z\u0131l","url":"https:\/\/denizcankizil.tr\/de\/","logo":{"@type":"ImageObject","inLanguage":"de","@id":"https:\/\/denizcankizil.tr\/de\/#\/schema\/logo\/image\/","url":"https:\/\/denizcankizil.tr\/wp-content\/uploads\/2024\/10\/siyah-logo-svg.svg","contentUrl":"https:\/\/denizcankizil.tr\/wp-content\/uploads\/2024\/10\/siyah-logo-svg.svg","width":1080,"height":1080,"caption":"Av. Deniz Can K\u0131z\u0131l"},"image":{"@id":"https:\/\/denizcankizil.tr\/de\/#\/schema\/logo\/image\/"}},{"@type":"Person","@id":"https:\/\/denizcankizil.tr\/de\/#\/schema\/person\/5dc1b22991bd7ac833867c10afc9b0ff","name":"Av. Deniz Can K\u0131z\u0131l","image":{"@type":"ImageObject","inLanguage":"de","@id":"https:\/\/denizcankizil.tr\/de\/#\/schema\/person\/image\/","url":"https:\/\/secure.gravatar.com\/avatar\/a0b128fb9855c79efc976d5640eedb31dc35ec297594d6016d2cf7c60e975bb6?s=96&d=mm&r=g","contentUrl":"https:\/\/secure.gravatar.com\/avatar\/a0b128fb9855c79efc976d5640eedb31dc35ec297594d6016d2cf7c60e975bb6?s=96&d=mm&r=g","caption":"Av. Deniz Can K\u0131z\u0131l"},"sameAs":["http:\/\/www.denizcankizil.tr"],"url":"https:\/\/denizcankizil.tr\/de\/author\/denizcankizil\/"}]}},"_links":{"self":[{"href":"https:\/\/denizcankizil.tr\/de\/wp-json\/wp\/v2\/posts\/65905","targetHints":{"allow":["GET"]}}],"collection":[{"href":"https:\/\/denizcankizil.tr\/de\/wp-json\/wp\/v2\/posts"}],"about":[{"href":"https:\/\/denizcankizil.tr\/de\/wp-json\/wp\/v2\/types\/post"}],"author":[{"embeddable":true,"href":"https:\/\/denizcankizil.tr\/de\/wp-json\/wp\/v2\/users\/4"}],"replies":[{"embeddable":true,"href":"https:\/\/denizcankizil.tr\/de\/wp-json\/wp\/v2\/comments?post=65905"}],"version-history":[{"count":0,"href":"https:\/\/denizcankizil.tr\/de\/wp-json\/wp\/v2\/posts\/65905\/revisions"}],"wp:attachment":[{"href":"https:\/\/denizcankizil.tr\/de\/wp-json\/wp\/v2\/media?parent=65905"}],"wp:term":[{"taxonomy":"category","embeddable":true,"href":"https:\/\/denizcankizil.tr\/de\/wp-json\/wp\/v2\/categories?post=65905"},{"taxonomy":"post_tag","embeddable":true,"href":"https:\/\/denizcankizil.tr\/de\/wp-json\/wp\/v2\/tags?post=65905"}],"curies":[{"name":"wp","href":"https:\/\/api.w.org\/{rel}","templated":true}]}}