{"id":6586,"date":"2024-10-22T13:45:38","date_gmt":"2024-10-22T10:45:38","guid":{"rendered":"https:\/\/denizcankizil.tr\/uncategorized-tr\/antalyalilar-careyi-iki-tekerde-buldu\/"},"modified":"2024-10-22T13:45:38","modified_gmt":"2024-10-22T10:45:38","slug":"antalyalilar-careyi-iki-tekerde-buldu","status":"publish","type":"post","link":"https:\/\/denizcankizil.tr\/de\/haberler\/gundem\/antalyalilar-careyi-iki-tekerde-buldu\/","title":{"rendered":"Antalyal\u0131lar \u00e7areyi iki tekerde buldu"},"content":{"rendered":"<p>T\u00fcrkiye \u0130statistik Kurumu (T\u00dc\u0130K)\u2019in a\u00e7\u0131klad\u0131\u011f\u0131 verilere g\u00f6re 2024 y\u0131l\u0131n Eyl\u00fcl ay\u0131nda trafi\u011fe kayd\u0131 yap\u0131lan motorlu ara\u00e7 say\u0131s\u0131, ge\u00e7en y\u0131l\u0131n ayn\u0131 ay\u0131na g\u00f6re y\u00fczde 6,9 oran\u0131nda artt\u0131. Ge\u00e7en aya g\u00f6reyse art\u0131\u015f y\u00fczde 0,5 olarak kayda ge\u00e7ti. Ara\u00e7larda en \u00e7ok tercih edilen rengin ise gri oldu\u011fu a\u00e7\u0131kland\u0131.\u00a0<\/p>\n<p>ANTALYA\u2019DA TRAF\u0130\u011eE KAYITLI ARA\u00c7 SAYISI 1 M\u0130LYONU GE\u00c7T\u0130\u00a0<\/p>\n<p>Antalya\u2019da trafi\u011fe kay\u0131tl\u0131 motorlu ta\u015f\u0131t say\u0131s\u0131 ise toplam 1 milyon 540 bin 456 olarak a\u00e7\u0131kland\u0131. Trafi\u011fe kay\u0131tl\u0131 otomobil say\u0131s\u0131 693 bin 761 olarak a\u00e7\u0131klan\u0131rken, motosikletli ara\u00e7lar\u0131n say\u0131s\u0131 ise 478 bin 524 olarak belirlendi. Antalya T\u00fcrkiye\u2019de en fazla otomobile sahip 4\u2019\u00fcnc\u00fc kent olurken, motosiklet say\u0131s\u0131nda ise \u0130stanbul\u2019un arkas\u0131nda kalarak 2\u2019inci s\u0131rada yer ald\u0131.\u00a0<\/p>\n<p>ANTALYA\u2019DA MOTOS\u0130KLETE RA\u011eBET B\u00dcY\u00dcK\u00a0<\/p>\n<p>Antalya\u2019da trafi\u011fe kay\u0131tl\u0131 motosiklet say\u0131s\u0131, ge\u00e7ti\u011fimiz A\u011fustos ay\u0131na nazaran daha da y\u00fckseldi. Son y\u0131llarda \u00f6zellikle artan otomobil fiyatlar\u0131 ve trafik sorunu nedeniyle kentte motosikletlere talep daha da artt\u0131. \u00d6zellikle kentin kanayan yaras\u0131 olan trafik sorununda otomobillerin h\u0131zl\u0131 olmas\u0131 ve ara\u00e7lar\u0131n yanlar\u0131ndan ge\u00e7erek trafikten s\u0131yr\u0131lmas\u0131, vatanda\u015flar\u0131n tercihlerinin ana nedenlerinden biri oldu.<\/p>\n<p>\u00d6L\u00dcML\u00dc TRAF\u0130K KAZALARININ YARISININ MOTOS\u0130KLET KAZASI\u00a0<\/p>\n<p>Antalya \u0130l Emniyet M\u00fcd\u00fcr\u00fc \u0130lker Arslan ge\u00e7ti\u011fimiz Eyl\u00fcl ay\u0131nda Antalya Gazeteciler Cemiyeti&#8217;nde bas\u0131n mensuplar\u0131 ile bir araya gelip a\u00e7\u0131klamalarda bulunmu\u015ftu. \u00d6l\u00fcml\u00fc trafik kazalar\u0131n\u0131n yar\u0131s\u0131n\u0131n motosikletlerden kaynakl\u0131 oldu\u011funa vurgu yapan Arslan, \u201cT\u00fcrkiye\u2019de meydana gelen \u00f6l\u00fcml\u00fc trafik kazalar\u0131n\u0131n yar\u0131s\u0131 motosiklet kazalar\u0131d\u0131r. Bu noktada \u015fehrimizde \u015f\u00f6yle bir karar ald\u0131k. Bundan sonra kasks\u0131z bir s\u00fcr\u00fcc\u00fc veya yolcu g\u00f6rd\u00fc\u011f\u00fcm\u00fcz zaman motosikletin trafi\u011fe devam etmesine kesinlikle izin vermeyece\u011fiz. Bu bir \u00f6zg\u00fcrd\u00fck de\u011fildir. T\u00fcrkiye\u2019de insanlar\u0131n \u00f6tenizi yapma hakk\u0131 yoktur. Biz senin \u00f6lmene m\u00fcsaade edemeyiz\u201d demi\u015fti.\u00a0<\/p>\n<p>EMN\u0130YET M\u00dcD\u00dcR\u00dc\u2019N\u00dcN A\u00c7IKLAMALARINDAN SONRA DENET\u0130MLER ARTIRILDI\u00a0<\/p>\n<p>Antalya \u0130l Emniyet M\u00fcd\u00fcr\u00fc \u0130lker Arslan\u2019\u0131n bu a\u00e7\u0131klamalar\u0131ndan sonra ana arterler ve yo\u011fun trafik b\u00f6lgelerinde denetimlerini s\u0131kla\u015ft\u0131r\u0131ld\u0131. Bu kapsamda durdurulan kasks\u0131z motosiklet s\u00fcr\u00fcc\u00fcleri ve yolcular\u0131 hem bilgilendirildi hem de gerekli cezai i\u015flemler uyguland\u0131. Bu uygulama sayesinde motosiklet kazalar\u0131n\u0131 azaltmak ve vatanda\u015flar\u0131n can ile mal g\u00fcvenli\u011finin korunmas\u0131 hedefleniyor.<\/p>\n<p>\u00a0<br \/>\n\u00a0<\/p>\n<p>\u200bAntalya\u2019n\u0131n kanayan yaras\u0131 olan trafik sorunu, art\u0131k sa\u00e7, ba\u015f yoldurtmaya ba\u015flad\u0131. Ya\u015fanan bu sorun nedeniyle vatanda\u015flar \u00e7are olarak otomobiller yerine motosikletlere y\u00f6nelmeye ba\u015flad\u0131\u00a0<\/p>\n<p>\u200bHaberin Al\u0131nt\u0131land\u0131\u011f\u0131 Kaynak: www.antalyakorfez.com<\/p>","protected":false},"excerpt":{"rendered":"<p>T\u00fcrkiye \u0130statistik Kurumu (T\u00dc\u0130K)\u2019in a\u00e7\u0131klad\u0131\u011f\u0131 verilere g\u00f6re 2024 y\u0131l\u0131n Eyl\u00fcl ay\u0131nda trafi\u011fe kayd\u0131 yap\u0131lan motorlu ara\u00e7 say\u0131s\u0131, ge\u00e7en y\u0131l\u0131n ayn\u0131 ay\u0131na g\u00f6re y\u00fczde 6,9 oran\u0131nda artt\u0131. Ge\u00e7en aya g\u00f6reyse art\u0131\u015f y\u00fczde 0,5 olarak kayda ge\u00e7ti. Ara\u00e7larda en \u00e7ok tercih edilen rengin ise gri oldu\u011fu a\u00e7\u0131kland\u0131.\u00a0 ANTALYA\u2019DA TRAF\u0130\u011eE KAYITLI ARA\u00c7 SAYISI 1 M\u0130LYONU GE\u00c7T\u0130\u00a0 Antalya\u2019da trafi\u011fe kay\u0131tl\u0131 motorlu ta\u015f\u0131t say\u0131s\u0131 ise toplam 1 milyon 540 bin 456 olarak a\u00e7\u0131kland\u0131. Trafi\u011fe kay\u0131tl\u0131 otomobil say\u0131s\u0131 693 bin 761 olarak a\u00e7\u0131klan\u0131rken, motosikletli ara\u00e7lar\u0131n say\u0131s\u0131 ise 478 bin 524 olarak belirlendi. Antalya T\u00fcrkiye\u2019de en fazla otomobile sahip 4\u2019\u00fcnc\u00fc kent olurken, motosiklet say\u0131s\u0131nda ise \u0130stanbul\u2019un arkas\u0131nda kalarak 2\u2019inci s\u0131rada yer ald\u0131.\u00a0 ANTALYA\u2019DA MOTOS\u0130KLETE RA\u011eBET B\u00dcY\u00dcK\u00a0 Antalya\u2019da trafi\u011fe kay\u0131tl\u0131 motosiklet say\u0131s\u0131, ge\u00e7ti\u011fimiz A\u011fustos ay\u0131na nazaran daha da y\u00fckseldi. Son y\u0131llarda \u00f6zellikle artan otomobil fiyatlar\u0131 ve trafik sorunu nedeniyle kentte motosikletlere talep daha da artt\u0131. \u00d6zellikle kentin kanayan yaras\u0131 olan trafik sorununda otomobillerin h\u0131zl\u0131 olmas\u0131 ve ara\u00e7lar\u0131n yanlar\u0131ndan ge\u00e7erek trafikten s\u0131yr\u0131lmas\u0131, vatanda\u015flar\u0131n tercihlerinin ana nedenlerinden biri oldu. \u00d6L\u00dcML\u00dc TRAF\u0130K KAZALARININ YARISININ MOTOS\u0130KLET KAZASI\u00a0 Antalya \u0130l Emniyet M\u00fcd\u00fcr\u00fc \u0130lker Arslan ge\u00e7ti\u011fimiz Eyl\u00fcl ay\u0131nda Antalya Gazeteciler Cemiyeti&#8217;nde bas\u0131n mensuplar\u0131 ile bir araya gelip a\u00e7\u0131klamalarda bulunmu\u015ftu. \u00d6l\u00fcml\u00fc trafik kazalar\u0131n\u0131n yar\u0131s\u0131n\u0131n motosikletlerden kaynakl\u0131 oldu\u011funa vurgu yapan Arslan, \u201cT\u00fcrkiye\u2019de meydana gelen \u00f6l\u00fcml\u00fc trafik &hellip;<\/p>","protected":false},"author":0,"featured_media":0,"comment_status":"open","ping_status":"open","sticky":false,"template":"","format":"standard","meta":{"_acf_changed":false,"footnotes":""},"categories":[24,535],"tags":[],"class_list":["post-6586","post","type-post","status-publish","format-standard","has-post-thumbnail","hentry","category-gundem","category-uncategorized-tr"],"acf":[],"yoast_head":"<!-- This site is optimized with the Yoast SEO Premium plugin v26.6 (Yoast SEO v27.1.1) - https:\/\/yoast.com\/product\/yoast-seo-premium-wordpress\/ -->\n<title>Antalyal\u0131lar \u00e7areyi iki tekerde buldu - Av. Deniz Can K\u0131z\u0131l<\/title>\n<meta name=\"robots\" content=\"index, follow, max-snippet:-1, max-image-preview:large, max-video-preview:-1\" \/>\n<link rel=\"canonical\" href=\"https:\/\/denizcankizil.tr\/de\/haberler\/gundem\/antalyalilar-careyi-iki-tekerde-buldu\/\" \/>\n<meta property=\"og:locale\" content=\"de_DE\" \/>\n<meta property=\"og:type\" content=\"article\" \/>\n<meta property=\"og:title\" content=\"Antalyal\u0131lar \u00e7areyi iki tekerde buldu\" \/>\n<meta property=\"og:description\" content=\"T\u00fcrkiye \u0130statistik Kurumu (T\u00dc\u0130K)\u2019in a\u00e7\u0131klad\u0131\u011f\u0131 verilere g\u00f6re 2024 y\u0131l\u0131n Eyl\u00fcl ay\u0131nda trafi\u011fe kayd\u0131 yap\u0131lan motorlu ara\u00e7 say\u0131s\u0131, ge\u00e7en y\u0131l\u0131n ayn\u0131 ay\u0131na g\u00f6re y\u00fczde 6,9 oran\u0131nda artt\u0131. Ge\u00e7en aya g\u00f6reyse art\u0131\u015f y\u00fczde 0,5 olarak kayda ge\u00e7ti. Ara\u00e7larda en \u00e7ok tercih edilen rengin ise gri oldu\u011fu a\u00e7\u0131kland\u0131.\u00a0 ANTALYA\u2019DA TRAF\u0130\u011eE KAYITLI ARA\u00c7 SAYISI 1 M\u0130LYONU GE\u00c7T\u0130\u00a0 Antalya\u2019da trafi\u011fe kay\u0131tl\u0131 motorlu ta\u015f\u0131t say\u0131s\u0131 ise toplam 1 milyon 540 bin 456 olarak a\u00e7\u0131kland\u0131. Trafi\u011fe kay\u0131tl\u0131 otomobil say\u0131s\u0131 693 bin 761 olarak a\u00e7\u0131klan\u0131rken, motosikletli ara\u00e7lar\u0131n say\u0131s\u0131 ise 478 bin 524 olarak belirlendi. Antalya T\u00fcrkiye\u2019de en fazla otomobile sahip 4\u2019\u00fcnc\u00fc kent olurken, motosiklet say\u0131s\u0131nda ise \u0130stanbul\u2019un arkas\u0131nda kalarak 2\u2019inci s\u0131rada yer ald\u0131.\u00a0 ANTALYA\u2019DA MOTOS\u0130KLETE RA\u011eBET B\u00dcY\u00dcK\u00a0 Antalya\u2019da trafi\u011fe kay\u0131tl\u0131 motosiklet say\u0131s\u0131, ge\u00e7ti\u011fimiz A\u011fustos ay\u0131na nazaran daha da y\u00fckseldi. Son y\u0131llarda \u00f6zellikle artan otomobil fiyatlar\u0131 ve trafik sorunu nedeniyle kentte motosikletlere talep daha da artt\u0131. \u00d6zellikle kentin kanayan yaras\u0131 olan trafik sorununda otomobillerin h\u0131zl\u0131 olmas\u0131 ve ara\u00e7lar\u0131n yanlar\u0131ndan ge\u00e7erek trafikten s\u0131yr\u0131lmas\u0131, vatanda\u015flar\u0131n tercihlerinin ana nedenlerinden biri oldu. \u00d6L\u00dcML\u00dc TRAF\u0130K KAZALARININ YARISININ MOTOS\u0130KLET KAZASI\u00a0 Antalya \u0130l Emniyet M\u00fcd\u00fcr\u00fc \u0130lker Arslan ge\u00e7ti\u011fimiz Eyl\u00fcl ay\u0131nda Antalya Gazeteciler Cemiyeti&#8217;nde bas\u0131n mensuplar\u0131 ile bir araya gelip a\u00e7\u0131klamalarda bulunmu\u015ftu. \u00d6l\u00fcml\u00fc trafik kazalar\u0131n\u0131n yar\u0131s\u0131n\u0131n motosikletlerden kaynakl\u0131 oldu\u011funa vurgu yapan Arslan, \u201cT\u00fcrkiye\u2019de meydana gelen \u00f6l\u00fcml\u00fc trafik &hellip;\" \/>\n<meta property=\"og:url\" content=\"https:\/\/denizcankizil.tr\/de\/haberler\/gundem\/antalyalilar-careyi-iki-tekerde-buldu\/\" \/>\n<meta property=\"og:site_name\" content=\"Av. Deniz Can K\u0131z\u0131l\" \/>\n<meta property=\"article:published_time\" content=\"2024-10-22T10:45:38+00:00\" \/>\n<meta name=\"twitter:card\" content=\"summary_large_image\" \/>\n<meta name=\"twitter:label1\" content=\"Gesch\u00e4tzte Lesezeit\" \/>\n\t<meta name=\"twitter:data1\" content=\"2\u00a0Minuten\" \/>\n<script type=\"application\/ld+json\" class=\"yoast-schema-graph\">{\"@context\":\"https:\/\/schema.org\",\"@graph\":[{\"@type\":\"Article\",\"@id\":\"https:\/\/denizcankizil.tr\/de\/haberler\/gundem\/antalyalilar-careyi-iki-tekerde-buldu\/#article\",\"isPartOf\":{\"@id\":\"https:\/\/denizcankizil.tr\/de\/haberler\/gundem\/antalyalilar-careyi-iki-tekerde-buldu\/\"},\"author\":{\"name\":\"\",\"@id\":\"\"},\"headline\":\"Antalyal\u0131lar \u00e7areyi iki tekerde buldu\",\"datePublished\":\"2024-10-22T10:45:38+00:00\",\"mainEntityOfPage\":{\"@id\":\"https:\/\/denizcankizil.tr\/de\/haberler\/gundem\/antalyalilar-careyi-iki-tekerde-buldu\/\"},\"wordCount\":478,\"commentCount\":0,\"publisher\":{\"@id\":\"https:\/\/denizcankizil.tr\/#organization\"},\"articleSection\":[\"G\u00fcndem\",\"Uncategorized\"],\"inLanguage\":\"de\",\"potentialAction\":[{\"@type\":\"CommentAction\",\"name\":\"Comment\",\"target\":[\"https:\/\/denizcankizil.tr\/de\/haberler\/gundem\/antalyalilar-careyi-iki-tekerde-buldu\/#respond\"]}]},{\"@type\":\"WebPage\",\"@id\":\"https:\/\/denizcankizil.tr\/de\/haberler\/gundem\/antalyalilar-careyi-iki-tekerde-buldu\/\",\"url\":\"https:\/\/denizcankizil.tr\/de\/haberler\/gundem\/antalyalilar-careyi-iki-tekerde-buldu\/\",\"name\":\"Antalyal\u0131lar \u00e7areyi iki tekerde buldu - Av. Deniz Can K\u0131z\u0131l\",\"isPartOf\":{\"@id\":\"https:\/\/denizcankizil.tr\/#website\"},\"datePublished\":\"2024-10-22T10:45:38+00:00\",\"breadcrumb\":{\"@id\":\"https:\/\/denizcankizil.tr\/de\/haberler\/gundem\/antalyalilar-careyi-iki-tekerde-buldu\/#breadcrumb\"},\"inLanguage\":\"de\",\"potentialAction\":[{\"@type\":\"ReadAction\",\"target\":[\"https:\/\/denizcankizil.tr\/de\/haberler\/gundem\/antalyalilar-careyi-iki-tekerde-buldu\/\"]}]},{\"@type\":\"BreadcrumbList\",\"@id\":\"https:\/\/denizcankizil.tr\/de\/haberler\/gundem\/antalyalilar-careyi-iki-tekerde-buldu\/#breadcrumb\",\"itemListElement\":[{\"@type\":\"ListItem\",\"position\":1,\"name\":\"Home\",\"item\":\"https:\/\/denizcankizil.tr\/de\/\"},{\"@type\":\"ListItem\",\"position\":2,\"name\":\"Antalyal\u0131lar \u00e7areyi iki tekerde buldu\"}]},{\"@type\":\"WebSite\",\"@id\":\"https:\/\/denizcankizil.tr\/#website\",\"url\":\"https:\/\/denizcankizil.tr\/\",\"name\":\"Av. Deniz Can K\u0131z\u0131l\",\"description\":\"Avukat Deniz Can K\u0131z\u0131l Antalya Barosu\",\"publisher\":{\"@id\":\"https:\/\/denizcankizil.tr\/#organization\"},\"potentialAction\":[{\"@type\":\"SearchAction\",\"target\":{\"@type\":\"EntryPoint\",\"urlTemplate\":\"https:\/\/denizcankizil.tr\/?s={search_term_string}\"},\"query-input\":{\"@type\":\"PropertyValueSpecification\",\"valueRequired\":true,\"valueName\":\"search_term_string\"}}],\"inLanguage\":\"de\"},{\"@type\":\"Organization\",\"@id\":\"https:\/\/denizcankizil.tr\/#organization\",\"name\":\"Av. Deniz Can K\u0131z\u0131l\",\"url\":\"https:\/\/denizcankizil.tr\/\",\"logo\":{\"@type\":\"ImageObject\",\"inLanguage\":\"de\",\"@id\":\"https:\/\/denizcankizil.tr\/#\/schema\/logo\/image\/\",\"url\":\"https:\/\/denizcankizil.tr\/wp-content\/uploads\/2024\/10\/siyah-logo-svg.svg\",\"contentUrl\":\"https:\/\/denizcankizil.tr\/wp-content\/uploads\/2024\/10\/siyah-logo-svg.svg\",\"width\":1080,\"height\":1080,\"caption\":\"Av. Deniz Can K\u0131z\u0131l\"},\"image\":{\"@id\":\"https:\/\/denizcankizil.tr\/#\/schema\/logo\/image\/\"}}]}<\/script>\n<!-- \/ Yoast SEO Premium plugin. -->","yoast_head_json":{"title":"Antalyal\u0131lar \u00e7areyi iki tekerde buldu - Av. Deniz Can K\u0131z\u0131l","robots":{"index":"index","follow":"follow","max-snippet":"max-snippet:-1","max-image-preview":"max-image-preview:large","max-video-preview":"max-video-preview:-1"},"canonical":"https:\/\/denizcankizil.tr\/de\/haberler\/gundem\/antalyalilar-careyi-iki-tekerde-buldu\/","og_locale":"de_DE","og_type":"article","og_title":"Antalyal\u0131lar \u00e7areyi iki tekerde buldu","og_description":"T\u00fcrkiye \u0130statistik Kurumu (T\u00dc\u0130K)\u2019in a\u00e7\u0131klad\u0131\u011f\u0131 verilere g\u00f6re 2024 y\u0131l\u0131n Eyl\u00fcl ay\u0131nda trafi\u011fe kayd\u0131 yap\u0131lan motorlu ara\u00e7 say\u0131s\u0131, ge\u00e7en y\u0131l\u0131n ayn\u0131 ay\u0131na g\u00f6re y\u00fczde 6,9 oran\u0131nda artt\u0131. Ge\u00e7en aya g\u00f6reyse art\u0131\u015f y\u00fczde 0,5 olarak kayda ge\u00e7ti. Ara\u00e7larda en \u00e7ok tercih edilen rengin ise gri oldu\u011fu a\u00e7\u0131kland\u0131.\u00a0 ANTALYA\u2019DA TRAF\u0130\u011eE KAYITLI ARA\u00c7 SAYISI 1 M\u0130LYONU GE\u00c7T\u0130\u00a0 Antalya\u2019da trafi\u011fe kay\u0131tl\u0131 motorlu ta\u015f\u0131t say\u0131s\u0131 ise toplam 1 milyon 540 bin 456 olarak a\u00e7\u0131kland\u0131. Trafi\u011fe kay\u0131tl\u0131 otomobil say\u0131s\u0131 693 bin 761 olarak a\u00e7\u0131klan\u0131rken, motosikletli ara\u00e7lar\u0131n say\u0131s\u0131 ise 478 bin 524 olarak belirlendi. Antalya T\u00fcrkiye\u2019de en fazla otomobile sahip 4\u2019\u00fcnc\u00fc kent olurken, motosiklet say\u0131s\u0131nda ise \u0130stanbul\u2019un arkas\u0131nda kalarak 2\u2019inci s\u0131rada yer ald\u0131.\u00a0 ANTALYA\u2019DA MOTOS\u0130KLETE RA\u011eBET B\u00dcY\u00dcK\u00a0 Antalya\u2019da trafi\u011fe kay\u0131tl\u0131 motosiklet say\u0131s\u0131, ge\u00e7ti\u011fimiz A\u011fustos ay\u0131na nazaran daha da y\u00fckseldi. Son y\u0131llarda \u00f6zellikle artan otomobil fiyatlar\u0131 ve trafik sorunu nedeniyle kentte motosikletlere talep daha da artt\u0131. \u00d6zellikle kentin kanayan yaras\u0131 olan trafik sorununda otomobillerin h\u0131zl\u0131 olmas\u0131 ve ara\u00e7lar\u0131n yanlar\u0131ndan ge\u00e7erek trafikten s\u0131yr\u0131lmas\u0131, vatanda\u015flar\u0131n tercihlerinin ana nedenlerinden biri oldu. \u00d6L\u00dcML\u00dc TRAF\u0130K KAZALARININ YARISININ MOTOS\u0130KLET KAZASI\u00a0 Antalya \u0130l Emniyet M\u00fcd\u00fcr\u00fc \u0130lker Arslan ge\u00e7ti\u011fimiz Eyl\u00fcl ay\u0131nda Antalya Gazeteciler Cemiyeti&#8217;nde bas\u0131n mensuplar\u0131 ile bir araya gelip a\u00e7\u0131klamalarda bulunmu\u015ftu. \u00d6l\u00fcml\u00fc trafik kazalar\u0131n\u0131n yar\u0131s\u0131n\u0131n motosikletlerden kaynakl\u0131 oldu\u011funa vurgu yapan Arslan, \u201cT\u00fcrkiye\u2019de meydana gelen \u00f6l\u00fcml\u00fc trafik &hellip;","og_url":"https:\/\/denizcankizil.tr\/de\/haberler\/gundem\/antalyalilar-careyi-iki-tekerde-buldu\/","og_site_name":"Av. Deniz Can K\u0131z\u0131l","article_published_time":"2024-10-22T10:45:38+00:00","twitter_card":"summary_large_image","twitter_misc":{"Gesch\u00e4tzte Lesezeit":"2\u00a0Minuten"},"schema":{"@context":"https:\/\/schema.org","@graph":[{"@type":"Article","@id":"https:\/\/denizcankizil.tr\/de\/haberler\/gundem\/antalyalilar-careyi-iki-tekerde-buldu\/#article","isPartOf":{"@id":"https:\/\/denizcankizil.tr\/de\/haberler\/gundem\/antalyalilar-careyi-iki-tekerde-buldu\/"},"author":{"name":"","@id":""},"headline":"Antalyal\u0131lar \u00e7areyi iki tekerde buldu","datePublished":"2024-10-22T10:45:38+00:00","mainEntityOfPage":{"@id":"https:\/\/denizcankizil.tr\/de\/haberler\/gundem\/antalyalilar-careyi-iki-tekerde-buldu\/"},"wordCount":478,"commentCount":0,"publisher":{"@id":"https:\/\/denizcankizil.tr\/#organization"},"articleSection":["G\u00fcndem","Uncategorized"],"inLanguage":"de","potentialAction":[{"@type":"CommentAction","name":"Comment","target":["https:\/\/denizcankizil.tr\/de\/haberler\/gundem\/antalyalilar-careyi-iki-tekerde-buldu\/#respond"]}]},{"@type":"WebPage","@id":"https:\/\/denizcankizil.tr\/de\/haberler\/gundem\/antalyalilar-careyi-iki-tekerde-buldu\/","url":"https:\/\/denizcankizil.tr\/de\/haberler\/gundem\/antalyalilar-careyi-iki-tekerde-buldu\/","name":"Antalyal\u0131lar \u00e7areyi iki tekerde buldu - Av. Deniz Can K\u0131z\u0131l","isPartOf":{"@id":"https:\/\/denizcankizil.tr\/#website"},"datePublished":"2024-10-22T10:45:38+00:00","breadcrumb":{"@id":"https:\/\/denizcankizil.tr\/de\/haberler\/gundem\/antalyalilar-careyi-iki-tekerde-buldu\/#breadcrumb"},"inLanguage":"de","potentialAction":[{"@type":"ReadAction","target":["https:\/\/denizcankizil.tr\/de\/haberler\/gundem\/antalyalilar-careyi-iki-tekerde-buldu\/"]}]},{"@type":"BreadcrumbList","@id":"https:\/\/denizcankizil.tr\/de\/haberler\/gundem\/antalyalilar-careyi-iki-tekerde-buldu\/#breadcrumb","itemListElement":[{"@type":"ListItem","position":1,"name":"Home","item":"https:\/\/denizcankizil.tr\/de\/"},{"@type":"ListItem","position":2,"name":"Antalyal\u0131lar \u00e7areyi iki tekerde buldu"}]},{"@type":"WebSite","@id":"https:\/\/denizcankizil.tr\/#website","url":"https:\/\/denizcankizil.tr\/","name":"Av. Deniz Can K\u0131z\u0131l","description":"Avukat Deniz Can K\u0131z\u0131l Antalya Barosu","publisher":{"@id":"https:\/\/denizcankizil.tr\/#organization"},"potentialAction":[{"@type":"SearchAction","target":{"@type":"EntryPoint","urlTemplate":"https:\/\/denizcankizil.tr\/?s={search_term_string}"},"query-input":{"@type":"PropertyValueSpecification","valueRequired":true,"valueName":"search_term_string"}}],"inLanguage":"de"},{"@type":"Organization","@id":"https:\/\/denizcankizil.tr\/#organization","name":"Av. Deniz Can K\u0131z\u0131l","url":"https:\/\/denizcankizil.tr\/","logo":{"@type":"ImageObject","inLanguage":"de","@id":"https:\/\/denizcankizil.tr\/#\/schema\/logo\/image\/","url":"https:\/\/denizcankizil.tr\/wp-content\/uploads\/2024\/10\/siyah-logo-svg.svg","contentUrl":"https:\/\/denizcankizil.tr\/wp-content\/uploads\/2024\/10\/siyah-logo-svg.svg","width":1080,"height":1080,"caption":"Av. Deniz Can K\u0131z\u0131l"},"image":{"@id":"https:\/\/denizcankizil.tr\/#\/schema\/logo\/image\/"}}]}},"_links":{"self":[{"href":"https:\/\/denizcankizil.tr\/de\/wp-json\/wp\/v2\/posts\/6586","targetHints":{"allow":["GET"]}}],"collection":[{"href":"https:\/\/denizcankizil.tr\/de\/wp-json\/wp\/v2\/posts"}],"about":[{"href":"https:\/\/denizcankizil.tr\/de\/wp-json\/wp\/v2\/types\/post"}],"replies":[{"embeddable":true,"href":"https:\/\/denizcankizil.tr\/de\/wp-json\/wp\/v2\/comments?post=6586"}],"version-history":[{"count":0,"href":"https:\/\/denizcankizil.tr\/de\/wp-json\/wp\/v2\/posts\/6586\/revisions"}],"wp:attachment":[{"href":"https:\/\/denizcankizil.tr\/de\/wp-json\/wp\/v2\/media?parent=6586"}],"wp:term":[{"taxonomy":"category","embeddable":true,"href":"https:\/\/denizcankizil.tr\/de\/wp-json\/wp\/v2\/categories?post=6586"},{"taxonomy":"post_tag","embeddable":true,"href":"https:\/\/denizcankizil.tr\/de\/wp-json\/wp\/v2\/tags?post=6586"}],"curies":[{"name":"wp","href":"https:\/\/api.w.org\/{rel}","templated":true}]}}