{"id":65106,"date":"2025-04-24T16:41:19","date_gmt":"2025-04-24T13:41:19","guid":{"rendered":"https:\/\/denizcankizil.tr\/uncategorized-tr\/sol-parti-antalya-antalyadaki-yetkililer-istanbuldan-ders-cikarmali\/"},"modified":"2025-04-24T16:41:19","modified_gmt":"2025-04-24T13:41:19","slug":"sol-parti-antalya-antalyadaki-yetkililer-istanbuldan-ders-cikarmali","status":"publish","type":"post","link":"https:\/\/denizcankizil.tr\/de\/haberler\/gundem\/sol-parti-antalya-antalyadaki-yetkililer-istanbuldan-ders-cikarmali\/","title":{"rendered":"SOL Parti Antalya: Antalya&#8217;daki yetkililer \u0130stanbul&#8217;dan ders \u00e7\u0131karmal\u0131"},"content":{"rendered":"<p>D\u00fcn \u0130stanbul\u2019da ya\u015fanan 6,2 \u015fiddetindeki deprem ve sonras\u0131nda ya\u015fanan geli\u015fmelerin yank\u0131lar\u0131 s\u00fcrerken SOL Parti Antalya \u0130l Ba\u015fkan\u0131 Aysel Ayd\u0131n&#8217;dan konuya ili\u015fkin a\u00e7\u0131klama geldi. Parti binas\u0131nda yapt\u0131\u011f\u0131 a\u00e7\u0131klama ile \u0130stanbul&#8217;da ya\u015fanan depremlerin belirli ba\u015fl\u0131klar\u0131 yeniden g\u00fcn y\u00fcz\u00fcne \u00e7\u0131kard\u0131\u011f\u0131n\u0131 hat\u0131rlatan Ayd\u0131n, Antalya&#8217;da yerel y\u00f6netim alanlar\u0131nda g\u00f6rev yapan isimlere de \u00e7a\u011fr\u0131da bulundu.<\/p>\n<p>&#8220;U\u00c7URUMUN E\u015e\u0130\u011e\u0130NE S\u00dcR\u00dcKLEND\u0130&#8221;<\/p>\n<p>&#8220;\u0130stanbul\u2019da ya\u015fanan son deprem, kentin depreme haz\u0131rl\u0131ks\u0131z oldu\u011funu bir kez daha g\u00f6zler \u00f6n\u00fcne serdi&#8221; diyen Ayd\u0131n, as\u0131l felaketin, kenti ve \u00fclkeyi rant ve ya\u011fma \u00fczerine in\u015fa eden tek adam rejimi oldu\u011funu kaydetti. 6.2 b\u00fcy\u00fckl\u00fc\u011f\u00fcndeki depremin, toplanma alanlar\u0131n\u0131n yok edildi\u011fi, bir kriz an\u0131nda ileti\u015fimden ula\u015f\u0131ma, enerjiden sa\u011fl\u0131k hizmetlerine kadar hi\u00e7bir \u015feye eri\u015filemeyen bir felaket tablosunu g\u00f6zler \u00f6n\u00fcne serdi\u011fini ifade eden Ayd\u0131n, &#8220;\u00d6zelle\u015ftirme, talan ve paran\u0131n saltanat\u0131na dayal\u0131 bu d\u00fczen; bile isteye, g\u00f6z g\u00f6re g\u00f6re \u0130stanbul&#8217;u bir u\u00e7urumun e\u015fi\u011fine s\u00fcr\u00fckledi. Bug\u00fcn h\u00e2l\u00e2 Kanal \u0130stanbul gibi ya\u011fma projeleri g\u00fcndemde tutuluyor. Halk\u0131n vergileriyle biriken kaynaklar, halk\u0131n ihtiya\u00e7lar\u0131na de\u011fil, sermayenin k\u00e2r h\u0131rs\u0131na aktar\u0131l\u0131yor.<br \/>\nDepreme kar\u015f\u0131 acil \u00f6nlem almak; bu ya\u011fmac\u0131 iktidardan derhal kurtulmay\u0131 zorunlu k\u0131l\u0131yor&#8221; dedi.<\/p>\n<p>&#8220;\u0130MAR AFLARI, \u00d6L\u00dcM TUZAKLARI&#8221;<\/p>\n<p>Deprem vergilerinin, ger\u00e7ekten depreme haz\u0131rl\u0131k i\u00e7in kullan\u0131lmas\u0131 gerekti\u011finin mesaj\u0131n\u0131 veren Ayd\u0131n, &#8220;D\u00fcn ya\u015fanan depremler sonras\u0131nda olu\u015fan hasar a\u00e7\u0131\u011fa \u00e7\u0131karmak i\u00e7in s\u00fcren alan taramas\u0131 acilen bitirilmeli ve hasar kar\u015f\u0131lanmal\u0131d\u0131r. \u0130stanbul, AVM ve in\u015faat rant\u00e7\u0131l\u0131\u011f\u0131ndan kurtar\u0131lmal\u0131d\u0131r. \u0130leti\u015fim ve enerji hizmetleri kamula\u015ft\u0131r\u0131lmal\u0131; altyap\u0131 yat\u0131r\u0131mlar\u0131yla krizlere dayan\u0131kl\u0131 hale getirilmelidir. \u0130mar aflar\u0131yla yarat\u0131lan \u00f6l\u00fcm tuzaklan ortadan kald\u0131r\u0131lmal\u0131; g\u00fcvenli ve insanca bar\u0131nma, kamu eliyle sa\u011flanmal\u0131d\u0131r. Antalya\u2019da ki yerel y\u00f6netimlerinde \u0130stanbul\u2019da ya\u015fanan depremden ders \u00e7\u0131karmas\u0131 gerekir \u00f6ncelik toprak rant\u0131na de\u011fil kentin depreme kar\u015f\u0131 haz\u0131r hale getirilmesine verilmelidir. Ancak Antalya\u2019da ya\u015fananlar ise bunun tam tersi y\u00f6ndedir&#8221; diye konu\u015ftu.<\/p>\n<p>&#8220;HAREKETE GE\u00c7MEYE HAZIRIZ&#8221;<\/p>\n<p>SOL Parti&#8217;nin, 6 \u015eubat depreminin ard\u0131ndan nas\u0131l bir dayan\u0131\u015fma seferberli\u011fi \u00f6rg\u00fctlediyse, bug\u00fcn de \u0130stanbul i\u00e7in bir saniye dahi kaybetmeden harekete ge\u00e7meye haz\u0131r oldu\u011funu duyuran Ayd\u0131n, her mahallede dayan\u0131\u015fma a\u011flar\u0131 kuracaklar\u0131n\u0131, depremin toplumsal felakete d\u00f6n\u00fc\u015fmesini \u00f6nlemek i\u00e7in hep birlikte m\u00fccadele edeceklerini s\u00f6zlerine ekledi.<\/p>\n<p>\u200bSOL Parti Antalya \u0130l Ba\u015fkan\u0131 Aysel Ayd\u0131n, d\u00fcn depremlerle sars\u0131lan \u0130stanbul&#8217;un, AVM ve in\u015faat rant\u00e7\u0131l\u0131\u011f\u0131ndan kurtar\u0131lmas\u0131 gerekti\u011fini belirtti. \u00d6nceliklerin toprak rant\u0131na de\u011fil kentin depreme kar\u015f\u0131 haz\u0131r hale getirilmesine verilmesi gerekti\u011fini alt\u0131n\u0131 \u00e7izen Ayd\u0131n, &#8220;Antalya\u2019da ki yerel y\u00f6netimlerinde \u0130stanbul\u2019da ya\u015fanan depremden ders \u00e7\u0131karmas\u0131 gerekir&#8221; dedi.\u00a0<\/p>\n<p>\u200bHaberin Al\u0131nt\u0131land\u0131\u011f\u0131 Kaynak: www.antalyakorfez.com<\/p>","protected":false},"excerpt":{"rendered":"<p>D\u00fcn \u0130stanbul\u2019da ya\u015fanan 6,2 \u015fiddetindeki deprem ve sonras\u0131nda ya\u015fanan geli\u015fmelerin yank\u0131lar\u0131 s\u00fcrerken SOL Parti Antalya \u0130l Ba\u015fkan\u0131 Aysel Ayd\u0131n&#8217;dan konuya ili\u015fkin a\u00e7\u0131klama geldi. Parti binas\u0131nda yapt\u0131\u011f\u0131 a\u00e7\u0131klama ile \u0130stanbul&#8217;da ya\u015fanan depremlerin belirli ba\u015fl\u0131klar\u0131 yeniden g\u00fcn y\u00fcz\u00fcne \u00e7\u0131kard\u0131\u011f\u0131n\u0131 hat\u0131rlatan Ayd\u0131n, Antalya&#8217;da yerel y\u00f6netim alanlar\u0131nda g\u00f6rev yapan isimlere de \u00e7a\u011fr\u0131da bulundu. &#8220;U\u00c7URUMUN E\u015e\u0130\u011e\u0130NE S\u00dcR\u00dcKLEND\u0130&#8221; &#8220;\u0130stanbul\u2019da ya\u015fanan son deprem, kentin depreme haz\u0131rl\u0131ks\u0131z oldu\u011funu bir kez daha g\u00f6zler \u00f6n\u00fcne serdi&#8221; diyen Ayd\u0131n, as\u0131l felaketin, kenti ve \u00fclkeyi rant ve ya\u011fma \u00fczerine in\u015fa eden tek adam rejimi oldu\u011funu kaydetti. 6.2 b\u00fcy\u00fckl\u00fc\u011f\u00fcndeki depremin, toplanma alanlar\u0131n\u0131n yok edildi\u011fi, bir kriz an\u0131nda ileti\u015fimden ula\u015f\u0131ma, enerjiden sa\u011fl\u0131k hizmetlerine kadar hi\u00e7bir \u015feye eri\u015filemeyen bir felaket tablosunu g\u00f6zler \u00f6n\u00fcne serdi\u011fini ifade eden Ayd\u0131n, &#8220;\u00d6zelle\u015ftirme, talan ve paran\u0131n saltanat\u0131na dayal\u0131 bu d\u00fczen; bile isteye, g\u00f6z g\u00f6re g\u00f6re \u0130stanbul&#8217;u bir u\u00e7urumun e\u015fi\u011fine s\u00fcr\u00fckledi. Bug\u00fcn h\u00e2l\u00e2 Kanal \u0130stanbul gibi ya\u011fma projeleri g\u00fcndemde tutuluyor. Halk\u0131n vergileriyle biriken kaynaklar, halk\u0131n ihtiya\u00e7lar\u0131na de\u011fil, sermayenin k\u00e2r h\u0131rs\u0131na aktar\u0131l\u0131yor. Depreme kar\u015f\u0131 acil \u00f6nlem almak; bu ya\u011fmac\u0131 iktidardan derhal kurtulmay\u0131 zorunlu k\u0131l\u0131yor&#8221; dedi. &#8220;\u0130MAR AFLARI, \u00d6L\u00dcM TUZAKLARI&#8221; Deprem vergilerinin, ger\u00e7ekten depreme haz\u0131rl\u0131k i\u00e7in kullan\u0131lmas\u0131 gerekti\u011finin mesaj\u0131n\u0131 veren Ayd\u0131n, &#8220;D\u00fcn ya\u015fanan depremler sonras\u0131nda olu\u015fan hasar a\u00e7\u0131\u011fa \u00e7\u0131karmak i\u00e7in s\u00fcren alan taramas\u0131 acilen bitirilmeli ve hasar kar\u015f\u0131lanmal\u0131d\u0131r. \u0130stanbul, AVM ve in\u015faat rant\u00e7\u0131l\u0131\u011f\u0131ndan &hellip;<\/p>","protected":false},"author":5,"featured_media":0,"comment_status":"","ping_status":"open","sticky":false,"template":"","format":"standard","meta":{"_acf_changed":false,"footnotes":""},"categories":[24],"tags":[],"class_list":["post-65106","post","type-post","status-publish","format-standard","has-post-thumbnail","hentry","category-gundem"],"acf":[],"yoast_head":"<!-- This site is optimized with the Yoast SEO Premium plugin v26.6 (Yoast SEO v27.1.1) - https:\/\/yoast.com\/product\/yoast-seo-premium-wordpress\/ -->\n<title>SOL Parti Antalya: Antalya&#039;daki yetkililer \u0130stanbul&#039;dan ders \u00e7\u0131karmal\u0131 - Av. Deniz Can K\u0131z\u0131l<\/title>\n<meta name=\"robots\" content=\"index, follow, max-snippet:-1, max-image-preview:large, max-video-preview:-1\" \/>\n<link rel=\"canonical\" href=\"https:\/\/denizcankizil.tr\/de\/haberler\/gundem\/sol-parti-antalya-antalyadaki-yetkililer-istanbuldan-ders-cikarmali\/\" \/>\n<meta property=\"og:locale\" content=\"de_DE\" \/>\n<meta property=\"og:type\" content=\"article\" \/>\n<meta property=\"og:title\" content=\"SOL Parti Antalya: Antalya&#039;daki yetkililer \u0130stanbul&#039;dan ders \u00e7\u0131karmal\u0131\" \/>\n<meta property=\"og:description\" content=\"D\u00fcn \u0130stanbul\u2019da ya\u015fanan 6,2 \u015fiddetindeki deprem ve sonras\u0131nda ya\u015fanan geli\u015fmelerin yank\u0131lar\u0131 s\u00fcrerken SOL Parti Antalya \u0130l Ba\u015fkan\u0131 Aysel Ayd\u0131n&#8217;dan konuya ili\u015fkin a\u00e7\u0131klama geldi. Parti binas\u0131nda yapt\u0131\u011f\u0131 a\u00e7\u0131klama ile \u0130stanbul&#8217;da ya\u015fanan depremlerin belirli ba\u015fl\u0131klar\u0131 yeniden g\u00fcn y\u00fcz\u00fcne \u00e7\u0131kard\u0131\u011f\u0131n\u0131 hat\u0131rlatan Ayd\u0131n, Antalya&#8217;da yerel y\u00f6netim alanlar\u0131nda g\u00f6rev yapan isimlere de \u00e7a\u011fr\u0131da bulundu. &#8220;U\u00c7URUMUN E\u015e\u0130\u011e\u0130NE S\u00dcR\u00dcKLEND\u0130&#8221; &#8220;\u0130stanbul\u2019da ya\u015fanan son deprem, kentin depreme haz\u0131rl\u0131ks\u0131z oldu\u011funu bir kez daha g\u00f6zler \u00f6n\u00fcne serdi&#8221; diyen Ayd\u0131n, as\u0131l felaketin, kenti ve \u00fclkeyi rant ve ya\u011fma \u00fczerine in\u015fa eden tek adam rejimi oldu\u011funu kaydetti. 6.2 b\u00fcy\u00fckl\u00fc\u011f\u00fcndeki depremin, toplanma alanlar\u0131n\u0131n yok edildi\u011fi, bir kriz an\u0131nda ileti\u015fimden ula\u015f\u0131ma, enerjiden sa\u011fl\u0131k hizmetlerine kadar hi\u00e7bir \u015feye eri\u015filemeyen bir felaket tablosunu g\u00f6zler \u00f6n\u00fcne serdi\u011fini ifade eden Ayd\u0131n, &#8220;\u00d6zelle\u015ftirme, talan ve paran\u0131n saltanat\u0131na dayal\u0131 bu d\u00fczen; bile isteye, g\u00f6z g\u00f6re g\u00f6re \u0130stanbul&#8217;u bir u\u00e7urumun e\u015fi\u011fine s\u00fcr\u00fckledi. Bug\u00fcn h\u00e2l\u00e2 Kanal \u0130stanbul gibi ya\u011fma projeleri g\u00fcndemde tutuluyor. Halk\u0131n vergileriyle biriken kaynaklar, halk\u0131n ihtiya\u00e7lar\u0131na de\u011fil, sermayenin k\u00e2r h\u0131rs\u0131na aktar\u0131l\u0131yor. Depreme kar\u015f\u0131 acil \u00f6nlem almak; bu ya\u011fmac\u0131 iktidardan derhal kurtulmay\u0131 zorunlu k\u0131l\u0131yor&#8221; dedi. &#8220;\u0130MAR AFLARI, \u00d6L\u00dcM TUZAKLARI&#8221; Deprem vergilerinin, ger\u00e7ekten depreme haz\u0131rl\u0131k i\u00e7in kullan\u0131lmas\u0131 gerekti\u011finin mesaj\u0131n\u0131 veren Ayd\u0131n, &#8220;D\u00fcn ya\u015fanan depremler sonras\u0131nda olu\u015fan hasar a\u00e7\u0131\u011fa \u00e7\u0131karmak i\u00e7in s\u00fcren alan taramas\u0131 acilen bitirilmeli ve hasar kar\u015f\u0131lanmal\u0131d\u0131r. \u0130stanbul, AVM ve in\u015faat rant\u00e7\u0131l\u0131\u011f\u0131ndan &hellip;\" \/>\n<meta property=\"og:url\" content=\"https:\/\/denizcankizil.tr\/de\/haberler\/gundem\/sol-parti-antalya-antalyadaki-yetkililer-istanbuldan-ders-cikarmali\/\" \/>\n<meta property=\"og:site_name\" content=\"Av. Deniz Can K\u0131z\u0131l\" \/>\n<meta property=\"article:published_time\" content=\"2025-04-24T13:41:19+00:00\" \/>\n<meta name=\"author\" content=\"Antalya K\u00f6rfez\" \/>\n<meta name=\"twitter:card\" content=\"summary_large_image\" \/>\n<meta name=\"twitter:label1\" content=\"Verfasst von\" \/>\n\t<meta name=\"twitter:data1\" content=\"Antalya K\u00f6rfez\" \/>\n\t<meta name=\"twitter:label2\" content=\"Gesch\u00e4tzte Lesezeit\" \/>\n\t<meta name=\"twitter:data2\" content=\"3\u00a0Minuten\" \/>\n<script type=\"application\/ld+json\" class=\"yoast-schema-graph\">{\"@context\":\"https:\/\/schema.org\",\"@graph\":[{\"@type\":\"Article\",\"@id\":\"https:\/\/denizcankizil.tr\/de\/haberler\/gundem\/sol-parti-antalya-antalyadaki-yetkililer-istanbuldan-ders-cikarmali\/#article\",\"isPartOf\":{\"@id\":\"https:\/\/denizcankizil.tr\/de\/haberler\/gundem\/sol-parti-antalya-antalyadaki-yetkililer-istanbuldan-ders-cikarmali\/\"},\"author\":{\"name\":\"Antalya K\u00f6rfez\",\"@id\":\"https:\/\/denizcankizil.tr\/de\/#\/schema\/person\/e1eb71bb4dd684d46563f0af307e1234\"},\"headline\":\"SOL Parti Antalya: Antalya&#8217;daki yetkililer \u0130stanbul&#8217;dan ders \u00e7\u0131karmal\u0131\",\"datePublished\":\"2025-04-24T13:41:19+00:00\",\"mainEntityOfPage\":{\"@id\":\"https:\/\/denizcankizil.tr\/de\/haberler\/gundem\/sol-parti-antalya-antalyadaki-yetkililer-istanbuldan-ders-cikarmali\/\"},\"wordCount\":551,\"publisher\":{\"@id\":\"https:\/\/denizcankizil.tr\/de\/#organization\"},\"articleSection\":[\"G\u00fcndem\"],\"inLanguage\":\"de\"},{\"@type\":\"WebPage\",\"@id\":\"https:\/\/denizcankizil.tr\/de\/haberler\/gundem\/sol-parti-antalya-antalyadaki-yetkililer-istanbuldan-ders-cikarmali\/\",\"url\":\"https:\/\/denizcankizil.tr\/de\/haberler\/gundem\/sol-parti-antalya-antalyadaki-yetkililer-istanbuldan-ders-cikarmali\/\",\"name\":\"SOL Parti Antalya: Antalya'daki yetkililer \u0130stanbul'dan ders \u00e7\u0131karmal\u0131 - Av. Deniz Can K\u0131z\u0131l\",\"isPartOf\":{\"@id\":\"https:\/\/denizcankizil.tr\/de\/#website\"},\"datePublished\":\"2025-04-24T13:41:19+00:00\",\"breadcrumb\":{\"@id\":\"https:\/\/denizcankizil.tr\/de\/haberler\/gundem\/sol-parti-antalya-antalyadaki-yetkililer-istanbuldan-ders-cikarmali\/#breadcrumb\"},\"inLanguage\":\"de\",\"potentialAction\":[{\"@type\":\"ReadAction\",\"target\":[\"https:\/\/denizcankizil.tr\/de\/haberler\/gundem\/sol-parti-antalya-antalyadaki-yetkililer-istanbuldan-ders-cikarmali\/\"]}]},{\"@type\":\"BreadcrumbList\",\"@id\":\"https:\/\/denizcankizil.tr\/de\/haberler\/gundem\/sol-parti-antalya-antalyadaki-yetkililer-istanbuldan-ders-cikarmali\/#breadcrumb\",\"itemListElement\":[{\"@type\":\"ListItem\",\"position\":1,\"name\":\"Home\",\"item\":\"https:\/\/denizcankizil.tr\/de\/\"},{\"@type\":\"ListItem\",\"position\":2,\"name\":\"SOL Parti Antalya: Antalya&#8217;daki yetkililer \u0130stanbul&#8217;dan ders \u00e7\u0131karmal\u0131\"}]},{\"@type\":\"WebSite\",\"@id\":\"https:\/\/denizcankizil.tr\/de\/#website\",\"url\":\"https:\/\/denizcankizil.tr\/de\/\",\"name\":\"Av. Deniz Can K\u0131z\u0131l\",\"description\":\"Avukat Deniz Can K\u0131z\u0131l Antalya Barosu\",\"publisher\":{\"@id\":\"https:\/\/denizcankizil.tr\/de\/#organization\"},\"potentialAction\":[{\"@type\":\"SearchAction\",\"target\":{\"@type\":\"EntryPoint\",\"urlTemplate\":\"https:\/\/denizcankizil.tr\/de\/?s={search_term_string}\"},\"query-input\":{\"@type\":\"PropertyValueSpecification\",\"valueRequired\":true,\"valueName\":\"search_term_string\"}}],\"inLanguage\":\"de\"},{\"@type\":\"Organization\",\"@id\":\"https:\/\/denizcankizil.tr\/de\/#organization\",\"name\":\"Av. Deniz Can K\u0131z\u0131l\",\"url\":\"https:\/\/denizcankizil.tr\/de\/\",\"logo\":{\"@type\":\"ImageObject\",\"inLanguage\":\"de\",\"@id\":\"https:\/\/denizcankizil.tr\/de\/#\/schema\/logo\/image\/\",\"url\":\"https:\/\/denizcankizil.tr\/wp-content\/uploads\/2024\/10\/siyah-logo-svg.svg\",\"contentUrl\":\"https:\/\/denizcankizil.tr\/wp-content\/uploads\/2024\/10\/siyah-logo-svg.svg\",\"width\":1080,\"height\":1080,\"caption\":\"Av. Deniz Can K\u0131z\u0131l\"},\"image\":{\"@id\":\"https:\/\/denizcankizil.tr\/de\/#\/schema\/logo\/image\/\"}},{\"@type\":\"Person\",\"@id\":\"https:\/\/denizcankizil.tr\/de\/#\/schema\/person\/e1eb71bb4dd684d46563f0af307e1234\",\"name\":\"Antalya K\u00f6rfez\",\"image\":{\"@type\":\"ImageObject\",\"inLanguage\":\"de\",\"@id\":\"https:\/\/denizcankizil.tr\/de\/#\/schema\/person\/image\/\",\"url\":\"https:\/\/secure.gravatar.com\/avatar\/42b01982558a48a0b501fdcab6a408d3717ea5919095ee2e67b0e521799c5905?s=96&d=mm&r=g\",\"contentUrl\":\"https:\/\/secure.gravatar.com\/avatar\/42b01982558a48a0b501fdcab6a408d3717ea5919095ee2e67b0e521799c5905?s=96&d=mm&r=g\",\"caption\":\"Antalya K\u00f6rfez\"},\"sameAs\":[\"http:\/\/www.antalyakorfez.com\"],\"url\":\"https:\/\/www.antalyakorfez.com\/sol-parti-antalya-antalyadaki-yetkililer-istanbuldan-ders-cikarmali\"}]}<\/script>\n<!-- \/ Yoast SEO Premium plugin. -->","yoast_head_json":{"title":"SOL Parti Antalya: Antalya'daki yetkililer \u0130stanbul'dan ders \u00e7\u0131karmal\u0131 - Av. Deniz Can K\u0131z\u0131l","robots":{"index":"index","follow":"follow","max-snippet":"max-snippet:-1","max-image-preview":"max-image-preview:large","max-video-preview":"max-video-preview:-1"},"canonical":"https:\/\/denizcankizil.tr\/de\/haberler\/gundem\/sol-parti-antalya-antalyadaki-yetkililer-istanbuldan-ders-cikarmali\/","og_locale":"de_DE","og_type":"article","og_title":"SOL Parti Antalya: Antalya'daki yetkililer \u0130stanbul'dan ders \u00e7\u0131karmal\u0131","og_description":"D\u00fcn \u0130stanbul\u2019da ya\u015fanan 6,2 \u015fiddetindeki deprem ve sonras\u0131nda ya\u015fanan geli\u015fmelerin yank\u0131lar\u0131 s\u00fcrerken SOL Parti Antalya \u0130l Ba\u015fkan\u0131 Aysel Ayd\u0131n&#8217;dan konuya ili\u015fkin a\u00e7\u0131klama geldi. Parti binas\u0131nda yapt\u0131\u011f\u0131 a\u00e7\u0131klama ile \u0130stanbul&#8217;da ya\u015fanan depremlerin belirli ba\u015fl\u0131klar\u0131 yeniden g\u00fcn y\u00fcz\u00fcne \u00e7\u0131kard\u0131\u011f\u0131n\u0131 hat\u0131rlatan Ayd\u0131n, Antalya&#8217;da yerel y\u00f6netim alanlar\u0131nda g\u00f6rev yapan isimlere de \u00e7a\u011fr\u0131da bulundu. &#8220;U\u00c7URUMUN E\u015e\u0130\u011e\u0130NE S\u00dcR\u00dcKLEND\u0130&#8221; &#8220;\u0130stanbul\u2019da ya\u015fanan son deprem, kentin depreme haz\u0131rl\u0131ks\u0131z oldu\u011funu bir kez daha g\u00f6zler \u00f6n\u00fcne serdi&#8221; diyen Ayd\u0131n, as\u0131l felaketin, kenti ve \u00fclkeyi rant ve ya\u011fma \u00fczerine in\u015fa eden tek adam rejimi oldu\u011funu kaydetti. 6.2 b\u00fcy\u00fckl\u00fc\u011f\u00fcndeki depremin, toplanma alanlar\u0131n\u0131n yok edildi\u011fi, bir kriz an\u0131nda ileti\u015fimden ula\u015f\u0131ma, enerjiden sa\u011fl\u0131k hizmetlerine kadar hi\u00e7bir \u015feye eri\u015filemeyen bir felaket tablosunu g\u00f6zler \u00f6n\u00fcne serdi\u011fini ifade eden Ayd\u0131n, &#8220;\u00d6zelle\u015ftirme, talan ve paran\u0131n saltanat\u0131na dayal\u0131 bu d\u00fczen; bile isteye, g\u00f6z g\u00f6re g\u00f6re \u0130stanbul&#8217;u bir u\u00e7urumun e\u015fi\u011fine s\u00fcr\u00fckledi. Bug\u00fcn h\u00e2l\u00e2 Kanal \u0130stanbul gibi ya\u011fma projeleri g\u00fcndemde tutuluyor. Halk\u0131n vergileriyle biriken kaynaklar, halk\u0131n ihtiya\u00e7lar\u0131na de\u011fil, sermayenin k\u00e2r h\u0131rs\u0131na aktar\u0131l\u0131yor. Depreme kar\u015f\u0131 acil \u00f6nlem almak; bu ya\u011fmac\u0131 iktidardan derhal kurtulmay\u0131 zorunlu k\u0131l\u0131yor&#8221; dedi. &#8220;\u0130MAR AFLARI, \u00d6L\u00dcM TUZAKLARI&#8221; Deprem vergilerinin, ger\u00e7ekten depreme haz\u0131rl\u0131k i\u00e7in kullan\u0131lmas\u0131 gerekti\u011finin mesaj\u0131n\u0131 veren Ayd\u0131n, &#8220;D\u00fcn ya\u015fanan depremler sonras\u0131nda olu\u015fan hasar a\u00e7\u0131\u011fa \u00e7\u0131karmak i\u00e7in s\u00fcren alan taramas\u0131 acilen bitirilmeli ve hasar kar\u015f\u0131lanmal\u0131d\u0131r. \u0130stanbul, AVM ve in\u015faat rant\u00e7\u0131l\u0131\u011f\u0131ndan &hellip;","og_url":"https:\/\/denizcankizil.tr\/de\/haberler\/gundem\/sol-parti-antalya-antalyadaki-yetkililer-istanbuldan-ders-cikarmali\/","og_site_name":"Av. Deniz Can K\u0131z\u0131l","article_published_time":"2025-04-24T13:41:19+00:00","author":"Antalya K\u00f6rfez","twitter_card":"summary_large_image","twitter_misc":{"Verfasst von":"Antalya K\u00f6rfez","Gesch\u00e4tzte Lesezeit":"3\u00a0Minuten"},"schema":{"@context":"https:\/\/schema.org","@graph":[{"@type":"Article","@id":"https:\/\/denizcankizil.tr\/de\/haberler\/gundem\/sol-parti-antalya-antalyadaki-yetkililer-istanbuldan-ders-cikarmali\/#article","isPartOf":{"@id":"https:\/\/denizcankizil.tr\/de\/haberler\/gundem\/sol-parti-antalya-antalyadaki-yetkililer-istanbuldan-ders-cikarmali\/"},"author":{"name":"Antalya K\u00f6rfez","@id":"https:\/\/denizcankizil.tr\/de\/#\/schema\/person\/e1eb71bb4dd684d46563f0af307e1234"},"headline":"SOL Parti Antalya: Antalya&#8217;daki yetkililer \u0130stanbul&#8217;dan ders \u00e7\u0131karmal\u0131","datePublished":"2025-04-24T13:41:19+00:00","mainEntityOfPage":{"@id":"https:\/\/denizcankizil.tr\/de\/haberler\/gundem\/sol-parti-antalya-antalyadaki-yetkililer-istanbuldan-ders-cikarmali\/"},"wordCount":551,"publisher":{"@id":"https:\/\/denizcankizil.tr\/de\/#organization"},"articleSection":["G\u00fcndem"],"inLanguage":"de"},{"@type":"WebPage","@id":"https:\/\/denizcankizil.tr\/de\/haberler\/gundem\/sol-parti-antalya-antalyadaki-yetkililer-istanbuldan-ders-cikarmali\/","url":"https:\/\/denizcankizil.tr\/de\/haberler\/gundem\/sol-parti-antalya-antalyadaki-yetkililer-istanbuldan-ders-cikarmali\/","name":"SOL Parti Antalya: Antalya'daki yetkililer \u0130stanbul'dan ders \u00e7\u0131karmal\u0131 - Av. Deniz Can K\u0131z\u0131l","isPartOf":{"@id":"https:\/\/denizcankizil.tr\/de\/#website"},"datePublished":"2025-04-24T13:41:19+00:00","breadcrumb":{"@id":"https:\/\/denizcankizil.tr\/de\/haberler\/gundem\/sol-parti-antalya-antalyadaki-yetkililer-istanbuldan-ders-cikarmali\/#breadcrumb"},"inLanguage":"de","potentialAction":[{"@type":"ReadAction","target":["https:\/\/denizcankizil.tr\/de\/haberler\/gundem\/sol-parti-antalya-antalyadaki-yetkililer-istanbuldan-ders-cikarmali\/"]}]},{"@type":"BreadcrumbList","@id":"https:\/\/denizcankizil.tr\/de\/haberler\/gundem\/sol-parti-antalya-antalyadaki-yetkililer-istanbuldan-ders-cikarmali\/#breadcrumb","itemListElement":[{"@type":"ListItem","position":1,"name":"Home","item":"https:\/\/denizcankizil.tr\/de\/"},{"@type":"ListItem","position":2,"name":"SOL Parti Antalya: Antalya&#8217;daki yetkililer \u0130stanbul&#8217;dan ders \u00e7\u0131karmal\u0131"}]},{"@type":"WebSite","@id":"https:\/\/denizcankizil.tr\/de\/#website","url":"https:\/\/denizcankizil.tr\/de\/","name":"Av. Deniz Can K\u0131z\u0131l","description":"Avukat Deniz Can K\u0131z\u0131l Antalya Barosu","publisher":{"@id":"https:\/\/denizcankizil.tr\/de\/#organization"},"potentialAction":[{"@type":"SearchAction","target":{"@type":"EntryPoint","urlTemplate":"https:\/\/denizcankizil.tr\/de\/?s={search_term_string}"},"query-input":{"@type":"PropertyValueSpecification","valueRequired":true,"valueName":"search_term_string"}}],"inLanguage":"de"},{"@type":"Organization","@id":"https:\/\/denizcankizil.tr\/de\/#organization","name":"Av. Deniz Can K\u0131z\u0131l","url":"https:\/\/denizcankizil.tr\/de\/","logo":{"@type":"ImageObject","inLanguage":"de","@id":"https:\/\/denizcankizil.tr\/de\/#\/schema\/logo\/image\/","url":"https:\/\/denizcankizil.tr\/wp-content\/uploads\/2024\/10\/siyah-logo-svg.svg","contentUrl":"https:\/\/denizcankizil.tr\/wp-content\/uploads\/2024\/10\/siyah-logo-svg.svg","width":1080,"height":1080,"caption":"Av. Deniz Can K\u0131z\u0131l"},"image":{"@id":"https:\/\/denizcankizil.tr\/de\/#\/schema\/logo\/image\/"}},{"@type":"Person","@id":"https:\/\/denizcankizil.tr\/de\/#\/schema\/person\/e1eb71bb4dd684d46563f0af307e1234","name":"Antalya K\u00f6rfez","image":{"@type":"ImageObject","inLanguage":"de","@id":"https:\/\/denizcankizil.tr\/de\/#\/schema\/person\/image\/","url":"https:\/\/secure.gravatar.com\/avatar\/42b01982558a48a0b501fdcab6a408d3717ea5919095ee2e67b0e521799c5905?s=96&d=mm&r=g","contentUrl":"https:\/\/secure.gravatar.com\/avatar\/42b01982558a48a0b501fdcab6a408d3717ea5919095ee2e67b0e521799c5905?s=96&d=mm&r=g","caption":"Antalya K\u00f6rfez"},"sameAs":["http:\/\/www.antalyakorfez.com"],"url":"https:\/\/www.antalyakorfez.com\/sol-parti-antalya-antalyadaki-yetkililer-istanbuldan-ders-cikarmali"}]}},"_links":{"self":[{"href":"https:\/\/denizcankizil.tr\/de\/wp-json\/wp\/v2\/posts\/65106","targetHints":{"allow":["GET"]}}],"collection":[{"href":"https:\/\/denizcankizil.tr\/de\/wp-json\/wp\/v2\/posts"}],"about":[{"href":"https:\/\/denizcankizil.tr\/de\/wp-json\/wp\/v2\/types\/post"}],"author":[{"embeddable":true,"href":"https:\/\/denizcankizil.tr\/de\/wp-json\/wp\/v2\/users\/5"}],"replies":[{"embeddable":true,"href":"https:\/\/denizcankizil.tr\/de\/wp-json\/wp\/v2\/comments?post=65106"}],"version-history":[{"count":0,"href":"https:\/\/denizcankizil.tr\/de\/wp-json\/wp\/v2\/posts\/65106\/revisions"}],"wp:attachment":[{"href":"https:\/\/denizcankizil.tr\/de\/wp-json\/wp\/v2\/media?parent=65106"}],"wp:term":[{"taxonomy":"category","embeddable":true,"href":"https:\/\/denizcankizil.tr\/de\/wp-json\/wp\/v2\/categories?post=65106"},{"taxonomy":"post_tag","embeddable":true,"href":"https:\/\/denizcankizil.tr\/de\/wp-json\/wp\/v2\/tags?post=65106"}],"curies":[{"name":"wp","href":"https:\/\/api.w.org\/{rel}","templated":true}]}}