{"id":64813,"date":"2025-04-24T10:41:18","date_gmt":"2025-04-24T07:41:18","guid":{"rendered":"https:\/\/denizcankizil.tr\/uncategorized-tr\/musiad-kanserle-mucadele-eden-cocuklarin-yuzunu-guldurdu\/"},"modified":"2025-04-24T10:41:18","modified_gmt":"2025-04-24T07:41:18","slug":"musiad-kanserle-mucadele-eden-cocuklarin-yuzunu-guldurdu","status":"publish","type":"post","link":"https:\/\/denizcankizil.tr\/de\/haberler\/antalya\/musiad-kanserle-mucadele-eden-cocuklarin-yuzunu-guldurdu\/","title":{"rendered":"M\u00dcS\u0130AD kanserle m\u00fccadele eden \u00e7ocuklar\u0131n y\u00fcz\u00fcn\u00fc g\u00fcld\u00fcrd\u00fc"},"content":{"rendered":"<p>23 Nisan Ulusal Egemenlik ve \u00c7ocuk Bayram\u0131 kapsam\u0131nda M\u00dcS\u0130AD Antalya, Akdeniz \u00dcniversitesi T\u0131p Fak\u00fcltesi ve Antalya E\u011fitim Ara\u015ft\u0131rma Hastanesi\u2019nde tedavi g\u00f6ren kanser hastas\u0131 \u00e7ocuklara y\u00f6nelik bir projeye imza att\u0131. Proje kapsam\u0131nda, \u00e7ocuklar\u0131n ila\u00e7 ve t\u0131bbi malzeme ihtiya\u00e7lar\u0131 kar\u015f\u0131land\u0131.<\/p>\n<p>Etkinli\u011fin devam\u0131nda Antalya E\u011fitim Ara\u015ft\u0131rma Hastanesi\u2019nde tedavi g\u00f6ren \u00e7ocuklarla birlikte 23 Nisan kutlamas\u0131 yap\u0131ld\u0131. M\u00fczik e\u015fli\u011finde keyifli anlar ya\u015fanan kutlamaya, Antalya E\u011fitim Ara\u015ft\u0131rma Hastanesi Ba\u015fhekimi Do\u00e7. Dr. Orhan Aras, M\u00dcS\u0130AD Antalya Ba\u015fkan\u0131 Yusuf Akg\u00fcl ve Kad\u0131n Y\u00f6netim Kurulu \u00fcyeleri kat\u0131ld\u0131. M\u00dcS\u0130AD Antalya Ba\u015fkan\u0131 Yusuf Akg\u00fcl, &#8220;Bu anlaml\u0131 g\u00fcnde \u00e7ocuklar\u0131m\u0131z\u0131n y\u00fcz\u00fcnde bir tebess\u00fcm olu\u015fturabildiysek ne mutlu bize. Gelece\u011fimizin teminat\u0131 olan evlatlar\u0131m\u0131z i\u00e7in her zaman elimizi ta\u015f\u0131n alt\u0131na koymaya haz\u0131r\u0131z&#8221; dedi.<\/p>\n<p>Kaynak: www.kanalv.com.tr Haber Sitesinden Al\u0131nm\u0131\u015ft\u0131r.<\/p>","protected":false},"excerpt":{"rendered":"<p>23 Nisan Ulusal Egemenlik ve \u00c7ocuk Bayram\u0131 kapsam\u0131nda M\u00dcS\u0130AD Antalya, Akdeniz \u00dcniversitesi T\u0131p Fak\u00fcltesi ve Antalya E\u011fitim Ara\u015ft\u0131rma Hastanesi\u2019nde tedavi g\u00f6ren kanser hastas\u0131 \u00e7ocuklara y\u00f6nelik bir projeye imza att\u0131. Proje kapsam\u0131nda, \u00e7ocuklar\u0131n ila\u00e7 ve t\u0131bbi malzeme ihtiya\u00e7lar\u0131 kar\u015f\u0131land\u0131. Etkinli\u011fin devam\u0131nda Antalya E\u011fitim Ara\u015ft\u0131rma Hastanesi\u2019nde tedavi g\u00f6ren \u00e7ocuklarla birlikte 23 Nisan kutlamas\u0131 yap\u0131ld\u0131. M\u00fczik e\u015fli\u011finde keyifli anlar ya\u015fanan kutlamaya, Antalya E\u011fitim Ara\u015ft\u0131rma Hastanesi Ba\u015fhekimi Do\u00e7. Dr. Orhan Aras, M\u00dcS\u0130AD Antalya Ba\u015fkan\u0131 Yusuf Akg\u00fcl ve Kad\u0131n Y\u00f6netim Kurulu \u00fcyeleri kat\u0131ld\u0131. M\u00dcS\u0130AD Antalya Ba\u015fkan\u0131 Yusuf Akg\u00fcl, &#8220;Bu anlaml\u0131 g\u00fcnde \u00e7ocuklar\u0131m\u0131z\u0131n y\u00fcz\u00fcnde bir tebess\u00fcm olu\u015fturabildiysek ne mutlu bize. Gelece\u011fimizin teminat\u0131 olan evlatlar\u0131m\u0131z i\u00e7in her zaman elimizi ta\u015f\u0131n alt\u0131na koymaya haz\u0131r\u0131z&#8221; dedi. Kaynak: www.kanalv.com.tr Haber Sitesinden Al\u0131nm\u0131\u015ft\u0131r.<\/p>","protected":false},"author":4,"featured_media":64814,"comment_status":"","ping_status":"open","sticky":false,"template":"","format":"standard","meta":{"_acf_changed":false,"footnotes":""},"categories":[26],"tags":[],"class_list":["post-64813","post","type-post","status-publish","format-standard","has-post-thumbnail","hentry","category-antalya"],"acf":[],"yoast_head":"<!-- This site is optimized with the Yoast SEO Premium plugin v26.6 (Yoast SEO v27.1.1) - https:\/\/yoast.com\/product\/yoast-seo-premium-wordpress\/ -->\n<title>M\u00dcS\u0130AD kanserle m\u00fccadele eden \u00e7ocuklar\u0131n y\u00fcz\u00fcn\u00fc g\u00fcld\u00fcrd\u00fc - Av. Deniz Can K\u0131z\u0131l<\/title>\n<meta name=\"robots\" content=\"index, follow, max-snippet:-1, max-image-preview:large, max-video-preview:-1\" \/>\n<link rel=\"canonical\" href=\"https:\/\/denizcankizil.tr\/de\/haberler\/antalya\/musiad-kanserle-mucadele-eden-cocuklarin-yuzunu-guldurdu\/\" \/>\n<meta property=\"og:locale\" content=\"de_DE\" \/>\n<meta property=\"og:type\" content=\"article\" \/>\n<meta property=\"og:title\" content=\"M\u00dcS\u0130AD kanserle m\u00fccadele eden \u00e7ocuklar\u0131n y\u00fcz\u00fcn\u00fc g\u00fcld\u00fcrd\u00fc\" \/>\n<meta property=\"og:description\" content=\"23 Nisan Ulusal Egemenlik ve \u00c7ocuk Bayram\u0131 kapsam\u0131nda M\u00dcS\u0130AD Antalya, Akdeniz \u00dcniversitesi T\u0131p Fak\u00fcltesi ve Antalya E\u011fitim Ara\u015ft\u0131rma Hastanesi\u2019nde tedavi g\u00f6ren kanser hastas\u0131 \u00e7ocuklara y\u00f6nelik bir projeye imza att\u0131. Proje kapsam\u0131nda, \u00e7ocuklar\u0131n ila\u00e7 ve t\u0131bbi malzeme ihtiya\u00e7lar\u0131 kar\u015f\u0131land\u0131. Etkinli\u011fin devam\u0131nda Antalya E\u011fitim Ara\u015ft\u0131rma Hastanesi\u2019nde tedavi g\u00f6ren \u00e7ocuklarla birlikte 23 Nisan kutlamas\u0131 yap\u0131ld\u0131. M\u00fczik e\u015fli\u011finde keyifli anlar ya\u015fanan kutlamaya, Antalya E\u011fitim Ara\u015ft\u0131rma Hastanesi Ba\u015fhekimi Do\u00e7. Dr. Orhan Aras, M\u00dcS\u0130AD Antalya Ba\u015fkan\u0131 Yusuf Akg\u00fcl ve Kad\u0131n Y\u00f6netim Kurulu \u00fcyeleri kat\u0131ld\u0131. M\u00dcS\u0130AD Antalya Ba\u015fkan\u0131 Yusuf Akg\u00fcl, &#8220;Bu anlaml\u0131 g\u00fcnde \u00e7ocuklar\u0131m\u0131z\u0131n y\u00fcz\u00fcnde bir tebess\u00fcm olu\u015fturabildiysek ne mutlu bize. Gelece\u011fimizin teminat\u0131 olan evlatlar\u0131m\u0131z i\u00e7in her zaman elimizi ta\u015f\u0131n alt\u0131na koymaya haz\u0131r\u0131z&#8221; dedi. Kaynak: www.kanalv.com.tr Haber Sitesinden Al\u0131nm\u0131\u015ft\u0131r.\" \/>\n<meta property=\"og:url\" content=\"https:\/\/denizcankizil.tr\/de\/haberler\/antalya\/musiad-kanserle-mucadele-eden-cocuklarin-yuzunu-guldurdu\/\" \/>\n<meta property=\"og:site_name\" content=\"Av. Deniz Can K\u0131z\u0131l\" \/>\n<meta property=\"article:published_time\" content=\"2025-04-24T07:41:18+00:00\" \/>\n<meta property=\"og:image\" content=\"https:\/\/denizcankizil.tr\/wp-content\/uploads\/2025\/04\/5968-01-ZzPK1H.jpg\" \/>\n\t<meta property=\"og:image:width\" content=\"1280\" \/>\n\t<meta property=\"og:image:height\" content=\"720\" \/>\n\t<meta property=\"og:image:type\" content=\"image\/jpeg\" \/>\n<meta name=\"author\" content=\"Av. Deniz Can K\u0131z\u0131l\" \/>\n<meta name=\"twitter:card\" content=\"summary_large_image\" \/>\n<meta name=\"twitter:label1\" content=\"Verfasst von\" \/>\n\t<meta name=\"twitter:data1\" content=\"Av. Deniz Can K\u0131z\u0131l\" \/>\n\t<meta name=\"twitter:label2\" content=\"Gesch\u00e4tzte Lesezeit\" \/>\n\t<meta name=\"twitter:data2\" content=\"1\u00a0Minute\" \/>\n<script type=\"application\/ld+json\" class=\"yoast-schema-graph\">{\"@context\":\"https:\/\/schema.org\",\"@graph\":[{\"@type\":\"Article\",\"@id\":\"https:\/\/denizcankizil.tr\/ru\/haberler\/antalya\/musiad-kanserle-mucadele-eden-cocuklarin-yuzunu-guldurdu\/#article\",\"isPartOf\":{\"@id\":\"https:\/\/denizcankizil.tr\/ru\/haberler\/antalya\/musiad-kanserle-mucadele-eden-cocuklarin-yuzunu-guldurdu\/\"},\"author\":{\"name\":\"Av. Deniz Can K\u0131z\u0131l\",\"@id\":\"https:\/\/denizcankizil.tr\/de\/#\/schema\/person\/5dc1b22991bd7ac833867c10afc9b0ff\"},\"headline\":\"M\u00dcS\u0130AD kanserle m\u00fccadele eden \u00e7ocuklar\u0131n y\u00fcz\u00fcn\u00fc g\u00fcld\u00fcrd\u00fc\",\"datePublished\":\"2025-04-24T07:41:18+00:00\",\"mainEntityOfPage\":{\"@id\":\"https:\/\/denizcankizil.tr\/ru\/haberler\/antalya\/musiad-kanserle-mucadele-eden-cocuklarin-yuzunu-guldurdu\/\"},\"wordCount\":190,\"publisher\":{\"@id\":\"https:\/\/denizcankizil.tr\/de\/#organization\"},\"image\":{\"@id\":\"https:\/\/denizcankizil.tr\/ru\/haberler\/antalya\/musiad-kanserle-mucadele-eden-cocuklarin-yuzunu-guldurdu\/#primaryimage\"},\"thumbnailUrl\":\"https:\/\/denizcankizil.tr\/wp-content\/uploads\/2025\/04\/5968-01-ZzPK1H.jpg\",\"articleSection\":[\"Antalya\"],\"inLanguage\":\"de\"},{\"@type\":\"WebPage\",\"@id\":\"https:\/\/denizcankizil.tr\/ru\/haberler\/antalya\/musiad-kanserle-mucadele-eden-cocuklarin-yuzunu-guldurdu\/\",\"url\":\"https:\/\/denizcankizil.tr\/ru\/haberler\/antalya\/musiad-kanserle-mucadele-eden-cocuklarin-yuzunu-guldurdu\/\",\"name\":\"M\u00dcS\u0130AD kanserle m\u00fccadele eden \u00e7ocuklar\u0131n y\u00fcz\u00fcn\u00fc g\u00fcld\u00fcrd\u00fc - Av. Deniz Can K\u0131z\u0131l\",\"isPartOf\":{\"@id\":\"https:\/\/denizcankizil.tr\/de\/#website\"},\"primaryImageOfPage\":{\"@id\":\"https:\/\/denizcankizil.tr\/ru\/haberler\/antalya\/musiad-kanserle-mucadele-eden-cocuklarin-yuzunu-guldurdu\/#primaryimage\"},\"image\":{\"@id\":\"https:\/\/denizcankizil.tr\/ru\/haberler\/antalya\/musiad-kanserle-mucadele-eden-cocuklarin-yuzunu-guldurdu\/#primaryimage\"},\"thumbnailUrl\":\"https:\/\/denizcankizil.tr\/wp-content\/uploads\/2025\/04\/5968-01-ZzPK1H.jpg\",\"datePublished\":\"2025-04-24T07:41:18+00:00\",\"breadcrumb\":{\"@id\":\"https:\/\/denizcankizil.tr\/ru\/haberler\/antalya\/musiad-kanserle-mucadele-eden-cocuklarin-yuzunu-guldurdu\/#breadcrumb\"},\"inLanguage\":\"de\",\"potentialAction\":[{\"@type\":\"ReadAction\",\"target\":[\"https:\/\/denizcankizil.tr\/ru\/haberler\/antalya\/musiad-kanserle-mucadele-eden-cocuklarin-yuzunu-guldurdu\/\"]}]},{\"@type\":\"ImageObject\",\"inLanguage\":\"de\",\"@id\":\"https:\/\/denizcankizil.tr\/ru\/haberler\/antalya\/musiad-kanserle-mucadele-eden-cocuklarin-yuzunu-guldurdu\/#primaryimage\",\"url\":\"https:\/\/denizcankizil.tr\/wp-content\/uploads\/2025\/04\/5968-01-ZzPK1H.jpg\",\"contentUrl\":\"https:\/\/denizcankizil.tr\/wp-content\/uploads\/2025\/04\/5968-01-ZzPK1H.jpg\",\"width\":1280,\"height\":720},{\"@type\":\"BreadcrumbList\",\"@id\":\"https:\/\/denizcankizil.tr\/ru\/haberler\/antalya\/musiad-kanserle-mucadele-eden-cocuklarin-yuzunu-guldurdu\/#breadcrumb\",\"itemListElement\":[{\"@type\":\"ListItem\",\"position\":1,\"name\":\"Home\",\"item\":\"https:\/\/denizcankizil.tr\/de\/\"},{\"@type\":\"ListItem\",\"position\":2,\"name\":\"M\u00dcS\u0130AD kanserle m\u00fccadele eden \u00e7ocuklar\u0131n y\u00fcz\u00fcn\u00fc g\u00fcld\u00fcrd\u00fc\"}]},{\"@type\":\"WebSite\",\"@id\":\"https:\/\/denizcankizil.tr\/de\/#website\",\"url\":\"https:\/\/denizcankizil.tr\/de\/\",\"name\":\"Av. Deniz Can K\u0131z\u0131l\",\"description\":\"Avukat Deniz Can K\u0131z\u0131l Antalya Barosu\",\"publisher\":{\"@id\":\"https:\/\/denizcankizil.tr\/de\/#organization\"},\"potentialAction\":[{\"@type\":\"SearchAction\",\"target\":{\"@type\":\"EntryPoint\",\"urlTemplate\":\"https:\/\/denizcankizil.tr\/de\/?s={search_term_string}\"},\"query-input\":{\"@type\":\"PropertyValueSpecification\",\"valueRequired\":true,\"valueName\":\"search_term_string\"}}],\"inLanguage\":\"de\"},{\"@type\":\"Organization\",\"@id\":\"https:\/\/denizcankizil.tr\/de\/#organization\",\"name\":\"Av. Deniz Can K\u0131z\u0131l\",\"url\":\"https:\/\/denizcankizil.tr\/de\/\",\"logo\":{\"@type\":\"ImageObject\",\"inLanguage\":\"de\",\"@id\":\"https:\/\/denizcankizil.tr\/de\/#\/schema\/logo\/image\/\",\"url\":\"https:\/\/denizcankizil.tr\/wp-content\/uploads\/2024\/10\/siyah-logo-svg.svg\",\"contentUrl\":\"https:\/\/denizcankizil.tr\/wp-content\/uploads\/2024\/10\/siyah-logo-svg.svg\",\"width\":1080,\"height\":1080,\"caption\":\"Av. Deniz Can K\u0131z\u0131l\"},\"image\":{\"@id\":\"https:\/\/denizcankizil.tr\/de\/#\/schema\/logo\/image\/\"}},{\"@type\":\"Person\",\"@id\":\"https:\/\/denizcankizil.tr\/de\/#\/schema\/person\/5dc1b22991bd7ac833867c10afc9b0ff\",\"name\":\"Av. Deniz Can K\u0131z\u0131l\",\"image\":{\"@type\":\"ImageObject\",\"inLanguage\":\"de\",\"@id\":\"https:\/\/denizcankizil.tr\/de\/#\/schema\/person\/image\/\",\"url\":\"https:\/\/secure.gravatar.com\/avatar\/a0b128fb9855c79efc976d5640eedb31dc35ec297594d6016d2cf7c60e975bb6?s=96&d=mm&r=g\",\"contentUrl\":\"https:\/\/secure.gravatar.com\/avatar\/a0b128fb9855c79efc976d5640eedb31dc35ec297594d6016d2cf7c60e975bb6?s=96&d=mm&r=g\",\"caption\":\"Av. Deniz Can K\u0131z\u0131l\"},\"sameAs\":[\"http:\/\/www.denizcankizil.tr\"],\"url\":\"https:\/\/denizcankizil.tr\/de\/author\/denizcankizil\/\"}]}<\/script>\n<!-- \/ Yoast SEO Premium plugin. -->","yoast_head_json":{"title":"M\u00dcS\u0130AD kanserle m\u00fccadele eden \u00e7ocuklar\u0131n y\u00fcz\u00fcn\u00fc g\u00fcld\u00fcrd\u00fc - Av. Deniz Can K\u0131z\u0131l","robots":{"index":"index","follow":"follow","max-snippet":"max-snippet:-1","max-image-preview":"max-image-preview:large","max-video-preview":"max-video-preview:-1"},"canonical":"https:\/\/denizcankizil.tr\/de\/haberler\/antalya\/musiad-kanserle-mucadele-eden-cocuklarin-yuzunu-guldurdu\/","og_locale":"de_DE","og_type":"article","og_title":"M\u00dcS\u0130AD kanserle m\u00fccadele eden \u00e7ocuklar\u0131n y\u00fcz\u00fcn\u00fc g\u00fcld\u00fcrd\u00fc","og_description":"23 Nisan Ulusal Egemenlik ve \u00c7ocuk Bayram\u0131 kapsam\u0131nda M\u00dcS\u0130AD Antalya, Akdeniz \u00dcniversitesi T\u0131p Fak\u00fcltesi ve Antalya E\u011fitim Ara\u015ft\u0131rma Hastanesi\u2019nde tedavi g\u00f6ren kanser hastas\u0131 \u00e7ocuklara y\u00f6nelik bir projeye imza att\u0131. Proje kapsam\u0131nda, \u00e7ocuklar\u0131n ila\u00e7 ve t\u0131bbi malzeme ihtiya\u00e7lar\u0131 kar\u015f\u0131land\u0131. Etkinli\u011fin devam\u0131nda Antalya E\u011fitim Ara\u015ft\u0131rma Hastanesi\u2019nde tedavi g\u00f6ren \u00e7ocuklarla birlikte 23 Nisan kutlamas\u0131 yap\u0131ld\u0131. M\u00fczik e\u015fli\u011finde keyifli anlar ya\u015fanan kutlamaya, Antalya E\u011fitim Ara\u015ft\u0131rma Hastanesi Ba\u015fhekimi Do\u00e7. Dr. Orhan Aras, M\u00dcS\u0130AD Antalya Ba\u015fkan\u0131 Yusuf Akg\u00fcl ve Kad\u0131n Y\u00f6netim Kurulu \u00fcyeleri kat\u0131ld\u0131. M\u00dcS\u0130AD Antalya Ba\u015fkan\u0131 Yusuf Akg\u00fcl, &#8220;Bu anlaml\u0131 g\u00fcnde \u00e7ocuklar\u0131m\u0131z\u0131n y\u00fcz\u00fcnde bir tebess\u00fcm olu\u015fturabildiysek ne mutlu bize. Gelece\u011fimizin teminat\u0131 olan evlatlar\u0131m\u0131z i\u00e7in her zaman elimizi ta\u015f\u0131n alt\u0131na koymaya haz\u0131r\u0131z&#8221; dedi. Kaynak: www.kanalv.com.tr Haber Sitesinden Al\u0131nm\u0131\u015ft\u0131r.","og_url":"https:\/\/denizcankizil.tr\/de\/haberler\/antalya\/musiad-kanserle-mucadele-eden-cocuklarin-yuzunu-guldurdu\/","og_site_name":"Av. Deniz Can K\u0131z\u0131l","article_published_time":"2025-04-24T07:41:18+00:00","og_image":[{"width":1280,"height":720,"url":"https:\/\/denizcankizil.tr\/wp-content\/uploads\/2025\/04\/5968-01-ZzPK1H.jpg","type":"image\/jpeg"}],"author":"Av. Deniz Can K\u0131z\u0131l","twitter_card":"summary_large_image","twitter_misc":{"Verfasst von":"Av. Deniz Can K\u0131z\u0131l","Gesch\u00e4tzte Lesezeit":"1\u00a0Minute"},"schema":{"@context":"https:\/\/schema.org","@graph":[{"@type":"Article","@id":"https:\/\/denizcankizil.tr\/ru\/haberler\/antalya\/musiad-kanserle-mucadele-eden-cocuklarin-yuzunu-guldurdu\/#article","isPartOf":{"@id":"https:\/\/denizcankizil.tr\/ru\/haberler\/antalya\/musiad-kanserle-mucadele-eden-cocuklarin-yuzunu-guldurdu\/"},"author":{"name":"Av. Deniz Can K\u0131z\u0131l","@id":"https:\/\/denizcankizil.tr\/de\/#\/schema\/person\/5dc1b22991bd7ac833867c10afc9b0ff"},"headline":"M\u00dcS\u0130AD kanserle m\u00fccadele eden \u00e7ocuklar\u0131n y\u00fcz\u00fcn\u00fc g\u00fcld\u00fcrd\u00fc","datePublished":"2025-04-24T07:41:18+00:00","mainEntityOfPage":{"@id":"https:\/\/denizcankizil.tr\/ru\/haberler\/antalya\/musiad-kanserle-mucadele-eden-cocuklarin-yuzunu-guldurdu\/"},"wordCount":190,"publisher":{"@id":"https:\/\/denizcankizil.tr\/de\/#organization"},"image":{"@id":"https:\/\/denizcankizil.tr\/ru\/haberler\/antalya\/musiad-kanserle-mucadele-eden-cocuklarin-yuzunu-guldurdu\/#primaryimage"},"thumbnailUrl":"https:\/\/denizcankizil.tr\/wp-content\/uploads\/2025\/04\/5968-01-ZzPK1H.jpg","articleSection":["Antalya"],"inLanguage":"de"},{"@type":"WebPage","@id":"https:\/\/denizcankizil.tr\/ru\/haberler\/antalya\/musiad-kanserle-mucadele-eden-cocuklarin-yuzunu-guldurdu\/","url":"https:\/\/denizcankizil.tr\/ru\/haberler\/antalya\/musiad-kanserle-mucadele-eden-cocuklarin-yuzunu-guldurdu\/","name":"M\u00dcS\u0130AD kanserle m\u00fccadele eden \u00e7ocuklar\u0131n y\u00fcz\u00fcn\u00fc g\u00fcld\u00fcrd\u00fc - Av. Deniz Can K\u0131z\u0131l","isPartOf":{"@id":"https:\/\/denizcankizil.tr\/de\/#website"},"primaryImageOfPage":{"@id":"https:\/\/denizcankizil.tr\/ru\/haberler\/antalya\/musiad-kanserle-mucadele-eden-cocuklarin-yuzunu-guldurdu\/#primaryimage"},"image":{"@id":"https:\/\/denizcankizil.tr\/ru\/haberler\/antalya\/musiad-kanserle-mucadele-eden-cocuklarin-yuzunu-guldurdu\/#primaryimage"},"thumbnailUrl":"https:\/\/denizcankizil.tr\/wp-content\/uploads\/2025\/04\/5968-01-ZzPK1H.jpg","datePublished":"2025-04-24T07:41:18+00:00","breadcrumb":{"@id":"https:\/\/denizcankizil.tr\/ru\/haberler\/antalya\/musiad-kanserle-mucadele-eden-cocuklarin-yuzunu-guldurdu\/#breadcrumb"},"inLanguage":"de","potentialAction":[{"@type":"ReadAction","target":["https:\/\/denizcankizil.tr\/ru\/haberler\/antalya\/musiad-kanserle-mucadele-eden-cocuklarin-yuzunu-guldurdu\/"]}]},{"@type":"ImageObject","inLanguage":"de","@id":"https:\/\/denizcankizil.tr\/ru\/haberler\/antalya\/musiad-kanserle-mucadele-eden-cocuklarin-yuzunu-guldurdu\/#primaryimage","url":"https:\/\/denizcankizil.tr\/wp-content\/uploads\/2025\/04\/5968-01-ZzPK1H.jpg","contentUrl":"https:\/\/denizcankizil.tr\/wp-content\/uploads\/2025\/04\/5968-01-ZzPK1H.jpg","width":1280,"height":720},{"@type":"BreadcrumbList","@id":"https:\/\/denizcankizil.tr\/ru\/haberler\/antalya\/musiad-kanserle-mucadele-eden-cocuklarin-yuzunu-guldurdu\/#breadcrumb","itemListElement":[{"@type":"ListItem","position":1,"name":"Home","item":"https:\/\/denizcankizil.tr\/de\/"},{"@type":"ListItem","position":2,"name":"M\u00dcS\u0130AD kanserle m\u00fccadele eden \u00e7ocuklar\u0131n y\u00fcz\u00fcn\u00fc g\u00fcld\u00fcrd\u00fc"}]},{"@type":"WebSite","@id":"https:\/\/denizcankizil.tr\/de\/#website","url":"https:\/\/denizcankizil.tr\/de\/","name":"Av. Deniz Can K\u0131z\u0131l","description":"Avukat Deniz Can K\u0131z\u0131l Antalya Barosu","publisher":{"@id":"https:\/\/denizcankizil.tr\/de\/#organization"},"potentialAction":[{"@type":"SearchAction","target":{"@type":"EntryPoint","urlTemplate":"https:\/\/denizcankizil.tr\/de\/?s={search_term_string}"},"query-input":{"@type":"PropertyValueSpecification","valueRequired":true,"valueName":"search_term_string"}}],"inLanguage":"de"},{"@type":"Organization","@id":"https:\/\/denizcankizil.tr\/de\/#organization","name":"Av. Deniz Can K\u0131z\u0131l","url":"https:\/\/denizcankizil.tr\/de\/","logo":{"@type":"ImageObject","inLanguage":"de","@id":"https:\/\/denizcankizil.tr\/de\/#\/schema\/logo\/image\/","url":"https:\/\/denizcankizil.tr\/wp-content\/uploads\/2024\/10\/siyah-logo-svg.svg","contentUrl":"https:\/\/denizcankizil.tr\/wp-content\/uploads\/2024\/10\/siyah-logo-svg.svg","width":1080,"height":1080,"caption":"Av. Deniz Can K\u0131z\u0131l"},"image":{"@id":"https:\/\/denizcankizil.tr\/de\/#\/schema\/logo\/image\/"}},{"@type":"Person","@id":"https:\/\/denizcankizil.tr\/de\/#\/schema\/person\/5dc1b22991bd7ac833867c10afc9b0ff","name":"Av. Deniz Can K\u0131z\u0131l","image":{"@type":"ImageObject","inLanguage":"de","@id":"https:\/\/denizcankizil.tr\/de\/#\/schema\/person\/image\/","url":"https:\/\/secure.gravatar.com\/avatar\/a0b128fb9855c79efc976d5640eedb31dc35ec297594d6016d2cf7c60e975bb6?s=96&d=mm&r=g","contentUrl":"https:\/\/secure.gravatar.com\/avatar\/a0b128fb9855c79efc976d5640eedb31dc35ec297594d6016d2cf7c60e975bb6?s=96&d=mm&r=g","caption":"Av. Deniz Can K\u0131z\u0131l"},"sameAs":["http:\/\/www.denizcankizil.tr"],"url":"https:\/\/denizcankizil.tr\/de\/author\/denizcankizil\/"}]}},"_links":{"self":[{"href":"https:\/\/denizcankizil.tr\/de\/wp-json\/wp\/v2\/posts\/64813","targetHints":{"allow":["GET"]}}],"collection":[{"href":"https:\/\/denizcankizil.tr\/de\/wp-json\/wp\/v2\/posts"}],"about":[{"href":"https:\/\/denizcankizil.tr\/de\/wp-json\/wp\/v2\/types\/post"}],"author":[{"embeddable":true,"href":"https:\/\/denizcankizil.tr\/de\/wp-json\/wp\/v2\/users\/4"}],"replies":[{"embeddable":true,"href":"https:\/\/denizcankizil.tr\/de\/wp-json\/wp\/v2\/comments?post=64813"}],"version-history":[{"count":0,"href":"https:\/\/denizcankizil.tr\/de\/wp-json\/wp\/v2\/posts\/64813\/revisions"}],"wp:featuredmedia":[{"embeddable":true,"href":"https:\/\/denizcankizil.tr\/de\/wp-json\/wp\/v2\/media\/64814"}],"wp:attachment":[{"href":"https:\/\/denizcankizil.tr\/de\/wp-json\/wp\/v2\/media?parent=64813"}],"wp:term":[{"taxonomy":"category","embeddable":true,"href":"https:\/\/denizcankizil.tr\/de\/wp-json\/wp\/v2\/categories?post=64813"},{"taxonomy":"post_tag","embeddable":true,"href":"https:\/\/denizcankizil.tr\/de\/wp-json\/wp\/v2\/tags?post=64813"}],"curies":[{"name":"wp","href":"https:\/\/api.w.org\/{rel}","templated":true}]}}