{"id":64771,"date":"2025-04-24T09:41:16","date_gmt":"2025-04-24T06:41:16","guid":{"rendered":"https:\/\/denizcankizil.tr\/uncategorized-tr\/istanbulun-ardindan-denizlide-deprem\/"},"modified":"2025-04-24T09:41:16","modified_gmt":"2025-04-24T06:41:16","slug":"istanbulun-ardindan-denizlide-deprem","status":"publish","type":"post","link":"https:\/\/denizcankizil.tr\/de\/haberler\/gundem\/istanbulun-ardindan-denizlide-deprem\/","title":{"rendered":"\u0130stanbul&#8217;un ard\u0131ndan Denizli&#8217;de deprem!"},"content":{"rendered":"<p>Silivri merkezli \u0130stanbul\u2019da meydana gelen 6.2 b\u00fcy\u00fckl\u00fc\u011f\u00fcndeki depremin ard\u0131ndan Denizli&#8217;nin Pamukkale il\u00e7esinde deprem meydana geldi. Orta \u015fiddetli meydana gelen depremde can ve mal kayb\u0131n\u0131n olmad\u0131\u011f\u0131 \u00f6\u011frenildi.<\/p>\n<p>DEPREM, DEN\u0130ZL\u0130 \u0130L GENEL\u0130NDE H\u0130SSED\u0130LD\u0130 <\/p>\n<p>Afet ve Acil Durum Y\u00f6netimi Ba\u015fkanl\u0131\u011f\u0131n\u0131n (AFAD) a\u00e7\u0131klad\u0131\u011f\u0131 verilere g\u00f6re, saat 03.30\u2019da merkez \u00fcss\u00fc Denizli\u2019nin Pamukkale il\u00e7esine ba\u011fl\u0131 Irganl\u0131 Mahallesi olan 3.9 b\u00fcy\u00fckl\u00fc\u011f\u00fcnde orta \u015fiddette bir deprem meydana geldi. Yer kabu\u011funun 13.34 kilometre derinli\u011finde kaydedilen deprem Denizli il genelinde hissedildi. K\u0131sa s\u00fcreli\u011fine pani\u011fe neden olan depremle ilgili her hangi bir can ve mal kayb\u0131n\u0131n olmad\u0131\u011f\u0131 bildirildi.<\/p>\n<p>\u200b\u0130stanbul&#8217;da d\u00fcn (23 Nisan) meydana gelen 6.2 b\u00fcy\u00fckl\u00fc\u011f\u00fcn ard\u0131ndan Denizli&#8217;nin Pamukkale il\u00e7esinde saat 03.30&#8217;da 3.9 b\u00fcy\u00fckl\u00fc\u011f\u00fcnde deprem meydana geldi.\u00a0<\/p>\n<p>\u200bHaberin Al\u0131nt\u0131land\u0131\u011f\u0131 Kaynak: www.antalyakorfez.com<\/p>","protected":false},"excerpt":{"rendered":"<p>Silivri merkezli \u0130stanbul\u2019da meydana gelen 6.2 b\u00fcy\u00fckl\u00fc\u011f\u00fcndeki depremin ard\u0131ndan Denizli&#8217;nin Pamukkale il\u00e7esinde deprem meydana geldi. Orta \u015fiddetli meydana gelen depremde can ve mal kayb\u0131n\u0131n olmad\u0131\u011f\u0131 \u00f6\u011frenildi. DEPREM, DEN\u0130ZL\u0130 \u0130L GENEL\u0130NDE H\u0130SSED\u0130LD\u0130 Afet ve Acil Durum Y\u00f6netimi Ba\u015fkanl\u0131\u011f\u0131n\u0131n (AFAD) a\u00e7\u0131klad\u0131\u011f\u0131 verilere g\u00f6re, saat 03.30\u2019da merkez \u00fcss\u00fc Denizli\u2019nin Pamukkale il\u00e7esine ba\u011fl\u0131 Irganl\u0131 Mahallesi olan 3.9 b\u00fcy\u00fckl\u00fc\u011f\u00fcnde orta \u015fiddette bir deprem meydana geldi. Yer kabu\u011funun 13.34 kilometre derinli\u011finde kaydedilen deprem Denizli il genelinde hissedildi. K\u0131sa s\u00fcreli\u011fine pani\u011fe neden olan depremle ilgili her hangi bir can ve mal kayb\u0131n\u0131n olmad\u0131\u011f\u0131 bildirildi. \u200b\u0130stanbul&#8217;da d\u00fcn (23 Nisan) meydana gelen 6.2 b\u00fcy\u00fckl\u00fc\u011f\u00fcn ard\u0131ndan Denizli&#8217;nin Pamukkale il\u00e7esinde saat 03.30&#8217;da 3.9 b\u00fcy\u00fckl\u00fc\u011f\u00fcnde deprem meydana geldi.\u00a0 \u200bHaberin Al\u0131nt\u0131land\u0131\u011f\u0131 Kaynak: www.antalyakorfez.com<\/p>","protected":false},"author":5,"featured_media":0,"comment_status":"","ping_status":"open","sticky":false,"template":"","format":"standard","meta":{"_acf_changed":false,"footnotes":""},"categories":[24],"tags":[],"class_list":["post-64771","post","type-post","status-publish","format-standard","has-post-thumbnail","hentry","category-gundem"],"acf":[],"yoast_head":"<!-- This site is optimized with the Yoast SEO Premium plugin v26.6 (Yoast SEO v27.1.1) - https:\/\/yoast.com\/product\/yoast-seo-premium-wordpress\/ -->\n<title>\u0130stanbul&#039;un ard\u0131ndan Denizli&#039;de deprem! - Av. Deniz Can K\u0131z\u0131l<\/title>\n<meta name=\"robots\" content=\"index, follow, max-snippet:-1, max-image-preview:large, max-video-preview:-1\" \/>\n<link rel=\"canonical\" href=\"https:\/\/denizcankizil.tr\/de\/haberler\/gundem\/istanbulun-ardindan-denizlide-deprem\/\" \/>\n<meta property=\"og:locale\" content=\"de_DE\" \/>\n<meta property=\"og:type\" content=\"article\" \/>\n<meta property=\"og:title\" content=\"\u0130stanbul&#039;un ard\u0131ndan Denizli&#039;de deprem!\" \/>\n<meta property=\"og:description\" content=\"Silivri merkezli \u0130stanbul\u2019da meydana gelen 6.2 b\u00fcy\u00fckl\u00fc\u011f\u00fcndeki depremin ard\u0131ndan Denizli&#8217;nin Pamukkale il\u00e7esinde deprem meydana geldi. Orta \u015fiddetli meydana gelen depremde can ve mal kayb\u0131n\u0131n olmad\u0131\u011f\u0131 \u00f6\u011frenildi. DEPREM, DEN\u0130ZL\u0130 \u0130L GENEL\u0130NDE H\u0130SSED\u0130LD\u0130 Afet ve Acil Durum Y\u00f6netimi Ba\u015fkanl\u0131\u011f\u0131n\u0131n (AFAD) a\u00e7\u0131klad\u0131\u011f\u0131 verilere g\u00f6re, saat 03.30\u2019da merkez \u00fcss\u00fc Denizli\u2019nin Pamukkale il\u00e7esine ba\u011fl\u0131 Irganl\u0131 Mahallesi olan 3.9 b\u00fcy\u00fckl\u00fc\u011f\u00fcnde orta \u015fiddette bir deprem meydana geldi. Yer kabu\u011funun 13.34 kilometre derinli\u011finde kaydedilen deprem Denizli il genelinde hissedildi. K\u0131sa s\u00fcreli\u011fine pani\u011fe neden olan depremle ilgili her hangi bir can ve mal kayb\u0131n\u0131n olmad\u0131\u011f\u0131 bildirildi. \u200b\u0130stanbul&#8217;da d\u00fcn (23 Nisan) meydana gelen 6.2 b\u00fcy\u00fckl\u00fc\u011f\u00fcn ard\u0131ndan Denizli&#8217;nin Pamukkale il\u00e7esinde saat 03.30&#8217;da 3.9 b\u00fcy\u00fckl\u00fc\u011f\u00fcnde deprem meydana geldi.\u00a0 \u200bHaberin Al\u0131nt\u0131land\u0131\u011f\u0131 Kaynak: www.antalyakorfez.com\" \/>\n<meta property=\"og:url\" content=\"https:\/\/denizcankizil.tr\/de\/haberler\/gundem\/istanbulun-ardindan-denizlide-deprem\/\" \/>\n<meta property=\"og:site_name\" content=\"Av. Deniz Can K\u0131z\u0131l\" \/>\n<meta property=\"article:published_time\" content=\"2025-04-24T06:41:16+00:00\" \/>\n<meta name=\"author\" content=\"Antalya K\u00f6rfez\" \/>\n<meta name=\"twitter:card\" content=\"summary_large_image\" \/>\n<meta name=\"twitter:label1\" content=\"Verfasst von\" \/>\n\t<meta name=\"twitter:data1\" content=\"Antalya K\u00f6rfez\" \/>\n\t<meta name=\"twitter:label2\" content=\"Gesch\u00e4tzte Lesezeit\" \/>\n\t<meta name=\"twitter:data2\" content=\"1\u00a0Minute\" \/>\n<script type=\"application\/ld+json\" class=\"yoast-schema-graph\">{\"@context\":\"https:\/\/schema.org\",\"@graph\":[{\"@type\":\"Article\",\"@id\":\"https:\/\/denizcankizil.tr\/de\/haberler\/gundem\/istanbulun-ardindan-denizlide-deprem\/#article\",\"isPartOf\":{\"@id\":\"https:\/\/denizcankizil.tr\/de\/haberler\/gundem\/istanbulun-ardindan-denizlide-deprem\/\"},\"author\":{\"name\":\"Antalya K\u00f6rfez\",\"@id\":\"https:\/\/denizcankizil.tr\/de\/#\/schema\/person\/e1eb71bb4dd684d46563f0af307e1234\"},\"headline\":\"\u0130stanbul&#8217;un ard\u0131ndan Denizli&#8217;de deprem!\",\"datePublished\":\"2025-04-24T06:41:16+00:00\",\"mainEntityOfPage\":{\"@id\":\"https:\/\/denizcankizil.tr\/de\/haberler\/gundem\/istanbulun-ardindan-denizlide-deprem\/\"},\"wordCount\":159,\"publisher\":{\"@id\":\"https:\/\/denizcankizil.tr\/de\/#organization\"},\"articleSection\":[\"G\u00fcndem\"],\"inLanguage\":\"de\"},{\"@type\":\"WebPage\",\"@id\":\"https:\/\/denizcankizil.tr\/de\/haberler\/gundem\/istanbulun-ardindan-denizlide-deprem\/\",\"url\":\"https:\/\/denizcankizil.tr\/de\/haberler\/gundem\/istanbulun-ardindan-denizlide-deprem\/\",\"name\":\"\u0130stanbul'un ard\u0131ndan Denizli'de deprem! - Av. Deniz Can K\u0131z\u0131l\",\"isPartOf\":{\"@id\":\"https:\/\/denizcankizil.tr\/de\/#website\"},\"datePublished\":\"2025-04-24T06:41:16+00:00\",\"breadcrumb\":{\"@id\":\"https:\/\/denizcankizil.tr\/de\/haberler\/gundem\/istanbulun-ardindan-denizlide-deprem\/#breadcrumb\"},\"inLanguage\":\"de\",\"potentialAction\":[{\"@type\":\"ReadAction\",\"target\":[\"https:\/\/denizcankizil.tr\/de\/haberler\/gundem\/istanbulun-ardindan-denizlide-deprem\/\"]}]},{\"@type\":\"BreadcrumbList\",\"@id\":\"https:\/\/denizcankizil.tr\/de\/haberler\/gundem\/istanbulun-ardindan-denizlide-deprem\/#breadcrumb\",\"itemListElement\":[{\"@type\":\"ListItem\",\"position\":1,\"name\":\"Home\",\"item\":\"https:\/\/denizcankizil.tr\/de\/\"},{\"@type\":\"ListItem\",\"position\":2,\"name\":\"\u0130stanbul&#8217;un ard\u0131ndan Denizli&#8217;de deprem!\"}]},{\"@type\":\"WebSite\",\"@id\":\"https:\/\/denizcankizil.tr\/de\/#website\",\"url\":\"https:\/\/denizcankizil.tr\/de\/\",\"name\":\"Av. Deniz Can K\u0131z\u0131l\",\"description\":\"Avukat Deniz Can K\u0131z\u0131l Antalya Barosu\",\"publisher\":{\"@id\":\"https:\/\/denizcankizil.tr\/de\/#organization\"},\"potentialAction\":[{\"@type\":\"SearchAction\",\"target\":{\"@type\":\"EntryPoint\",\"urlTemplate\":\"https:\/\/denizcankizil.tr\/de\/?s={search_term_string}\"},\"query-input\":{\"@type\":\"PropertyValueSpecification\",\"valueRequired\":true,\"valueName\":\"search_term_string\"}}],\"inLanguage\":\"de\"},{\"@type\":\"Organization\",\"@id\":\"https:\/\/denizcankizil.tr\/de\/#organization\",\"name\":\"Av. Deniz Can K\u0131z\u0131l\",\"url\":\"https:\/\/denizcankizil.tr\/de\/\",\"logo\":{\"@type\":\"ImageObject\",\"inLanguage\":\"de\",\"@id\":\"https:\/\/denizcankizil.tr\/de\/#\/schema\/logo\/image\/\",\"url\":\"https:\/\/denizcankizil.tr\/wp-content\/uploads\/2024\/10\/siyah-logo-svg.svg\",\"contentUrl\":\"https:\/\/denizcankizil.tr\/wp-content\/uploads\/2024\/10\/siyah-logo-svg.svg\",\"width\":1080,\"height\":1080,\"caption\":\"Av. Deniz Can K\u0131z\u0131l\"},\"image\":{\"@id\":\"https:\/\/denizcankizil.tr\/de\/#\/schema\/logo\/image\/\"}},{\"@type\":\"Person\",\"@id\":\"https:\/\/denizcankizil.tr\/de\/#\/schema\/person\/e1eb71bb4dd684d46563f0af307e1234\",\"name\":\"Antalya K\u00f6rfez\",\"image\":{\"@type\":\"ImageObject\",\"inLanguage\":\"de\",\"@id\":\"https:\/\/denizcankizil.tr\/de\/#\/schema\/person\/image\/\",\"url\":\"https:\/\/secure.gravatar.com\/avatar\/42b01982558a48a0b501fdcab6a408d3717ea5919095ee2e67b0e521799c5905?s=96&d=mm&r=g\",\"contentUrl\":\"https:\/\/secure.gravatar.com\/avatar\/42b01982558a48a0b501fdcab6a408d3717ea5919095ee2e67b0e521799c5905?s=96&d=mm&r=g\",\"caption\":\"Antalya K\u00f6rfez\"},\"sameAs\":[\"http:\/\/www.antalyakorfez.com\"],\"url\":\"https:\/\/www.antalyakorfez.com\/istanbulun-ardindan-denizlide-deprem\"}]}<\/script>\n<!-- \/ Yoast SEO Premium plugin. -->","yoast_head_json":{"title":"\u0130stanbul'un ard\u0131ndan Denizli'de deprem! - Av. Deniz Can K\u0131z\u0131l","robots":{"index":"index","follow":"follow","max-snippet":"max-snippet:-1","max-image-preview":"max-image-preview:large","max-video-preview":"max-video-preview:-1"},"canonical":"https:\/\/denizcankizil.tr\/de\/haberler\/gundem\/istanbulun-ardindan-denizlide-deprem\/","og_locale":"de_DE","og_type":"article","og_title":"\u0130stanbul'un ard\u0131ndan Denizli'de deprem!","og_description":"Silivri merkezli \u0130stanbul\u2019da meydana gelen 6.2 b\u00fcy\u00fckl\u00fc\u011f\u00fcndeki depremin ard\u0131ndan Denizli&#8217;nin Pamukkale il\u00e7esinde deprem meydana geldi. Orta \u015fiddetli meydana gelen depremde can ve mal kayb\u0131n\u0131n olmad\u0131\u011f\u0131 \u00f6\u011frenildi. DEPREM, DEN\u0130ZL\u0130 \u0130L GENEL\u0130NDE H\u0130SSED\u0130LD\u0130 Afet ve Acil Durum Y\u00f6netimi Ba\u015fkanl\u0131\u011f\u0131n\u0131n (AFAD) a\u00e7\u0131klad\u0131\u011f\u0131 verilere g\u00f6re, saat 03.30\u2019da merkez \u00fcss\u00fc Denizli\u2019nin Pamukkale il\u00e7esine ba\u011fl\u0131 Irganl\u0131 Mahallesi olan 3.9 b\u00fcy\u00fckl\u00fc\u011f\u00fcnde orta \u015fiddette bir deprem meydana geldi. Yer kabu\u011funun 13.34 kilometre derinli\u011finde kaydedilen deprem Denizli il genelinde hissedildi. K\u0131sa s\u00fcreli\u011fine pani\u011fe neden olan depremle ilgili her hangi bir can ve mal kayb\u0131n\u0131n olmad\u0131\u011f\u0131 bildirildi. \u200b\u0130stanbul&#8217;da d\u00fcn (23 Nisan) meydana gelen 6.2 b\u00fcy\u00fckl\u00fc\u011f\u00fcn ard\u0131ndan Denizli&#8217;nin Pamukkale il\u00e7esinde saat 03.30&#8217;da 3.9 b\u00fcy\u00fckl\u00fc\u011f\u00fcnde deprem meydana geldi.\u00a0 \u200bHaberin Al\u0131nt\u0131land\u0131\u011f\u0131 Kaynak: www.antalyakorfez.com","og_url":"https:\/\/denizcankizil.tr\/de\/haberler\/gundem\/istanbulun-ardindan-denizlide-deprem\/","og_site_name":"Av. Deniz Can K\u0131z\u0131l","article_published_time":"2025-04-24T06:41:16+00:00","author":"Antalya K\u00f6rfez","twitter_card":"summary_large_image","twitter_misc":{"Verfasst von":"Antalya K\u00f6rfez","Gesch\u00e4tzte Lesezeit":"1\u00a0Minute"},"schema":{"@context":"https:\/\/schema.org","@graph":[{"@type":"Article","@id":"https:\/\/denizcankizil.tr\/de\/haberler\/gundem\/istanbulun-ardindan-denizlide-deprem\/#article","isPartOf":{"@id":"https:\/\/denizcankizil.tr\/de\/haberler\/gundem\/istanbulun-ardindan-denizlide-deprem\/"},"author":{"name":"Antalya K\u00f6rfez","@id":"https:\/\/denizcankizil.tr\/de\/#\/schema\/person\/e1eb71bb4dd684d46563f0af307e1234"},"headline":"\u0130stanbul&#8217;un ard\u0131ndan Denizli&#8217;de deprem!","datePublished":"2025-04-24T06:41:16+00:00","mainEntityOfPage":{"@id":"https:\/\/denizcankizil.tr\/de\/haberler\/gundem\/istanbulun-ardindan-denizlide-deprem\/"},"wordCount":159,"publisher":{"@id":"https:\/\/denizcankizil.tr\/de\/#organization"},"articleSection":["G\u00fcndem"],"inLanguage":"de"},{"@type":"WebPage","@id":"https:\/\/denizcankizil.tr\/de\/haberler\/gundem\/istanbulun-ardindan-denizlide-deprem\/","url":"https:\/\/denizcankizil.tr\/de\/haberler\/gundem\/istanbulun-ardindan-denizlide-deprem\/","name":"\u0130stanbul'un ard\u0131ndan Denizli'de deprem! - Av. Deniz Can K\u0131z\u0131l","isPartOf":{"@id":"https:\/\/denizcankizil.tr\/de\/#website"},"datePublished":"2025-04-24T06:41:16+00:00","breadcrumb":{"@id":"https:\/\/denizcankizil.tr\/de\/haberler\/gundem\/istanbulun-ardindan-denizlide-deprem\/#breadcrumb"},"inLanguage":"de","potentialAction":[{"@type":"ReadAction","target":["https:\/\/denizcankizil.tr\/de\/haberler\/gundem\/istanbulun-ardindan-denizlide-deprem\/"]}]},{"@type":"BreadcrumbList","@id":"https:\/\/denizcankizil.tr\/de\/haberler\/gundem\/istanbulun-ardindan-denizlide-deprem\/#breadcrumb","itemListElement":[{"@type":"ListItem","position":1,"name":"Home","item":"https:\/\/denizcankizil.tr\/de\/"},{"@type":"ListItem","position":2,"name":"\u0130stanbul&#8217;un ard\u0131ndan Denizli&#8217;de deprem!"}]},{"@type":"WebSite","@id":"https:\/\/denizcankizil.tr\/de\/#website","url":"https:\/\/denizcankizil.tr\/de\/","name":"Av. Deniz Can K\u0131z\u0131l","description":"Avukat Deniz Can K\u0131z\u0131l Antalya Barosu","publisher":{"@id":"https:\/\/denizcankizil.tr\/de\/#organization"},"potentialAction":[{"@type":"SearchAction","target":{"@type":"EntryPoint","urlTemplate":"https:\/\/denizcankizil.tr\/de\/?s={search_term_string}"},"query-input":{"@type":"PropertyValueSpecification","valueRequired":true,"valueName":"search_term_string"}}],"inLanguage":"de"},{"@type":"Organization","@id":"https:\/\/denizcankizil.tr\/de\/#organization","name":"Av. Deniz Can K\u0131z\u0131l","url":"https:\/\/denizcankizil.tr\/de\/","logo":{"@type":"ImageObject","inLanguage":"de","@id":"https:\/\/denizcankizil.tr\/de\/#\/schema\/logo\/image\/","url":"https:\/\/denizcankizil.tr\/wp-content\/uploads\/2024\/10\/siyah-logo-svg.svg","contentUrl":"https:\/\/denizcankizil.tr\/wp-content\/uploads\/2024\/10\/siyah-logo-svg.svg","width":1080,"height":1080,"caption":"Av. Deniz Can K\u0131z\u0131l"},"image":{"@id":"https:\/\/denizcankizil.tr\/de\/#\/schema\/logo\/image\/"}},{"@type":"Person","@id":"https:\/\/denizcankizil.tr\/de\/#\/schema\/person\/e1eb71bb4dd684d46563f0af307e1234","name":"Antalya K\u00f6rfez","image":{"@type":"ImageObject","inLanguage":"de","@id":"https:\/\/denizcankizil.tr\/de\/#\/schema\/person\/image\/","url":"https:\/\/secure.gravatar.com\/avatar\/42b01982558a48a0b501fdcab6a408d3717ea5919095ee2e67b0e521799c5905?s=96&d=mm&r=g","contentUrl":"https:\/\/secure.gravatar.com\/avatar\/42b01982558a48a0b501fdcab6a408d3717ea5919095ee2e67b0e521799c5905?s=96&d=mm&r=g","caption":"Antalya K\u00f6rfez"},"sameAs":["http:\/\/www.antalyakorfez.com"],"url":"https:\/\/www.antalyakorfez.com\/istanbulun-ardindan-denizlide-deprem"}]}},"_links":{"self":[{"href":"https:\/\/denizcankizil.tr\/de\/wp-json\/wp\/v2\/posts\/64771","targetHints":{"allow":["GET"]}}],"collection":[{"href":"https:\/\/denizcankizil.tr\/de\/wp-json\/wp\/v2\/posts"}],"about":[{"href":"https:\/\/denizcankizil.tr\/de\/wp-json\/wp\/v2\/types\/post"}],"author":[{"embeddable":true,"href":"https:\/\/denizcankizil.tr\/de\/wp-json\/wp\/v2\/users\/5"}],"replies":[{"embeddable":true,"href":"https:\/\/denizcankizil.tr\/de\/wp-json\/wp\/v2\/comments?post=64771"}],"version-history":[{"count":0,"href":"https:\/\/denizcankizil.tr\/de\/wp-json\/wp\/v2\/posts\/64771\/revisions"}],"wp:attachment":[{"href":"https:\/\/denizcankizil.tr\/de\/wp-json\/wp\/v2\/media?parent=64771"}],"wp:term":[{"taxonomy":"category","embeddable":true,"href":"https:\/\/denizcankizil.tr\/de\/wp-json\/wp\/v2\/categories?post=64771"},{"taxonomy":"post_tag","embeddable":true,"href":"https:\/\/denizcankizil.tr\/de\/wp-json\/wp\/v2\/tags?post=64771"}],"curies":[{"name":"wp","href":"https:\/\/api.w.org\/{rel}","templated":true}]}}