{"id":64079,"date":"2025-04-23T17:41:40","date_gmt":"2025-04-23T14:41:40","guid":{"rendered":"https:\/\/denizcankizil.tr\/uncategorized-tr\/istanbulda-deprem-panigi-kimse-evine-giremiyor-siren-sesleri-susmuyor\/"},"modified":"2025-04-23T17:41:40","modified_gmt":"2025-04-23T14:41:40","slug":"istanbulda-deprem-panigi-kimse-evine-giremiyor-siren-sesleri-susmuyor","status":"publish","type":"post","link":"https:\/\/denizcankizil.tr\/de\/haberler\/gundem\/istanbulda-deprem-panigi-kimse-evine-giremiyor-siren-sesleri-susmuyor\/","title":{"rendered":"\u0130stanbul&#8217;da deprem pani\u011fi: Kimse evine giremiyor, siren sesleri susmuyor"},"content":{"rendered":"<p>\u0130stanbul&#8217;da saat 12.49&#8217;da meydana gelen 6,2 b\u00fcy\u00fckl\u00fc\u011f\u00fcndeki deprem, Megakent&#8217;te b\u00fcy\u00fck pani\u011fe yol a\u00e7t\u0131. 13 saniye s\u00fcren deprem, sadece \u0130stanbul&#8217;da de\u011fil Marmara B\u00f6lgesi&#8217;nin tamam\u0131nda ve \u00e7evre illerde de \u015fiddetli \u015fekilde hissedildi.<\/p>\n<p>Depremden yaln\u0131zca 2 dakika sonra, bu kez B\u00fcy\u00fck\u00e7ekmece merkezli 5,9 b\u00fcy\u00fckl\u00fc\u011f\u00fcndeki bir sars\u0131nt\u0131 daha ya\u015fand\u0131. Ard\u0131ndan dakikalar i\u00e7inde b\u00fcy\u00fckl\u00fc\u011f\u00fc 4.9&#8217;a kadar varan \u00e7ok say\u0131da art\u00e7\u0131 deprem meydana geldi. Son olarak saat 15.12&#8217;de yine B\u00fcy\u00fck\u00e7ekmece merkezli 4,9 b\u00fcy\u00fckl\u00fc\u011f\u00fcnde bir art\u00e7\u0131 sars\u0131nt\u0131 daha kaydedildi.<\/p>\n<p>AFAD, depremin merkez \u00fcss\u00fcn\u00fcn Marmara Denizi Silivri a\u00e7\u0131klar\u0131 oldu\u011funu, derinli\u011finin ise 13,1 kilometre olarak \u00f6l\u00e7\u00fcld\u00fc\u011f\u00fcn\u00fc duyurdu. En \u015fiddetli art\u00e7\u0131lardan biri olan 15.12&#8217;deki depremin ise 7,02 kilometre derinli\u011fe sahip oldu\u011fu bildirildi.<\/p>\n<p>ESENLER&#8217;DE PARKLAR DOLDU, VATANDA\u015eLAR DI\u015eARIDA BEKL\u0130YOR<\/p>\n<p>Esenler&#8217;de b\u00fcy\u00fck bir parkta \u00e7ekilen cep telefonu g\u00f6r\u00fcnt\u00fclerinde, insanlar\u0131n deprem sonras\u0131 panikle d\u0131\u015far\u0131 \u00e7\u0131kt\u0131\u011f\u0131, art\u00e7\u0131lar\u0131n devam etmesi nedeniyle kimsenin evine giremedi\u011fi g\u00f6r\u00fcl\u00fcyor. Parkta toplanan vatanda\u015flar ya\u015fad\u0131klar\u0131 korkuyu birbirlerine anlat\u0131rken, b\u00f6lgede siren sesleri de susmuyor. Ambulans ve itfaiye ekiplerinin s\u00fcrekli olarak hareket halinde oldu\u011fu duyuluyor.<\/p>\n<p>Parktaki vatanda\u015flardan Vesile Sar\u0131kaya, ya\u015fad\u0131klar\u0131 s\u00fcreci \u015fu \u015fekilde aktard\u0131:<\/p>\n<p>&#8220;Deprem oldu\u011funda odamdayd\u0131m. Bir anda sars\u0131nt\u0131 hissettim ve direkt ailemin yan\u0131na ko\u015farak apartmandan d\u0131\u015far\u0131ya att\u0131k kendimizi. Biz a\u015fa\u011f\u0131ya inene kadar t\u00fcm mahalle zaten sokaktayd\u0131. Sokaklar dar ve binalar\u0131n hepsi biti\u015fik nizam oldu\u011fu i\u00e7in tekrarlayan bir depremde \u00fczerimize binalar\u0131n d\u00fc\u015fme ihmalinden korktuk o y\u00fczden yukar\u0131da bulunan bir park var oraya geldik. T\u00fcm mahalleli ve \u00e7evre semtlerdeki ki\u015filerle \u015fimdi buraday\u0131z. Ancak hava so\u011fumaya ba\u015flad\u0131 3-4 saate mecburen evlerimize gitmek zorunda kalaca\u011f\u0131z ama can g\u00fcvenli\u011fimizden endi\u015fe ediyoruz. Uzmanlar, 13-14 saatin kritik oldu\u011fu s\u00f6yl\u00fcyor. Ne yapaca\u011f\u0131z bilmiyorum. Paran yoksa mecbur \u00f6lmeyi tercih edeceksin. Nereye gideceksin? Parkta gece ge\u00e7iremezsin. Baz\u0131 ki\u015filer \u00e7ad\u0131r getirerek parka kurdular. Biz di\u011fer semtlere g\u00f6re biraz \u015fansl\u0131y\u0131z en az\u0131ndan b\u00f6yle bir alana sahibiz. \u0130stanbul&#8217;da \u00e7o\u011fu semtte b\u00f6yle geni\u015f bir alan ya da park yok&#8221;<\/p>\n<p>Y\u00dcKSEKTEN ATLAMALARDA 151 YARALI <\/p>\n<p>\u0130stanbul Valili\u011fi, deprem nedeniyle \u015fu ana kadar herhangi bir y\u0131k\u0131m ihbar\u0131n\u0131n yap\u0131lmad\u0131\u011f\u0131n\u0131 a\u00e7\u0131klad\u0131. Valilik taraf\u0131ndan y\u00fckseklikten atlama kaynakl\u0131 151 ki\u015finin yaraland\u0131\u011f\u0131 bilgisi payla\u015f\u0131ld\u0131. Sa\u011fl\u0131k ekipleri hastanelerde yo\u011fun \u015fekilde \u00e7al\u0131\u015f\u0131rken, acil servislerde de yo\u011funluk olu\u015ftu.<\/p>\n<p>UZMANLARDAN ART\u00c7I UYARISI <\/p>\n<p>Deprem uzmanlar\u0131, art\u00e7\u0131 sars\u0131nt\u0131lar\u0131n bir s\u00fcre devam edece\u011fini ve vatanda\u015flar\u0131n dikkatli olmas\u0131 gerekti\u011fini vurgulad\u0131. Uzmanlar \u00f6zellikle hasar g\u00f6rm\u00fc\u015f binalardan uzak durulmas\u0131 gerekti\u011fini hat\u0131rlatarak, &#8220;Bu ya\u015fanan ana deprem de\u011fil, daha b\u00fcy\u00fck bir sars\u0131nt\u0131 ihtimali g\u00f6z ard\u0131 edilmemeli&#8221; a\u00e7\u0131klamas\u0131nda bulundu.<\/p>\n<p>\u200bMarmara Denizi Silivri a\u00e7\u0131klar\u0131nda meydana gelen 6,2 b\u00fcy\u00fckl\u00fc\u011f\u00fcndeki depremin ard\u0131ndan \u0130stanbul&#8217;da hayat durdu. Esenler&#8217;de b\u00fcy\u00fck bir parkta \u00e7ekilen g\u00f6r\u00fcnt\u00fcler, \u015fehrin ya\u015fad\u0131\u011f\u0131 pani\u011fi g\u00f6zler \u00f6n\u00fcne serdi. Art\u00e7\u0131 sars\u0131nt\u0131lar nedeniyle kimse evine giremezken, sokaklar itfaiye ve ambulans sesleriyle yank\u0131land\u0131.\u00a0<\/p>\n<p>\u200bHaberin Al\u0131nt\u0131land\u0131\u011f\u0131 Kaynak: www.antalyakorfez.com<\/p>","protected":false},"excerpt":{"rendered":"<p>\u0130stanbul&#8217;da saat 12.49&#8217;da meydana gelen 6,2 b\u00fcy\u00fckl\u00fc\u011f\u00fcndeki deprem, Megakent&#8217;te b\u00fcy\u00fck pani\u011fe yol a\u00e7t\u0131. 13 saniye s\u00fcren deprem, sadece \u0130stanbul&#8217;da de\u011fil Marmara B\u00f6lgesi&#8217;nin tamam\u0131nda ve \u00e7evre illerde de \u015fiddetli \u015fekilde hissedildi. Depremden yaln\u0131zca 2 dakika sonra, bu kez B\u00fcy\u00fck\u00e7ekmece merkezli 5,9 b\u00fcy\u00fckl\u00fc\u011f\u00fcndeki bir sars\u0131nt\u0131 daha ya\u015fand\u0131. Ard\u0131ndan dakikalar i\u00e7inde b\u00fcy\u00fckl\u00fc\u011f\u00fc 4.9&#8217;a kadar varan \u00e7ok say\u0131da art\u00e7\u0131 deprem meydana geldi. Son olarak saat 15.12&#8217;de yine B\u00fcy\u00fck\u00e7ekmece merkezli 4,9 b\u00fcy\u00fckl\u00fc\u011f\u00fcnde bir art\u00e7\u0131 sars\u0131nt\u0131 daha kaydedildi. AFAD, depremin merkez \u00fcss\u00fcn\u00fcn Marmara Denizi Silivri a\u00e7\u0131klar\u0131 oldu\u011funu, derinli\u011finin ise 13,1 kilometre olarak \u00f6l\u00e7\u00fcld\u00fc\u011f\u00fcn\u00fc duyurdu. En \u015fiddetli art\u00e7\u0131lardan biri olan 15.12&#8217;deki depremin ise 7,02 kilometre derinli\u011fe sahip oldu\u011fu bildirildi. ESENLER&#8217;DE PARKLAR DOLDU, VATANDA\u015eLAR DI\u015eARIDA BEKL\u0130YOR Esenler&#8217;de b\u00fcy\u00fck bir parkta \u00e7ekilen cep telefonu g\u00f6r\u00fcnt\u00fclerinde, insanlar\u0131n deprem sonras\u0131 panikle d\u0131\u015far\u0131 \u00e7\u0131kt\u0131\u011f\u0131, art\u00e7\u0131lar\u0131n devam etmesi nedeniyle kimsenin evine giremedi\u011fi g\u00f6r\u00fcl\u00fcyor. Parkta toplanan vatanda\u015flar ya\u015fad\u0131klar\u0131 korkuyu birbirlerine anlat\u0131rken, b\u00f6lgede siren sesleri de susmuyor. Ambulans ve itfaiye ekiplerinin s\u00fcrekli olarak hareket halinde oldu\u011fu duyuluyor. Parktaki vatanda\u015flardan Vesile Sar\u0131kaya, ya\u015fad\u0131klar\u0131 s\u00fcreci \u015fu \u015fekilde aktard\u0131: &#8220;Deprem oldu\u011funda odamdayd\u0131m. Bir anda sars\u0131nt\u0131 hissettim ve direkt ailemin yan\u0131na ko\u015farak apartmandan d\u0131\u015far\u0131ya att\u0131k kendimizi. Biz a\u015fa\u011f\u0131ya inene kadar t\u00fcm mahalle zaten sokaktayd\u0131. Sokaklar dar ve binalar\u0131n hepsi biti\u015fik nizam oldu\u011fu i\u00e7in tekrarlayan bir depremde \u00fczerimize binalar\u0131n d\u00fc\u015fme &hellip;<\/p>","protected":false},"author":5,"featured_media":0,"comment_status":"","ping_status":"open","sticky":false,"template":"","format":"standard","meta":{"_acf_changed":false,"footnotes":""},"categories":[24],"tags":[],"class_list":["post-64079","post","type-post","status-publish","format-standard","has-post-thumbnail","hentry","category-gundem"],"acf":[],"yoast_head":"<!-- This site is optimized with the Yoast SEO Premium plugin v26.6 (Yoast SEO v27.1.1) - https:\/\/yoast.com\/product\/yoast-seo-premium-wordpress\/ -->\n<title>\u0130stanbul&#039;da deprem pani\u011fi: Kimse evine giremiyor, siren sesleri susmuyor - Av. Deniz Can K\u0131z\u0131l<\/title>\n<meta name=\"robots\" content=\"index, follow, max-snippet:-1, max-image-preview:large, max-video-preview:-1\" \/>\n<link rel=\"canonical\" href=\"http:\/\/denizcankizil.tr\/de\/haberler\/gundem\/istanbulda-deprem-panigi-kimse-evine-giremiyor-siren-sesleri-susmuyor\/\" \/>\n<meta property=\"og:locale\" content=\"de_DE\" \/>\n<meta property=\"og:type\" content=\"article\" \/>\n<meta property=\"og:title\" content=\"\u0130stanbul&#039;da deprem pani\u011fi: Kimse evine giremiyor, siren sesleri susmuyor\" \/>\n<meta property=\"og:description\" content=\"\u0130stanbul&#8217;da saat 12.49&#8217;da meydana gelen 6,2 b\u00fcy\u00fckl\u00fc\u011f\u00fcndeki deprem, Megakent&#8217;te b\u00fcy\u00fck pani\u011fe yol a\u00e7t\u0131. 13 saniye s\u00fcren deprem, sadece \u0130stanbul&#8217;da de\u011fil Marmara B\u00f6lgesi&#8217;nin tamam\u0131nda ve \u00e7evre illerde de \u015fiddetli \u015fekilde hissedildi. Depremden yaln\u0131zca 2 dakika sonra, bu kez B\u00fcy\u00fck\u00e7ekmece merkezli 5,9 b\u00fcy\u00fckl\u00fc\u011f\u00fcndeki bir sars\u0131nt\u0131 daha ya\u015fand\u0131. Ard\u0131ndan dakikalar i\u00e7inde b\u00fcy\u00fckl\u00fc\u011f\u00fc 4.9&#8217;a kadar varan \u00e7ok say\u0131da art\u00e7\u0131 deprem meydana geldi. Son olarak saat 15.12&#8217;de yine B\u00fcy\u00fck\u00e7ekmece merkezli 4,9 b\u00fcy\u00fckl\u00fc\u011f\u00fcnde bir art\u00e7\u0131 sars\u0131nt\u0131 daha kaydedildi. AFAD, depremin merkez \u00fcss\u00fcn\u00fcn Marmara Denizi Silivri a\u00e7\u0131klar\u0131 oldu\u011funu, derinli\u011finin ise 13,1 kilometre olarak \u00f6l\u00e7\u00fcld\u00fc\u011f\u00fcn\u00fc duyurdu. En \u015fiddetli art\u00e7\u0131lardan biri olan 15.12&#8217;deki depremin ise 7,02 kilometre derinli\u011fe sahip oldu\u011fu bildirildi. ESENLER&#8217;DE PARKLAR DOLDU, VATANDA\u015eLAR DI\u015eARIDA BEKL\u0130YOR Esenler&#8217;de b\u00fcy\u00fck bir parkta \u00e7ekilen cep telefonu g\u00f6r\u00fcnt\u00fclerinde, insanlar\u0131n deprem sonras\u0131 panikle d\u0131\u015far\u0131 \u00e7\u0131kt\u0131\u011f\u0131, art\u00e7\u0131lar\u0131n devam etmesi nedeniyle kimsenin evine giremedi\u011fi g\u00f6r\u00fcl\u00fcyor. Parkta toplanan vatanda\u015flar ya\u015fad\u0131klar\u0131 korkuyu birbirlerine anlat\u0131rken, b\u00f6lgede siren sesleri de susmuyor. Ambulans ve itfaiye ekiplerinin s\u00fcrekli olarak hareket halinde oldu\u011fu duyuluyor. Parktaki vatanda\u015flardan Vesile Sar\u0131kaya, ya\u015fad\u0131klar\u0131 s\u00fcreci \u015fu \u015fekilde aktard\u0131: &#8220;Deprem oldu\u011funda odamdayd\u0131m. Bir anda sars\u0131nt\u0131 hissettim ve direkt ailemin yan\u0131na ko\u015farak apartmandan d\u0131\u015far\u0131ya att\u0131k kendimizi. Biz a\u015fa\u011f\u0131ya inene kadar t\u00fcm mahalle zaten sokaktayd\u0131. Sokaklar dar ve binalar\u0131n hepsi biti\u015fik nizam oldu\u011fu i\u00e7in tekrarlayan bir depremde \u00fczerimize binalar\u0131n d\u00fc\u015fme &hellip;\" \/>\n<meta property=\"og:url\" content=\"http:\/\/denizcankizil.tr\/de\/haberler\/gundem\/istanbulda-deprem-panigi-kimse-evine-giremiyor-siren-sesleri-susmuyor\/\" \/>\n<meta property=\"og:site_name\" content=\"Av. Deniz Can K\u0131z\u0131l\" \/>\n<meta property=\"article:published_time\" content=\"2025-04-23T14:41:40+00:00\" \/>\n<meta name=\"author\" content=\"Antalya K\u00f6rfez\" \/>\n<meta name=\"twitter:card\" content=\"summary_large_image\" \/>\n<meta name=\"twitter:label1\" content=\"Verfasst von\" \/>\n\t<meta name=\"twitter:data1\" content=\"Antalya K\u00f6rfez\" \/>\n\t<meta name=\"twitter:label2\" content=\"Gesch\u00e4tzte Lesezeit\" \/>\n\t<meta name=\"twitter:data2\" content=\"3\u00a0Minuten\" \/>\n<script type=\"application\/ld+json\" class=\"yoast-schema-graph\">{\"@context\":\"https:\/\/schema.org\",\"@graph\":[{\"@type\":\"Article\",\"@id\":\"http:\/\/denizcankizil.tr\/ru\/haberler\/gundem\/istanbulda-deprem-panigi-kimse-evine-giremiyor-siren-sesleri-susmuyor\/#article\",\"isPartOf\":{\"@id\":\"http:\/\/denizcankizil.tr\/ru\/haberler\/gundem\/istanbulda-deprem-panigi-kimse-evine-giremiyor-siren-sesleri-susmuyor\/\"},\"author\":{\"name\":\"Antalya K\u00f6rfez\",\"@id\":\"https:\/\/denizcankizil.tr\/de\/#\/schema\/person\/e1eb71bb4dd684d46563f0af307e1234\"},\"headline\":\"\u0130stanbul&#8217;da deprem pani\u011fi: Kimse evine giremiyor, siren sesleri susmuyor\",\"datePublished\":\"2025-04-23T14:41:40+00:00\",\"mainEntityOfPage\":{\"@id\":\"http:\/\/denizcankizil.tr\/ru\/haberler\/gundem\/istanbulda-deprem-panigi-kimse-evine-giremiyor-siren-sesleri-susmuyor\/\"},\"wordCount\":588,\"publisher\":{\"@id\":\"https:\/\/denizcankizil.tr\/de\/#organization\"},\"articleSection\":[\"G\u00fcndem\"],\"inLanguage\":\"de\"},{\"@type\":\"WebPage\",\"@id\":\"http:\/\/denizcankizil.tr\/ru\/haberler\/gundem\/istanbulda-deprem-panigi-kimse-evine-giremiyor-siren-sesleri-susmuyor\/\",\"url\":\"http:\/\/denizcankizil.tr\/ru\/haberler\/gundem\/istanbulda-deprem-panigi-kimse-evine-giremiyor-siren-sesleri-susmuyor\/\",\"name\":\"\u0130stanbul'da deprem pani\u011fi: Kimse evine giremiyor, siren sesleri susmuyor - Av. Deniz Can K\u0131z\u0131l\",\"isPartOf\":{\"@id\":\"https:\/\/denizcankizil.tr\/de\/#website\"},\"datePublished\":\"2025-04-23T14:41:40+00:00\",\"breadcrumb\":{\"@id\":\"http:\/\/denizcankizil.tr\/ru\/haberler\/gundem\/istanbulda-deprem-panigi-kimse-evine-giremiyor-siren-sesleri-susmuyor\/#breadcrumb\"},\"inLanguage\":\"de\",\"potentialAction\":[{\"@type\":\"ReadAction\",\"target\":[\"http:\/\/denizcankizil.tr\/ru\/haberler\/gundem\/istanbulda-deprem-panigi-kimse-evine-giremiyor-siren-sesleri-susmuyor\/\"]}]},{\"@type\":\"BreadcrumbList\",\"@id\":\"http:\/\/denizcankizil.tr\/ru\/haberler\/gundem\/istanbulda-deprem-panigi-kimse-evine-giremiyor-siren-sesleri-susmuyor\/#breadcrumb\",\"itemListElement\":[{\"@type\":\"ListItem\",\"position\":1,\"name\":\"Home\",\"item\":\"https:\/\/denizcankizil.tr\/de\/\"},{\"@type\":\"ListItem\",\"position\":2,\"name\":\"\u0130stanbul&#8217;da deprem pani\u011fi: Kimse evine giremiyor, siren sesleri susmuyor\"}]},{\"@type\":\"WebSite\",\"@id\":\"https:\/\/denizcankizil.tr\/de\/#website\",\"url\":\"https:\/\/denizcankizil.tr\/de\/\",\"name\":\"Av. Deniz Can K\u0131z\u0131l\",\"description\":\"Avukat Deniz Can K\u0131z\u0131l Antalya Barosu\",\"publisher\":{\"@id\":\"https:\/\/denizcankizil.tr\/de\/#organization\"},\"potentialAction\":[{\"@type\":\"SearchAction\",\"target\":{\"@type\":\"EntryPoint\",\"urlTemplate\":\"https:\/\/denizcankizil.tr\/de\/?s={search_term_string}\"},\"query-input\":{\"@type\":\"PropertyValueSpecification\",\"valueRequired\":true,\"valueName\":\"search_term_string\"}}],\"inLanguage\":\"de\"},{\"@type\":\"Organization\",\"@id\":\"https:\/\/denizcankizil.tr\/de\/#organization\",\"name\":\"Av. Deniz Can K\u0131z\u0131l\",\"url\":\"https:\/\/denizcankizil.tr\/de\/\",\"logo\":{\"@type\":\"ImageObject\",\"inLanguage\":\"de\",\"@id\":\"https:\/\/denizcankizil.tr\/de\/#\/schema\/logo\/image\/\",\"url\":\"https:\/\/denizcankizil.tr\/wp-content\/uploads\/2024\/10\/siyah-logo-svg.svg\",\"contentUrl\":\"https:\/\/denizcankizil.tr\/wp-content\/uploads\/2024\/10\/siyah-logo-svg.svg\",\"width\":1080,\"height\":1080,\"caption\":\"Av. Deniz Can K\u0131z\u0131l\"},\"image\":{\"@id\":\"https:\/\/denizcankizil.tr\/de\/#\/schema\/logo\/image\/\"}},{\"@type\":\"Person\",\"@id\":\"https:\/\/denizcankizil.tr\/de\/#\/schema\/person\/e1eb71bb4dd684d46563f0af307e1234\",\"name\":\"Antalya K\u00f6rfez\",\"image\":{\"@type\":\"ImageObject\",\"inLanguage\":\"de\",\"@id\":\"https:\/\/denizcankizil.tr\/de\/#\/schema\/person\/image\/\",\"url\":\"https:\/\/secure.gravatar.com\/avatar\/42b01982558a48a0b501fdcab6a408d3717ea5919095ee2e67b0e521799c5905?s=96&d=mm&r=g\",\"contentUrl\":\"https:\/\/secure.gravatar.com\/avatar\/42b01982558a48a0b501fdcab6a408d3717ea5919095ee2e67b0e521799c5905?s=96&d=mm&r=g\",\"caption\":\"Antalya K\u00f6rfez\"},\"sameAs\":[\"http:\/\/www.antalyakorfez.com\"],\"url\":\"https:\/\/www.antalyakorfez.com\/istanbulda-deprem-panigi-kimse-evine-giremiyor-siren-sesleri-susmuyor\"}]}<\/script>\n<!-- \/ Yoast SEO Premium plugin. -->","yoast_head_json":{"title":"\u0130stanbul'da deprem pani\u011fi: Kimse evine giremiyor, siren sesleri susmuyor - Av. Deniz Can K\u0131z\u0131l","robots":{"index":"index","follow":"follow","max-snippet":"max-snippet:-1","max-image-preview":"max-image-preview:large","max-video-preview":"max-video-preview:-1"},"canonical":"http:\/\/denizcankizil.tr\/de\/haberler\/gundem\/istanbulda-deprem-panigi-kimse-evine-giremiyor-siren-sesleri-susmuyor\/","og_locale":"de_DE","og_type":"article","og_title":"\u0130stanbul'da deprem pani\u011fi: Kimse evine giremiyor, siren sesleri susmuyor","og_description":"\u0130stanbul&#8217;da saat 12.49&#8217;da meydana gelen 6,2 b\u00fcy\u00fckl\u00fc\u011f\u00fcndeki deprem, Megakent&#8217;te b\u00fcy\u00fck pani\u011fe yol a\u00e7t\u0131. 13 saniye s\u00fcren deprem, sadece \u0130stanbul&#8217;da de\u011fil Marmara B\u00f6lgesi&#8217;nin tamam\u0131nda ve \u00e7evre illerde de \u015fiddetli \u015fekilde hissedildi. Depremden yaln\u0131zca 2 dakika sonra, bu kez B\u00fcy\u00fck\u00e7ekmece merkezli 5,9 b\u00fcy\u00fckl\u00fc\u011f\u00fcndeki bir sars\u0131nt\u0131 daha ya\u015fand\u0131. Ard\u0131ndan dakikalar i\u00e7inde b\u00fcy\u00fckl\u00fc\u011f\u00fc 4.9&#8217;a kadar varan \u00e7ok say\u0131da art\u00e7\u0131 deprem meydana geldi. Son olarak saat 15.12&#8217;de yine B\u00fcy\u00fck\u00e7ekmece merkezli 4,9 b\u00fcy\u00fckl\u00fc\u011f\u00fcnde bir art\u00e7\u0131 sars\u0131nt\u0131 daha kaydedildi. AFAD, depremin merkez \u00fcss\u00fcn\u00fcn Marmara Denizi Silivri a\u00e7\u0131klar\u0131 oldu\u011funu, derinli\u011finin ise 13,1 kilometre olarak \u00f6l\u00e7\u00fcld\u00fc\u011f\u00fcn\u00fc duyurdu. En \u015fiddetli art\u00e7\u0131lardan biri olan 15.12&#8217;deki depremin ise 7,02 kilometre derinli\u011fe sahip oldu\u011fu bildirildi. ESENLER&#8217;DE PARKLAR DOLDU, VATANDA\u015eLAR DI\u015eARIDA BEKL\u0130YOR Esenler&#8217;de b\u00fcy\u00fck bir parkta \u00e7ekilen cep telefonu g\u00f6r\u00fcnt\u00fclerinde, insanlar\u0131n deprem sonras\u0131 panikle d\u0131\u015far\u0131 \u00e7\u0131kt\u0131\u011f\u0131, art\u00e7\u0131lar\u0131n devam etmesi nedeniyle kimsenin evine giremedi\u011fi g\u00f6r\u00fcl\u00fcyor. Parkta toplanan vatanda\u015flar ya\u015fad\u0131klar\u0131 korkuyu birbirlerine anlat\u0131rken, b\u00f6lgede siren sesleri de susmuyor. Ambulans ve itfaiye ekiplerinin s\u00fcrekli olarak hareket halinde oldu\u011fu duyuluyor. Parktaki vatanda\u015flardan Vesile Sar\u0131kaya, ya\u015fad\u0131klar\u0131 s\u00fcreci \u015fu \u015fekilde aktard\u0131: &#8220;Deprem oldu\u011funda odamdayd\u0131m. Bir anda sars\u0131nt\u0131 hissettim ve direkt ailemin yan\u0131na ko\u015farak apartmandan d\u0131\u015far\u0131ya att\u0131k kendimizi. Biz a\u015fa\u011f\u0131ya inene kadar t\u00fcm mahalle zaten sokaktayd\u0131. Sokaklar dar ve binalar\u0131n hepsi biti\u015fik nizam oldu\u011fu i\u00e7in tekrarlayan bir depremde \u00fczerimize binalar\u0131n d\u00fc\u015fme &hellip;","og_url":"http:\/\/denizcankizil.tr\/de\/haberler\/gundem\/istanbulda-deprem-panigi-kimse-evine-giremiyor-siren-sesleri-susmuyor\/","og_site_name":"Av. Deniz Can K\u0131z\u0131l","article_published_time":"2025-04-23T14:41:40+00:00","author":"Antalya K\u00f6rfez","twitter_card":"summary_large_image","twitter_misc":{"Verfasst von":"Antalya K\u00f6rfez","Gesch\u00e4tzte Lesezeit":"3\u00a0Minuten"},"schema":{"@context":"https:\/\/schema.org","@graph":[{"@type":"Article","@id":"http:\/\/denizcankizil.tr\/ru\/haberler\/gundem\/istanbulda-deprem-panigi-kimse-evine-giremiyor-siren-sesleri-susmuyor\/#article","isPartOf":{"@id":"http:\/\/denizcankizil.tr\/ru\/haberler\/gundem\/istanbulda-deprem-panigi-kimse-evine-giremiyor-siren-sesleri-susmuyor\/"},"author":{"name":"Antalya K\u00f6rfez","@id":"https:\/\/denizcankizil.tr\/de\/#\/schema\/person\/e1eb71bb4dd684d46563f0af307e1234"},"headline":"\u0130stanbul&#8217;da deprem pani\u011fi: Kimse evine giremiyor, siren sesleri susmuyor","datePublished":"2025-04-23T14:41:40+00:00","mainEntityOfPage":{"@id":"http:\/\/denizcankizil.tr\/ru\/haberler\/gundem\/istanbulda-deprem-panigi-kimse-evine-giremiyor-siren-sesleri-susmuyor\/"},"wordCount":588,"publisher":{"@id":"https:\/\/denizcankizil.tr\/de\/#organization"},"articleSection":["G\u00fcndem"],"inLanguage":"de"},{"@type":"WebPage","@id":"http:\/\/denizcankizil.tr\/ru\/haberler\/gundem\/istanbulda-deprem-panigi-kimse-evine-giremiyor-siren-sesleri-susmuyor\/","url":"http:\/\/denizcankizil.tr\/ru\/haberler\/gundem\/istanbulda-deprem-panigi-kimse-evine-giremiyor-siren-sesleri-susmuyor\/","name":"\u0130stanbul'da deprem pani\u011fi: Kimse evine giremiyor, siren sesleri susmuyor - Av. Deniz Can K\u0131z\u0131l","isPartOf":{"@id":"https:\/\/denizcankizil.tr\/de\/#website"},"datePublished":"2025-04-23T14:41:40+00:00","breadcrumb":{"@id":"http:\/\/denizcankizil.tr\/ru\/haberler\/gundem\/istanbulda-deprem-panigi-kimse-evine-giremiyor-siren-sesleri-susmuyor\/#breadcrumb"},"inLanguage":"de","potentialAction":[{"@type":"ReadAction","target":["http:\/\/denizcankizil.tr\/ru\/haberler\/gundem\/istanbulda-deprem-panigi-kimse-evine-giremiyor-siren-sesleri-susmuyor\/"]}]},{"@type":"BreadcrumbList","@id":"http:\/\/denizcankizil.tr\/ru\/haberler\/gundem\/istanbulda-deprem-panigi-kimse-evine-giremiyor-siren-sesleri-susmuyor\/#breadcrumb","itemListElement":[{"@type":"ListItem","position":1,"name":"Home","item":"https:\/\/denizcankizil.tr\/de\/"},{"@type":"ListItem","position":2,"name":"\u0130stanbul&#8217;da deprem pani\u011fi: Kimse evine giremiyor, siren sesleri susmuyor"}]},{"@type":"WebSite","@id":"https:\/\/denizcankizil.tr\/de\/#website","url":"https:\/\/denizcankizil.tr\/de\/","name":"Av. Deniz Can K\u0131z\u0131l","description":"Avukat Deniz Can K\u0131z\u0131l Antalya Barosu","publisher":{"@id":"https:\/\/denizcankizil.tr\/de\/#organization"},"potentialAction":[{"@type":"SearchAction","target":{"@type":"EntryPoint","urlTemplate":"https:\/\/denizcankizil.tr\/de\/?s={search_term_string}"},"query-input":{"@type":"PropertyValueSpecification","valueRequired":true,"valueName":"search_term_string"}}],"inLanguage":"de"},{"@type":"Organization","@id":"https:\/\/denizcankizil.tr\/de\/#organization","name":"Av. Deniz Can K\u0131z\u0131l","url":"https:\/\/denizcankizil.tr\/de\/","logo":{"@type":"ImageObject","inLanguage":"de","@id":"https:\/\/denizcankizil.tr\/de\/#\/schema\/logo\/image\/","url":"https:\/\/denizcankizil.tr\/wp-content\/uploads\/2024\/10\/siyah-logo-svg.svg","contentUrl":"https:\/\/denizcankizil.tr\/wp-content\/uploads\/2024\/10\/siyah-logo-svg.svg","width":1080,"height":1080,"caption":"Av. Deniz Can K\u0131z\u0131l"},"image":{"@id":"https:\/\/denizcankizil.tr\/de\/#\/schema\/logo\/image\/"}},{"@type":"Person","@id":"https:\/\/denizcankizil.tr\/de\/#\/schema\/person\/e1eb71bb4dd684d46563f0af307e1234","name":"Antalya K\u00f6rfez","image":{"@type":"ImageObject","inLanguage":"de","@id":"https:\/\/denizcankizil.tr\/de\/#\/schema\/person\/image\/","url":"https:\/\/secure.gravatar.com\/avatar\/42b01982558a48a0b501fdcab6a408d3717ea5919095ee2e67b0e521799c5905?s=96&d=mm&r=g","contentUrl":"https:\/\/secure.gravatar.com\/avatar\/42b01982558a48a0b501fdcab6a408d3717ea5919095ee2e67b0e521799c5905?s=96&d=mm&r=g","caption":"Antalya K\u00f6rfez"},"sameAs":["http:\/\/www.antalyakorfez.com"],"url":"https:\/\/www.antalyakorfez.com\/istanbulda-deprem-panigi-kimse-evine-giremiyor-siren-sesleri-susmuyor"}]}},"_links":{"self":[{"href":"https:\/\/denizcankizil.tr\/de\/wp-json\/wp\/v2\/posts\/64079","targetHints":{"allow":["GET"]}}],"collection":[{"href":"https:\/\/denizcankizil.tr\/de\/wp-json\/wp\/v2\/posts"}],"about":[{"href":"https:\/\/denizcankizil.tr\/de\/wp-json\/wp\/v2\/types\/post"}],"author":[{"embeddable":true,"href":"https:\/\/denizcankizil.tr\/de\/wp-json\/wp\/v2\/users\/5"}],"replies":[{"embeddable":true,"href":"https:\/\/denizcankizil.tr\/de\/wp-json\/wp\/v2\/comments?post=64079"}],"version-history":[{"count":0,"href":"https:\/\/denizcankizil.tr\/de\/wp-json\/wp\/v2\/posts\/64079\/revisions"}],"wp:attachment":[{"href":"https:\/\/denizcankizil.tr\/de\/wp-json\/wp\/v2\/media?parent=64079"}],"wp:term":[{"taxonomy":"category","embeddable":true,"href":"https:\/\/denizcankizil.tr\/de\/wp-json\/wp\/v2\/categories?post=64079"},{"taxonomy":"post_tag","embeddable":true,"href":"https:\/\/denizcankizil.tr\/de\/wp-json\/wp\/v2\/tags?post=64079"}],"curies":[{"name":"wp","href":"https:\/\/api.w.org\/{rel}","templated":true}]}}