{"id":63930,"date":"2025-04-23T13:42:41","date_gmt":"2025-04-23T10:42:41","guid":{"rendered":"https:\/\/denizcankizil.tr\/uncategorized-tr\/losemili-cocuklarin-23-nisan-coskusu\/"},"modified":"2025-04-23T13:42:41","modified_gmt":"2025-04-23T10:42:41","slug":"losemili-cocuklarin-23-nisan-coskusu","status":"publish","type":"post","link":"https:\/\/denizcankizil.tr\/de\/haberler\/gundem\/losemili-cocuklarin-23-nisan-coskusu\/","title":{"rendered":"L\u00f6semili \u00c7ocuklar\u0131n 23 Nisan Co\u015fkusu"},"content":{"rendered":"<p>L\u00d6SEV\u2019e kay\u0131tl\u0131 l\u00f6semi ve kanser ile m\u00fccadele eden minikler T\u00fcrkiye genelinde d\u00fczenlenen 23 Nisan\u00a0Ulusal Egemenlik ve \u00c7ocuk Bayram\u0131 co\u015fkusunu birlikte ya\u015fad\u0131.\u00a0<\/p>\n<p>\u200bL\u00d6SEV\u2019e kay\u0131tl\u0131 l\u00f6semi ve kanser ile m\u00fccadele eden minikler T\u00fcrkiye genelinde d\u00fczenlenen 23 Nisan\u00a0Ulusal Egemenlik ve \u00c7ocuk Bayram\u0131 co\u015fkusunu birlikte ya\u015fad\u0131.\u00a0\u00a0<\/p>\n<p>\u200bHaberin Al\u0131nt\u0131land\u0131\u011f\u0131 Kaynak: www.iskenderun.org<\/p>","protected":false},"excerpt":{"rendered":"<p>L\u00d6SEV\u2019e kay\u0131tl\u0131 l\u00f6semi ve kanser ile m\u00fccadele eden minikler T\u00fcrkiye genelinde d\u00fczenlenen 23 Nisan\u00a0Ulusal Egemenlik ve \u00c7ocuk Bayram\u0131 co\u015fkusunu birlikte ya\u015fad\u0131.\u00a0 \u200bL\u00d6SEV\u2019e kay\u0131tl\u0131 l\u00f6semi ve kanser ile m\u00fccadele eden minikler T\u00fcrkiye genelinde d\u00fczenlenen 23 Nisan\u00a0Ulusal Egemenlik ve \u00c7ocuk Bayram\u0131 co\u015fkusunu birlikte ya\u015fad\u0131.\u00a0\u00a0 \u200bHaberin Al\u0131nt\u0131land\u0131\u011f\u0131 Kaynak: www.iskenderun.org<\/p>","protected":false},"author":1,"featured_media":0,"comment_status":"","ping_status":"open","sticky":false,"template":"","format":"standard","meta":{"_acf_changed":false,"footnotes":""},"categories":[24],"tags":[],"class_list":["post-63930","post","type-post","status-publish","format-standard","has-post-thumbnail","hentry","category-gundem"],"acf":[],"yoast_head":"<!-- This site is optimized with the Yoast SEO Premium plugin v26.6 (Yoast SEO v27.1.1) - https:\/\/yoast.com\/product\/yoast-seo-premium-wordpress\/ -->\n<title>L\u00f6semili \u00c7ocuklar\u0131n 23 Nisan Co\u015fkusu - Av. Deniz Can K\u0131z\u0131l<\/title>\n<meta name=\"robots\" content=\"index, follow, max-snippet:-1, max-image-preview:large, max-video-preview:-1\" \/>\n<link rel=\"canonical\" href=\"https:\/\/denizcankizil.tr\/de\/haberler\/gundem\/losemili-cocuklarin-23-nisan-coskusu\/\" \/>\n<meta property=\"og:locale\" content=\"de_DE\" \/>\n<meta property=\"og:type\" content=\"article\" \/>\n<meta property=\"og:title\" content=\"L\u00f6semili \u00c7ocuklar\u0131n 23 Nisan Co\u015fkusu\" \/>\n<meta property=\"og:description\" content=\"L\u00d6SEV\u2019e kay\u0131tl\u0131 l\u00f6semi ve kanser ile m\u00fccadele eden minikler T\u00fcrkiye genelinde d\u00fczenlenen 23 Nisan\u00a0Ulusal Egemenlik ve \u00c7ocuk Bayram\u0131 co\u015fkusunu birlikte ya\u015fad\u0131.\u00a0 \u200bL\u00d6SEV\u2019e kay\u0131tl\u0131 l\u00f6semi ve kanser ile m\u00fccadele eden minikler T\u00fcrkiye genelinde d\u00fczenlenen 23 Nisan\u00a0Ulusal Egemenlik ve \u00c7ocuk Bayram\u0131 co\u015fkusunu birlikte ya\u015fad\u0131.\u00a0\u00a0 \u200bHaberin Al\u0131nt\u0131land\u0131\u011f\u0131 Kaynak: www.iskenderun.org\" \/>\n<meta property=\"og:url\" content=\"https:\/\/denizcankizil.tr\/de\/haberler\/gundem\/losemili-cocuklarin-23-nisan-coskusu\/\" \/>\n<meta property=\"og:site_name\" content=\"Av. Deniz Can K\u0131z\u0131l\" \/>\n<meta property=\"article:published_time\" content=\"2025-04-23T10:42:41+00:00\" \/>\n<meta name=\"author\" content=\"admin\" \/>\n<meta name=\"twitter:card\" content=\"summary_large_image\" \/>\n<meta name=\"twitter:label1\" content=\"Verfasst von\" \/>\n\t<meta name=\"twitter:data1\" content=\"admin\" \/>\n<script type=\"application\/ld+json\" class=\"yoast-schema-graph\">{\"@context\":\"https:\/\/schema.org\",\"@graph\":[{\"@type\":\"Article\",\"@id\":\"https:\/\/denizcankizil.tr\/ru\/haberler\/gundem\/losemili-cocuklarin-23-nisan-coskusu\/#article\",\"isPartOf\":{\"@id\":\"https:\/\/denizcankizil.tr\/ru\/haberler\/gundem\/losemili-cocuklarin-23-nisan-coskusu\/\"},\"author\":{\"name\":\"admin\",\"@id\":\"https:\/\/denizcankizil.tr\/#\/schema\/person\/be3c05fe6a12686905512445d8185489\"},\"headline\":\"L\u00f6semili \u00c7ocuklar\u0131n 23 Nisan Co\u015fkusu\",\"datePublished\":\"2025-04-23T10:42:41+00:00\",\"mainEntityOfPage\":{\"@id\":\"https:\/\/denizcankizil.tr\/ru\/haberler\/gundem\/losemili-cocuklarin-23-nisan-coskusu\/\"},\"wordCount\":75,\"publisher\":{\"@id\":\"https:\/\/denizcankizil.tr\/#organization\"},\"articleSection\":[\"G\u00fcndem\"],\"inLanguage\":\"de\"},{\"@type\":\"WebPage\",\"@id\":\"https:\/\/denizcankizil.tr\/ru\/haberler\/gundem\/losemili-cocuklarin-23-nisan-coskusu\/\",\"url\":\"https:\/\/denizcankizil.tr\/ru\/haberler\/gundem\/losemili-cocuklarin-23-nisan-coskusu\/\",\"name\":\"L\u00f6semili \u00c7ocuklar\u0131n 23 Nisan Co\u015fkusu - Av. Deniz Can K\u0131z\u0131l\",\"isPartOf\":{\"@id\":\"https:\/\/denizcankizil.tr\/#website\"},\"datePublished\":\"2025-04-23T10:42:41+00:00\",\"breadcrumb\":{\"@id\":\"https:\/\/denizcankizil.tr\/ru\/haberler\/gundem\/losemili-cocuklarin-23-nisan-coskusu\/#breadcrumb\"},\"inLanguage\":\"de\",\"potentialAction\":[{\"@type\":\"ReadAction\",\"target\":[\"https:\/\/denizcankizil.tr\/ru\/haberler\/gundem\/losemili-cocuklarin-23-nisan-coskusu\/\"]}]},{\"@type\":\"BreadcrumbList\",\"@id\":\"https:\/\/denizcankizil.tr\/ru\/haberler\/gundem\/losemili-cocuklarin-23-nisan-coskusu\/#breadcrumb\",\"itemListElement\":[{\"@type\":\"ListItem\",\"position\":1,\"name\":\"Home\",\"item\":\"https:\/\/denizcankizil.tr\/de\/\"},{\"@type\":\"ListItem\",\"position\":2,\"name\":\"L\u00f6semili \u00c7ocuklar\u0131n 23 Nisan Co\u015fkusu\"}]},{\"@type\":\"WebSite\",\"@id\":\"https:\/\/denizcankizil.tr\/#website\",\"url\":\"https:\/\/denizcankizil.tr\/\",\"name\":\"Av. Deniz Can K\u0131z\u0131l\",\"description\":\"Avukat Deniz Can K\u0131z\u0131l Antalya Barosu\",\"publisher\":{\"@id\":\"https:\/\/denizcankizil.tr\/#organization\"},\"potentialAction\":[{\"@type\":\"SearchAction\",\"target\":{\"@type\":\"EntryPoint\",\"urlTemplate\":\"https:\/\/denizcankizil.tr\/?s={search_term_string}\"},\"query-input\":{\"@type\":\"PropertyValueSpecification\",\"valueRequired\":true,\"valueName\":\"search_term_string\"}}],\"inLanguage\":\"de\"},{\"@type\":\"Organization\",\"@id\":\"https:\/\/denizcankizil.tr\/#organization\",\"name\":\"Av. Deniz Can K\u0131z\u0131l\",\"url\":\"https:\/\/denizcankizil.tr\/\",\"logo\":{\"@type\":\"ImageObject\",\"inLanguage\":\"de\",\"@id\":\"https:\/\/denizcankizil.tr\/#\/schema\/logo\/image\/\",\"url\":\"https:\/\/denizcankizil.tr\/wp-content\/uploads\/2024\/10\/siyah-logo-svg.svg\",\"contentUrl\":\"https:\/\/denizcankizil.tr\/wp-content\/uploads\/2024\/10\/siyah-logo-svg.svg\",\"width\":1080,\"height\":1080,\"caption\":\"Av. Deniz Can K\u0131z\u0131l\"},\"image\":{\"@id\":\"https:\/\/denizcankizil.tr\/#\/schema\/logo\/image\/\"}},{\"@type\":\"Person\",\"@id\":\"https:\/\/denizcankizil.tr\/#\/schema\/person\/be3c05fe6a12686905512445d8185489\",\"name\":\"admin\",\"image\":{\"@type\":\"ImageObject\",\"inLanguage\":\"de\",\"@id\":\"https:\/\/denizcankizil.tr\/#\/schema\/person\/image\/\",\"url\":\"https:\/\/secure.gravatar.com\/avatar\/c1fce94c830dc79107e174f890d7210541c4a63e8e5d816341794a2151c9d58c?s=96&d=mm&r=g\",\"contentUrl\":\"https:\/\/secure.gravatar.com\/avatar\/c1fce94c830dc79107e174f890d7210541c4a63e8e5d816341794a2151c9d58c?s=96&d=mm&r=g\",\"caption\":\"admin\"},\"sameAs\":[\"http:\/\/denizcankizil.tr\"],\"url\":\"https:\/\/www.iskenderun.org\/losemili-cocuklarin-23-nisan-coskusu\"}]}<\/script>\n<!-- \/ Yoast SEO Premium plugin. -->","yoast_head_json":{"title":"L\u00f6semili \u00c7ocuklar\u0131n 23 Nisan Co\u015fkusu - Av. Deniz Can K\u0131z\u0131l","robots":{"index":"index","follow":"follow","max-snippet":"max-snippet:-1","max-image-preview":"max-image-preview:large","max-video-preview":"max-video-preview:-1"},"canonical":"https:\/\/denizcankizil.tr\/de\/haberler\/gundem\/losemili-cocuklarin-23-nisan-coskusu\/","og_locale":"de_DE","og_type":"article","og_title":"L\u00f6semili \u00c7ocuklar\u0131n 23 Nisan Co\u015fkusu","og_description":"L\u00d6SEV\u2019e kay\u0131tl\u0131 l\u00f6semi ve kanser ile m\u00fccadele eden minikler T\u00fcrkiye genelinde d\u00fczenlenen 23 Nisan\u00a0Ulusal Egemenlik ve \u00c7ocuk Bayram\u0131 co\u015fkusunu birlikte ya\u015fad\u0131.\u00a0 \u200bL\u00d6SEV\u2019e kay\u0131tl\u0131 l\u00f6semi ve kanser ile m\u00fccadele eden minikler T\u00fcrkiye genelinde d\u00fczenlenen 23 Nisan\u00a0Ulusal Egemenlik ve \u00c7ocuk Bayram\u0131 co\u015fkusunu birlikte ya\u015fad\u0131.\u00a0\u00a0 \u200bHaberin Al\u0131nt\u0131land\u0131\u011f\u0131 Kaynak: www.iskenderun.org","og_url":"https:\/\/denizcankizil.tr\/de\/haberler\/gundem\/losemili-cocuklarin-23-nisan-coskusu\/","og_site_name":"Av. Deniz Can K\u0131z\u0131l","article_published_time":"2025-04-23T10:42:41+00:00","author":"admin","twitter_card":"summary_large_image","twitter_misc":{"Verfasst von":"admin"},"schema":{"@context":"https:\/\/schema.org","@graph":[{"@type":"Article","@id":"https:\/\/denizcankizil.tr\/ru\/haberler\/gundem\/losemili-cocuklarin-23-nisan-coskusu\/#article","isPartOf":{"@id":"https:\/\/denizcankizil.tr\/ru\/haberler\/gundem\/losemili-cocuklarin-23-nisan-coskusu\/"},"author":{"name":"admin","@id":"https:\/\/denizcankizil.tr\/#\/schema\/person\/be3c05fe6a12686905512445d8185489"},"headline":"L\u00f6semili \u00c7ocuklar\u0131n 23 Nisan Co\u015fkusu","datePublished":"2025-04-23T10:42:41+00:00","mainEntityOfPage":{"@id":"https:\/\/denizcankizil.tr\/ru\/haberler\/gundem\/losemili-cocuklarin-23-nisan-coskusu\/"},"wordCount":75,"publisher":{"@id":"https:\/\/denizcankizil.tr\/#organization"},"articleSection":["G\u00fcndem"],"inLanguage":"de"},{"@type":"WebPage","@id":"https:\/\/denizcankizil.tr\/ru\/haberler\/gundem\/losemili-cocuklarin-23-nisan-coskusu\/","url":"https:\/\/denizcankizil.tr\/ru\/haberler\/gundem\/losemili-cocuklarin-23-nisan-coskusu\/","name":"L\u00f6semili \u00c7ocuklar\u0131n 23 Nisan Co\u015fkusu - Av. Deniz Can K\u0131z\u0131l","isPartOf":{"@id":"https:\/\/denizcankizil.tr\/#website"},"datePublished":"2025-04-23T10:42:41+00:00","breadcrumb":{"@id":"https:\/\/denizcankizil.tr\/ru\/haberler\/gundem\/losemili-cocuklarin-23-nisan-coskusu\/#breadcrumb"},"inLanguage":"de","potentialAction":[{"@type":"ReadAction","target":["https:\/\/denizcankizil.tr\/ru\/haberler\/gundem\/losemili-cocuklarin-23-nisan-coskusu\/"]}]},{"@type":"BreadcrumbList","@id":"https:\/\/denizcankizil.tr\/ru\/haberler\/gundem\/losemili-cocuklarin-23-nisan-coskusu\/#breadcrumb","itemListElement":[{"@type":"ListItem","position":1,"name":"Home","item":"https:\/\/denizcankizil.tr\/de\/"},{"@type":"ListItem","position":2,"name":"L\u00f6semili \u00c7ocuklar\u0131n 23 Nisan Co\u015fkusu"}]},{"@type":"WebSite","@id":"https:\/\/denizcankizil.tr\/#website","url":"https:\/\/denizcankizil.tr\/","name":"Av. Deniz Can K\u0131z\u0131l","description":"Avukat Deniz Can K\u0131z\u0131l Antalya Barosu","publisher":{"@id":"https:\/\/denizcankizil.tr\/#organization"},"potentialAction":[{"@type":"SearchAction","target":{"@type":"EntryPoint","urlTemplate":"https:\/\/denizcankizil.tr\/?s={search_term_string}"},"query-input":{"@type":"PropertyValueSpecification","valueRequired":true,"valueName":"search_term_string"}}],"inLanguage":"de"},{"@type":"Organization","@id":"https:\/\/denizcankizil.tr\/#organization","name":"Av. Deniz Can K\u0131z\u0131l","url":"https:\/\/denizcankizil.tr\/","logo":{"@type":"ImageObject","inLanguage":"de","@id":"https:\/\/denizcankizil.tr\/#\/schema\/logo\/image\/","url":"https:\/\/denizcankizil.tr\/wp-content\/uploads\/2024\/10\/siyah-logo-svg.svg","contentUrl":"https:\/\/denizcankizil.tr\/wp-content\/uploads\/2024\/10\/siyah-logo-svg.svg","width":1080,"height":1080,"caption":"Av. Deniz Can K\u0131z\u0131l"},"image":{"@id":"https:\/\/denizcankizil.tr\/#\/schema\/logo\/image\/"}},{"@type":"Person","@id":"https:\/\/denizcankizil.tr\/#\/schema\/person\/be3c05fe6a12686905512445d8185489","name":"Administrator","image":{"@type":"ImageObject","inLanguage":"de","@id":"https:\/\/denizcankizil.tr\/#\/schema\/person\/image\/","url":"https:\/\/secure.gravatar.com\/avatar\/c1fce94c830dc79107e174f890d7210541c4a63e8e5d816341794a2151c9d58c?s=96&d=mm&r=g","contentUrl":"https:\/\/secure.gravatar.com\/avatar\/c1fce94c830dc79107e174f890d7210541c4a63e8e5d816341794a2151c9d58c?s=96&d=mm&r=g","caption":"admin"},"sameAs":["http:\/\/denizcankizil.tr"],"url":"https:\/\/www.iskenderun.org\/losemili-cocuklarin-23-nisan-coskusu"}]}},"_links":{"self":[{"href":"https:\/\/denizcankizil.tr\/de\/wp-json\/wp\/v2\/posts\/63930","targetHints":{"allow":["GET"]}}],"collection":[{"href":"https:\/\/denizcankizil.tr\/de\/wp-json\/wp\/v2\/posts"}],"about":[{"href":"https:\/\/denizcankizil.tr\/de\/wp-json\/wp\/v2\/types\/post"}],"author":[{"embeddable":true,"href":"https:\/\/denizcankizil.tr\/de\/wp-json\/wp\/v2\/users\/1"}],"replies":[{"embeddable":true,"href":"https:\/\/denizcankizil.tr\/de\/wp-json\/wp\/v2\/comments?post=63930"}],"version-history":[{"count":0,"href":"https:\/\/denizcankizil.tr\/de\/wp-json\/wp\/v2\/posts\/63930\/revisions"}],"wp:attachment":[{"href":"https:\/\/denizcankizil.tr\/de\/wp-json\/wp\/v2\/media?parent=63930"}],"wp:term":[{"taxonomy":"category","embeddable":true,"href":"https:\/\/denizcankizil.tr\/de\/wp-json\/wp\/v2\/categories?post=63930"},{"taxonomy":"post_tag","embeddable":true,"href":"https:\/\/denizcankizil.tr\/de\/wp-json\/wp\/v2\/tags?post=63930"}],"curies":[{"name":"wp","href":"https:\/\/api.w.org\/{rel}","templated":true}]}}