{"id":62707,"date":"2025-04-22T10:41:47","date_gmt":"2025-04-22T07:41:47","guid":{"rendered":"https:\/\/denizcankizil.tr\/uncategorized-tr\/vali-sahinden-23-nisan-mesaji\/"},"modified":"2025-04-22T10:41:47","modified_gmt":"2025-04-22T07:41:47","slug":"vali-sahinden-23-nisan-mesaji","status":"publish","type":"post","link":"https:\/\/denizcankizil.tr\/de\/haberler\/antalya\/vali-sahinden-23-nisan-mesaji\/","title":{"rendered":"Vali \u015eahin&#8217;den 23 Nisan mesaj\u0131"},"content":{"rendered":"<p>Vali \u015eahin&#8217;in mesaj\u0131nda \u015fu ifadeler yer ald\u0131;<\/p>\n<p>&#8220;T\u00fcrkiye B\u00fcy\u00fck Millet Meclisi&#8217;mizin 105&#8217;inci kurulu\u015f y\u0131l d\u00f6n\u00fcm\u00fc ve 23 Nisan Ulusal Egemenlik ve \u00c7ocuk Bayram\u0131&#8217;n\u0131 kutlaman\u0131n gurur ve co\u015fkusunu ya\u015f\u0131yoruz.<\/p>\n<p>23 Nisan 1920, \u015fanl\u0131 tarihimizin d\u00f6n\u00fcm noktalar\u0131ndan biridir. Aziz Milletimiz, T\u00fcrkiye B\u00fcy\u00fck Millet Meclisinin a\u00e7\u0131l\u0131\u015f\u0131yla, bir kere daha, &#8220;Ben ezelden beridir h\u00fcr ya\u015fad\u0131m, h\u00fcr ya\u015far\u0131m&#8221; diyerek ba\u011f\u0131ms\u0131zl\u0131k iradesini t\u00fcm d\u00fcnyaya kararl\u0131 ve g\u00fc\u00e7l\u00fc bir \u015fekilde duyurmu\u015ftur. Aziz Milletimizin g\u00f6nl\u00fcnde umut, heyecan ve co\u015fkuya d\u00f6n\u00fc\u015fen bu ses, Anadoluda yank\u0131lanarak T\u00fcrkiye Cumhuriyeti&#8217;nin kurulu\u015funu haz\u0131rlam\u0131\u015ft\u0131r. 105 y\u0131ld\u0131r millet iradesinin tecellisi ve tezah\u00fcr\u00fc olarak yank\u0131lanmaktad\u0131r.<\/p>\n<p>23 Nisan, ayn\u0131 zamanda \u00e7ocuklara adanm\u0131\u015f bir gelece\u011fin de simgesidir. Gazi Mustafa Kemal Atat\u00fcrk&#8217;\u00fcn &#8216;Bir milletin \u00e7ocuklar\u0131, o milletin gelece\u011fidir&#8217; s\u00f6zleriyle emanet etti\u011fi yar\u0131nlar\u0131m\u0131z, \u00e7ocuklar\u0131m\u0131z\u0131n g\u00f6zlerinde ve y\u00fcreklerinde b\u00fcy\u00fcmektedir. \u0130nan\u0131yoruz ki, d\u00fcnyan\u0131n d\u00f6rt bir yan\u0131nda t\u00fcm \u00e7ocuklar\u0131n co\u015fkuyla kat\u0131ld\u0131klar\u0131 23 Nisan, daha adil, daha \u00f6zg\u00fcr ve daha huzurlu bir d\u00fcnyan\u0131n kap\u0131s\u0131n\u0131 er ge\u00e7 aralayacakt\u0131r. Ve inan\u0131yoruz ki, yar\u0131nlar, i\u015fte bu inan\u00e7la b\u00fcy\u00fcyen nesillerin ellerinde \u015fekillenecektir. Bizler de bu inan\u00e7la, b\u00fct\u00fcn d\u00fcnya \u00e7ocuklar\u0131n\u0131n mutlu, adil ve m\u00fcreffeh bir d\u00fcnyada b\u00fcy\u00fcmesi i\u00e7in var g\u00fcc\u00fcm\u00fczle \u00e7al\u0131\u015faca\u011f\u0131z.<\/p>\n<p>Bu anlaml\u0131 g\u00fcn vesilesiyle, ba\u015fta Gazi Mustafa Kemal Atat\u00fcrk ve silah arkada\u015flar\u0131 olmak \u00fczere, istikbalimiz u\u011fruna m\u00fccadele veren t\u00fcm kahramanlar\u0131m\u0131z\u0131 rahmet ve \u015f\u00fckranla an\u0131yor; milletimizin ve gelece\u011fimizin g\u00fcvencesi olan \u00e7ocuklar\u0131m\u0131z\u0131n 23 Nisan Ulusal Egemenlik ve \u00c7ocuk Bayram\u0131&#8217;n\u0131 en i\u00e7ten dileklerimle kutluyorum.&#8221;<\/p>\n<p>Kaynak: www.kanalv.com.tr Haber Sitesinden Al\u0131nm\u0131\u015ft\u0131r.<\/p>","protected":false},"excerpt":{"rendered":"<p>Vali \u015eahin&#8217;in mesaj\u0131nda \u015fu ifadeler yer ald\u0131; &#8220;T\u00fcrkiye B\u00fcy\u00fck Millet Meclisi&#8217;mizin 105&#8217;inci kurulu\u015f y\u0131l d\u00f6n\u00fcm\u00fc ve 23 Nisan Ulusal Egemenlik ve \u00c7ocuk Bayram\u0131&#8217;n\u0131 kutlaman\u0131n gurur ve co\u015fkusunu ya\u015f\u0131yoruz. 23 Nisan 1920, \u015fanl\u0131 tarihimizin d\u00f6n\u00fcm noktalar\u0131ndan biridir. Aziz Milletimiz, T\u00fcrkiye B\u00fcy\u00fck Millet Meclisinin a\u00e7\u0131l\u0131\u015f\u0131yla, bir kere daha, &#8220;Ben ezelden beridir h\u00fcr ya\u015fad\u0131m, h\u00fcr ya\u015far\u0131m&#8221; diyerek ba\u011f\u0131ms\u0131zl\u0131k iradesini t\u00fcm d\u00fcnyaya kararl\u0131 ve g\u00fc\u00e7l\u00fc bir \u015fekilde duyurmu\u015ftur. Aziz Milletimizin g\u00f6nl\u00fcnde umut, heyecan ve co\u015fkuya d\u00f6n\u00fc\u015fen bu ses, Anadoluda yank\u0131lanarak T\u00fcrkiye Cumhuriyeti&#8217;nin kurulu\u015funu haz\u0131rlam\u0131\u015ft\u0131r. 105 y\u0131ld\u0131r millet iradesinin tecellisi ve tezah\u00fcr\u00fc olarak yank\u0131lanmaktad\u0131r. 23 Nisan, ayn\u0131 zamanda \u00e7ocuklara adanm\u0131\u015f bir gelece\u011fin de simgesidir. Gazi Mustafa Kemal Atat\u00fcrk&#8217;\u00fcn &#8216;Bir milletin \u00e7ocuklar\u0131, o milletin gelece\u011fidir&#8217; s\u00f6zleriyle emanet etti\u011fi yar\u0131nlar\u0131m\u0131z, \u00e7ocuklar\u0131m\u0131z\u0131n g\u00f6zlerinde ve y\u00fcreklerinde b\u00fcy\u00fcmektedir. \u0130nan\u0131yoruz ki, d\u00fcnyan\u0131n d\u00f6rt bir yan\u0131nda t\u00fcm \u00e7ocuklar\u0131n co\u015fkuyla kat\u0131ld\u0131klar\u0131 23 Nisan, daha adil, daha \u00f6zg\u00fcr ve daha huzurlu bir d\u00fcnyan\u0131n kap\u0131s\u0131n\u0131 er ge\u00e7 aralayacakt\u0131r. Ve inan\u0131yoruz ki, yar\u0131nlar, i\u015fte bu inan\u00e7la b\u00fcy\u00fcyen nesillerin ellerinde \u015fekillenecektir. Bizler de bu inan\u00e7la, b\u00fct\u00fcn d\u00fcnya \u00e7ocuklar\u0131n\u0131n mutlu, adil ve m\u00fcreffeh bir d\u00fcnyada b\u00fcy\u00fcmesi i\u00e7in var g\u00fcc\u00fcm\u00fczle \u00e7al\u0131\u015faca\u011f\u0131z. Bu anlaml\u0131 g\u00fcn vesilesiyle, ba\u015fta Gazi Mustafa Kemal Atat\u00fcrk ve silah arkada\u015flar\u0131 olmak \u00fczere, istikbalimiz u\u011fruna m\u00fccadele veren t\u00fcm kahramanlar\u0131m\u0131z\u0131 rahmet ve \u015f\u00fckranla an\u0131yor; milletimizin ve gelece\u011fimizin g\u00fcvencesi &hellip;<\/p>","protected":false},"author":4,"featured_media":62708,"comment_status":"","ping_status":"open","sticky":false,"template":"","format":"standard","meta":{"_acf_changed":false,"footnotes":""},"categories":[26],"tags":[],"class_list":["post-62707","post","type-post","status-publish","format-standard","has-post-thumbnail","hentry","category-antalya"],"acf":[],"yoast_head":"<!-- This site is optimized with the Yoast SEO Premium plugin v26.6 (Yoast SEO v27.1.1) - https:\/\/yoast.com\/product\/yoast-seo-premium-wordpress\/ -->\n<title>Vali \u015eahin&#039;den 23 Nisan mesaj\u0131 - Av. Deniz Can K\u0131z\u0131l<\/title>\n<meta name=\"robots\" content=\"index, follow, max-snippet:-1, max-image-preview:large, max-video-preview:-1\" \/>\n<link rel=\"canonical\" href=\"https:\/\/denizcankizil.tr\/de\/haberler\/antalya\/vali-sahinden-23-nisan-mesaji\/\" \/>\n<meta property=\"og:locale\" content=\"de_DE\" \/>\n<meta property=\"og:type\" content=\"article\" \/>\n<meta property=\"og:title\" content=\"Vali \u015eahin&#039;den 23 Nisan mesaj\u0131\" \/>\n<meta property=\"og:description\" content=\"Vali \u015eahin&#8217;in mesaj\u0131nda \u015fu ifadeler yer ald\u0131; &#8220;T\u00fcrkiye B\u00fcy\u00fck Millet Meclisi&#8217;mizin 105&#8217;inci kurulu\u015f y\u0131l d\u00f6n\u00fcm\u00fc ve 23 Nisan Ulusal Egemenlik ve \u00c7ocuk Bayram\u0131&#8217;n\u0131 kutlaman\u0131n gurur ve co\u015fkusunu ya\u015f\u0131yoruz. 23 Nisan 1920, \u015fanl\u0131 tarihimizin d\u00f6n\u00fcm noktalar\u0131ndan biridir. Aziz Milletimiz, T\u00fcrkiye B\u00fcy\u00fck Millet Meclisinin a\u00e7\u0131l\u0131\u015f\u0131yla, bir kere daha, &#8220;Ben ezelden beridir h\u00fcr ya\u015fad\u0131m, h\u00fcr ya\u015far\u0131m&#8221; diyerek ba\u011f\u0131ms\u0131zl\u0131k iradesini t\u00fcm d\u00fcnyaya kararl\u0131 ve g\u00fc\u00e7l\u00fc bir \u015fekilde duyurmu\u015ftur. Aziz Milletimizin g\u00f6nl\u00fcnde umut, heyecan ve co\u015fkuya d\u00f6n\u00fc\u015fen bu ses, Anadoluda yank\u0131lanarak T\u00fcrkiye Cumhuriyeti&#8217;nin kurulu\u015funu haz\u0131rlam\u0131\u015ft\u0131r. 105 y\u0131ld\u0131r millet iradesinin tecellisi ve tezah\u00fcr\u00fc olarak yank\u0131lanmaktad\u0131r. 23 Nisan, ayn\u0131 zamanda \u00e7ocuklara adanm\u0131\u015f bir gelece\u011fin de simgesidir. Gazi Mustafa Kemal Atat\u00fcrk&#8217;\u00fcn &#8216;Bir milletin \u00e7ocuklar\u0131, o milletin gelece\u011fidir&#8217; s\u00f6zleriyle emanet etti\u011fi yar\u0131nlar\u0131m\u0131z, \u00e7ocuklar\u0131m\u0131z\u0131n g\u00f6zlerinde ve y\u00fcreklerinde b\u00fcy\u00fcmektedir. \u0130nan\u0131yoruz ki, d\u00fcnyan\u0131n d\u00f6rt bir yan\u0131nda t\u00fcm \u00e7ocuklar\u0131n co\u015fkuyla kat\u0131ld\u0131klar\u0131 23 Nisan, daha adil, daha \u00f6zg\u00fcr ve daha huzurlu bir d\u00fcnyan\u0131n kap\u0131s\u0131n\u0131 er ge\u00e7 aralayacakt\u0131r. Ve inan\u0131yoruz ki, yar\u0131nlar, i\u015fte bu inan\u00e7la b\u00fcy\u00fcyen nesillerin ellerinde \u015fekillenecektir. Bizler de bu inan\u00e7la, b\u00fct\u00fcn d\u00fcnya \u00e7ocuklar\u0131n\u0131n mutlu, adil ve m\u00fcreffeh bir d\u00fcnyada b\u00fcy\u00fcmesi i\u00e7in var g\u00fcc\u00fcm\u00fczle \u00e7al\u0131\u015faca\u011f\u0131z. Bu anlaml\u0131 g\u00fcn vesilesiyle, ba\u015fta Gazi Mustafa Kemal Atat\u00fcrk ve silah arkada\u015flar\u0131 olmak \u00fczere, istikbalimiz u\u011fruna m\u00fccadele veren t\u00fcm kahramanlar\u0131m\u0131z\u0131 rahmet ve \u015f\u00fckranla an\u0131yor; milletimizin ve gelece\u011fimizin g\u00fcvencesi &hellip;\" \/>\n<meta property=\"og:url\" content=\"https:\/\/denizcankizil.tr\/de\/haberler\/antalya\/vali-sahinden-23-nisan-mesaji\/\" \/>\n<meta property=\"og:site_name\" content=\"Av. Deniz Can K\u0131z\u0131l\" \/>\n<meta property=\"article:published_time\" content=\"2025-04-22T07:41:47+00:00\" \/>\n<meta property=\"og:image\" content=\"https:\/\/denizcankizil.tr\/wp-content\/uploads\/2025\/04\/5924-01-N6MzLx.jpg\" \/>\n\t<meta property=\"og:image:width\" content=\"1280\" \/>\n\t<meta property=\"og:image:height\" content=\"720\" \/>\n\t<meta property=\"og:image:type\" content=\"image\/jpeg\" \/>\n<meta name=\"author\" content=\"Av. Deniz Can K\u0131z\u0131l\" \/>\n<meta name=\"twitter:card\" content=\"summary_large_image\" \/>\n<meta name=\"twitter:label1\" content=\"Verfasst von\" \/>\n\t<meta name=\"twitter:data1\" content=\"Av. Deniz Can K\u0131z\u0131l\" \/>\n\t<meta name=\"twitter:label2\" content=\"Gesch\u00e4tzte Lesezeit\" \/>\n\t<meta name=\"twitter:data2\" content=\"2\u00a0Minuten\" \/>\n<script type=\"application\/ld+json\" class=\"yoast-schema-graph\">{\"@context\":\"https:\/\/schema.org\",\"@graph\":[{\"@type\":\"Article\",\"@id\":\"https:\/\/denizcankizil.tr\/de\/haberler\/antalya\/vali-sahinden-23-nisan-mesaji\/#article\",\"isPartOf\":{\"@id\":\"https:\/\/denizcankizil.tr\/de\/haberler\/antalya\/vali-sahinden-23-nisan-mesaji\/\"},\"author\":{\"name\":\"Av. Deniz Can K\u0131z\u0131l\",\"@id\":\"https:\/\/denizcankizil.tr\/de\/#\/schema\/person\/5dc1b22991bd7ac833867c10afc9b0ff\"},\"headline\":\"Vali \u015eahin&#8217;den 23 Nisan mesaj\u0131\",\"datePublished\":\"2025-04-22T07:41:47+00:00\",\"mainEntityOfPage\":{\"@id\":\"https:\/\/denizcankizil.tr\/de\/haberler\/antalya\/vali-sahinden-23-nisan-mesaji\/\"},\"wordCount\":344,\"publisher\":{\"@id\":\"https:\/\/denizcankizil.tr\/de\/#organization\"},\"image\":{\"@id\":\"https:\/\/denizcankizil.tr\/de\/haberler\/antalya\/vali-sahinden-23-nisan-mesaji\/#primaryimage\"},\"thumbnailUrl\":\"https:\/\/denizcankizil.tr\/wp-content\/uploads\/2025\/04\/5924-01-N6MzLx.jpg\",\"articleSection\":[\"Antalya\"],\"inLanguage\":\"de\"},{\"@type\":\"WebPage\",\"@id\":\"https:\/\/denizcankizil.tr\/de\/haberler\/antalya\/vali-sahinden-23-nisan-mesaji\/\",\"url\":\"https:\/\/denizcankizil.tr\/de\/haberler\/antalya\/vali-sahinden-23-nisan-mesaji\/\",\"name\":\"Vali \u015eahin'den 23 Nisan mesaj\u0131 - Av. Deniz Can K\u0131z\u0131l\",\"isPartOf\":{\"@id\":\"https:\/\/denizcankizil.tr\/de\/#website\"},\"primaryImageOfPage\":{\"@id\":\"https:\/\/denizcankizil.tr\/de\/haberler\/antalya\/vali-sahinden-23-nisan-mesaji\/#primaryimage\"},\"image\":{\"@id\":\"https:\/\/denizcankizil.tr\/de\/haberler\/antalya\/vali-sahinden-23-nisan-mesaji\/#primaryimage\"},\"thumbnailUrl\":\"https:\/\/denizcankizil.tr\/wp-content\/uploads\/2025\/04\/5924-01-N6MzLx.jpg\",\"datePublished\":\"2025-04-22T07:41:47+00:00\",\"breadcrumb\":{\"@id\":\"https:\/\/denizcankizil.tr\/de\/haberler\/antalya\/vali-sahinden-23-nisan-mesaji\/#breadcrumb\"},\"inLanguage\":\"de\",\"potentialAction\":[{\"@type\":\"ReadAction\",\"target\":[\"https:\/\/denizcankizil.tr\/de\/haberler\/antalya\/vali-sahinden-23-nisan-mesaji\/\"]}]},{\"@type\":\"ImageObject\",\"inLanguage\":\"de\",\"@id\":\"https:\/\/denizcankizil.tr\/de\/haberler\/antalya\/vali-sahinden-23-nisan-mesaji\/#primaryimage\",\"url\":\"https:\/\/denizcankizil.tr\/wp-content\/uploads\/2025\/04\/5924-01-N6MzLx.jpg\",\"contentUrl\":\"https:\/\/denizcankizil.tr\/wp-content\/uploads\/2025\/04\/5924-01-N6MzLx.jpg\",\"width\":1280,\"height\":720},{\"@type\":\"BreadcrumbList\",\"@id\":\"https:\/\/denizcankizil.tr\/de\/haberler\/antalya\/vali-sahinden-23-nisan-mesaji\/#breadcrumb\",\"itemListElement\":[{\"@type\":\"ListItem\",\"position\":1,\"name\":\"Home\",\"item\":\"https:\/\/denizcankizil.tr\/de\/\"},{\"@type\":\"ListItem\",\"position\":2,\"name\":\"Vali \u015eahin&#8217;den 23 Nisan mesaj\u0131\"}]},{\"@type\":\"WebSite\",\"@id\":\"https:\/\/denizcankizil.tr\/de\/#website\",\"url\":\"https:\/\/denizcankizil.tr\/de\/\",\"name\":\"Av. Deniz Can K\u0131z\u0131l\",\"description\":\"Avukat Deniz Can K\u0131z\u0131l Antalya Barosu\",\"publisher\":{\"@id\":\"https:\/\/denizcankizil.tr\/de\/#organization\"},\"potentialAction\":[{\"@type\":\"SearchAction\",\"target\":{\"@type\":\"EntryPoint\",\"urlTemplate\":\"https:\/\/denizcankizil.tr\/de\/?s={search_term_string}\"},\"query-input\":{\"@type\":\"PropertyValueSpecification\",\"valueRequired\":true,\"valueName\":\"search_term_string\"}}],\"inLanguage\":\"de\"},{\"@type\":\"Organization\",\"@id\":\"https:\/\/denizcankizil.tr\/de\/#organization\",\"name\":\"Av. Deniz Can K\u0131z\u0131l\",\"url\":\"https:\/\/denizcankizil.tr\/de\/\",\"logo\":{\"@type\":\"ImageObject\",\"inLanguage\":\"de\",\"@id\":\"https:\/\/denizcankizil.tr\/de\/#\/schema\/logo\/image\/\",\"url\":\"https:\/\/denizcankizil.tr\/wp-content\/uploads\/2024\/10\/siyah-logo-svg.svg\",\"contentUrl\":\"https:\/\/denizcankizil.tr\/wp-content\/uploads\/2024\/10\/siyah-logo-svg.svg\",\"width\":1080,\"height\":1080,\"caption\":\"Av. Deniz Can K\u0131z\u0131l\"},\"image\":{\"@id\":\"https:\/\/denizcankizil.tr\/de\/#\/schema\/logo\/image\/\"}},{\"@type\":\"Person\",\"@id\":\"https:\/\/denizcankizil.tr\/de\/#\/schema\/person\/5dc1b22991bd7ac833867c10afc9b0ff\",\"name\":\"Av. Deniz Can K\u0131z\u0131l\",\"image\":{\"@type\":\"ImageObject\",\"inLanguage\":\"de\",\"@id\":\"https:\/\/denizcankizil.tr\/de\/#\/schema\/person\/image\/\",\"url\":\"https:\/\/secure.gravatar.com\/avatar\/a0b128fb9855c79efc976d5640eedb31dc35ec297594d6016d2cf7c60e975bb6?s=96&d=mm&r=g\",\"contentUrl\":\"https:\/\/secure.gravatar.com\/avatar\/a0b128fb9855c79efc976d5640eedb31dc35ec297594d6016d2cf7c60e975bb6?s=96&d=mm&r=g\",\"caption\":\"Av. Deniz Can K\u0131z\u0131l\"},\"sameAs\":[\"http:\/\/www.denizcankizil.tr\"],\"url\":\"https:\/\/denizcankizil.tr\/de\/author\/denizcankizil\/\"}]}<\/script>\n<!-- \/ Yoast SEO Premium plugin. -->","yoast_head_json":{"title":"Vali \u015eahin'den 23 Nisan mesaj\u0131 - Av. Deniz Can K\u0131z\u0131l","robots":{"index":"index","follow":"follow","max-snippet":"max-snippet:-1","max-image-preview":"max-image-preview:large","max-video-preview":"max-video-preview:-1"},"canonical":"https:\/\/denizcankizil.tr\/de\/haberler\/antalya\/vali-sahinden-23-nisan-mesaji\/","og_locale":"de_DE","og_type":"article","og_title":"Vali \u015eahin'den 23 Nisan mesaj\u0131","og_description":"Vali \u015eahin&#8217;in mesaj\u0131nda \u015fu ifadeler yer ald\u0131; &#8220;T\u00fcrkiye B\u00fcy\u00fck Millet Meclisi&#8217;mizin 105&#8217;inci kurulu\u015f y\u0131l d\u00f6n\u00fcm\u00fc ve 23 Nisan Ulusal Egemenlik ve \u00c7ocuk Bayram\u0131&#8217;n\u0131 kutlaman\u0131n gurur ve co\u015fkusunu ya\u015f\u0131yoruz. 23 Nisan 1920, \u015fanl\u0131 tarihimizin d\u00f6n\u00fcm noktalar\u0131ndan biridir. Aziz Milletimiz, T\u00fcrkiye B\u00fcy\u00fck Millet Meclisinin a\u00e7\u0131l\u0131\u015f\u0131yla, bir kere daha, &#8220;Ben ezelden beridir h\u00fcr ya\u015fad\u0131m, h\u00fcr ya\u015far\u0131m&#8221; diyerek ba\u011f\u0131ms\u0131zl\u0131k iradesini t\u00fcm d\u00fcnyaya kararl\u0131 ve g\u00fc\u00e7l\u00fc bir \u015fekilde duyurmu\u015ftur. Aziz Milletimizin g\u00f6nl\u00fcnde umut, heyecan ve co\u015fkuya d\u00f6n\u00fc\u015fen bu ses, Anadoluda yank\u0131lanarak T\u00fcrkiye Cumhuriyeti&#8217;nin kurulu\u015funu haz\u0131rlam\u0131\u015ft\u0131r. 105 y\u0131ld\u0131r millet iradesinin tecellisi ve tezah\u00fcr\u00fc olarak yank\u0131lanmaktad\u0131r. 23 Nisan, ayn\u0131 zamanda \u00e7ocuklara adanm\u0131\u015f bir gelece\u011fin de simgesidir. Gazi Mustafa Kemal Atat\u00fcrk&#8217;\u00fcn &#8216;Bir milletin \u00e7ocuklar\u0131, o milletin gelece\u011fidir&#8217; s\u00f6zleriyle emanet etti\u011fi yar\u0131nlar\u0131m\u0131z, \u00e7ocuklar\u0131m\u0131z\u0131n g\u00f6zlerinde ve y\u00fcreklerinde b\u00fcy\u00fcmektedir. \u0130nan\u0131yoruz ki, d\u00fcnyan\u0131n d\u00f6rt bir yan\u0131nda t\u00fcm \u00e7ocuklar\u0131n co\u015fkuyla kat\u0131ld\u0131klar\u0131 23 Nisan, daha adil, daha \u00f6zg\u00fcr ve daha huzurlu bir d\u00fcnyan\u0131n kap\u0131s\u0131n\u0131 er ge\u00e7 aralayacakt\u0131r. Ve inan\u0131yoruz ki, yar\u0131nlar, i\u015fte bu inan\u00e7la b\u00fcy\u00fcyen nesillerin ellerinde \u015fekillenecektir. Bizler de bu inan\u00e7la, b\u00fct\u00fcn d\u00fcnya \u00e7ocuklar\u0131n\u0131n mutlu, adil ve m\u00fcreffeh bir d\u00fcnyada b\u00fcy\u00fcmesi i\u00e7in var g\u00fcc\u00fcm\u00fczle \u00e7al\u0131\u015faca\u011f\u0131z. Bu anlaml\u0131 g\u00fcn vesilesiyle, ba\u015fta Gazi Mustafa Kemal Atat\u00fcrk ve silah arkada\u015flar\u0131 olmak \u00fczere, istikbalimiz u\u011fruna m\u00fccadele veren t\u00fcm kahramanlar\u0131m\u0131z\u0131 rahmet ve \u015f\u00fckranla an\u0131yor; milletimizin ve gelece\u011fimizin g\u00fcvencesi &hellip;","og_url":"https:\/\/denizcankizil.tr\/de\/haberler\/antalya\/vali-sahinden-23-nisan-mesaji\/","og_site_name":"Av. Deniz Can K\u0131z\u0131l","article_published_time":"2025-04-22T07:41:47+00:00","og_image":[{"width":1280,"height":720,"url":"https:\/\/denizcankizil.tr\/wp-content\/uploads\/2025\/04\/5924-01-N6MzLx.jpg","type":"image\/jpeg"}],"author":"Av. Deniz Can K\u0131z\u0131l","twitter_card":"summary_large_image","twitter_misc":{"Verfasst von":"Av. Deniz Can K\u0131z\u0131l","Gesch\u00e4tzte Lesezeit":"2\u00a0Minuten"},"schema":{"@context":"https:\/\/schema.org","@graph":[{"@type":"Article","@id":"https:\/\/denizcankizil.tr\/de\/haberler\/antalya\/vali-sahinden-23-nisan-mesaji\/#article","isPartOf":{"@id":"https:\/\/denizcankizil.tr\/de\/haberler\/antalya\/vali-sahinden-23-nisan-mesaji\/"},"author":{"name":"Av. Deniz Can K\u0131z\u0131l","@id":"https:\/\/denizcankizil.tr\/de\/#\/schema\/person\/5dc1b22991bd7ac833867c10afc9b0ff"},"headline":"Vali \u015eahin&#8217;den 23 Nisan mesaj\u0131","datePublished":"2025-04-22T07:41:47+00:00","mainEntityOfPage":{"@id":"https:\/\/denizcankizil.tr\/de\/haberler\/antalya\/vali-sahinden-23-nisan-mesaji\/"},"wordCount":344,"publisher":{"@id":"https:\/\/denizcankizil.tr\/de\/#organization"},"image":{"@id":"https:\/\/denizcankizil.tr\/de\/haberler\/antalya\/vali-sahinden-23-nisan-mesaji\/#primaryimage"},"thumbnailUrl":"https:\/\/denizcankizil.tr\/wp-content\/uploads\/2025\/04\/5924-01-N6MzLx.jpg","articleSection":["Antalya"],"inLanguage":"de"},{"@type":"WebPage","@id":"https:\/\/denizcankizil.tr\/de\/haberler\/antalya\/vali-sahinden-23-nisan-mesaji\/","url":"https:\/\/denizcankizil.tr\/de\/haberler\/antalya\/vali-sahinden-23-nisan-mesaji\/","name":"Vali \u015eahin'den 23 Nisan mesaj\u0131 - Av. Deniz Can K\u0131z\u0131l","isPartOf":{"@id":"https:\/\/denizcankizil.tr\/de\/#website"},"primaryImageOfPage":{"@id":"https:\/\/denizcankizil.tr\/de\/haberler\/antalya\/vali-sahinden-23-nisan-mesaji\/#primaryimage"},"image":{"@id":"https:\/\/denizcankizil.tr\/de\/haberler\/antalya\/vali-sahinden-23-nisan-mesaji\/#primaryimage"},"thumbnailUrl":"https:\/\/denizcankizil.tr\/wp-content\/uploads\/2025\/04\/5924-01-N6MzLx.jpg","datePublished":"2025-04-22T07:41:47+00:00","breadcrumb":{"@id":"https:\/\/denizcankizil.tr\/de\/haberler\/antalya\/vali-sahinden-23-nisan-mesaji\/#breadcrumb"},"inLanguage":"de","potentialAction":[{"@type":"ReadAction","target":["https:\/\/denizcankizil.tr\/de\/haberler\/antalya\/vali-sahinden-23-nisan-mesaji\/"]}]},{"@type":"ImageObject","inLanguage":"de","@id":"https:\/\/denizcankizil.tr\/de\/haberler\/antalya\/vali-sahinden-23-nisan-mesaji\/#primaryimage","url":"https:\/\/denizcankizil.tr\/wp-content\/uploads\/2025\/04\/5924-01-N6MzLx.jpg","contentUrl":"https:\/\/denizcankizil.tr\/wp-content\/uploads\/2025\/04\/5924-01-N6MzLx.jpg","width":1280,"height":720},{"@type":"BreadcrumbList","@id":"https:\/\/denizcankizil.tr\/de\/haberler\/antalya\/vali-sahinden-23-nisan-mesaji\/#breadcrumb","itemListElement":[{"@type":"ListItem","position":1,"name":"Home","item":"https:\/\/denizcankizil.tr\/de\/"},{"@type":"ListItem","position":2,"name":"Vali \u015eahin&#8217;den 23 Nisan mesaj\u0131"}]},{"@type":"WebSite","@id":"https:\/\/denizcankizil.tr\/de\/#website","url":"https:\/\/denizcankizil.tr\/de\/","name":"Av. Deniz Can K\u0131z\u0131l","description":"Avukat Deniz Can K\u0131z\u0131l Antalya Barosu","publisher":{"@id":"https:\/\/denizcankizil.tr\/de\/#organization"},"potentialAction":[{"@type":"SearchAction","target":{"@type":"EntryPoint","urlTemplate":"https:\/\/denizcankizil.tr\/de\/?s={search_term_string}"},"query-input":{"@type":"PropertyValueSpecification","valueRequired":true,"valueName":"search_term_string"}}],"inLanguage":"de"},{"@type":"Organization","@id":"https:\/\/denizcankizil.tr\/de\/#organization","name":"Av. Deniz Can K\u0131z\u0131l","url":"https:\/\/denizcankizil.tr\/de\/","logo":{"@type":"ImageObject","inLanguage":"de","@id":"https:\/\/denizcankizil.tr\/de\/#\/schema\/logo\/image\/","url":"https:\/\/denizcankizil.tr\/wp-content\/uploads\/2024\/10\/siyah-logo-svg.svg","contentUrl":"https:\/\/denizcankizil.tr\/wp-content\/uploads\/2024\/10\/siyah-logo-svg.svg","width":1080,"height":1080,"caption":"Av. Deniz Can K\u0131z\u0131l"},"image":{"@id":"https:\/\/denizcankizil.tr\/de\/#\/schema\/logo\/image\/"}},{"@type":"Person","@id":"https:\/\/denizcankizil.tr\/de\/#\/schema\/person\/5dc1b22991bd7ac833867c10afc9b0ff","name":"Av. Deniz Can K\u0131z\u0131l","image":{"@type":"ImageObject","inLanguage":"de","@id":"https:\/\/denizcankizil.tr\/de\/#\/schema\/person\/image\/","url":"https:\/\/secure.gravatar.com\/avatar\/a0b128fb9855c79efc976d5640eedb31dc35ec297594d6016d2cf7c60e975bb6?s=96&d=mm&r=g","contentUrl":"https:\/\/secure.gravatar.com\/avatar\/a0b128fb9855c79efc976d5640eedb31dc35ec297594d6016d2cf7c60e975bb6?s=96&d=mm&r=g","caption":"Av. Deniz Can K\u0131z\u0131l"},"sameAs":["http:\/\/www.denizcankizil.tr"],"url":"https:\/\/denizcankizil.tr\/de\/author\/denizcankizil\/"}]}},"_links":{"self":[{"href":"https:\/\/denizcankizil.tr\/de\/wp-json\/wp\/v2\/posts\/62707","targetHints":{"allow":["GET"]}}],"collection":[{"href":"https:\/\/denizcankizil.tr\/de\/wp-json\/wp\/v2\/posts"}],"about":[{"href":"https:\/\/denizcankizil.tr\/de\/wp-json\/wp\/v2\/types\/post"}],"author":[{"embeddable":true,"href":"https:\/\/denizcankizil.tr\/de\/wp-json\/wp\/v2\/users\/4"}],"replies":[{"embeddable":true,"href":"https:\/\/denizcankizil.tr\/de\/wp-json\/wp\/v2\/comments?post=62707"}],"version-history":[{"count":0,"href":"https:\/\/denizcankizil.tr\/de\/wp-json\/wp\/v2\/posts\/62707\/revisions"}],"wp:featuredmedia":[{"embeddable":true,"href":"https:\/\/denizcankizil.tr\/de\/wp-json\/wp\/v2\/media\/62708"}],"wp:attachment":[{"href":"https:\/\/denizcankizil.tr\/de\/wp-json\/wp\/v2\/media?parent=62707"}],"wp:term":[{"taxonomy":"category","embeddable":true,"href":"https:\/\/denizcankizil.tr\/de\/wp-json\/wp\/v2\/categories?post=62707"},{"taxonomy":"post_tag","embeddable":true,"href":"https:\/\/denizcankizil.tr\/de\/wp-json\/wp\/v2\/tags?post=62707"}],"curies":[{"name":"wp","href":"https:\/\/api.w.org\/{rel}","templated":true}]}}