{"id":6258,"date":"2024-10-21T23:04:22","date_gmt":"2024-10-21T20:04:22","guid":{"rendered":"https:\/\/denizcankizil.tr\/uncategorized-tr\/antalyada-unlu-is-hukuku-ve-isci-avukati-inceleme-ve-analiz\/"},"modified":"2024-10-21T23:13:25","modified_gmt":"2024-10-21T20:13:25","slug":"antalyada-unlu-is-hukuku-ve-isci-avukati-inceleme-ve-analiz","status":"publish","type":"post","link":"https:\/\/denizcankizil.tr\/de\/seo\/antalyada-unlu-is-hukuku-ve-isci-avukati-inceleme-ve-analiz\/","title":{"rendered":"Antalya\u2019da \u00dcnl\u00fc \u0130\u015f Hukuku ve \u0130\u015f\u00e7i Avukat\u0131: \u0130nceleme ve Analiz"},"content":{"rendered":"<p><strong>Antalya\u2019da \u2064\u00dcnl\u00fc \u2062\u0130\u015f\u2062 Hukuku ve\u2062 \u0130\u015f\u00e7i Avukat\u0131:\u200b \u0130nceleme\u2063 ve Analiz<\/strong><\/p>\n<p>G\u00fcn\u00fcm\u00fczde i\u015f hukukunun dinamik \u2062yap\u0131s\u0131,\u200d i\u015f\u00e7i ve i\u015fveren aras\u0131ndaki\u2062 ili\u015fkilerin\u2063 giderek daha karma\u015f\u0131k hale gelmesine yol a\u00e7maktad\u0131r. Bu \u00e7er\u00e7evede, i\u015f hukuku alan\u0131nda uzmanla\u015fm\u0131\u015f \u200bavukatlar, hukuki \u2063s\u00fcre\u00e7lerin adaletli bir \u015fekilde y\u00fcr\u00fct\u00fclmesi ve haklar\u0131n korunmas\u0131 a\u00e7\u0131s\u0131ndan \u200chayati bir \u2063rol \u00fcstlenmektedir. Antalya, \u2064T\u00fcrkiye&#8217;nin \u00f6nemli turizm ve ticaret merkezlerinden biri olmas\u0131n\u0131n yan\u0131\u200d s\u0131ra, i\u015f \u2064hukuku alan\u0131nda da dikkat \u00e7ekici avukatl\u0131k hizmetleri sunan\u2063 bir \u200b\u015fehir konumundad\u0131r. Bu makalede, Antalya&#8217;da \u00fcnl\u00fc \u2063bir i\u015f hukuku \u200dve \u200ci\u015f\u00e7i avukat\u0131 olan [Avukat\u0131n Ad\u0131] \u00fczerinden i\u015f hukuku uygulamalar\u0131n\u0131n \u200canalizi yap\u0131lacak; \u2064avukat\u0131n\u2064 kariyeri, ba\u015far\u0131lar\u0131 ve \u2062i\u015f\u00e7i haklar\u0131 konusundaki etkisi ile\u2062 ilgili derinlemesine bir inceleme ger\u00e7ekle\u015ftirilecektir. Amac\u0131m\u0131z, Antalya&#8217;daki i\u015f hukuku prati\u011finin dinamiklerini\u2062 ortaya koyarak, bu alan\u0131n geli\u015fimine katk\u0131da\u200c bulunmak\u2063 ve okuyuculara kapsaml\u0131 bir \u200bperspektif sunmakt\u0131r.<br \/>\n<img decoding=\"async\" class=\"kimage_class lazyload\" data-src=\"https:\/\/denizcankizil.tr\/wp-content\/uploads\/2024\/10\/2JauI-253D.jpg\" alt=\"Antalyadaki \u0130\u015f Hukuku \u2062Uygulamalar\u0131 \u200dve Davalar \u00dczerine Derinlemesine \u0130nceleme\" src=\"data:image\/svg+xml;base64,PHN2ZyB3aWR0aD0iMSIgaGVpZ2h0PSIxIiB4bWxucz0iaHR0cDovL3d3dy53My5vcmcvMjAwMC9zdmciPjwvc3ZnPg==\" \/><\/p>\n<h2 id=\"antalyadaki-is-hukuku-uygulamalari-ve-davalar-uzerine-derinlemesine-inceleme\">Antalyadaki \u0130\u015f Hukuku Uygulamalar\u0131 ve Davalar \u00dczerine Derinlemesine \u0130nceleme<\/h2>\n<section>Antalya&#8217;daki i\u015f hukuku\u2064 uygulamalar\u0131, \u200di\u015f\u00e7i ve\u2062 i\u015fveren\u200d aras\u0131ndaki\u2063 hak ve y\u00fck\u00fcml\u00fcl\u00fcklerin belirlenmesinde \u00f6nemli \u200dbir rol \u2062oynamaktad\u0131r. Bu ba\u011flamda, i\u015f\u00e7i \u200cavukatlar\u0131, i\u015f\u2063 mahkemelerinde \u200bdavalar\u0131n y\u00fcr\u00fct\u00fclmesinde etkili birer arac\u0131 olarak\u2062 \u00f6ne \u00e7\u0131kmaktad\u0131r. <strong>Antalya<\/strong> gibi turizm ve ticaret a\u00e7\u0131s\u0131ndan\u200d yo\u011fun bir b\u00f6lge, bir\u00e7ok i\u015f hukuku davas\u0131na ev \u2062sahipli\u011fi\u200b yapmaktad\u0131r. \u0130\u015f \u200chukuku davalar\u0131n\u0131n\u2062 \u00e7o\u011fu, <a title=\"Antalya \u0130\u015f Hukuku Davalar\u0131 ve Avukat\u0131\" href=\"https:\/\/denizcankizil.tr\/seo\/antalyada-is-hukuku-avukati-hangi-dava-turlerine-bakar-is-hukuku-dava-turlerinin-tamami-iscilerin-isten-ayrilmanin-ardindan-hangi-tazminat-ve-alacaklari-alma-haklari-vardir-antalyadaki-adliye-ve-8\/\">i\u015f s\u00f6zle\u015fmelerinin ihlali<\/a>,\u200d tazminat talepleri ve haks\u0131z \u2063fesih\u2064 gibi konular\u0131 kapsamaktad\u0131r.<\/p>\n<p>Davalar\u0131n daha\u200d iyi anlayabilmek i\u00e7in, Antalya&#8217;da\u2063 s\u0131k\u00e7a kar\u015f\u0131la\u015f\u0131lan i\u015f hukuku konusunda\u200b baz\u0131\u2062 temel ba\u015fl\u0131klar\u0131 \u00f6zetlemek faydal\u0131\u200b olacakt\u0131r:<\/p>\n<ul>\n<li><strong>\u0130\u015f S\u00f6zle\u015fmesi\u2063 \u0130hlalleri:<\/strong> \u0130\u015fverenin \u2063i\u015f\u00e7iye kar\u015f\u0131\u200b y\u00fck\u00fcml\u00fcl\u00fcklerini\u2064 yerine getirmemesi.<\/li>\n<li><strong>Tazminat \u200bTalepleri:<\/strong> \u0130\u015fe iade veya \u2062maddi kay\u0131plar\u0131n tazmini \u200ctalepleri.<\/li>\n<li><strong>Haks\u0131z Fesih:<\/strong> \u0130\u015f\u00e7i ile \u2062i\u015fveren aras\u0131ndaki\u200d s\u00f6zle\u015fmenin hukuksuz bir\u2063 \u015fekilde sona\u200b erdirilmesi.<\/li>\n<\/ul>\n<p>Antalya&#8217;daki i\u015f\u200c mahkemeleri,\u200c i\u015f\u00e7i haklar\u0131n\u0131 korumak amac\u0131yla \u200btitizlikle\u200b \u00e7al\u0131\u015fan bir\u200d yap\u0131ya \u200bsahiptir. Bu nedenle, i\u015f davalar\u0131nda ba\u015far\u0131 oranlar\u0131 olduk\u00e7a y\u00fcksektir. Avukatlar\u0131n i\u015f hukuku \u2063konusundaki uzmanl\u0131klar\u0131, mahkeme s\u00fcre\u00e7lerinin etkin y\u00f6netilmesine katk\u0131da bulunmaktad\u0131r.<\/p>\n<\/section>\n<p><img decoding=\"async\" class=\"kimage_class lazyload\" data-src=\"https:\/\/denizcankizil.tr\/wp-content\/uploads\/2024\/10\/ii_200.jpg\" alt=\"\u00dcnl\u00fc \u0130\u015f\u00e7i\u200b Avukatlar\u0131n\u0131n \u2062Rol\u00fc\u200d ve\u2063 Profesyonel\u2064 Yakla\u015f\u0131mlar\u0131\" src=\"data:image\/svg+xml;base64,PHN2ZyB3aWR0aD0iMSIgaGVpZ2h0PSIxIiB4bWxucz0iaHR0cDovL3d3dy53My5vcmcvMjAwMC9zdmciPjwvc3ZnPg==\" \/><\/p>\n<h2 id=\"unlu-isci-avukatlarinin-rolu-ve-profesyonel-yaklasimlari\">\u00dcnl\u00fc \u0130\u015f\u00e7i\u2062 Avukatlar\u0131n\u0131n \u200bRol\u00fc\u2064 ve Profesyonel Yakla\u015f\u0131mlar\u0131<\/h2>\n<section>\u200c \u00dcnl\u00fc i\u015f\u00e7i \u200davukatlar\u0131, i\u015f hukuku\u2064 alan\u0131nda uzmanla\u015fm\u0131\u015f\u2064 profesyoneller\u200b olarak, i\u015f\u00e7i\u200d ve i\u015fveren aras\u0131ndaki \u2063hukuki ili\u015fkilerin \u2064d\u00fczenlenmesinde \u2062kritik bir rol \u2063oynamaktad\u0131rlar. Bu avukatlar, i\u015f\u00e7i \u2064haklar\u0131n\u0131 koruma\u2064 konusunda g\u00fc\u00e7l\u00fc bir bilin\u00e7 geli\u015ftirmi\u015f olup,\u2063 mevcut\u2064 yasalar\u0131n yan\u0131 s\u0131ra \u200dve uygulamalar\u0131 \u200bderinlemesine anlamaktad\u0131rlar. Bu ba\u011flamda, <strong>i\u015f\u00e7i\u2063 avukatlar\u0131n\u0131n<\/strong> i\u015flevleri aras\u0131nda; i\u015f\u00e7i anla\u015fmazl\u0131klar\u0131n\u0131n \u200b\u00e7\u00f6z\u00fcm\u00fc, dava s\u00fcre\u00e7lerinin y\u00f6netimi ve i\u015f\u00e7i \u2064haklar\u0131n\u0131n savunulmas\u0131 \u200bgibi \u00f6nemli\u2063 g\u00f6revler \u200dyer \u2064almaktad\u0131r.<br \/>\n\u2062<\/p>\n<p>\u200d Antalya gibi b\u00f6lgelerde\u200b bu alanda\u2064 uzmanla\u015fm\u0131\u015f avukatlar\u0131n \u200dvarl\u0131\u011f\u0131, yerel i\u015fg\u00fcc\u00fc\u2062 piyasas\u0131nda \u2063adaletin \u200dsa\u011flanmas\u0131nda \u00f6nemli bir etken olmaktad\u0131r. <strong>Profesyonel yakla\u015f\u0131mlar\u0131<\/strong> \u200dile dikkat \u2064\u00e7eken bu avukatlar, hem \u2063i\u015f\u00e7ilerin hem de\u200c i\u015fverenlerin haklar\u0131n\u0131 tarafs\u0131z\u2062 bir \u015fekilde de\u011ferlendirip, \u200bhukukun \u00fcst\u00fcnl\u00fc\u011f\u00fcn\u00fc \u2062g\u00f6zetmekte \u2063ve m\u00fcvekkillerine\u200d en \u200diyi hizmeti \u2062sunmaya \u00e7al\u0131\u015fmaktad\u0131rlar. Bu ba\u011flamda, i\u015f\u00e7i avukatlar\u0131n\u0131n\u2063 sundu\u011fu \u2062hizmetler aras\u0131nda \u2062\u015funlar\u2062 bulunmaktad\u0131r:<br \/>\n\u200d \u200b \u2064\u200b<\/p>\n<ul>\n<li>Dan\u0131\u015fmanl\u0131k hizmetleri<\/li>\n<li>Dava takibi<\/li>\n<li>Uzla\u015fma s\u00fcre\u00e7lerinin y\u00f6netimi<\/li>\n<\/ul>\n<p>\u2064\u2063 \u2064 Ayn\u0131 zamanda, \u200d\u00fcnl\u00fc\u200b i\u015f\u00e7i avukatlar\u0131, toplumsal bilinci art\u0131rmak \u2064ve \u200di\u015f\u00e7i\u2062 haklar\u0131 konusunda fark\u0131ndal\u0131k yaratmak ad\u0131na \u00e7e\u015fitli\u200d etkinlikler d\u00fczenlemekte\u200c ve i\u015f\u00e7i sendikalar\u0131 ile i\u015fbirli\u011fi yapmaktad\u0131rlar. \u2064Bu t\u00fcr profesyonel\u200b yakla\u015f\u0131mlar, sadece bireysel dava\u2064 s\u00fcre\u00e7leri i\u00e7in de\u011fil,\u200c genel i\u015f hukuku \u200duygulamalar\u0131 i\u00e7in \u200dde faydal\u0131\u2062 bir etki sa\u011flamaktad\u0131r. A\u015fa\u011f\u0131da,\u2062 bu avukatlar\u0131n etkili olduklar\u0131\u2062 baz\u0131 alanlar\u2064 ve y\u00fcr\u00fctt\u00fckleri faaliyetler \u00f6zetlenmi\u015ftir:<br \/>\n\u200b \u2063 \u2063<\/p>\n<table class=\"wp-block-table\">\n<thead>\n<tr>\n<th>Alan<\/th>\n<th>Faaliyetler<\/th>\n<\/tr>\n<\/thead>\n<tbody>\n<tr>\n<td>Dan\u0131\u015fmanl\u0131k<\/td>\n<td>\u0130\u015f\u00e7i ve\u2064 i\u015fveren haklar\u0131 ile ilgili bilgilendirme<\/td>\n<\/tr>\n<tr>\n<td>Dava\u2064 S\u00fcre\u00e7leri<\/td>\n<td>Yarg\u0131 s\u00fcre\u00e7lerinin takip edilmesi<\/td>\n<\/tr>\n<tr>\n<td>Uzla\u015f\u0131<\/td>\n<td>Alternatif uyu\u015fmazl\u0131k \u00e7\u00f6z\u00fcm\u2063 y\u00f6ntemlerinin kullan\u0131lmas\u0131<\/td>\n<\/tr>\n<\/tbody>\n<\/table>\n<\/section>\n<p><img decoding=\"async\" class=\"kimage_class lazyload\" data-src=\"https:\/\/denizcankizil.tr\/wp-content\/uploads\/2024\/10\/3637-types-of-cases-handled-by-real-estate-attorneys-in-antalya.jpg\" alt=\"\u0130\u015f\u00e7i\u2064 Haklar\u0131 ve \u0130\u015fveren Sorumluluklar\u0131: \u2063Antalya \u00d6rne\u011fi\" src=\"data:image\/svg+xml;base64,PHN2ZyB3aWR0aD0iMSIgaGVpZ2h0PSIxIiB4bWxucz0iaHR0cDovL3d3dy53My5vcmcvMjAwMC9zdmciPjwvc3ZnPg==\" \/><\/p>\n<h2 id=\"isci-haklari-ve-isveren-sorumluluklari-antalya-ornegi\">\u0130\u015f\u00e7i Haklar\u0131 \u200cve \u2063\u0130\u015fveren \u2063Sorumluluklar\u0131: Antalya\u200c \u00d6rne\u011fi<\/h2>\n<section>Antalya, tar\u0131m, turizm ve \u2063sanayi \u200bgibi bir\u00e7ok sekt\u00f6rde faaliyet\u200c g\u00f6steren\u2062 i\u015f \u200cg\u00fcc\u00fc yo\u011fun bir b\u00f6lgedir. Bu ba\u011flamda, <strong>i\u015f\u00e7i \u2063haklar\u0131<\/strong> ve\u200b <strong>i\u015fveren sorumluluklar\u0131<\/strong> \u00f6ne\u200c \u00e7\u0131kan konular aras\u0131nda yer\u2063 almaktad\u0131r. \u0130\u015f\u00e7ilerin haklar\u0131na sayg\u0131\u200d g\u00f6sterilmesi, i\u015fverenlerin y\u00fck\u00fcml\u00fcl\u00fcklerinin yerine getirilmesi \u2062ve\u2062 yasalar\u0131n d\u00fczg\u00fcn bir \u015fekilde uygulanmas\u0131, sa\u011fl\u0131kl\u0131 bir \u00e7al\u0131\u015fma\u2064 ortam\u0131n\u0131n\u200d olu\u015fmas\u0131n\u0131 sa\u011flamaktad\u0131r. \u00d6zellikle turizm sezonunun yo\u011fun oldu\u011fu d\u00f6nemlerde, i\u015f\u00e7i haklar\u0131n\u0131n korunmas\u0131 kritik \u00f6neme sahip olmaktad\u0131r.<\/p>\n<p>Antalya&#8217;daki i\u015f\u00e7i haklar\u0131 ihlalleri genellikle \u015fu \u015fekillerde kendini \u200bg\u00f6stermektedir:<\/p>\n<ul>\n<li><strong>\u00dccret \u2064\u0130le \u0130lgili \u0130hlaller:<\/strong> Asgari \u2063\u00fccretin alt\u0131nda\u200b \u00e7al\u0131\u015fma.<\/li>\n<li><strong>\u00c7al\u0131\u015fma\u2064 Saatleri:<\/strong> Fazla mesai \u00f6demelerinin yap\u0131lmamas\u0131.<\/li>\n<li><strong>\u0130\u015ften \u2064\u00c7\u0131karma:<\/strong> \u2063 Haks\u0131z \u200dyere \u2062i\u015ften \u00e7\u0131karma uygulamalar\u0131.<\/li>\n<\/ul>\n<p>\u0130\u015fverenlerin \u2062bu \u200ct\u00fcr ihlallerden ka\u00e7\u0131nmas\u0131, \u200bhem yasal zorunluluklar hem de toplumsal sorumluluk bak\u0131m\u0131ndan\u2062 kritik \u00f6nem ta\u015f\u0131maktad\u0131r. Antalya\u2019da i\u015f anla\u015fmazl\u0131klar\u0131n\u0131n \u00e7\u00f6z\u00fcm\u00fcnde, yetkin i\u015f hukuku avukatlar\u0131n\u0131n \u00f6nemi b\u00fcy\u00fckt\u00fcr. A\u015fa\u011f\u0131daki\u2062 tablo, Antalya\u2019daki i\u015f\u200d hukuku alan\u0131nda s\u0131kl\u0131kla kar\u015f\u0131la\u015f\u0131lan \u200di\u015f\u00e7i haklar\u0131 ihlalleri ile ilgili verilere \u00f6rnek\u2064 te\u015fkil etmektedir:<\/p>\n<\/section>\n<p><img decoding=\"async\" class=\"kimage_class lazyload\" data-src=\"https:\/\/denizcankizil.tr\/wp-content\/uploads\/2024\/10\/ounsel-scaled.jpg\" alt=\"Gelecekteki \u0130\u015f\u2062 Hukuku Trendleri ve Avukatlar\u0131n Stratejik \u00d6nemi\" src=\"data:image\/svg+xml;base64,PHN2ZyB3aWR0aD0iMSIgaGVpZ2h0PSIxIiB4bWxucz0iaHR0cDovL3d3dy53My5vcmcvMjAwMC9zdmciPjwvc3ZnPg==\" \/><\/p>\n<h2 id=\"gelecekteki-is-hukuku-trendleri-ve-avukatlarin-stratejik-onemi\">Gelecekteki \u0130\u015f Hukuku Trendleri\u2062 ve Avukatlar\u0131n Stratejik \u00d6nemi<\/h2>\n<section>Gelecekteki i\u015f\u2063 hukuku \u200dtrendleri, i\u015f d\u00fcnyas\u0131ndaki \u200dd\u00f6n\u00fc\u015f\u00fcmlerle birlikte h\u0131zl\u0131 bir \u015fekilde evrilmektedir. Teknolojinin geli\u015fimi, uzaktan\u200b \u00e7al\u0131\u015fma modellerinin\u2063 yayg\u0131nla\u015fmas\u0131 ve\u2064 \u00e7al\u0131\u015fan haklar\u0131 konusundaki artan fark\u0131ndal\u0131k, i\u015f hukuku\u2062 alan\u0131nda \u00f6nemli de\u011fi\u015fikliklere yol a\u00e7maktad\u0131r. Bu ba\u011flamda,\u2064 <strong>avukatlar\u0131n stratejik\u200d \u00f6nemi<\/strong> daha da artmaktad\u0131r. \u200b\u0130\u015f hukukuna\u200b dair yeni\u2063 d\u00fczenlemelerin ve uygulamalar\u0131n takibinde, deneyimli avukatlar\u0131n sa\u011flad\u0131\u011f\u0131 uzmanl\u0131k kritik bir rol \u2064oynamaktad\u0131r.<\/p>\n<p>Bu s\u00fcre\u00e7te, \u200di\u015f\u2064 hukuku\u2064 avukatlar\u0131n\u0131n sahip\u2062 olmas\u0131 gereken yetkinlikler de de\u011fi\u015fmektedir. \u200cAvukatlar\u0131n\u200c sadece \u200cmevcut\u2064 yasalar\u0131 bilmesi yeterli olmay\u0131p, <a title=\"Bo\u015fanma Avukat\u0131 Hangi Dava T\u00fcrlerine Bakar ? Antalya'daki Adliye ve Mahkemeler Listesi Nelerdir? Antalya'n\u0131n il\u00e7eleri hangileridir?\" href=\"https:\/\/denizcankizil.tr\/seo\/bosanma-avukati-hangi-dava-turlerine-bakar-antalyadaki-adliye-ve-mahkemeler-listesi-nelerdir-antalyanin-ilceleri-hangileridir\/\">ayn\u0131 \u2063zamanda<\/a>;<br \/>\n\u200b<\/p>\n<ul>\n<li><strong>Teknolojik yeniliklere uyum \u200dsa\u011flamas\u0131<\/strong><\/li>\n<li><strong>\u00c7al\u0131\u015fan haklar\u0131 konusundaki geli\u015fmeleri takip etmesi<\/strong><\/li>\n<li><strong>Uzaktan \u00e7al\u0131\u015fma uygulamalar\u0131na y\u00f6nelik haz\u0131rl\u0131k yapmas\u0131<\/strong><\/li>\n<\/ul>\n<p>gerekmektedir. Bu yetkinlikler, \u2063avukatlar\u0131n m\u00fcvekkillerine daha \u2064etkili\u2064 bir hizmet\u200c sunmas\u0131n\u0131 sa\u011flayarak, \u200cg\u00fcvenilir bir dan\u0131\u015fman olarak \u00f6ne \u00e7\u0131kmalar\u0131na olanak tan\u0131r.<\/p>\n<p>Sonu\u00e7 olarak, i\u015f hukuku alan\u0131nda ya\u015fanan\u2064 de\u011fi\u015fimler,\u200c avukatlar\u0131n stratejik rol\u00fcn\u00fc \u200cpeki\u015ftirmektedir.\u200c Antalya\u2019da bulunan \u00fcnl\u00fc \u200bi\u015f \u200chukuku \u2062ve\u2062 i\u015f\u00e7i avukatlar\u0131, bu dinamik ortamda m\u00fcvekkillerine\u200b kapsaml\u0131 bir \u2062hizmet sunma\u2062 potansiyeline\u200c sahiptir. \u0130\u015f \u200carabuluculu\u011fu, \u200ddava y\u00f6netimi \u200dve hukuki dan\u0131\u015fmanl\u0131k gibi\u2062 hizmet\u2063 alanlar\u0131nda uzmanla\u015fm\u0131\u015f avukatlar,\u200c i\u015f\u200c d\u00fcnyas\u0131ndaki zorluklar\u0131 \u200ba\u015fmak ve hukuki \u200c\u00e7\u00f6z\u00fcmler \u200bgeli\u015ftirmek ad\u0131na vazge\u00e7ilmez \u200dbirer\u200c kaynak haline gelmektedir. Gelecek, bu avukatlar\u0131n entelekt\u00fcel birikimi ve deneyimi \u200dile \u200d\u015fekillenecektir.<\/p>\n<\/section>\n<p>Sonu\u00e7 olarak,\u200b Antalya&#8217;da i\u015f\u200b hukuku\u200c ve i\u015f\u00e7i hukuku alan\u0131nda faaliyet g\u00f6steren \u00fcnl\u00fc avukatlar\u0131n \u2063rol\u00fc,\u200d sadece bireysel \u2062davalar\u0131n \u2063sonu\u00e7land\u0131r\u0131lmas\u0131nda de\u011fil, ayn\u0131 zamanda\u200d i\u015f\u00e7i \u200bhaklar\u0131n\u0131n korunmas\u0131 ve i\u015f\u200b hukukunun geli\u015fimine\u200c katk\u0131\u200b sa\u011flamada \u2062da b\u00fcy\u00fck \u200c\u00f6nem ta\u015f\u0131maktad\u0131r. Bu \u200dmakalede \u2062yap\u0131lan\u200c inceleme \u200bve analiz, bu \u200cavukatlar\u0131n mesleki etik \u200bilkeleri, uygulama y\u00f6ntemleri ve toplumsal etkileri \u00fczerine derin bir bak\u0131\u015f a\u00e7\u0131s\u0131 sunmu\u015ftur. \u0130\u015f\u00e7i avukatlar\u0131n\u0131n, hukukun \u00fcst\u00fcnl\u00fc\u011f\u00fcn\u00fc tesis etme, i\u015f\u00e7i \u2064haklar\u0131n\u0131 g\u00fcvence alt\u0131na\u200b alma ve adil\u200c bir \u2062\u00e7al\u0131\u015fma \u200bortam\u0131 olu\u015fturma\u200b konusundaki \u2064yetkinlikleri, sadece yerel d\u00fczeyde de\u011fil, ulusal ve uluslararas\u0131 \u00f6l\u00e7ekte \u2063de dikkat \u00e7ekmektedir. Dolay\u0131s\u0131yla, \u200cAntalya&#8217;daki i\u015f hukukunun dinamikleri \u2064ve <a title=\"Konyaalt\u0131 ve Muratpa\u015fa'da \u0130\u015f Hukuku: \u0130\u015f\u00e7i Avukatlar\u0131n\u0131n Rol\u00fc\" href=\"https:\/\/denizcankizil.tr\/seo\/konyaalti-ve-muratpasada-is-hukuku-isci-avukatlarinin-rolu\/\">i\u015f\u00e7i \u200cavukatlar\u0131<\/a>n\u0131n\u200d <a title=\"Sakarya Barosu'nun yeni Ba\u015fkan\u0131 avukat Musa Ad\u0131yaman oldu\" href=\"https:\/\/denizcankizil.tr\/hukukihaber\/sakarya-barosunun-yeni-baskani-avukat-musa-adiyaman-oldu\/\">bu s\u00fcre\u00e7te<\/a> \u00fcstlendi\u011fi rol, gelecekte daha fazla ara\u015ft\u0131rma \u2064ve de\u011ferlendirme gerektiren \u00f6nemli bir \u2062konu olmay\u0131 s\u00fcrd\u00fcrecektir. \u0130\u015f hukuku alan\u0131ndaki geli\u015fmelerin, \u2063sosyal adalet ve \u2064hakkaniyetin sa\u011flanmas\u0131nda belirleyici bir\u2064 etken \u2064oldu\u011fu \u2063ger\u00e7e\u011fi g\u00f6z \u200b\u00f6n\u00fcnde \u2062bulunduruldu\u011funda, \u2062bu alandaki \u2063\u00e7al\u0131\u015fmalar\u0131n ve \u2062uzmanl\u0131klar\u0131n \u00f6nemi\u2062 bir\u2064 kat daha\u2062 artmaktad\u0131r.<\/p>\n","protected":false},"excerpt":{"rendered":"<p>Antalya&#8217;da, i\u015f hukuku alan\u0131nda \u00f6ne \u00e7\u0131kan avukatlardan biri, i\u015f\u00e7i haklar\u0131 ve i\u015fe iade davalar\u0131nda sundu\u011fu hukuki dan\u0131\u015fmanl\u0131k ile dikkat \u00e7ekmektedir. Avukat\u0131n hukuki yakla\u015f\u0131m\u0131, \u00e7al\u0131\u015fanlar\u0131n yasal haklar\u0131n\u0131 koruma konusundaki katk\u0131lar\u0131 a\u00e7\u0131s\u0131ndan \u00f6nem arz etmektedir.<\/p>","protected":false},"author":1,"featured_media":6259,"comment_status":"open","ping_status":"open","sticky":false,"template":"","format":"standard","meta":{"_acf_changed":false,"footnotes":""},"categories":[28],"tags":[],"class_list":["post-6258","post","type-post","status-publish","format-standard","has-post-thumbnail","hentry","category-seo"],"acf":[],"yoast_head":"<!-- This site is optimized with the Yoast SEO Premium plugin v26.6 (Yoast SEO v27.1.1) - https:\/\/yoast.com\/product\/yoast-seo-premium-wordpress\/ -->\n<title>Antalya\u2019da \u00dcnl\u00fc \u0130\u015f Hukuku ve \u0130\u015f\u00e7i Avukat\u0131: \u0130nceleme ve Analiz - Av. Deniz Can K\u0131z\u0131l<\/title>\n<meta name=\"robots\" content=\"index, follow, max-snippet:-1, max-image-preview:large, max-video-preview:-1\" \/>\n<link rel=\"canonical\" href=\"https:\/\/denizcankizil.tr\/de\/seo\/antalyada-unlu-is-hukuku-ve-isci-avukati-inceleme-ve-analiz\/\" \/>\n<meta property=\"og:locale\" content=\"de_DE\" \/>\n<meta property=\"og:type\" content=\"article\" \/>\n<meta property=\"og:title\" content=\"Antalya\u2019da \u00dcnl\u00fc \u0130\u015f Hukuku ve \u0130\u015f\u00e7i Avukat\u0131: \u0130nceleme ve Analiz\" \/>\n<meta property=\"og:description\" content=\"Antalya&#039;da, i\u015f hukuku alan\u0131nda \u00f6ne \u00e7\u0131kan avukatlardan biri, i\u015f\u00e7i haklar\u0131 ve i\u015fe iade davalar\u0131nda sundu\u011fu hukuki dan\u0131\u015fmanl\u0131k ile dikkat \u00e7ekmektedir. Avukat\u0131n hukuki yakla\u015f\u0131m\u0131, \u00e7al\u0131\u015fanlar\u0131n yasal haklar\u0131n\u0131 koruma konusundaki katk\u0131lar\u0131 a\u00e7\u0131s\u0131ndan \u00f6nem arz etmektedir.\" \/>\n<meta property=\"og:url\" content=\"https:\/\/denizcankizil.tr\/de\/seo\/antalyada-unlu-is-hukuku-ve-isci-avukati-inceleme-ve-analiz\/\" \/>\n<meta property=\"og:site_name\" content=\"Av. Deniz Can K\u0131z\u0131l\" \/>\n<meta property=\"article:published_time\" content=\"2024-10-21T20:04:22+00:00\" \/>\n<meta property=\"article:modified_time\" content=\"2024-10-21T20:13:25+00:00\" \/>\n<meta property=\"og:image\" content=\"https:\/\/denizcankizil.tr\/wp-content\/uploads\/2024\/10\/6258-antalyada-unlu-is-hukuku-ve-isci-avukati-inceleme-ve-analiz.jpg\" \/>\n\t<meta property=\"og:image:width\" content=\"800\" \/>\n\t<meta property=\"og:image:height\" content=\"800\" \/>\n\t<meta property=\"og:image:type\" content=\"image\/jpeg\" \/>\n<meta name=\"author\" content=\"admin\" \/>\n<meta name=\"twitter:card\" content=\"summary_large_image\" \/>\n<meta name=\"twitter:label1\" content=\"Verfasst von\" \/>\n\t<meta name=\"twitter:data1\" content=\"admin\" \/>\n\t<meta name=\"twitter:label2\" content=\"Gesch\u00e4tzte Lesezeit\" \/>\n\t<meta name=\"twitter:data2\" content=\"7\u00a0Minuten\" \/>\n<script type=\"application\/ld+json\" class=\"yoast-schema-graph\">{\"@context\":\"https:\/\/schema.org\",\"@graph\":[{\"@type\":\"Article\",\"@id\":\"https:\/\/denizcankizil.tr\/de\/seo\/antalyada-unlu-is-hukuku-ve-isci-avukati-inceleme-ve-analiz\/#article\",\"isPartOf\":{\"@id\":\"https:\/\/denizcankizil.tr\/de\/seo\/antalyada-unlu-is-hukuku-ve-isci-avukati-inceleme-ve-analiz\/\"},\"author\":{\"name\":\"admin\",\"@id\":\"https:\/\/denizcankizil.tr\/#\/schema\/person\/be3c05fe6a12686905512445d8185489\"},\"headline\":\"Antalya\u2019da \u00dcnl\u00fc \u0130\u015f Hukuku ve \u0130\u015f\u00e7i Avukat\u0131: \u0130nceleme ve Analiz\",\"datePublished\":\"2024-10-21T20:04:22+00:00\",\"dateModified\":\"2024-10-21T20:13:25+00:00\",\"mainEntityOfPage\":{\"@id\":\"https:\/\/denizcankizil.tr\/de\/seo\/antalyada-unlu-is-hukuku-ve-isci-avukati-inceleme-ve-analiz\/\"},\"wordCount\":1392,\"commentCount\":0,\"publisher\":{\"@id\":\"https:\/\/denizcankizil.tr\/#organization\"},\"image\":{\"@id\":\"https:\/\/denizcankizil.tr\/de\/seo\/antalyada-unlu-is-hukuku-ve-isci-avukati-inceleme-ve-analiz\/#primaryimage\"},\"thumbnailUrl\":\"https:\/\/denizcankizil.tr\/wp-content\/uploads\/2024\/10\/6258-antalyada-unlu-is-hukuku-ve-isci-avukati-inceleme-ve-analiz.jpg\",\"articleSection\":[\"Seo\"],\"inLanguage\":\"de\",\"potentialAction\":[{\"@type\":\"CommentAction\",\"name\":\"Comment\",\"target\":[\"https:\/\/denizcankizil.tr\/de\/seo\/antalyada-unlu-is-hukuku-ve-isci-avukati-inceleme-ve-analiz\/#respond\"]}]},{\"@type\":\"WebPage\",\"@id\":\"https:\/\/denizcankizil.tr\/de\/seo\/antalyada-unlu-is-hukuku-ve-isci-avukati-inceleme-ve-analiz\/\",\"url\":\"https:\/\/denizcankizil.tr\/de\/seo\/antalyada-unlu-is-hukuku-ve-isci-avukati-inceleme-ve-analiz\/\",\"name\":\"Antalya\u2019da \u00dcnl\u00fc \u0130\u015f Hukuku ve \u0130\u015f\u00e7i Avukat\u0131: \u0130nceleme ve Analiz - Av. Deniz Can K\u0131z\u0131l\",\"isPartOf\":{\"@id\":\"https:\/\/denizcankizil.tr\/#website\"},\"primaryImageOfPage\":{\"@id\":\"https:\/\/denizcankizil.tr\/de\/seo\/antalyada-unlu-is-hukuku-ve-isci-avukati-inceleme-ve-analiz\/#primaryimage\"},\"image\":{\"@id\":\"https:\/\/denizcankizil.tr\/de\/seo\/antalyada-unlu-is-hukuku-ve-isci-avukati-inceleme-ve-analiz\/#primaryimage\"},\"thumbnailUrl\":\"https:\/\/denizcankizil.tr\/wp-content\/uploads\/2024\/10\/6258-antalyada-unlu-is-hukuku-ve-isci-avukati-inceleme-ve-analiz.jpg\",\"datePublished\":\"2024-10-21T20:04:22+00:00\",\"dateModified\":\"2024-10-21T20:13:25+00:00\",\"breadcrumb\":{\"@id\":\"https:\/\/denizcankizil.tr\/de\/seo\/antalyada-unlu-is-hukuku-ve-isci-avukati-inceleme-ve-analiz\/#breadcrumb\"},\"inLanguage\":\"de\",\"potentialAction\":[{\"@type\":\"ReadAction\",\"target\":[\"https:\/\/denizcankizil.tr\/de\/seo\/antalyada-unlu-is-hukuku-ve-isci-avukati-inceleme-ve-analiz\/\"]}]},{\"@type\":\"ImageObject\",\"inLanguage\":\"de\",\"@id\":\"https:\/\/denizcankizil.tr\/de\/seo\/antalyada-unlu-is-hukuku-ve-isci-avukati-inceleme-ve-analiz\/#primaryimage\",\"url\":\"https:\/\/denizcankizil.tr\/wp-content\/uploads\/2024\/10\/6258-antalyada-unlu-is-hukuku-ve-isci-avukati-inceleme-ve-analiz.jpg\",\"contentUrl\":\"https:\/\/denizcankizil.tr\/wp-content\/uploads\/2024\/10\/6258-antalyada-unlu-is-hukuku-ve-isci-avukati-inceleme-ve-analiz.jpg\",\"width\":800,\"height\":800,\"caption\":\"Antalya\u2019da \u00dcnl\u00fc \u0130\u015f Hukuku ve \u0130\u015f\u00e7i Avukat\u0131: \u0130nceleme ve Analiz\"},{\"@type\":\"BreadcrumbList\",\"@id\":\"https:\/\/denizcankizil.tr\/de\/seo\/antalyada-unlu-is-hukuku-ve-isci-avukati-inceleme-ve-analiz\/#breadcrumb\",\"itemListElement\":[{\"@type\":\"ListItem\",\"position\":1,\"name\":\"Home\",\"item\":\"https:\/\/denizcankizil.tr\/uk\/\"},{\"@type\":\"ListItem\",\"position\":2,\"name\":\"Antalya\u2019da \u00dcnl\u00fc \u0130\u015f Hukuku ve \u0130\u015f\u00e7i Avukat\u0131: \u0130nceleme ve Analiz\"}]},{\"@type\":\"WebSite\",\"@id\":\"https:\/\/denizcankizil.tr\/#website\",\"url\":\"https:\/\/denizcankizil.tr\/\",\"name\":\"Av. Deniz Can K\u0131z\u0131l\",\"description\":\"Avukat Deniz Can K\u0131z\u0131l Antalya Barosu\",\"publisher\":{\"@id\":\"https:\/\/denizcankizil.tr\/#organization\"},\"potentialAction\":[{\"@type\":\"SearchAction\",\"target\":{\"@type\":\"EntryPoint\",\"urlTemplate\":\"https:\/\/denizcankizil.tr\/?s={search_term_string}\"},\"query-input\":{\"@type\":\"PropertyValueSpecification\",\"valueRequired\":true,\"valueName\":\"search_term_string\"}}],\"inLanguage\":\"de\"},{\"@type\":\"Organization\",\"@id\":\"https:\/\/denizcankizil.tr\/#organization\",\"name\":\"Av. Deniz Can K\u0131z\u0131l\",\"url\":\"https:\/\/denizcankizil.tr\/\",\"logo\":{\"@type\":\"ImageObject\",\"inLanguage\":\"de\",\"@id\":\"https:\/\/denizcankizil.tr\/#\/schema\/logo\/image\/\",\"url\":\"https:\/\/denizcankizil.tr\/wp-content\/uploads\/2024\/10\/siyah-logo-svg.svg\",\"contentUrl\":\"https:\/\/denizcankizil.tr\/wp-content\/uploads\/2024\/10\/siyah-logo-svg.svg\",\"width\":1080,\"height\":1080,\"caption\":\"Av. Deniz Can K\u0131z\u0131l\"},\"image\":{\"@id\":\"https:\/\/denizcankizil.tr\/#\/schema\/logo\/image\/\"}},{\"@type\":\"Person\",\"@id\":\"https:\/\/denizcankizil.tr\/#\/schema\/person\/be3c05fe6a12686905512445d8185489\",\"name\":\"admin\",\"image\":{\"@type\":\"ImageObject\",\"inLanguage\":\"de\",\"@id\":\"https:\/\/denizcankizil.tr\/#\/schema\/person\/image\/\",\"url\":\"https:\/\/secure.gravatar.com\/avatar\/c1fce94c830dc79107e174f890d7210541c4a63e8e5d816341794a2151c9d58c?s=96&d=mm&r=g\",\"contentUrl\":\"https:\/\/secure.gravatar.com\/avatar\/c1fce94c830dc79107e174f890d7210541c4a63e8e5d816341794a2151c9d58c?s=96&d=mm&r=g\",\"caption\":\"admin\"},\"sameAs\":[\"http:\/\/denizcankizil.tr\"],\"url\":\"https:\/\/denizcankizil.tr\/de\/author\/admin\/\"}]}<\/script>\n<!-- \/ Yoast SEO Premium plugin. -->","yoast_head_json":{"title":"Antalya\u2019da \u00dcnl\u00fc \u0130\u015f Hukuku ve \u0130\u015f\u00e7i Avukat\u0131: \u0130nceleme ve Analiz - Av. Deniz Can K\u0131z\u0131l","robots":{"index":"index","follow":"follow","max-snippet":"max-snippet:-1","max-image-preview":"max-image-preview:large","max-video-preview":"max-video-preview:-1"},"canonical":"https:\/\/denizcankizil.tr\/de\/seo\/antalyada-unlu-is-hukuku-ve-isci-avukati-inceleme-ve-analiz\/","og_locale":"de_DE","og_type":"article","og_title":"Antalya\u2019da \u00dcnl\u00fc \u0130\u015f Hukuku ve \u0130\u015f\u00e7i Avukat\u0131: \u0130nceleme ve Analiz","og_description":"Antalya'da, i\u015f hukuku alan\u0131nda \u00f6ne \u00e7\u0131kan avukatlardan biri, i\u015f\u00e7i haklar\u0131 ve i\u015fe iade davalar\u0131nda sundu\u011fu hukuki dan\u0131\u015fmanl\u0131k ile dikkat \u00e7ekmektedir. Avukat\u0131n hukuki yakla\u015f\u0131m\u0131, \u00e7al\u0131\u015fanlar\u0131n yasal haklar\u0131n\u0131 koruma konusundaki katk\u0131lar\u0131 a\u00e7\u0131s\u0131ndan \u00f6nem arz etmektedir.","og_url":"https:\/\/denizcankizil.tr\/de\/seo\/antalyada-unlu-is-hukuku-ve-isci-avukati-inceleme-ve-analiz\/","og_site_name":"Av. Deniz Can K\u0131z\u0131l","article_published_time":"2024-10-21T20:04:22+00:00","article_modified_time":"2024-10-21T20:13:25+00:00","og_image":[{"width":800,"height":800,"url":"https:\/\/denizcankizil.tr\/wp-content\/uploads\/2024\/10\/6258-antalyada-unlu-is-hukuku-ve-isci-avukati-inceleme-ve-analiz.jpg","type":"image\/jpeg"}],"author":"admin","twitter_card":"summary_large_image","twitter_misc":{"Verfasst von":"admin","Gesch\u00e4tzte Lesezeit":"7\u00a0Minuten"},"schema":{"@context":"https:\/\/schema.org","@graph":[{"@type":"Article","@id":"https:\/\/denizcankizil.tr\/de\/seo\/antalyada-unlu-is-hukuku-ve-isci-avukati-inceleme-ve-analiz\/#article","isPartOf":{"@id":"https:\/\/denizcankizil.tr\/de\/seo\/antalyada-unlu-is-hukuku-ve-isci-avukati-inceleme-ve-analiz\/"},"author":{"name":"admin","@id":"https:\/\/denizcankizil.tr\/#\/schema\/person\/be3c05fe6a12686905512445d8185489"},"headline":"Antalya\u2019da \u00dcnl\u00fc \u0130\u015f Hukuku ve \u0130\u015f\u00e7i Avukat\u0131: \u0130nceleme ve Analiz","datePublished":"2024-10-21T20:04:22+00:00","dateModified":"2024-10-21T20:13:25+00:00","mainEntityOfPage":{"@id":"https:\/\/denizcankizil.tr\/de\/seo\/antalyada-unlu-is-hukuku-ve-isci-avukati-inceleme-ve-analiz\/"},"wordCount":1392,"commentCount":0,"publisher":{"@id":"https:\/\/denizcankizil.tr\/#organization"},"image":{"@id":"https:\/\/denizcankizil.tr\/de\/seo\/antalyada-unlu-is-hukuku-ve-isci-avukati-inceleme-ve-analiz\/#primaryimage"},"thumbnailUrl":"https:\/\/denizcankizil.tr\/wp-content\/uploads\/2024\/10\/6258-antalyada-unlu-is-hukuku-ve-isci-avukati-inceleme-ve-analiz.jpg","articleSection":["Seo"],"inLanguage":"de","potentialAction":[{"@type":"CommentAction","name":"Comment","target":["https:\/\/denizcankizil.tr\/de\/seo\/antalyada-unlu-is-hukuku-ve-isci-avukati-inceleme-ve-analiz\/#respond"]}]},{"@type":"WebPage","@id":"https:\/\/denizcankizil.tr\/de\/seo\/antalyada-unlu-is-hukuku-ve-isci-avukati-inceleme-ve-analiz\/","url":"https:\/\/denizcankizil.tr\/de\/seo\/antalyada-unlu-is-hukuku-ve-isci-avukati-inceleme-ve-analiz\/","name":"Antalya\u2019da \u00dcnl\u00fc \u0130\u015f Hukuku ve \u0130\u015f\u00e7i Avukat\u0131: \u0130nceleme ve Analiz - Av. Deniz Can K\u0131z\u0131l","isPartOf":{"@id":"https:\/\/denizcankizil.tr\/#website"},"primaryImageOfPage":{"@id":"https:\/\/denizcankizil.tr\/de\/seo\/antalyada-unlu-is-hukuku-ve-isci-avukati-inceleme-ve-analiz\/#primaryimage"},"image":{"@id":"https:\/\/denizcankizil.tr\/de\/seo\/antalyada-unlu-is-hukuku-ve-isci-avukati-inceleme-ve-analiz\/#primaryimage"},"thumbnailUrl":"https:\/\/denizcankizil.tr\/wp-content\/uploads\/2024\/10\/6258-antalyada-unlu-is-hukuku-ve-isci-avukati-inceleme-ve-analiz.jpg","datePublished":"2024-10-21T20:04:22+00:00","dateModified":"2024-10-21T20:13:25+00:00","breadcrumb":{"@id":"https:\/\/denizcankizil.tr\/de\/seo\/antalyada-unlu-is-hukuku-ve-isci-avukati-inceleme-ve-analiz\/#breadcrumb"},"inLanguage":"de","potentialAction":[{"@type":"ReadAction","target":["https:\/\/denizcankizil.tr\/de\/seo\/antalyada-unlu-is-hukuku-ve-isci-avukati-inceleme-ve-analiz\/"]}]},{"@type":"ImageObject","inLanguage":"de","@id":"https:\/\/denizcankizil.tr\/de\/seo\/antalyada-unlu-is-hukuku-ve-isci-avukati-inceleme-ve-analiz\/#primaryimage","url":"https:\/\/denizcankizil.tr\/wp-content\/uploads\/2024\/10\/6258-antalyada-unlu-is-hukuku-ve-isci-avukati-inceleme-ve-analiz.jpg","contentUrl":"https:\/\/denizcankizil.tr\/wp-content\/uploads\/2024\/10\/6258-antalyada-unlu-is-hukuku-ve-isci-avukati-inceleme-ve-analiz.jpg","width":800,"height":800,"caption":"Antalya\u2019da \u00dcnl\u00fc \u0130\u015f Hukuku ve \u0130\u015f\u00e7i Avukat\u0131: \u0130nceleme ve Analiz"},{"@type":"BreadcrumbList","@id":"https:\/\/denizcankizil.tr\/de\/seo\/antalyada-unlu-is-hukuku-ve-isci-avukati-inceleme-ve-analiz\/#breadcrumb","itemListElement":[{"@type":"ListItem","position":1,"name":"Home","item":"https:\/\/denizcankizil.tr\/uk\/"},{"@type":"ListItem","position":2,"name":"Antalya\u2019da \u00dcnl\u00fc \u0130\u015f Hukuku ve \u0130\u015f\u00e7i Avukat\u0131: \u0130nceleme ve Analiz"}]},{"@type":"WebSite","@id":"https:\/\/denizcankizil.tr\/#website","url":"https:\/\/denizcankizil.tr\/","name":"Av. Deniz Can K\u0131z\u0131l","description":"Avukat Deniz Can K\u0131z\u0131l Antalya Barosu","publisher":{"@id":"https:\/\/denizcankizil.tr\/#organization"},"potentialAction":[{"@type":"SearchAction","target":{"@type":"EntryPoint","urlTemplate":"https:\/\/denizcankizil.tr\/?s={search_term_string}"},"query-input":{"@type":"PropertyValueSpecification","valueRequired":true,"valueName":"search_term_string"}}],"inLanguage":"de"},{"@type":"Organization","@id":"https:\/\/denizcankizil.tr\/#organization","name":"Av. Deniz Can K\u0131z\u0131l","url":"https:\/\/denizcankizil.tr\/","logo":{"@type":"ImageObject","inLanguage":"de","@id":"https:\/\/denizcankizil.tr\/#\/schema\/logo\/image\/","url":"https:\/\/denizcankizil.tr\/wp-content\/uploads\/2024\/10\/siyah-logo-svg.svg","contentUrl":"https:\/\/denizcankizil.tr\/wp-content\/uploads\/2024\/10\/siyah-logo-svg.svg","width":1080,"height":1080,"caption":"Av. Deniz Can K\u0131z\u0131l"},"image":{"@id":"https:\/\/denizcankizil.tr\/#\/schema\/logo\/image\/"}},{"@type":"Person","@id":"https:\/\/denizcankizil.tr\/#\/schema\/person\/be3c05fe6a12686905512445d8185489","name":"Administrator","image":{"@type":"ImageObject","inLanguage":"de","@id":"https:\/\/denizcankizil.tr\/#\/schema\/person\/image\/","url":"https:\/\/secure.gravatar.com\/avatar\/c1fce94c830dc79107e174f890d7210541c4a63e8e5d816341794a2151c9d58c?s=96&d=mm&r=g","contentUrl":"https:\/\/secure.gravatar.com\/avatar\/c1fce94c830dc79107e174f890d7210541c4a63e8e5d816341794a2151c9d58c?s=96&d=mm&r=g","caption":"admin"},"sameAs":["http:\/\/denizcankizil.tr"],"url":"https:\/\/denizcankizil.tr\/de\/author\/admin\/"}]}},"_links":{"self":[{"href":"https:\/\/denizcankizil.tr\/de\/wp-json\/wp\/v2\/posts\/6258","targetHints":{"allow":["GET"]}}],"collection":[{"href":"https:\/\/denizcankizil.tr\/de\/wp-json\/wp\/v2\/posts"}],"about":[{"href":"https:\/\/denizcankizil.tr\/de\/wp-json\/wp\/v2\/types\/post"}],"author":[{"embeddable":true,"href":"https:\/\/denizcankizil.tr\/de\/wp-json\/wp\/v2\/users\/1"}],"replies":[{"embeddable":true,"href":"https:\/\/denizcankizil.tr\/de\/wp-json\/wp\/v2\/comments?post=6258"}],"version-history":[{"count":1,"href":"https:\/\/denizcankizil.tr\/de\/wp-json\/wp\/v2\/posts\/6258\/revisions"}],"predecessor-version":[{"id":6265,"href":"https:\/\/denizcankizil.tr\/de\/wp-json\/wp\/v2\/posts\/6258\/revisions\/6265"}],"wp:featuredmedia":[{"embeddable":true,"href":"https:\/\/denizcankizil.tr\/de\/wp-json\/wp\/v2\/media\/6259"}],"wp:attachment":[{"href":"https:\/\/denizcankizil.tr\/de\/wp-json\/wp\/v2\/media?parent=6258"}],"wp:term":[{"taxonomy":"category","embeddable":true,"href":"https:\/\/denizcankizil.tr\/de\/wp-json\/wp\/v2\/categories?post=6258"},{"taxonomy":"post_tag","embeddable":true,"href":"https:\/\/denizcankizil.tr\/de\/wp-json\/wp\/v2\/tags?post=6258"}],"curies":[{"name":"wp","href":"https:\/\/api.w.org\/{rel}","templated":true}]}}