{"id":61946,"date":"2025-04-21T14:42:33","date_gmt":"2025-04-21T11:42:33","guid":{"rendered":"https:\/\/denizcankizil.tr\/uncategorized-tr\/cinarli-kultur-sanat-yerleskesi-25-nisanda-aciliyor\/"},"modified":"2025-04-21T14:42:33","modified_gmt":"2025-04-21T11:42:33","slug":"cinarli-kultur-sanat-yerleskesi-25-nisanda-aciliyor","status":"publish","type":"post","link":"https:\/\/denizcankizil.tr\/de\/haberler\/gundem\/cinarli-kultur-sanat-yerleskesi-25-nisanda-aciliyor\/","title":{"rendered":"\u00c7\u0131narl\u0131 K\u00fclt\u00fcr Sanat Yerle\u015fkesi 25 Nisan\u2019da A\u00e7\u0131l\u0131yor"},"content":{"rendered":"<p>\u0130stanbul K\u00fclt\u00fcr Sanat Vakf\u0131\u2019n\u0131n (\u0130KSV) Avrupa Birli\u011fi deste\u011fiyle hayata ge\u00e7irdi\u011fi Ortakla\u015fa: K\u00fclt\u00fcr, Diyalog ve Destek Program\u0131\u2019n\u0131n verdi\u011fi hibe ile finanse edilen Marmara Adalar\u0131 K\u00fclt\u00fcr Sanat Aks\u0131 (Marmara Aks) projesi kapsam\u0131nda tamir, tadilat ve tefri\u015fat i\u015flemleri tamamlanan \u00c7\u0131narl\u0131 K\u00fclt\u00fcr Sanat Yerle\u015fkesi 25 Nisan\u2019da a\u00e7\u0131l\u0131yor.<\/p>\n<p>\u200b\u0130stanbul K\u00fclt\u00fcr Sanat Vakf\u0131\u2019n\u0131n (\u0130KSV) Avrupa Birli\u011fi deste\u011fiyle hayata ge\u00e7irdi\u011fi Ortakla\u015fa: K\u00fclt\u00fcr, Diyalog ve Destek Program\u0131\u2019n\u0131n verdi\u011fi hibe ile finanse edilen Marmara Adalar\u0131 K\u00fclt\u00fcr Sanat Aks\u0131 (Marmara Aks) projesi kapsam\u0131nda tamir, tadilat ve tefri\u015fat i\u015flemleri tamamlanan \u00c7\u0131narl\u0131 K\u00fclt\u00fcr Sanat Yerle\u015fkesi 25 Nisan\u2019da a\u00e7\u0131l\u0131yor.\u00a0<\/p>\n<p>\u200bHaberin Al\u0131nt\u0131land\u0131\u011f\u0131 Kaynak: www.iskenderun.org<\/p>","protected":false},"excerpt":{"rendered":"<p>\u0130stanbul K\u00fclt\u00fcr Sanat Vakf\u0131\u2019n\u0131n (\u0130KSV) Avrupa Birli\u011fi deste\u011fiyle hayata ge\u00e7irdi\u011fi Ortakla\u015fa: K\u00fclt\u00fcr, Diyalog ve Destek Program\u0131\u2019n\u0131n verdi\u011fi hibe ile finanse edilen Marmara Adalar\u0131 K\u00fclt\u00fcr Sanat Aks\u0131 (Marmara Aks) projesi kapsam\u0131nda tamir, tadilat ve tefri\u015fat i\u015flemleri tamamlanan \u00c7\u0131narl\u0131 K\u00fclt\u00fcr Sanat Yerle\u015fkesi 25 Nisan\u2019da a\u00e7\u0131l\u0131yor. \u200b\u0130stanbul K\u00fclt\u00fcr Sanat Vakf\u0131\u2019n\u0131n (\u0130KSV) Avrupa Birli\u011fi deste\u011fiyle hayata ge\u00e7irdi\u011fi Ortakla\u015fa: K\u00fclt\u00fcr, Diyalog ve Destek Program\u0131\u2019n\u0131n verdi\u011fi hibe ile finanse edilen Marmara Adalar\u0131 K\u00fclt\u00fcr Sanat Aks\u0131 (Marmara Aks) projesi kapsam\u0131nda tamir, tadilat ve tefri\u015fat i\u015flemleri tamamlanan \u00c7\u0131narl\u0131 K\u00fclt\u00fcr Sanat Yerle\u015fkesi 25 Nisan\u2019da a\u00e7\u0131l\u0131yor.\u00a0 \u200bHaberin Al\u0131nt\u0131land\u0131\u011f\u0131 Kaynak: www.iskenderun.org<\/p>","protected":false},"author":1,"featured_media":0,"comment_status":"","ping_status":"open","sticky":false,"template":"","format":"standard","meta":{"_acf_changed":false,"footnotes":""},"categories":[24],"tags":[],"class_list":["post-61946","post","type-post","status-publish","format-standard","has-post-thumbnail","hentry","category-gundem"],"acf":[],"yoast_head":"<!-- This site is optimized with the Yoast SEO Premium plugin v26.6 (Yoast SEO v27.1.1) - https:\/\/yoast.com\/product\/yoast-seo-premium-wordpress\/ -->\n<title>\u00c7\u0131narl\u0131 K\u00fclt\u00fcr Sanat Yerle\u015fkesi 25 Nisan\u2019da A\u00e7\u0131l\u0131yor - Av. Deniz Can K\u0131z\u0131l<\/title>\n<meta name=\"robots\" content=\"index, follow, max-snippet:-1, max-image-preview:large, max-video-preview:-1\" \/>\n<link rel=\"canonical\" href=\"https:\/\/denizcankizil.tr\/de\/haberler\/gundem\/cinarli-kultur-sanat-yerleskesi-25-nisanda-aciliyor\/\" \/>\n<meta property=\"og:locale\" content=\"de_DE\" \/>\n<meta property=\"og:type\" content=\"article\" \/>\n<meta property=\"og:title\" content=\"\u00c7\u0131narl\u0131 K\u00fclt\u00fcr Sanat Yerle\u015fkesi 25 Nisan\u2019da A\u00e7\u0131l\u0131yor\" \/>\n<meta property=\"og:description\" content=\"\u0130stanbul K\u00fclt\u00fcr Sanat Vakf\u0131\u2019n\u0131n (\u0130KSV) Avrupa Birli\u011fi deste\u011fiyle hayata ge\u00e7irdi\u011fi Ortakla\u015fa: K\u00fclt\u00fcr, Diyalog ve Destek Program\u0131\u2019n\u0131n verdi\u011fi hibe ile finanse edilen Marmara Adalar\u0131 K\u00fclt\u00fcr Sanat Aks\u0131 (Marmara Aks) projesi kapsam\u0131nda tamir, tadilat ve tefri\u015fat i\u015flemleri tamamlanan \u00c7\u0131narl\u0131 K\u00fclt\u00fcr Sanat Yerle\u015fkesi 25 Nisan\u2019da a\u00e7\u0131l\u0131yor. \u200b\u0130stanbul K\u00fclt\u00fcr Sanat Vakf\u0131\u2019n\u0131n (\u0130KSV) Avrupa Birli\u011fi deste\u011fiyle hayata ge\u00e7irdi\u011fi Ortakla\u015fa: K\u00fclt\u00fcr, Diyalog ve Destek Program\u0131\u2019n\u0131n verdi\u011fi hibe ile finanse edilen Marmara Adalar\u0131 K\u00fclt\u00fcr Sanat Aks\u0131 (Marmara Aks) projesi kapsam\u0131nda tamir, tadilat ve tefri\u015fat i\u015flemleri tamamlanan \u00c7\u0131narl\u0131 K\u00fclt\u00fcr Sanat Yerle\u015fkesi 25 Nisan\u2019da a\u00e7\u0131l\u0131yor.\u00a0 \u200bHaberin Al\u0131nt\u0131land\u0131\u011f\u0131 Kaynak: www.iskenderun.org\" \/>\n<meta property=\"og:url\" content=\"https:\/\/denizcankizil.tr\/de\/haberler\/gundem\/cinarli-kultur-sanat-yerleskesi-25-nisanda-aciliyor\/\" \/>\n<meta property=\"og:site_name\" content=\"Av. Deniz Can K\u0131z\u0131l\" \/>\n<meta property=\"article:published_time\" content=\"2025-04-21T11:42:33+00:00\" \/>\n<meta name=\"author\" content=\"admin\" \/>\n<meta name=\"twitter:card\" content=\"summary_large_image\" \/>\n<meta name=\"twitter:label1\" content=\"Verfasst von\" \/>\n\t<meta name=\"twitter:data1\" content=\"admin\" \/>\n\t<meta name=\"twitter:label2\" content=\"Gesch\u00e4tzte Lesezeit\" \/>\n\t<meta name=\"twitter:data2\" content=\"1\u00a0Minute\" \/>\n<script type=\"application\/ld+json\" class=\"yoast-schema-graph\">{\"@context\":\"https:\/\/schema.org\",\"@graph\":[{\"@type\":\"Article\",\"@id\":\"https:\/\/denizcankizil.tr\/de\/haberler\/gundem\/cinarli-kultur-sanat-yerleskesi-25-nisanda-aciliyor\/#article\",\"isPartOf\":{\"@id\":\"https:\/\/denizcankizil.tr\/de\/haberler\/gundem\/cinarli-kultur-sanat-yerleskesi-25-nisanda-aciliyor\/\"},\"author\":{\"name\":\"admin\",\"@id\":\"https:\/\/denizcankizil.tr\/de\/#\/schema\/person\/be3c05fe6a12686905512445d8185489\"},\"headline\":\"\u00c7\u0131narl\u0131 K\u00fclt\u00fcr Sanat Yerle\u015fkesi 25 Nisan\u2019da A\u00e7\u0131l\u0131yor\",\"datePublished\":\"2025-04-21T11:42:33+00:00\",\"mainEntityOfPage\":{\"@id\":\"https:\/\/denizcankizil.tr\/de\/haberler\/gundem\/cinarli-kultur-sanat-yerleskesi-25-nisanda-aciliyor\/\"},\"wordCount\":154,\"publisher\":{\"@id\":\"https:\/\/denizcankizil.tr\/de\/#organization\"},\"articleSection\":[\"G\u00fcndem\"],\"inLanguage\":\"de\"},{\"@type\":\"WebPage\",\"@id\":\"https:\/\/denizcankizil.tr\/de\/haberler\/gundem\/cinarli-kultur-sanat-yerleskesi-25-nisanda-aciliyor\/\",\"url\":\"https:\/\/denizcankizil.tr\/de\/haberler\/gundem\/cinarli-kultur-sanat-yerleskesi-25-nisanda-aciliyor\/\",\"name\":\"\u00c7\u0131narl\u0131 K\u00fclt\u00fcr Sanat Yerle\u015fkesi 25 Nisan\u2019da A\u00e7\u0131l\u0131yor - Av. Deniz Can K\u0131z\u0131l\",\"isPartOf\":{\"@id\":\"https:\/\/denizcankizil.tr\/de\/#website\"},\"datePublished\":\"2025-04-21T11:42:33+00:00\",\"breadcrumb\":{\"@id\":\"https:\/\/denizcankizil.tr\/de\/haberler\/gundem\/cinarli-kultur-sanat-yerleskesi-25-nisanda-aciliyor\/#breadcrumb\"},\"inLanguage\":\"de\",\"potentialAction\":[{\"@type\":\"ReadAction\",\"target\":[\"https:\/\/denizcankizil.tr\/de\/haberler\/gundem\/cinarli-kultur-sanat-yerleskesi-25-nisanda-aciliyor\/\"]}]},{\"@type\":\"BreadcrumbList\",\"@id\":\"https:\/\/denizcankizil.tr\/de\/haberler\/gundem\/cinarli-kultur-sanat-yerleskesi-25-nisanda-aciliyor\/#breadcrumb\",\"itemListElement\":[{\"@type\":\"ListItem\",\"position\":1,\"name\":\"Home\",\"item\":\"https:\/\/denizcankizil.tr\/de\/\"},{\"@type\":\"ListItem\",\"position\":2,\"name\":\"\u00c7\u0131narl\u0131 K\u00fclt\u00fcr Sanat Yerle\u015fkesi 25 Nisan\u2019da A\u00e7\u0131l\u0131yor\"}]},{\"@type\":\"WebSite\",\"@id\":\"https:\/\/denizcankizil.tr\/de\/#website\",\"url\":\"https:\/\/denizcankizil.tr\/de\/\",\"name\":\"Av. Deniz Can K\u0131z\u0131l\",\"description\":\"Avukat Deniz Can K\u0131z\u0131l Antalya Barosu\",\"publisher\":{\"@id\":\"https:\/\/denizcankizil.tr\/de\/#organization\"},\"potentialAction\":[{\"@type\":\"SearchAction\",\"target\":{\"@type\":\"EntryPoint\",\"urlTemplate\":\"https:\/\/denizcankizil.tr\/de\/?s={search_term_string}\"},\"query-input\":{\"@type\":\"PropertyValueSpecification\",\"valueRequired\":true,\"valueName\":\"search_term_string\"}}],\"inLanguage\":\"de\"},{\"@type\":\"Organization\",\"@id\":\"https:\/\/denizcankizil.tr\/de\/#organization\",\"name\":\"Av. Deniz Can K\u0131z\u0131l\",\"url\":\"https:\/\/denizcankizil.tr\/de\/\",\"logo\":{\"@type\":\"ImageObject\",\"inLanguage\":\"de\",\"@id\":\"https:\/\/denizcankizil.tr\/de\/#\/schema\/logo\/image\/\",\"url\":\"https:\/\/denizcankizil.tr\/wp-content\/uploads\/2024\/10\/siyah-logo-svg.svg\",\"contentUrl\":\"https:\/\/denizcankizil.tr\/wp-content\/uploads\/2024\/10\/siyah-logo-svg.svg\",\"width\":1080,\"height\":1080,\"caption\":\"Av. Deniz Can K\u0131z\u0131l\"},\"image\":{\"@id\":\"https:\/\/denizcankizil.tr\/de\/#\/schema\/logo\/image\/\"}},{\"@type\":\"Person\",\"@id\":\"https:\/\/denizcankizil.tr\/de\/#\/schema\/person\/be3c05fe6a12686905512445d8185489\",\"name\":\"admin\",\"image\":{\"@type\":\"ImageObject\",\"inLanguage\":\"de\",\"@id\":\"https:\/\/denizcankizil.tr\/de\/#\/schema\/person\/image\/\",\"url\":\"https:\/\/secure.gravatar.com\/avatar\/c1fce94c830dc79107e174f890d7210541c4a63e8e5d816341794a2151c9d58c?s=96&d=mm&r=g\",\"contentUrl\":\"https:\/\/secure.gravatar.com\/avatar\/c1fce94c830dc79107e174f890d7210541c4a63e8e5d816341794a2151c9d58c?s=96&d=mm&r=g\",\"caption\":\"admin\"},\"sameAs\":[\"http:\/\/denizcankizil.tr\"],\"url\":\"https:\/\/www.iskenderun.org\/cinarli-kultur-sanat-yerleskesi-25-nisanda-aciliyor\"}]}<\/script>\n<!-- \/ Yoast SEO Premium plugin. -->","yoast_head_json":{"title":"\u00c7\u0131narl\u0131 K\u00fclt\u00fcr Sanat Yerle\u015fkesi 25 Nisan\u2019da A\u00e7\u0131l\u0131yor - Av. Deniz Can K\u0131z\u0131l","robots":{"index":"index","follow":"follow","max-snippet":"max-snippet:-1","max-image-preview":"max-image-preview:large","max-video-preview":"max-video-preview:-1"},"canonical":"https:\/\/denizcankizil.tr\/de\/haberler\/gundem\/cinarli-kultur-sanat-yerleskesi-25-nisanda-aciliyor\/","og_locale":"de_DE","og_type":"article","og_title":"\u00c7\u0131narl\u0131 K\u00fclt\u00fcr Sanat Yerle\u015fkesi 25 Nisan\u2019da A\u00e7\u0131l\u0131yor","og_description":"\u0130stanbul K\u00fclt\u00fcr Sanat Vakf\u0131\u2019n\u0131n (\u0130KSV) Avrupa Birli\u011fi deste\u011fiyle hayata ge\u00e7irdi\u011fi Ortakla\u015fa: K\u00fclt\u00fcr, Diyalog ve Destek Program\u0131\u2019n\u0131n verdi\u011fi hibe ile finanse edilen Marmara Adalar\u0131 K\u00fclt\u00fcr Sanat Aks\u0131 (Marmara Aks) projesi kapsam\u0131nda tamir, tadilat ve tefri\u015fat i\u015flemleri tamamlanan \u00c7\u0131narl\u0131 K\u00fclt\u00fcr Sanat Yerle\u015fkesi 25 Nisan\u2019da a\u00e7\u0131l\u0131yor. \u200b\u0130stanbul K\u00fclt\u00fcr Sanat Vakf\u0131\u2019n\u0131n (\u0130KSV) Avrupa Birli\u011fi deste\u011fiyle hayata ge\u00e7irdi\u011fi Ortakla\u015fa: K\u00fclt\u00fcr, Diyalog ve Destek Program\u0131\u2019n\u0131n verdi\u011fi hibe ile finanse edilen Marmara Adalar\u0131 K\u00fclt\u00fcr Sanat Aks\u0131 (Marmara Aks) projesi kapsam\u0131nda tamir, tadilat ve tefri\u015fat i\u015flemleri tamamlanan \u00c7\u0131narl\u0131 K\u00fclt\u00fcr Sanat Yerle\u015fkesi 25 Nisan\u2019da a\u00e7\u0131l\u0131yor.\u00a0 \u200bHaberin Al\u0131nt\u0131land\u0131\u011f\u0131 Kaynak: www.iskenderun.org","og_url":"https:\/\/denizcankizil.tr\/de\/haberler\/gundem\/cinarli-kultur-sanat-yerleskesi-25-nisanda-aciliyor\/","og_site_name":"Av. Deniz Can K\u0131z\u0131l","article_published_time":"2025-04-21T11:42:33+00:00","author":"admin","twitter_card":"summary_large_image","twitter_misc":{"Verfasst von":"admin","Gesch\u00e4tzte Lesezeit":"1\u00a0Minute"},"schema":{"@context":"https:\/\/schema.org","@graph":[{"@type":"Article","@id":"https:\/\/denizcankizil.tr\/de\/haberler\/gundem\/cinarli-kultur-sanat-yerleskesi-25-nisanda-aciliyor\/#article","isPartOf":{"@id":"https:\/\/denizcankizil.tr\/de\/haberler\/gundem\/cinarli-kultur-sanat-yerleskesi-25-nisanda-aciliyor\/"},"author":{"name":"admin","@id":"https:\/\/denizcankizil.tr\/de\/#\/schema\/person\/be3c05fe6a12686905512445d8185489"},"headline":"\u00c7\u0131narl\u0131 K\u00fclt\u00fcr Sanat Yerle\u015fkesi 25 Nisan\u2019da A\u00e7\u0131l\u0131yor","datePublished":"2025-04-21T11:42:33+00:00","mainEntityOfPage":{"@id":"https:\/\/denizcankizil.tr\/de\/haberler\/gundem\/cinarli-kultur-sanat-yerleskesi-25-nisanda-aciliyor\/"},"wordCount":154,"publisher":{"@id":"https:\/\/denizcankizil.tr\/de\/#organization"},"articleSection":["G\u00fcndem"],"inLanguage":"de"},{"@type":"WebPage","@id":"https:\/\/denizcankizil.tr\/de\/haberler\/gundem\/cinarli-kultur-sanat-yerleskesi-25-nisanda-aciliyor\/","url":"https:\/\/denizcankizil.tr\/de\/haberler\/gundem\/cinarli-kultur-sanat-yerleskesi-25-nisanda-aciliyor\/","name":"\u00c7\u0131narl\u0131 K\u00fclt\u00fcr Sanat Yerle\u015fkesi 25 Nisan\u2019da A\u00e7\u0131l\u0131yor - Av. Deniz Can K\u0131z\u0131l","isPartOf":{"@id":"https:\/\/denizcankizil.tr\/de\/#website"},"datePublished":"2025-04-21T11:42:33+00:00","breadcrumb":{"@id":"https:\/\/denizcankizil.tr\/de\/haberler\/gundem\/cinarli-kultur-sanat-yerleskesi-25-nisanda-aciliyor\/#breadcrumb"},"inLanguage":"de","potentialAction":[{"@type":"ReadAction","target":["https:\/\/denizcankizil.tr\/de\/haberler\/gundem\/cinarli-kultur-sanat-yerleskesi-25-nisanda-aciliyor\/"]}]},{"@type":"BreadcrumbList","@id":"https:\/\/denizcankizil.tr\/de\/haberler\/gundem\/cinarli-kultur-sanat-yerleskesi-25-nisanda-aciliyor\/#breadcrumb","itemListElement":[{"@type":"ListItem","position":1,"name":"Home","item":"https:\/\/denizcankizil.tr\/de\/"},{"@type":"ListItem","position":2,"name":"\u00c7\u0131narl\u0131 K\u00fclt\u00fcr Sanat Yerle\u015fkesi 25 Nisan\u2019da A\u00e7\u0131l\u0131yor"}]},{"@type":"WebSite","@id":"https:\/\/denizcankizil.tr\/de\/#website","url":"https:\/\/denizcankizil.tr\/de\/","name":"Av. Deniz Can K\u0131z\u0131l","description":"Avukat Deniz Can K\u0131z\u0131l Antalya Barosu","publisher":{"@id":"https:\/\/denizcankizil.tr\/de\/#organization"},"potentialAction":[{"@type":"SearchAction","target":{"@type":"EntryPoint","urlTemplate":"https:\/\/denizcankizil.tr\/de\/?s={search_term_string}"},"query-input":{"@type":"PropertyValueSpecification","valueRequired":true,"valueName":"search_term_string"}}],"inLanguage":"de"},{"@type":"Organization","@id":"https:\/\/denizcankizil.tr\/de\/#organization","name":"Av. Deniz Can K\u0131z\u0131l","url":"https:\/\/denizcankizil.tr\/de\/","logo":{"@type":"ImageObject","inLanguage":"de","@id":"https:\/\/denizcankizil.tr\/de\/#\/schema\/logo\/image\/","url":"https:\/\/denizcankizil.tr\/wp-content\/uploads\/2024\/10\/siyah-logo-svg.svg","contentUrl":"https:\/\/denizcankizil.tr\/wp-content\/uploads\/2024\/10\/siyah-logo-svg.svg","width":1080,"height":1080,"caption":"Av. Deniz Can K\u0131z\u0131l"},"image":{"@id":"https:\/\/denizcankizil.tr\/de\/#\/schema\/logo\/image\/"}},{"@type":"Person","@id":"https:\/\/denizcankizil.tr\/de\/#\/schema\/person\/be3c05fe6a12686905512445d8185489","name":"Administrator","image":{"@type":"ImageObject","inLanguage":"de","@id":"https:\/\/denizcankizil.tr\/de\/#\/schema\/person\/image\/","url":"https:\/\/secure.gravatar.com\/avatar\/c1fce94c830dc79107e174f890d7210541c4a63e8e5d816341794a2151c9d58c?s=96&d=mm&r=g","contentUrl":"https:\/\/secure.gravatar.com\/avatar\/c1fce94c830dc79107e174f890d7210541c4a63e8e5d816341794a2151c9d58c?s=96&d=mm&r=g","caption":"admin"},"sameAs":["http:\/\/denizcankizil.tr"],"url":"https:\/\/www.iskenderun.org\/cinarli-kultur-sanat-yerleskesi-25-nisanda-aciliyor"}]}},"_links":{"self":[{"href":"https:\/\/denizcankizil.tr\/de\/wp-json\/wp\/v2\/posts\/61946","targetHints":{"allow":["GET"]}}],"collection":[{"href":"https:\/\/denizcankizil.tr\/de\/wp-json\/wp\/v2\/posts"}],"about":[{"href":"https:\/\/denizcankizil.tr\/de\/wp-json\/wp\/v2\/types\/post"}],"author":[{"embeddable":true,"href":"https:\/\/denizcankizil.tr\/de\/wp-json\/wp\/v2\/users\/1"}],"replies":[{"embeddable":true,"href":"https:\/\/denizcankizil.tr\/de\/wp-json\/wp\/v2\/comments?post=61946"}],"version-history":[{"count":0,"href":"https:\/\/denizcankizil.tr\/de\/wp-json\/wp\/v2\/posts\/61946\/revisions"}],"wp:attachment":[{"href":"https:\/\/denizcankizil.tr\/de\/wp-json\/wp\/v2\/media?parent=61946"}],"wp:term":[{"taxonomy":"category","embeddable":true,"href":"https:\/\/denizcankizil.tr\/de\/wp-json\/wp\/v2\/categories?post=61946"},{"taxonomy":"post_tag","embeddable":true,"href":"https:\/\/denizcankizil.tr\/de\/wp-json\/wp\/v2\/tags?post=61946"}],"curies":[{"name":"wp","href":"https:\/\/api.w.org\/{rel}","templated":true}]}}