{"id":61865,"date":"2025-04-21T13:41:40","date_gmt":"2025-04-21T10:41:40","guid":{"rendered":"https:\/\/denizcankizil.tr\/uncategorized-tr\/muratpasadan-antik-kent-gezisi\/"},"modified":"2025-04-21T13:41:40","modified_gmt":"2025-04-21T10:41:40","slug":"muratpasadan-antik-kent-gezisi","status":"publish","type":"post","link":"https:\/\/denizcankizil.tr\/de\/haberler\/antalya\/muratpasadan-antik-kent-gezisi\/","title":{"rendered":"Muratpa\u015fa&#8217;dan antik kent gezisi"},"content":{"rendered":"<p>T\u00dc\u0130K verilerine g\u00f6re 509 bin 444 olan Muratpa\u015fa n\u00fcfusunun yakla\u015f\u0131k y\u00fczde 16\u2019s\u0131n\u0131 60 ya\u015f ve \u00fczeri k\u0131demli kent sakinleri olu\u015fturuyor. Muratpa\u015fa Belediyesi, bu kesimin sosyal hayata daha aktif kat\u0131l\u0131m\u0131n\u0131 sa\u011flamak amac\u0131yla Ye\u015filbah\u00e7e, Fener, So\u011fuksu, K\u0131z\u0131lsaray ve Konuksever mahallelerinde 5 ya\u015fl\u0131 evi hizmete a\u00e7t\u0131. Bu merkezler, aktif ve \u00fcretken bir ya\u015fl\u0131l\u0131k d\u00f6nemi i\u00e7in sosyal, k\u00fclt\u00fcrel ve sanatsal faaliyetler sunan \u00f6rnek projeler aras\u0131nda yer al\u0131yor.<\/p>\n<p>Ge\u00e7mi\u015fin izlerini ke\u015ffettiler<br \/>\nYa\u015fl\u0131 evleri \u00fcyeleri &#8220;K\u00fclt\u00fcr, Sanat ve Tarihe Eri\u015fim Kolayl\u0131\u011f\u0131&#8221; projesi kapsam\u0131nda 2 bin 200 y\u0131ll\u0131k zeytinya\u011f\u0131 \u00fcretim k\u00f6y\u00fc kimli\u011fiyle bilinen Lyrboton Kome Antik Kenti\u2019ni ziyaret etti. Orman Y\u00fcksek M\u00fchendisi Nusret Yak\u0131\u015fl\u0131 ve Sanat Tarih\u00e7isi \u00d6zden Akta\u015f rehberli\u011finde ger\u00e7ekle\u015fen gezide, kat\u0131l\u0131mc\u0131lar hem do\u011fayla bulu\u015ftu hem de ge\u00e7mi\u015fin izlerini yerinde ke\u015ffetme imkan\u0131 buldu. Ya\u015fl\u0131 evi \u00fcyeleri, restorasyon \u00e7al\u0131\u015fmalar\u0131yla kent k\u00fclt\u00fcr\u00fcne kazand\u0131r\u0131lan antik kentin tarihi zeytin at\u00f6lyelerini ve mimari yap\u0131lar\u0131n\u0131 ilgiyle inceledi.<\/p>\n<p>Kaynak: www.kanalv.com.tr Haber Sitesinden Al\u0131nm\u0131\u015ft\u0131r.<\/p>","protected":false},"excerpt":{"rendered":"<p>T\u00dc\u0130K verilerine g\u00f6re 509 bin 444 olan Muratpa\u015fa n\u00fcfusunun yakla\u015f\u0131k y\u00fczde 16\u2019s\u0131n\u0131 60 ya\u015f ve \u00fczeri k\u0131demli kent sakinleri olu\u015fturuyor. Muratpa\u015fa Belediyesi, bu kesimin sosyal hayata daha aktif kat\u0131l\u0131m\u0131n\u0131 sa\u011flamak amac\u0131yla Ye\u015filbah\u00e7e, Fener, So\u011fuksu, K\u0131z\u0131lsaray ve Konuksever mahallelerinde 5 ya\u015fl\u0131 evi hizmete a\u00e7t\u0131. Bu merkezler, aktif ve \u00fcretken bir ya\u015fl\u0131l\u0131k d\u00f6nemi i\u00e7in sosyal, k\u00fclt\u00fcrel ve sanatsal faaliyetler sunan \u00f6rnek projeler aras\u0131nda yer al\u0131yor. Ge\u00e7mi\u015fin izlerini ke\u015ffettiler Ya\u015fl\u0131 evleri \u00fcyeleri &#8220;K\u00fclt\u00fcr, Sanat ve Tarihe Eri\u015fim Kolayl\u0131\u011f\u0131&#8221; projesi kapsam\u0131nda 2 bin 200 y\u0131ll\u0131k zeytinya\u011f\u0131 \u00fcretim k\u00f6y\u00fc kimli\u011fiyle bilinen Lyrboton Kome Antik Kenti\u2019ni ziyaret etti. Orman Y\u00fcksek M\u00fchendisi Nusret Yak\u0131\u015fl\u0131 ve Sanat Tarih\u00e7isi \u00d6zden Akta\u015f rehberli\u011finde ger\u00e7ekle\u015fen gezide, kat\u0131l\u0131mc\u0131lar hem do\u011fayla bulu\u015ftu hem de ge\u00e7mi\u015fin izlerini yerinde ke\u015ffetme imkan\u0131 buldu. Ya\u015fl\u0131 evi \u00fcyeleri, restorasyon \u00e7al\u0131\u015fmalar\u0131yla kent k\u00fclt\u00fcr\u00fcne kazand\u0131r\u0131lan antik kentin tarihi zeytin at\u00f6lyelerini ve mimari yap\u0131lar\u0131n\u0131 ilgiyle inceledi. Kaynak: www.kanalv.com.tr Haber Sitesinden Al\u0131nm\u0131\u015ft\u0131r.<\/p>","protected":false},"author":4,"featured_media":61866,"comment_status":"","ping_status":"open","sticky":false,"template":"","format":"standard","meta":{"_acf_changed":false,"footnotes":""},"categories":[26],"tags":[],"class_list":["post-61865","post","type-post","status-publish","format-standard","has-post-thumbnail","hentry","category-antalya"],"acf":[],"yoast_head":"<!-- This site is optimized with the Yoast SEO Premium plugin v26.6 (Yoast SEO v27.1.1) - https:\/\/yoast.com\/product\/yoast-seo-premium-wordpress\/ -->\n<title>Muratpa\u015fa&#039;dan antik kent gezisi - Av. Deniz Can K\u0131z\u0131l<\/title>\n<meta name=\"robots\" content=\"index, follow, max-snippet:-1, max-image-preview:large, max-video-preview:-1\" \/>\n<link rel=\"canonical\" href=\"https:\/\/denizcankizil.tr\/de\/haberler\/antalya\/muratpasadan-antik-kent-gezisi\/\" \/>\n<meta property=\"og:locale\" content=\"de_DE\" \/>\n<meta property=\"og:type\" content=\"article\" \/>\n<meta property=\"og:title\" content=\"Muratpa\u015fa&#039;dan antik kent gezisi\" \/>\n<meta property=\"og:description\" content=\"T\u00dc\u0130K verilerine g\u00f6re 509 bin 444 olan Muratpa\u015fa n\u00fcfusunun yakla\u015f\u0131k y\u00fczde 16\u2019s\u0131n\u0131 60 ya\u015f ve \u00fczeri k\u0131demli kent sakinleri olu\u015fturuyor. Muratpa\u015fa Belediyesi, bu kesimin sosyal hayata daha aktif kat\u0131l\u0131m\u0131n\u0131 sa\u011flamak amac\u0131yla Ye\u015filbah\u00e7e, Fener, So\u011fuksu, K\u0131z\u0131lsaray ve Konuksever mahallelerinde 5 ya\u015fl\u0131 evi hizmete a\u00e7t\u0131. Bu merkezler, aktif ve \u00fcretken bir ya\u015fl\u0131l\u0131k d\u00f6nemi i\u00e7in sosyal, k\u00fclt\u00fcrel ve sanatsal faaliyetler sunan \u00f6rnek projeler aras\u0131nda yer al\u0131yor. Ge\u00e7mi\u015fin izlerini ke\u015ffettiler Ya\u015fl\u0131 evleri \u00fcyeleri &#8220;K\u00fclt\u00fcr, Sanat ve Tarihe Eri\u015fim Kolayl\u0131\u011f\u0131&#8221; projesi kapsam\u0131nda 2 bin 200 y\u0131ll\u0131k zeytinya\u011f\u0131 \u00fcretim k\u00f6y\u00fc kimli\u011fiyle bilinen Lyrboton Kome Antik Kenti\u2019ni ziyaret etti. Orman Y\u00fcksek M\u00fchendisi Nusret Yak\u0131\u015fl\u0131 ve Sanat Tarih\u00e7isi \u00d6zden Akta\u015f rehberli\u011finde ger\u00e7ekle\u015fen gezide, kat\u0131l\u0131mc\u0131lar hem do\u011fayla bulu\u015ftu hem de ge\u00e7mi\u015fin izlerini yerinde ke\u015ffetme imkan\u0131 buldu. Ya\u015fl\u0131 evi \u00fcyeleri, restorasyon \u00e7al\u0131\u015fmalar\u0131yla kent k\u00fclt\u00fcr\u00fcne kazand\u0131r\u0131lan antik kentin tarihi zeytin at\u00f6lyelerini ve mimari yap\u0131lar\u0131n\u0131 ilgiyle inceledi. Kaynak: www.kanalv.com.tr Haber Sitesinden Al\u0131nm\u0131\u015ft\u0131r.\" \/>\n<meta property=\"og:url\" content=\"https:\/\/denizcankizil.tr\/de\/haberler\/antalya\/muratpasadan-antik-kent-gezisi\/\" \/>\n<meta property=\"og:site_name\" content=\"Av. Deniz Can K\u0131z\u0131l\" \/>\n<meta property=\"article:published_time\" content=\"2025-04-21T10:41:40+00:00\" \/>\n<meta property=\"og:image\" content=\"https:\/\/denizcankizil.tr\/wp-content\/uploads\/2025\/04\/5913-01-SHH4xn.jpg\" \/>\n\t<meta property=\"og:image:width\" content=\"1280\" \/>\n\t<meta property=\"og:image:height\" content=\"720\" \/>\n\t<meta property=\"og:image:type\" content=\"image\/jpeg\" \/>\n<meta name=\"author\" content=\"Av. Deniz Can K\u0131z\u0131l\" \/>\n<meta name=\"twitter:card\" content=\"summary_large_image\" \/>\n<meta name=\"twitter:label1\" content=\"Verfasst von\" \/>\n\t<meta name=\"twitter:data1\" content=\"Av. Deniz Can K\u0131z\u0131l\" \/>\n\t<meta name=\"twitter:label2\" content=\"Gesch\u00e4tzte Lesezeit\" \/>\n\t<meta name=\"twitter:data2\" content=\"1\u00a0Minute\" \/>\n<script type=\"application\/ld+json\" class=\"yoast-schema-graph\">{\"@context\":\"https:\/\/schema.org\",\"@graph\":[{\"@type\":\"Article\",\"@id\":\"https:\/\/denizcankizil.tr\/de\/haberler\/antalya\/muratpasadan-antik-kent-gezisi\/#article\",\"isPartOf\":{\"@id\":\"https:\/\/denizcankizil.tr\/de\/haberler\/antalya\/muratpasadan-antik-kent-gezisi\/\"},\"author\":{\"name\":\"Av. Deniz Can K\u0131z\u0131l\",\"@id\":\"https:\/\/denizcankizil.tr\/#\/schema\/person\/5dc1b22991bd7ac833867c10afc9b0ff\"},\"headline\":\"Muratpa\u015fa&#8217;dan antik kent gezisi\",\"datePublished\":\"2025-04-21T10:41:40+00:00\",\"mainEntityOfPage\":{\"@id\":\"https:\/\/denizcankizil.tr\/de\/haberler\/antalya\/muratpasadan-antik-kent-gezisi\/\"},\"wordCount\":216,\"publisher\":{\"@id\":\"https:\/\/denizcankizil.tr\/#organization\"},\"image\":{\"@id\":\"https:\/\/denizcankizil.tr\/de\/haberler\/antalya\/muratpasadan-antik-kent-gezisi\/#primaryimage\"},\"thumbnailUrl\":\"https:\/\/denizcankizil.tr\/wp-content\/uploads\/2025\/04\/5913-01-SHH4xn.jpg\",\"articleSection\":[\"Antalya\"],\"inLanguage\":\"de\"},{\"@type\":\"WebPage\",\"@id\":\"https:\/\/denizcankizil.tr\/de\/haberler\/antalya\/muratpasadan-antik-kent-gezisi\/\",\"url\":\"https:\/\/denizcankizil.tr\/de\/haberler\/antalya\/muratpasadan-antik-kent-gezisi\/\",\"name\":\"Muratpa\u015fa'dan antik kent gezisi - Av. Deniz Can K\u0131z\u0131l\",\"isPartOf\":{\"@id\":\"https:\/\/denizcankizil.tr\/#website\"},\"primaryImageOfPage\":{\"@id\":\"https:\/\/denizcankizil.tr\/de\/haberler\/antalya\/muratpasadan-antik-kent-gezisi\/#primaryimage\"},\"image\":{\"@id\":\"https:\/\/denizcankizil.tr\/de\/haberler\/antalya\/muratpasadan-antik-kent-gezisi\/#primaryimage\"},\"thumbnailUrl\":\"https:\/\/denizcankizil.tr\/wp-content\/uploads\/2025\/04\/5913-01-SHH4xn.jpg\",\"datePublished\":\"2025-04-21T10:41:40+00:00\",\"breadcrumb\":{\"@id\":\"https:\/\/denizcankizil.tr\/de\/haberler\/antalya\/muratpasadan-antik-kent-gezisi\/#breadcrumb\"},\"inLanguage\":\"de\",\"potentialAction\":[{\"@type\":\"ReadAction\",\"target\":[\"https:\/\/denizcankizil.tr\/de\/haberler\/antalya\/muratpasadan-antik-kent-gezisi\/\"]}]},{\"@type\":\"ImageObject\",\"inLanguage\":\"de\",\"@id\":\"https:\/\/denizcankizil.tr\/de\/haberler\/antalya\/muratpasadan-antik-kent-gezisi\/#primaryimage\",\"url\":\"https:\/\/denizcankizil.tr\/wp-content\/uploads\/2025\/04\/5913-01-SHH4xn.jpg\",\"contentUrl\":\"https:\/\/denizcankizil.tr\/wp-content\/uploads\/2025\/04\/5913-01-SHH4xn.jpg\",\"width\":1280,\"height\":720},{\"@type\":\"BreadcrumbList\",\"@id\":\"https:\/\/denizcankizil.tr\/de\/haberler\/antalya\/muratpasadan-antik-kent-gezisi\/#breadcrumb\",\"itemListElement\":[{\"@type\":\"ListItem\",\"position\":1,\"name\":\"Home\",\"item\":\"https:\/\/denizcankizil.tr\/de\/\"},{\"@type\":\"ListItem\",\"position\":2,\"name\":\"Muratpa\u015fa&#8217;dan antik kent gezisi\"}]},{\"@type\":\"WebSite\",\"@id\":\"https:\/\/denizcankizil.tr\/#website\",\"url\":\"https:\/\/denizcankizil.tr\/\",\"name\":\"Av. Deniz Can K\u0131z\u0131l\",\"description\":\"Avukat Deniz Can K\u0131z\u0131l Antalya Barosu\",\"publisher\":{\"@id\":\"https:\/\/denizcankizil.tr\/#organization\"},\"potentialAction\":[{\"@type\":\"SearchAction\",\"target\":{\"@type\":\"EntryPoint\",\"urlTemplate\":\"https:\/\/denizcankizil.tr\/?s={search_term_string}\"},\"query-input\":{\"@type\":\"PropertyValueSpecification\",\"valueRequired\":true,\"valueName\":\"search_term_string\"}}],\"inLanguage\":\"de\"},{\"@type\":\"Organization\",\"@id\":\"https:\/\/denizcankizil.tr\/#organization\",\"name\":\"Av. Deniz Can K\u0131z\u0131l\",\"url\":\"https:\/\/denizcankizil.tr\/\",\"logo\":{\"@type\":\"ImageObject\",\"inLanguage\":\"de\",\"@id\":\"https:\/\/denizcankizil.tr\/#\/schema\/logo\/image\/\",\"url\":\"https:\/\/denizcankizil.tr\/wp-content\/uploads\/2024\/10\/siyah-logo-svg.svg\",\"contentUrl\":\"https:\/\/denizcankizil.tr\/wp-content\/uploads\/2024\/10\/siyah-logo-svg.svg\",\"width\":1080,\"height\":1080,\"caption\":\"Av. Deniz Can K\u0131z\u0131l\"},\"image\":{\"@id\":\"https:\/\/denizcankizil.tr\/#\/schema\/logo\/image\/\"}},{\"@type\":\"Person\",\"@id\":\"https:\/\/denizcankizil.tr\/#\/schema\/person\/5dc1b22991bd7ac833867c10afc9b0ff\",\"name\":\"Av. Deniz Can K\u0131z\u0131l\",\"image\":{\"@type\":\"ImageObject\",\"inLanguage\":\"de\",\"@id\":\"https:\/\/denizcankizil.tr\/#\/schema\/person\/image\/\",\"url\":\"https:\/\/secure.gravatar.com\/avatar\/a0b128fb9855c79efc976d5640eedb31dc35ec297594d6016d2cf7c60e975bb6?s=96&d=mm&r=g\",\"contentUrl\":\"https:\/\/secure.gravatar.com\/avatar\/a0b128fb9855c79efc976d5640eedb31dc35ec297594d6016d2cf7c60e975bb6?s=96&d=mm&r=g\",\"caption\":\"Av. Deniz Can K\u0131z\u0131l\"},\"sameAs\":[\"http:\/\/www.denizcankizil.tr\"],\"url\":\"https:\/\/denizcankizil.tr\/de\/author\/denizcankizil\/\"}]}<\/script>\n<!-- \/ Yoast SEO Premium plugin. -->","yoast_head_json":{"title":"Muratpa\u015fa'dan antik kent gezisi - Av. Deniz Can K\u0131z\u0131l","robots":{"index":"index","follow":"follow","max-snippet":"max-snippet:-1","max-image-preview":"max-image-preview:large","max-video-preview":"max-video-preview:-1"},"canonical":"https:\/\/denizcankizil.tr\/de\/haberler\/antalya\/muratpasadan-antik-kent-gezisi\/","og_locale":"de_DE","og_type":"article","og_title":"Muratpa\u015fa'dan antik kent gezisi","og_description":"T\u00dc\u0130K verilerine g\u00f6re 509 bin 444 olan Muratpa\u015fa n\u00fcfusunun yakla\u015f\u0131k y\u00fczde 16\u2019s\u0131n\u0131 60 ya\u015f ve \u00fczeri k\u0131demli kent sakinleri olu\u015fturuyor. Muratpa\u015fa Belediyesi, bu kesimin sosyal hayata daha aktif kat\u0131l\u0131m\u0131n\u0131 sa\u011flamak amac\u0131yla Ye\u015filbah\u00e7e, Fener, So\u011fuksu, K\u0131z\u0131lsaray ve Konuksever mahallelerinde 5 ya\u015fl\u0131 evi hizmete a\u00e7t\u0131. Bu merkezler, aktif ve \u00fcretken bir ya\u015fl\u0131l\u0131k d\u00f6nemi i\u00e7in sosyal, k\u00fclt\u00fcrel ve sanatsal faaliyetler sunan \u00f6rnek projeler aras\u0131nda yer al\u0131yor. Ge\u00e7mi\u015fin izlerini ke\u015ffettiler Ya\u015fl\u0131 evleri \u00fcyeleri &#8220;K\u00fclt\u00fcr, Sanat ve Tarihe Eri\u015fim Kolayl\u0131\u011f\u0131&#8221; projesi kapsam\u0131nda 2 bin 200 y\u0131ll\u0131k zeytinya\u011f\u0131 \u00fcretim k\u00f6y\u00fc kimli\u011fiyle bilinen Lyrboton Kome Antik Kenti\u2019ni ziyaret etti. Orman Y\u00fcksek M\u00fchendisi Nusret Yak\u0131\u015fl\u0131 ve Sanat Tarih\u00e7isi \u00d6zden Akta\u015f rehberli\u011finde ger\u00e7ekle\u015fen gezide, kat\u0131l\u0131mc\u0131lar hem do\u011fayla bulu\u015ftu hem de ge\u00e7mi\u015fin izlerini yerinde ke\u015ffetme imkan\u0131 buldu. Ya\u015fl\u0131 evi \u00fcyeleri, restorasyon \u00e7al\u0131\u015fmalar\u0131yla kent k\u00fclt\u00fcr\u00fcne kazand\u0131r\u0131lan antik kentin tarihi zeytin at\u00f6lyelerini ve mimari yap\u0131lar\u0131n\u0131 ilgiyle inceledi. Kaynak: www.kanalv.com.tr Haber Sitesinden Al\u0131nm\u0131\u015ft\u0131r.","og_url":"https:\/\/denizcankizil.tr\/de\/haberler\/antalya\/muratpasadan-antik-kent-gezisi\/","og_site_name":"Av. Deniz Can K\u0131z\u0131l","article_published_time":"2025-04-21T10:41:40+00:00","og_image":[{"width":1280,"height":720,"url":"https:\/\/denizcankizil.tr\/wp-content\/uploads\/2025\/04\/5913-01-SHH4xn.jpg","type":"image\/jpeg"}],"author":"Av. Deniz Can K\u0131z\u0131l","twitter_card":"summary_large_image","twitter_misc":{"Verfasst von":"Av. Deniz Can K\u0131z\u0131l","Gesch\u00e4tzte Lesezeit":"1\u00a0Minute"},"schema":{"@context":"https:\/\/schema.org","@graph":[{"@type":"Article","@id":"https:\/\/denizcankizil.tr\/de\/haberler\/antalya\/muratpasadan-antik-kent-gezisi\/#article","isPartOf":{"@id":"https:\/\/denizcankizil.tr\/de\/haberler\/antalya\/muratpasadan-antik-kent-gezisi\/"},"author":{"name":"Av. Deniz Can K\u0131z\u0131l","@id":"https:\/\/denizcankizil.tr\/#\/schema\/person\/5dc1b22991bd7ac833867c10afc9b0ff"},"headline":"Muratpa\u015fa&#8217;dan antik kent gezisi","datePublished":"2025-04-21T10:41:40+00:00","mainEntityOfPage":{"@id":"https:\/\/denizcankizil.tr\/de\/haberler\/antalya\/muratpasadan-antik-kent-gezisi\/"},"wordCount":216,"publisher":{"@id":"https:\/\/denizcankizil.tr\/#organization"},"image":{"@id":"https:\/\/denizcankizil.tr\/de\/haberler\/antalya\/muratpasadan-antik-kent-gezisi\/#primaryimage"},"thumbnailUrl":"https:\/\/denizcankizil.tr\/wp-content\/uploads\/2025\/04\/5913-01-SHH4xn.jpg","articleSection":["Antalya"],"inLanguage":"de"},{"@type":"WebPage","@id":"https:\/\/denizcankizil.tr\/de\/haberler\/antalya\/muratpasadan-antik-kent-gezisi\/","url":"https:\/\/denizcankizil.tr\/de\/haberler\/antalya\/muratpasadan-antik-kent-gezisi\/","name":"Muratpa\u015fa'dan antik kent gezisi - Av. Deniz Can K\u0131z\u0131l","isPartOf":{"@id":"https:\/\/denizcankizil.tr\/#website"},"primaryImageOfPage":{"@id":"https:\/\/denizcankizil.tr\/de\/haberler\/antalya\/muratpasadan-antik-kent-gezisi\/#primaryimage"},"image":{"@id":"https:\/\/denizcankizil.tr\/de\/haberler\/antalya\/muratpasadan-antik-kent-gezisi\/#primaryimage"},"thumbnailUrl":"https:\/\/denizcankizil.tr\/wp-content\/uploads\/2025\/04\/5913-01-SHH4xn.jpg","datePublished":"2025-04-21T10:41:40+00:00","breadcrumb":{"@id":"https:\/\/denizcankizil.tr\/de\/haberler\/antalya\/muratpasadan-antik-kent-gezisi\/#breadcrumb"},"inLanguage":"de","potentialAction":[{"@type":"ReadAction","target":["https:\/\/denizcankizil.tr\/de\/haberler\/antalya\/muratpasadan-antik-kent-gezisi\/"]}]},{"@type":"ImageObject","inLanguage":"de","@id":"https:\/\/denizcankizil.tr\/de\/haberler\/antalya\/muratpasadan-antik-kent-gezisi\/#primaryimage","url":"https:\/\/denizcankizil.tr\/wp-content\/uploads\/2025\/04\/5913-01-SHH4xn.jpg","contentUrl":"https:\/\/denizcankizil.tr\/wp-content\/uploads\/2025\/04\/5913-01-SHH4xn.jpg","width":1280,"height":720},{"@type":"BreadcrumbList","@id":"https:\/\/denizcankizil.tr\/de\/haberler\/antalya\/muratpasadan-antik-kent-gezisi\/#breadcrumb","itemListElement":[{"@type":"ListItem","position":1,"name":"Home","item":"https:\/\/denizcankizil.tr\/de\/"},{"@type":"ListItem","position":2,"name":"Muratpa\u015fa&#8217;dan antik kent gezisi"}]},{"@type":"WebSite","@id":"https:\/\/denizcankizil.tr\/#website","url":"https:\/\/denizcankizil.tr\/","name":"Av. Deniz Can K\u0131z\u0131l","description":"Avukat Deniz Can K\u0131z\u0131l Antalya Barosu","publisher":{"@id":"https:\/\/denizcankizil.tr\/#organization"},"potentialAction":[{"@type":"SearchAction","target":{"@type":"EntryPoint","urlTemplate":"https:\/\/denizcankizil.tr\/?s={search_term_string}"},"query-input":{"@type":"PropertyValueSpecification","valueRequired":true,"valueName":"search_term_string"}}],"inLanguage":"de"},{"@type":"Organization","@id":"https:\/\/denizcankizil.tr\/#organization","name":"Av. Deniz Can K\u0131z\u0131l","url":"https:\/\/denizcankizil.tr\/","logo":{"@type":"ImageObject","inLanguage":"de","@id":"https:\/\/denizcankizil.tr\/#\/schema\/logo\/image\/","url":"https:\/\/denizcankizil.tr\/wp-content\/uploads\/2024\/10\/siyah-logo-svg.svg","contentUrl":"https:\/\/denizcankizil.tr\/wp-content\/uploads\/2024\/10\/siyah-logo-svg.svg","width":1080,"height":1080,"caption":"Av. Deniz Can K\u0131z\u0131l"},"image":{"@id":"https:\/\/denizcankizil.tr\/#\/schema\/logo\/image\/"}},{"@type":"Person","@id":"https:\/\/denizcankizil.tr\/#\/schema\/person\/5dc1b22991bd7ac833867c10afc9b0ff","name":"Av. Deniz Can K\u0131z\u0131l","image":{"@type":"ImageObject","inLanguage":"de","@id":"https:\/\/denizcankizil.tr\/#\/schema\/person\/image\/","url":"https:\/\/secure.gravatar.com\/avatar\/a0b128fb9855c79efc976d5640eedb31dc35ec297594d6016d2cf7c60e975bb6?s=96&d=mm&r=g","contentUrl":"https:\/\/secure.gravatar.com\/avatar\/a0b128fb9855c79efc976d5640eedb31dc35ec297594d6016d2cf7c60e975bb6?s=96&d=mm&r=g","caption":"Av. Deniz Can K\u0131z\u0131l"},"sameAs":["http:\/\/www.denizcankizil.tr"],"url":"https:\/\/denizcankizil.tr\/de\/author\/denizcankizil\/"}]}},"_links":{"self":[{"href":"https:\/\/denizcankizil.tr\/de\/wp-json\/wp\/v2\/posts\/61865","targetHints":{"allow":["GET"]}}],"collection":[{"href":"https:\/\/denizcankizil.tr\/de\/wp-json\/wp\/v2\/posts"}],"about":[{"href":"https:\/\/denizcankizil.tr\/de\/wp-json\/wp\/v2\/types\/post"}],"author":[{"embeddable":true,"href":"https:\/\/denizcankizil.tr\/de\/wp-json\/wp\/v2\/users\/4"}],"replies":[{"embeddable":true,"href":"https:\/\/denizcankizil.tr\/de\/wp-json\/wp\/v2\/comments?post=61865"}],"version-history":[{"count":0,"href":"https:\/\/denizcankizil.tr\/de\/wp-json\/wp\/v2\/posts\/61865\/revisions"}],"wp:featuredmedia":[{"embeddable":true,"href":"https:\/\/denizcankizil.tr\/de\/wp-json\/wp\/v2\/media\/61866"}],"wp:attachment":[{"href":"https:\/\/denizcankizil.tr\/de\/wp-json\/wp\/v2\/media?parent=61865"}],"wp:term":[{"taxonomy":"category","embeddable":true,"href":"https:\/\/denizcankizil.tr\/de\/wp-json\/wp\/v2\/categories?post=61865"},{"taxonomy":"post_tag","embeddable":true,"href":"https:\/\/denizcankizil.tr\/de\/wp-json\/wp\/v2\/tags?post=61865"}],"curies":[{"name":"wp","href":"https:\/\/api.w.org\/{rel}","templated":true}]}}