{"id":60316,"date":"2025-04-19T18:42:05","date_gmt":"2025-04-19T15:42:05","guid":{"rendered":"https:\/\/denizcankizil.tr\/uncategorized-tr\/efes-selcuk-belediyesi-ve-meslek-fabrikasindan-istihdama-katki-barista-kursu-tamamlandi\/"},"modified":"2025-04-19T18:42:05","modified_gmt":"2025-04-19T15:42:05","slug":"efes-selcuk-belediyesi-ve-meslek-fabrikasindan-istihdama-katki-barista-kursu-tamamlandi","status":"publish","type":"post","link":"https:\/\/denizcankizil.tr\/de\/haberler\/gundem\/efes-selcuk-belediyesi-ve-meslek-fabrikasindan-istihdama-katki-barista-kursu-tamamlandi\/","title":{"rendered":"Efes Sel\u00e7uk Belediyesi ve Meslek Fabrikas\u0131\u2019ndan \u0130stihdama Katk\u0131: Barista Kursu Tamamland\u0131"},"content":{"rendered":"<p>Efes Sel\u00e7uk Belediyesi ve \u0130zmir B\u00fcy\u00fck\u015fehir Belediyesi Meslek Fabrikas\u0131 \u015eube M\u00fcd\u00fcrl\u00fc\u011f\u00fc i\u015f birli\u011fiyle d\u00fczenlenen Barista Kursu\u2019nun son g\u00fcn\u00fcnde kursiyerler sertifikalar\u0131n\u0131 ald\u0131.<\/p>\n<p>\u200bEfes Sel\u00e7uk Belediyesi ve \u0130zmir B\u00fcy\u00fck\u015fehir Belediyesi Meslek Fabrikas\u0131 \u015eube M\u00fcd\u00fcrl\u00fc\u011f\u00fc i\u015f birli\u011fiyle d\u00fczenlenen Barista Kursu\u2019nun son g\u00fcn\u00fcnde kursiyerler sertifikalar\u0131n\u0131 ald\u0131.\u00a0<\/p>\n<p>\u200bHaberin Al\u0131nt\u0131land\u0131\u011f\u0131 Kaynak: www.iskenderun.org<\/p>","protected":false},"excerpt":{"rendered":"<p>Efes Sel\u00e7uk Belediyesi ve \u0130zmir B\u00fcy\u00fck\u015fehir Belediyesi Meslek Fabrikas\u0131 \u015eube M\u00fcd\u00fcrl\u00fc\u011f\u00fc i\u015f birli\u011fiyle d\u00fczenlenen Barista Kursu\u2019nun son g\u00fcn\u00fcnde kursiyerler sertifikalar\u0131n\u0131 ald\u0131. \u200bEfes Sel\u00e7uk Belediyesi ve \u0130zmir B\u00fcy\u00fck\u015fehir Belediyesi Meslek Fabrikas\u0131 \u015eube M\u00fcd\u00fcrl\u00fc\u011f\u00fc i\u015f birli\u011fiyle d\u00fczenlenen Barista Kursu\u2019nun son g\u00fcn\u00fcnde kursiyerler sertifikalar\u0131n\u0131 ald\u0131.\u00a0 \u200bHaberin Al\u0131nt\u0131land\u0131\u011f\u0131 Kaynak: www.iskenderun.org<\/p>","protected":false},"author":1,"featured_media":0,"comment_status":"","ping_status":"open","sticky":false,"template":"","format":"standard","meta":{"_acf_changed":false,"footnotes":""},"categories":[24],"tags":[],"class_list":["post-60316","post","type-post","status-publish","format-standard","has-post-thumbnail","hentry","category-gundem"],"acf":[],"yoast_head":"<!-- This site is optimized with the Yoast SEO Premium plugin v26.6 (Yoast SEO v27.1.1) - https:\/\/yoast.com\/product\/yoast-seo-premium-wordpress\/ -->\n<title>Efes Sel\u00e7uk Belediyesi ve Meslek Fabrikas\u0131\u2019ndan \u0130stihdama Katk\u0131: Barista Kursu Tamamland\u0131 - Av. Deniz Can K\u0131z\u0131l<\/title>\n<meta name=\"robots\" content=\"index, follow, max-snippet:-1, max-image-preview:large, max-video-preview:-1\" \/>\n<link rel=\"canonical\" href=\"https:\/\/denizcankizil.tr\/de\/haberler\/gundem\/efes-selcuk-belediyesi-ve-meslek-fabrikasindan-istihdama-katki-barista-kursu-tamamlandi\/\" \/>\n<meta property=\"og:locale\" content=\"de_DE\" \/>\n<meta property=\"og:type\" content=\"article\" \/>\n<meta property=\"og:title\" content=\"Efes Sel\u00e7uk Belediyesi ve Meslek Fabrikas\u0131\u2019ndan \u0130stihdama Katk\u0131: Barista Kursu Tamamland\u0131\" \/>\n<meta property=\"og:description\" content=\"Efes Sel\u00e7uk Belediyesi ve \u0130zmir B\u00fcy\u00fck\u015fehir Belediyesi Meslek Fabrikas\u0131 \u015eube M\u00fcd\u00fcrl\u00fc\u011f\u00fc i\u015f birli\u011fiyle d\u00fczenlenen Barista Kursu\u2019nun son g\u00fcn\u00fcnde kursiyerler sertifikalar\u0131n\u0131 ald\u0131. \u200bEfes Sel\u00e7uk Belediyesi ve \u0130zmir B\u00fcy\u00fck\u015fehir Belediyesi Meslek Fabrikas\u0131 \u015eube M\u00fcd\u00fcrl\u00fc\u011f\u00fc i\u015f birli\u011fiyle d\u00fczenlenen Barista Kursu\u2019nun son g\u00fcn\u00fcnde kursiyerler sertifikalar\u0131n\u0131 ald\u0131.\u00a0 \u200bHaberin Al\u0131nt\u0131land\u0131\u011f\u0131 Kaynak: www.iskenderun.org\" \/>\n<meta property=\"og:url\" content=\"https:\/\/denizcankizil.tr\/de\/haberler\/gundem\/efes-selcuk-belediyesi-ve-meslek-fabrikasindan-istihdama-katki-barista-kursu-tamamlandi\/\" \/>\n<meta property=\"og:site_name\" content=\"Av. Deniz Can K\u0131z\u0131l\" \/>\n<meta property=\"article:published_time\" content=\"2025-04-19T15:42:05+00:00\" \/>\n<meta name=\"author\" content=\"admin\" \/>\n<meta name=\"twitter:card\" content=\"summary_large_image\" \/>\n<meta name=\"twitter:label1\" content=\"Verfasst von\" \/>\n\t<meta name=\"twitter:data1\" content=\"admin\" \/>\n<script type=\"application\/ld+json\" class=\"yoast-schema-graph\">{\"@context\":\"https:\/\/schema.org\",\"@graph\":[{\"@type\":\"Article\",\"@id\":\"https:\/\/denizcankizil.tr\/de\/haberler\/gundem\/efes-selcuk-belediyesi-ve-meslek-fabrikasindan-istihdama-katki-barista-kursu-tamamlandi\/#article\",\"isPartOf\":{\"@id\":\"https:\/\/denizcankizil.tr\/de\/haberler\/gundem\/efes-selcuk-belediyesi-ve-meslek-fabrikasindan-istihdama-katki-barista-kursu-tamamlandi\/\"},\"author\":{\"name\":\"admin\",\"@id\":\"https:\/\/denizcankizil.tr\/#\/schema\/person\/be3c05fe6a12686905512445d8185489\"},\"headline\":\"Efes Sel\u00e7uk Belediyesi ve Meslek Fabrikas\u0131\u2019ndan \u0130stihdama Katk\u0131: Barista Kursu Tamamland\u0131\",\"datePublished\":\"2025-04-19T15:42:05+00:00\",\"mainEntityOfPage\":{\"@id\":\"https:\/\/denizcankizil.tr\/de\/haberler\/gundem\/efes-selcuk-belediyesi-ve-meslek-fabrikasindan-istihdama-katki-barista-kursu-tamamlandi\/\"},\"wordCount\":87,\"publisher\":{\"@id\":\"https:\/\/denizcankizil.tr\/#organization\"},\"articleSection\":[\"G\u00fcndem\"],\"inLanguage\":\"de\"},{\"@type\":\"WebPage\",\"@id\":\"https:\/\/denizcankizil.tr\/de\/haberler\/gundem\/efes-selcuk-belediyesi-ve-meslek-fabrikasindan-istihdama-katki-barista-kursu-tamamlandi\/\",\"url\":\"https:\/\/denizcankizil.tr\/de\/haberler\/gundem\/efes-selcuk-belediyesi-ve-meslek-fabrikasindan-istihdama-katki-barista-kursu-tamamlandi\/\",\"name\":\"Efes Sel\u00e7uk Belediyesi ve Meslek Fabrikas\u0131\u2019ndan \u0130stihdama Katk\u0131: Barista Kursu Tamamland\u0131 - Av. Deniz Can K\u0131z\u0131l\",\"isPartOf\":{\"@id\":\"https:\/\/denizcankizil.tr\/#website\"},\"datePublished\":\"2025-04-19T15:42:05+00:00\",\"breadcrumb\":{\"@id\":\"https:\/\/denizcankizil.tr\/de\/haberler\/gundem\/efes-selcuk-belediyesi-ve-meslek-fabrikasindan-istihdama-katki-barista-kursu-tamamlandi\/#breadcrumb\"},\"inLanguage\":\"de\",\"potentialAction\":[{\"@type\":\"ReadAction\",\"target\":[\"https:\/\/denizcankizil.tr\/de\/haberler\/gundem\/efes-selcuk-belediyesi-ve-meslek-fabrikasindan-istihdama-katki-barista-kursu-tamamlandi\/\"]}]},{\"@type\":\"BreadcrumbList\",\"@id\":\"https:\/\/denizcankizil.tr\/de\/haberler\/gundem\/efes-selcuk-belediyesi-ve-meslek-fabrikasindan-istihdama-katki-barista-kursu-tamamlandi\/#breadcrumb\",\"itemListElement\":[{\"@type\":\"ListItem\",\"position\":1,\"name\":\"Home\",\"item\":\"https:\/\/denizcankizil.tr\/de\/\"},{\"@type\":\"ListItem\",\"position\":2,\"name\":\"Efes Sel\u00e7uk Belediyesi ve Meslek Fabrikas\u0131\u2019ndan \u0130stihdama Katk\u0131: Barista Kursu Tamamland\u0131\"}]},{\"@type\":\"WebSite\",\"@id\":\"https:\/\/denizcankizil.tr\/#website\",\"url\":\"https:\/\/denizcankizil.tr\/\",\"name\":\"Av. Deniz Can K\u0131z\u0131l\",\"description\":\"Avukat Deniz Can K\u0131z\u0131l Antalya Barosu\",\"publisher\":{\"@id\":\"https:\/\/denizcankizil.tr\/#organization\"},\"potentialAction\":[{\"@type\":\"SearchAction\",\"target\":{\"@type\":\"EntryPoint\",\"urlTemplate\":\"https:\/\/denizcankizil.tr\/?s={search_term_string}\"},\"query-input\":{\"@type\":\"PropertyValueSpecification\",\"valueRequired\":true,\"valueName\":\"search_term_string\"}}],\"inLanguage\":\"de\"},{\"@type\":\"Organization\",\"@id\":\"https:\/\/denizcankizil.tr\/#organization\",\"name\":\"Av. Deniz Can K\u0131z\u0131l\",\"url\":\"https:\/\/denizcankizil.tr\/\",\"logo\":{\"@type\":\"ImageObject\",\"inLanguage\":\"de\",\"@id\":\"https:\/\/denizcankizil.tr\/#\/schema\/logo\/image\/\",\"url\":\"https:\/\/denizcankizil.tr\/wp-content\/uploads\/2024\/10\/siyah-logo-svg.svg\",\"contentUrl\":\"https:\/\/denizcankizil.tr\/wp-content\/uploads\/2024\/10\/siyah-logo-svg.svg\",\"width\":1080,\"height\":1080,\"caption\":\"Av. Deniz Can K\u0131z\u0131l\"},\"image\":{\"@id\":\"https:\/\/denizcankizil.tr\/#\/schema\/logo\/image\/\"}},{\"@type\":\"Person\",\"@id\":\"https:\/\/denizcankizil.tr\/#\/schema\/person\/be3c05fe6a12686905512445d8185489\",\"name\":\"admin\",\"image\":{\"@type\":\"ImageObject\",\"inLanguage\":\"de\",\"@id\":\"https:\/\/denizcankizil.tr\/#\/schema\/person\/image\/\",\"url\":\"https:\/\/secure.gravatar.com\/avatar\/c1fce94c830dc79107e174f890d7210541c4a63e8e5d816341794a2151c9d58c?s=96&d=mm&r=g\",\"contentUrl\":\"https:\/\/secure.gravatar.com\/avatar\/c1fce94c830dc79107e174f890d7210541c4a63e8e5d816341794a2151c9d58c?s=96&d=mm&r=g\",\"caption\":\"admin\"},\"sameAs\":[\"http:\/\/denizcankizil.tr\"],\"url\":\"https:\/\/www.iskenderun.org\/efes-selcuk-belediyesi-ve-meslek-fabrikasindan-istihdama-katki-barista-kursu-tamamlandi\"}]}<\/script>\n<!-- \/ Yoast SEO Premium plugin. -->","yoast_head_json":{"title":"Efes Sel\u00e7uk Belediyesi ve Meslek Fabrikas\u0131\u2019ndan \u0130stihdama Katk\u0131: Barista Kursu Tamamland\u0131 - Av. Deniz Can K\u0131z\u0131l","robots":{"index":"index","follow":"follow","max-snippet":"max-snippet:-1","max-image-preview":"max-image-preview:large","max-video-preview":"max-video-preview:-1"},"canonical":"https:\/\/denizcankizil.tr\/de\/haberler\/gundem\/efes-selcuk-belediyesi-ve-meslek-fabrikasindan-istihdama-katki-barista-kursu-tamamlandi\/","og_locale":"de_DE","og_type":"article","og_title":"Efes Sel\u00e7uk Belediyesi ve Meslek Fabrikas\u0131\u2019ndan \u0130stihdama Katk\u0131: Barista Kursu Tamamland\u0131","og_description":"Efes Sel\u00e7uk Belediyesi ve \u0130zmir B\u00fcy\u00fck\u015fehir Belediyesi Meslek Fabrikas\u0131 \u015eube M\u00fcd\u00fcrl\u00fc\u011f\u00fc i\u015f birli\u011fiyle d\u00fczenlenen Barista Kursu\u2019nun son g\u00fcn\u00fcnde kursiyerler sertifikalar\u0131n\u0131 ald\u0131. \u200bEfes Sel\u00e7uk Belediyesi ve \u0130zmir B\u00fcy\u00fck\u015fehir Belediyesi Meslek Fabrikas\u0131 \u015eube M\u00fcd\u00fcrl\u00fc\u011f\u00fc i\u015f birli\u011fiyle d\u00fczenlenen Barista Kursu\u2019nun son g\u00fcn\u00fcnde kursiyerler sertifikalar\u0131n\u0131 ald\u0131.\u00a0 \u200bHaberin Al\u0131nt\u0131land\u0131\u011f\u0131 Kaynak: www.iskenderun.org","og_url":"https:\/\/denizcankizil.tr\/de\/haberler\/gundem\/efes-selcuk-belediyesi-ve-meslek-fabrikasindan-istihdama-katki-barista-kursu-tamamlandi\/","og_site_name":"Av. Deniz Can K\u0131z\u0131l","article_published_time":"2025-04-19T15:42:05+00:00","author":"admin","twitter_card":"summary_large_image","twitter_misc":{"Verfasst von":"admin"},"schema":{"@context":"https:\/\/schema.org","@graph":[{"@type":"Article","@id":"https:\/\/denizcankizil.tr\/de\/haberler\/gundem\/efes-selcuk-belediyesi-ve-meslek-fabrikasindan-istihdama-katki-barista-kursu-tamamlandi\/#article","isPartOf":{"@id":"https:\/\/denizcankizil.tr\/de\/haberler\/gundem\/efes-selcuk-belediyesi-ve-meslek-fabrikasindan-istihdama-katki-barista-kursu-tamamlandi\/"},"author":{"name":"admin","@id":"https:\/\/denizcankizil.tr\/#\/schema\/person\/be3c05fe6a12686905512445d8185489"},"headline":"Efes Sel\u00e7uk Belediyesi ve Meslek Fabrikas\u0131\u2019ndan \u0130stihdama Katk\u0131: Barista Kursu Tamamland\u0131","datePublished":"2025-04-19T15:42:05+00:00","mainEntityOfPage":{"@id":"https:\/\/denizcankizil.tr\/de\/haberler\/gundem\/efes-selcuk-belediyesi-ve-meslek-fabrikasindan-istihdama-katki-barista-kursu-tamamlandi\/"},"wordCount":87,"publisher":{"@id":"https:\/\/denizcankizil.tr\/#organization"},"articleSection":["G\u00fcndem"],"inLanguage":"de"},{"@type":"WebPage","@id":"https:\/\/denizcankizil.tr\/de\/haberler\/gundem\/efes-selcuk-belediyesi-ve-meslek-fabrikasindan-istihdama-katki-barista-kursu-tamamlandi\/","url":"https:\/\/denizcankizil.tr\/de\/haberler\/gundem\/efes-selcuk-belediyesi-ve-meslek-fabrikasindan-istihdama-katki-barista-kursu-tamamlandi\/","name":"Efes Sel\u00e7uk Belediyesi ve Meslek Fabrikas\u0131\u2019ndan \u0130stihdama Katk\u0131: Barista Kursu Tamamland\u0131 - Av. Deniz Can K\u0131z\u0131l","isPartOf":{"@id":"https:\/\/denizcankizil.tr\/#website"},"datePublished":"2025-04-19T15:42:05+00:00","breadcrumb":{"@id":"https:\/\/denizcankizil.tr\/de\/haberler\/gundem\/efes-selcuk-belediyesi-ve-meslek-fabrikasindan-istihdama-katki-barista-kursu-tamamlandi\/#breadcrumb"},"inLanguage":"de","potentialAction":[{"@type":"ReadAction","target":["https:\/\/denizcankizil.tr\/de\/haberler\/gundem\/efes-selcuk-belediyesi-ve-meslek-fabrikasindan-istihdama-katki-barista-kursu-tamamlandi\/"]}]},{"@type":"BreadcrumbList","@id":"https:\/\/denizcankizil.tr\/de\/haberler\/gundem\/efes-selcuk-belediyesi-ve-meslek-fabrikasindan-istihdama-katki-barista-kursu-tamamlandi\/#breadcrumb","itemListElement":[{"@type":"ListItem","position":1,"name":"Home","item":"https:\/\/denizcankizil.tr\/de\/"},{"@type":"ListItem","position":2,"name":"Efes Sel\u00e7uk Belediyesi ve Meslek Fabrikas\u0131\u2019ndan \u0130stihdama Katk\u0131: Barista Kursu Tamamland\u0131"}]},{"@type":"WebSite","@id":"https:\/\/denizcankizil.tr\/#website","url":"https:\/\/denizcankizil.tr\/","name":"Av. Deniz Can K\u0131z\u0131l","description":"Avukat Deniz Can K\u0131z\u0131l Antalya Barosu","publisher":{"@id":"https:\/\/denizcankizil.tr\/#organization"},"potentialAction":[{"@type":"SearchAction","target":{"@type":"EntryPoint","urlTemplate":"https:\/\/denizcankizil.tr\/?s={search_term_string}"},"query-input":{"@type":"PropertyValueSpecification","valueRequired":true,"valueName":"search_term_string"}}],"inLanguage":"de"},{"@type":"Organization","@id":"https:\/\/denizcankizil.tr\/#organization","name":"Av. Deniz Can K\u0131z\u0131l","url":"https:\/\/denizcankizil.tr\/","logo":{"@type":"ImageObject","inLanguage":"de","@id":"https:\/\/denizcankizil.tr\/#\/schema\/logo\/image\/","url":"https:\/\/denizcankizil.tr\/wp-content\/uploads\/2024\/10\/siyah-logo-svg.svg","contentUrl":"https:\/\/denizcankizil.tr\/wp-content\/uploads\/2024\/10\/siyah-logo-svg.svg","width":1080,"height":1080,"caption":"Av. Deniz Can K\u0131z\u0131l"},"image":{"@id":"https:\/\/denizcankizil.tr\/#\/schema\/logo\/image\/"}},{"@type":"Person","@id":"https:\/\/denizcankizil.tr\/#\/schema\/person\/be3c05fe6a12686905512445d8185489","name":"Administrator","image":{"@type":"ImageObject","inLanguage":"de","@id":"https:\/\/denizcankizil.tr\/#\/schema\/person\/image\/","url":"https:\/\/secure.gravatar.com\/avatar\/c1fce94c830dc79107e174f890d7210541c4a63e8e5d816341794a2151c9d58c?s=96&d=mm&r=g","contentUrl":"https:\/\/secure.gravatar.com\/avatar\/c1fce94c830dc79107e174f890d7210541c4a63e8e5d816341794a2151c9d58c?s=96&d=mm&r=g","caption":"admin"},"sameAs":["http:\/\/denizcankizil.tr"],"url":"https:\/\/www.iskenderun.org\/efes-selcuk-belediyesi-ve-meslek-fabrikasindan-istihdama-katki-barista-kursu-tamamlandi"}]}},"_links":{"self":[{"href":"https:\/\/denizcankizil.tr\/de\/wp-json\/wp\/v2\/posts\/60316","targetHints":{"allow":["GET"]}}],"collection":[{"href":"https:\/\/denizcankizil.tr\/de\/wp-json\/wp\/v2\/posts"}],"about":[{"href":"https:\/\/denizcankizil.tr\/de\/wp-json\/wp\/v2\/types\/post"}],"author":[{"embeddable":true,"href":"https:\/\/denizcankizil.tr\/de\/wp-json\/wp\/v2\/users\/1"}],"replies":[{"embeddable":true,"href":"https:\/\/denizcankizil.tr\/de\/wp-json\/wp\/v2\/comments?post=60316"}],"version-history":[{"count":0,"href":"https:\/\/denizcankizil.tr\/de\/wp-json\/wp\/v2\/posts\/60316\/revisions"}],"wp:attachment":[{"href":"https:\/\/denizcankizil.tr\/de\/wp-json\/wp\/v2\/media?parent=60316"}],"wp:term":[{"taxonomy":"category","embeddable":true,"href":"https:\/\/denizcankizil.tr\/de\/wp-json\/wp\/v2\/categories?post=60316"},{"taxonomy":"post_tag","embeddable":true,"href":"https:\/\/denizcankizil.tr\/de\/wp-json\/wp\/v2\/tags?post=60316"}],"curies":[{"name":"wp","href":"https:\/\/api.w.org\/{rel}","templated":true}]}}