{"id":6028,"date":"2024-10-21T09:43:51","date_gmt":"2024-10-21T06:43:51","guid":{"rendered":"https:\/\/denizcankizil.tr\/uncategorized-tr\/gokyuzunun-teknolojik-kuslari-iha-kayitlari-yuzde-125-artti\/"},"modified":"2024-10-21T09:43:51","modified_gmt":"2024-10-21T06:43:51","slug":"gokyuzunun-teknolojik-kuslari-iha-kayitlari-yuzde-125-artti","status":"publish","type":"post","link":"https:\/\/denizcankizil.tr\/de\/haberler\/gundem\/gokyuzunun-teknolojik-kuslari-iha-kayitlari-yuzde-125-artti\/","title":{"rendered":"G\u00f6ky\u00fcz\u00fcn\u00fcn teknolojik ku\u015flar\u0131&#8230; \u0130HA kay\u0131tlar\u0131 y\u00fczde 12,5 artt\u0131"},"content":{"rendered":"<p>Ula\u015ft\u0131rma ve Altyap\u0131 Bakan\u0131 Abdulkadir Uralo\u011flu, 2024 y\u0131l\u0131 Eyl\u00fcl ay\u0131 itibariyle T\u00fcrkiye&#8217;deki \u0130nsans\u0131z Hava Arac\u0131 say\u0131s\u0131n\u0131n ge\u00e7en y\u0131l\u0131n ayn\u0131 d\u00f6nemine g\u00f6re y\u00fczde 12,5 artarak 68 bin 647&#8217;ye, pilot say\u0131s\u0131n\u0131n ise y\u00fczde 6,6 artarak 1 milyon 536 bin 993&#8217;e ula\u015ft\u0131\u011f\u0131n\u0131 a\u00e7\u0131klad\u0131.ANKARA (\u0130GFA) &#8211; Ula\u015ft\u0131rma ve Altyap\u0131 Bakan\u0131 Abdulkadir Uralo\u011flu, T\u00fcrkiye\u0092deki \u0130nsans\u0131z Hava Ara\u00e7lar\u0131 (\u0130HA) ve \u0130HA pilot lisans\u0131 bulunan ki\u015fi say\u0131lar\u0131na ili\u015fkin a\u00e7\u0131klamalarda bulundu.<br \/>\nSivil Havac\u0131l\u0131k Genel M\u00fcd\u00fcrl\u00fc\u011f\u00fc (SHGM) taraf\u0131ndan son y\u0131llarda sivil havac\u0131l\u0131k alan\u0131nda yap\u0131lan e\u011fitimler ve \u00e7al\u0131\u015fmalar sayesinde \u0130HA say\u0131s\u0131 ve \u0130HA pilot lisans\u0131 bulunan ki\u015filerin say\u0131s\u0131nda ya\u015fanan art\u0131\u015fa dikkat \u00e7eken Bakan Uralo\u011flu, &#8220;\u00932024 Eyl\u00fcl ay\u0131 sonu itibariyle \u0130HA say\u0131s\u0131 2023\u0092\u00fcn ayn\u0131 d\u00f6nemine g\u00f6re y\u00fczde 12,5\u0092lik art\u0131\u015fla 68 bin 647\u0092ye ula\u015ft\u0131. \u0130HA pilotu say\u0131s\u0131 ise ge\u00e7en y\u0131l\u0131n ayn\u0131 d\u00f6nemine g\u00f6re y\u00fczde 6,6 artarak 1 milyon 536 bin 993\u0092e ula\u015ft\u0131&#8221; dedi.<br \/>\n5 B\u0130N \u0130LE 8 B\u0130N ARASI YEN\u0130 \u0130HA KAYIT OLUYOR<br \/>\nSivil Havac\u0131l\u0131k Genel M\u00fcd\u00fcrl\u00fc\u011f\u00fc\u0092n\u00fcn \u0093\u0130HA Sistemleri Talimat\u0131\u0094 kapsam\u0131nda \u0130HA\u0092lara \u00f6zel kay\u0131t sistemi olu\u015fturdu\u011funu an\u0131msatan Bakan Uralo\u011flu, bu sayede s\u00f6z konusu ara\u00e7lar\u0131n izin, u\u00e7u\u015f ve kay\u0131tlar\u0131nda b\u00fcy\u00fck kolayl\u0131k sa\u011fland\u0131\u011f\u0131n\u0131 s\u00f6yledi.<\/p>\n<p>\u0130HA kay\u0131t sistemine her sene yakla\u015f\u0131k 5 bin ile 8 bin aras\u0131 yeni \u0130HA\u0092n\u0131n kay\u0131t oldu\u011funun alt\u0131n\u0131 \u00e7izen Bakan Uralo\u011flu, \u0130HA\u0092lar\u0131n zirai ila\u00e7lama, foto\u011fraf\u00e7\u0131l\u0131k, sinema, haritalama, trafik, g\u00fcvenlik, kargolama ve sa\u011fl\u0131k gibi farkl\u0131 sekt\u00f6rlerde kullan\u0131m\u0131n\u0131n olduk\u00e7a artt\u0131\u011f\u0131n\u0131 ifade etti.<br \/>\nBakan Uralo\u011flu ayr\u0131ca, \u0130HA Takip ve Trafik Y\u00f6netim Sistemi (\u0130HATTYS) Projesi ile eri\u015filebilir, kar\u015f\u0131lanabilir, verimli, emniyetli, \u00e7evre dostu ve dijital bir yakla\u015f\u0131m ile \u0130HA\u0092lar\u0131n mevcut hava sahas\u0131na entegrasyonunu sa\u011flayacaklar\u0131n\u0131 belirterek, &#8220;\u0093B\u00f6ylece \u0130HA\u0092lar\u0131n yaratt\u0131\u011f\u0131 emniyet ve g\u00fcvenlik sorunlar\u0131 ortadan kald\u0131raca\u011f\u0131z. \u0130HATTYS Projesi, \u00fclkemizdeki t\u00fcm \u0130HA operasyonlar\u0131n\u0131n \u0130HA\u0092lara herhangi bir donan\u0131m tak\u0131lmaks\u0131z\u0131n SHGM taraf\u0131ndan g\u00fcvenli ve emniyetli \u015fekilde y\u00f6netilebilmesini ama\u00e7l\u0131yor.&#8221; dedi.<\/p>\n<p>\u200bUla\u015ft\u0131rma ve Altyap\u0131 Bakan\u0131 Abdulkadir Uralo\u011flu, 2024 y\u0131l\u0131 Eyl\u00fcl ay\u0131 itibariyle T\u00fcrkiye&#8217;deki \u0130nsans\u0131z Hava Arac\u0131 say\u0131s\u0131n\u0131n ge\u00e7en y\u0131l\u0131n ayn\u0131 d\u00f6nemine g\u00f6re y\u00fczde 12,5 artarak 68 bin 647&#8217;ye, pilot say\u0131s\u0131n\u0131n ise y\u00fczde 6,6 artarak 1 milyon 536 bin 993&#8217;e ula\u015ft\u0131\u011f\u0131n\u0131 a\u00e7\u0131klad\u0131\u00a0<\/p>\n<p>\u200bHaberin Al\u0131nt\u0131land\u0131\u011f\u0131 Kaynak: www.iskenderun.org<\/p>","protected":false},"excerpt":{"rendered":"<p>Ula\u015ft\u0131rma ve Altyap\u0131 Bakan\u0131 Abdulkadir Uralo\u011flu, 2024 y\u0131l\u0131 Eyl\u00fcl ay\u0131 itibariyle T\u00fcrkiye&#8217;deki \u0130nsans\u0131z Hava Arac\u0131 say\u0131s\u0131n\u0131n ge\u00e7en y\u0131l\u0131n ayn\u0131 d\u00f6nemine g\u00f6re y\u00fczde 12,5 artarak 68 bin 647&#8217;ye, pilot say\u0131s\u0131n\u0131n ise y\u00fczde 6,6 artarak 1 milyon 536 bin 993&#8217;e ula\u015ft\u0131\u011f\u0131n\u0131 a\u00e7\u0131klad\u0131.ANKARA (\u0130GFA) &#8211; Ula\u015ft\u0131rma ve Altyap\u0131 Bakan\u0131 Abdulkadir Uralo\u011flu, T\u00fcrkiye\u0092deki \u0130nsans\u0131z Hava Ara\u00e7lar\u0131 (\u0130HA) ve \u0130HA pilot lisans\u0131 bulunan ki\u015fi say\u0131lar\u0131na ili\u015fkin a\u00e7\u0131klamalarda bulundu. Sivil Havac\u0131l\u0131k Genel M\u00fcd\u00fcrl\u00fc\u011f\u00fc (SHGM) taraf\u0131ndan son y\u0131llarda sivil havac\u0131l\u0131k alan\u0131nda yap\u0131lan e\u011fitimler ve \u00e7al\u0131\u015fmalar sayesinde \u0130HA say\u0131s\u0131 ve \u0130HA pilot lisans\u0131 bulunan ki\u015filerin say\u0131s\u0131nda ya\u015fanan art\u0131\u015fa dikkat \u00e7eken Bakan Uralo\u011flu, &#8220;\u00932024 Eyl\u00fcl ay\u0131 sonu itibariyle \u0130HA say\u0131s\u0131 2023\u0092\u00fcn ayn\u0131 d\u00f6nemine g\u00f6re y\u00fczde 12,5\u0092lik art\u0131\u015fla 68 bin 647\u0092ye ula\u015ft\u0131. \u0130HA pilotu say\u0131s\u0131 ise ge\u00e7en y\u0131l\u0131n ayn\u0131 d\u00f6nemine g\u00f6re y\u00fczde 6,6 artarak 1 milyon 536 bin 993\u0092e ula\u015ft\u0131&#8221; dedi. 5 B\u0130N \u0130LE 8 B\u0130N ARASI YEN\u0130 \u0130HA KAYIT OLUYOR Sivil Havac\u0131l\u0131k Genel M\u00fcd\u00fcrl\u00fc\u011f\u00fc\u0092n\u00fcn \u0093\u0130HA Sistemleri Talimat\u0131\u0094 kapsam\u0131nda \u0130HA\u0092lara \u00f6zel kay\u0131t sistemi olu\u015fturdu\u011funu an\u0131msatan Bakan Uralo\u011flu, bu sayede s\u00f6z konusu ara\u00e7lar\u0131n izin, u\u00e7u\u015f ve kay\u0131tlar\u0131nda b\u00fcy\u00fck kolayl\u0131k sa\u011fland\u0131\u011f\u0131n\u0131 s\u00f6yledi. \u0130HA kay\u0131t sistemine her sene yakla\u015f\u0131k 5 bin ile 8 bin aras\u0131 yeni \u0130HA\u0092n\u0131n kay\u0131t oldu\u011funun alt\u0131n\u0131 \u00e7izen Bakan Uralo\u011flu, \u0130HA\u0092lar\u0131n zirai ila\u00e7lama, foto\u011fraf\u00e7\u0131l\u0131k, sinema, haritalama, trafik, g\u00fcvenlik, kargolama ve &hellip;<\/p>","protected":false},"author":0,"featured_media":0,"comment_status":"open","ping_status":"open","sticky":false,"template":"","format":"standard","meta":{"_acf_changed":false,"footnotes":""},"categories":[24,535],"tags":[],"class_list":["post-6028","post","type-post","status-publish","format-standard","has-post-thumbnail","hentry","category-gundem","category-uncategorized-tr"],"acf":[],"yoast_head":"<!-- This site is optimized with the Yoast SEO Premium plugin v26.6 (Yoast SEO v27.1.1) - https:\/\/yoast.com\/product\/yoast-seo-premium-wordpress\/ -->\n<title>G\u00f6ky\u00fcz\u00fcn\u00fcn teknolojik ku\u015flar\u0131... \u0130HA kay\u0131tlar\u0131 y\u00fczde 12,5 artt\u0131 - Av. Deniz Can K\u0131z\u0131l<\/title>\n<meta name=\"robots\" content=\"index, follow, max-snippet:-1, max-image-preview:large, max-video-preview:-1\" \/>\n<link rel=\"canonical\" href=\"https:\/\/denizcankizil.tr\/de\/haberler\/gundem\/gokyuzunun-teknolojik-kuslari-iha-kayitlari-yuzde-125-artti\/\" \/>\n<meta property=\"og:locale\" content=\"de_DE\" \/>\n<meta property=\"og:type\" content=\"article\" \/>\n<meta property=\"og:title\" content=\"G\u00f6ky\u00fcz\u00fcn\u00fcn teknolojik ku\u015flar\u0131... \u0130HA kay\u0131tlar\u0131 y\u00fczde 12,5 artt\u0131\" \/>\n<meta property=\"og:description\" content=\"Ula\u015ft\u0131rma ve Altyap\u0131 Bakan\u0131 Abdulkadir Uralo\u011flu, 2024 y\u0131l\u0131 Eyl\u00fcl ay\u0131 itibariyle T\u00fcrkiye&#8217;deki \u0130nsans\u0131z Hava Arac\u0131 say\u0131s\u0131n\u0131n ge\u00e7en y\u0131l\u0131n ayn\u0131 d\u00f6nemine g\u00f6re y\u00fczde 12,5 artarak 68 bin 647&#8217;ye, pilot say\u0131s\u0131n\u0131n ise y\u00fczde 6,6 artarak 1 milyon 536 bin 993&#8217;e ula\u015ft\u0131\u011f\u0131n\u0131 a\u00e7\u0131klad\u0131.ANKARA (\u0130GFA) &#8211; Ula\u015ft\u0131rma ve Altyap\u0131 Bakan\u0131 Abdulkadir Uralo\u011flu, T\u00fcrkiye\u0092deki \u0130nsans\u0131z Hava Ara\u00e7lar\u0131 (\u0130HA) ve \u0130HA pilot lisans\u0131 bulunan ki\u015fi say\u0131lar\u0131na ili\u015fkin a\u00e7\u0131klamalarda bulundu. Sivil Havac\u0131l\u0131k Genel M\u00fcd\u00fcrl\u00fc\u011f\u00fc (SHGM) taraf\u0131ndan son y\u0131llarda sivil havac\u0131l\u0131k alan\u0131nda yap\u0131lan e\u011fitimler ve \u00e7al\u0131\u015fmalar sayesinde \u0130HA say\u0131s\u0131 ve \u0130HA pilot lisans\u0131 bulunan ki\u015filerin say\u0131s\u0131nda ya\u015fanan art\u0131\u015fa dikkat \u00e7eken Bakan Uralo\u011flu, &#8220;\u00932024 Eyl\u00fcl ay\u0131 sonu itibariyle \u0130HA say\u0131s\u0131 2023\u0092\u00fcn ayn\u0131 d\u00f6nemine g\u00f6re y\u00fczde 12,5\u0092lik art\u0131\u015fla 68 bin 647\u0092ye ula\u015ft\u0131. \u0130HA pilotu say\u0131s\u0131 ise ge\u00e7en y\u0131l\u0131n ayn\u0131 d\u00f6nemine g\u00f6re y\u00fczde 6,6 artarak 1 milyon 536 bin 993\u0092e ula\u015ft\u0131&#8221; dedi. 5 B\u0130N \u0130LE 8 B\u0130N ARASI YEN\u0130 \u0130HA KAYIT OLUYOR Sivil Havac\u0131l\u0131k Genel M\u00fcd\u00fcrl\u00fc\u011f\u00fc\u0092n\u00fcn \u0093\u0130HA Sistemleri Talimat\u0131\u0094 kapsam\u0131nda \u0130HA\u0092lara \u00f6zel kay\u0131t sistemi olu\u015fturdu\u011funu an\u0131msatan Bakan Uralo\u011flu, bu sayede s\u00f6z konusu ara\u00e7lar\u0131n izin, u\u00e7u\u015f ve kay\u0131tlar\u0131nda b\u00fcy\u00fck kolayl\u0131k sa\u011fland\u0131\u011f\u0131n\u0131 s\u00f6yledi. \u0130HA kay\u0131t sistemine her sene yakla\u015f\u0131k 5 bin ile 8 bin aras\u0131 yeni \u0130HA\u0092n\u0131n kay\u0131t oldu\u011funun alt\u0131n\u0131 \u00e7izen Bakan Uralo\u011flu, \u0130HA\u0092lar\u0131n zirai ila\u00e7lama, foto\u011fraf\u00e7\u0131l\u0131k, sinema, haritalama, trafik, g\u00fcvenlik, kargolama ve &hellip;\" \/>\n<meta property=\"og:url\" content=\"https:\/\/denizcankizil.tr\/de\/haberler\/gundem\/gokyuzunun-teknolojik-kuslari-iha-kayitlari-yuzde-125-artti\/\" \/>\n<meta property=\"og:site_name\" content=\"Av. Deniz Can K\u0131z\u0131l\" \/>\n<meta property=\"article:published_time\" content=\"2024-10-21T06:43:51+00:00\" \/>\n<meta name=\"twitter:card\" content=\"summary_large_image\" \/>\n<meta name=\"twitter:label1\" content=\"Gesch\u00e4tzte Lesezeit\" \/>\n\t<meta name=\"twitter:data1\" content=\"2\u00a0Minuten\" \/>\n<script type=\"application\/ld+json\" class=\"yoast-schema-graph\">{\"@context\":\"https:\/\/schema.org\",\"@graph\":[{\"@type\":\"Article\",\"@id\":\"https:\/\/denizcankizil.tr\/ru\/haberler\/gundem\/gokyuzunun-teknolojik-kuslari-iha-kayitlari-yuzde-125-artti\/#article\",\"isPartOf\":{\"@id\":\"https:\/\/denizcankizil.tr\/ru\/haberler\/gundem\/gokyuzunun-teknolojik-kuslari-iha-kayitlari-yuzde-125-artti\/\"},\"author\":{\"name\":\"\",\"@id\":\"\"},\"headline\":\"G\u00f6ky\u00fcz\u00fcn\u00fcn teknolojik ku\u015flar\u0131&#8230; \u0130HA kay\u0131tlar\u0131 y\u00fczde 12,5 artt\u0131\",\"datePublished\":\"2024-10-21T06:43:51+00:00\",\"mainEntityOfPage\":{\"@id\":\"https:\/\/denizcankizil.tr\/ru\/haberler\/gundem\/gokyuzunun-teknolojik-kuslari-iha-kayitlari-yuzde-125-artti\/\"},\"wordCount\":484,\"commentCount\":0,\"publisher\":{\"@id\":\"https:\/\/denizcankizil.tr\/#organization\"},\"articleSection\":[\"G\u00fcndem\",\"Uncategorized\"],\"inLanguage\":\"de\",\"potentialAction\":[{\"@type\":\"CommentAction\",\"name\":\"Comment\",\"target\":[\"https:\/\/denizcankizil.tr\/ru\/haberler\/gundem\/gokyuzunun-teknolojik-kuslari-iha-kayitlari-yuzde-125-artti\/#respond\"]}]},{\"@type\":\"WebPage\",\"@id\":\"https:\/\/denizcankizil.tr\/ru\/haberler\/gundem\/gokyuzunun-teknolojik-kuslari-iha-kayitlari-yuzde-125-artti\/\",\"url\":\"https:\/\/denizcankizil.tr\/ru\/haberler\/gundem\/gokyuzunun-teknolojik-kuslari-iha-kayitlari-yuzde-125-artti\/\",\"name\":\"G\u00f6ky\u00fcz\u00fcn\u00fcn teknolojik ku\u015flar\u0131... \u0130HA kay\u0131tlar\u0131 y\u00fczde 12,5 artt\u0131 - Av. Deniz Can K\u0131z\u0131l\",\"isPartOf\":{\"@id\":\"https:\/\/denizcankizil.tr\/#website\"},\"datePublished\":\"2024-10-21T06:43:51+00:00\",\"breadcrumb\":{\"@id\":\"https:\/\/denizcankizil.tr\/ru\/haberler\/gundem\/gokyuzunun-teknolojik-kuslari-iha-kayitlari-yuzde-125-artti\/#breadcrumb\"},\"inLanguage\":\"de\",\"potentialAction\":[{\"@type\":\"ReadAction\",\"target\":[\"https:\/\/denizcankizil.tr\/ru\/haberler\/gundem\/gokyuzunun-teknolojik-kuslari-iha-kayitlari-yuzde-125-artti\/\"]}]},{\"@type\":\"BreadcrumbList\",\"@id\":\"https:\/\/denizcankizil.tr\/ru\/haberler\/gundem\/gokyuzunun-teknolojik-kuslari-iha-kayitlari-yuzde-125-artti\/#breadcrumb\",\"itemListElement\":[{\"@type\":\"ListItem\",\"position\":1,\"name\":\"Home\",\"item\":\"https:\/\/denizcankizil.tr\/de\/\"},{\"@type\":\"ListItem\",\"position\":2,\"name\":\"G\u00f6ky\u00fcz\u00fcn\u00fcn teknolojik ku\u015flar\u0131&#8230; \u0130HA kay\u0131tlar\u0131 y\u00fczde 12,5 artt\u0131\"}]},{\"@type\":\"WebSite\",\"@id\":\"https:\/\/denizcankizil.tr\/#website\",\"url\":\"https:\/\/denizcankizil.tr\/\",\"name\":\"Av. Deniz Can K\u0131z\u0131l\",\"description\":\"Avukat Deniz Can K\u0131z\u0131l Antalya Barosu\",\"publisher\":{\"@id\":\"https:\/\/denizcankizil.tr\/#organization\"},\"potentialAction\":[{\"@type\":\"SearchAction\",\"target\":{\"@type\":\"EntryPoint\",\"urlTemplate\":\"https:\/\/denizcankizil.tr\/?s={search_term_string}\"},\"query-input\":{\"@type\":\"PropertyValueSpecification\",\"valueRequired\":true,\"valueName\":\"search_term_string\"}}],\"inLanguage\":\"de\"},{\"@type\":\"Organization\",\"@id\":\"https:\/\/denizcankizil.tr\/#organization\",\"name\":\"Av. Deniz Can K\u0131z\u0131l\",\"url\":\"https:\/\/denizcankizil.tr\/\",\"logo\":{\"@type\":\"ImageObject\",\"inLanguage\":\"de\",\"@id\":\"https:\/\/denizcankizil.tr\/#\/schema\/logo\/image\/\",\"url\":\"https:\/\/denizcankizil.tr\/wp-content\/uploads\/2024\/10\/siyah-logo-svg.svg\",\"contentUrl\":\"https:\/\/denizcankizil.tr\/wp-content\/uploads\/2024\/10\/siyah-logo-svg.svg\",\"width\":1080,\"height\":1080,\"caption\":\"Av. Deniz Can K\u0131z\u0131l\"},\"image\":{\"@id\":\"https:\/\/denizcankizil.tr\/#\/schema\/logo\/image\/\"}}]}<\/script>\n<!-- \/ Yoast SEO Premium plugin. -->","yoast_head_json":{"title":"G\u00f6ky\u00fcz\u00fcn\u00fcn teknolojik ku\u015flar\u0131... \u0130HA kay\u0131tlar\u0131 y\u00fczde 12,5 artt\u0131 - Av. Deniz Can K\u0131z\u0131l","robots":{"index":"index","follow":"follow","max-snippet":"max-snippet:-1","max-image-preview":"max-image-preview:large","max-video-preview":"max-video-preview:-1"},"canonical":"https:\/\/denizcankizil.tr\/de\/haberler\/gundem\/gokyuzunun-teknolojik-kuslari-iha-kayitlari-yuzde-125-artti\/","og_locale":"de_DE","og_type":"article","og_title":"G\u00f6ky\u00fcz\u00fcn\u00fcn teknolojik ku\u015flar\u0131... \u0130HA kay\u0131tlar\u0131 y\u00fczde 12,5 artt\u0131","og_description":"Ula\u015ft\u0131rma ve Altyap\u0131 Bakan\u0131 Abdulkadir Uralo\u011flu, 2024 y\u0131l\u0131 Eyl\u00fcl ay\u0131 itibariyle T\u00fcrkiye&#8217;deki \u0130nsans\u0131z Hava Arac\u0131 say\u0131s\u0131n\u0131n ge\u00e7en y\u0131l\u0131n ayn\u0131 d\u00f6nemine g\u00f6re y\u00fczde 12,5 artarak 68 bin 647&#8217;ye, pilot say\u0131s\u0131n\u0131n ise y\u00fczde 6,6 artarak 1 milyon 536 bin 993&#8217;e ula\u015ft\u0131\u011f\u0131n\u0131 a\u00e7\u0131klad\u0131.ANKARA (\u0130GFA) &#8211; Ula\u015ft\u0131rma ve Altyap\u0131 Bakan\u0131 Abdulkadir Uralo\u011flu, T\u00fcrkiye\u0092deki \u0130nsans\u0131z Hava Ara\u00e7lar\u0131 (\u0130HA) ve \u0130HA pilot lisans\u0131 bulunan ki\u015fi say\u0131lar\u0131na ili\u015fkin a\u00e7\u0131klamalarda bulundu. Sivil Havac\u0131l\u0131k Genel M\u00fcd\u00fcrl\u00fc\u011f\u00fc (SHGM) taraf\u0131ndan son y\u0131llarda sivil havac\u0131l\u0131k alan\u0131nda yap\u0131lan e\u011fitimler ve \u00e7al\u0131\u015fmalar sayesinde \u0130HA say\u0131s\u0131 ve \u0130HA pilot lisans\u0131 bulunan ki\u015filerin say\u0131s\u0131nda ya\u015fanan art\u0131\u015fa dikkat \u00e7eken Bakan Uralo\u011flu, &#8220;\u00932024 Eyl\u00fcl ay\u0131 sonu itibariyle \u0130HA say\u0131s\u0131 2023\u0092\u00fcn ayn\u0131 d\u00f6nemine g\u00f6re y\u00fczde 12,5\u0092lik art\u0131\u015fla 68 bin 647\u0092ye ula\u015ft\u0131. \u0130HA pilotu say\u0131s\u0131 ise ge\u00e7en y\u0131l\u0131n ayn\u0131 d\u00f6nemine g\u00f6re y\u00fczde 6,6 artarak 1 milyon 536 bin 993\u0092e ula\u015ft\u0131&#8221; dedi. 5 B\u0130N \u0130LE 8 B\u0130N ARASI YEN\u0130 \u0130HA KAYIT OLUYOR Sivil Havac\u0131l\u0131k Genel M\u00fcd\u00fcrl\u00fc\u011f\u00fc\u0092n\u00fcn \u0093\u0130HA Sistemleri Talimat\u0131\u0094 kapsam\u0131nda \u0130HA\u0092lara \u00f6zel kay\u0131t sistemi olu\u015fturdu\u011funu an\u0131msatan Bakan Uralo\u011flu, bu sayede s\u00f6z konusu ara\u00e7lar\u0131n izin, u\u00e7u\u015f ve kay\u0131tlar\u0131nda b\u00fcy\u00fck kolayl\u0131k sa\u011fland\u0131\u011f\u0131n\u0131 s\u00f6yledi. \u0130HA kay\u0131t sistemine her sene yakla\u015f\u0131k 5 bin ile 8 bin aras\u0131 yeni \u0130HA\u0092n\u0131n kay\u0131t oldu\u011funun alt\u0131n\u0131 \u00e7izen Bakan Uralo\u011flu, \u0130HA\u0092lar\u0131n zirai ila\u00e7lama, foto\u011fraf\u00e7\u0131l\u0131k, sinema, haritalama, trafik, g\u00fcvenlik, kargolama ve &hellip;","og_url":"https:\/\/denizcankizil.tr\/de\/haberler\/gundem\/gokyuzunun-teknolojik-kuslari-iha-kayitlari-yuzde-125-artti\/","og_site_name":"Av. Deniz Can K\u0131z\u0131l","article_published_time":"2024-10-21T06:43:51+00:00","twitter_card":"summary_large_image","twitter_misc":{"Gesch\u00e4tzte Lesezeit":"2\u00a0Minuten"},"schema":{"@context":"https:\/\/schema.org","@graph":[{"@type":"Article","@id":"https:\/\/denizcankizil.tr\/ru\/haberler\/gundem\/gokyuzunun-teknolojik-kuslari-iha-kayitlari-yuzde-125-artti\/#article","isPartOf":{"@id":"https:\/\/denizcankizil.tr\/ru\/haberler\/gundem\/gokyuzunun-teknolojik-kuslari-iha-kayitlari-yuzde-125-artti\/"},"author":{"name":"","@id":""},"headline":"G\u00f6ky\u00fcz\u00fcn\u00fcn teknolojik ku\u015flar\u0131&#8230; \u0130HA kay\u0131tlar\u0131 y\u00fczde 12,5 artt\u0131","datePublished":"2024-10-21T06:43:51+00:00","mainEntityOfPage":{"@id":"https:\/\/denizcankizil.tr\/ru\/haberler\/gundem\/gokyuzunun-teknolojik-kuslari-iha-kayitlari-yuzde-125-artti\/"},"wordCount":484,"commentCount":0,"publisher":{"@id":"https:\/\/denizcankizil.tr\/#organization"},"articleSection":["G\u00fcndem","Uncategorized"],"inLanguage":"de","potentialAction":[{"@type":"CommentAction","name":"Comment","target":["https:\/\/denizcankizil.tr\/ru\/haberler\/gundem\/gokyuzunun-teknolojik-kuslari-iha-kayitlari-yuzde-125-artti\/#respond"]}]},{"@type":"WebPage","@id":"https:\/\/denizcankizil.tr\/ru\/haberler\/gundem\/gokyuzunun-teknolojik-kuslari-iha-kayitlari-yuzde-125-artti\/","url":"https:\/\/denizcankizil.tr\/ru\/haberler\/gundem\/gokyuzunun-teknolojik-kuslari-iha-kayitlari-yuzde-125-artti\/","name":"G\u00f6ky\u00fcz\u00fcn\u00fcn teknolojik ku\u015flar\u0131... \u0130HA kay\u0131tlar\u0131 y\u00fczde 12,5 artt\u0131 - Av. Deniz Can K\u0131z\u0131l","isPartOf":{"@id":"https:\/\/denizcankizil.tr\/#website"},"datePublished":"2024-10-21T06:43:51+00:00","breadcrumb":{"@id":"https:\/\/denizcankizil.tr\/ru\/haberler\/gundem\/gokyuzunun-teknolojik-kuslari-iha-kayitlari-yuzde-125-artti\/#breadcrumb"},"inLanguage":"de","potentialAction":[{"@type":"ReadAction","target":["https:\/\/denizcankizil.tr\/ru\/haberler\/gundem\/gokyuzunun-teknolojik-kuslari-iha-kayitlari-yuzde-125-artti\/"]}]},{"@type":"BreadcrumbList","@id":"https:\/\/denizcankizil.tr\/ru\/haberler\/gundem\/gokyuzunun-teknolojik-kuslari-iha-kayitlari-yuzde-125-artti\/#breadcrumb","itemListElement":[{"@type":"ListItem","position":1,"name":"Home","item":"https:\/\/denizcankizil.tr\/de\/"},{"@type":"ListItem","position":2,"name":"G\u00f6ky\u00fcz\u00fcn\u00fcn teknolojik ku\u015flar\u0131&#8230; \u0130HA kay\u0131tlar\u0131 y\u00fczde 12,5 artt\u0131"}]},{"@type":"WebSite","@id":"https:\/\/denizcankizil.tr\/#website","url":"https:\/\/denizcankizil.tr\/","name":"Av. Deniz Can K\u0131z\u0131l","description":"Avukat Deniz Can K\u0131z\u0131l Antalya Barosu","publisher":{"@id":"https:\/\/denizcankizil.tr\/#organization"},"potentialAction":[{"@type":"SearchAction","target":{"@type":"EntryPoint","urlTemplate":"https:\/\/denizcankizil.tr\/?s={search_term_string}"},"query-input":{"@type":"PropertyValueSpecification","valueRequired":true,"valueName":"search_term_string"}}],"inLanguage":"de"},{"@type":"Organization","@id":"https:\/\/denizcankizil.tr\/#organization","name":"Av. Deniz Can K\u0131z\u0131l","url":"https:\/\/denizcankizil.tr\/","logo":{"@type":"ImageObject","inLanguage":"de","@id":"https:\/\/denizcankizil.tr\/#\/schema\/logo\/image\/","url":"https:\/\/denizcankizil.tr\/wp-content\/uploads\/2024\/10\/siyah-logo-svg.svg","contentUrl":"https:\/\/denizcankizil.tr\/wp-content\/uploads\/2024\/10\/siyah-logo-svg.svg","width":1080,"height":1080,"caption":"Av. Deniz Can K\u0131z\u0131l"},"image":{"@id":"https:\/\/denizcankizil.tr\/#\/schema\/logo\/image\/"}}]}},"_links":{"self":[{"href":"https:\/\/denizcankizil.tr\/de\/wp-json\/wp\/v2\/posts\/6028","targetHints":{"allow":["GET"]}}],"collection":[{"href":"https:\/\/denizcankizil.tr\/de\/wp-json\/wp\/v2\/posts"}],"about":[{"href":"https:\/\/denizcankizil.tr\/de\/wp-json\/wp\/v2\/types\/post"}],"replies":[{"embeddable":true,"href":"https:\/\/denizcankizil.tr\/de\/wp-json\/wp\/v2\/comments?post=6028"}],"version-history":[{"count":0,"href":"https:\/\/denizcankizil.tr\/de\/wp-json\/wp\/v2\/posts\/6028\/revisions"}],"wp:attachment":[{"href":"https:\/\/denizcankizil.tr\/de\/wp-json\/wp\/v2\/media?parent=6028"}],"wp:term":[{"taxonomy":"category","embeddable":true,"href":"https:\/\/denizcankizil.tr\/de\/wp-json\/wp\/v2\/categories?post=6028"},{"taxonomy":"post_tag","embeddable":true,"href":"https:\/\/denizcankizil.tr\/de\/wp-json\/wp\/v2\/tags?post=6028"}],"curies":[{"name":"wp","href":"https:\/\/api.w.org\/{rel}","templated":true}]}}