{"id":59397,"date":"2025-04-18T16:41:35","date_gmt":"2025-04-18T13:41:35","guid":{"rendered":"https:\/\/denizcankizil.tr\/uncategorized-tr\/lise-ogrencileri-baskilara-ragmen-ogretmenlerine-sahip-cikti\/"},"modified":"2025-04-18T16:41:35","modified_gmt":"2025-04-18T13:41:35","slug":"lise-ogrencileri-baskilara-ragmen-ogretmenlerine-sahip-cikti","status":"publish","type":"post","link":"https:\/\/denizcankizil.tr\/de\/haberler\/gundem\/lise-ogrencileri-baskilara-ragmen-ogretmenlerine-sahip-cikti\/","title":{"rendered":"Lise \u00f6\u011frencileri bask\u0131lara ra\u011fmen \u00f6\u011fretmenlerine sahip \u00e7\u0131kt\u0131!"},"content":{"rendered":"<p>Milli E\u011fitim Bakanl\u0131\u011f\u0131\u2019n\u0131n proje okullarda \u00f6\u011fretmen ve y\u00f6netici kadrolar\u0131n\u0131 belirleyece\u011fini duyurmas\u0131n\u0131n ard\u0131ndan T\u00fcrkiye genelindeki liselerde tepkiler y\u00fckseliyor. Antalya\u2019daki Adem Tolunay Lisesi \u00f6\u011frencileri de okullar\u0131ndaki 6 \u00f6\u011fretmenin ba\u015fka illere atanmas\u0131na kar\u015f\u0131 \u00e7\u0131kt\u0131. Okul \u00f6n\u00fcnde eylem yapmaya haz\u0131rlanan lisesi \u00f6\u011frencilerine, okul y\u00f6netimi alan\u0131 \u0131slatarak engel olmaya \u00e7al\u0131\u015ft\u0131. \u00d6\u011frenciler t\u00fcm bask\u0131lara ra\u011fmen okul i\u00e7inde eylemlerini s\u00fcrd\u00fcrd\u00fc.<\/p>\n<p>\u00d6\u011eRENC\u0130LER\u0130 ENGELLEMEYE \u00c7ALI\u015eTILAR ANCAK FAYDA ETMED\u0130 <\/p>\n<p>E\u011fitim-\u0130\u015f Antalya \u015eubesi\u2019nin Adem Tolunay Anadolu Lisesi \u00f6n\u00fcnde yapt\u0131\u011f\u0131 bas\u0131n a\u00e7\u0131klamas\u0131na d\u00fcn destek veren \u00f6\u011frenciler, bug\u00fcn de protestolar\u0131n\u0131 s\u00fcrd\u00fcrmek istedi. Ancak okul y\u00f6netimi, eylemi engellemek i\u00e7in oturma eyleminin yap\u0131ld\u0131\u011f\u0131 alan\u0131 \u0131slatt\u0131, velilere uyar\u0131 mesaj\u0131 g\u00f6nderdi ve \u00f6\u011frencilerin \u00f6\u011fle aras\u0131nda \u00e7\u0131kmas\u0131na izin vermedi. T\u00fcm engellemelere ra\u011fmen \u00f6\u011frenciler, mezunlar ve \u00e7e\u015fitli kurumlardan ald\u0131klar\u0131 destekle okul i\u00e7inde protestolar\u0131na devam etti. Eylem s\u0131ras\u0131nda \u00f6\u011frencilerin g\u00fcvenli\u011fi i\u00e7in polis ekiplerinin okul \u00e7evresinde bekledi\u011fi g\u00f6r\u00fcl\u00fcrken, \u00f6\u011frenciler ya\u015fad\u0131klar\u0131 bask\u0131ya ra\u011fmen kararl\u0131 olduklar\u0131n\u0131 belirtti.<\/p>\n<p>\u201cYILLARDIR G\u00d6REV ALAN \u00d6\u011eRETMENLER\u0130M\u0130Z \u2018NORM FAZLASI\u2019 \u0130LAN ED\u0130LD\u0130\u201d<\/p>\n<p>Adem Tolunay Lisesi \u00f6\u011frencileri ad\u0131na protesto s\u0131ras\u0131nda bas\u0131n a\u00e7\u0131klamas\u0131 yapan okulun 18.d\u00f6nem mezunu Deniz Altay Avc\u0131, T\u00fcrkiye genelindeki k\u00f6kl\u00fc liselere y\u0131llar \u00f6nce \u2018proje okulu\u2019 kapsam\u0131nda y\u0131llard\u0131r g\u00f6rev ya\u011fan \u00f6\u011fretmenlerin \u2018norm fazlas\u0131\u2019 ilan edilerek \u00f6\u011frencilerinden kopar\u0131ld\u0131\u011f\u0131n\u0131 s\u00f6yledi. Avc\u0131, \u201c\u00dclkemizin onlarca farkl\u0131 ilindeki y\u00fczlerce k\u00f6kl\u00fc liseye bundan seneler \u00f6nce \u201cproje okul\u201d ad\u0131 alt\u0131nda ba\u015flayan sistematik operasyon, ge\u00e7ti\u011fimiz iki hafta itibariyle okullar\u0131m\u0131z\u0131n kurumsal haf\u0131zalar\u0131n\u0131n vazge\u00e7ilmez birer par\u00e7as\u0131 olan k\u0131demli \u00f6\u011fretmenlerimizin senelerdir hizmet ettikleri okullar\u0131ndan \u201cnorm fazlas\u0131\u201d gibi anla\u015f\u0131lmas\u0131 g\u00fc\u00e7 gerek\u00e7elerle kopart\u0131lmas\u0131 ile \u00f6nceden g\u00f6r\u00fclmemi\u015f bir seviyeye ula\u015fm\u0131\u015ft\u0131r\u201d dedi.<\/p>\n<p>\u00d6\u011eRENC\u0130LERE VE HALK \u0130RASINE UZUNAN TEKL\u0130KEL\u0130 OTOR\u0130TERLE\u015eME <\/p>\n<p>\u201cT\u00fcrkiye genelinde y\u00fckselen \u00f6\u011frenci direni\u015finin bir par\u00e7as\u0131 olarak, biz de bug\u00fcn burada s\u00f6z almak ve sesimizi duyurmak i\u00e7in topland\u0131k\u201d diyen Avc\u0131, liselerden \u00fcniversiteye, \u00fcniversiteden de halk iradesine kadar uzanan otoriterle\u015fme sisteminin 100 senelik laik ve demokrat T\u00fcrkiye Cumhuriyeti ile asla \u00f6rt\u00fc\u015fmedi\u011fini ifade ederek s\u00f6zlerini \u015f\u00f6yle s\u00fcrd\u00fcrd\u00fc:<\/p>\n<p>\u201c\u00dclke \u00e7ap\u0131nda onlarca lisede bu ablukay\u0131 kabul etmeyen, hi\u00e7 kimseye biat etmeyen t\u00fcm liseliler, g\u00fcc\u00fcn\u00fc ulu \u00f6nder Mustafa Kemal Atat\u00fcrk\u2019\u00fcn bizlere hitab\u0131nda g\u00f6sterdi\u011fi \u00fczere damarlar\u0131nda akan asil kandan alan T\u00fcrk Gen\u00e7li\u011fi, her t\u00fcrl\u00fc bask\u0131ya ve y\u0131ld\u0131rma arac\u0131na ra\u011fmen \u00f6\u011fretmenlerini ve okullar\u0131n\u0131 savunmak i\u00e7in aya\u011fa kalkm\u0131\u015ft\u0131r. \u0130\u015fte bizler de Antalya Adem Tolunay Anadolu Lisesi \u00f6\u011frencileri, mezunlar\u0131 ve velileri olarak bug\u00fcn burada tam bu sebeple ayaktay\u0131z. Okulumuzun vazge\u00e7ilmez de\u011ferleri olan \u00f6\u011fretmenlerimizin keyfi bi\u00e7imde okulumuzdan kopar\u0131lmalar\u0131n\u0131 asla kabul etmiyor, bu karar\u0131 alanlar\u0131 demokratik hakk\u0131m\u0131z\u0131 kullanarak bar\u0131\u015f\u00e7\u0131l \u015fekilde protesto ediyoruz. Lise \u00f6\u011fretmenleri ve liseliler \u00fczerinde kurulan bask\u0131 ortam\u0131, \u00fclkemizde son d\u00f6nemde her alanda artt\u0131\u011f\u0131n\u0131 g\u00f6rd\u00fc\u011f\u00fcm\u00fcz otoriterle\u015fmeden, keyfi ve hukuksuz uygulamalardan ayr\u0131 d\u00fc\u015f\u00fcn\u00fclemez. Liselerden \u00fcniversitelere, \u00fcniversitelerden halk iradesine uzanan bu tehlikeli otoriterle\u015fme dalgas\u0131, 150 senelik demokrasi gelene\u011fimizle ve 100 senelik laik, demokratik, sosyal bir hukuk devleti olan T\u00fcrkiye Cumhuriyeti ile asla \u00f6rt\u00fc\u015fmemektedir\u201d<\/p>\n<p>\u200bAdem Tolunay Lisesi\u2019nin proje okulu kapsam\u0131na al\u0131nmas\u0131n\u0131n ard\u0131ndan 6 \u00f6\u011fretmenin ba\u015fka illere atanmas\u0131 \u00f6\u011frencileri harekete ge\u00e7irdi. \u00d6\u011frenciler, \u00f6\u011fretmenlerine sahip \u00e7\u0131kmak i\u00e7in okul kap\u0131s\u0131nda protesto g\u00f6sterisi yapt\u0131\u00a0<\/p>\n<p>\u200bHaberin Al\u0131nt\u0131land\u0131\u011f\u0131 Kaynak: www.antalyakorfez.com<\/p>","protected":false},"excerpt":{"rendered":"<p>Milli E\u011fitim Bakanl\u0131\u011f\u0131\u2019n\u0131n proje okullarda \u00f6\u011fretmen ve y\u00f6netici kadrolar\u0131n\u0131 belirleyece\u011fini duyurmas\u0131n\u0131n ard\u0131ndan T\u00fcrkiye genelindeki liselerde tepkiler y\u00fckseliyor. Antalya\u2019daki Adem Tolunay Lisesi \u00f6\u011frencileri de okullar\u0131ndaki 6 \u00f6\u011fretmenin ba\u015fka illere atanmas\u0131na kar\u015f\u0131 \u00e7\u0131kt\u0131. Okul \u00f6n\u00fcnde eylem yapmaya haz\u0131rlanan lisesi \u00f6\u011frencilerine, okul y\u00f6netimi alan\u0131 \u0131slatarak engel olmaya \u00e7al\u0131\u015ft\u0131. \u00d6\u011frenciler t\u00fcm bask\u0131lara ra\u011fmen okul i\u00e7inde eylemlerini s\u00fcrd\u00fcrd\u00fc. \u00d6\u011eRENC\u0130LER\u0130 ENGELLEMEYE \u00c7ALI\u015eTILAR ANCAK FAYDA ETMED\u0130 E\u011fitim-\u0130\u015f Antalya \u015eubesi\u2019nin Adem Tolunay Anadolu Lisesi \u00f6n\u00fcnde yapt\u0131\u011f\u0131 bas\u0131n a\u00e7\u0131klamas\u0131na d\u00fcn destek veren \u00f6\u011frenciler, bug\u00fcn de protestolar\u0131n\u0131 s\u00fcrd\u00fcrmek istedi. Ancak okul y\u00f6netimi, eylemi engellemek i\u00e7in oturma eyleminin yap\u0131ld\u0131\u011f\u0131 alan\u0131 \u0131slatt\u0131, velilere uyar\u0131 mesaj\u0131 g\u00f6nderdi ve \u00f6\u011frencilerin \u00f6\u011fle aras\u0131nda \u00e7\u0131kmas\u0131na izin vermedi. T\u00fcm engellemelere ra\u011fmen \u00f6\u011frenciler, mezunlar ve \u00e7e\u015fitli kurumlardan ald\u0131klar\u0131 destekle okul i\u00e7inde protestolar\u0131na devam etti. Eylem s\u0131ras\u0131nda \u00f6\u011frencilerin g\u00fcvenli\u011fi i\u00e7in polis ekiplerinin okul \u00e7evresinde bekledi\u011fi g\u00f6r\u00fcl\u00fcrken, \u00f6\u011frenciler ya\u015fad\u0131klar\u0131 bask\u0131ya ra\u011fmen kararl\u0131 olduklar\u0131n\u0131 belirtti. \u201cYILLARDIR G\u00d6REV ALAN \u00d6\u011eRETMENLER\u0130M\u0130Z \u2018NORM FAZLASI\u2019 \u0130LAN ED\u0130LD\u0130\u201d Adem Tolunay Lisesi \u00f6\u011frencileri ad\u0131na protesto s\u0131ras\u0131nda bas\u0131n a\u00e7\u0131klamas\u0131 yapan okulun 18.d\u00f6nem mezunu Deniz Altay Avc\u0131, T\u00fcrkiye genelindeki k\u00f6kl\u00fc liselere y\u0131llar \u00f6nce \u2018proje okulu\u2019 kapsam\u0131nda y\u0131llard\u0131r g\u00f6rev ya\u011fan \u00f6\u011fretmenlerin \u2018norm fazlas\u0131\u2019 ilan edilerek \u00f6\u011frencilerinden kopar\u0131ld\u0131\u011f\u0131n\u0131 s\u00f6yledi. Avc\u0131, \u201c\u00dclkemizin onlarca farkl\u0131 ilindeki y\u00fczlerce k\u00f6kl\u00fc liseye bundan seneler \u00f6nce \u201cproje okul\u201d ad\u0131 alt\u0131nda ba\u015flayan sistematik operasyon, ge\u00e7ti\u011fimiz iki hafta itibariyle &hellip;<\/p>","protected":false},"author":5,"featured_media":0,"comment_status":"","ping_status":"open","sticky":false,"template":"","format":"standard","meta":{"_acf_changed":false,"footnotes":""},"categories":[24],"tags":[],"class_list":["post-59397","post","type-post","status-publish","format-standard","has-post-thumbnail","hentry","category-gundem"],"acf":[],"yoast_head":"<!-- This site is optimized with the Yoast SEO Premium plugin v26.6 (Yoast SEO v27.1.1) - https:\/\/yoast.com\/product\/yoast-seo-premium-wordpress\/ -->\n<title>Lise \u00f6\u011frencileri bask\u0131lara ra\u011fmen \u00f6\u011fretmenlerine sahip \u00e7\u0131kt\u0131! - Av. Deniz Can K\u0131z\u0131l<\/title>\n<meta name=\"robots\" content=\"index, follow, max-snippet:-1, max-image-preview:large, max-video-preview:-1\" \/>\n<link rel=\"canonical\" href=\"https:\/\/denizcankizil.tr\/de\/haberler\/gundem\/lise-ogrencileri-baskilara-ragmen-ogretmenlerine-sahip-cikti\/\" \/>\n<meta property=\"og:locale\" content=\"de_DE\" \/>\n<meta property=\"og:type\" content=\"article\" \/>\n<meta property=\"og:title\" content=\"Lise \u00f6\u011frencileri bask\u0131lara ra\u011fmen \u00f6\u011fretmenlerine sahip \u00e7\u0131kt\u0131!\" \/>\n<meta property=\"og:description\" content=\"Milli E\u011fitim Bakanl\u0131\u011f\u0131\u2019n\u0131n proje okullarda \u00f6\u011fretmen ve y\u00f6netici kadrolar\u0131n\u0131 belirleyece\u011fini duyurmas\u0131n\u0131n ard\u0131ndan T\u00fcrkiye genelindeki liselerde tepkiler y\u00fckseliyor. Antalya\u2019daki Adem Tolunay Lisesi \u00f6\u011frencileri de okullar\u0131ndaki 6 \u00f6\u011fretmenin ba\u015fka illere atanmas\u0131na kar\u015f\u0131 \u00e7\u0131kt\u0131. Okul \u00f6n\u00fcnde eylem yapmaya haz\u0131rlanan lisesi \u00f6\u011frencilerine, okul y\u00f6netimi alan\u0131 \u0131slatarak engel olmaya \u00e7al\u0131\u015ft\u0131. \u00d6\u011frenciler t\u00fcm bask\u0131lara ra\u011fmen okul i\u00e7inde eylemlerini s\u00fcrd\u00fcrd\u00fc. \u00d6\u011eRENC\u0130LER\u0130 ENGELLEMEYE \u00c7ALI\u015eTILAR ANCAK FAYDA ETMED\u0130 E\u011fitim-\u0130\u015f Antalya \u015eubesi\u2019nin Adem Tolunay Anadolu Lisesi \u00f6n\u00fcnde yapt\u0131\u011f\u0131 bas\u0131n a\u00e7\u0131klamas\u0131na d\u00fcn destek veren \u00f6\u011frenciler, bug\u00fcn de protestolar\u0131n\u0131 s\u00fcrd\u00fcrmek istedi. Ancak okul y\u00f6netimi, eylemi engellemek i\u00e7in oturma eyleminin yap\u0131ld\u0131\u011f\u0131 alan\u0131 \u0131slatt\u0131, velilere uyar\u0131 mesaj\u0131 g\u00f6nderdi ve \u00f6\u011frencilerin \u00f6\u011fle aras\u0131nda \u00e7\u0131kmas\u0131na izin vermedi. T\u00fcm engellemelere ra\u011fmen \u00f6\u011frenciler, mezunlar ve \u00e7e\u015fitli kurumlardan ald\u0131klar\u0131 destekle okul i\u00e7inde protestolar\u0131na devam etti. Eylem s\u0131ras\u0131nda \u00f6\u011frencilerin g\u00fcvenli\u011fi i\u00e7in polis ekiplerinin okul \u00e7evresinde bekledi\u011fi g\u00f6r\u00fcl\u00fcrken, \u00f6\u011frenciler ya\u015fad\u0131klar\u0131 bask\u0131ya ra\u011fmen kararl\u0131 olduklar\u0131n\u0131 belirtti. \u201cYILLARDIR G\u00d6REV ALAN \u00d6\u011eRETMENLER\u0130M\u0130Z \u2018NORM FAZLASI\u2019 \u0130LAN ED\u0130LD\u0130\u201d Adem Tolunay Lisesi \u00f6\u011frencileri ad\u0131na protesto s\u0131ras\u0131nda bas\u0131n a\u00e7\u0131klamas\u0131 yapan okulun 18.d\u00f6nem mezunu Deniz Altay Avc\u0131, T\u00fcrkiye genelindeki k\u00f6kl\u00fc liselere y\u0131llar \u00f6nce \u2018proje okulu\u2019 kapsam\u0131nda y\u0131llard\u0131r g\u00f6rev ya\u011fan \u00f6\u011fretmenlerin \u2018norm fazlas\u0131\u2019 ilan edilerek \u00f6\u011frencilerinden kopar\u0131ld\u0131\u011f\u0131n\u0131 s\u00f6yledi. Avc\u0131, \u201c\u00dclkemizin onlarca farkl\u0131 ilindeki y\u00fczlerce k\u00f6kl\u00fc liseye bundan seneler \u00f6nce \u201cproje okul\u201d ad\u0131 alt\u0131nda ba\u015flayan sistematik operasyon, ge\u00e7ti\u011fimiz iki hafta itibariyle &hellip;\" \/>\n<meta property=\"og:url\" content=\"https:\/\/denizcankizil.tr\/de\/haberler\/gundem\/lise-ogrencileri-baskilara-ragmen-ogretmenlerine-sahip-cikti\/\" \/>\n<meta property=\"og:site_name\" content=\"Av. Deniz Can K\u0131z\u0131l\" \/>\n<meta property=\"article:published_time\" content=\"2025-04-18T13:41:35+00:00\" \/>\n<meta name=\"author\" content=\"Antalya K\u00f6rfez\" \/>\n<meta name=\"twitter:card\" content=\"summary_large_image\" \/>\n<meta name=\"twitter:label1\" content=\"Verfasst von\" \/>\n\t<meta name=\"twitter:data1\" content=\"Antalya K\u00f6rfez\" \/>\n\t<meta name=\"twitter:label2\" content=\"Gesch\u00e4tzte Lesezeit\" \/>\n\t<meta name=\"twitter:data2\" content=\"3\u00a0Minuten\" \/>\n<script type=\"application\/ld+json\" class=\"yoast-schema-graph\">{\"@context\":\"https:\/\/schema.org\",\"@graph\":[{\"@type\":\"Article\",\"@id\":\"https:\/\/denizcankizil.tr\/de\/haberler\/gundem\/lise-ogrencileri-baskilara-ragmen-ogretmenlerine-sahip-cikti\/#article\",\"isPartOf\":{\"@id\":\"https:\/\/denizcankizil.tr\/de\/haberler\/gundem\/lise-ogrencileri-baskilara-ragmen-ogretmenlerine-sahip-cikti\/\"},\"author\":{\"name\":\"Antalya K\u00f6rfez\",\"@id\":\"https:\/\/denizcankizil.tr\/#\/schema\/person\/e1eb71bb4dd684d46563f0af307e1234\"},\"headline\":\"Lise \u00f6\u011frencileri bask\u0131lara ra\u011fmen \u00f6\u011fretmenlerine sahip \u00e7\u0131kt\u0131!\",\"datePublished\":\"2025-04-18T13:41:35+00:00\",\"mainEntityOfPage\":{\"@id\":\"https:\/\/denizcankizil.tr\/de\/haberler\/gundem\/lise-ogrencileri-baskilara-ragmen-ogretmenlerine-sahip-cikti\/\"},\"wordCount\":641,\"publisher\":{\"@id\":\"https:\/\/denizcankizil.tr\/#organization\"},\"articleSection\":[\"G\u00fcndem\"],\"inLanguage\":\"de\"},{\"@type\":\"WebPage\",\"@id\":\"https:\/\/denizcankizil.tr\/de\/haberler\/gundem\/lise-ogrencileri-baskilara-ragmen-ogretmenlerine-sahip-cikti\/\",\"url\":\"https:\/\/denizcankizil.tr\/de\/haberler\/gundem\/lise-ogrencileri-baskilara-ragmen-ogretmenlerine-sahip-cikti\/\",\"name\":\"Lise \u00f6\u011frencileri bask\u0131lara ra\u011fmen \u00f6\u011fretmenlerine sahip \u00e7\u0131kt\u0131! - Av. Deniz Can K\u0131z\u0131l\",\"isPartOf\":{\"@id\":\"https:\/\/denizcankizil.tr\/#website\"},\"datePublished\":\"2025-04-18T13:41:35+00:00\",\"breadcrumb\":{\"@id\":\"https:\/\/denizcankizil.tr\/de\/haberler\/gundem\/lise-ogrencileri-baskilara-ragmen-ogretmenlerine-sahip-cikti\/#breadcrumb\"},\"inLanguage\":\"de\",\"potentialAction\":[{\"@type\":\"ReadAction\",\"target\":[\"https:\/\/denizcankizil.tr\/de\/haberler\/gundem\/lise-ogrencileri-baskilara-ragmen-ogretmenlerine-sahip-cikti\/\"]}]},{\"@type\":\"BreadcrumbList\",\"@id\":\"https:\/\/denizcankizil.tr\/de\/haberler\/gundem\/lise-ogrencileri-baskilara-ragmen-ogretmenlerine-sahip-cikti\/#breadcrumb\",\"itemListElement\":[{\"@type\":\"ListItem\",\"position\":1,\"name\":\"Home\",\"item\":\"https:\/\/denizcankizil.tr\/uk\/\"},{\"@type\":\"ListItem\",\"position\":2,\"name\":\"Lise \u00f6\u011frencileri bask\u0131lara ra\u011fmen \u00f6\u011fretmenlerine sahip \u00e7\u0131kt\u0131!\"}]},{\"@type\":\"WebSite\",\"@id\":\"https:\/\/denizcankizil.tr\/#website\",\"url\":\"https:\/\/denizcankizil.tr\/\",\"name\":\"Av. Deniz Can K\u0131z\u0131l\",\"description\":\"Avukat Deniz Can K\u0131z\u0131l Antalya Barosu\",\"publisher\":{\"@id\":\"https:\/\/denizcankizil.tr\/#organization\"},\"potentialAction\":[{\"@type\":\"SearchAction\",\"target\":{\"@type\":\"EntryPoint\",\"urlTemplate\":\"https:\/\/denizcankizil.tr\/?s={search_term_string}\"},\"query-input\":{\"@type\":\"PropertyValueSpecification\",\"valueRequired\":true,\"valueName\":\"search_term_string\"}}],\"inLanguage\":\"de\"},{\"@type\":\"Organization\",\"@id\":\"https:\/\/denizcankizil.tr\/#organization\",\"name\":\"Av. Deniz Can K\u0131z\u0131l\",\"url\":\"https:\/\/denizcankizil.tr\/\",\"logo\":{\"@type\":\"ImageObject\",\"inLanguage\":\"de\",\"@id\":\"https:\/\/denizcankizil.tr\/#\/schema\/logo\/image\/\",\"url\":\"https:\/\/denizcankizil.tr\/wp-content\/uploads\/2024\/10\/siyah-logo-svg.svg\",\"contentUrl\":\"https:\/\/denizcankizil.tr\/wp-content\/uploads\/2024\/10\/siyah-logo-svg.svg\",\"width\":1080,\"height\":1080,\"caption\":\"Av. Deniz Can K\u0131z\u0131l\"},\"image\":{\"@id\":\"https:\/\/denizcankizil.tr\/#\/schema\/logo\/image\/\"}},{\"@type\":\"Person\",\"@id\":\"https:\/\/denizcankizil.tr\/#\/schema\/person\/e1eb71bb4dd684d46563f0af307e1234\",\"name\":\"Antalya K\u00f6rfez\",\"image\":{\"@type\":\"ImageObject\",\"inLanguage\":\"de\",\"@id\":\"https:\/\/denizcankizil.tr\/#\/schema\/person\/image\/\",\"url\":\"https:\/\/secure.gravatar.com\/avatar\/42b01982558a48a0b501fdcab6a408d3717ea5919095ee2e67b0e521799c5905?s=96&d=mm&r=g\",\"contentUrl\":\"https:\/\/secure.gravatar.com\/avatar\/42b01982558a48a0b501fdcab6a408d3717ea5919095ee2e67b0e521799c5905?s=96&d=mm&r=g\",\"caption\":\"Antalya K\u00f6rfez\"},\"sameAs\":[\"http:\/\/www.antalyakorfez.com\"],\"url\":\"https:\/\/www.antalyakorfez.com\/lise-ogrencileri-baskilara-ragmen-ogretmenlerine-sahip-cikti\"}]}<\/script>\n<!-- \/ Yoast SEO Premium plugin. -->","yoast_head_json":{"title":"Lise \u00f6\u011frencileri bask\u0131lara ra\u011fmen \u00f6\u011fretmenlerine sahip \u00e7\u0131kt\u0131! - Av. Deniz Can K\u0131z\u0131l","robots":{"index":"index","follow":"follow","max-snippet":"max-snippet:-1","max-image-preview":"max-image-preview:large","max-video-preview":"max-video-preview:-1"},"canonical":"https:\/\/denizcankizil.tr\/de\/haberler\/gundem\/lise-ogrencileri-baskilara-ragmen-ogretmenlerine-sahip-cikti\/","og_locale":"de_DE","og_type":"article","og_title":"Lise \u00f6\u011frencileri bask\u0131lara ra\u011fmen \u00f6\u011fretmenlerine sahip \u00e7\u0131kt\u0131!","og_description":"Milli E\u011fitim Bakanl\u0131\u011f\u0131\u2019n\u0131n proje okullarda \u00f6\u011fretmen ve y\u00f6netici kadrolar\u0131n\u0131 belirleyece\u011fini duyurmas\u0131n\u0131n ard\u0131ndan T\u00fcrkiye genelindeki liselerde tepkiler y\u00fckseliyor. Antalya\u2019daki Adem Tolunay Lisesi \u00f6\u011frencileri de okullar\u0131ndaki 6 \u00f6\u011fretmenin ba\u015fka illere atanmas\u0131na kar\u015f\u0131 \u00e7\u0131kt\u0131. Okul \u00f6n\u00fcnde eylem yapmaya haz\u0131rlanan lisesi \u00f6\u011frencilerine, okul y\u00f6netimi alan\u0131 \u0131slatarak engel olmaya \u00e7al\u0131\u015ft\u0131. \u00d6\u011frenciler t\u00fcm bask\u0131lara ra\u011fmen okul i\u00e7inde eylemlerini s\u00fcrd\u00fcrd\u00fc. \u00d6\u011eRENC\u0130LER\u0130 ENGELLEMEYE \u00c7ALI\u015eTILAR ANCAK FAYDA ETMED\u0130 E\u011fitim-\u0130\u015f Antalya \u015eubesi\u2019nin Adem Tolunay Anadolu Lisesi \u00f6n\u00fcnde yapt\u0131\u011f\u0131 bas\u0131n a\u00e7\u0131klamas\u0131na d\u00fcn destek veren \u00f6\u011frenciler, bug\u00fcn de protestolar\u0131n\u0131 s\u00fcrd\u00fcrmek istedi. Ancak okul y\u00f6netimi, eylemi engellemek i\u00e7in oturma eyleminin yap\u0131ld\u0131\u011f\u0131 alan\u0131 \u0131slatt\u0131, velilere uyar\u0131 mesaj\u0131 g\u00f6nderdi ve \u00f6\u011frencilerin \u00f6\u011fle aras\u0131nda \u00e7\u0131kmas\u0131na izin vermedi. T\u00fcm engellemelere ra\u011fmen \u00f6\u011frenciler, mezunlar ve \u00e7e\u015fitli kurumlardan ald\u0131klar\u0131 destekle okul i\u00e7inde protestolar\u0131na devam etti. Eylem s\u0131ras\u0131nda \u00f6\u011frencilerin g\u00fcvenli\u011fi i\u00e7in polis ekiplerinin okul \u00e7evresinde bekledi\u011fi g\u00f6r\u00fcl\u00fcrken, \u00f6\u011frenciler ya\u015fad\u0131klar\u0131 bask\u0131ya ra\u011fmen kararl\u0131 olduklar\u0131n\u0131 belirtti. \u201cYILLARDIR G\u00d6REV ALAN \u00d6\u011eRETMENLER\u0130M\u0130Z \u2018NORM FAZLASI\u2019 \u0130LAN ED\u0130LD\u0130\u201d Adem Tolunay Lisesi \u00f6\u011frencileri ad\u0131na protesto s\u0131ras\u0131nda bas\u0131n a\u00e7\u0131klamas\u0131 yapan okulun 18.d\u00f6nem mezunu Deniz Altay Avc\u0131, T\u00fcrkiye genelindeki k\u00f6kl\u00fc liselere y\u0131llar \u00f6nce \u2018proje okulu\u2019 kapsam\u0131nda y\u0131llard\u0131r g\u00f6rev ya\u011fan \u00f6\u011fretmenlerin \u2018norm fazlas\u0131\u2019 ilan edilerek \u00f6\u011frencilerinden kopar\u0131ld\u0131\u011f\u0131n\u0131 s\u00f6yledi. Avc\u0131, \u201c\u00dclkemizin onlarca farkl\u0131 ilindeki y\u00fczlerce k\u00f6kl\u00fc liseye bundan seneler \u00f6nce \u201cproje okul\u201d ad\u0131 alt\u0131nda ba\u015flayan sistematik operasyon, ge\u00e7ti\u011fimiz iki hafta itibariyle &hellip;","og_url":"https:\/\/denizcankizil.tr\/de\/haberler\/gundem\/lise-ogrencileri-baskilara-ragmen-ogretmenlerine-sahip-cikti\/","og_site_name":"Av. Deniz Can K\u0131z\u0131l","article_published_time":"2025-04-18T13:41:35+00:00","author":"Antalya K\u00f6rfez","twitter_card":"summary_large_image","twitter_misc":{"Verfasst von":"Antalya K\u00f6rfez","Gesch\u00e4tzte Lesezeit":"3\u00a0Minuten"},"schema":{"@context":"https:\/\/schema.org","@graph":[{"@type":"Article","@id":"https:\/\/denizcankizil.tr\/de\/haberler\/gundem\/lise-ogrencileri-baskilara-ragmen-ogretmenlerine-sahip-cikti\/#article","isPartOf":{"@id":"https:\/\/denizcankizil.tr\/de\/haberler\/gundem\/lise-ogrencileri-baskilara-ragmen-ogretmenlerine-sahip-cikti\/"},"author":{"name":"Antalya K\u00f6rfez","@id":"https:\/\/denizcankizil.tr\/#\/schema\/person\/e1eb71bb4dd684d46563f0af307e1234"},"headline":"Lise \u00f6\u011frencileri bask\u0131lara ra\u011fmen \u00f6\u011fretmenlerine sahip \u00e7\u0131kt\u0131!","datePublished":"2025-04-18T13:41:35+00:00","mainEntityOfPage":{"@id":"https:\/\/denizcankizil.tr\/de\/haberler\/gundem\/lise-ogrencileri-baskilara-ragmen-ogretmenlerine-sahip-cikti\/"},"wordCount":641,"publisher":{"@id":"https:\/\/denizcankizil.tr\/#organization"},"articleSection":["G\u00fcndem"],"inLanguage":"de"},{"@type":"WebPage","@id":"https:\/\/denizcankizil.tr\/de\/haberler\/gundem\/lise-ogrencileri-baskilara-ragmen-ogretmenlerine-sahip-cikti\/","url":"https:\/\/denizcankizil.tr\/de\/haberler\/gundem\/lise-ogrencileri-baskilara-ragmen-ogretmenlerine-sahip-cikti\/","name":"Lise \u00f6\u011frencileri bask\u0131lara ra\u011fmen \u00f6\u011fretmenlerine sahip \u00e7\u0131kt\u0131! - Av. Deniz Can K\u0131z\u0131l","isPartOf":{"@id":"https:\/\/denizcankizil.tr\/#website"},"datePublished":"2025-04-18T13:41:35+00:00","breadcrumb":{"@id":"https:\/\/denizcankizil.tr\/de\/haberler\/gundem\/lise-ogrencileri-baskilara-ragmen-ogretmenlerine-sahip-cikti\/#breadcrumb"},"inLanguage":"de","potentialAction":[{"@type":"ReadAction","target":["https:\/\/denizcankizil.tr\/de\/haberler\/gundem\/lise-ogrencileri-baskilara-ragmen-ogretmenlerine-sahip-cikti\/"]}]},{"@type":"BreadcrumbList","@id":"https:\/\/denizcankizil.tr\/de\/haberler\/gundem\/lise-ogrencileri-baskilara-ragmen-ogretmenlerine-sahip-cikti\/#breadcrumb","itemListElement":[{"@type":"ListItem","position":1,"name":"Home","item":"https:\/\/denizcankizil.tr\/uk\/"},{"@type":"ListItem","position":2,"name":"Lise \u00f6\u011frencileri bask\u0131lara ra\u011fmen \u00f6\u011fretmenlerine sahip \u00e7\u0131kt\u0131!"}]},{"@type":"WebSite","@id":"https:\/\/denizcankizil.tr\/#website","url":"https:\/\/denizcankizil.tr\/","name":"Av. Deniz Can K\u0131z\u0131l","description":"Avukat Deniz Can K\u0131z\u0131l Antalya Barosu","publisher":{"@id":"https:\/\/denizcankizil.tr\/#organization"},"potentialAction":[{"@type":"SearchAction","target":{"@type":"EntryPoint","urlTemplate":"https:\/\/denizcankizil.tr\/?s={search_term_string}"},"query-input":{"@type":"PropertyValueSpecification","valueRequired":true,"valueName":"search_term_string"}}],"inLanguage":"de"},{"@type":"Organization","@id":"https:\/\/denizcankizil.tr\/#organization","name":"Av. Deniz Can K\u0131z\u0131l","url":"https:\/\/denizcankizil.tr\/","logo":{"@type":"ImageObject","inLanguage":"de","@id":"https:\/\/denizcankizil.tr\/#\/schema\/logo\/image\/","url":"https:\/\/denizcankizil.tr\/wp-content\/uploads\/2024\/10\/siyah-logo-svg.svg","contentUrl":"https:\/\/denizcankizil.tr\/wp-content\/uploads\/2024\/10\/siyah-logo-svg.svg","width":1080,"height":1080,"caption":"Av. Deniz Can K\u0131z\u0131l"},"image":{"@id":"https:\/\/denizcankizil.tr\/#\/schema\/logo\/image\/"}},{"@type":"Person","@id":"https:\/\/denizcankizil.tr\/#\/schema\/person\/e1eb71bb4dd684d46563f0af307e1234","name":"Antalya K\u00f6rfez","image":{"@type":"ImageObject","inLanguage":"de","@id":"https:\/\/denizcankizil.tr\/#\/schema\/person\/image\/","url":"https:\/\/secure.gravatar.com\/avatar\/42b01982558a48a0b501fdcab6a408d3717ea5919095ee2e67b0e521799c5905?s=96&d=mm&r=g","contentUrl":"https:\/\/secure.gravatar.com\/avatar\/42b01982558a48a0b501fdcab6a408d3717ea5919095ee2e67b0e521799c5905?s=96&d=mm&r=g","caption":"Antalya K\u00f6rfez"},"sameAs":["http:\/\/www.antalyakorfez.com"],"url":"https:\/\/www.antalyakorfez.com\/lise-ogrencileri-baskilara-ragmen-ogretmenlerine-sahip-cikti"}]}},"_links":{"self":[{"href":"https:\/\/denizcankizil.tr\/de\/wp-json\/wp\/v2\/posts\/59397","targetHints":{"allow":["GET"]}}],"collection":[{"href":"https:\/\/denizcankizil.tr\/de\/wp-json\/wp\/v2\/posts"}],"about":[{"href":"https:\/\/denizcankizil.tr\/de\/wp-json\/wp\/v2\/types\/post"}],"author":[{"embeddable":true,"href":"https:\/\/denizcankizil.tr\/de\/wp-json\/wp\/v2\/users\/5"}],"replies":[{"embeddable":true,"href":"https:\/\/denizcankizil.tr\/de\/wp-json\/wp\/v2\/comments?post=59397"}],"version-history":[{"count":0,"href":"https:\/\/denizcankizil.tr\/de\/wp-json\/wp\/v2\/posts\/59397\/revisions"}],"wp:attachment":[{"href":"https:\/\/denizcankizil.tr\/de\/wp-json\/wp\/v2\/media?parent=59397"}],"wp:term":[{"taxonomy":"category","embeddable":true,"href":"https:\/\/denizcankizil.tr\/de\/wp-json\/wp\/v2\/categories?post=59397"},{"taxonomy":"post_tag","embeddable":true,"href":"https:\/\/denizcankizil.tr\/de\/wp-json\/wp\/v2\/tags?post=59397"}],"curies":[{"name":"wp","href":"https:\/\/api.w.org\/{rel}","templated":true}]}}