{"id":59312,"date":"2025-04-18T14:41:24","date_gmt":"2025-04-18T11:41:24","guid":{"rendered":"https:\/\/denizcankizil.tr\/uncategorized-tr\/antalya-sehircilik-ve-teknolojileri-fuari-acildi\/"},"modified":"2025-04-18T14:41:24","modified_gmt":"2025-04-18T11:41:24","slug":"antalya-sehircilik-ve-teknolojileri-fuari-acildi","status":"publish","type":"post","link":"https:\/\/denizcankizil.tr\/de\/haberler\/antalya\/antalya-sehircilik-ve-teknolojileri-fuari-acildi\/","title":{"rendered":"Antalya \u015eehircilik ve Teknolojileri Fuar\u0131 a\u00e7\u0131ld\u0131"},"content":{"rendered":"<p>\u00a0&#8216;\u00c7evre ve teknoloji&#8217; Temal\u0131 fuar\u0131n a\u00e7\u0131l\u0131\u015f t\u00f6reninde konu\u015fan Antalya B\u00fcy\u00fck\u015fehir Belediye Ba\u015fkan\u0131 ve Akdeniz Belediyeler Birli\u011fi Ba\u015fkan\u0131 Muhittin B\u00f6cek, fuar\u0131n teknolojik geli\u015fmelerin takip ve kullan\u0131m\u0131 \u00e7er\u00e7evesinde mahalli idarelere yol g\u00f6sterece\u011fi, ulusal ve uluslararas\u0131 de\u011fi\u015fim ve i\u015fbirli\u011fine f\u0131rsat verece\u011fini s\u00f6yledi.<br \/>\nAntalya \u015eehircilik ve Teknolojileri Fuar\u0131, Anfa\u015f Fuar Merkezi&#8217;nde 10&#8217;uncu kez kap\u0131lar\u0131n\u0131 a\u00e7t\u0131. Akdeniz Belediyeler Birli\u011fi&#8217;nin ev sahipli\u011finde T\u00fcrkiye Belediyeler Birli\u011fi&#8217;nin deste\u011fiyle 10&#8217;uncusu ger\u00e7ekle\u015ftirilen Antalya \u015eehircilik ve Teknolojileri Fuar\u0131 ile Yerel Y\u00f6netimler Sempozyumu ziyaret\u00e7ilere kap\u0131lar\u0131n\u0131 a\u00e7t\u0131.<\/p>\n<p>&#8220;Fuar kald\u0131\u011f\u0131 yerden devam ediyor&#8221;<br \/>\nFuar\u0131n a\u00e7\u0131l\u0131\u015f\u0131nda konu\u015fan Antalya B\u00fcy\u00fck\u015fehir Belediye Ba\u015fkan\u0131 ve Akdeniz Belediyeler Birli\u011fi Ba\u015fkan\u0131 Muhittin B\u00f6cek, 4 d\u00f6nem Akdeniz Belediyeler Birli\u011fi Ba\u015fkan\u0131 olarak g\u00f6rev yapt\u0131\u011f\u0131 s\u00fcre i\u00e7erisinde birincisini 14-17 Nisan 2010 tarihlerinde ba\u015flat\u0131lan fuar\u0131n uzun bir s\u00fcre yap\u0131lmad\u0131\u011f\u0131n\u0131 belirtti. Ba\u015fkan B\u00f6cek, Akdeniz Belediyeler Birli\u011fi Ba\u015fkan\u0131 g\u00f6revine yeniden gelmesinin ard\u0131ndan fuar\u0131n kald\u0131\u011f\u0131 yerden devam etti\u011fini belirterek, &#8220;Fuar\u0131n tekrar yap\u0131lmas\u0131n\u0131 T\u00fcrkiye Belediyeler Birli\u011fi Ba\u015fkan\u0131m\u0131z Ekrem \u0130mamo\u011flu ile birlikte planlam\u0131\u015ft\u0131k. Bug\u00fcn a\u00e7\u0131l\u0131\u015fta aram\u0131zda olamayan Ekrem \u0130mamo\u011flu&#8217;na, Antalya&#8217;m\u0131zdan Silivri&#8217;ye selam olsun&#8221; dedi.<\/p>\n<p>&#8220;Belediyecilik insanlar\u0131n ya\u015fam\u0131n\u0131 kolayla\u015ft\u0131rmakt\u0131r&#8221;<br \/>\nBelediyecili\u011fin insan ya\u015fam\u0131n\u0131 kolayla\u015ft\u0131rmak oldu\u011funu belirten Ba\u015fkan B\u00f6cek \u015f\u00f6yle konu\u015ftu: &#8220;6 d\u00f6nem belediye ba\u015fkanl\u0131\u011f\u0131 yapan biri olarak a\u00e7\u0131k\u00e7a s\u00f6yleyebilirim ki; belediyecilik, sadece beton yapmak, in\u015faat yapmak, imar planlar\u0131 yapmak de\u011fildir. Belediyecilik, insanlar\u0131n ya\u015fam\u0131n\u0131 kolayla\u015ft\u0131rmakt\u0131r. Do\u011fumundan ya\u015f alana kadar iyi g\u00fcnde, k\u00f6t\u00fc g\u00fcnde her zaman vatanda\u015f\u0131n\u0131n yan\u0131nda olmakt\u0131r. Yerelden kalk\u0131nma, \u00e7evre duyarl\u0131l\u0131\u011f\u0131, ak\u0131ll\u0131 \u015fehirler, iklim de\u011fi\u015fikli\u011fi, afet y\u00f6netimi, diren\u00e7li kentler, sosyal belediyecilik ve k\u00fclt\u00fcrel miras\u0131n korunmas\u0131 gibi \u00e7ok y\u00f6nl\u00fc \u00e7al\u0131\u015fmay\u0131 gerektirir&#8221; dedi.<\/p>\n<p>&#8220;Sempozyumda \u00f6nemli konular ele al\u0131nacak&#8221;<br \/>\nKamu hizmetleri i\u00e7inde yerel y\u00f6netim faaliyetlerinin, kapsam\u0131 ve niteli\u011fi bak\u0131m\u0131ndan farkl\u0131 bir konuma sahip oldu\u011funu s\u00f6yleyen Ba\u015fkan B\u00f6cek, &#8220;D\u00fczenledi\u011fimiz bu fuar \u00fclkemizin uluslararas\u0131 d\u00fczeyde tan\u0131t\u0131m\u0131na katk\u0131 sa\u011flayan, teknolojik geli\u015fmelerin takip ve kullan\u0131m\u0131 kapsam\u0131nda mahalli idarelere imk\u00e2nlar sunan, ulusal ve uluslararas\u0131 de\u011fi\u015fim ve i\u015fbirli\u011fine f\u0131rsat veren, ba\u015far\u0131s\u0131n\u0131 kan\u0131tlam\u0131\u015f bir ihtisas fuar\u0131d\u0131r. Ayr\u0131ca, marka haline gelmi\u015f olan City Expo Antalya \u015eehircilik ve Teknolojileri Fuar\u0131 kat\u0131l\u0131mc\u0131 firmalara; i\u015f a\u011f\u0131n\u0131 geni\u015fletme, pazar ara\u015ft\u0131rmas\u0131, sekt\u00f6rel geli\u015fmeleri takip edebilme ve yerel y\u00f6netimlerle biraraya gelme f\u0131rsat\u0131 sunmaktad\u0131r&#8221; dedi. Ba\u015fkan B\u00f6cek, fuarla e\u015f zamanl\u0131 olarak ger\u00e7ekle\u015ftirilecek olan yerel y\u00f6netimler sempozyumu arac\u0131l\u0131\u011f\u0131yla, \u00e7evre korumada teknolojinin rol\u00fc, yenilik\u00e7i yakla\u015f\u0131mlar, \u00e7evre politikalar\u0131, yerel y\u00f6netimlerin ve ilgili payda\u015flar\u0131n \u00e7evre korumadaki rolleri gibi g\u00fcncel ve \u00f6nemli konular\u0131n ele al\u0131naca\u011f\u0131n\u0131 belirtti.<\/p>\n<p>Belediye ba\u015fkanlar\u0131 fuar\u0131 gezdi<br \/>\nKonu\u015fmalar\u0131n ard\u0131ndan kurdele kesimiyle 10. Antalya City Expo- Antalya \u015eehircilik ve Teknolojileri Fuar\u0131 kap\u0131lar\u0131n\u0131 a\u00e7t\u0131. Antalya B\u00fcy\u00fck\u015fehir Belediye ve Akdeniz Belediyeler Birli\u011fi Ba\u015fkan\u0131 Muhittin B\u00f6cek, konuk belediye ba\u015fkanlar\u0131yla beraber fuar\u0131 gezdi, kat\u0131l\u0131mc\u0131larla sohbet etti. Ba\u015fkan B\u00f6cek Antalya B\u00fcy\u00fck\u015fehir Belediyesi stand\u0131nda belediye i\u015ftiraki ALDA\u015e&#8217;\u0131n kent mobilyalar\u0131 \u00fcretiminde kullan\u0131lan 3D yaz\u0131c\u0131y\u0131 tan\u0131tt\u0131, ANTSU ba\u015fta olmak \u00fczere Antalya B\u00fcy\u00fck\u015fehir Belediyesi&#8217;nin hizmet ve \u00e7al\u0131\u015fmalar\u0131 hakk\u0131nda bilgi verdi. Ba\u015fkan B\u00f6cek, ziyaret\u00e7ilere turun\u00e7 ve incir re\u00e7eli ikram\u0131nda bulundu.<br \/>\nFuar\u0131n a\u00e7\u0131l\u0131\u015f t\u00f6renine CHP Antalya Milletvekili Cavit Ar\u0131, Adana Belediye Ba\u015fkan\u0131 ve T\u00fcrkiye Belediyeler Birli\u011fi Ba\u015fkan Vekili Zeydan Karalar, Akdeniz Belediyeler Birli\u011fi ve Antalya B\u00fcy\u00fck\u015fehir Belediye Ba\u015fkan\u0131 Muhittin B\u00f6cek, T\u00fcrkiye&#8217;nin d\u00f6rt bir yan\u0131ndan belediye ba\u015fkanlar\u0131, esnaf odalar\u0131, ticaret odalar\u0131, sivil toplum kurulu\u015fu ve siyasi parti temsilcileri kat\u0131ld\u0131.<\/p>\n<p>Kaynak: www.kanalv.com.tr Haber Sitesinden Al\u0131nm\u0131\u015ft\u0131r.<\/p>","protected":false},"excerpt":{"rendered":"<p>\u00a0&#8216;\u00c7evre ve teknoloji&#8217; Temal\u0131 fuar\u0131n a\u00e7\u0131l\u0131\u015f t\u00f6reninde konu\u015fan Antalya B\u00fcy\u00fck\u015fehir Belediye Ba\u015fkan\u0131 ve Akdeniz Belediyeler Birli\u011fi Ba\u015fkan\u0131 Muhittin B\u00f6cek, fuar\u0131n teknolojik geli\u015fmelerin takip ve kullan\u0131m\u0131 \u00e7er\u00e7evesinde mahalli idarelere yol g\u00f6sterece\u011fi, ulusal ve uluslararas\u0131 de\u011fi\u015fim ve i\u015fbirli\u011fine f\u0131rsat verece\u011fini s\u00f6yledi. Antalya \u015eehircilik ve Teknolojileri Fuar\u0131, Anfa\u015f Fuar Merkezi&#8217;nde 10&#8217;uncu kez kap\u0131lar\u0131n\u0131 a\u00e7t\u0131. Akdeniz Belediyeler Birli\u011fi&#8217;nin ev sahipli\u011finde T\u00fcrkiye Belediyeler Birli\u011fi&#8217;nin deste\u011fiyle 10&#8217;uncusu ger\u00e7ekle\u015ftirilen Antalya \u015eehircilik ve Teknolojileri Fuar\u0131 ile Yerel Y\u00f6netimler Sempozyumu ziyaret\u00e7ilere kap\u0131lar\u0131n\u0131 a\u00e7t\u0131. &#8220;Fuar kald\u0131\u011f\u0131 yerden devam ediyor&#8221; Fuar\u0131n a\u00e7\u0131l\u0131\u015f\u0131nda konu\u015fan Antalya B\u00fcy\u00fck\u015fehir Belediye Ba\u015fkan\u0131 ve Akdeniz Belediyeler Birli\u011fi Ba\u015fkan\u0131 Muhittin B\u00f6cek, 4 d\u00f6nem Akdeniz Belediyeler Birli\u011fi Ba\u015fkan\u0131 olarak g\u00f6rev yapt\u0131\u011f\u0131 s\u00fcre i\u00e7erisinde birincisini 14-17 Nisan 2010 tarihlerinde ba\u015flat\u0131lan fuar\u0131n uzun bir s\u00fcre yap\u0131lmad\u0131\u011f\u0131n\u0131 belirtti. Ba\u015fkan B\u00f6cek, Akdeniz Belediyeler Birli\u011fi Ba\u015fkan\u0131 g\u00f6revine yeniden gelmesinin ard\u0131ndan fuar\u0131n kald\u0131\u011f\u0131 yerden devam etti\u011fini belirterek, &#8220;Fuar\u0131n tekrar yap\u0131lmas\u0131n\u0131 T\u00fcrkiye Belediyeler Birli\u011fi Ba\u015fkan\u0131m\u0131z Ekrem \u0130mamo\u011flu ile birlikte planlam\u0131\u015ft\u0131k. Bug\u00fcn a\u00e7\u0131l\u0131\u015fta aram\u0131zda olamayan Ekrem \u0130mamo\u011flu&#8217;na, Antalya&#8217;m\u0131zdan Silivri&#8217;ye selam olsun&#8221; dedi. &#8220;Belediyecilik insanlar\u0131n ya\u015fam\u0131n\u0131 kolayla\u015ft\u0131rmakt\u0131r&#8221; Belediyecili\u011fin insan ya\u015fam\u0131n\u0131 kolayla\u015ft\u0131rmak oldu\u011funu belirten Ba\u015fkan B\u00f6cek \u015f\u00f6yle konu\u015ftu: &#8220;6 d\u00f6nem belediye ba\u015fkanl\u0131\u011f\u0131 yapan biri olarak a\u00e7\u0131k\u00e7a s\u00f6yleyebilirim ki; belediyecilik, sadece beton yapmak, in\u015faat yapmak, imar planlar\u0131 yapmak de\u011fildir. Belediyecilik, insanlar\u0131n ya\u015fam\u0131n\u0131 kolayla\u015ft\u0131rmakt\u0131r. Do\u011fumundan ya\u015f alana kadar iyi g\u00fcnde, k\u00f6t\u00fc &hellip;<\/p>","protected":false},"author":4,"featured_media":59313,"comment_status":"","ping_status":"open","sticky":false,"template":"","format":"standard","meta":{"_acf_changed":false,"footnotes":""},"categories":[26],"tags":[],"class_list":["post-59312","post","type-post","status-publish","format-standard","has-post-thumbnail","hentry","category-antalya"],"acf":[],"yoast_head":"<!-- This site is optimized with the Yoast SEO Premium plugin v26.6 (Yoast SEO v27.1.1) - https:\/\/yoast.com\/product\/yoast-seo-premium-wordpress\/ -->\n<title>Antalya \u015eehircilik ve Teknolojileri Fuar\u0131 a\u00e7\u0131ld\u0131 - Av. Deniz Can K\u0131z\u0131l<\/title>\n<meta name=\"robots\" content=\"index, follow, max-snippet:-1, max-image-preview:large, max-video-preview:-1\" \/>\n<link rel=\"canonical\" href=\"https:\/\/denizcankizil.tr\/de\/haberler\/antalya\/antalya-sehircilik-ve-teknolojileri-fuari-acildi\/\" \/>\n<meta property=\"og:locale\" content=\"de_DE\" \/>\n<meta property=\"og:type\" content=\"article\" \/>\n<meta property=\"og:title\" content=\"Antalya \u015eehircilik ve Teknolojileri Fuar\u0131 a\u00e7\u0131ld\u0131\" \/>\n<meta property=\"og:description\" content=\"\u00a0&#8216;\u00c7evre ve teknoloji&#8217; Temal\u0131 fuar\u0131n a\u00e7\u0131l\u0131\u015f t\u00f6reninde konu\u015fan Antalya B\u00fcy\u00fck\u015fehir Belediye Ba\u015fkan\u0131 ve Akdeniz Belediyeler Birli\u011fi Ba\u015fkan\u0131 Muhittin B\u00f6cek, fuar\u0131n teknolojik geli\u015fmelerin takip ve kullan\u0131m\u0131 \u00e7er\u00e7evesinde mahalli idarelere yol g\u00f6sterece\u011fi, ulusal ve uluslararas\u0131 de\u011fi\u015fim ve i\u015fbirli\u011fine f\u0131rsat verece\u011fini s\u00f6yledi. Antalya \u015eehircilik ve Teknolojileri Fuar\u0131, Anfa\u015f Fuar Merkezi&#8217;nde 10&#8217;uncu kez kap\u0131lar\u0131n\u0131 a\u00e7t\u0131. Akdeniz Belediyeler Birli\u011fi&#8217;nin ev sahipli\u011finde T\u00fcrkiye Belediyeler Birli\u011fi&#8217;nin deste\u011fiyle 10&#8217;uncusu ger\u00e7ekle\u015ftirilen Antalya \u015eehircilik ve Teknolojileri Fuar\u0131 ile Yerel Y\u00f6netimler Sempozyumu ziyaret\u00e7ilere kap\u0131lar\u0131n\u0131 a\u00e7t\u0131. &#8220;Fuar kald\u0131\u011f\u0131 yerden devam ediyor&#8221; Fuar\u0131n a\u00e7\u0131l\u0131\u015f\u0131nda konu\u015fan Antalya B\u00fcy\u00fck\u015fehir Belediye Ba\u015fkan\u0131 ve Akdeniz Belediyeler Birli\u011fi Ba\u015fkan\u0131 Muhittin B\u00f6cek, 4 d\u00f6nem Akdeniz Belediyeler Birli\u011fi Ba\u015fkan\u0131 olarak g\u00f6rev yapt\u0131\u011f\u0131 s\u00fcre i\u00e7erisinde birincisini 14-17 Nisan 2010 tarihlerinde ba\u015flat\u0131lan fuar\u0131n uzun bir s\u00fcre yap\u0131lmad\u0131\u011f\u0131n\u0131 belirtti. Ba\u015fkan B\u00f6cek, Akdeniz Belediyeler Birli\u011fi Ba\u015fkan\u0131 g\u00f6revine yeniden gelmesinin ard\u0131ndan fuar\u0131n kald\u0131\u011f\u0131 yerden devam etti\u011fini belirterek, &#8220;Fuar\u0131n tekrar yap\u0131lmas\u0131n\u0131 T\u00fcrkiye Belediyeler Birli\u011fi Ba\u015fkan\u0131m\u0131z Ekrem \u0130mamo\u011flu ile birlikte planlam\u0131\u015ft\u0131k. Bug\u00fcn a\u00e7\u0131l\u0131\u015fta aram\u0131zda olamayan Ekrem \u0130mamo\u011flu&#8217;na, Antalya&#8217;m\u0131zdan Silivri&#8217;ye selam olsun&#8221; dedi. &#8220;Belediyecilik insanlar\u0131n ya\u015fam\u0131n\u0131 kolayla\u015ft\u0131rmakt\u0131r&#8221; Belediyecili\u011fin insan ya\u015fam\u0131n\u0131 kolayla\u015ft\u0131rmak oldu\u011funu belirten Ba\u015fkan B\u00f6cek \u015f\u00f6yle konu\u015ftu: &#8220;6 d\u00f6nem belediye ba\u015fkanl\u0131\u011f\u0131 yapan biri olarak a\u00e7\u0131k\u00e7a s\u00f6yleyebilirim ki; belediyecilik, sadece beton yapmak, in\u015faat yapmak, imar planlar\u0131 yapmak de\u011fildir. Belediyecilik, insanlar\u0131n ya\u015fam\u0131n\u0131 kolayla\u015ft\u0131rmakt\u0131r. Do\u011fumundan ya\u015f alana kadar iyi g\u00fcnde, k\u00f6t\u00fc &hellip;\" \/>\n<meta property=\"og:url\" content=\"https:\/\/denizcankizil.tr\/de\/haberler\/antalya\/antalya-sehircilik-ve-teknolojileri-fuari-acildi\/\" \/>\n<meta property=\"og:site_name\" content=\"Av. Deniz Can K\u0131z\u0131l\" \/>\n<meta property=\"article:published_time\" content=\"2025-04-18T11:41:24+00:00\" \/>\n<meta property=\"og:image\" content=\"https:\/\/denizcankizil.tr\/wp-content\/uploads\/2025\/04\/5879-01-F7xLkd.jpg\" \/>\n\t<meta property=\"og:image:width\" content=\"1280\" \/>\n\t<meta property=\"og:image:height\" content=\"720\" \/>\n\t<meta property=\"og:image:type\" content=\"image\/jpeg\" \/>\n<meta name=\"author\" content=\"Av. Deniz Can K\u0131z\u0131l\" \/>\n<meta name=\"twitter:card\" content=\"summary_large_image\" \/>\n<meta name=\"twitter:label1\" content=\"Verfasst von\" \/>\n\t<meta name=\"twitter:data1\" content=\"Av. Deniz Can K\u0131z\u0131l\" \/>\n\t<meta name=\"twitter:label2\" content=\"Gesch\u00e4tzte Lesezeit\" \/>\n\t<meta name=\"twitter:data2\" content=\"4\u00a0Minuten\" \/>\n<script type=\"application\/ld+json\" class=\"yoast-schema-graph\">{\"@context\":\"https:\/\/schema.org\",\"@graph\":[{\"@type\":\"Article\",\"@id\":\"https:\/\/denizcankizil.tr\/en\/haberler\/antalya\/antalya-sehircilik-ve-teknolojileri-fuari-acildi\/#article\",\"isPartOf\":{\"@id\":\"https:\/\/denizcankizil.tr\/en\/haberler\/antalya\/antalya-sehircilik-ve-teknolojileri-fuari-acildi\/\"},\"author\":{\"name\":\"Av. Deniz Can K\u0131z\u0131l\",\"@id\":\"https:\/\/denizcankizil.tr\/de\/#\/schema\/person\/5dc1b22991bd7ac833867c10afc9b0ff\"},\"headline\":\"Antalya \u015eehircilik ve Teknolojileri Fuar\u0131 a\u00e7\u0131ld\u0131\",\"datePublished\":\"2025-04-18T11:41:24+00:00\",\"mainEntityOfPage\":{\"@id\":\"https:\/\/denizcankizil.tr\/en\/haberler\/antalya\/antalya-sehircilik-ve-teknolojileri-fuari-acildi\/\"},\"wordCount\":753,\"publisher\":{\"@id\":\"https:\/\/denizcankizil.tr\/de\/#organization\"},\"image\":{\"@id\":\"https:\/\/denizcankizil.tr\/en\/haberler\/antalya\/antalya-sehircilik-ve-teknolojileri-fuari-acildi\/#primaryimage\"},\"thumbnailUrl\":\"https:\/\/denizcankizil.tr\/wp-content\/uploads\/2025\/04\/5879-01-F7xLkd.jpg\",\"articleSection\":[\"Antalya\"],\"inLanguage\":\"de\"},{\"@type\":\"WebPage\",\"@id\":\"https:\/\/denizcankizil.tr\/en\/haberler\/antalya\/antalya-sehircilik-ve-teknolojileri-fuari-acildi\/\",\"url\":\"https:\/\/denizcankizil.tr\/en\/haberler\/antalya\/antalya-sehircilik-ve-teknolojileri-fuari-acildi\/\",\"name\":\"Antalya \u015eehircilik ve Teknolojileri Fuar\u0131 a\u00e7\u0131ld\u0131 - Av. Deniz Can K\u0131z\u0131l\",\"isPartOf\":{\"@id\":\"https:\/\/denizcankizil.tr\/de\/#website\"},\"primaryImageOfPage\":{\"@id\":\"https:\/\/denizcankizil.tr\/en\/haberler\/antalya\/antalya-sehircilik-ve-teknolojileri-fuari-acildi\/#primaryimage\"},\"image\":{\"@id\":\"https:\/\/denizcankizil.tr\/en\/haberler\/antalya\/antalya-sehircilik-ve-teknolojileri-fuari-acildi\/#primaryimage\"},\"thumbnailUrl\":\"https:\/\/denizcankizil.tr\/wp-content\/uploads\/2025\/04\/5879-01-F7xLkd.jpg\",\"datePublished\":\"2025-04-18T11:41:24+00:00\",\"breadcrumb\":{\"@id\":\"https:\/\/denizcankizil.tr\/en\/haberler\/antalya\/antalya-sehircilik-ve-teknolojileri-fuari-acildi\/#breadcrumb\"},\"inLanguage\":\"de\",\"potentialAction\":[{\"@type\":\"ReadAction\",\"target\":[\"https:\/\/denizcankizil.tr\/en\/haberler\/antalya\/antalya-sehircilik-ve-teknolojileri-fuari-acildi\/\"]}]},{\"@type\":\"ImageObject\",\"inLanguage\":\"de\",\"@id\":\"https:\/\/denizcankizil.tr\/en\/haberler\/antalya\/antalya-sehircilik-ve-teknolojileri-fuari-acildi\/#primaryimage\",\"url\":\"https:\/\/denizcankizil.tr\/wp-content\/uploads\/2025\/04\/5879-01-F7xLkd.jpg\",\"contentUrl\":\"https:\/\/denizcankizil.tr\/wp-content\/uploads\/2025\/04\/5879-01-F7xLkd.jpg\",\"width\":1280,\"height\":720},{\"@type\":\"BreadcrumbList\",\"@id\":\"https:\/\/denizcankizil.tr\/en\/haberler\/antalya\/antalya-sehircilik-ve-teknolojileri-fuari-acildi\/#breadcrumb\",\"itemListElement\":[{\"@type\":\"ListItem\",\"position\":1,\"name\":\"Home\",\"item\":\"https:\/\/denizcankizil.tr\/de\/\"},{\"@type\":\"ListItem\",\"position\":2,\"name\":\"Antalya \u015eehircilik ve Teknolojileri Fuar\u0131 a\u00e7\u0131ld\u0131\"}]},{\"@type\":\"WebSite\",\"@id\":\"https:\/\/denizcankizil.tr\/de\/#website\",\"url\":\"https:\/\/denizcankizil.tr\/de\/\",\"name\":\"Av. Deniz Can K\u0131z\u0131l\",\"description\":\"Avukat Deniz Can K\u0131z\u0131l Antalya Barosu\",\"publisher\":{\"@id\":\"https:\/\/denizcankizil.tr\/de\/#organization\"},\"potentialAction\":[{\"@type\":\"SearchAction\",\"target\":{\"@type\":\"EntryPoint\",\"urlTemplate\":\"https:\/\/denizcankizil.tr\/de\/?s={search_term_string}\"},\"query-input\":{\"@type\":\"PropertyValueSpecification\",\"valueRequired\":true,\"valueName\":\"search_term_string\"}}],\"inLanguage\":\"de\"},{\"@type\":\"Organization\",\"@id\":\"https:\/\/denizcankizil.tr\/de\/#organization\",\"name\":\"Av. Deniz Can K\u0131z\u0131l\",\"url\":\"https:\/\/denizcankizil.tr\/de\/\",\"logo\":{\"@type\":\"ImageObject\",\"inLanguage\":\"de\",\"@id\":\"https:\/\/denizcankizil.tr\/de\/#\/schema\/logo\/image\/\",\"url\":\"https:\/\/denizcankizil.tr\/wp-content\/uploads\/2024\/10\/siyah-logo-svg.svg\",\"contentUrl\":\"https:\/\/denizcankizil.tr\/wp-content\/uploads\/2024\/10\/siyah-logo-svg.svg\",\"width\":1080,\"height\":1080,\"caption\":\"Av. Deniz Can K\u0131z\u0131l\"},\"image\":{\"@id\":\"https:\/\/denizcankizil.tr\/de\/#\/schema\/logo\/image\/\"}},{\"@type\":\"Person\",\"@id\":\"https:\/\/denizcankizil.tr\/de\/#\/schema\/person\/5dc1b22991bd7ac833867c10afc9b0ff\",\"name\":\"Av. Deniz Can K\u0131z\u0131l\",\"image\":{\"@type\":\"ImageObject\",\"inLanguage\":\"de\",\"@id\":\"https:\/\/denizcankizil.tr\/de\/#\/schema\/person\/image\/\",\"url\":\"https:\/\/secure.gravatar.com\/avatar\/a0b128fb9855c79efc976d5640eedb31dc35ec297594d6016d2cf7c60e975bb6?s=96&d=mm&r=g\",\"contentUrl\":\"https:\/\/secure.gravatar.com\/avatar\/a0b128fb9855c79efc976d5640eedb31dc35ec297594d6016d2cf7c60e975bb6?s=96&d=mm&r=g\",\"caption\":\"Av. Deniz Can K\u0131z\u0131l\"},\"sameAs\":[\"http:\/\/www.denizcankizil.tr\"],\"url\":\"https:\/\/denizcankizil.tr\/de\/author\/denizcankizil\/\"}]}<\/script>\n<!-- \/ Yoast SEO Premium plugin. -->","yoast_head_json":{"title":"Antalya \u015eehircilik ve Teknolojileri Fuar\u0131 a\u00e7\u0131ld\u0131 - Av. Deniz Can K\u0131z\u0131l","robots":{"index":"index","follow":"follow","max-snippet":"max-snippet:-1","max-image-preview":"max-image-preview:large","max-video-preview":"max-video-preview:-1"},"canonical":"https:\/\/denizcankizil.tr\/de\/haberler\/antalya\/antalya-sehircilik-ve-teknolojileri-fuari-acildi\/","og_locale":"de_DE","og_type":"article","og_title":"Antalya \u015eehircilik ve Teknolojileri Fuar\u0131 a\u00e7\u0131ld\u0131","og_description":"\u00a0&#8216;\u00c7evre ve teknoloji&#8217; Temal\u0131 fuar\u0131n a\u00e7\u0131l\u0131\u015f t\u00f6reninde konu\u015fan Antalya B\u00fcy\u00fck\u015fehir Belediye Ba\u015fkan\u0131 ve Akdeniz Belediyeler Birli\u011fi Ba\u015fkan\u0131 Muhittin B\u00f6cek, fuar\u0131n teknolojik geli\u015fmelerin takip ve kullan\u0131m\u0131 \u00e7er\u00e7evesinde mahalli idarelere yol g\u00f6sterece\u011fi, ulusal ve uluslararas\u0131 de\u011fi\u015fim ve i\u015fbirli\u011fine f\u0131rsat verece\u011fini s\u00f6yledi. Antalya \u015eehircilik ve Teknolojileri Fuar\u0131, Anfa\u015f Fuar Merkezi&#8217;nde 10&#8217;uncu kez kap\u0131lar\u0131n\u0131 a\u00e7t\u0131. Akdeniz Belediyeler Birli\u011fi&#8217;nin ev sahipli\u011finde T\u00fcrkiye Belediyeler Birli\u011fi&#8217;nin deste\u011fiyle 10&#8217;uncusu ger\u00e7ekle\u015ftirilen Antalya \u015eehircilik ve Teknolojileri Fuar\u0131 ile Yerel Y\u00f6netimler Sempozyumu ziyaret\u00e7ilere kap\u0131lar\u0131n\u0131 a\u00e7t\u0131. &#8220;Fuar kald\u0131\u011f\u0131 yerden devam ediyor&#8221; Fuar\u0131n a\u00e7\u0131l\u0131\u015f\u0131nda konu\u015fan Antalya B\u00fcy\u00fck\u015fehir Belediye Ba\u015fkan\u0131 ve Akdeniz Belediyeler Birli\u011fi Ba\u015fkan\u0131 Muhittin B\u00f6cek, 4 d\u00f6nem Akdeniz Belediyeler Birli\u011fi Ba\u015fkan\u0131 olarak g\u00f6rev yapt\u0131\u011f\u0131 s\u00fcre i\u00e7erisinde birincisini 14-17 Nisan 2010 tarihlerinde ba\u015flat\u0131lan fuar\u0131n uzun bir s\u00fcre yap\u0131lmad\u0131\u011f\u0131n\u0131 belirtti. Ba\u015fkan B\u00f6cek, Akdeniz Belediyeler Birli\u011fi Ba\u015fkan\u0131 g\u00f6revine yeniden gelmesinin ard\u0131ndan fuar\u0131n kald\u0131\u011f\u0131 yerden devam etti\u011fini belirterek, &#8220;Fuar\u0131n tekrar yap\u0131lmas\u0131n\u0131 T\u00fcrkiye Belediyeler Birli\u011fi Ba\u015fkan\u0131m\u0131z Ekrem \u0130mamo\u011flu ile birlikte planlam\u0131\u015ft\u0131k. Bug\u00fcn a\u00e7\u0131l\u0131\u015fta aram\u0131zda olamayan Ekrem \u0130mamo\u011flu&#8217;na, Antalya&#8217;m\u0131zdan Silivri&#8217;ye selam olsun&#8221; dedi. &#8220;Belediyecilik insanlar\u0131n ya\u015fam\u0131n\u0131 kolayla\u015ft\u0131rmakt\u0131r&#8221; Belediyecili\u011fin insan ya\u015fam\u0131n\u0131 kolayla\u015ft\u0131rmak oldu\u011funu belirten Ba\u015fkan B\u00f6cek \u015f\u00f6yle konu\u015ftu: &#8220;6 d\u00f6nem belediye ba\u015fkanl\u0131\u011f\u0131 yapan biri olarak a\u00e7\u0131k\u00e7a s\u00f6yleyebilirim ki; belediyecilik, sadece beton yapmak, in\u015faat yapmak, imar planlar\u0131 yapmak de\u011fildir. Belediyecilik, insanlar\u0131n ya\u015fam\u0131n\u0131 kolayla\u015ft\u0131rmakt\u0131r. Do\u011fumundan ya\u015f alana kadar iyi g\u00fcnde, k\u00f6t\u00fc &hellip;","og_url":"https:\/\/denizcankizil.tr\/de\/haberler\/antalya\/antalya-sehircilik-ve-teknolojileri-fuari-acildi\/","og_site_name":"Av. Deniz Can K\u0131z\u0131l","article_published_time":"2025-04-18T11:41:24+00:00","og_image":[{"width":1280,"height":720,"url":"https:\/\/denizcankizil.tr\/wp-content\/uploads\/2025\/04\/5879-01-F7xLkd.jpg","type":"image\/jpeg"}],"author":"Av. Deniz Can K\u0131z\u0131l","twitter_card":"summary_large_image","twitter_misc":{"Verfasst von":"Av. Deniz Can K\u0131z\u0131l","Gesch\u00e4tzte Lesezeit":"4\u00a0Minuten"},"schema":{"@context":"https:\/\/schema.org","@graph":[{"@type":"Article","@id":"https:\/\/denizcankizil.tr\/en\/haberler\/antalya\/antalya-sehircilik-ve-teknolojileri-fuari-acildi\/#article","isPartOf":{"@id":"https:\/\/denizcankizil.tr\/en\/haberler\/antalya\/antalya-sehircilik-ve-teknolojileri-fuari-acildi\/"},"author":{"name":"Av. Deniz Can K\u0131z\u0131l","@id":"https:\/\/denizcankizil.tr\/de\/#\/schema\/person\/5dc1b22991bd7ac833867c10afc9b0ff"},"headline":"Antalya \u015eehircilik ve Teknolojileri Fuar\u0131 a\u00e7\u0131ld\u0131","datePublished":"2025-04-18T11:41:24+00:00","mainEntityOfPage":{"@id":"https:\/\/denizcankizil.tr\/en\/haberler\/antalya\/antalya-sehircilik-ve-teknolojileri-fuari-acildi\/"},"wordCount":753,"publisher":{"@id":"https:\/\/denizcankizil.tr\/de\/#organization"},"image":{"@id":"https:\/\/denizcankizil.tr\/en\/haberler\/antalya\/antalya-sehircilik-ve-teknolojileri-fuari-acildi\/#primaryimage"},"thumbnailUrl":"https:\/\/denizcankizil.tr\/wp-content\/uploads\/2025\/04\/5879-01-F7xLkd.jpg","articleSection":["Antalya"],"inLanguage":"de"},{"@type":"WebPage","@id":"https:\/\/denizcankizil.tr\/en\/haberler\/antalya\/antalya-sehircilik-ve-teknolojileri-fuari-acildi\/","url":"https:\/\/denizcankizil.tr\/en\/haberler\/antalya\/antalya-sehircilik-ve-teknolojileri-fuari-acildi\/","name":"Antalya \u015eehircilik ve Teknolojileri Fuar\u0131 a\u00e7\u0131ld\u0131 - Av. Deniz Can K\u0131z\u0131l","isPartOf":{"@id":"https:\/\/denizcankizil.tr\/de\/#website"},"primaryImageOfPage":{"@id":"https:\/\/denizcankizil.tr\/en\/haberler\/antalya\/antalya-sehircilik-ve-teknolojileri-fuari-acildi\/#primaryimage"},"image":{"@id":"https:\/\/denizcankizil.tr\/en\/haberler\/antalya\/antalya-sehircilik-ve-teknolojileri-fuari-acildi\/#primaryimage"},"thumbnailUrl":"https:\/\/denizcankizil.tr\/wp-content\/uploads\/2025\/04\/5879-01-F7xLkd.jpg","datePublished":"2025-04-18T11:41:24+00:00","breadcrumb":{"@id":"https:\/\/denizcankizil.tr\/en\/haberler\/antalya\/antalya-sehircilik-ve-teknolojileri-fuari-acildi\/#breadcrumb"},"inLanguage":"de","potentialAction":[{"@type":"ReadAction","target":["https:\/\/denizcankizil.tr\/en\/haberler\/antalya\/antalya-sehircilik-ve-teknolojileri-fuari-acildi\/"]}]},{"@type":"ImageObject","inLanguage":"de","@id":"https:\/\/denizcankizil.tr\/en\/haberler\/antalya\/antalya-sehircilik-ve-teknolojileri-fuari-acildi\/#primaryimage","url":"https:\/\/denizcankizil.tr\/wp-content\/uploads\/2025\/04\/5879-01-F7xLkd.jpg","contentUrl":"https:\/\/denizcankizil.tr\/wp-content\/uploads\/2025\/04\/5879-01-F7xLkd.jpg","width":1280,"height":720},{"@type":"BreadcrumbList","@id":"https:\/\/denizcankizil.tr\/en\/haberler\/antalya\/antalya-sehircilik-ve-teknolojileri-fuari-acildi\/#breadcrumb","itemListElement":[{"@type":"ListItem","position":1,"name":"Home","item":"https:\/\/denizcankizil.tr\/de\/"},{"@type":"ListItem","position":2,"name":"Antalya \u015eehircilik ve Teknolojileri Fuar\u0131 a\u00e7\u0131ld\u0131"}]},{"@type":"WebSite","@id":"https:\/\/denizcankizil.tr\/de\/#website","url":"https:\/\/denizcankizil.tr\/de\/","name":"Av. Deniz Can K\u0131z\u0131l","description":"Avukat Deniz Can K\u0131z\u0131l Antalya Barosu","publisher":{"@id":"https:\/\/denizcankizil.tr\/de\/#organization"},"potentialAction":[{"@type":"SearchAction","target":{"@type":"EntryPoint","urlTemplate":"https:\/\/denizcankizil.tr\/de\/?s={search_term_string}"},"query-input":{"@type":"PropertyValueSpecification","valueRequired":true,"valueName":"search_term_string"}}],"inLanguage":"de"},{"@type":"Organization","@id":"https:\/\/denizcankizil.tr\/de\/#organization","name":"Av. Deniz Can K\u0131z\u0131l","url":"https:\/\/denizcankizil.tr\/de\/","logo":{"@type":"ImageObject","inLanguage":"de","@id":"https:\/\/denizcankizil.tr\/de\/#\/schema\/logo\/image\/","url":"https:\/\/denizcankizil.tr\/wp-content\/uploads\/2024\/10\/siyah-logo-svg.svg","contentUrl":"https:\/\/denizcankizil.tr\/wp-content\/uploads\/2024\/10\/siyah-logo-svg.svg","width":1080,"height":1080,"caption":"Av. Deniz Can K\u0131z\u0131l"},"image":{"@id":"https:\/\/denizcankizil.tr\/de\/#\/schema\/logo\/image\/"}},{"@type":"Person","@id":"https:\/\/denizcankizil.tr\/de\/#\/schema\/person\/5dc1b22991bd7ac833867c10afc9b0ff","name":"Av. Deniz Can K\u0131z\u0131l","image":{"@type":"ImageObject","inLanguage":"de","@id":"https:\/\/denizcankizil.tr\/de\/#\/schema\/person\/image\/","url":"https:\/\/secure.gravatar.com\/avatar\/a0b128fb9855c79efc976d5640eedb31dc35ec297594d6016d2cf7c60e975bb6?s=96&d=mm&r=g","contentUrl":"https:\/\/secure.gravatar.com\/avatar\/a0b128fb9855c79efc976d5640eedb31dc35ec297594d6016d2cf7c60e975bb6?s=96&d=mm&r=g","caption":"Av. Deniz Can K\u0131z\u0131l"},"sameAs":["http:\/\/www.denizcankizil.tr"],"url":"https:\/\/denizcankizil.tr\/de\/author\/denizcankizil\/"}]}},"_links":{"self":[{"href":"https:\/\/denizcankizil.tr\/de\/wp-json\/wp\/v2\/posts\/59312","targetHints":{"allow":["GET"]}}],"collection":[{"href":"https:\/\/denizcankizil.tr\/de\/wp-json\/wp\/v2\/posts"}],"about":[{"href":"https:\/\/denizcankizil.tr\/de\/wp-json\/wp\/v2\/types\/post"}],"author":[{"embeddable":true,"href":"https:\/\/denizcankizil.tr\/de\/wp-json\/wp\/v2\/users\/4"}],"replies":[{"embeddable":true,"href":"https:\/\/denizcankizil.tr\/de\/wp-json\/wp\/v2\/comments?post=59312"}],"version-history":[{"count":0,"href":"https:\/\/denizcankizil.tr\/de\/wp-json\/wp\/v2\/posts\/59312\/revisions"}],"wp:featuredmedia":[{"embeddable":true,"href":"https:\/\/denizcankizil.tr\/de\/wp-json\/wp\/v2\/media\/59313"}],"wp:attachment":[{"href":"https:\/\/denizcankizil.tr\/de\/wp-json\/wp\/v2\/media?parent=59312"}],"wp:term":[{"taxonomy":"category","embeddable":true,"href":"https:\/\/denizcankizil.tr\/de\/wp-json\/wp\/v2\/categories?post=59312"},{"taxonomy":"post_tag","embeddable":true,"href":"https:\/\/denizcankizil.tr\/de\/wp-json\/wp\/v2\/tags?post=59312"}],"curies":[{"name":"wp","href":"https:\/\/api.w.org\/{rel}","templated":true}]}}