{"id":59102,"date":"2025-04-18T07:41:51","date_gmt":"2025-04-18T04:41:51","guid":{"rendered":"https:\/\/denizcankizil.tr\/uncategorized-tr\/izmirde-su-tarifelerinde-yeni-duzenleme\/"},"modified":"2025-04-18T07:41:51","modified_gmt":"2025-04-18T04:41:51","slug":"izmirde-su-tarifelerinde-yeni-duzenleme","status":"publish","type":"post","link":"https:\/\/denizcankizil.tr\/de\/haberler\/gundem\/izmirde-su-tarifelerinde-yeni-duzenleme\/","title":{"rendered":"\u0130zmir&#8217;de su tarifelerinde yeni d\u00fczenleme"},"content":{"rendered":"<p>\u0130ZSU Genel M\u00fcd\u00fcrl\u00fc\u011f\u00fc ba\u015fta t\u00fcketilen elektrik olmak \u00fczere girdi maliyetlerindeki art\u0131\u015flar do\u011frultusunda su ve at\u0131k su tarifelerini su tasarrufunu da \u00f6zendirecek \u015fekilde yeniden d\u00fczenledi.\u00a0\u0130ZM\u0130R (\u0130GFA) &#8211;\u00a0\u0130ZSU Genel M\u00fcd\u00fcrl\u00fc\u011f\u00fc\u2019n\u00fcn Ola\u011fan\u00fcst\u00fc Genel Kurul Toplant\u0131s\u0131\u2019nda su ve at\u0131k su tarifelerini su tasarrufunu da \u00f6zendirecek \u015fekilde yeniden d\u00fczenlendi. May\u0131s ay\u0131ndan itibaren ge\u00e7erli olacak yeni tarifeye g\u00f6re 0-4 metrek\u00fcp su kullan\u0131m\u0131 (1. kademe)\u00a0 haricindeki kademelerde ortalama y\u00fczde 11 oran\u0131nda art\u0131\u015f yap\u0131ld\u0131. Ba\u015fta elektri\u011fe yap\u0131lan y\u00fczde 25\u2019lik zam olmak \u00fczere artan maliyet art\u0131\u015flar\u0131 ve kurakl\u0131k sonucu azalan su kaynaklar\u0131n\u0131 korumak amac\u0131yla su tarifelerinin yeniden d\u00fczenlendi\u011fi belirtildi.\u00a0<br \/>\n\u0130ZM\u0130R KAYIP KA\u00c7AK ORANINDA EN \u0130Y\u0130 YED\u0130NC\u0130 \u015eEH\u0130R<br \/>\nGenel kurul toplant\u0131s\u0131nda konu\u015fan \u0130zmir B\u00fcy\u00fck\u015fehir Belediyesi Meclis Ba\u015fkan Vekili Dr. Zafer Levent Y\u0131ld\u0131r, suyun \u00e7ok de\u011ferli oldu\u011funu belirterek tasarrufa dikkat \u00e7ekti. Y\u0131ld\u0131r, \u201c\u0130stanbul&#8217;un su ihtiyac\u0131n\u0131n y\u00fczde 98\u2019i, Ankara&#8217;n\u0131n su ihtiyac\u0131n\u0131n y\u00fczde 99\u2019u yer \u00fcst\u00fc sular\u0131ndan kar\u015f\u0131l\u0131yor. \u0130zmir&#8217;de ise bu oran y\u00fczde 35.\u00a0 Bunu d\u00fc\u015f\u00fcnmek zorunday\u0131z. Her konuda tasarrufa b\u00fcy\u00fck \u00f6nem veriyoruz. \u0130ZSU verilerinden hareketle \u0130zmir kay\u0131p ka\u00e7ak oran\u0131nda en iyi yedinci \u015fehir. Bundan sonraki s\u00fcre\u00e7te tasarrufla ilgili \u00e7al\u0131\u015fmalar\u0131m\u0131z s\u00fcrecek\u201d \u015feklinde konu\u015ftu.\u00a0<br \/>\nSUSUZLUKLA M\u00dcCADELE TOPYEK\u00dbN B\u0130R M\u00dcCADELED\u0130R<br \/>\nCHP Grup Ba\u015fkan Vekili Altan \u0130nan\u00e7 ise, \u201cSu alt\u0131n kadar k\u0131ymetli. Yurtta\u015flar\u0131m\u0131za suyu tasarruflu kullanmalar\u0131 \u00e7a\u011fr\u0131s\u0131 yap\u0131yoruz.\u00a0 Su kullan\u0131m\u0131n\u0131 hem g\u00fcnl\u00fck hayatta hem tar\u0131mda d\u00fczenlemeliyiz. Su sorunu herkesin sorunu. H\u00fck\u00fcmetin de bu konuda ad\u0131m atmas\u0131, karar almas\u0131 gerek. Susuzlukla m\u00fccadele topyek\u00fbn bir m\u00fccadeledir\u201d dedi.\u00a0<br \/>\n\u0130LK KADEMEDE ARTI\u015e YOK, \u0130ND\u0130R\u0130M DEVAM ED\u0130YOR<br \/>\n\u0130zmir B\u00fcy\u00fck\u015fehir Belediye Ba\u015fkan\u0131 Dr. Cemil Tugay\u2019\u0131n se\u00e7im vaatleri do\u011frultusunda 1 Haziran 2024 tarihinden itibaren ge\u00e7erli olmak \u00fczere t\u00fcm abonelerin ilk 4 metrek\u00fcpl\u00fck su kullan\u0131m\u0131nda indirim yap\u0131lm\u0131\u015ft\u0131. T\u00fcm \u0130ZSU abonelerini kapsayan yeni tarifede t\u00fcketilen ilk 4 metrek\u00fcpl\u00fck birimin fiyat\u0131 yine de\u011fi\u015fmezken y\u00fczde 21&#8217;lik kesimi olu\u015fturan aboneler ikinci kademeye g\u00f6re y\u00fczde 55 indirimli su kullanacak.<br \/>\nHer ay 300 milyon TL&#8217;lik bir tutar \u0130zmirlilerin cebinde kalacak. 2. kademe olarak tan\u0131mlanan 10 metrek\u00fcpe kadar su t\u00fcketimine ise y\u00fczde 15 fiyat art\u0131\u015f\u0131 yap\u0131ld\u0131. Ancak ikinci kademede olan aboneler kullan\u0131m oran\u0131na g\u00f6re bu art\u0131\u015ftan en fazla y\u00fczde 11 oran\u0131nda etkilenecek. Bu tarifeye giren abonelerin oran\u0131 ise \u0130zmir\u2019deki toplam abonelerin y\u00fczde 49\u2019unu olu\u015fturuyor. \u0130zmir\u2019de 1. ve 2. Kademede su t\u00fcketen abonelerin oran\u0131 toplam abone say\u0131s\u0131n\u0131n y\u00fczde 70\u2019ini olu\u015fturuyor.<br \/>\nYeni tarifeye g\u00f6re 11-20 metrek\u00fcp aras\u0131 kullan\u0131m\u0131 kapsayan 3. Kademeye kullan\u0131m oran\u0131na g\u00f6re y\u00fczde 25, en \u00fcst gruptaki 21 metrek\u00fcp ve \u00fczerindeki t\u00fcketimlerin d\u00e2hil oldu\u011fu 4.\u00a0 kademeye ise yine kullan\u0131m oran\u0131na g\u00f6re y\u00fczde 35\u2019lik art\u0131\u015f yap\u0131ld\u0131.\u00a0Yeni tarifelerin uygulanmas\u0131yla i\u015fyerlerindeki oranlar da de\u011fi\u015fecek. Buna g\u00f6re 0-4 metrek\u00fcp su t\u00fcketimi olan k\u00fc\u00e7\u00fck esnaf\u0131n su tarifelerinde bir art\u0131\u015fa gidilmeyecek. Bu grup \u0130zmir\u2019deki i\u015fyeri abonelerinin y\u00fczde 54\u2019\u00fcn\u00fc kaps\u0131yor. \u0130\u015fyerlerindeki di\u011fer kademelerin art\u0131\u015f oranlar\u0131 da, konut aboneleriyle ayn\u0131 olacak.<\/p>\n<p>\u200b\u0130ZSU Genel M\u00fcd\u00fcrl\u00fc\u011f\u00fc ba\u015fta t\u00fcketilen elektrik olmak \u00fczere girdi maliyetlerindeki art\u0131\u015flar do\u011frultusunda su ve at\u0131k su tarifelerini su tasarrufunu da \u00f6zendirecek \u015fekilde yeniden d\u00fczenledi.\u00a0\u0130ZM\u0130R (\u0130GFA) &#8211;\u00a0\u0130ZSU Genel M\u00fcd\u00fcrl\u00fc\u011f\u00fc\u2019n\u00fcn Ola\u011fan\u00fcst\u00fc Genel Kurul Toplant\u0131s\u0131\u2019nda su ve at\u0131k su tarifelerini su tasarrufunu da \u00f6zendirecek \u015fekilde yeniden d\u00fczenlendi. May\u0131s ay\u0131ndan itibaren ge\u00e7erli olacak yeni tarifeye g\u00f6re 0-4 metrek\u00fcp su kullan\u0131m\u0131 (1. kademe)\u00a0 haricindeki kademelerde ortalama y\u00fczde 11 oran\u0131nda art\u0131\u015f yap\u0131ld\u0131. Ba\u015fta elektri\u011fe yap\u0131lan y\u00fczde 25\u2019lik zam olmak \u00fczere artan maliyet art\u0131\u015flar\u0131 ve kurakl\u0131k sonucu azalan su kaynaklar\u0131n\u0131 korumak amac\u0131yla su tarifelerinin yeniden d\u00fczenlendi\u011fi belirtildi.\u00a0<br \/>\n\u0130ZM\u0130R KAYIP KA\u00c7AK ORANINDA EN \u0130Y\u0130 YED\u0130NC\u0130 \u015eEH\u0130R<br \/>\nGenel kurul toplant\u0131s\u0131nda konu\u015fan \u0130zmir B\u00fcy\u00fck\u015fehir Belediyesi Meclis Ba\u015fkan Vekili Dr. Zafer Levent Y\u0131ld\u0131r, suyun \u00e7ok de\u011ferli oldu\u011funu belirterek tasarrufa dikkat \u00e7ekti. Y\u0131ld\u0131r, \u201c\u0130stanbul&#8217;un su ihtiyac\u0131n\u0131n y\u00fczde 98\u2019i, Ankara&#8217;n\u0131n su ihtiyac\u0131n\u0131n y\u00fczde 99\u2019u yer \u00fcst\u00fc sular\u0131ndan kar\u015f\u0131l\u0131yor. \u0130zmir&#8217;de ise bu oran y\u00fczde 35.\u00a0 Bunu d\u00fc\u015f\u00fcnmek zorunday\u0131z. Her konuda tasarrufa b\u00fcy\u00fck \u00f6nem veriyoruz. \u0130ZSU verilerinden hareketle \u0130zmir kay\u0131p ka\u00e7ak oran\u0131nda en iyi yedinci \u015fehir. Bundan sonraki s\u00fcre\u00e7te tasarrufla ilgili \u00e7al\u0131\u015fmalar\u0131m\u0131z s\u00fcrecek\u201d \u015feklinde konu\u015ftu.\u00a0<br \/>\nSUSUZLUKLA M\u00dcCADELE TOPYEK\u00dbN B\u0130R M\u00dcCADELED\u0130R<br \/>\nCHP Grup Ba\u015fkan Vekili Altan \u0130nan\u00e7 ise, \u201cSu alt\u0131n kadar k\u0131ymetli. Yurtta\u015flar\u0131m\u0131za suyu tasarruflu kullanmalar\u0131 \u00e7a\u011fr\u0131s\u0131 yap\u0131yoruz.\u00a0 Su kullan\u0131m\u0131n\u0131 hem g\u00fcnl\u00fck hayatta hem tar\u0131mda d\u00fczenlemeliyiz. Su sorunu herkesin sorunu. H\u00fck\u00fcmetin de bu konuda ad\u0131m atmas\u0131, karar almas\u0131 gerek. Susuzlukla m\u00fccadele topyek\u00fbn bir m\u00fccadeledir\u201d dedi.\u00a0<br \/>\n\u0130LK KADEMEDE ARTI\u015e YOK, \u0130ND\u0130R\u0130M DEVAM ED\u0130YOR<br \/>\n\u0130zmir B\u00fcy\u00fck\u015fehir Belediye Ba\u015fkan\u0131 Dr. Cemil Tugay\u2019\u0131n se\u00e7im vaatleri do\u011frultusunda 1 Haziran 2024 tarihinden itibaren ge\u00e7erli olmak \u00fczere t\u00fcm abonelerin ilk 4 metrek\u00fcpl\u00fck su kullan\u0131m\u0131nda indirim yap\u0131lm\u0131\u015ft\u0131. T\u00fcm \u0130ZSU abonelerini kapsayan yeni tarifede t\u00fcketilen ilk 4 metrek\u00fcpl\u00fck birimin fiyat\u0131 yine de\u011fi\u015fmezken y\u00fczde 21&#8217;lik kesimi olu\u015fturan aboneler ikinci kademeye g\u00f6re y\u00fczde 55 indirimli su kullanacak.<br \/>\nHer ay 300 milyon TL&#8217;lik bir tutar \u0130zmirlilerin cebinde kalacak. 2. kademe olarak tan\u0131mlanan 10 metrek\u00fcpe kadar su t\u00fcketimine ise y\u00fczde 15 fiyat art\u0131\u015f\u0131 yap\u0131ld\u0131. Ancak ikinci kademede olan aboneler kullan\u0131m oran\u0131na g\u00f6re bu art\u0131\u015ftan en fazla y\u00fczde 11 oran\u0131nda etkilenecek. Bu tarifeye giren abonelerin oran\u0131 ise \u0130zmir\u2019deki toplam abonelerin y\u00fczde 49\u2019unu olu\u015fturuyor. \u0130zmir\u2019de 1. ve 2. Kademede su t\u00fcketen abonelerin oran\u0131 toplam abone say\u0131s\u0131n\u0131n y\u00fczde 70\u2019ini olu\u015fturuyor.<br \/>\nYeni tarifeye g\u00f6re 11-20 metrek\u00fcp aras\u0131 kullan\u0131m\u0131 kapsayan 3. Kademeye kullan\u0131m oran\u0131na g\u00f6re y\u00fczde 25, en \u00fcst gruptaki 21 metrek\u00fcp ve \u00fczerindeki t\u00fcketimlerin d\u00e2hil oldu\u011fu 4.\u00a0 kademeye ise yine kullan\u0131m oran\u0131na g\u00f6re y\u00fczde 35\u2019lik art\u0131\u015f yap\u0131ld\u0131.\u00a0Yeni tarifelerin uygulanmas\u0131yla i\u015fyerlerindeki oranlar da de\u011fi\u015fecek. Buna g\u00f6re 0-4 metrek\u00fcp su t\u00fcketimi olan k\u00fc\u00e7\u00fck esnaf\u0131n su tarifelerinde bir art\u0131\u015fa gidilmeyecek. Bu grup \u0130zmir\u2019deki i\u015fyeri abonelerinin y\u00fczde 54\u2019\u00fcn\u00fc kaps\u0131yor. \u0130\u015fyerlerindeki di\u011fer kademelerin art\u0131\u015f oranlar\u0131 da, konut aboneleriyle ayn\u0131 olacak.\u00a0<\/p>\n<p>\u200bHaberin Al\u0131nt\u0131land\u0131\u011f\u0131 Kaynak: www.iskenderun.org<\/p>","protected":false},"excerpt":{"rendered":"<p>\u0130ZSU Genel M\u00fcd\u00fcrl\u00fc\u011f\u00fc ba\u015fta t\u00fcketilen elektrik olmak \u00fczere girdi maliyetlerindeki art\u0131\u015flar do\u011frultusunda su ve at\u0131k su tarifelerini su tasarrufunu da \u00f6zendirecek \u015fekilde yeniden d\u00fczenledi.\u00a0\u0130ZM\u0130R (\u0130GFA) &#8211;\u00a0\u0130ZSU Genel M\u00fcd\u00fcrl\u00fc\u011f\u00fc\u2019n\u00fcn Ola\u011fan\u00fcst\u00fc Genel Kurul Toplant\u0131s\u0131\u2019nda su ve at\u0131k su tarifelerini su tasarrufunu da \u00f6zendirecek \u015fekilde yeniden d\u00fczenlendi. May\u0131s ay\u0131ndan itibaren ge\u00e7erli olacak yeni tarifeye g\u00f6re 0-4 metrek\u00fcp su kullan\u0131m\u0131 (1. kademe)\u00a0 haricindeki kademelerde ortalama y\u00fczde 11 oran\u0131nda art\u0131\u015f yap\u0131ld\u0131. Ba\u015fta elektri\u011fe yap\u0131lan y\u00fczde 25\u2019lik zam olmak \u00fczere artan maliyet art\u0131\u015flar\u0131 ve kurakl\u0131k sonucu azalan su kaynaklar\u0131n\u0131 korumak amac\u0131yla su tarifelerinin yeniden d\u00fczenlendi\u011fi belirtildi.\u00a0 \u0130ZM\u0130R KAYIP KA\u00c7AK ORANINDA EN \u0130Y\u0130 YED\u0130NC\u0130 \u015eEH\u0130R Genel kurul toplant\u0131s\u0131nda konu\u015fan \u0130zmir B\u00fcy\u00fck\u015fehir Belediyesi Meclis Ba\u015fkan Vekili Dr. Zafer Levent Y\u0131ld\u0131r, suyun \u00e7ok de\u011ferli oldu\u011funu belirterek tasarrufa dikkat \u00e7ekti. Y\u0131ld\u0131r, \u201c\u0130stanbul&#8217;un su ihtiyac\u0131n\u0131n y\u00fczde 98\u2019i, Ankara&#8217;n\u0131n su ihtiyac\u0131n\u0131n y\u00fczde 99\u2019u yer \u00fcst\u00fc sular\u0131ndan kar\u015f\u0131l\u0131yor. \u0130zmir&#8217;de ise bu oran y\u00fczde 35.\u00a0 Bunu d\u00fc\u015f\u00fcnmek zorunday\u0131z. Her konuda tasarrufa b\u00fcy\u00fck \u00f6nem veriyoruz. \u0130ZSU verilerinden hareketle \u0130zmir kay\u0131p ka\u00e7ak oran\u0131nda en iyi yedinci \u015fehir. Bundan sonraki s\u00fcre\u00e7te tasarrufla ilgili \u00e7al\u0131\u015fmalar\u0131m\u0131z s\u00fcrecek\u201d \u015feklinde konu\u015ftu.\u00a0 SUSUZLUKLA M\u00dcCADELE TOPYEK\u00dbN B\u0130R M\u00dcCADELED\u0130R CHP Grup Ba\u015fkan Vekili Altan \u0130nan\u00e7 ise, \u201cSu alt\u0131n kadar k\u0131ymetli. Yurtta\u015flar\u0131m\u0131za suyu tasarruflu kullanmalar\u0131 \u00e7a\u011fr\u0131s\u0131 yap\u0131yoruz.\u00a0 Su kullan\u0131m\u0131n\u0131 hem g\u00fcnl\u00fck hayatta hem tar\u0131mda d\u00fczenlemeliyiz. &hellip;<\/p>","protected":false},"author":1,"featured_media":0,"comment_status":"","ping_status":"open","sticky":false,"template":"","format":"standard","meta":{"_acf_changed":false,"footnotes":""},"categories":[24],"tags":[],"class_list":["post-59102","post","type-post","status-publish","format-standard","has-post-thumbnail","hentry","category-gundem"],"acf":[],"yoast_head":"<!-- This site is optimized with the Yoast SEO Premium plugin v26.6 (Yoast SEO v27.1.1) - https:\/\/yoast.com\/product\/yoast-seo-premium-wordpress\/ -->\n<title>\u0130zmir&#039;de su tarifelerinde yeni d\u00fczenleme - Av. Deniz Can K\u0131z\u0131l<\/title>\n<meta name=\"robots\" content=\"index, follow, max-snippet:-1, max-image-preview:large, max-video-preview:-1\" \/>\n<link rel=\"canonical\" href=\"https:\/\/denizcankizil.tr\/de\/haberler\/gundem\/izmirde-su-tarifelerinde-yeni-duzenleme\/\" \/>\n<meta property=\"og:locale\" content=\"de_DE\" \/>\n<meta property=\"og:type\" content=\"article\" \/>\n<meta property=\"og:title\" content=\"\u0130zmir&#039;de su tarifelerinde yeni d\u00fczenleme\" \/>\n<meta property=\"og:description\" content=\"\u0130ZSU Genel M\u00fcd\u00fcrl\u00fc\u011f\u00fc ba\u015fta t\u00fcketilen elektrik olmak \u00fczere girdi maliyetlerindeki art\u0131\u015flar do\u011frultusunda su ve at\u0131k su tarifelerini su tasarrufunu da \u00f6zendirecek \u015fekilde yeniden d\u00fczenledi.\u00a0\u0130ZM\u0130R (\u0130GFA) &#8211;\u00a0\u0130ZSU Genel M\u00fcd\u00fcrl\u00fc\u011f\u00fc\u2019n\u00fcn Ola\u011fan\u00fcst\u00fc Genel Kurul Toplant\u0131s\u0131\u2019nda su ve at\u0131k su tarifelerini su tasarrufunu da \u00f6zendirecek \u015fekilde yeniden d\u00fczenlendi. May\u0131s ay\u0131ndan itibaren ge\u00e7erli olacak yeni tarifeye g\u00f6re 0-4 metrek\u00fcp su kullan\u0131m\u0131 (1. kademe)\u00a0 haricindeki kademelerde ortalama y\u00fczde 11 oran\u0131nda art\u0131\u015f yap\u0131ld\u0131. Ba\u015fta elektri\u011fe yap\u0131lan y\u00fczde 25\u2019lik zam olmak \u00fczere artan maliyet art\u0131\u015flar\u0131 ve kurakl\u0131k sonucu azalan su kaynaklar\u0131n\u0131 korumak amac\u0131yla su tarifelerinin yeniden d\u00fczenlendi\u011fi belirtildi.\u00a0 \u0130ZM\u0130R KAYIP KA\u00c7AK ORANINDA EN \u0130Y\u0130 YED\u0130NC\u0130 \u015eEH\u0130R Genel kurul toplant\u0131s\u0131nda konu\u015fan \u0130zmir B\u00fcy\u00fck\u015fehir Belediyesi Meclis Ba\u015fkan Vekili Dr. Zafer Levent Y\u0131ld\u0131r, suyun \u00e7ok de\u011ferli oldu\u011funu belirterek tasarrufa dikkat \u00e7ekti. Y\u0131ld\u0131r, \u201c\u0130stanbul&#8217;un su ihtiyac\u0131n\u0131n y\u00fczde 98\u2019i, Ankara&#8217;n\u0131n su ihtiyac\u0131n\u0131n y\u00fczde 99\u2019u yer \u00fcst\u00fc sular\u0131ndan kar\u015f\u0131l\u0131yor. \u0130zmir&#8217;de ise bu oran y\u00fczde 35.\u00a0 Bunu d\u00fc\u015f\u00fcnmek zorunday\u0131z. Her konuda tasarrufa b\u00fcy\u00fck \u00f6nem veriyoruz. \u0130ZSU verilerinden hareketle \u0130zmir kay\u0131p ka\u00e7ak oran\u0131nda en iyi yedinci \u015fehir. Bundan sonraki s\u00fcre\u00e7te tasarrufla ilgili \u00e7al\u0131\u015fmalar\u0131m\u0131z s\u00fcrecek\u201d \u015feklinde konu\u015ftu.\u00a0 SUSUZLUKLA M\u00dcCADELE TOPYEK\u00dbN B\u0130R M\u00dcCADELED\u0130R CHP Grup Ba\u015fkan Vekili Altan \u0130nan\u00e7 ise, \u201cSu alt\u0131n kadar k\u0131ymetli. Yurtta\u015flar\u0131m\u0131za suyu tasarruflu kullanmalar\u0131 \u00e7a\u011fr\u0131s\u0131 yap\u0131yoruz.\u00a0 Su kullan\u0131m\u0131n\u0131 hem g\u00fcnl\u00fck hayatta hem tar\u0131mda d\u00fczenlemeliyiz. &hellip;\" \/>\n<meta property=\"og:url\" content=\"https:\/\/denizcankizil.tr\/de\/haberler\/gundem\/izmirde-su-tarifelerinde-yeni-duzenleme\/\" \/>\n<meta property=\"og:site_name\" content=\"Av. Deniz Can K\u0131z\u0131l\" \/>\n<meta property=\"article:published_time\" content=\"2025-04-18T04:41:51+00:00\" \/>\n<meta name=\"author\" content=\"admin\" \/>\n<meta name=\"twitter:card\" content=\"summary_large_image\" \/>\n<meta name=\"twitter:label1\" content=\"Verfasst von\" \/>\n\t<meta name=\"twitter:data1\" content=\"admin\" \/>\n\t<meta name=\"twitter:label2\" content=\"Gesch\u00e4tzte Lesezeit\" \/>\n\t<meta name=\"twitter:data2\" content=\"6\u00a0Minuten\" \/>\n<script type=\"application\/ld+json\" class=\"yoast-schema-graph\">{\"@context\":\"https:\/\/schema.org\",\"@graph\":[{\"@type\":\"Article\",\"@id\":\"https:\/\/denizcankizil.tr\/ru\/haberler\/gundem\/izmirde-su-tarifelerinde-yeni-duzenleme\/#article\",\"isPartOf\":{\"@id\":\"https:\/\/denizcankizil.tr\/ru\/haberler\/gundem\/izmirde-su-tarifelerinde-yeni-duzenleme\/\"},\"author\":{\"name\":\"admin\",\"@id\":\"https:\/\/denizcankizil.tr\/de\/#\/schema\/person\/be3c05fe6a12686905512445d8185489\"},\"headline\":\"\u0130zmir&#8217;de su tarifelerinde yeni d\u00fczenleme\",\"datePublished\":\"2025-04-18T04:41:51+00:00\",\"mainEntityOfPage\":{\"@id\":\"https:\/\/denizcankizil.tr\/ru\/haberler\/gundem\/izmirde-su-tarifelerinde-yeni-duzenleme\/\"},\"wordCount\":1207,\"publisher\":{\"@id\":\"https:\/\/denizcankizil.tr\/de\/#organization\"},\"articleSection\":[\"G\u00fcndem\"],\"inLanguage\":\"de\"},{\"@type\":\"WebPage\",\"@id\":\"https:\/\/denizcankizil.tr\/ru\/haberler\/gundem\/izmirde-su-tarifelerinde-yeni-duzenleme\/\",\"url\":\"https:\/\/denizcankizil.tr\/ru\/haberler\/gundem\/izmirde-su-tarifelerinde-yeni-duzenleme\/\",\"name\":\"\u0130zmir'de su tarifelerinde yeni d\u00fczenleme - Av. Deniz Can K\u0131z\u0131l\",\"isPartOf\":{\"@id\":\"https:\/\/denizcankizil.tr\/de\/#website\"},\"datePublished\":\"2025-04-18T04:41:51+00:00\",\"breadcrumb\":{\"@id\":\"https:\/\/denizcankizil.tr\/ru\/haberler\/gundem\/izmirde-su-tarifelerinde-yeni-duzenleme\/#breadcrumb\"},\"inLanguage\":\"de\",\"potentialAction\":[{\"@type\":\"ReadAction\",\"target\":[\"https:\/\/denizcankizil.tr\/ru\/haberler\/gundem\/izmirde-su-tarifelerinde-yeni-duzenleme\/\"]}]},{\"@type\":\"BreadcrumbList\",\"@id\":\"https:\/\/denizcankizil.tr\/ru\/haberler\/gundem\/izmirde-su-tarifelerinde-yeni-duzenleme\/#breadcrumb\",\"itemListElement\":[{\"@type\":\"ListItem\",\"position\":1,\"name\":\"Home\",\"item\":\"https:\/\/denizcankizil.tr\/de\/\"},{\"@type\":\"ListItem\",\"position\":2,\"name\":\"\u0130zmir&#8217;de su tarifelerinde yeni d\u00fczenleme\"}]},{\"@type\":\"WebSite\",\"@id\":\"https:\/\/denizcankizil.tr\/de\/#website\",\"url\":\"https:\/\/denizcankizil.tr\/de\/\",\"name\":\"Av. Deniz Can K\u0131z\u0131l\",\"description\":\"Avukat Deniz Can K\u0131z\u0131l Antalya Barosu\",\"publisher\":{\"@id\":\"https:\/\/denizcankizil.tr\/de\/#organization\"},\"potentialAction\":[{\"@type\":\"SearchAction\",\"target\":{\"@type\":\"EntryPoint\",\"urlTemplate\":\"https:\/\/denizcankizil.tr\/de\/?s={search_term_string}\"},\"query-input\":{\"@type\":\"PropertyValueSpecification\",\"valueRequired\":true,\"valueName\":\"search_term_string\"}}],\"inLanguage\":\"de\"},{\"@type\":\"Organization\",\"@id\":\"https:\/\/denizcankizil.tr\/de\/#organization\",\"name\":\"Av. Deniz Can K\u0131z\u0131l\",\"url\":\"https:\/\/denizcankizil.tr\/de\/\",\"logo\":{\"@type\":\"ImageObject\",\"inLanguage\":\"de\",\"@id\":\"https:\/\/denizcankizil.tr\/de\/#\/schema\/logo\/image\/\",\"url\":\"https:\/\/denizcankizil.tr\/wp-content\/uploads\/2024\/10\/siyah-logo-svg.svg\",\"contentUrl\":\"https:\/\/denizcankizil.tr\/wp-content\/uploads\/2024\/10\/siyah-logo-svg.svg\",\"width\":1080,\"height\":1080,\"caption\":\"Av. Deniz Can K\u0131z\u0131l\"},\"image\":{\"@id\":\"https:\/\/denizcankizil.tr\/de\/#\/schema\/logo\/image\/\"}},{\"@type\":\"Person\",\"@id\":\"https:\/\/denizcankizil.tr\/de\/#\/schema\/person\/be3c05fe6a12686905512445d8185489\",\"name\":\"admin\",\"image\":{\"@type\":\"ImageObject\",\"inLanguage\":\"de\",\"@id\":\"https:\/\/denizcankizil.tr\/de\/#\/schema\/person\/image\/\",\"url\":\"https:\/\/secure.gravatar.com\/avatar\/c1fce94c830dc79107e174f890d7210541c4a63e8e5d816341794a2151c9d58c?s=96&d=mm&r=g\",\"contentUrl\":\"https:\/\/secure.gravatar.com\/avatar\/c1fce94c830dc79107e174f890d7210541c4a63e8e5d816341794a2151c9d58c?s=96&d=mm&r=g\",\"caption\":\"admin\"},\"sameAs\":[\"http:\/\/denizcankizil.tr\"],\"url\":\"https:\/\/www.iskenderun.org\/izmirde-su-tarifelerinde-yeni-duzenleme\"}]}<\/script>\n<!-- \/ Yoast SEO Premium plugin. -->","yoast_head_json":{"title":"\u0130zmir'de su tarifelerinde yeni d\u00fczenleme - Av. Deniz Can K\u0131z\u0131l","robots":{"index":"index","follow":"follow","max-snippet":"max-snippet:-1","max-image-preview":"max-image-preview:large","max-video-preview":"max-video-preview:-1"},"canonical":"https:\/\/denizcankizil.tr\/de\/haberler\/gundem\/izmirde-su-tarifelerinde-yeni-duzenleme\/","og_locale":"de_DE","og_type":"article","og_title":"\u0130zmir'de su tarifelerinde yeni d\u00fczenleme","og_description":"\u0130ZSU Genel M\u00fcd\u00fcrl\u00fc\u011f\u00fc ba\u015fta t\u00fcketilen elektrik olmak \u00fczere girdi maliyetlerindeki art\u0131\u015flar do\u011frultusunda su ve at\u0131k su tarifelerini su tasarrufunu da \u00f6zendirecek \u015fekilde yeniden d\u00fczenledi.\u00a0\u0130ZM\u0130R (\u0130GFA) &#8211;\u00a0\u0130ZSU Genel M\u00fcd\u00fcrl\u00fc\u011f\u00fc\u2019n\u00fcn Ola\u011fan\u00fcst\u00fc Genel Kurul Toplant\u0131s\u0131\u2019nda su ve at\u0131k su tarifelerini su tasarrufunu da \u00f6zendirecek \u015fekilde yeniden d\u00fczenlendi. May\u0131s ay\u0131ndan itibaren ge\u00e7erli olacak yeni tarifeye g\u00f6re 0-4 metrek\u00fcp su kullan\u0131m\u0131 (1. kademe)\u00a0 haricindeki kademelerde ortalama y\u00fczde 11 oran\u0131nda art\u0131\u015f yap\u0131ld\u0131. Ba\u015fta elektri\u011fe yap\u0131lan y\u00fczde 25\u2019lik zam olmak \u00fczere artan maliyet art\u0131\u015flar\u0131 ve kurakl\u0131k sonucu azalan su kaynaklar\u0131n\u0131 korumak amac\u0131yla su tarifelerinin yeniden d\u00fczenlendi\u011fi belirtildi.\u00a0 \u0130ZM\u0130R KAYIP KA\u00c7AK ORANINDA EN \u0130Y\u0130 YED\u0130NC\u0130 \u015eEH\u0130R Genel kurul toplant\u0131s\u0131nda konu\u015fan \u0130zmir B\u00fcy\u00fck\u015fehir Belediyesi Meclis Ba\u015fkan Vekili Dr. Zafer Levent Y\u0131ld\u0131r, suyun \u00e7ok de\u011ferli oldu\u011funu belirterek tasarrufa dikkat \u00e7ekti. Y\u0131ld\u0131r, \u201c\u0130stanbul&#8217;un su ihtiyac\u0131n\u0131n y\u00fczde 98\u2019i, Ankara&#8217;n\u0131n su ihtiyac\u0131n\u0131n y\u00fczde 99\u2019u yer \u00fcst\u00fc sular\u0131ndan kar\u015f\u0131l\u0131yor. \u0130zmir&#8217;de ise bu oran y\u00fczde 35.\u00a0 Bunu d\u00fc\u015f\u00fcnmek zorunday\u0131z. Her konuda tasarrufa b\u00fcy\u00fck \u00f6nem veriyoruz. \u0130ZSU verilerinden hareketle \u0130zmir kay\u0131p ka\u00e7ak oran\u0131nda en iyi yedinci \u015fehir. Bundan sonraki s\u00fcre\u00e7te tasarrufla ilgili \u00e7al\u0131\u015fmalar\u0131m\u0131z s\u00fcrecek\u201d \u015feklinde konu\u015ftu.\u00a0 SUSUZLUKLA M\u00dcCADELE TOPYEK\u00dbN B\u0130R M\u00dcCADELED\u0130R CHP Grup Ba\u015fkan Vekili Altan \u0130nan\u00e7 ise, \u201cSu alt\u0131n kadar k\u0131ymetli. Yurtta\u015flar\u0131m\u0131za suyu tasarruflu kullanmalar\u0131 \u00e7a\u011fr\u0131s\u0131 yap\u0131yoruz.\u00a0 Su kullan\u0131m\u0131n\u0131 hem g\u00fcnl\u00fck hayatta hem tar\u0131mda d\u00fczenlemeliyiz. &hellip;","og_url":"https:\/\/denizcankizil.tr\/de\/haberler\/gundem\/izmirde-su-tarifelerinde-yeni-duzenleme\/","og_site_name":"Av. Deniz Can K\u0131z\u0131l","article_published_time":"2025-04-18T04:41:51+00:00","author":"admin","twitter_card":"summary_large_image","twitter_misc":{"Verfasst von":"admin","Gesch\u00e4tzte Lesezeit":"6\u00a0Minuten"},"schema":{"@context":"https:\/\/schema.org","@graph":[{"@type":"Article","@id":"https:\/\/denizcankizil.tr\/ru\/haberler\/gundem\/izmirde-su-tarifelerinde-yeni-duzenleme\/#article","isPartOf":{"@id":"https:\/\/denizcankizil.tr\/ru\/haberler\/gundem\/izmirde-su-tarifelerinde-yeni-duzenleme\/"},"author":{"name":"admin","@id":"https:\/\/denizcankizil.tr\/de\/#\/schema\/person\/be3c05fe6a12686905512445d8185489"},"headline":"\u0130zmir&#8217;de su tarifelerinde yeni d\u00fczenleme","datePublished":"2025-04-18T04:41:51+00:00","mainEntityOfPage":{"@id":"https:\/\/denizcankizil.tr\/ru\/haberler\/gundem\/izmirde-su-tarifelerinde-yeni-duzenleme\/"},"wordCount":1207,"publisher":{"@id":"https:\/\/denizcankizil.tr\/de\/#organization"},"articleSection":["G\u00fcndem"],"inLanguage":"de"},{"@type":"WebPage","@id":"https:\/\/denizcankizil.tr\/ru\/haberler\/gundem\/izmirde-su-tarifelerinde-yeni-duzenleme\/","url":"https:\/\/denizcankizil.tr\/ru\/haberler\/gundem\/izmirde-su-tarifelerinde-yeni-duzenleme\/","name":"\u0130zmir'de su tarifelerinde yeni d\u00fczenleme - Av. Deniz Can K\u0131z\u0131l","isPartOf":{"@id":"https:\/\/denizcankizil.tr\/de\/#website"},"datePublished":"2025-04-18T04:41:51+00:00","breadcrumb":{"@id":"https:\/\/denizcankizil.tr\/ru\/haberler\/gundem\/izmirde-su-tarifelerinde-yeni-duzenleme\/#breadcrumb"},"inLanguage":"de","potentialAction":[{"@type":"ReadAction","target":["https:\/\/denizcankizil.tr\/ru\/haberler\/gundem\/izmirde-su-tarifelerinde-yeni-duzenleme\/"]}]},{"@type":"BreadcrumbList","@id":"https:\/\/denizcankizil.tr\/ru\/haberler\/gundem\/izmirde-su-tarifelerinde-yeni-duzenleme\/#breadcrumb","itemListElement":[{"@type":"ListItem","position":1,"name":"Home","item":"https:\/\/denizcankizil.tr\/de\/"},{"@type":"ListItem","position":2,"name":"\u0130zmir&#8217;de su tarifelerinde yeni d\u00fczenleme"}]},{"@type":"WebSite","@id":"https:\/\/denizcankizil.tr\/de\/#website","url":"https:\/\/denizcankizil.tr\/de\/","name":"Av. Deniz Can K\u0131z\u0131l","description":"Avukat Deniz Can K\u0131z\u0131l Antalya Barosu","publisher":{"@id":"https:\/\/denizcankizil.tr\/de\/#organization"},"potentialAction":[{"@type":"SearchAction","target":{"@type":"EntryPoint","urlTemplate":"https:\/\/denizcankizil.tr\/de\/?s={search_term_string}"},"query-input":{"@type":"PropertyValueSpecification","valueRequired":true,"valueName":"search_term_string"}}],"inLanguage":"de"},{"@type":"Organization","@id":"https:\/\/denizcankizil.tr\/de\/#organization","name":"Av. Deniz Can K\u0131z\u0131l","url":"https:\/\/denizcankizil.tr\/de\/","logo":{"@type":"ImageObject","inLanguage":"de","@id":"https:\/\/denizcankizil.tr\/de\/#\/schema\/logo\/image\/","url":"https:\/\/denizcankizil.tr\/wp-content\/uploads\/2024\/10\/siyah-logo-svg.svg","contentUrl":"https:\/\/denizcankizil.tr\/wp-content\/uploads\/2024\/10\/siyah-logo-svg.svg","width":1080,"height":1080,"caption":"Av. Deniz Can K\u0131z\u0131l"},"image":{"@id":"https:\/\/denizcankizil.tr\/de\/#\/schema\/logo\/image\/"}},{"@type":"Person","@id":"https:\/\/denizcankizil.tr\/de\/#\/schema\/person\/be3c05fe6a12686905512445d8185489","name":"Administrator","image":{"@type":"ImageObject","inLanguage":"de","@id":"https:\/\/denizcankizil.tr\/de\/#\/schema\/person\/image\/","url":"https:\/\/secure.gravatar.com\/avatar\/c1fce94c830dc79107e174f890d7210541c4a63e8e5d816341794a2151c9d58c?s=96&d=mm&r=g","contentUrl":"https:\/\/secure.gravatar.com\/avatar\/c1fce94c830dc79107e174f890d7210541c4a63e8e5d816341794a2151c9d58c?s=96&d=mm&r=g","caption":"admin"},"sameAs":["http:\/\/denizcankizil.tr"],"url":"https:\/\/www.iskenderun.org\/izmirde-su-tarifelerinde-yeni-duzenleme"}]}},"_links":{"self":[{"href":"https:\/\/denizcankizil.tr\/de\/wp-json\/wp\/v2\/posts\/59102","targetHints":{"allow":["GET"]}}],"collection":[{"href":"https:\/\/denizcankizil.tr\/de\/wp-json\/wp\/v2\/posts"}],"about":[{"href":"https:\/\/denizcankizil.tr\/de\/wp-json\/wp\/v2\/types\/post"}],"author":[{"embeddable":true,"href":"https:\/\/denizcankizil.tr\/de\/wp-json\/wp\/v2\/users\/1"}],"replies":[{"embeddable":true,"href":"https:\/\/denizcankizil.tr\/de\/wp-json\/wp\/v2\/comments?post=59102"}],"version-history":[{"count":0,"href":"https:\/\/denizcankizil.tr\/de\/wp-json\/wp\/v2\/posts\/59102\/revisions"}],"wp:attachment":[{"href":"https:\/\/denizcankizil.tr\/de\/wp-json\/wp\/v2\/media?parent=59102"}],"wp:term":[{"taxonomy":"category","embeddable":true,"href":"https:\/\/denizcankizil.tr\/de\/wp-json\/wp\/v2\/categories?post=59102"},{"taxonomy":"post_tag","embeddable":true,"href":"https:\/\/denizcankizil.tr\/de\/wp-json\/wp\/v2\/tags?post=59102"}],"curies":[{"name":"wp","href":"https:\/\/api.w.org\/{rel}","templated":true}]}}