{"id":58391,"date":"2025-04-17T12:41:22","date_gmt":"2025-04-17T09:41:22","guid":{"rendered":"https:\/\/denizcankizil.tr\/uncategorized-tr\/kumru-icin-kurtarma-operasyonu\/"},"modified":"2025-04-17T12:41:22","modified_gmt":"2025-04-17T09:41:22","slug":"kumru-icin-kurtarma-operasyonu","status":"publish","type":"post","link":"https:\/\/denizcankizil.tr\/de\/haberler\/antalya\/kumru-icin-kurtarma-operasyonu\/","title":{"rendered":"Kumru i\u00e7in kurtarma operasyonu"},"content":{"rendered":"<p>Kuzeyyaka Mahallesi&#8217;nde meydana gelen olayda bir kumrunun elektrik tellerine tak\u0131ld\u0131\u011f\u0131n\u0131 ve \u00e7aresizce \u00e7\u0131rp\u0131nd\u0131\u011f\u0131n\u0131 g\u00f6ren vatanda\u015flar AEDA\u015e ekiplerini arayarak yard\u0131m istedi. Vatanda\u015flar\u0131n ihbar\u0131 ile belirtilen adrese gelen AEDA\u015e ekipleri vin\u00e7 yard\u0131m\u0131yla kumrunun tak\u0131ld\u0131\u011f\u0131 elektrik dire\u011fine ula\u015ft\u0131. Gerekli g\u00fcvenlik \u00f6nlemlerini alan \u00e7al\u0131\u015fan aya\u011f\u0131ndan tellere dolanan kumruyu bulundu\u011fu yerden kurtard\u0131. Ard\u0131ndan kumrunun durumu kontrol eden g\u00f6revli vincin a\u015fa\u011f\u0131ya inmesinin ard\u0131ndan kumruyu b\u0131rakarak do\u011fal ya\u015fam\u0131na d\u00f6nmesini sa\u011flad\u0131.<\/p>\n<p>Kaynak: www.kanalv.com.tr Haber Sitesinden Al\u0131nm\u0131\u015ft\u0131r.<\/p>","protected":false},"excerpt":{"rendered":"<p>Kuzeyyaka Mahallesi&#8217;nde meydana gelen olayda bir kumrunun elektrik tellerine tak\u0131ld\u0131\u011f\u0131n\u0131 ve \u00e7aresizce \u00e7\u0131rp\u0131nd\u0131\u011f\u0131n\u0131 g\u00f6ren vatanda\u015flar AEDA\u015e ekiplerini arayarak yard\u0131m istedi. Vatanda\u015flar\u0131n ihbar\u0131 ile belirtilen adrese gelen AEDA\u015e ekipleri vin\u00e7 yard\u0131m\u0131yla kumrunun tak\u0131ld\u0131\u011f\u0131 elektrik dire\u011fine ula\u015ft\u0131. Gerekli g\u00fcvenlik \u00f6nlemlerini alan \u00e7al\u0131\u015fan aya\u011f\u0131ndan tellere dolanan kumruyu bulundu\u011fu yerden kurtard\u0131. Ard\u0131ndan kumrunun durumu kontrol eden g\u00f6revli vincin a\u015fa\u011f\u0131ya inmesinin ard\u0131ndan kumruyu b\u0131rakarak do\u011fal ya\u015fam\u0131na d\u00f6nmesini sa\u011flad\u0131. Kaynak: www.kanalv.com.tr Haber Sitesinden Al\u0131nm\u0131\u015ft\u0131r.<\/p>","protected":false},"author":4,"featured_media":58392,"comment_status":"","ping_status":"open","sticky":false,"template":"","format":"standard","meta":{"_acf_changed":false,"footnotes":""},"categories":[26],"tags":[],"class_list":["post-58391","post","type-post","status-publish","format-standard","has-post-thumbnail","hentry","category-antalya"],"acf":[],"yoast_head":"<!-- This site is optimized with the Yoast SEO Premium plugin v26.6 (Yoast SEO v27.1.1) - https:\/\/yoast.com\/product\/yoast-seo-premium-wordpress\/ -->\n<title>Kumru i\u00e7in kurtarma operasyonu - Av. Deniz Can K\u0131z\u0131l<\/title>\n<meta name=\"robots\" content=\"index, follow, max-snippet:-1, max-image-preview:large, max-video-preview:-1\" \/>\n<link rel=\"canonical\" href=\"https:\/\/denizcankizil.tr\/de\/haberler\/antalya\/kumru-icin-kurtarma-operasyonu\/\" \/>\n<meta property=\"og:locale\" content=\"de_DE\" \/>\n<meta property=\"og:type\" content=\"article\" \/>\n<meta property=\"og:title\" content=\"Kumru i\u00e7in kurtarma operasyonu\" \/>\n<meta property=\"og:description\" content=\"Kuzeyyaka Mahallesi&#8217;nde meydana gelen olayda bir kumrunun elektrik tellerine tak\u0131ld\u0131\u011f\u0131n\u0131 ve \u00e7aresizce \u00e7\u0131rp\u0131nd\u0131\u011f\u0131n\u0131 g\u00f6ren vatanda\u015flar AEDA\u015e ekiplerini arayarak yard\u0131m istedi. Vatanda\u015flar\u0131n ihbar\u0131 ile belirtilen adrese gelen AEDA\u015e ekipleri vin\u00e7 yard\u0131m\u0131yla kumrunun tak\u0131ld\u0131\u011f\u0131 elektrik dire\u011fine ula\u015ft\u0131. Gerekli g\u00fcvenlik \u00f6nlemlerini alan \u00e7al\u0131\u015fan aya\u011f\u0131ndan tellere dolanan kumruyu bulundu\u011fu yerden kurtard\u0131. Ard\u0131ndan kumrunun durumu kontrol eden g\u00f6revli vincin a\u015fa\u011f\u0131ya inmesinin ard\u0131ndan kumruyu b\u0131rakarak do\u011fal ya\u015fam\u0131na d\u00f6nmesini sa\u011flad\u0131. Kaynak: www.kanalv.com.tr Haber Sitesinden Al\u0131nm\u0131\u015ft\u0131r.\" \/>\n<meta property=\"og:url\" content=\"https:\/\/denizcankizil.tr\/de\/haberler\/antalya\/kumru-icin-kurtarma-operasyonu\/\" \/>\n<meta property=\"og:site_name\" content=\"Av. Deniz Can K\u0131z\u0131l\" \/>\n<meta property=\"article:published_time\" content=\"2025-04-17T09:41:22+00:00\" \/>\n<meta property=\"og:image\" content=\"https:\/\/denizcankizil.tr\/wp-content\/uploads\/2025\/04\/5851-01-FRYRyN.jpg\" \/>\n\t<meta property=\"og:image:width\" content=\"1280\" \/>\n\t<meta property=\"og:image:height\" content=\"720\" \/>\n\t<meta property=\"og:image:type\" content=\"image\/jpeg\" \/>\n<meta name=\"author\" content=\"Av. Deniz Can K\u0131z\u0131l\" \/>\n<meta name=\"twitter:card\" content=\"summary_large_image\" \/>\n<meta name=\"twitter:label1\" content=\"Verfasst von\" \/>\n\t<meta name=\"twitter:data1\" content=\"Av. Deniz Can K\u0131z\u0131l\" \/>\n\t<meta name=\"twitter:label2\" content=\"Gesch\u00e4tzte Lesezeit\" \/>\n\t<meta name=\"twitter:data2\" content=\"1\u00a0Minute\" \/>\n<script type=\"application\/ld+json\" class=\"yoast-schema-graph\">{\"@context\":\"https:\/\/schema.org\",\"@graph\":[{\"@type\":\"Article\",\"@id\":\"https:\/\/denizcankizil.tr\/de\/haberler\/antalya\/kumru-icin-kurtarma-operasyonu\/#article\",\"isPartOf\":{\"@id\":\"https:\/\/denizcankizil.tr\/de\/haberler\/antalya\/kumru-icin-kurtarma-operasyonu\/\"},\"author\":{\"name\":\"Av. Deniz Can K\u0131z\u0131l\",\"@id\":\"https:\/\/denizcankizil.tr\/#\/schema\/person\/5dc1b22991bd7ac833867c10afc9b0ff\"},\"headline\":\"Kumru i\u00e7in kurtarma operasyonu\",\"datePublished\":\"2025-04-17T09:41:22+00:00\",\"mainEntityOfPage\":{\"@id\":\"https:\/\/denizcankizil.tr\/de\/haberler\/antalya\/kumru-icin-kurtarma-operasyonu\/\"},\"wordCount\":109,\"publisher\":{\"@id\":\"https:\/\/denizcankizil.tr\/#organization\"},\"image\":{\"@id\":\"https:\/\/denizcankizil.tr\/de\/haberler\/antalya\/kumru-icin-kurtarma-operasyonu\/#primaryimage\"},\"thumbnailUrl\":\"https:\/\/denizcankizil.tr\/wp-content\/uploads\/2025\/04\/5851-01-FRYRyN.jpg\",\"articleSection\":[\"Antalya\"],\"inLanguage\":\"de\"},{\"@type\":\"WebPage\",\"@id\":\"https:\/\/denizcankizil.tr\/de\/haberler\/antalya\/kumru-icin-kurtarma-operasyonu\/\",\"url\":\"https:\/\/denizcankizil.tr\/de\/haberler\/antalya\/kumru-icin-kurtarma-operasyonu\/\",\"name\":\"Kumru i\u00e7in kurtarma operasyonu - Av. Deniz Can K\u0131z\u0131l\",\"isPartOf\":{\"@id\":\"https:\/\/denizcankizil.tr\/#website\"},\"primaryImageOfPage\":{\"@id\":\"https:\/\/denizcankizil.tr\/de\/haberler\/antalya\/kumru-icin-kurtarma-operasyonu\/#primaryimage\"},\"image\":{\"@id\":\"https:\/\/denizcankizil.tr\/de\/haberler\/antalya\/kumru-icin-kurtarma-operasyonu\/#primaryimage\"},\"thumbnailUrl\":\"https:\/\/denizcankizil.tr\/wp-content\/uploads\/2025\/04\/5851-01-FRYRyN.jpg\",\"datePublished\":\"2025-04-17T09:41:22+00:00\",\"breadcrumb\":{\"@id\":\"https:\/\/denizcankizil.tr\/de\/haberler\/antalya\/kumru-icin-kurtarma-operasyonu\/#breadcrumb\"},\"inLanguage\":\"de\",\"potentialAction\":[{\"@type\":\"ReadAction\",\"target\":[\"https:\/\/denizcankizil.tr\/de\/haberler\/antalya\/kumru-icin-kurtarma-operasyonu\/\"]}]},{\"@type\":\"ImageObject\",\"inLanguage\":\"de\",\"@id\":\"https:\/\/denizcankizil.tr\/de\/haberler\/antalya\/kumru-icin-kurtarma-operasyonu\/#primaryimage\",\"url\":\"https:\/\/denizcankizil.tr\/wp-content\/uploads\/2025\/04\/5851-01-FRYRyN.jpg\",\"contentUrl\":\"https:\/\/denizcankizil.tr\/wp-content\/uploads\/2025\/04\/5851-01-FRYRyN.jpg\",\"width\":1280,\"height\":720},{\"@type\":\"BreadcrumbList\",\"@id\":\"https:\/\/denizcankizil.tr\/de\/haberler\/antalya\/kumru-icin-kurtarma-operasyonu\/#breadcrumb\",\"itemListElement\":[{\"@type\":\"ListItem\",\"position\":1,\"name\":\"Home\",\"item\":\"https:\/\/denizcankizil.tr\/uk\/\"},{\"@type\":\"ListItem\",\"position\":2,\"name\":\"Kumru i\u00e7in kurtarma operasyonu\"}]},{\"@type\":\"WebSite\",\"@id\":\"https:\/\/denizcankizil.tr\/#website\",\"url\":\"https:\/\/denizcankizil.tr\/\",\"name\":\"Av. Deniz Can K\u0131z\u0131l\",\"description\":\"Avukat Deniz Can K\u0131z\u0131l Antalya Barosu\",\"publisher\":{\"@id\":\"https:\/\/denizcankizil.tr\/#organization\"},\"potentialAction\":[{\"@type\":\"SearchAction\",\"target\":{\"@type\":\"EntryPoint\",\"urlTemplate\":\"https:\/\/denizcankizil.tr\/?s={search_term_string}\"},\"query-input\":{\"@type\":\"PropertyValueSpecification\",\"valueRequired\":true,\"valueName\":\"search_term_string\"}}],\"inLanguage\":\"de\"},{\"@type\":\"Organization\",\"@id\":\"https:\/\/denizcankizil.tr\/#organization\",\"name\":\"Av. Deniz Can K\u0131z\u0131l\",\"url\":\"https:\/\/denizcankizil.tr\/\",\"logo\":{\"@type\":\"ImageObject\",\"inLanguage\":\"de\",\"@id\":\"https:\/\/denizcankizil.tr\/#\/schema\/logo\/image\/\",\"url\":\"https:\/\/denizcankizil.tr\/wp-content\/uploads\/2024\/10\/siyah-logo-svg.svg\",\"contentUrl\":\"https:\/\/denizcankizil.tr\/wp-content\/uploads\/2024\/10\/siyah-logo-svg.svg\",\"width\":1080,\"height\":1080,\"caption\":\"Av. Deniz Can K\u0131z\u0131l\"},\"image\":{\"@id\":\"https:\/\/denizcankizil.tr\/#\/schema\/logo\/image\/\"}},{\"@type\":\"Person\",\"@id\":\"https:\/\/denizcankizil.tr\/#\/schema\/person\/5dc1b22991bd7ac833867c10afc9b0ff\",\"name\":\"Av. Deniz Can K\u0131z\u0131l\",\"image\":{\"@type\":\"ImageObject\",\"inLanguage\":\"de\",\"@id\":\"https:\/\/denizcankizil.tr\/#\/schema\/person\/image\/\",\"url\":\"https:\/\/secure.gravatar.com\/avatar\/a0b128fb9855c79efc976d5640eedb31dc35ec297594d6016d2cf7c60e975bb6?s=96&d=mm&r=g\",\"contentUrl\":\"https:\/\/secure.gravatar.com\/avatar\/a0b128fb9855c79efc976d5640eedb31dc35ec297594d6016d2cf7c60e975bb6?s=96&d=mm&r=g\",\"caption\":\"Av. Deniz Can K\u0131z\u0131l\"},\"sameAs\":[\"http:\/\/www.denizcankizil.tr\"],\"url\":\"https:\/\/denizcankizil.tr\/de\/author\/denizcankizil\/\"}]}<\/script>\n<!-- \/ Yoast SEO Premium plugin. -->","yoast_head_json":{"title":"Kumru i\u00e7in kurtarma operasyonu - Av. Deniz Can K\u0131z\u0131l","robots":{"index":"index","follow":"follow","max-snippet":"max-snippet:-1","max-image-preview":"max-image-preview:large","max-video-preview":"max-video-preview:-1"},"canonical":"https:\/\/denizcankizil.tr\/de\/haberler\/antalya\/kumru-icin-kurtarma-operasyonu\/","og_locale":"de_DE","og_type":"article","og_title":"Kumru i\u00e7in kurtarma operasyonu","og_description":"Kuzeyyaka Mahallesi&#8217;nde meydana gelen olayda bir kumrunun elektrik tellerine tak\u0131ld\u0131\u011f\u0131n\u0131 ve \u00e7aresizce \u00e7\u0131rp\u0131nd\u0131\u011f\u0131n\u0131 g\u00f6ren vatanda\u015flar AEDA\u015e ekiplerini arayarak yard\u0131m istedi. Vatanda\u015flar\u0131n ihbar\u0131 ile belirtilen adrese gelen AEDA\u015e ekipleri vin\u00e7 yard\u0131m\u0131yla kumrunun tak\u0131ld\u0131\u011f\u0131 elektrik dire\u011fine ula\u015ft\u0131. Gerekli g\u00fcvenlik \u00f6nlemlerini alan \u00e7al\u0131\u015fan aya\u011f\u0131ndan tellere dolanan kumruyu bulundu\u011fu yerden kurtard\u0131. Ard\u0131ndan kumrunun durumu kontrol eden g\u00f6revli vincin a\u015fa\u011f\u0131ya inmesinin ard\u0131ndan kumruyu b\u0131rakarak do\u011fal ya\u015fam\u0131na d\u00f6nmesini sa\u011flad\u0131. Kaynak: www.kanalv.com.tr Haber Sitesinden Al\u0131nm\u0131\u015ft\u0131r.","og_url":"https:\/\/denizcankizil.tr\/de\/haberler\/antalya\/kumru-icin-kurtarma-operasyonu\/","og_site_name":"Av. Deniz Can K\u0131z\u0131l","article_published_time":"2025-04-17T09:41:22+00:00","og_image":[{"width":1280,"height":720,"url":"https:\/\/denizcankizil.tr\/wp-content\/uploads\/2025\/04\/5851-01-FRYRyN.jpg","type":"image\/jpeg"}],"author":"Av. Deniz Can K\u0131z\u0131l","twitter_card":"summary_large_image","twitter_misc":{"Verfasst von":"Av. Deniz Can K\u0131z\u0131l","Gesch\u00e4tzte Lesezeit":"1\u00a0Minute"},"schema":{"@context":"https:\/\/schema.org","@graph":[{"@type":"Article","@id":"https:\/\/denizcankizil.tr\/de\/haberler\/antalya\/kumru-icin-kurtarma-operasyonu\/#article","isPartOf":{"@id":"https:\/\/denizcankizil.tr\/de\/haberler\/antalya\/kumru-icin-kurtarma-operasyonu\/"},"author":{"name":"Av. Deniz Can K\u0131z\u0131l","@id":"https:\/\/denizcankizil.tr\/#\/schema\/person\/5dc1b22991bd7ac833867c10afc9b0ff"},"headline":"Kumru i\u00e7in kurtarma operasyonu","datePublished":"2025-04-17T09:41:22+00:00","mainEntityOfPage":{"@id":"https:\/\/denizcankizil.tr\/de\/haberler\/antalya\/kumru-icin-kurtarma-operasyonu\/"},"wordCount":109,"publisher":{"@id":"https:\/\/denizcankizil.tr\/#organization"},"image":{"@id":"https:\/\/denizcankizil.tr\/de\/haberler\/antalya\/kumru-icin-kurtarma-operasyonu\/#primaryimage"},"thumbnailUrl":"https:\/\/denizcankizil.tr\/wp-content\/uploads\/2025\/04\/5851-01-FRYRyN.jpg","articleSection":["Antalya"],"inLanguage":"de"},{"@type":"WebPage","@id":"https:\/\/denizcankizil.tr\/de\/haberler\/antalya\/kumru-icin-kurtarma-operasyonu\/","url":"https:\/\/denizcankizil.tr\/de\/haberler\/antalya\/kumru-icin-kurtarma-operasyonu\/","name":"Kumru i\u00e7in kurtarma operasyonu - Av. Deniz Can K\u0131z\u0131l","isPartOf":{"@id":"https:\/\/denizcankizil.tr\/#website"},"primaryImageOfPage":{"@id":"https:\/\/denizcankizil.tr\/de\/haberler\/antalya\/kumru-icin-kurtarma-operasyonu\/#primaryimage"},"image":{"@id":"https:\/\/denizcankizil.tr\/de\/haberler\/antalya\/kumru-icin-kurtarma-operasyonu\/#primaryimage"},"thumbnailUrl":"https:\/\/denizcankizil.tr\/wp-content\/uploads\/2025\/04\/5851-01-FRYRyN.jpg","datePublished":"2025-04-17T09:41:22+00:00","breadcrumb":{"@id":"https:\/\/denizcankizil.tr\/de\/haberler\/antalya\/kumru-icin-kurtarma-operasyonu\/#breadcrumb"},"inLanguage":"de","potentialAction":[{"@type":"ReadAction","target":["https:\/\/denizcankizil.tr\/de\/haberler\/antalya\/kumru-icin-kurtarma-operasyonu\/"]}]},{"@type":"ImageObject","inLanguage":"de","@id":"https:\/\/denizcankizil.tr\/de\/haberler\/antalya\/kumru-icin-kurtarma-operasyonu\/#primaryimage","url":"https:\/\/denizcankizil.tr\/wp-content\/uploads\/2025\/04\/5851-01-FRYRyN.jpg","contentUrl":"https:\/\/denizcankizil.tr\/wp-content\/uploads\/2025\/04\/5851-01-FRYRyN.jpg","width":1280,"height":720},{"@type":"BreadcrumbList","@id":"https:\/\/denizcankizil.tr\/de\/haberler\/antalya\/kumru-icin-kurtarma-operasyonu\/#breadcrumb","itemListElement":[{"@type":"ListItem","position":1,"name":"Home","item":"https:\/\/denizcankizil.tr\/uk\/"},{"@type":"ListItem","position":2,"name":"Kumru i\u00e7in kurtarma operasyonu"}]},{"@type":"WebSite","@id":"https:\/\/denizcankizil.tr\/#website","url":"https:\/\/denizcankizil.tr\/","name":"Av. Deniz Can K\u0131z\u0131l","description":"Avukat Deniz Can K\u0131z\u0131l Antalya Barosu","publisher":{"@id":"https:\/\/denizcankizil.tr\/#organization"},"potentialAction":[{"@type":"SearchAction","target":{"@type":"EntryPoint","urlTemplate":"https:\/\/denizcankizil.tr\/?s={search_term_string}"},"query-input":{"@type":"PropertyValueSpecification","valueRequired":true,"valueName":"search_term_string"}}],"inLanguage":"de"},{"@type":"Organization","@id":"https:\/\/denizcankizil.tr\/#organization","name":"Av. Deniz Can K\u0131z\u0131l","url":"https:\/\/denizcankizil.tr\/","logo":{"@type":"ImageObject","inLanguage":"de","@id":"https:\/\/denizcankizil.tr\/#\/schema\/logo\/image\/","url":"https:\/\/denizcankizil.tr\/wp-content\/uploads\/2024\/10\/siyah-logo-svg.svg","contentUrl":"https:\/\/denizcankizil.tr\/wp-content\/uploads\/2024\/10\/siyah-logo-svg.svg","width":1080,"height":1080,"caption":"Av. Deniz Can K\u0131z\u0131l"},"image":{"@id":"https:\/\/denizcankizil.tr\/#\/schema\/logo\/image\/"}},{"@type":"Person","@id":"https:\/\/denizcankizil.tr\/#\/schema\/person\/5dc1b22991bd7ac833867c10afc9b0ff","name":"Av. Deniz Can K\u0131z\u0131l","image":{"@type":"ImageObject","inLanguage":"de","@id":"https:\/\/denizcankizil.tr\/#\/schema\/person\/image\/","url":"https:\/\/secure.gravatar.com\/avatar\/a0b128fb9855c79efc976d5640eedb31dc35ec297594d6016d2cf7c60e975bb6?s=96&d=mm&r=g","contentUrl":"https:\/\/secure.gravatar.com\/avatar\/a0b128fb9855c79efc976d5640eedb31dc35ec297594d6016d2cf7c60e975bb6?s=96&d=mm&r=g","caption":"Av. Deniz Can K\u0131z\u0131l"},"sameAs":["http:\/\/www.denizcankizil.tr"],"url":"https:\/\/denizcankizil.tr\/de\/author\/denizcankizil\/"}]}},"_links":{"self":[{"href":"https:\/\/denizcankizil.tr\/de\/wp-json\/wp\/v2\/posts\/58391","targetHints":{"allow":["GET"]}}],"collection":[{"href":"https:\/\/denizcankizil.tr\/de\/wp-json\/wp\/v2\/posts"}],"about":[{"href":"https:\/\/denizcankizil.tr\/de\/wp-json\/wp\/v2\/types\/post"}],"author":[{"embeddable":true,"href":"https:\/\/denizcankizil.tr\/de\/wp-json\/wp\/v2\/users\/4"}],"replies":[{"embeddable":true,"href":"https:\/\/denizcankizil.tr\/de\/wp-json\/wp\/v2\/comments?post=58391"}],"version-history":[{"count":0,"href":"https:\/\/denizcankizil.tr\/de\/wp-json\/wp\/v2\/posts\/58391\/revisions"}],"wp:featuredmedia":[{"embeddable":true,"href":"https:\/\/denizcankizil.tr\/de\/wp-json\/wp\/v2\/media\/58392"}],"wp:attachment":[{"href":"https:\/\/denizcankizil.tr\/de\/wp-json\/wp\/v2\/media?parent=58391"}],"wp:term":[{"taxonomy":"category","embeddable":true,"href":"https:\/\/denizcankizil.tr\/de\/wp-json\/wp\/v2\/categories?post=58391"},{"taxonomy":"post_tag","embeddable":true,"href":"https:\/\/denizcankizil.tr\/de\/wp-json\/wp\/v2\/tags?post=58391"}],"curies":[{"name":"wp","href":"https:\/\/api.w.org\/{rel}","templated":true}]}}