{"id":57836,"date":"2025-04-16T22:41:15","date_gmt":"2025-04-16T19:41:15","guid":{"rendered":"https:\/\/denizcankizil.tr\/uncategorized-tr\/chpye-kayyum-mu-ataniyor-iddialar-art-arda-geliyor\/"},"modified":"2025-04-16T22:41:15","modified_gmt":"2025-04-16T19:41:15","slug":"chpye-kayyum-mu-ataniyor-iddialar-art-arda-geliyor","status":"publish","type":"post","link":"https:\/\/denizcankizil.tr\/de\/haberler\/gundem\/chpye-kayyum-mu-ataniyor-iddialar-art-arda-geliyor\/","title":{"rendered":"CHP\u2019ye kayyum mu atan\u0131yor? \u0130ddialar art arda geliyor\u2026"},"content":{"rendered":"<p>Gazeteci Altan Sancar ve Bar\u0131\u015f Yarkada\u015f sosyal medya \u00fczerinden yapt\u0131klar\u0131 payla\u015f\u0131mda CHP&#8217;de kayyum pani\u011fi ya\u015fand\u0131\u011f\u0131 ve t\u00fcm vekillerin genel merkeze \u00e7a\u011fr\u0131ld\u0131\u011f\u0131n\u0131 aktard\u0131. Kayyum iddias\u0131n\u0131n Ankara Emniyeti&#8217;nin 17-21 Nisan&#8217;da polislerin izinlerinin iptal edilmesinin ard\u0131ndan g\u00fc\u00e7lendi\u011fi de eklendi.<\/p>\n<p>\u201cH\u0130KMET \u00c7ET\u0130N KAYYUM OLARAK ATANACAK\u201d<\/p>\n<p>Rasim Ozan K\u00fctahyal\u0131 ise yapt\u0131\u011f\u0131 ilk payla\u015f\u0131m\u0131nda 2023 y\u0131l\u0131nda yap\u0131lan CHP kurultay\u0131n\u0131n iptal edilece\u011fini ve kayyum olarak Hikmet \u00c7etin atanaca\u011f\u0131n\u0131 iddia etmi\u015fti. K\u00fctahyal\u0131 saatler sonra yapt\u0131\u011f\u0131 payla\u015f\u0131mla iddialar\u0131 yalanlay\u0131p, \u201cCHP\u2019ye kayyum yok. CHP\u2019nin kurultay\u0131 iptal edilmiyor. 6 Nisan 2025 kurultay\u0131 ge\u00e7erlidir\u201d dedi.<\/p>\n<p>\u0130L BA\u015eKANLI\u011eINDAN \u00c7A\u011eRI <\/p>\n<p>CHP Ankara \u0130l Ba\u015fkanl\u0131\u011f\u0131, tutuklanan \u0130BB Ba\u015fkan\u0131 ve Cumhurba\u015fkan\u0131 aday\u0131 Ekrem \u0130mamo\u011flu&#8217;nun serbest b\u0131rak\u0131lmas\u0131 ba\u015flatt\u0131\u011f\u0131 imza kampanyas\u0131 kapsam\u0131nda bir \u00e7a\u011fr\u0131da bulundu. \u0130l Ba\u015fkanl\u0131\u011f\u0131, sosyal medya hesab\u0131ndan yapt\u0131\u011f\u0131 payla\u015f\u0131m ile b\u00fct\u00fcn partilileri, imza kampanyas\u0131na destek olmak i\u00e7in CHP Genel Merkezi&#8217;ne davet etti.<\/p>\n<p>\u200bGazeteci Altan Sancar ve Bar\u0131\u015f Yarkada\u015f, CHP kurultay\u0131n\u0131n iptal edilece\u011fi ve partiye kayyum atanaca\u011f\u0131na ili\u015fkin iddialar\u0131 g\u00fcndeme bomba gibi d\u00fc\u015ft\u00fc. Rasim Ozan K\u00fctahyal\u0131 ise kayyum olarak atanacak ismin &#8216;Hikmet \u00c7etin&#8217; oldu\u011funu a\u00e7\u0131klad\u0131.\u00a0<\/p>\n<p>\u200bHaberin Al\u0131nt\u0131land\u0131\u011f\u0131 Kaynak: www.antalyakorfez.com<\/p>","protected":false},"excerpt":{"rendered":"<p>Gazeteci Altan Sancar ve Bar\u0131\u015f Yarkada\u015f sosyal medya \u00fczerinden yapt\u0131klar\u0131 payla\u015f\u0131mda CHP&#8217;de kayyum pani\u011fi ya\u015fand\u0131\u011f\u0131 ve t\u00fcm vekillerin genel merkeze \u00e7a\u011fr\u0131ld\u0131\u011f\u0131n\u0131 aktard\u0131. Kayyum iddias\u0131n\u0131n Ankara Emniyeti&#8217;nin 17-21 Nisan&#8217;da polislerin izinlerinin iptal edilmesinin ard\u0131ndan g\u00fc\u00e7lendi\u011fi de eklendi. \u201cH\u0130KMET \u00c7ET\u0130N KAYYUM OLARAK ATANACAK\u201d Rasim Ozan K\u00fctahyal\u0131 ise yapt\u0131\u011f\u0131 ilk payla\u015f\u0131m\u0131nda 2023 y\u0131l\u0131nda yap\u0131lan CHP kurultay\u0131n\u0131n iptal edilece\u011fini ve kayyum olarak Hikmet \u00c7etin atanaca\u011f\u0131n\u0131 iddia etmi\u015fti. K\u00fctahyal\u0131 saatler sonra yapt\u0131\u011f\u0131 payla\u015f\u0131mla iddialar\u0131 yalanlay\u0131p, \u201cCHP\u2019ye kayyum yok. CHP\u2019nin kurultay\u0131 iptal edilmiyor. 6 Nisan 2025 kurultay\u0131 ge\u00e7erlidir\u201d dedi. \u0130L BA\u015eKANLI\u011eINDAN \u00c7A\u011eRI CHP Ankara \u0130l Ba\u015fkanl\u0131\u011f\u0131, tutuklanan \u0130BB Ba\u015fkan\u0131 ve Cumhurba\u015fkan\u0131 aday\u0131 Ekrem \u0130mamo\u011flu&#8217;nun serbest b\u0131rak\u0131lmas\u0131 ba\u015flatt\u0131\u011f\u0131 imza kampanyas\u0131 kapsam\u0131nda bir \u00e7a\u011fr\u0131da bulundu. \u0130l Ba\u015fkanl\u0131\u011f\u0131, sosyal medya hesab\u0131ndan yapt\u0131\u011f\u0131 payla\u015f\u0131m ile b\u00fct\u00fcn partilileri, imza kampanyas\u0131na destek olmak i\u00e7in CHP Genel Merkezi&#8217;ne davet etti. \u200bGazeteci Altan Sancar ve Bar\u0131\u015f Yarkada\u015f, CHP kurultay\u0131n\u0131n iptal edilece\u011fi ve partiye kayyum atanaca\u011f\u0131na ili\u015fkin iddialar\u0131 g\u00fcndeme bomba gibi d\u00fc\u015ft\u00fc. Rasim Ozan K\u00fctahyal\u0131 ise kayyum olarak atanacak ismin &#8216;Hikmet \u00c7etin&#8217; oldu\u011funu a\u00e7\u0131klad\u0131.\u00a0 \u200bHaberin Al\u0131nt\u0131land\u0131\u011f\u0131 Kaynak: www.antalyakorfez.com<\/p>","protected":false},"author":5,"featured_media":0,"comment_status":"","ping_status":"open","sticky":false,"template":"","format":"standard","meta":{"_acf_changed":false,"footnotes":""},"categories":[24],"tags":[],"class_list":["post-57836","post","type-post","status-publish","format-standard","has-post-thumbnail","hentry","category-gundem"],"acf":[],"yoast_head":"<!-- This site is optimized with the Yoast SEO Premium plugin v26.6 (Yoast SEO v27.1.1) - https:\/\/yoast.com\/product\/yoast-seo-premium-wordpress\/ -->\n<title>CHP\u2019ye kayyum mu atan\u0131yor? \u0130ddialar art arda geliyor\u2026 - Av. Deniz Can K\u0131z\u0131l<\/title>\n<meta name=\"robots\" content=\"index, follow, max-snippet:-1, max-image-preview:large, max-video-preview:-1\" \/>\n<link rel=\"canonical\" href=\"https:\/\/denizcankizil.tr\/de\/haberler\/gundem\/chpye-kayyum-mu-ataniyor-iddialar-art-arda-geliyor\/\" \/>\n<meta property=\"og:locale\" content=\"de_DE\" \/>\n<meta property=\"og:type\" content=\"article\" \/>\n<meta property=\"og:title\" content=\"CHP\u2019ye kayyum mu atan\u0131yor? \u0130ddialar art arda geliyor\u2026\" \/>\n<meta property=\"og:description\" content=\"Gazeteci Altan Sancar ve Bar\u0131\u015f Yarkada\u015f sosyal medya \u00fczerinden yapt\u0131klar\u0131 payla\u015f\u0131mda CHP&#8217;de kayyum pani\u011fi ya\u015fand\u0131\u011f\u0131 ve t\u00fcm vekillerin genel merkeze \u00e7a\u011fr\u0131ld\u0131\u011f\u0131n\u0131 aktard\u0131. Kayyum iddias\u0131n\u0131n Ankara Emniyeti&#8217;nin 17-21 Nisan&#8217;da polislerin izinlerinin iptal edilmesinin ard\u0131ndan g\u00fc\u00e7lendi\u011fi de eklendi. \u201cH\u0130KMET \u00c7ET\u0130N KAYYUM OLARAK ATANACAK\u201d Rasim Ozan K\u00fctahyal\u0131 ise yapt\u0131\u011f\u0131 ilk payla\u015f\u0131m\u0131nda 2023 y\u0131l\u0131nda yap\u0131lan CHP kurultay\u0131n\u0131n iptal edilece\u011fini ve kayyum olarak Hikmet \u00c7etin atanaca\u011f\u0131n\u0131 iddia etmi\u015fti. K\u00fctahyal\u0131 saatler sonra yapt\u0131\u011f\u0131 payla\u015f\u0131mla iddialar\u0131 yalanlay\u0131p, \u201cCHP\u2019ye kayyum yok. CHP\u2019nin kurultay\u0131 iptal edilmiyor. 6 Nisan 2025 kurultay\u0131 ge\u00e7erlidir\u201d dedi. \u0130L BA\u015eKANLI\u011eINDAN \u00c7A\u011eRI CHP Ankara \u0130l Ba\u015fkanl\u0131\u011f\u0131, tutuklanan \u0130BB Ba\u015fkan\u0131 ve Cumhurba\u015fkan\u0131 aday\u0131 Ekrem \u0130mamo\u011flu&#8217;nun serbest b\u0131rak\u0131lmas\u0131 ba\u015flatt\u0131\u011f\u0131 imza kampanyas\u0131 kapsam\u0131nda bir \u00e7a\u011fr\u0131da bulundu. \u0130l Ba\u015fkanl\u0131\u011f\u0131, sosyal medya hesab\u0131ndan yapt\u0131\u011f\u0131 payla\u015f\u0131m ile b\u00fct\u00fcn partilileri, imza kampanyas\u0131na destek olmak i\u00e7in CHP Genel Merkezi&#8217;ne davet etti. \u200bGazeteci Altan Sancar ve Bar\u0131\u015f Yarkada\u015f, CHP kurultay\u0131n\u0131n iptal edilece\u011fi ve partiye kayyum atanaca\u011f\u0131na ili\u015fkin iddialar\u0131 g\u00fcndeme bomba gibi d\u00fc\u015ft\u00fc. Rasim Ozan K\u00fctahyal\u0131 ise kayyum olarak atanacak ismin &#8216;Hikmet \u00c7etin&#8217; oldu\u011funu a\u00e7\u0131klad\u0131.\u00a0 \u200bHaberin Al\u0131nt\u0131land\u0131\u011f\u0131 Kaynak: www.antalyakorfez.com\" \/>\n<meta property=\"og:url\" content=\"https:\/\/denizcankizil.tr\/de\/haberler\/gundem\/chpye-kayyum-mu-ataniyor-iddialar-art-arda-geliyor\/\" \/>\n<meta property=\"og:site_name\" content=\"Av. Deniz Can K\u0131z\u0131l\" \/>\n<meta property=\"article:published_time\" content=\"2025-04-16T19:41:15+00:00\" \/>\n<meta name=\"author\" content=\"Antalya K\u00f6rfez\" \/>\n<meta name=\"twitter:card\" content=\"summary_large_image\" \/>\n<meta name=\"twitter:label1\" content=\"Verfasst von\" \/>\n\t<meta name=\"twitter:data1\" content=\"Antalya K\u00f6rfez\" \/>\n\t<meta name=\"twitter:label2\" content=\"Gesch\u00e4tzte Lesezeit\" \/>\n\t<meta name=\"twitter:data2\" content=\"1\u00a0Minute\" \/>\n<script type=\"application\/ld+json\" class=\"yoast-schema-graph\">{\"@context\":\"https:\/\/schema.org\",\"@graph\":[{\"@type\":\"Article\",\"@id\":\"https:\/\/denizcankizil.tr\/de\/haberler\/gundem\/chpye-kayyum-mu-ataniyor-iddialar-art-arda-geliyor\/#article\",\"isPartOf\":{\"@id\":\"https:\/\/denizcankizil.tr\/de\/haberler\/gundem\/chpye-kayyum-mu-ataniyor-iddialar-art-arda-geliyor\/\"},\"author\":{\"name\":\"Antalya K\u00f6rfez\",\"@id\":\"https:\/\/denizcankizil.tr\/#\/schema\/person\/e1eb71bb4dd684d46563f0af307e1234\"},\"headline\":\"CHP\u2019ye kayyum mu atan\u0131yor? \u0130ddialar art arda geliyor\u2026\",\"datePublished\":\"2025-04-16T19:41:15+00:00\",\"mainEntityOfPage\":{\"@id\":\"https:\/\/denizcankizil.tr\/de\/haberler\/gundem\/chpye-kayyum-mu-ataniyor-iddialar-art-arda-geliyor\/\"},\"wordCount\":241,\"publisher\":{\"@id\":\"https:\/\/denizcankizil.tr\/#organization\"},\"articleSection\":[\"G\u00fcndem\"],\"inLanguage\":\"de\"},{\"@type\":\"WebPage\",\"@id\":\"https:\/\/denizcankizil.tr\/de\/haberler\/gundem\/chpye-kayyum-mu-ataniyor-iddialar-art-arda-geliyor\/\",\"url\":\"https:\/\/denizcankizil.tr\/de\/haberler\/gundem\/chpye-kayyum-mu-ataniyor-iddialar-art-arda-geliyor\/\",\"name\":\"CHP\u2019ye kayyum mu atan\u0131yor? \u0130ddialar art arda geliyor\u2026 - Av. Deniz Can K\u0131z\u0131l\",\"isPartOf\":{\"@id\":\"https:\/\/denizcankizil.tr\/#website\"},\"datePublished\":\"2025-04-16T19:41:15+00:00\",\"breadcrumb\":{\"@id\":\"https:\/\/denizcankizil.tr\/de\/haberler\/gundem\/chpye-kayyum-mu-ataniyor-iddialar-art-arda-geliyor\/#breadcrumb\"},\"inLanguage\":\"de\",\"potentialAction\":[{\"@type\":\"ReadAction\",\"target\":[\"https:\/\/denizcankizil.tr\/de\/haberler\/gundem\/chpye-kayyum-mu-ataniyor-iddialar-art-arda-geliyor\/\"]}]},{\"@type\":\"BreadcrumbList\",\"@id\":\"https:\/\/denizcankizil.tr\/de\/haberler\/gundem\/chpye-kayyum-mu-ataniyor-iddialar-art-arda-geliyor\/#breadcrumb\",\"itemListElement\":[{\"@type\":\"ListItem\",\"position\":1,\"name\":\"Home\",\"item\":\"https:\/\/denizcankizil.tr\/de\/\"},{\"@type\":\"ListItem\",\"position\":2,\"name\":\"CHP\u2019ye kayyum mu atan\u0131yor? \u0130ddialar art arda geliyor\u2026\"}]},{\"@type\":\"WebSite\",\"@id\":\"https:\/\/denizcankizil.tr\/#website\",\"url\":\"https:\/\/denizcankizil.tr\/\",\"name\":\"Av. Deniz Can K\u0131z\u0131l\",\"description\":\"Avukat Deniz Can K\u0131z\u0131l Antalya Barosu\",\"publisher\":{\"@id\":\"https:\/\/denizcankizil.tr\/#organization\"},\"potentialAction\":[{\"@type\":\"SearchAction\",\"target\":{\"@type\":\"EntryPoint\",\"urlTemplate\":\"https:\/\/denizcankizil.tr\/?s={search_term_string}\"},\"query-input\":{\"@type\":\"PropertyValueSpecification\",\"valueRequired\":true,\"valueName\":\"search_term_string\"}}],\"inLanguage\":\"de\"},{\"@type\":\"Organization\",\"@id\":\"https:\/\/denizcankizil.tr\/#organization\",\"name\":\"Av. Deniz Can K\u0131z\u0131l\",\"url\":\"https:\/\/denizcankizil.tr\/\",\"logo\":{\"@type\":\"ImageObject\",\"inLanguage\":\"de\",\"@id\":\"https:\/\/denizcankizil.tr\/#\/schema\/logo\/image\/\",\"url\":\"https:\/\/denizcankizil.tr\/wp-content\/uploads\/2024\/10\/siyah-logo-svg.svg\",\"contentUrl\":\"https:\/\/denizcankizil.tr\/wp-content\/uploads\/2024\/10\/siyah-logo-svg.svg\",\"width\":1080,\"height\":1080,\"caption\":\"Av. Deniz Can K\u0131z\u0131l\"},\"image\":{\"@id\":\"https:\/\/denizcankizil.tr\/#\/schema\/logo\/image\/\"}},{\"@type\":\"Person\",\"@id\":\"https:\/\/denizcankizil.tr\/#\/schema\/person\/e1eb71bb4dd684d46563f0af307e1234\",\"name\":\"Antalya K\u00f6rfez\",\"image\":{\"@type\":\"ImageObject\",\"inLanguage\":\"de\",\"@id\":\"https:\/\/denizcankizil.tr\/#\/schema\/person\/image\/\",\"url\":\"https:\/\/secure.gravatar.com\/avatar\/42b01982558a48a0b501fdcab6a408d3717ea5919095ee2e67b0e521799c5905?s=96&d=mm&r=g\",\"contentUrl\":\"https:\/\/secure.gravatar.com\/avatar\/42b01982558a48a0b501fdcab6a408d3717ea5919095ee2e67b0e521799c5905?s=96&d=mm&r=g\",\"caption\":\"Antalya K\u00f6rfez\"},\"sameAs\":[\"http:\/\/www.antalyakorfez.com\"],\"url\":\"https:\/\/www.antalyakorfez.com\/chpye-kayyum-mu-ataniyor-iddialar-art-arda-geliyor\"}]}<\/script>\n<!-- \/ Yoast SEO Premium plugin. -->","yoast_head_json":{"title":"CHP\u2019ye kayyum mu atan\u0131yor? \u0130ddialar art arda geliyor\u2026 - Av. Deniz Can K\u0131z\u0131l","robots":{"index":"index","follow":"follow","max-snippet":"max-snippet:-1","max-image-preview":"max-image-preview:large","max-video-preview":"max-video-preview:-1"},"canonical":"https:\/\/denizcankizil.tr\/de\/haberler\/gundem\/chpye-kayyum-mu-ataniyor-iddialar-art-arda-geliyor\/","og_locale":"de_DE","og_type":"article","og_title":"CHP\u2019ye kayyum mu atan\u0131yor? \u0130ddialar art arda geliyor\u2026","og_description":"Gazeteci Altan Sancar ve Bar\u0131\u015f Yarkada\u015f sosyal medya \u00fczerinden yapt\u0131klar\u0131 payla\u015f\u0131mda CHP&#8217;de kayyum pani\u011fi ya\u015fand\u0131\u011f\u0131 ve t\u00fcm vekillerin genel merkeze \u00e7a\u011fr\u0131ld\u0131\u011f\u0131n\u0131 aktard\u0131. Kayyum iddias\u0131n\u0131n Ankara Emniyeti&#8217;nin 17-21 Nisan&#8217;da polislerin izinlerinin iptal edilmesinin ard\u0131ndan g\u00fc\u00e7lendi\u011fi de eklendi. \u201cH\u0130KMET \u00c7ET\u0130N KAYYUM OLARAK ATANACAK\u201d Rasim Ozan K\u00fctahyal\u0131 ise yapt\u0131\u011f\u0131 ilk payla\u015f\u0131m\u0131nda 2023 y\u0131l\u0131nda yap\u0131lan CHP kurultay\u0131n\u0131n iptal edilece\u011fini ve kayyum olarak Hikmet \u00c7etin atanaca\u011f\u0131n\u0131 iddia etmi\u015fti. K\u00fctahyal\u0131 saatler sonra yapt\u0131\u011f\u0131 payla\u015f\u0131mla iddialar\u0131 yalanlay\u0131p, \u201cCHP\u2019ye kayyum yok. CHP\u2019nin kurultay\u0131 iptal edilmiyor. 6 Nisan 2025 kurultay\u0131 ge\u00e7erlidir\u201d dedi. \u0130L BA\u015eKANLI\u011eINDAN \u00c7A\u011eRI CHP Ankara \u0130l Ba\u015fkanl\u0131\u011f\u0131, tutuklanan \u0130BB Ba\u015fkan\u0131 ve Cumhurba\u015fkan\u0131 aday\u0131 Ekrem \u0130mamo\u011flu&#8217;nun serbest b\u0131rak\u0131lmas\u0131 ba\u015flatt\u0131\u011f\u0131 imza kampanyas\u0131 kapsam\u0131nda bir \u00e7a\u011fr\u0131da bulundu. \u0130l Ba\u015fkanl\u0131\u011f\u0131, sosyal medya hesab\u0131ndan yapt\u0131\u011f\u0131 payla\u015f\u0131m ile b\u00fct\u00fcn partilileri, imza kampanyas\u0131na destek olmak i\u00e7in CHP Genel Merkezi&#8217;ne davet etti. \u200bGazeteci Altan Sancar ve Bar\u0131\u015f Yarkada\u015f, CHP kurultay\u0131n\u0131n iptal edilece\u011fi ve partiye kayyum atanaca\u011f\u0131na ili\u015fkin iddialar\u0131 g\u00fcndeme bomba gibi d\u00fc\u015ft\u00fc. Rasim Ozan K\u00fctahyal\u0131 ise kayyum olarak atanacak ismin &#8216;Hikmet \u00c7etin&#8217; oldu\u011funu a\u00e7\u0131klad\u0131.\u00a0 \u200bHaberin Al\u0131nt\u0131land\u0131\u011f\u0131 Kaynak: www.antalyakorfez.com","og_url":"https:\/\/denizcankizil.tr\/de\/haberler\/gundem\/chpye-kayyum-mu-ataniyor-iddialar-art-arda-geliyor\/","og_site_name":"Av. Deniz Can K\u0131z\u0131l","article_published_time":"2025-04-16T19:41:15+00:00","author":"Antalya K\u00f6rfez","twitter_card":"summary_large_image","twitter_misc":{"Verfasst von":"Antalya K\u00f6rfez","Gesch\u00e4tzte Lesezeit":"1\u00a0Minute"},"schema":{"@context":"https:\/\/schema.org","@graph":[{"@type":"Article","@id":"https:\/\/denizcankizil.tr\/de\/haberler\/gundem\/chpye-kayyum-mu-ataniyor-iddialar-art-arda-geliyor\/#article","isPartOf":{"@id":"https:\/\/denizcankizil.tr\/de\/haberler\/gundem\/chpye-kayyum-mu-ataniyor-iddialar-art-arda-geliyor\/"},"author":{"name":"Antalya K\u00f6rfez","@id":"https:\/\/denizcankizil.tr\/#\/schema\/person\/e1eb71bb4dd684d46563f0af307e1234"},"headline":"CHP\u2019ye kayyum mu atan\u0131yor? \u0130ddialar art arda geliyor\u2026","datePublished":"2025-04-16T19:41:15+00:00","mainEntityOfPage":{"@id":"https:\/\/denizcankizil.tr\/de\/haberler\/gundem\/chpye-kayyum-mu-ataniyor-iddialar-art-arda-geliyor\/"},"wordCount":241,"publisher":{"@id":"https:\/\/denizcankizil.tr\/#organization"},"articleSection":["G\u00fcndem"],"inLanguage":"de"},{"@type":"WebPage","@id":"https:\/\/denizcankizil.tr\/de\/haberler\/gundem\/chpye-kayyum-mu-ataniyor-iddialar-art-arda-geliyor\/","url":"https:\/\/denizcankizil.tr\/de\/haberler\/gundem\/chpye-kayyum-mu-ataniyor-iddialar-art-arda-geliyor\/","name":"CHP\u2019ye kayyum mu atan\u0131yor? \u0130ddialar art arda geliyor\u2026 - Av. Deniz Can K\u0131z\u0131l","isPartOf":{"@id":"https:\/\/denizcankizil.tr\/#website"},"datePublished":"2025-04-16T19:41:15+00:00","breadcrumb":{"@id":"https:\/\/denizcankizil.tr\/de\/haberler\/gundem\/chpye-kayyum-mu-ataniyor-iddialar-art-arda-geliyor\/#breadcrumb"},"inLanguage":"de","potentialAction":[{"@type":"ReadAction","target":["https:\/\/denizcankizil.tr\/de\/haberler\/gundem\/chpye-kayyum-mu-ataniyor-iddialar-art-arda-geliyor\/"]}]},{"@type":"BreadcrumbList","@id":"https:\/\/denizcankizil.tr\/de\/haberler\/gundem\/chpye-kayyum-mu-ataniyor-iddialar-art-arda-geliyor\/#breadcrumb","itemListElement":[{"@type":"ListItem","position":1,"name":"Home","item":"https:\/\/denizcankizil.tr\/de\/"},{"@type":"ListItem","position":2,"name":"CHP\u2019ye kayyum mu atan\u0131yor? \u0130ddialar art arda geliyor\u2026"}]},{"@type":"WebSite","@id":"https:\/\/denizcankizil.tr\/#website","url":"https:\/\/denizcankizil.tr\/","name":"Av. Deniz Can K\u0131z\u0131l","description":"Avukat Deniz Can K\u0131z\u0131l Antalya Barosu","publisher":{"@id":"https:\/\/denizcankizil.tr\/#organization"},"potentialAction":[{"@type":"SearchAction","target":{"@type":"EntryPoint","urlTemplate":"https:\/\/denizcankizil.tr\/?s={search_term_string}"},"query-input":{"@type":"PropertyValueSpecification","valueRequired":true,"valueName":"search_term_string"}}],"inLanguage":"de"},{"@type":"Organization","@id":"https:\/\/denizcankizil.tr\/#organization","name":"Av. Deniz Can K\u0131z\u0131l","url":"https:\/\/denizcankizil.tr\/","logo":{"@type":"ImageObject","inLanguage":"de","@id":"https:\/\/denizcankizil.tr\/#\/schema\/logo\/image\/","url":"https:\/\/denizcankizil.tr\/wp-content\/uploads\/2024\/10\/siyah-logo-svg.svg","contentUrl":"https:\/\/denizcankizil.tr\/wp-content\/uploads\/2024\/10\/siyah-logo-svg.svg","width":1080,"height":1080,"caption":"Av. Deniz Can K\u0131z\u0131l"},"image":{"@id":"https:\/\/denizcankizil.tr\/#\/schema\/logo\/image\/"}},{"@type":"Person","@id":"https:\/\/denizcankizil.tr\/#\/schema\/person\/e1eb71bb4dd684d46563f0af307e1234","name":"Antalya K\u00f6rfez","image":{"@type":"ImageObject","inLanguage":"de","@id":"https:\/\/denizcankizil.tr\/#\/schema\/person\/image\/","url":"https:\/\/secure.gravatar.com\/avatar\/42b01982558a48a0b501fdcab6a408d3717ea5919095ee2e67b0e521799c5905?s=96&d=mm&r=g","contentUrl":"https:\/\/secure.gravatar.com\/avatar\/42b01982558a48a0b501fdcab6a408d3717ea5919095ee2e67b0e521799c5905?s=96&d=mm&r=g","caption":"Antalya K\u00f6rfez"},"sameAs":["http:\/\/www.antalyakorfez.com"],"url":"https:\/\/www.antalyakorfez.com\/chpye-kayyum-mu-ataniyor-iddialar-art-arda-geliyor"}]}},"_links":{"self":[{"href":"https:\/\/denizcankizil.tr\/de\/wp-json\/wp\/v2\/posts\/57836","targetHints":{"allow":["GET"]}}],"collection":[{"href":"https:\/\/denizcankizil.tr\/de\/wp-json\/wp\/v2\/posts"}],"about":[{"href":"https:\/\/denizcankizil.tr\/de\/wp-json\/wp\/v2\/types\/post"}],"author":[{"embeddable":true,"href":"https:\/\/denizcankizil.tr\/de\/wp-json\/wp\/v2\/users\/5"}],"replies":[{"embeddable":true,"href":"https:\/\/denizcankizil.tr\/de\/wp-json\/wp\/v2\/comments?post=57836"}],"version-history":[{"count":0,"href":"https:\/\/denizcankizil.tr\/de\/wp-json\/wp\/v2\/posts\/57836\/revisions"}],"wp:attachment":[{"href":"https:\/\/denizcankizil.tr\/de\/wp-json\/wp\/v2\/media?parent=57836"}],"wp:term":[{"taxonomy":"category","embeddable":true,"href":"https:\/\/denizcankizil.tr\/de\/wp-json\/wp\/v2\/categories?post=57836"},{"taxonomy":"post_tag","embeddable":true,"href":"https:\/\/denizcankizil.tr\/de\/wp-json\/wp\/v2\/tags?post=57836"}],"curies":[{"name":"wp","href":"https:\/\/api.w.org\/{rel}","templated":true}]}}