{"id":57391,"date":"2025-04-16T12:41:29","date_gmt":"2025-04-16T09:41:29","guid":{"rendered":"https:\/\/denizcankizil.tr\/uncategorized-tr\/zirai-don-hasar-tespiti\/"},"modified":"2025-04-16T12:41:29","modified_gmt":"2025-04-16T09:41:29","slug":"zirai-don-hasar-tespiti","status":"publish","type":"post","link":"https:\/\/denizcankizil.tr\/de\/haberler\/antalya\/zirai-don-hasar-tespiti\/","title":{"rendered":"Zirai don hasar tespiti"},"content":{"rendered":"<p>Antalya \u0130l Tar\u0131m ve Orman M\u00fcd\u00fcr\u00fc F\u0131rat Erkal, donun etkiledi\u011fi b\u00f6lgelerden Elmal\u0131 il\u00e7esinde sahaya inerek hasar tespit \u00e7al\u0131\u015fmalar\u0131n\u0131 yerinde inceledi. M\u00fcd\u00fcr Erkal\u2019a Elmal\u0131 \u0130l\u00e7e Tar\u0131m M\u00fcd\u00fcr\u00fc Dilek Bo\u011fatimur ile Elmal\u0131 Ziraat Odas\u0131 Ba\u015fkan\u0131 Mustafa Y\u0131lmaz e\u015flik etti.<\/p>\n<p>Ziyaret kapsam\u0131nda \u00f6zellikle kay\u0131s\u0131, elma, armut, kiraz, badem ve \u015feftali bah\u00e7elerinde zarar g\u00f6zlemlendi. M\u00fcd\u00fcrl\u00fck teknik ekipleri, meteorolojik verilerle desteklenen zarar tespit \u00e7al\u0131\u015fmalar\u0131na ba\u015flad\u0131.<\/p>\n<p>\u0130ncelemeler s\u0131ras\u0131nda a\u00e7\u0131klamalarda bulunan \u0130l M\u00fcd\u00fcr\u00fc F\u0131rat Erkal, \u201cZirai don \u00f6zellikle rak\u0131m\u0131 y\u00fcksek b\u00f6lgelerde etkisini g\u00f6sterdi. Elmal\u0131 ba\u015fta olmak \u00fczere Korkuteli ve baz\u0131 yayla k\u00f6ylerinde don zarar\u0131na y\u00f6nelik detayl\u0131 tespit \u00e7al\u0131\u015fmalar\u0131m\u0131z s\u00fcr\u00fcyor. \u00dcr\u00fcn bazl\u0131 hasar oranlar\u0131n\u0131 belirleyip, bakanl\u0131\u011f\u0131m\u0131za raporlayaca\u011f\u0131z. Sigortal\u0131 \u00fcreticilerimizin zararlar\u0131n\u0131n kar\u015f\u0131lanmas\u0131 i\u00e7in TARS\u0130M ile koordineli \u00e7al\u0131\u015f\u0131yoruz&#8221; dedi.<\/p>\n<p>TARS\u0130M Antalya B\u00f6lge M\u00fcd\u00fcr\u00fc Muharrem \u00dcnal da ayn\u0131 g\u00fcn sahada olup, sigortal\u0131 parsellerde hasar tespit \u00e7al\u0131\u015fmalar\u0131na e\u015flik etti. \u00dcnal, sistemin h\u0131zl\u0131 i\u015fletilece\u011fini ve \u00e7ift\u00e7ilerin ma\u011fdur edilmeden s\u00fcrecin tamamlanaca\u011f\u0131n\u0131 belirtti.<\/p>\n<p>Kaynak: www.kanalv.com.tr Haber Sitesinden Al\u0131nm\u0131\u015ft\u0131r.<\/p>","protected":false},"excerpt":{"rendered":"<p>Antalya \u0130l Tar\u0131m ve Orman M\u00fcd\u00fcr\u00fc F\u0131rat Erkal, donun etkiledi\u011fi b\u00f6lgelerden Elmal\u0131 il\u00e7esinde sahaya inerek hasar tespit \u00e7al\u0131\u015fmalar\u0131n\u0131 yerinde inceledi. M\u00fcd\u00fcr Erkal\u2019a Elmal\u0131 \u0130l\u00e7e Tar\u0131m M\u00fcd\u00fcr\u00fc Dilek Bo\u011fatimur ile Elmal\u0131 Ziraat Odas\u0131 Ba\u015fkan\u0131 Mustafa Y\u0131lmaz e\u015flik etti. Ziyaret kapsam\u0131nda \u00f6zellikle kay\u0131s\u0131, elma, armut, kiraz, badem ve \u015feftali bah\u00e7elerinde zarar g\u00f6zlemlendi. M\u00fcd\u00fcrl\u00fck teknik ekipleri, meteorolojik verilerle desteklenen zarar tespit \u00e7al\u0131\u015fmalar\u0131na ba\u015flad\u0131. \u0130ncelemeler s\u0131ras\u0131nda a\u00e7\u0131klamalarda bulunan \u0130l M\u00fcd\u00fcr\u00fc F\u0131rat Erkal, \u201cZirai don \u00f6zellikle rak\u0131m\u0131 y\u00fcksek b\u00f6lgelerde etkisini g\u00f6sterdi. Elmal\u0131 ba\u015fta olmak \u00fczere Korkuteli ve baz\u0131 yayla k\u00f6ylerinde don zarar\u0131na y\u00f6nelik detayl\u0131 tespit \u00e7al\u0131\u015fmalar\u0131m\u0131z s\u00fcr\u00fcyor. \u00dcr\u00fcn bazl\u0131 hasar oranlar\u0131n\u0131 belirleyip, bakanl\u0131\u011f\u0131m\u0131za raporlayaca\u011f\u0131z. Sigortal\u0131 \u00fcreticilerimizin zararlar\u0131n\u0131n kar\u015f\u0131lanmas\u0131 i\u00e7in TARS\u0130M ile koordineli \u00e7al\u0131\u015f\u0131yoruz&#8221; dedi. TARS\u0130M Antalya B\u00f6lge M\u00fcd\u00fcr\u00fc Muharrem \u00dcnal da ayn\u0131 g\u00fcn sahada olup, sigortal\u0131 parsellerde hasar tespit \u00e7al\u0131\u015fmalar\u0131na e\u015flik etti. \u00dcnal, sistemin h\u0131zl\u0131 i\u015fletilece\u011fini ve \u00e7ift\u00e7ilerin ma\u011fdur edilmeden s\u00fcrecin tamamlanaca\u011f\u0131n\u0131 belirtti. Kaynak: www.kanalv.com.tr Haber Sitesinden Al\u0131nm\u0131\u015ft\u0131r.<\/p>","protected":false},"author":4,"featured_media":57392,"comment_status":"","ping_status":"open","sticky":false,"template":"","format":"standard","meta":{"_acf_changed":false,"footnotes":""},"categories":[26],"tags":[],"class_list":["post-57391","post","type-post","status-publish","format-standard","has-post-thumbnail","hentry","category-antalya"],"acf":[],"yoast_head":"<!-- This site is optimized with the Yoast SEO Premium plugin v26.6 (Yoast SEO v27.1.1) - https:\/\/yoast.com\/product\/yoast-seo-premium-wordpress\/ -->\n<title>Zirai don hasar tespiti - Av. Deniz Can K\u0131z\u0131l<\/title>\n<meta name=\"robots\" content=\"index, follow, max-snippet:-1, max-image-preview:large, max-video-preview:-1\" \/>\n<link rel=\"canonical\" href=\"https:\/\/denizcankizil.tr\/de\/haberler\/antalya\/zirai-don-hasar-tespiti\/\" \/>\n<meta property=\"og:locale\" content=\"de_DE\" \/>\n<meta property=\"og:type\" content=\"article\" \/>\n<meta property=\"og:title\" content=\"Zirai don hasar tespiti\" \/>\n<meta property=\"og:description\" content=\"Antalya \u0130l Tar\u0131m ve Orman M\u00fcd\u00fcr\u00fc F\u0131rat Erkal, donun etkiledi\u011fi b\u00f6lgelerden Elmal\u0131 il\u00e7esinde sahaya inerek hasar tespit \u00e7al\u0131\u015fmalar\u0131n\u0131 yerinde inceledi. M\u00fcd\u00fcr Erkal\u2019a Elmal\u0131 \u0130l\u00e7e Tar\u0131m M\u00fcd\u00fcr\u00fc Dilek Bo\u011fatimur ile Elmal\u0131 Ziraat Odas\u0131 Ba\u015fkan\u0131 Mustafa Y\u0131lmaz e\u015flik etti. Ziyaret kapsam\u0131nda \u00f6zellikle kay\u0131s\u0131, elma, armut, kiraz, badem ve \u015feftali bah\u00e7elerinde zarar g\u00f6zlemlendi. M\u00fcd\u00fcrl\u00fck teknik ekipleri, meteorolojik verilerle desteklenen zarar tespit \u00e7al\u0131\u015fmalar\u0131na ba\u015flad\u0131. \u0130ncelemeler s\u0131ras\u0131nda a\u00e7\u0131klamalarda bulunan \u0130l M\u00fcd\u00fcr\u00fc F\u0131rat Erkal, \u201cZirai don \u00f6zellikle rak\u0131m\u0131 y\u00fcksek b\u00f6lgelerde etkisini g\u00f6sterdi. Elmal\u0131 ba\u015fta olmak \u00fczere Korkuteli ve baz\u0131 yayla k\u00f6ylerinde don zarar\u0131na y\u00f6nelik detayl\u0131 tespit \u00e7al\u0131\u015fmalar\u0131m\u0131z s\u00fcr\u00fcyor. \u00dcr\u00fcn bazl\u0131 hasar oranlar\u0131n\u0131 belirleyip, bakanl\u0131\u011f\u0131m\u0131za raporlayaca\u011f\u0131z. Sigortal\u0131 \u00fcreticilerimizin zararlar\u0131n\u0131n kar\u015f\u0131lanmas\u0131 i\u00e7in TARS\u0130M ile koordineli \u00e7al\u0131\u015f\u0131yoruz&#8221; dedi. TARS\u0130M Antalya B\u00f6lge M\u00fcd\u00fcr\u00fc Muharrem \u00dcnal da ayn\u0131 g\u00fcn sahada olup, sigortal\u0131 parsellerde hasar tespit \u00e7al\u0131\u015fmalar\u0131na e\u015flik etti. \u00dcnal, sistemin h\u0131zl\u0131 i\u015fletilece\u011fini ve \u00e7ift\u00e7ilerin ma\u011fdur edilmeden s\u00fcrecin tamamlanaca\u011f\u0131n\u0131 belirtti. Kaynak: www.kanalv.com.tr Haber Sitesinden Al\u0131nm\u0131\u015ft\u0131r.\" \/>\n<meta property=\"og:url\" content=\"https:\/\/denizcankizil.tr\/de\/haberler\/antalya\/zirai-don-hasar-tespiti\/\" \/>\n<meta property=\"og:site_name\" content=\"Av. Deniz Can K\u0131z\u0131l\" \/>\n<meta property=\"article:published_time\" content=\"2025-04-16T09:41:29+00:00\" \/>\n<meta property=\"og:image\" content=\"https:\/\/denizcankizil.tr\/wp-content\/uploads\/2025\/04\/5826-01-T7Xm4g.jpg\" \/>\n\t<meta property=\"og:image:width\" content=\"1280\" \/>\n\t<meta property=\"og:image:height\" content=\"720\" \/>\n\t<meta property=\"og:image:type\" content=\"image\/jpeg\" \/>\n<meta name=\"author\" content=\"Av. Deniz Can K\u0131z\u0131l\" \/>\n<meta name=\"twitter:card\" content=\"summary_large_image\" \/>\n<meta name=\"twitter:label1\" content=\"Verfasst von\" \/>\n\t<meta name=\"twitter:data1\" content=\"Av. Deniz Can K\u0131z\u0131l\" \/>\n\t<meta name=\"twitter:label2\" content=\"Gesch\u00e4tzte Lesezeit\" \/>\n\t<meta name=\"twitter:data2\" content=\"1\u00a0Minute\" \/>\n<script type=\"application\/ld+json\" class=\"yoast-schema-graph\">{\"@context\":\"https:\/\/schema.org\",\"@graph\":[{\"@type\":\"Article\",\"@id\":\"https:\/\/denizcankizil.tr\/de\/haberler\/antalya\/zirai-don-hasar-tespiti\/#article\",\"isPartOf\":{\"@id\":\"https:\/\/denizcankizil.tr\/de\/haberler\/antalya\/zirai-don-hasar-tespiti\/\"},\"author\":{\"name\":\"Av. Deniz Can K\u0131z\u0131l\",\"@id\":\"https:\/\/denizcankizil.tr\/de\/#\/schema\/person\/5dc1b22991bd7ac833867c10afc9b0ff\"},\"headline\":\"Zirai don hasar tespiti\",\"datePublished\":\"2025-04-16T09:41:29+00:00\",\"mainEntityOfPage\":{\"@id\":\"https:\/\/denizcankizil.tr\/de\/haberler\/antalya\/zirai-don-hasar-tespiti\/\"},\"wordCount\":228,\"publisher\":{\"@id\":\"https:\/\/denizcankizil.tr\/de\/#organization\"},\"image\":{\"@id\":\"https:\/\/denizcankizil.tr\/de\/haberler\/antalya\/zirai-don-hasar-tespiti\/#primaryimage\"},\"thumbnailUrl\":\"https:\/\/denizcankizil.tr\/wp-content\/uploads\/2025\/04\/5826-01-T7Xm4g.jpg\",\"articleSection\":[\"Antalya\"],\"inLanguage\":\"de\"},{\"@type\":\"WebPage\",\"@id\":\"https:\/\/denizcankizil.tr\/de\/haberler\/antalya\/zirai-don-hasar-tespiti\/\",\"url\":\"https:\/\/denizcankizil.tr\/de\/haberler\/antalya\/zirai-don-hasar-tespiti\/\",\"name\":\"Zirai don hasar tespiti - Av. Deniz Can K\u0131z\u0131l\",\"isPartOf\":{\"@id\":\"https:\/\/denizcankizil.tr\/de\/#website\"},\"primaryImageOfPage\":{\"@id\":\"https:\/\/denizcankizil.tr\/de\/haberler\/antalya\/zirai-don-hasar-tespiti\/#primaryimage\"},\"image\":{\"@id\":\"https:\/\/denizcankizil.tr\/de\/haberler\/antalya\/zirai-don-hasar-tespiti\/#primaryimage\"},\"thumbnailUrl\":\"https:\/\/denizcankizil.tr\/wp-content\/uploads\/2025\/04\/5826-01-T7Xm4g.jpg\",\"datePublished\":\"2025-04-16T09:41:29+00:00\",\"breadcrumb\":{\"@id\":\"https:\/\/denizcankizil.tr\/de\/haberler\/antalya\/zirai-don-hasar-tespiti\/#breadcrumb\"},\"inLanguage\":\"de\",\"potentialAction\":[{\"@type\":\"ReadAction\",\"target\":[\"https:\/\/denizcankizil.tr\/de\/haberler\/antalya\/zirai-don-hasar-tespiti\/\"]}]},{\"@type\":\"ImageObject\",\"inLanguage\":\"de\",\"@id\":\"https:\/\/denizcankizil.tr\/de\/haberler\/antalya\/zirai-don-hasar-tespiti\/#primaryimage\",\"url\":\"https:\/\/denizcankizil.tr\/wp-content\/uploads\/2025\/04\/5826-01-T7Xm4g.jpg\",\"contentUrl\":\"https:\/\/denizcankizil.tr\/wp-content\/uploads\/2025\/04\/5826-01-T7Xm4g.jpg\",\"width\":1280,\"height\":720},{\"@type\":\"BreadcrumbList\",\"@id\":\"https:\/\/denizcankizil.tr\/de\/haberler\/antalya\/zirai-don-hasar-tespiti\/#breadcrumb\",\"itemListElement\":[{\"@type\":\"ListItem\",\"position\":1,\"name\":\"Home\",\"item\":\"https:\/\/denizcankizil.tr\/de\/\"},{\"@type\":\"ListItem\",\"position\":2,\"name\":\"Zirai don hasar tespiti\"}]},{\"@type\":\"WebSite\",\"@id\":\"https:\/\/denizcankizil.tr\/de\/#website\",\"url\":\"https:\/\/denizcankizil.tr\/de\/\",\"name\":\"Av. Deniz Can K\u0131z\u0131l\",\"description\":\"Avukat Deniz Can K\u0131z\u0131l Antalya Barosu\",\"publisher\":{\"@id\":\"https:\/\/denizcankizil.tr\/de\/#organization\"},\"potentialAction\":[{\"@type\":\"SearchAction\",\"target\":{\"@type\":\"EntryPoint\",\"urlTemplate\":\"https:\/\/denizcankizil.tr\/de\/?s={search_term_string}\"},\"query-input\":{\"@type\":\"PropertyValueSpecification\",\"valueRequired\":true,\"valueName\":\"search_term_string\"}}],\"inLanguage\":\"de\"},{\"@type\":\"Organization\",\"@id\":\"https:\/\/denizcankizil.tr\/de\/#organization\",\"name\":\"Av. Deniz Can K\u0131z\u0131l\",\"url\":\"https:\/\/denizcankizil.tr\/de\/\",\"logo\":{\"@type\":\"ImageObject\",\"inLanguage\":\"de\",\"@id\":\"https:\/\/denizcankizil.tr\/de\/#\/schema\/logo\/image\/\",\"url\":\"https:\/\/denizcankizil.tr\/wp-content\/uploads\/2024\/10\/siyah-logo-svg.svg\",\"contentUrl\":\"https:\/\/denizcankizil.tr\/wp-content\/uploads\/2024\/10\/siyah-logo-svg.svg\",\"width\":1080,\"height\":1080,\"caption\":\"Av. Deniz Can K\u0131z\u0131l\"},\"image\":{\"@id\":\"https:\/\/denizcankizil.tr\/de\/#\/schema\/logo\/image\/\"}},{\"@type\":\"Person\",\"@id\":\"https:\/\/denizcankizil.tr\/de\/#\/schema\/person\/5dc1b22991bd7ac833867c10afc9b0ff\",\"name\":\"Av. Deniz Can K\u0131z\u0131l\",\"image\":{\"@type\":\"ImageObject\",\"inLanguage\":\"de\",\"@id\":\"https:\/\/denizcankizil.tr\/de\/#\/schema\/person\/image\/\",\"url\":\"https:\/\/secure.gravatar.com\/avatar\/a0b128fb9855c79efc976d5640eedb31dc35ec297594d6016d2cf7c60e975bb6?s=96&d=mm&r=g\",\"contentUrl\":\"https:\/\/secure.gravatar.com\/avatar\/a0b128fb9855c79efc976d5640eedb31dc35ec297594d6016d2cf7c60e975bb6?s=96&d=mm&r=g\",\"caption\":\"Av. Deniz Can K\u0131z\u0131l\"},\"sameAs\":[\"http:\/\/www.denizcankizil.tr\"],\"url\":\"https:\/\/denizcankizil.tr\/de\/author\/denizcankizil\/\"}]}<\/script>\n<!-- \/ Yoast SEO Premium plugin. -->","yoast_head_json":{"title":"Zirai don hasar tespiti - Av. Deniz Can K\u0131z\u0131l","robots":{"index":"index","follow":"follow","max-snippet":"max-snippet:-1","max-image-preview":"max-image-preview:large","max-video-preview":"max-video-preview:-1"},"canonical":"https:\/\/denizcankizil.tr\/de\/haberler\/antalya\/zirai-don-hasar-tespiti\/","og_locale":"de_DE","og_type":"article","og_title":"Zirai don hasar tespiti","og_description":"Antalya \u0130l Tar\u0131m ve Orman M\u00fcd\u00fcr\u00fc F\u0131rat Erkal, donun etkiledi\u011fi b\u00f6lgelerden Elmal\u0131 il\u00e7esinde sahaya inerek hasar tespit \u00e7al\u0131\u015fmalar\u0131n\u0131 yerinde inceledi. M\u00fcd\u00fcr Erkal\u2019a Elmal\u0131 \u0130l\u00e7e Tar\u0131m M\u00fcd\u00fcr\u00fc Dilek Bo\u011fatimur ile Elmal\u0131 Ziraat Odas\u0131 Ba\u015fkan\u0131 Mustafa Y\u0131lmaz e\u015flik etti. Ziyaret kapsam\u0131nda \u00f6zellikle kay\u0131s\u0131, elma, armut, kiraz, badem ve \u015feftali bah\u00e7elerinde zarar g\u00f6zlemlendi. M\u00fcd\u00fcrl\u00fck teknik ekipleri, meteorolojik verilerle desteklenen zarar tespit \u00e7al\u0131\u015fmalar\u0131na ba\u015flad\u0131. \u0130ncelemeler s\u0131ras\u0131nda a\u00e7\u0131klamalarda bulunan \u0130l M\u00fcd\u00fcr\u00fc F\u0131rat Erkal, \u201cZirai don \u00f6zellikle rak\u0131m\u0131 y\u00fcksek b\u00f6lgelerde etkisini g\u00f6sterdi. Elmal\u0131 ba\u015fta olmak \u00fczere Korkuteli ve baz\u0131 yayla k\u00f6ylerinde don zarar\u0131na y\u00f6nelik detayl\u0131 tespit \u00e7al\u0131\u015fmalar\u0131m\u0131z s\u00fcr\u00fcyor. \u00dcr\u00fcn bazl\u0131 hasar oranlar\u0131n\u0131 belirleyip, bakanl\u0131\u011f\u0131m\u0131za raporlayaca\u011f\u0131z. Sigortal\u0131 \u00fcreticilerimizin zararlar\u0131n\u0131n kar\u015f\u0131lanmas\u0131 i\u00e7in TARS\u0130M ile koordineli \u00e7al\u0131\u015f\u0131yoruz&#8221; dedi. TARS\u0130M Antalya B\u00f6lge M\u00fcd\u00fcr\u00fc Muharrem \u00dcnal da ayn\u0131 g\u00fcn sahada olup, sigortal\u0131 parsellerde hasar tespit \u00e7al\u0131\u015fmalar\u0131na e\u015flik etti. \u00dcnal, sistemin h\u0131zl\u0131 i\u015fletilece\u011fini ve \u00e7ift\u00e7ilerin ma\u011fdur edilmeden s\u00fcrecin tamamlanaca\u011f\u0131n\u0131 belirtti. Kaynak: www.kanalv.com.tr Haber Sitesinden Al\u0131nm\u0131\u015ft\u0131r.","og_url":"https:\/\/denizcankizil.tr\/de\/haberler\/antalya\/zirai-don-hasar-tespiti\/","og_site_name":"Av. Deniz Can K\u0131z\u0131l","article_published_time":"2025-04-16T09:41:29+00:00","og_image":[{"width":1280,"height":720,"url":"https:\/\/denizcankizil.tr\/wp-content\/uploads\/2025\/04\/5826-01-T7Xm4g.jpg","type":"image\/jpeg"}],"author":"Av. Deniz Can K\u0131z\u0131l","twitter_card":"summary_large_image","twitter_misc":{"Verfasst von":"Av. Deniz Can K\u0131z\u0131l","Gesch\u00e4tzte Lesezeit":"1\u00a0Minute"},"schema":{"@context":"https:\/\/schema.org","@graph":[{"@type":"Article","@id":"https:\/\/denizcankizil.tr\/de\/haberler\/antalya\/zirai-don-hasar-tespiti\/#article","isPartOf":{"@id":"https:\/\/denizcankizil.tr\/de\/haberler\/antalya\/zirai-don-hasar-tespiti\/"},"author":{"name":"Av. Deniz Can K\u0131z\u0131l","@id":"https:\/\/denizcankizil.tr\/de\/#\/schema\/person\/5dc1b22991bd7ac833867c10afc9b0ff"},"headline":"Zirai don hasar tespiti","datePublished":"2025-04-16T09:41:29+00:00","mainEntityOfPage":{"@id":"https:\/\/denizcankizil.tr\/de\/haberler\/antalya\/zirai-don-hasar-tespiti\/"},"wordCount":228,"publisher":{"@id":"https:\/\/denizcankizil.tr\/de\/#organization"},"image":{"@id":"https:\/\/denizcankizil.tr\/de\/haberler\/antalya\/zirai-don-hasar-tespiti\/#primaryimage"},"thumbnailUrl":"https:\/\/denizcankizil.tr\/wp-content\/uploads\/2025\/04\/5826-01-T7Xm4g.jpg","articleSection":["Antalya"],"inLanguage":"de"},{"@type":"WebPage","@id":"https:\/\/denizcankizil.tr\/de\/haberler\/antalya\/zirai-don-hasar-tespiti\/","url":"https:\/\/denizcankizil.tr\/de\/haberler\/antalya\/zirai-don-hasar-tespiti\/","name":"Zirai don hasar tespiti - Av. Deniz Can K\u0131z\u0131l","isPartOf":{"@id":"https:\/\/denizcankizil.tr\/de\/#website"},"primaryImageOfPage":{"@id":"https:\/\/denizcankizil.tr\/de\/haberler\/antalya\/zirai-don-hasar-tespiti\/#primaryimage"},"image":{"@id":"https:\/\/denizcankizil.tr\/de\/haberler\/antalya\/zirai-don-hasar-tespiti\/#primaryimage"},"thumbnailUrl":"https:\/\/denizcankizil.tr\/wp-content\/uploads\/2025\/04\/5826-01-T7Xm4g.jpg","datePublished":"2025-04-16T09:41:29+00:00","breadcrumb":{"@id":"https:\/\/denizcankizil.tr\/de\/haberler\/antalya\/zirai-don-hasar-tespiti\/#breadcrumb"},"inLanguage":"de","potentialAction":[{"@type":"ReadAction","target":["https:\/\/denizcankizil.tr\/de\/haberler\/antalya\/zirai-don-hasar-tespiti\/"]}]},{"@type":"ImageObject","inLanguage":"de","@id":"https:\/\/denizcankizil.tr\/de\/haberler\/antalya\/zirai-don-hasar-tespiti\/#primaryimage","url":"https:\/\/denizcankizil.tr\/wp-content\/uploads\/2025\/04\/5826-01-T7Xm4g.jpg","contentUrl":"https:\/\/denizcankizil.tr\/wp-content\/uploads\/2025\/04\/5826-01-T7Xm4g.jpg","width":1280,"height":720},{"@type":"BreadcrumbList","@id":"https:\/\/denizcankizil.tr\/de\/haberler\/antalya\/zirai-don-hasar-tespiti\/#breadcrumb","itemListElement":[{"@type":"ListItem","position":1,"name":"Home","item":"https:\/\/denizcankizil.tr\/de\/"},{"@type":"ListItem","position":2,"name":"Zirai don hasar tespiti"}]},{"@type":"WebSite","@id":"https:\/\/denizcankizil.tr\/de\/#website","url":"https:\/\/denizcankizil.tr\/de\/","name":"Av. Deniz Can K\u0131z\u0131l","description":"Avukat Deniz Can K\u0131z\u0131l Antalya Barosu","publisher":{"@id":"https:\/\/denizcankizil.tr\/de\/#organization"},"potentialAction":[{"@type":"SearchAction","target":{"@type":"EntryPoint","urlTemplate":"https:\/\/denizcankizil.tr\/de\/?s={search_term_string}"},"query-input":{"@type":"PropertyValueSpecification","valueRequired":true,"valueName":"search_term_string"}}],"inLanguage":"de"},{"@type":"Organization","@id":"https:\/\/denizcankizil.tr\/de\/#organization","name":"Av. Deniz Can K\u0131z\u0131l","url":"https:\/\/denizcankizil.tr\/de\/","logo":{"@type":"ImageObject","inLanguage":"de","@id":"https:\/\/denizcankizil.tr\/de\/#\/schema\/logo\/image\/","url":"https:\/\/denizcankizil.tr\/wp-content\/uploads\/2024\/10\/siyah-logo-svg.svg","contentUrl":"https:\/\/denizcankizil.tr\/wp-content\/uploads\/2024\/10\/siyah-logo-svg.svg","width":1080,"height":1080,"caption":"Av. Deniz Can K\u0131z\u0131l"},"image":{"@id":"https:\/\/denizcankizil.tr\/de\/#\/schema\/logo\/image\/"}},{"@type":"Person","@id":"https:\/\/denizcankizil.tr\/de\/#\/schema\/person\/5dc1b22991bd7ac833867c10afc9b0ff","name":"Av. Deniz Can K\u0131z\u0131l","image":{"@type":"ImageObject","inLanguage":"de","@id":"https:\/\/denizcankizil.tr\/de\/#\/schema\/person\/image\/","url":"https:\/\/secure.gravatar.com\/avatar\/a0b128fb9855c79efc976d5640eedb31dc35ec297594d6016d2cf7c60e975bb6?s=96&d=mm&r=g","contentUrl":"https:\/\/secure.gravatar.com\/avatar\/a0b128fb9855c79efc976d5640eedb31dc35ec297594d6016d2cf7c60e975bb6?s=96&d=mm&r=g","caption":"Av. Deniz Can K\u0131z\u0131l"},"sameAs":["http:\/\/www.denizcankizil.tr"],"url":"https:\/\/denizcankizil.tr\/de\/author\/denizcankizil\/"}]}},"_links":{"self":[{"href":"https:\/\/denizcankizil.tr\/de\/wp-json\/wp\/v2\/posts\/57391","targetHints":{"allow":["GET"]}}],"collection":[{"href":"https:\/\/denizcankizil.tr\/de\/wp-json\/wp\/v2\/posts"}],"about":[{"href":"https:\/\/denizcankizil.tr\/de\/wp-json\/wp\/v2\/types\/post"}],"author":[{"embeddable":true,"href":"https:\/\/denizcankizil.tr\/de\/wp-json\/wp\/v2\/users\/4"}],"replies":[{"embeddable":true,"href":"https:\/\/denizcankizil.tr\/de\/wp-json\/wp\/v2\/comments?post=57391"}],"version-history":[{"count":0,"href":"https:\/\/denizcankizil.tr\/de\/wp-json\/wp\/v2\/posts\/57391\/revisions"}],"wp:featuredmedia":[{"embeddable":true,"href":"https:\/\/denizcankizil.tr\/de\/wp-json\/wp\/v2\/media\/57392"}],"wp:attachment":[{"href":"https:\/\/denizcankizil.tr\/de\/wp-json\/wp\/v2\/media?parent=57391"}],"wp:term":[{"taxonomy":"category","embeddable":true,"href":"https:\/\/denizcankizil.tr\/de\/wp-json\/wp\/v2\/categories?post=57391"},{"taxonomy":"post_tag","embeddable":true,"href":"https:\/\/denizcankizil.tr\/de\/wp-json\/wp\/v2\/tags?post=57391"}],"curies":[{"name":"wp","href":"https:\/\/api.w.org\/{rel}","templated":true}]}}