{"id":57389,"date":"2025-04-16T12:41:20","date_gmt":"2025-04-16T09:41:20","guid":{"rendered":"https:\/\/denizcankizil.tr\/uncategorized-tr\/544-yil-sonra-yeniden-ayaga-kaldirildi\/"},"modified":"2025-04-16T12:41:20","modified_gmt":"2025-04-16T09:41:20","slug":"544-yil-sonra-yeniden-ayaga-kaldirildi","status":"publish","type":"post","link":"https:\/\/denizcankizil.tr\/de\/haberler\/antalya\/544-yil-sonra-yeniden-ayaga-kaldirildi\/","title":{"rendered":"544 y\u0131l sonra yeniden aya\u011fa kald\u0131r\u0131ld\u0131"},"content":{"rendered":"<p>Ka\u015f il\u00e7esinde tarihi M.\u00d6. 6 bin y\u0131l \u00f6ncesine uzanan Patara Antik Kenti&#8217;nde, Roma \u0130mparatoru Nero&#8217;nun yapt\u0131rd\u0131\u011f\u0131 ve tamam\u0131 1481&#8217;deki tsunamide y\u0131k\u0131lan 26,5 metre y\u00fcksekli\u011findeki deniz feneri, restorasyonun ard\u0131ndan iskelesi s\u00f6k\u00fclerek ilk kez g\u00f6r\u00fcnt\u00fclendi. 544 y\u0131l sonra yeniden aya\u011fa kald\u0131r\u0131lan Patara Deniz Feneri&#8217;nin restorasyon projesi, M\u00fcnir Karalo\u011flu&#8217;nun Antalya Valili\u011fi d\u00f6neminde, turizmde 2020 y\u0131l\u0131n\u0131n &#8216;Patara Y\u0131l\u0131&#8217; ilan edilmesi kapsam\u0131nda ba\u015flat\u0131ld\u0131.<\/p>\n<p>\u0130LK HAL\u0130 G\u0130B\u0130 G\u00d6R\u00dcLD\u00dc<\/p>\n<p>37 y\u0131l \u00f6nce Akdeniz \u00dcniversitesi&#8217;nden Prof. Dr. Fahri I\u015f\u0131k ve e\u015fi Havva \u0130\u015fkan I\u015f\u0131k taraf\u0131ndan ba\u015flat\u0131lan kaz\u0131larda \u00e7\u0131kart\u0131lan y\u00fczlerce tarihi eser aras\u0131nda en \u00f6nemlilerinden biri olan ve M.S. 64 y\u0131l\u0131nda Roma \u0130mparatoru Nero taraf\u0131ndan yapt\u0131r\u0131lan deniz feneri, yakla\u015f\u0131k y\u00fczde 80&#8217;i kaz\u0131larda ortaya \u00e7\u0131kart\u0131lan orijinal ta\u015flar\u0131, yapay zeka teknolojileri kullan\u0131larak y\u0131k\u0131lmadan \u00f6nceki halindeki yerlerine konularak in\u015fa edildi. 2020&#8217;de ba\u015flayan ve 5 y\u0131la yak\u0131n devam eden restorasyon \u00e7al\u0131\u015fmalar\u0131n\u0131n tamamland\u0131\u011f\u0131n\u0131 ge\u00e7en hafta duyuran ve 1988&#8217;den bug\u00fcne Patara kaz\u0131lar\u0131nda kaz\u0131 ba\u015fkan yard\u0131mc\u0131l\u0131\u011f\u0131 ve kaz\u0131 ba\u015fkan\u0131 olarak g\u00f6rev yapt\u0131ktan sonra 2023 y\u0131l\u0131nda emekli olan Prof. Dr. Havva \u0130\u015fkan I\u015f\u0131k, 26,5 metrelik kulenin etraf\u0131n\u0131 saran iskele s\u00f6k\u00fcld\u00fckten sonra fenerin g\u00f6r\u00fcnt\u00fclerini de payla\u015ft\u0131. Aya\u011fa kald\u0131r\u0131lan deniz feneri, iskelenin s\u00f6k\u00fclmesi ile 544 y\u0131l \u00f6ncesinde oldu\u011fu gibi g\u00f6r\u00fcld\u00fc.<\/p>\n<p>\u00c7EVRE D\u00dcZENLEMES\u0130 YAPILACAK<\/p>\n<p>\u0130skele s\u00f6k\u00fcld\u00fckten sonraki haline ili\u015fkin foto\u011fraflar\u0131 payla\u015fan Prof. Dr. Havva \u0130\u015fkan I\u015f\u0131k, &#8220;\u00c7ok \u015f\u00fck\u00fcr Allah\u0131m, \u00e7ok \u015f\u00fck\u00fcr. Bu mucizeyi emekleriyle yaratanlar\u0131 mahcup etmedin, \u00e7ok \u015f\u00fck\u00fcr. Patara \u0130mparator Nero Deniz Feneri&#8217;nde y\u00fcr\u00fct\u00fclen restorasyon \u00e7al\u0131\u015fmalar\u0131nda sona gelindi. Deniz feneri; podyum basamaklar\u0131, kap\u0131s\u0131 ve Likya Eyalet Valisi Sextus Marcius Priskus&#8217;un heykel kaidesinin yerle\u015ftirilmesinin ard\u0131ndan \u00e7evre d\u00fczenlemesinin tamamlanmas\u0131yla birlikte ziyarete a\u00e7\u0131lacak&#8221; dedi.<\/p>\n<p>&#8216;TEMENN\u0130M, FENER\u0130N I\u015eI\u011eININ \u00c7AKMASI Y\u00d6N\u00dcNDE&#8217;<\/p>\n<p>Prof. Dr. Havva \u0130\u015fkan I\u015f\u0131k, Patara Deniz Feneri&#8217;nin restorasyonunun tamamlanmas\u0131 sonras\u0131nda, tarihi d\u00f6nemlerde oldu\u011fu gibi yeniden denizlerdeki gemilere yol g\u00f6sterecek \u0131\u015f\u0131\u011f\u0131n\u0131n yanmas\u0131 i\u00e7in de \u00e7a\u011fr\u0131da bulundu. Prof. Dr. I\u015f\u0131k, &#8220;Temennim, fenerin \u0131\u015f\u0131\u011f\u0131n\u0131n \u00e7akmas\u0131 y\u00f6n\u00fcnde. B\u00f6ylece kendi yap\u0131l\u0131\u015f amac\u0131 ve i\u015flevi de ger\u00e7ekle\u015fmi\u015f olacakt\u0131r. Bunun olmas\u0131 simgesel olarak da fenerin restorasyonunu tamamlay\u0131c\u0131 bir unsur haline gelecektir. Ve ayr\u0131ca Patara Sahili&#8217;nin \u00f6n\u00fcnden ge\u00e7en b\u00fct\u00fcn kruvaziyerler ve di\u011fer gemiler, \u00e7\u00fcnk\u00fc genellikle gece saatlerinde ge\u00e7i\u015f yap\u0131yorlar, o fenerin \u0131\u015f\u0131\u011f\u0131n\u0131 g\u00f6rd\u00fcklerinde anons edecekler, &#8216;\u015eu anda T\u00fcrkiye&#8217;de, Antalya&#8217;da Patara&#8217;dan ge\u00e7iyoruz ve Nero&#8217;nun \u0131\u015f\u0131\u011f\u0131n\u0131 yak\u0131yoruz&#8217; diye. T\u00fcrkiye&#8217;nin tan\u0131t\u0131m\u0131 i\u00e7in de \u00f6nemli olacakt\u0131r&#8221; diye konu\u015ftu.<\/p>\n<p>&#8217;20 YIL S\u00dcRD\u00dc&#8217;<\/p>\n<p>Patara&#8217;da 16 y\u0131l\u0131 kaz\u0131 ba\u015fkanl\u0131\u011f\u0131 toplam 37 y\u0131l devam eden kaz\u0131lar\u0131n her bir g\u00fcn\u00fcnde orada oldu\u011funu anlatan Prof. Dr. I\u015f\u0131k, &#8220;Bu fenerin restorasyonunu m\u00fcmk\u00fcn k\u0131lan ba\u015fta Cumhurba\u015fkanl\u0131\u011f\u0131m\u0131z olmak \u00fczere K\u00fclt\u00fcr ve Turizm Bakanl\u0131\u011f\u0131, Antalya Valili\u011fi, K\u00fclt\u00fcr ve Turizm \u0130l M\u00fcd\u00fcrl\u00fc\u011f\u00fc, Y\u0130KOB \u00e7al\u0131\u015fanlar\u0131na \u00e7ok b\u00fcy\u00fck te\u015fekk\u00fcr bor\u00e7luyum. Deniz fenerinin kaz\u0131lar\u0131 ve yeniden aya\u011fa kald\u0131r\u0131lmas\u0131 20 y\u0131l s\u00fcrd\u00fc ve adeta kendi do\u011furdu\u011fum \u00e7ocuk gibi hissediyorum. Eme\u011fi ge\u00e7en herkese \u00e7ok te\u015fekk\u00fcr ediyorum&#8221; dedi.<\/p>\n<p>Kaynak: www.kanalv.com.tr Haber Sitesinden Al\u0131nm\u0131\u015ft\u0131r.<\/p>","protected":false},"excerpt":{"rendered":"<p>Ka\u015f il\u00e7esinde tarihi M.\u00d6. 6 bin y\u0131l \u00f6ncesine uzanan Patara Antik Kenti&#8217;nde, Roma \u0130mparatoru Nero&#8217;nun yapt\u0131rd\u0131\u011f\u0131 ve tamam\u0131 1481&#8217;deki tsunamide y\u0131k\u0131lan 26,5 metre y\u00fcksekli\u011findeki deniz feneri, restorasyonun ard\u0131ndan iskelesi s\u00f6k\u00fclerek ilk kez g\u00f6r\u00fcnt\u00fclendi. 544 y\u0131l sonra yeniden aya\u011fa kald\u0131r\u0131lan Patara Deniz Feneri&#8217;nin restorasyon projesi, M\u00fcnir Karalo\u011flu&#8217;nun Antalya Valili\u011fi d\u00f6neminde, turizmde 2020 y\u0131l\u0131n\u0131n &#8216;Patara Y\u0131l\u0131&#8217; ilan edilmesi kapsam\u0131nda ba\u015flat\u0131ld\u0131. \u0130LK HAL\u0130 G\u0130B\u0130 G\u00d6R\u00dcLD\u00dc 37 y\u0131l \u00f6nce Akdeniz \u00dcniversitesi&#8217;nden Prof. Dr. Fahri I\u015f\u0131k ve e\u015fi Havva \u0130\u015fkan I\u015f\u0131k taraf\u0131ndan ba\u015flat\u0131lan kaz\u0131larda \u00e7\u0131kart\u0131lan y\u00fczlerce tarihi eser aras\u0131nda en \u00f6nemlilerinden biri olan ve M.S. 64 y\u0131l\u0131nda Roma \u0130mparatoru Nero taraf\u0131ndan yapt\u0131r\u0131lan deniz feneri, yakla\u015f\u0131k y\u00fczde 80&#8217;i kaz\u0131larda ortaya \u00e7\u0131kart\u0131lan orijinal ta\u015flar\u0131, yapay zeka teknolojileri kullan\u0131larak y\u0131k\u0131lmadan \u00f6nceki halindeki yerlerine konularak in\u015fa edildi. 2020&#8217;de ba\u015flayan ve 5 y\u0131la yak\u0131n devam eden restorasyon \u00e7al\u0131\u015fmalar\u0131n\u0131n tamamland\u0131\u011f\u0131n\u0131 ge\u00e7en hafta duyuran ve 1988&#8217;den bug\u00fcne Patara kaz\u0131lar\u0131nda kaz\u0131 ba\u015fkan yard\u0131mc\u0131l\u0131\u011f\u0131 ve kaz\u0131 ba\u015fkan\u0131 olarak g\u00f6rev yapt\u0131ktan sonra 2023 y\u0131l\u0131nda emekli olan Prof. Dr. Havva \u0130\u015fkan I\u015f\u0131k, 26,5 metrelik kulenin etraf\u0131n\u0131 saran iskele s\u00f6k\u00fcld\u00fckten sonra fenerin g\u00f6r\u00fcnt\u00fclerini de payla\u015ft\u0131. Aya\u011fa kald\u0131r\u0131lan deniz feneri, iskelenin s\u00f6k\u00fclmesi ile 544 y\u0131l \u00f6ncesinde oldu\u011fu gibi g\u00f6r\u00fcld\u00fc. \u00c7EVRE D\u00dcZENLEMES\u0130 YAPILACAK \u0130skele s\u00f6k\u00fcld\u00fckten sonraki haline ili\u015fkin foto\u011fraflar\u0131 payla\u015fan Prof. Dr. Havva \u0130\u015fkan I\u015f\u0131k, &#8220;\u00c7ok \u015f\u00fck\u00fcr Allah\u0131m, \u00e7ok &hellip;<\/p>","protected":false},"author":4,"featured_media":57390,"comment_status":"","ping_status":"open","sticky":false,"template":"","format":"standard","meta":{"_acf_changed":false,"footnotes":""},"categories":[26],"tags":[],"class_list":["post-57389","post","type-post","status-publish","format-standard","has-post-thumbnail","hentry","category-antalya"],"acf":[],"yoast_head":"<!-- This site is optimized with the Yoast SEO Premium plugin v26.6 (Yoast SEO v27.1.1) - https:\/\/yoast.com\/product\/yoast-seo-premium-wordpress\/ -->\n<title>544 y\u0131l sonra yeniden aya\u011fa kald\u0131r\u0131ld\u0131 - Av. Deniz Can K\u0131z\u0131l<\/title>\n<meta name=\"robots\" content=\"index, follow, max-snippet:-1, max-image-preview:large, max-video-preview:-1\" \/>\n<link rel=\"canonical\" href=\"https:\/\/denizcankizil.tr\/de\/haberler\/antalya\/544-yil-sonra-yeniden-ayaga-kaldirildi\/\" \/>\n<meta property=\"og:locale\" content=\"de_DE\" \/>\n<meta property=\"og:type\" content=\"article\" \/>\n<meta property=\"og:title\" content=\"544 y\u0131l sonra yeniden aya\u011fa kald\u0131r\u0131ld\u0131\" \/>\n<meta property=\"og:description\" content=\"Ka\u015f il\u00e7esinde tarihi M.\u00d6. 6 bin y\u0131l \u00f6ncesine uzanan Patara Antik Kenti&#8217;nde, Roma \u0130mparatoru Nero&#8217;nun yapt\u0131rd\u0131\u011f\u0131 ve tamam\u0131 1481&#8217;deki tsunamide y\u0131k\u0131lan 26,5 metre y\u00fcksekli\u011findeki deniz feneri, restorasyonun ard\u0131ndan iskelesi s\u00f6k\u00fclerek ilk kez g\u00f6r\u00fcnt\u00fclendi. 544 y\u0131l sonra yeniden aya\u011fa kald\u0131r\u0131lan Patara Deniz Feneri&#8217;nin restorasyon projesi, M\u00fcnir Karalo\u011flu&#8217;nun Antalya Valili\u011fi d\u00f6neminde, turizmde 2020 y\u0131l\u0131n\u0131n &#8216;Patara Y\u0131l\u0131&#8217; ilan edilmesi kapsam\u0131nda ba\u015flat\u0131ld\u0131. \u0130LK HAL\u0130 G\u0130B\u0130 G\u00d6R\u00dcLD\u00dc 37 y\u0131l \u00f6nce Akdeniz \u00dcniversitesi&#8217;nden Prof. Dr. Fahri I\u015f\u0131k ve e\u015fi Havva \u0130\u015fkan I\u015f\u0131k taraf\u0131ndan ba\u015flat\u0131lan kaz\u0131larda \u00e7\u0131kart\u0131lan y\u00fczlerce tarihi eser aras\u0131nda en \u00f6nemlilerinden biri olan ve M.S. 64 y\u0131l\u0131nda Roma \u0130mparatoru Nero taraf\u0131ndan yapt\u0131r\u0131lan deniz feneri, yakla\u015f\u0131k y\u00fczde 80&#8217;i kaz\u0131larda ortaya \u00e7\u0131kart\u0131lan orijinal ta\u015flar\u0131, yapay zeka teknolojileri kullan\u0131larak y\u0131k\u0131lmadan \u00f6nceki halindeki yerlerine konularak in\u015fa edildi. 2020&#8217;de ba\u015flayan ve 5 y\u0131la yak\u0131n devam eden restorasyon \u00e7al\u0131\u015fmalar\u0131n\u0131n tamamland\u0131\u011f\u0131n\u0131 ge\u00e7en hafta duyuran ve 1988&#8217;den bug\u00fcne Patara kaz\u0131lar\u0131nda kaz\u0131 ba\u015fkan yard\u0131mc\u0131l\u0131\u011f\u0131 ve kaz\u0131 ba\u015fkan\u0131 olarak g\u00f6rev yapt\u0131ktan sonra 2023 y\u0131l\u0131nda emekli olan Prof. Dr. Havva \u0130\u015fkan I\u015f\u0131k, 26,5 metrelik kulenin etraf\u0131n\u0131 saran iskele s\u00f6k\u00fcld\u00fckten sonra fenerin g\u00f6r\u00fcnt\u00fclerini de payla\u015ft\u0131. Aya\u011fa kald\u0131r\u0131lan deniz feneri, iskelenin s\u00f6k\u00fclmesi ile 544 y\u0131l \u00f6ncesinde oldu\u011fu gibi g\u00f6r\u00fcld\u00fc. \u00c7EVRE D\u00dcZENLEMES\u0130 YAPILACAK \u0130skele s\u00f6k\u00fcld\u00fckten sonraki haline ili\u015fkin foto\u011fraflar\u0131 payla\u015fan Prof. Dr. Havva \u0130\u015fkan I\u015f\u0131k, &#8220;\u00c7ok \u015f\u00fck\u00fcr Allah\u0131m, \u00e7ok &hellip;\" \/>\n<meta property=\"og:url\" content=\"https:\/\/denizcankizil.tr\/de\/haberler\/antalya\/544-yil-sonra-yeniden-ayaga-kaldirildi\/\" \/>\n<meta property=\"og:site_name\" content=\"Av. Deniz Can K\u0131z\u0131l\" \/>\n<meta property=\"article:published_time\" content=\"2025-04-16T09:41:20+00:00\" \/>\n<meta property=\"og:image\" content=\"https:\/\/denizcankizil.tr\/wp-content\/uploads\/2025\/04\/5827-01-dX6a2y.jpg\" \/>\n\t<meta property=\"og:image:width\" content=\"1280\" \/>\n\t<meta property=\"og:image:height\" content=\"720\" \/>\n\t<meta property=\"og:image:type\" content=\"image\/jpeg\" \/>\n<meta name=\"author\" content=\"Av. Deniz Can K\u0131z\u0131l\" \/>\n<meta name=\"twitter:card\" content=\"summary_large_image\" \/>\n<meta name=\"twitter:label1\" content=\"Verfasst von\" \/>\n\t<meta name=\"twitter:data1\" content=\"Av. Deniz Can K\u0131z\u0131l\" \/>\n\t<meta name=\"twitter:label2\" content=\"Gesch\u00e4tzte Lesezeit\" \/>\n\t<meta name=\"twitter:data2\" content=\"3\u00a0Minuten\" \/>\n<script type=\"application\/ld+json\" class=\"yoast-schema-graph\">{\"@context\":\"https:\/\/schema.org\",\"@graph\":[{\"@type\":\"Article\",\"@id\":\"https:\/\/denizcankizil.tr\/de\/haberler\/antalya\/544-yil-sonra-yeniden-ayaga-kaldirildi\/#article\",\"isPartOf\":{\"@id\":\"https:\/\/denizcankizil.tr\/de\/haberler\/antalya\/544-yil-sonra-yeniden-ayaga-kaldirildi\/\"},\"author\":{\"name\":\"Av. Deniz Can K\u0131z\u0131l\",\"@id\":\"https:\/\/denizcankizil.tr\/de\/#\/schema\/person\/5dc1b22991bd7ac833867c10afc9b0ff\"},\"headline\":\"544 y\u0131l sonra yeniden aya\u011fa kald\u0131r\u0131ld\u0131\",\"datePublished\":\"2025-04-16T09:41:20+00:00\",\"mainEntityOfPage\":{\"@id\":\"https:\/\/denizcankizil.tr\/de\/haberler\/antalya\/544-yil-sonra-yeniden-ayaga-kaldirildi\/\"},\"wordCount\":644,\"publisher\":{\"@id\":\"https:\/\/denizcankizil.tr\/de\/#organization\"},\"image\":{\"@id\":\"https:\/\/denizcankizil.tr\/de\/haberler\/antalya\/544-yil-sonra-yeniden-ayaga-kaldirildi\/#primaryimage\"},\"thumbnailUrl\":\"https:\/\/denizcankizil.tr\/wp-content\/uploads\/2025\/04\/5827-01-dX6a2y.jpg\",\"articleSection\":[\"Antalya\"],\"inLanguage\":\"de\"},{\"@type\":\"WebPage\",\"@id\":\"https:\/\/denizcankizil.tr\/de\/haberler\/antalya\/544-yil-sonra-yeniden-ayaga-kaldirildi\/\",\"url\":\"https:\/\/denizcankizil.tr\/de\/haberler\/antalya\/544-yil-sonra-yeniden-ayaga-kaldirildi\/\",\"name\":\"544 y\u0131l sonra yeniden aya\u011fa kald\u0131r\u0131ld\u0131 - Av. Deniz Can K\u0131z\u0131l\",\"isPartOf\":{\"@id\":\"https:\/\/denizcankizil.tr\/de\/#website\"},\"primaryImageOfPage\":{\"@id\":\"https:\/\/denizcankizil.tr\/de\/haberler\/antalya\/544-yil-sonra-yeniden-ayaga-kaldirildi\/#primaryimage\"},\"image\":{\"@id\":\"https:\/\/denizcankizil.tr\/de\/haberler\/antalya\/544-yil-sonra-yeniden-ayaga-kaldirildi\/#primaryimage\"},\"thumbnailUrl\":\"https:\/\/denizcankizil.tr\/wp-content\/uploads\/2025\/04\/5827-01-dX6a2y.jpg\",\"datePublished\":\"2025-04-16T09:41:20+00:00\",\"breadcrumb\":{\"@id\":\"https:\/\/denizcankizil.tr\/de\/haberler\/antalya\/544-yil-sonra-yeniden-ayaga-kaldirildi\/#breadcrumb\"},\"inLanguage\":\"de\",\"potentialAction\":[{\"@type\":\"ReadAction\",\"target\":[\"https:\/\/denizcankizil.tr\/de\/haberler\/antalya\/544-yil-sonra-yeniden-ayaga-kaldirildi\/\"]}]},{\"@type\":\"ImageObject\",\"inLanguage\":\"de\",\"@id\":\"https:\/\/denizcankizil.tr\/de\/haberler\/antalya\/544-yil-sonra-yeniden-ayaga-kaldirildi\/#primaryimage\",\"url\":\"https:\/\/denizcankizil.tr\/wp-content\/uploads\/2025\/04\/5827-01-dX6a2y.jpg\",\"contentUrl\":\"https:\/\/denizcankizil.tr\/wp-content\/uploads\/2025\/04\/5827-01-dX6a2y.jpg\",\"width\":1280,\"height\":720},{\"@type\":\"BreadcrumbList\",\"@id\":\"https:\/\/denizcankizil.tr\/de\/haberler\/antalya\/544-yil-sonra-yeniden-ayaga-kaldirildi\/#breadcrumb\",\"itemListElement\":[{\"@type\":\"ListItem\",\"position\":1,\"name\":\"Home\",\"item\":\"https:\/\/denizcankizil.tr\/de\/\"},{\"@type\":\"ListItem\",\"position\":2,\"name\":\"544 y\u0131l sonra yeniden aya\u011fa kald\u0131r\u0131ld\u0131\"}]},{\"@type\":\"WebSite\",\"@id\":\"https:\/\/denizcankizil.tr\/de\/#website\",\"url\":\"https:\/\/denizcankizil.tr\/de\/\",\"name\":\"Av. Deniz Can K\u0131z\u0131l\",\"description\":\"Avukat Deniz Can K\u0131z\u0131l Antalya Barosu\",\"publisher\":{\"@id\":\"https:\/\/denizcankizil.tr\/de\/#organization\"},\"potentialAction\":[{\"@type\":\"SearchAction\",\"target\":{\"@type\":\"EntryPoint\",\"urlTemplate\":\"https:\/\/denizcankizil.tr\/de\/?s={search_term_string}\"},\"query-input\":{\"@type\":\"PropertyValueSpecification\",\"valueRequired\":true,\"valueName\":\"search_term_string\"}}],\"inLanguage\":\"de\"},{\"@type\":\"Organization\",\"@id\":\"https:\/\/denizcankizil.tr\/de\/#organization\",\"name\":\"Av. Deniz Can K\u0131z\u0131l\",\"url\":\"https:\/\/denizcankizil.tr\/de\/\",\"logo\":{\"@type\":\"ImageObject\",\"inLanguage\":\"de\",\"@id\":\"https:\/\/denizcankizil.tr\/de\/#\/schema\/logo\/image\/\",\"url\":\"https:\/\/denizcankizil.tr\/wp-content\/uploads\/2024\/10\/siyah-logo-svg.svg\",\"contentUrl\":\"https:\/\/denizcankizil.tr\/wp-content\/uploads\/2024\/10\/siyah-logo-svg.svg\",\"width\":1080,\"height\":1080,\"caption\":\"Av. Deniz Can K\u0131z\u0131l\"},\"image\":{\"@id\":\"https:\/\/denizcankizil.tr\/de\/#\/schema\/logo\/image\/\"}},{\"@type\":\"Person\",\"@id\":\"https:\/\/denizcankizil.tr\/de\/#\/schema\/person\/5dc1b22991bd7ac833867c10afc9b0ff\",\"name\":\"Av. Deniz Can K\u0131z\u0131l\",\"image\":{\"@type\":\"ImageObject\",\"inLanguage\":\"de\",\"@id\":\"https:\/\/denizcankizil.tr\/de\/#\/schema\/person\/image\/\",\"url\":\"https:\/\/secure.gravatar.com\/avatar\/a0b128fb9855c79efc976d5640eedb31dc35ec297594d6016d2cf7c60e975bb6?s=96&d=mm&r=g\",\"contentUrl\":\"https:\/\/secure.gravatar.com\/avatar\/a0b128fb9855c79efc976d5640eedb31dc35ec297594d6016d2cf7c60e975bb6?s=96&d=mm&r=g\",\"caption\":\"Av. Deniz Can K\u0131z\u0131l\"},\"sameAs\":[\"http:\/\/www.denizcankizil.tr\"],\"url\":\"https:\/\/denizcankizil.tr\/de\/author\/denizcankizil\/\"}]}<\/script>\n<!-- \/ Yoast SEO Premium plugin. -->","yoast_head_json":{"title":"544 y\u0131l sonra yeniden aya\u011fa kald\u0131r\u0131ld\u0131 - Av. Deniz Can K\u0131z\u0131l","robots":{"index":"index","follow":"follow","max-snippet":"max-snippet:-1","max-image-preview":"max-image-preview:large","max-video-preview":"max-video-preview:-1"},"canonical":"https:\/\/denizcankizil.tr\/de\/haberler\/antalya\/544-yil-sonra-yeniden-ayaga-kaldirildi\/","og_locale":"de_DE","og_type":"article","og_title":"544 y\u0131l sonra yeniden aya\u011fa kald\u0131r\u0131ld\u0131","og_description":"Ka\u015f il\u00e7esinde tarihi M.\u00d6. 6 bin y\u0131l \u00f6ncesine uzanan Patara Antik Kenti&#8217;nde, Roma \u0130mparatoru Nero&#8217;nun yapt\u0131rd\u0131\u011f\u0131 ve tamam\u0131 1481&#8217;deki tsunamide y\u0131k\u0131lan 26,5 metre y\u00fcksekli\u011findeki deniz feneri, restorasyonun ard\u0131ndan iskelesi s\u00f6k\u00fclerek ilk kez g\u00f6r\u00fcnt\u00fclendi. 544 y\u0131l sonra yeniden aya\u011fa kald\u0131r\u0131lan Patara Deniz Feneri&#8217;nin restorasyon projesi, M\u00fcnir Karalo\u011flu&#8217;nun Antalya Valili\u011fi d\u00f6neminde, turizmde 2020 y\u0131l\u0131n\u0131n &#8216;Patara Y\u0131l\u0131&#8217; ilan edilmesi kapsam\u0131nda ba\u015flat\u0131ld\u0131. \u0130LK HAL\u0130 G\u0130B\u0130 G\u00d6R\u00dcLD\u00dc 37 y\u0131l \u00f6nce Akdeniz \u00dcniversitesi&#8217;nden Prof. Dr. Fahri I\u015f\u0131k ve e\u015fi Havva \u0130\u015fkan I\u015f\u0131k taraf\u0131ndan ba\u015flat\u0131lan kaz\u0131larda \u00e7\u0131kart\u0131lan y\u00fczlerce tarihi eser aras\u0131nda en \u00f6nemlilerinden biri olan ve M.S. 64 y\u0131l\u0131nda Roma \u0130mparatoru Nero taraf\u0131ndan yapt\u0131r\u0131lan deniz feneri, yakla\u015f\u0131k y\u00fczde 80&#8217;i kaz\u0131larda ortaya \u00e7\u0131kart\u0131lan orijinal ta\u015flar\u0131, yapay zeka teknolojileri kullan\u0131larak y\u0131k\u0131lmadan \u00f6nceki halindeki yerlerine konularak in\u015fa edildi. 2020&#8217;de ba\u015flayan ve 5 y\u0131la yak\u0131n devam eden restorasyon \u00e7al\u0131\u015fmalar\u0131n\u0131n tamamland\u0131\u011f\u0131n\u0131 ge\u00e7en hafta duyuran ve 1988&#8217;den bug\u00fcne Patara kaz\u0131lar\u0131nda kaz\u0131 ba\u015fkan yard\u0131mc\u0131l\u0131\u011f\u0131 ve kaz\u0131 ba\u015fkan\u0131 olarak g\u00f6rev yapt\u0131ktan sonra 2023 y\u0131l\u0131nda emekli olan Prof. Dr. Havva \u0130\u015fkan I\u015f\u0131k, 26,5 metrelik kulenin etraf\u0131n\u0131 saran iskele s\u00f6k\u00fcld\u00fckten sonra fenerin g\u00f6r\u00fcnt\u00fclerini de payla\u015ft\u0131. Aya\u011fa kald\u0131r\u0131lan deniz feneri, iskelenin s\u00f6k\u00fclmesi ile 544 y\u0131l \u00f6ncesinde oldu\u011fu gibi g\u00f6r\u00fcld\u00fc. \u00c7EVRE D\u00dcZENLEMES\u0130 YAPILACAK \u0130skele s\u00f6k\u00fcld\u00fckten sonraki haline ili\u015fkin foto\u011fraflar\u0131 payla\u015fan Prof. Dr. Havva \u0130\u015fkan I\u015f\u0131k, &#8220;\u00c7ok \u015f\u00fck\u00fcr Allah\u0131m, \u00e7ok &hellip;","og_url":"https:\/\/denizcankizil.tr\/de\/haberler\/antalya\/544-yil-sonra-yeniden-ayaga-kaldirildi\/","og_site_name":"Av. Deniz Can K\u0131z\u0131l","article_published_time":"2025-04-16T09:41:20+00:00","og_image":[{"width":1280,"height":720,"url":"https:\/\/denizcankizil.tr\/wp-content\/uploads\/2025\/04\/5827-01-dX6a2y.jpg","type":"image\/jpeg"}],"author":"Av. Deniz Can K\u0131z\u0131l","twitter_card":"summary_large_image","twitter_misc":{"Verfasst von":"Av. Deniz Can K\u0131z\u0131l","Gesch\u00e4tzte Lesezeit":"3\u00a0Minuten"},"schema":{"@context":"https:\/\/schema.org","@graph":[{"@type":"Article","@id":"https:\/\/denizcankizil.tr\/de\/haberler\/antalya\/544-yil-sonra-yeniden-ayaga-kaldirildi\/#article","isPartOf":{"@id":"https:\/\/denizcankizil.tr\/de\/haberler\/antalya\/544-yil-sonra-yeniden-ayaga-kaldirildi\/"},"author":{"name":"Av. Deniz Can K\u0131z\u0131l","@id":"https:\/\/denizcankizil.tr\/de\/#\/schema\/person\/5dc1b22991bd7ac833867c10afc9b0ff"},"headline":"544 y\u0131l sonra yeniden aya\u011fa kald\u0131r\u0131ld\u0131","datePublished":"2025-04-16T09:41:20+00:00","mainEntityOfPage":{"@id":"https:\/\/denizcankizil.tr\/de\/haberler\/antalya\/544-yil-sonra-yeniden-ayaga-kaldirildi\/"},"wordCount":644,"publisher":{"@id":"https:\/\/denizcankizil.tr\/de\/#organization"},"image":{"@id":"https:\/\/denizcankizil.tr\/de\/haberler\/antalya\/544-yil-sonra-yeniden-ayaga-kaldirildi\/#primaryimage"},"thumbnailUrl":"https:\/\/denizcankizil.tr\/wp-content\/uploads\/2025\/04\/5827-01-dX6a2y.jpg","articleSection":["Antalya"],"inLanguage":"de"},{"@type":"WebPage","@id":"https:\/\/denizcankizil.tr\/de\/haberler\/antalya\/544-yil-sonra-yeniden-ayaga-kaldirildi\/","url":"https:\/\/denizcankizil.tr\/de\/haberler\/antalya\/544-yil-sonra-yeniden-ayaga-kaldirildi\/","name":"544 y\u0131l sonra yeniden aya\u011fa kald\u0131r\u0131ld\u0131 - Av. Deniz Can K\u0131z\u0131l","isPartOf":{"@id":"https:\/\/denizcankizil.tr\/de\/#website"},"primaryImageOfPage":{"@id":"https:\/\/denizcankizil.tr\/de\/haberler\/antalya\/544-yil-sonra-yeniden-ayaga-kaldirildi\/#primaryimage"},"image":{"@id":"https:\/\/denizcankizil.tr\/de\/haberler\/antalya\/544-yil-sonra-yeniden-ayaga-kaldirildi\/#primaryimage"},"thumbnailUrl":"https:\/\/denizcankizil.tr\/wp-content\/uploads\/2025\/04\/5827-01-dX6a2y.jpg","datePublished":"2025-04-16T09:41:20+00:00","breadcrumb":{"@id":"https:\/\/denizcankizil.tr\/de\/haberler\/antalya\/544-yil-sonra-yeniden-ayaga-kaldirildi\/#breadcrumb"},"inLanguage":"de","potentialAction":[{"@type":"ReadAction","target":["https:\/\/denizcankizil.tr\/de\/haberler\/antalya\/544-yil-sonra-yeniden-ayaga-kaldirildi\/"]}]},{"@type":"ImageObject","inLanguage":"de","@id":"https:\/\/denizcankizil.tr\/de\/haberler\/antalya\/544-yil-sonra-yeniden-ayaga-kaldirildi\/#primaryimage","url":"https:\/\/denizcankizil.tr\/wp-content\/uploads\/2025\/04\/5827-01-dX6a2y.jpg","contentUrl":"https:\/\/denizcankizil.tr\/wp-content\/uploads\/2025\/04\/5827-01-dX6a2y.jpg","width":1280,"height":720},{"@type":"BreadcrumbList","@id":"https:\/\/denizcankizil.tr\/de\/haberler\/antalya\/544-yil-sonra-yeniden-ayaga-kaldirildi\/#breadcrumb","itemListElement":[{"@type":"ListItem","position":1,"name":"Home","item":"https:\/\/denizcankizil.tr\/de\/"},{"@type":"ListItem","position":2,"name":"544 y\u0131l sonra yeniden aya\u011fa kald\u0131r\u0131ld\u0131"}]},{"@type":"WebSite","@id":"https:\/\/denizcankizil.tr\/de\/#website","url":"https:\/\/denizcankizil.tr\/de\/","name":"Av. Deniz Can K\u0131z\u0131l","description":"Avukat Deniz Can K\u0131z\u0131l Antalya Barosu","publisher":{"@id":"https:\/\/denizcankizil.tr\/de\/#organization"},"potentialAction":[{"@type":"SearchAction","target":{"@type":"EntryPoint","urlTemplate":"https:\/\/denizcankizil.tr\/de\/?s={search_term_string}"},"query-input":{"@type":"PropertyValueSpecification","valueRequired":true,"valueName":"search_term_string"}}],"inLanguage":"de"},{"@type":"Organization","@id":"https:\/\/denizcankizil.tr\/de\/#organization","name":"Av. Deniz Can K\u0131z\u0131l","url":"https:\/\/denizcankizil.tr\/de\/","logo":{"@type":"ImageObject","inLanguage":"de","@id":"https:\/\/denizcankizil.tr\/de\/#\/schema\/logo\/image\/","url":"https:\/\/denizcankizil.tr\/wp-content\/uploads\/2024\/10\/siyah-logo-svg.svg","contentUrl":"https:\/\/denizcankizil.tr\/wp-content\/uploads\/2024\/10\/siyah-logo-svg.svg","width":1080,"height":1080,"caption":"Av. Deniz Can K\u0131z\u0131l"},"image":{"@id":"https:\/\/denizcankizil.tr\/de\/#\/schema\/logo\/image\/"}},{"@type":"Person","@id":"https:\/\/denizcankizil.tr\/de\/#\/schema\/person\/5dc1b22991bd7ac833867c10afc9b0ff","name":"Av. Deniz Can K\u0131z\u0131l","image":{"@type":"ImageObject","inLanguage":"de","@id":"https:\/\/denizcankizil.tr\/de\/#\/schema\/person\/image\/","url":"https:\/\/secure.gravatar.com\/avatar\/a0b128fb9855c79efc976d5640eedb31dc35ec297594d6016d2cf7c60e975bb6?s=96&d=mm&r=g","contentUrl":"https:\/\/secure.gravatar.com\/avatar\/a0b128fb9855c79efc976d5640eedb31dc35ec297594d6016d2cf7c60e975bb6?s=96&d=mm&r=g","caption":"Av. Deniz Can K\u0131z\u0131l"},"sameAs":["http:\/\/www.denizcankizil.tr"],"url":"https:\/\/denizcankizil.tr\/de\/author\/denizcankizil\/"}]}},"_links":{"self":[{"href":"https:\/\/denizcankizil.tr\/de\/wp-json\/wp\/v2\/posts\/57389","targetHints":{"allow":["GET"]}}],"collection":[{"href":"https:\/\/denizcankizil.tr\/de\/wp-json\/wp\/v2\/posts"}],"about":[{"href":"https:\/\/denizcankizil.tr\/de\/wp-json\/wp\/v2\/types\/post"}],"author":[{"embeddable":true,"href":"https:\/\/denizcankizil.tr\/de\/wp-json\/wp\/v2\/users\/4"}],"replies":[{"embeddable":true,"href":"https:\/\/denizcankizil.tr\/de\/wp-json\/wp\/v2\/comments?post=57389"}],"version-history":[{"count":0,"href":"https:\/\/denizcankizil.tr\/de\/wp-json\/wp\/v2\/posts\/57389\/revisions"}],"wp:featuredmedia":[{"embeddable":true,"href":"https:\/\/denizcankizil.tr\/de\/wp-json\/wp\/v2\/media\/57390"}],"wp:attachment":[{"href":"https:\/\/denizcankizil.tr\/de\/wp-json\/wp\/v2\/media?parent=57389"}],"wp:term":[{"taxonomy":"category","embeddable":true,"href":"https:\/\/denizcankizil.tr\/de\/wp-json\/wp\/v2\/categories?post=57389"},{"taxonomy":"post_tag","embeddable":true,"href":"https:\/\/denizcankizil.tr\/de\/wp-json\/wp\/v2\/tags?post=57389"}],"curies":[{"name":"wp","href":"https:\/\/api.w.org\/{rel}","templated":true}]}}