{"id":57386,"date":"2025-04-16T11:42:48","date_gmt":"2025-04-16T08:42:48","guid":{"rendered":"https:\/\/denizcankizil.tr\/uncategorized-tr\/kocaeli-tarimin-gucune-guc-katiyor\/"},"modified":"2025-04-16T11:42:48","modified_gmt":"2025-04-16T08:42:48","slug":"kocaeli-tarimin-gucune-guc-katiyor","status":"publish","type":"post","link":"https:\/\/denizcankizil.tr\/de\/haberler\/gundem\/kocaeli-tarimin-gucune-guc-katiyor\/","title":{"rendered":"Kocaeli tar\u0131m\u0131n g\u00fcc\u00fcne g\u00fc\u00e7 kat\u0131yor"},"content":{"rendered":"<p>Kocaeli B\u00fcy\u00fck\u015fehir Belediyesi&#8217;nin \u00e7ift\u00e7ilere y\u00f6nelik y\u00fczde 50 hibeli silajl\u0131k ve dane m\u0131s\u0131r tohumu ve 15-15-15 g\u00fcbresi, ilkbahar yem bitkisi deste\u011fi projesi kapsam\u0131nda \u00fcreticilere da\u011f\u0131t\u0131l\u0131yor.KOCAEL\u0130 (\u0130GFA) &#8211; Kocaeli B\u00fcy\u00fck\u015fehir Belediyesi,\u00a0 \u201c2025 Y\u0131l\u0131 \u0130lkbahar Yem Bitkisi Tohumu ve G\u00fcbre Destek Projesi\u201d kapsam\u0131nda \u00e7ift\u00e7ilere y\u00fczde 50 hibeli m\u0131s\u0131r tohumu ve 15-15-15 g\u00fcbresi deste\u011finde bulunuyor. \u00dcr\u00fcnler, \u00e7ift\u00e7ilere belirlenen da\u011f\u0131t\u0131m merkezlerinde teslim ediliyor. G\u00fcbre ve tohumlar\u0131n da\u011f\u0131t\u0131m\u0131 18 Nisan\u2019a kadar devam edecek.<br \/>\nKocaeli B\u00fcy\u00fck\u015fehir Belediyesi, \u00e7ift\u00e7ilerin gelir d\u00fczeyini art\u0131r\u0131lmas\u0131 ve tar\u0131msal \u00fcretimin kesintisiz devam etmesi i\u00e7in mazot, g\u00fcbre, tohum, meyve fidan\u0131, do\u011fal salma yumurta tavuk\u00e7ulu\u011fu, modern sera deste\u011fi ba\u015fta olmak \u00fczere hayata ge\u00e7irdi\u011fi onlarca proje ile \u00fcreticilerin y\u00fcz\u00fcn\u00fc g\u00fcld\u00fcrmeye devam ediyor. B\u00fcy\u00fck\u015fehir Belediyesi Muhtarl\u0131k \u0130\u015fleri Dairesi Ba\u015fkanl\u0131\u011f\u0131 Tar\u0131msal Hizmetler \u015eube M\u00fcd\u00fcrl\u00fc\u011f\u00fc, il genelinde y\u00fcr\u00fct\u00fclen yem bitkisi tohumu destekleme projesi kapsam\u0131nda yakla\u015f\u0131k 1500 \u00e7ift\u00e7iye y\u00fczde 50 hibeli 700 ton 15-15-15 g\u00fcbresi ile 70 ton (4800 paket) dane m\u0131s\u0131r ve silajl\u0131k m\u0131s\u0131r tohumu deste\u011fi veriliyor. Proje do\u011frultusunda, Kocaeli genelinde yakla\u015f\u0131k 36 bin dekar m\u0131s\u0131r tarlas\u0131n\u0131n desteklenmesi hedefleniyor.<\/p>\n<p>DA\u011eITIM 18 N\u0130SAN\u2019DA SONA ER\u0130YOR<br \/>\nHat\u0131rlanaca\u011f\u0131 gibi B\u00fcy\u00fck\u015fehir Belediyesi&#8217;nin 11 Nisan&#8217;da \u0130zmit Akme\u015fe Mahallesi\u2019nde Ba\u015fkan Tahir B\u00fcy\u00fckak\u0131n\u2019\u0131n da kat\u0131ld\u0131\u011f\u0131 t\u00f6rende \u00fcreticilere g\u00fcbre ve tohumlar\u0131n\u0131n da\u011f\u0131t\u0131m\u0131na ba\u015flam\u0131\u015ft\u0131. \u00c7ift\u00e7iler, Kocaeli genelindeki tar\u0131m kredi kooperatiflerinde bulunan da\u011f\u0131t\u0131m merkezlerinden \u00fcr\u00fcnlerini teslim al\u0131yor. \u00dcreticilere, tohum ve g\u00fcbrelerini hangi tarihte ve nereden teslim almalar\u0131 gerekti\u011fi SMS ile bilgilendiriliyor. Da\u011f\u0131t\u0131mlar, 18 Nisan Cuma g\u00fcn\u00fc mesai bitimine kadar s\u00fcrecek.<br \/>\nKocaeli B\u00fcy\u00fck\u015fehir Belediyesi\u2019nin tar\u0131msal desteklerinden dolay\u0131 memnuniyetlerini dile getiren \u00fcreticiler, zor g\u00fcnlerde her zaman yanlar\u0131nda olan Ba\u015fkan Tahir B\u00fcy\u00fckak\u0131n\u2019a te\u015fekk\u00fcr etti.<\/p>\n<p>\u200bKocaeli B\u00fcy\u00fck\u015fehir Belediyesi&#8217;nin \u00e7ift\u00e7ilere y\u00f6nelik y\u00fczde 50 hibeli silajl\u0131k ve dane m\u0131s\u0131r tohumu ve 15-15-15 g\u00fcbresi, ilkbahar yem bitkisi deste\u011fi projesi kapsam\u0131nda \u00fcreticilere da\u011f\u0131t\u0131l\u0131yor.KOCAEL\u0130 (\u0130GFA) &#8211; Kocaeli B\u00fcy\u00fck\u015fehir Belediyesi,\u00a0 \u201c2025 Y\u0131l\u0131 \u0130lkbahar Yem Bitkisi Tohumu ve G\u00fcbre Destek Projesi\u201d kapsam\u0131nda \u00e7ift\u00e7ilere y\u00fczde 50 hibeli m\u0131s\u0131r tohumu ve 15-15-15 g\u00fcbresi deste\u011finde bulunuyor. \u00dcr\u00fcnler, \u00e7ift\u00e7ilere belirlenen da\u011f\u0131t\u0131m merkezlerinde teslim ediliyor. G\u00fcbre ve tohumlar\u0131n da\u011f\u0131t\u0131m\u0131 18 Nisan\u2019a kadar devam edecek.<br \/>\nKocaeli B\u00fcy\u00fck\u015fehir Belediyesi, \u00e7ift\u00e7ilerin gelir d\u00fczeyini art\u0131r\u0131lmas\u0131 ve tar\u0131msal \u00fcretimin kesintisiz devam etmesi i\u00e7in mazot, g\u00fcbre, tohum, meyve fidan\u0131, do\u011fal salma yumurta tavuk\u00e7ulu\u011fu, modern sera deste\u011fi ba\u015fta olmak \u00fczere hayata ge\u00e7irdi\u011fi onlarca proje ile \u00fcreticilerin y\u00fcz\u00fcn\u00fc g\u00fcld\u00fcrmeye devam ediyor. B\u00fcy\u00fck\u015fehir Belediyesi Muhtarl\u0131k \u0130\u015fleri Dairesi Ba\u015fkanl\u0131\u011f\u0131 Tar\u0131msal Hizmetler \u015eube M\u00fcd\u00fcrl\u00fc\u011f\u00fc, il genelinde y\u00fcr\u00fct\u00fclen yem bitkisi tohumu destekleme projesi kapsam\u0131nda yakla\u015f\u0131k 1500 \u00e7ift\u00e7iye y\u00fczde 50 hibeli 700 ton 15-15-15 g\u00fcbresi ile 70 ton (4800 paket) dane m\u0131s\u0131r ve silajl\u0131k m\u0131s\u0131r tohumu deste\u011fi veriliyor. Proje do\u011frultusunda, Kocaeli genelinde yakla\u015f\u0131k 36 bin dekar m\u0131s\u0131r tarlas\u0131n\u0131n desteklenmesi hedefleniyor.<\/p>\n<p>DA\u011eITIM 18 N\u0130SAN\u2019DA SONA ER\u0130YOR<br \/>\nHat\u0131rlanaca\u011f\u0131 gibi B\u00fcy\u00fck\u015fehir Belediyesi&#8217;nin 11 Nisan&#8217;da \u0130zmit Akme\u015fe Mahallesi\u2019nde Ba\u015fkan Tahir B\u00fcy\u00fckak\u0131n\u2019\u0131n da kat\u0131ld\u0131\u011f\u0131 t\u00f6rende \u00fcreticilere g\u00fcbre ve tohumlar\u0131n\u0131n da\u011f\u0131t\u0131m\u0131na ba\u015flam\u0131\u015ft\u0131. \u00c7ift\u00e7iler, Kocaeli genelindeki tar\u0131m kredi kooperatiflerinde bulunan da\u011f\u0131t\u0131m merkezlerinden \u00fcr\u00fcnlerini teslim al\u0131yor. \u00dcreticilere, tohum ve g\u00fcbrelerini hangi tarihte ve nereden teslim almalar\u0131 gerekti\u011fi SMS ile bilgilendiriliyor. Da\u011f\u0131t\u0131mlar, 18 Nisan Cuma g\u00fcn\u00fc mesai bitimine kadar s\u00fcrecek.<br \/>\nKocaeli B\u00fcy\u00fck\u015fehir Belediyesi\u2019nin tar\u0131msal desteklerinden dolay\u0131 memnuniyetlerini dile getiren \u00fcreticiler, zor g\u00fcnlerde her zaman yanlar\u0131nda olan Ba\u015fkan Tahir B\u00fcy\u00fckak\u0131n\u2019a te\u015fekk\u00fcr etti.\u00a0<\/p>\n<p>\u200bHaberin Al\u0131nt\u0131land\u0131\u011f\u0131 Kaynak: www.iskenderun.org<\/p>","protected":false},"excerpt":{"rendered":"<p>Kocaeli B\u00fcy\u00fck\u015fehir Belediyesi&#8217;nin \u00e7ift\u00e7ilere y\u00f6nelik y\u00fczde 50 hibeli silajl\u0131k ve dane m\u0131s\u0131r tohumu ve 15-15-15 g\u00fcbresi, ilkbahar yem bitkisi deste\u011fi projesi kapsam\u0131nda \u00fcreticilere da\u011f\u0131t\u0131l\u0131yor.KOCAEL\u0130 (\u0130GFA) &#8211; Kocaeli B\u00fcy\u00fck\u015fehir Belediyesi,\u00a0 \u201c2025 Y\u0131l\u0131 \u0130lkbahar Yem Bitkisi Tohumu ve G\u00fcbre Destek Projesi\u201d kapsam\u0131nda \u00e7ift\u00e7ilere y\u00fczde 50 hibeli m\u0131s\u0131r tohumu ve 15-15-15 g\u00fcbresi deste\u011finde bulunuyor. \u00dcr\u00fcnler, \u00e7ift\u00e7ilere belirlenen da\u011f\u0131t\u0131m merkezlerinde teslim ediliyor. G\u00fcbre ve tohumlar\u0131n da\u011f\u0131t\u0131m\u0131 18 Nisan\u2019a kadar devam edecek. Kocaeli B\u00fcy\u00fck\u015fehir Belediyesi, \u00e7ift\u00e7ilerin gelir d\u00fczeyini art\u0131r\u0131lmas\u0131 ve tar\u0131msal \u00fcretimin kesintisiz devam etmesi i\u00e7in mazot, g\u00fcbre, tohum, meyve fidan\u0131, do\u011fal salma yumurta tavuk\u00e7ulu\u011fu, modern sera deste\u011fi ba\u015fta olmak \u00fczere hayata ge\u00e7irdi\u011fi onlarca proje ile \u00fcreticilerin y\u00fcz\u00fcn\u00fc g\u00fcld\u00fcrmeye devam ediyor. B\u00fcy\u00fck\u015fehir Belediyesi Muhtarl\u0131k \u0130\u015fleri Dairesi Ba\u015fkanl\u0131\u011f\u0131 Tar\u0131msal Hizmetler \u015eube M\u00fcd\u00fcrl\u00fc\u011f\u00fc, il genelinde y\u00fcr\u00fct\u00fclen yem bitkisi tohumu destekleme projesi kapsam\u0131nda yakla\u015f\u0131k 1500 \u00e7ift\u00e7iye y\u00fczde 50 hibeli 700 ton 15-15-15 g\u00fcbresi ile 70 ton (4800 paket) dane m\u0131s\u0131r ve silajl\u0131k m\u0131s\u0131r tohumu deste\u011fi veriliyor. Proje do\u011frultusunda, Kocaeli genelinde yakla\u015f\u0131k 36 bin dekar m\u0131s\u0131r tarlas\u0131n\u0131n desteklenmesi hedefleniyor. DA\u011eITIM 18 N\u0130SAN\u2019DA SONA ER\u0130YOR Hat\u0131rlanaca\u011f\u0131 gibi B\u00fcy\u00fck\u015fehir Belediyesi&#8217;nin 11 Nisan&#8217;da \u0130zmit Akme\u015fe Mahallesi\u2019nde Ba\u015fkan Tahir B\u00fcy\u00fckak\u0131n\u2019\u0131n da kat\u0131ld\u0131\u011f\u0131 t\u00f6rende \u00fcreticilere g\u00fcbre ve tohumlar\u0131n\u0131n da\u011f\u0131t\u0131m\u0131na ba\u015flam\u0131\u015ft\u0131. \u00c7ift\u00e7iler, Kocaeli genelindeki tar\u0131m kredi kooperatiflerinde bulunan da\u011f\u0131t\u0131m merkezlerinden \u00fcr\u00fcnlerini teslim al\u0131yor. \u00dcreticilere, tohum &hellip;<\/p>","protected":false},"author":1,"featured_media":0,"comment_status":"","ping_status":"open","sticky":false,"template":"","format":"standard","meta":{"_acf_changed":false,"footnotes":""},"categories":[24],"tags":[],"class_list":["post-57386","post","type-post","status-publish","format-standard","has-post-thumbnail","hentry","category-gundem"],"acf":[],"yoast_head":"<!-- This site is optimized with the Yoast SEO Premium plugin v26.6 (Yoast SEO v27.1.1) - https:\/\/yoast.com\/product\/yoast-seo-premium-wordpress\/ -->\n<title>Kocaeli tar\u0131m\u0131n g\u00fcc\u00fcne g\u00fc\u00e7 kat\u0131yor - Av. Deniz Can K\u0131z\u0131l<\/title>\n<meta name=\"robots\" content=\"index, follow, max-snippet:-1, max-image-preview:large, max-video-preview:-1\" \/>\n<link rel=\"canonical\" href=\"https:\/\/denizcankizil.tr\/de\/haberler\/gundem\/kocaeli-tarimin-gucune-guc-katiyor\/\" \/>\n<meta property=\"og:locale\" content=\"de_DE\" \/>\n<meta property=\"og:type\" content=\"article\" \/>\n<meta property=\"og:title\" content=\"Kocaeli tar\u0131m\u0131n g\u00fcc\u00fcne g\u00fc\u00e7 kat\u0131yor\" \/>\n<meta property=\"og:description\" content=\"Kocaeli B\u00fcy\u00fck\u015fehir Belediyesi&#8217;nin \u00e7ift\u00e7ilere y\u00f6nelik y\u00fczde 50 hibeli silajl\u0131k ve dane m\u0131s\u0131r tohumu ve 15-15-15 g\u00fcbresi, ilkbahar yem bitkisi deste\u011fi projesi kapsam\u0131nda \u00fcreticilere da\u011f\u0131t\u0131l\u0131yor.KOCAEL\u0130 (\u0130GFA) &#8211; Kocaeli B\u00fcy\u00fck\u015fehir Belediyesi,\u00a0 \u201c2025 Y\u0131l\u0131 \u0130lkbahar Yem Bitkisi Tohumu ve G\u00fcbre Destek Projesi\u201d kapsam\u0131nda \u00e7ift\u00e7ilere y\u00fczde 50 hibeli m\u0131s\u0131r tohumu ve 15-15-15 g\u00fcbresi deste\u011finde bulunuyor. \u00dcr\u00fcnler, \u00e7ift\u00e7ilere belirlenen da\u011f\u0131t\u0131m merkezlerinde teslim ediliyor. G\u00fcbre ve tohumlar\u0131n da\u011f\u0131t\u0131m\u0131 18 Nisan\u2019a kadar devam edecek. Kocaeli B\u00fcy\u00fck\u015fehir Belediyesi, \u00e7ift\u00e7ilerin gelir d\u00fczeyini art\u0131r\u0131lmas\u0131 ve tar\u0131msal \u00fcretimin kesintisiz devam etmesi i\u00e7in mazot, g\u00fcbre, tohum, meyve fidan\u0131, do\u011fal salma yumurta tavuk\u00e7ulu\u011fu, modern sera deste\u011fi ba\u015fta olmak \u00fczere hayata ge\u00e7irdi\u011fi onlarca proje ile \u00fcreticilerin y\u00fcz\u00fcn\u00fc g\u00fcld\u00fcrmeye devam ediyor. B\u00fcy\u00fck\u015fehir Belediyesi Muhtarl\u0131k \u0130\u015fleri Dairesi Ba\u015fkanl\u0131\u011f\u0131 Tar\u0131msal Hizmetler \u015eube M\u00fcd\u00fcrl\u00fc\u011f\u00fc, il genelinde y\u00fcr\u00fct\u00fclen yem bitkisi tohumu destekleme projesi kapsam\u0131nda yakla\u015f\u0131k 1500 \u00e7ift\u00e7iye y\u00fczde 50 hibeli 700 ton 15-15-15 g\u00fcbresi ile 70 ton (4800 paket) dane m\u0131s\u0131r ve silajl\u0131k m\u0131s\u0131r tohumu deste\u011fi veriliyor. Proje do\u011frultusunda, Kocaeli genelinde yakla\u015f\u0131k 36 bin dekar m\u0131s\u0131r tarlas\u0131n\u0131n desteklenmesi hedefleniyor. DA\u011eITIM 18 N\u0130SAN\u2019DA SONA ER\u0130YOR Hat\u0131rlanaca\u011f\u0131 gibi B\u00fcy\u00fck\u015fehir Belediyesi&#8217;nin 11 Nisan&#8217;da \u0130zmit Akme\u015fe Mahallesi\u2019nde Ba\u015fkan Tahir B\u00fcy\u00fckak\u0131n\u2019\u0131n da kat\u0131ld\u0131\u011f\u0131 t\u00f6rende \u00fcreticilere g\u00fcbre ve tohumlar\u0131n\u0131n da\u011f\u0131t\u0131m\u0131na ba\u015flam\u0131\u015ft\u0131. \u00c7ift\u00e7iler, Kocaeli genelindeki tar\u0131m kredi kooperatiflerinde bulunan da\u011f\u0131t\u0131m merkezlerinden \u00fcr\u00fcnlerini teslim al\u0131yor. \u00dcreticilere, tohum &hellip;\" \/>\n<meta property=\"og:url\" content=\"https:\/\/denizcankizil.tr\/de\/haberler\/gundem\/kocaeli-tarimin-gucune-guc-katiyor\/\" \/>\n<meta property=\"og:site_name\" content=\"Av. Deniz Can K\u0131z\u0131l\" \/>\n<meta property=\"article:published_time\" content=\"2025-04-16T08:42:48+00:00\" \/>\n<meta name=\"author\" content=\"admin\" \/>\n<meta name=\"twitter:card\" content=\"summary_large_image\" \/>\n<meta name=\"twitter:label1\" content=\"Verfasst von\" \/>\n\t<meta name=\"twitter:data1\" content=\"admin\" \/>\n\t<meta name=\"twitter:label2\" content=\"Gesch\u00e4tzte Lesezeit\" \/>\n\t<meta name=\"twitter:data2\" content=\"4\u00a0Minuten\" \/>\n<script type=\"application\/ld+json\" class=\"yoast-schema-graph\">{\"@context\":\"https:\/\/schema.org\",\"@graph\":[{\"@type\":\"Article\",\"@id\":\"https:\/\/denizcankizil.tr\/de\/haberler\/gundem\/kocaeli-tarimin-gucune-guc-katiyor\/#article\",\"isPartOf\":{\"@id\":\"https:\/\/denizcankizil.tr\/de\/haberler\/gundem\/kocaeli-tarimin-gucune-guc-katiyor\/\"},\"author\":{\"name\":\"admin\",\"@id\":\"https:\/\/denizcankizil.tr\/#\/schema\/person\/be3c05fe6a12686905512445d8185489\"},\"headline\":\"Kocaeli tar\u0131m\u0131n g\u00fcc\u00fcne g\u00fc\u00e7 kat\u0131yor\",\"datePublished\":\"2025-04-16T08:42:48+00:00\",\"mainEntityOfPage\":{\"@id\":\"https:\/\/denizcankizil.tr\/de\/haberler\/gundem\/kocaeli-tarimin-gucune-guc-katiyor\/\"},\"wordCount\":762,\"publisher\":{\"@id\":\"https:\/\/denizcankizil.tr\/#organization\"},\"articleSection\":[\"G\u00fcndem\"],\"inLanguage\":\"de\"},{\"@type\":\"WebPage\",\"@id\":\"https:\/\/denizcankizil.tr\/de\/haberler\/gundem\/kocaeli-tarimin-gucune-guc-katiyor\/\",\"url\":\"https:\/\/denizcankizil.tr\/de\/haberler\/gundem\/kocaeli-tarimin-gucune-guc-katiyor\/\",\"name\":\"Kocaeli tar\u0131m\u0131n g\u00fcc\u00fcne g\u00fc\u00e7 kat\u0131yor - Av. Deniz Can K\u0131z\u0131l\",\"isPartOf\":{\"@id\":\"https:\/\/denizcankizil.tr\/#website\"},\"datePublished\":\"2025-04-16T08:42:48+00:00\",\"breadcrumb\":{\"@id\":\"https:\/\/denizcankizil.tr\/de\/haberler\/gundem\/kocaeli-tarimin-gucune-guc-katiyor\/#breadcrumb\"},\"inLanguage\":\"de\",\"potentialAction\":[{\"@type\":\"ReadAction\",\"target\":[\"https:\/\/denizcankizil.tr\/de\/haberler\/gundem\/kocaeli-tarimin-gucune-guc-katiyor\/\"]}]},{\"@type\":\"BreadcrumbList\",\"@id\":\"https:\/\/denizcankizil.tr\/de\/haberler\/gundem\/kocaeli-tarimin-gucune-guc-katiyor\/#breadcrumb\",\"itemListElement\":[{\"@type\":\"ListItem\",\"position\":1,\"name\":\"Home\",\"item\":\"https:\/\/denizcankizil.tr\/de\/\"},{\"@type\":\"ListItem\",\"position\":2,\"name\":\"Kocaeli tar\u0131m\u0131n g\u00fcc\u00fcne g\u00fc\u00e7 kat\u0131yor\"}]},{\"@type\":\"WebSite\",\"@id\":\"https:\/\/denizcankizil.tr\/#website\",\"url\":\"https:\/\/denizcankizil.tr\/\",\"name\":\"Av. Deniz Can K\u0131z\u0131l\",\"description\":\"Avukat Deniz Can K\u0131z\u0131l Antalya Barosu\",\"publisher\":{\"@id\":\"https:\/\/denizcankizil.tr\/#organization\"},\"potentialAction\":[{\"@type\":\"SearchAction\",\"target\":{\"@type\":\"EntryPoint\",\"urlTemplate\":\"https:\/\/denizcankizil.tr\/?s={search_term_string}\"},\"query-input\":{\"@type\":\"PropertyValueSpecification\",\"valueRequired\":true,\"valueName\":\"search_term_string\"}}],\"inLanguage\":\"de\"},{\"@type\":\"Organization\",\"@id\":\"https:\/\/denizcankizil.tr\/#organization\",\"name\":\"Av. Deniz Can K\u0131z\u0131l\",\"url\":\"https:\/\/denizcankizil.tr\/\",\"logo\":{\"@type\":\"ImageObject\",\"inLanguage\":\"de\",\"@id\":\"https:\/\/denizcankizil.tr\/#\/schema\/logo\/image\/\",\"url\":\"https:\/\/denizcankizil.tr\/wp-content\/uploads\/2024\/10\/siyah-logo-svg.svg\",\"contentUrl\":\"https:\/\/denizcankizil.tr\/wp-content\/uploads\/2024\/10\/siyah-logo-svg.svg\",\"width\":1080,\"height\":1080,\"caption\":\"Av. Deniz Can K\u0131z\u0131l\"},\"image\":{\"@id\":\"https:\/\/denizcankizil.tr\/#\/schema\/logo\/image\/\"}},{\"@type\":\"Person\",\"@id\":\"https:\/\/denizcankizil.tr\/#\/schema\/person\/be3c05fe6a12686905512445d8185489\",\"name\":\"admin\",\"image\":{\"@type\":\"ImageObject\",\"inLanguage\":\"de\",\"@id\":\"https:\/\/denizcankizil.tr\/#\/schema\/person\/image\/\",\"url\":\"https:\/\/secure.gravatar.com\/avatar\/c1fce94c830dc79107e174f890d7210541c4a63e8e5d816341794a2151c9d58c?s=96&d=mm&r=g\",\"contentUrl\":\"https:\/\/secure.gravatar.com\/avatar\/c1fce94c830dc79107e174f890d7210541c4a63e8e5d816341794a2151c9d58c?s=96&d=mm&r=g\",\"caption\":\"admin\"},\"sameAs\":[\"http:\/\/denizcankizil.tr\"],\"url\":\"https:\/\/www.iskenderun.org\/kocaeli-tarimin-gucune-guc-katiyor\"}]}<\/script>\n<!-- \/ Yoast SEO Premium plugin. -->","yoast_head_json":{"title":"Kocaeli tar\u0131m\u0131n g\u00fcc\u00fcne g\u00fc\u00e7 kat\u0131yor - Av. Deniz Can K\u0131z\u0131l","robots":{"index":"index","follow":"follow","max-snippet":"max-snippet:-1","max-image-preview":"max-image-preview:large","max-video-preview":"max-video-preview:-1"},"canonical":"https:\/\/denizcankizil.tr\/de\/haberler\/gundem\/kocaeli-tarimin-gucune-guc-katiyor\/","og_locale":"de_DE","og_type":"article","og_title":"Kocaeli tar\u0131m\u0131n g\u00fcc\u00fcne g\u00fc\u00e7 kat\u0131yor","og_description":"Kocaeli B\u00fcy\u00fck\u015fehir Belediyesi&#8217;nin \u00e7ift\u00e7ilere y\u00f6nelik y\u00fczde 50 hibeli silajl\u0131k ve dane m\u0131s\u0131r tohumu ve 15-15-15 g\u00fcbresi, ilkbahar yem bitkisi deste\u011fi projesi kapsam\u0131nda \u00fcreticilere da\u011f\u0131t\u0131l\u0131yor.KOCAEL\u0130 (\u0130GFA) &#8211; Kocaeli B\u00fcy\u00fck\u015fehir Belediyesi,\u00a0 \u201c2025 Y\u0131l\u0131 \u0130lkbahar Yem Bitkisi Tohumu ve G\u00fcbre Destek Projesi\u201d kapsam\u0131nda \u00e7ift\u00e7ilere y\u00fczde 50 hibeli m\u0131s\u0131r tohumu ve 15-15-15 g\u00fcbresi deste\u011finde bulunuyor. \u00dcr\u00fcnler, \u00e7ift\u00e7ilere belirlenen da\u011f\u0131t\u0131m merkezlerinde teslim ediliyor. G\u00fcbre ve tohumlar\u0131n da\u011f\u0131t\u0131m\u0131 18 Nisan\u2019a kadar devam edecek. Kocaeli B\u00fcy\u00fck\u015fehir Belediyesi, \u00e7ift\u00e7ilerin gelir d\u00fczeyini art\u0131r\u0131lmas\u0131 ve tar\u0131msal \u00fcretimin kesintisiz devam etmesi i\u00e7in mazot, g\u00fcbre, tohum, meyve fidan\u0131, do\u011fal salma yumurta tavuk\u00e7ulu\u011fu, modern sera deste\u011fi ba\u015fta olmak \u00fczere hayata ge\u00e7irdi\u011fi onlarca proje ile \u00fcreticilerin y\u00fcz\u00fcn\u00fc g\u00fcld\u00fcrmeye devam ediyor. B\u00fcy\u00fck\u015fehir Belediyesi Muhtarl\u0131k \u0130\u015fleri Dairesi Ba\u015fkanl\u0131\u011f\u0131 Tar\u0131msal Hizmetler \u015eube M\u00fcd\u00fcrl\u00fc\u011f\u00fc, il genelinde y\u00fcr\u00fct\u00fclen yem bitkisi tohumu destekleme projesi kapsam\u0131nda yakla\u015f\u0131k 1500 \u00e7ift\u00e7iye y\u00fczde 50 hibeli 700 ton 15-15-15 g\u00fcbresi ile 70 ton (4800 paket) dane m\u0131s\u0131r ve silajl\u0131k m\u0131s\u0131r tohumu deste\u011fi veriliyor. Proje do\u011frultusunda, Kocaeli genelinde yakla\u015f\u0131k 36 bin dekar m\u0131s\u0131r tarlas\u0131n\u0131n desteklenmesi hedefleniyor. DA\u011eITIM 18 N\u0130SAN\u2019DA SONA ER\u0130YOR Hat\u0131rlanaca\u011f\u0131 gibi B\u00fcy\u00fck\u015fehir Belediyesi&#8217;nin 11 Nisan&#8217;da \u0130zmit Akme\u015fe Mahallesi\u2019nde Ba\u015fkan Tahir B\u00fcy\u00fckak\u0131n\u2019\u0131n da kat\u0131ld\u0131\u011f\u0131 t\u00f6rende \u00fcreticilere g\u00fcbre ve tohumlar\u0131n\u0131n da\u011f\u0131t\u0131m\u0131na ba\u015flam\u0131\u015ft\u0131. \u00c7ift\u00e7iler, Kocaeli genelindeki tar\u0131m kredi kooperatiflerinde bulunan da\u011f\u0131t\u0131m merkezlerinden \u00fcr\u00fcnlerini teslim al\u0131yor. \u00dcreticilere, tohum &hellip;","og_url":"https:\/\/denizcankizil.tr\/de\/haberler\/gundem\/kocaeli-tarimin-gucune-guc-katiyor\/","og_site_name":"Av. Deniz Can K\u0131z\u0131l","article_published_time":"2025-04-16T08:42:48+00:00","author":"admin","twitter_card":"summary_large_image","twitter_misc":{"Verfasst von":"admin","Gesch\u00e4tzte Lesezeit":"4\u00a0Minuten"},"schema":{"@context":"https:\/\/schema.org","@graph":[{"@type":"Article","@id":"https:\/\/denizcankizil.tr\/de\/haberler\/gundem\/kocaeli-tarimin-gucune-guc-katiyor\/#article","isPartOf":{"@id":"https:\/\/denizcankizil.tr\/de\/haberler\/gundem\/kocaeli-tarimin-gucune-guc-katiyor\/"},"author":{"name":"admin","@id":"https:\/\/denizcankizil.tr\/#\/schema\/person\/be3c05fe6a12686905512445d8185489"},"headline":"Kocaeli tar\u0131m\u0131n g\u00fcc\u00fcne g\u00fc\u00e7 kat\u0131yor","datePublished":"2025-04-16T08:42:48+00:00","mainEntityOfPage":{"@id":"https:\/\/denizcankizil.tr\/de\/haberler\/gundem\/kocaeli-tarimin-gucune-guc-katiyor\/"},"wordCount":762,"publisher":{"@id":"https:\/\/denizcankizil.tr\/#organization"},"articleSection":["G\u00fcndem"],"inLanguage":"de"},{"@type":"WebPage","@id":"https:\/\/denizcankizil.tr\/de\/haberler\/gundem\/kocaeli-tarimin-gucune-guc-katiyor\/","url":"https:\/\/denizcankizil.tr\/de\/haberler\/gundem\/kocaeli-tarimin-gucune-guc-katiyor\/","name":"Kocaeli tar\u0131m\u0131n g\u00fcc\u00fcne g\u00fc\u00e7 kat\u0131yor - Av. Deniz Can K\u0131z\u0131l","isPartOf":{"@id":"https:\/\/denizcankizil.tr\/#website"},"datePublished":"2025-04-16T08:42:48+00:00","breadcrumb":{"@id":"https:\/\/denizcankizil.tr\/de\/haberler\/gundem\/kocaeli-tarimin-gucune-guc-katiyor\/#breadcrumb"},"inLanguage":"de","potentialAction":[{"@type":"ReadAction","target":["https:\/\/denizcankizil.tr\/de\/haberler\/gundem\/kocaeli-tarimin-gucune-guc-katiyor\/"]}]},{"@type":"BreadcrumbList","@id":"https:\/\/denizcankizil.tr\/de\/haberler\/gundem\/kocaeli-tarimin-gucune-guc-katiyor\/#breadcrumb","itemListElement":[{"@type":"ListItem","position":1,"name":"Home","item":"https:\/\/denizcankizil.tr\/de\/"},{"@type":"ListItem","position":2,"name":"Kocaeli tar\u0131m\u0131n g\u00fcc\u00fcne g\u00fc\u00e7 kat\u0131yor"}]},{"@type":"WebSite","@id":"https:\/\/denizcankizil.tr\/#website","url":"https:\/\/denizcankizil.tr\/","name":"Av. Deniz Can K\u0131z\u0131l","description":"Avukat Deniz Can K\u0131z\u0131l Antalya Barosu","publisher":{"@id":"https:\/\/denizcankizil.tr\/#organization"},"potentialAction":[{"@type":"SearchAction","target":{"@type":"EntryPoint","urlTemplate":"https:\/\/denizcankizil.tr\/?s={search_term_string}"},"query-input":{"@type":"PropertyValueSpecification","valueRequired":true,"valueName":"search_term_string"}}],"inLanguage":"de"},{"@type":"Organization","@id":"https:\/\/denizcankizil.tr\/#organization","name":"Av. Deniz Can K\u0131z\u0131l","url":"https:\/\/denizcankizil.tr\/","logo":{"@type":"ImageObject","inLanguage":"de","@id":"https:\/\/denizcankizil.tr\/#\/schema\/logo\/image\/","url":"https:\/\/denizcankizil.tr\/wp-content\/uploads\/2024\/10\/siyah-logo-svg.svg","contentUrl":"https:\/\/denizcankizil.tr\/wp-content\/uploads\/2024\/10\/siyah-logo-svg.svg","width":1080,"height":1080,"caption":"Av. Deniz Can K\u0131z\u0131l"},"image":{"@id":"https:\/\/denizcankizil.tr\/#\/schema\/logo\/image\/"}},{"@type":"Person","@id":"https:\/\/denizcankizil.tr\/#\/schema\/person\/be3c05fe6a12686905512445d8185489","name":"Administrator","image":{"@type":"ImageObject","inLanguage":"de","@id":"https:\/\/denizcankizil.tr\/#\/schema\/person\/image\/","url":"https:\/\/secure.gravatar.com\/avatar\/c1fce94c830dc79107e174f890d7210541c4a63e8e5d816341794a2151c9d58c?s=96&d=mm&r=g","contentUrl":"https:\/\/secure.gravatar.com\/avatar\/c1fce94c830dc79107e174f890d7210541c4a63e8e5d816341794a2151c9d58c?s=96&d=mm&r=g","caption":"admin"},"sameAs":["http:\/\/denizcankizil.tr"],"url":"https:\/\/www.iskenderun.org\/kocaeli-tarimin-gucune-guc-katiyor"}]}},"_links":{"self":[{"href":"https:\/\/denizcankizil.tr\/de\/wp-json\/wp\/v2\/posts\/57386","targetHints":{"allow":["GET"]}}],"collection":[{"href":"https:\/\/denizcankizil.tr\/de\/wp-json\/wp\/v2\/posts"}],"about":[{"href":"https:\/\/denizcankizil.tr\/de\/wp-json\/wp\/v2\/types\/post"}],"author":[{"embeddable":true,"href":"https:\/\/denizcankizil.tr\/de\/wp-json\/wp\/v2\/users\/1"}],"replies":[{"embeddable":true,"href":"https:\/\/denizcankizil.tr\/de\/wp-json\/wp\/v2\/comments?post=57386"}],"version-history":[{"count":0,"href":"https:\/\/denizcankizil.tr\/de\/wp-json\/wp\/v2\/posts\/57386\/revisions"}],"wp:attachment":[{"href":"https:\/\/denizcankizil.tr\/de\/wp-json\/wp\/v2\/media?parent=57386"}],"wp:term":[{"taxonomy":"category","embeddable":true,"href":"https:\/\/denizcankizil.tr\/de\/wp-json\/wp\/v2\/categories?post=57386"},{"taxonomy":"post_tag","embeddable":true,"href":"https:\/\/denizcankizil.tr\/de\/wp-json\/wp\/v2\/tags?post=57386"}],"curies":[{"name":"wp","href":"https:\/\/api.w.org\/{rel}","templated":true}]}}