{"id":56298,"date":"2025-04-15T10:42:01","date_gmt":"2025-04-15T07:42:01","guid":{"rendered":"https:\/\/denizcankizil.tr\/uncategorized-tr\/kayseri-talasta-2026nin-arsa-degerleri-belirlendi\/"},"modified":"2025-04-15T10:42:01","modified_gmt":"2025-04-15T07:42:01","slug":"kayseri-talasta-2026nin-arsa-degerleri-belirlendi","status":"publish","type":"post","link":"https:\/\/denizcankizil.tr\/de\/haberler\/gundem\/kayseri-talasta-2026nin-arsa-degerleri-belirlendi\/","title":{"rendered":"Kayseri Talas&#8217;ta 2026&#8217;n\u0131n arsa de\u011ferleri belirlendi"},"content":{"rendered":"<p>Kayseri\u2019nin h\u0131zla geli\u015fen il\u00e7elerinden Talas\u2019ta, 2026 y\u0131l\u0131ndan itibaren 4 y\u0131l i\u00e7in ge\u00e7erli olacak arsa birim de\u011ferlerini belirlemek amac\u0131yla De\u011fer Tespit Komisyonu topland\u0131.KAYSER\u0130 (\u0130GFA) &#8211; Belediye meclis salonunda ger\u00e7ekle\u015fen toplant\u0131ya Talas Belediyesi\u2019nden iki yetkili, Vergi Dairesi\u2019nden iki temsilci, Kayseri Ticaret Odas\u0131\u2019ndan bir \u00fcye, Tapu M\u00fcd\u00fcrl\u00fc\u011f\u00fc\u2019nden bir g\u00f6revli ile birlikte il\u00e7edeki mahalle muhtarlar\u0131 kat\u0131ld\u0131. Geni\u015f kat\u0131l\u0131mla yap\u0131lan toplant\u0131da, 2026 y\u0131l\u0131ndan itibaren uygulanacak arsa rayi\u00e7 bedelleri mahalle mahalle, cadde cadde, sokak sokak ele al\u0131narak detayl\u0131 \u015fekilde de\u011ferlendirildi.<br \/>\nKomisyon \u00fcyeleri, arsa de\u011ferlerinin belirlenmesinde b\u00f6lgelerin sosyal ve ekonomik geli\u015fmi\u015flik d\u00fczeylerini, imar durumu, ula\u015f\u0131m a\u011f\u0131na yak\u0131nl\u0131k, \u00e7evresel donat\u0131lar ve piyasa ko\u015fullar\u0131n\u0131 g\u00f6z \u00f6n\u00fcnde bulundurdu. Ger\u00e7ekle\u015ftirilen \u00e7al\u0131\u015fmada, hem vatanda\u015flar\u0131n ma\u011fdur olmamas\u0131 hem de belediye hizmetlerinin sa\u011fl\u0131kl\u0131 \u015fekilde s\u00fcrd\u00fcr\u00fclebilmesi amac\u0131yla dengeli ve adil bir fiyatland\u0131rma hedeflendi.<br \/>\n\u201cORTAK AKIL TOPLANTISI\u201d<br \/>\nToplant\u0131da konu\u015fan Talas Belediye Ba\u015fkan\u0131 Mustafa Yal\u00e7\u0131n, \u015feffafl\u0131k ve ortak ak\u0131l vurgusu yapt\u0131. Ba\u015fkan Yal\u00e7\u0131n, toplant\u0131n\u0131n ortak ak\u0131l oldu\u011funu ve 4 y\u0131lda bir yap\u0131ld\u0131\u011f\u0131n\u0131 belirterek, \u201cTalas, her ge\u00e7en g\u00fcn b\u00fcy\u00fcyen ve geli\u015fen bir il\u00e7e. Bu geli\u015fim, arsa ve emlak de\u011ferlerine de yans\u0131yor. Bizler de De\u011fer Tespit Komisyonu olarak, hem vatanda\u015flar\u0131m\u0131z\u0131 hem de kamu kurumlar\u0131n\u0131 ilgilendiren bu s\u00fcre\u00e7te en do\u011fru kararlar\u0131 vermek i\u00e7in bir araya geldik. Al\u0131nan kararlar, \u00f6n\u00fcm\u00fczdeki y\u0131l uygulanacak emlak vergileri ba\u015fta olmak \u00fczere pek \u00e7ok idari i\u015flemde referans olacak. Katk\u0131 sa\u011flayan t\u00fcm kurum temsilcilerimize ve muhtarlar\u0131m\u0131za te\u015fekk\u00fcr ediyorum\u201d ifadelerini kulland\u0131.<br \/>\nToplant\u0131 sonunda belirlenen yeni de\u011ferlerin, resmi i\u015flemlerin yan\u0131 s\u0131ra yat\u0131r\u0131mc\u0131lar i\u00e7in de yol g\u00f6sterici olaca\u011f\u0131, b\u00f6ylece il\u00e7edeki kentsel geli\u015fimin daha planl\u0131 bir \u015fekilde ilerlemesinin sa\u011flanaca\u011f\u0131 belirtildi.<\/p>\n<p>\u200bKayseri\u2019nin h\u0131zla geli\u015fen il\u00e7elerinden Talas\u2019ta, 2026 y\u0131l\u0131ndan itibaren 4 y\u0131l i\u00e7in ge\u00e7erli olacak arsa birim de\u011ferlerini belirlemek amac\u0131yla De\u011fer Tespit Komisyonu topland\u0131.KAYSER\u0130 (\u0130GFA) &#8211; Belediye meclis salonunda ger\u00e7ekle\u015fen toplant\u0131ya Talas Belediyesi\u2019nden iki yetkili, Vergi Dairesi\u2019nden iki temsilci, Kayseri Ticaret Odas\u0131\u2019ndan bir \u00fcye, Tapu M\u00fcd\u00fcrl\u00fc\u011f\u00fc\u2019nden bir g\u00f6revli ile birlikte il\u00e7edeki mahalle muhtarlar\u0131 kat\u0131ld\u0131. Geni\u015f kat\u0131l\u0131mla yap\u0131lan toplant\u0131da, 2026 y\u0131l\u0131ndan itibaren uygulanacak arsa rayi\u00e7 bedelleri mahalle mahalle, cadde cadde, sokak sokak ele al\u0131narak detayl\u0131 \u015fekilde de\u011ferlendirildi.<br \/>\nKomisyon \u00fcyeleri, arsa de\u011ferlerinin belirlenmesinde b\u00f6lgelerin sosyal ve ekonomik geli\u015fmi\u015flik d\u00fczeylerini, imar durumu, ula\u015f\u0131m a\u011f\u0131na yak\u0131nl\u0131k, \u00e7evresel donat\u0131lar ve piyasa ko\u015fullar\u0131n\u0131 g\u00f6z \u00f6n\u00fcnde bulundurdu. Ger\u00e7ekle\u015ftirilen \u00e7al\u0131\u015fmada, hem vatanda\u015flar\u0131n ma\u011fdur olmamas\u0131 hem de belediye hizmetlerinin sa\u011fl\u0131kl\u0131 \u015fekilde s\u00fcrd\u00fcr\u00fclebilmesi amac\u0131yla dengeli ve adil bir fiyatland\u0131rma hedeflendi.<br \/>\n\u201cORTAK AKIL TOPLANTISI\u201d<br \/>\nToplant\u0131da konu\u015fan Talas Belediye Ba\u015fkan\u0131 Mustafa Yal\u00e7\u0131n, \u015feffafl\u0131k ve ortak ak\u0131l vurgusu yapt\u0131. Ba\u015fkan Yal\u00e7\u0131n, toplant\u0131n\u0131n ortak ak\u0131l oldu\u011funu ve 4 y\u0131lda bir yap\u0131ld\u0131\u011f\u0131n\u0131 belirterek, \u201cTalas, her ge\u00e7en g\u00fcn b\u00fcy\u00fcyen ve geli\u015fen bir il\u00e7e. Bu geli\u015fim, arsa ve emlak de\u011ferlerine de yans\u0131yor. Bizler de De\u011fer Tespit Komisyonu olarak, hem vatanda\u015flar\u0131m\u0131z\u0131 hem de kamu kurumlar\u0131n\u0131 ilgilendiren bu s\u00fcre\u00e7te en do\u011fru kararlar\u0131 vermek i\u00e7in bir araya geldik. Al\u0131nan kararlar, \u00f6n\u00fcm\u00fczdeki y\u0131l uygulanacak emlak vergileri ba\u015fta olmak \u00fczere pek \u00e7ok idari i\u015flemde referans olacak. Katk\u0131 sa\u011flayan t\u00fcm kurum temsilcilerimize ve muhtarlar\u0131m\u0131za te\u015fekk\u00fcr ediyorum\u201d ifadelerini kulland\u0131.<br \/>\nToplant\u0131 sonunda belirlenen yeni de\u011ferlerin, resmi i\u015flemlerin yan\u0131 s\u0131ra yat\u0131r\u0131mc\u0131lar i\u00e7in de yol g\u00f6sterici olaca\u011f\u0131, b\u00f6ylece il\u00e7edeki kentsel geli\u015fimin daha planl\u0131 bir \u015fekilde ilerlemesinin sa\u011flanaca\u011f\u0131 belirtildi.\u00a0<\/p>\n<p>\u200bHaberin Al\u0131nt\u0131land\u0131\u011f\u0131 Kaynak: www.iskenderun.org<\/p>","protected":false},"excerpt":{"rendered":"<p>Kayseri\u2019nin h\u0131zla geli\u015fen il\u00e7elerinden Talas\u2019ta, 2026 y\u0131l\u0131ndan itibaren 4 y\u0131l i\u00e7in ge\u00e7erli olacak arsa birim de\u011ferlerini belirlemek amac\u0131yla De\u011fer Tespit Komisyonu topland\u0131.KAYSER\u0130 (\u0130GFA) &#8211; Belediye meclis salonunda ger\u00e7ekle\u015fen toplant\u0131ya Talas Belediyesi\u2019nden iki yetkili, Vergi Dairesi\u2019nden iki temsilci, Kayseri Ticaret Odas\u0131\u2019ndan bir \u00fcye, Tapu M\u00fcd\u00fcrl\u00fc\u011f\u00fc\u2019nden bir g\u00f6revli ile birlikte il\u00e7edeki mahalle muhtarlar\u0131 kat\u0131ld\u0131. Geni\u015f kat\u0131l\u0131mla yap\u0131lan toplant\u0131da, 2026 y\u0131l\u0131ndan itibaren uygulanacak arsa rayi\u00e7 bedelleri mahalle mahalle, cadde cadde, sokak sokak ele al\u0131narak detayl\u0131 \u015fekilde de\u011ferlendirildi. Komisyon \u00fcyeleri, arsa de\u011ferlerinin belirlenmesinde b\u00f6lgelerin sosyal ve ekonomik geli\u015fmi\u015flik d\u00fczeylerini, imar durumu, ula\u015f\u0131m a\u011f\u0131na yak\u0131nl\u0131k, \u00e7evresel donat\u0131lar ve piyasa ko\u015fullar\u0131n\u0131 g\u00f6z \u00f6n\u00fcnde bulundurdu. Ger\u00e7ekle\u015ftirilen \u00e7al\u0131\u015fmada, hem vatanda\u015flar\u0131n ma\u011fdur olmamas\u0131 hem de belediye hizmetlerinin sa\u011fl\u0131kl\u0131 \u015fekilde s\u00fcrd\u00fcr\u00fclebilmesi amac\u0131yla dengeli ve adil bir fiyatland\u0131rma hedeflendi. \u201cORTAK AKIL TOPLANTISI\u201d Toplant\u0131da konu\u015fan Talas Belediye Ba\u015fkan\u0131 Mustafa Yal\u00e7\u0131n, \u015feffafl\u0131k ve ortak ak\u0131l vurgusu yapt\u0131. Ba\u015fkan Yal\u00e7\u0131n, toplant\u0131n\u0131n ortak ak\u0131l oldu\u011funu ve 4 y\u0131lda bir yap\u0131ld\u0131\u011f\u0131n\u0131 belirterek, \u201cTalas, her ge\u00e7en g\u00fcn b\u00fcy\u00fcyen ve geli\u015fen bir il\u00e7e. Bu geli\u015fim, arsa ve emlak de\u011ferlerine de yans\u0131yor. Bizler de De\u011fer Tespit Komisyonu olarak, hem vatanda\u015flar\u0131m\u0131z\u0131 hem de kamu kurumlar\u0131n\u0131 ilgilendiren bu s\u00fcre\u00e7te en do\u011fru kararlar\u0131 vermek i\u00e7in bir araya geldik. Al\u0131nan kararlar, \u00f6n\u00fcm\u00fczdeki y\u0131l uygulanacak emlak vergileri ba\u015fta olmak \u00fczere pek \u00e7ok idari i\u015flemde &hellip;<\/p>","protected":false},"author":1,"featured_media":0,"comment_status":"","ping_status":"open","sticky":false,"template":"","format":"standard","meta":{"_acf_changed":false,"footnotes":""},"categories":[24],"tags":[],"class_list":["post-56298","post","type-post","status-publish","format-standard","has-post-thumbnail","hentry","category-gundem"],"acf":[],"yoast_head":"<!-- This site is optimized with the Yoast SEO Premium plugin v26.6 (Yoast SEO v27.1.1) - https:\/\/yoast.com\/product\/yoast-seo-premium-wordpress\/ -->\n<title>Kayseri Talas&#039;ta 2026&#039;n\u0131n arsa de\u011ferleri belirlendi - Av. Deniz Can K\u0131z\u0131l<\/title>\n<meta name=\"robots\" content=\"index, follow, max-snippet:-1, max-image-preview:large, max-video-preview:-1\" \/>\n<link rel=\"canonical\" href=\"https:\/\/denizcankizil.tr\/de\/haberler\/gundem\/kayseri-talasta-2026nin-arsa-degerleri-belirlendi\/\" \/>\n<meta property=\"og:locale\" content=\"de_DE\" \/>\n<meta property=\"og:type\" content=\"article\" \/>\n<meta property=\"og:title\" content=\"Kayseri Talas&#039;ta 2026&#039;n\u0131n arsa de\u011ferleri belirlendi\" \/>\n<meta property=\"og:description\" content=\"Kayseri\u2019nin h\u0131zla geli\u015fen il\u00e7elerinden Talas\u2019ta, 2026 y\u0131l\u0131ndan itibaren 4 y\u0131l i\u00e7in ge\u00e7erli olacak arsa birim de\u011ferlerini belirlemek amac\u0131yla De\u011fer Tespit Komisyonu topland\u0131.KAYSER\u0130 (\u0130GFA) &#8211; Belediye meclis salonunda ger\u00e7ekle\u015fen toplant\u0131ya Talas Belediyesi\u2019nden iki yetkili, Vergi Dairesi\u2019nden iki temsilci, Kayseri Ticaret Odas\u0131\u2019ndan bir \u00fcye, Tapu M\u00fcd\u00fcrl\u00fc\u011f\u00fc\u2019nden bir g\u00f6revli ile birlikte il\u00e7edeki mahalle muhtarlar\u0131 kat\u0131ld\u0131. Geni\u015f kat\u0131l\u0131mla yap\u0131lan toplant\u0131da, 2026 y\u0131l\u0131ndan itibaren uygulanacak arsa rayi\u00e7 bedelleri mahalle mahalle, cadde cadde, sokak sokak ele al\u0131narak detayl\u0131 \u015fekilde de\u011ferlendirildi. Komisyon \u00fcyeleri, arsa de\u011ferlerinin belirlenmesinde b\u00f6lgelerin sosyal ve ekonomik geli\u015fmi\u015flik d\u00fczeylerini, imar durumu, ula\u015f\u0131m a\u011f\u0131na yak\u0131nl\u0131k, \u00e7evresel donat\u0131lar ve piyasa ko\u015fullar\u0131n\u0131 g\u00f6z \u00f6n\u00fcnde bulundurdu. Ger\u00e7ekle\u015ftirilen \u00e7al\u0131\u015fmada, hem vatanda\u015flar\u0131n ma\u011fdur olmamas\u0131 hem de belediye hizmetlerinin sa\u011fl\u0131kl\u0131 \u015fekilde s\u00fcrd\u00fcr\u00fclebilmesi amac\u0131yla dengeli ve adil bir fiyatland\u0131rma hedeflendi. \u201cORTAK AKIL TOPLANTISI\u201d Toplant\u0131da konu\u015fan Talas Belediye Ba\u015fkan\u0131 Mustafa Yal\u00e7\u0131n, \u015feffafl\u0131k ve ortak ak\u0131l vurgusu yapt\u0131. Ba\u015fkan Yal\u00e7\u0131n, toplant\u0131n\u0131n ortak ak\u0131l oldu\u011funu ve 4 y\u0131lda bir yap\u0131ld\u0131\u011f\u0131n\u0131 belirterek, \u201cTalas, her ge\u00e7en g\u00fcn b\u00fcy\u00fcyen ve geli\u015fen bir il\u00e7e. Bu geli\u015fim, arsa ve emlak de\u011ferlerine de yans\u0131yor. Bizler de De\u011fer Tespit Komisyonu olarak, hem vatanda\u015flar\u0131m\u0131z\u0131 hem de kamu kurumlar\u0131n\u0131 ilgilendiren bu s\u00fcre\u00e7te en do\u011fru kararlar\u0131 vermek i\u00e7in bir araya geldik. Al\u0131nan kararlar, \u00f6n\u00fcm\u00fczdeki y\u0131l uygulanacak emlak vergileri ba\u015fta olmak \u00fczere pek \u00e7ok idari i\u015flemde &hellip;\" \/>\n<meta property=\"og:url\" content=\"https:\/\/denizcankizil.tr\/de\/haberler\/gundem\/kayseri-talasta-2026nin-arsa-degerleri-belirlendi\/\" \/>\n<meta property=\"og:site_name\" content=\"Av. Deniz Can K\u0131z\u0131l\" \/>\n<meta property=\"article:published_time\" content=\"2025-04-15T07:42:01+00:00\" \/>\n<meta name=\"author\" content=\"admin\" \/>\n<meta name=\"twitter:card\" content=\"summary_large_image\" \/>\n<meta name=\"twitter:label1\" content=\"Verfasst von\" \/>\n\t<meta name=\"twitter:data1\" content=\"admin\" \/>\n\t<meta name=\"twitter:label2\" content=\"Gesch\u00e4tzte Lesezeit\" \/>\n\t<meta name=\"twitter:data2\" content=\"4\u00a0Minuten\" \/>\n<script type=\"application\/ld+json\" class=\"yoast-schema-graph\">{\"@context\":\"https:\/\/schema.org\",\"@graph\":[{\"@type\":\"Article\",\"@id\":\"https:\/\/denizcankizil.tr\/de\/haberler\/gundem\/kayseri-talasta-2026nin-arsa-degerleri-belirlendi\/#article\",\"isPartOf\":{\"@id\":\"https:\/\/denizcankizil.tr\/de\/haberler\/gundem\/kayseri-talasta-2026nin-arsa-degerleri-belirlendi\/\"},\"author\":{\"name\":\"admin\",\"@id\":\"https:\/\/denizcankizil.tr\/#\/schema\/person\/be3c05fe6a12686905512445d8185489\"},\"headline\":\"Kayseri Talas&#8217;ta 2026&#8217;n\u0131n arsa de\u011ferleri belirlendi\",\"datePublished\":\"2025-04-15T07:42:01+00:00\",\"mainEntityOfPage\":{\"@id\":\"https:\/\/denizcankizil.tr\/de\/haberler\/gundem\/kayseri-talasta-2026nin-arsa-degerleri-belirlendi\/\"},\"wordCount\":723,\"publisher\":{\"@id\":\"https:\/\/denizcankizil.tr\/#organization\"},\"articleSection\":[\"G\u00fcndem\"],\"inLanguage\":\"de\"},{\"@type\":\"WebPage\",\"@id\":\"https:\/\/denizcankizil.tr\/de\/haberler\/gundem\/kayseri-talasta-2026nin-arsa-degerleri-belirlendi\/\",\"url\":\"https:\/\/denizcankizil.tr\/de\/haberler\/gundem\/kayseri-talasta-2026nin-arsa-degerleri-belirlendi\/\",\"name\":\"Kayseri Talas'ta 2026'n\u0131n arsa de\u011ferleri belirlendi - Av. Deniz Can K\u0131z\u0131l\",\"isPartOf\":{\"@id\":\"https:\/\/denizcankizil.tr\/#website\"},\"datePublished\":\"2025-04-15T07:42:01+00:00\",\"breadcrumb\":{\"@id\":\"https:\/\/denizcankizil.tr\/de\/haberler\/gundem\/kayseri-talasta-2026nin-arsa-degerleri-belirlendi\/#breadcrumb\"},\"inLanguage\":\"de\",\"potentialAction\":[{\"@type\":\"ReadAction\",\"target\":[\"https:\/\/denizcankizil.tr\/de\/haberler\/gundem\/kayseri-talasta-2026nin-arsa-degerleri-belirlendi\/\"]}]},{\"@type\":\"BreadcrumbList\",\"@id\":\"https:\/\/denizcankizil.tr\/de\/haberler\/gundem\/kayseri-talasta-2026nin-arsa-degerleri-belirlendi\/#breadcrumb\",\"itemListElement\":[{\"@type\":\"ListItem\",\"position\":1,\"name\":\"Home\",\"item\":\"https:\/\/denizcankizil.tr\/de\/\"},{\"@type\":\"ListItem\",\"position\":2,\"name\":\"Kayseri Talas&#8217;ta 2026&#8217;n\u0131n arsa de\u011ferleri belirlendi\"}]},{\"@type\":\"WebSite\",\"@id\":\"https:\/\/denizcankizil.tr\/#website\",\"url\":\"https:\/\/denizcankizil.tr\/\",\"name\":\"Av. Deniz Can K\u0131z\u0131l\",\"description\":\"Avukat Deniz Can K\u0131z\u0131l Antalya Barosu\",\"publisher\":{\"@id\":\"https:\/\/denizcankizil.tr\/#organization\"},\"potentialAction\":[{\"@type\":\"SearchAction\",\"target\":{\"@type\":\"EntryPoint\",\"urlTemplate\":\"https:\/\/denizcankizil.tr\/?s={search_term_string}\"},\"query-input\":{\"@type\":\"PropertyValueSpecification\",\"valueRequired\":true,\"valueName\":\"search_term_string\"}}],\"inLanguage\":\"de\"},{\"@type\":\"Organization\",\"@id\":\"https:\/\/denizcankizil.tr\/#organization\",\"name\":\"Av. Deniz Can K\u0131z\u0131l\",\"url\":\"https:\/\/denizcankizil.tr\/\",\"logo\":{\"@type\":\"ImageObject\",\"inLanguage\":\"de\",\"@id\":\"https:\/\/denizcankizil.tr\/#\/schema\/logo\/image\/\",\"url\":\"https:\/\/denizcankizil.tr\/wp-content\/uploads\/2024\/10\/siyah-logo-svg.svg\",\"contentUrl\":\"https:\/\/denizcankizil.tr\/wp-content\/uploads\/2024\/10\/siyah-logo-svg.svg\",\"width\":1080,\"height\":1080,\"caption\":\"Av. Deniz Can K\u0131z\u0131l\"},\"image\":{\"@id\":\"https:\/\/denizcankizil.tr\/#\/schema\/logo\/image\/\"}},{\"@type\":\"Person\",\"@id\":\"https:\/\/denizcankizil.tr\/#\/schema\/person\/be3c05fe6a12686905512445d8185489\",\"name\":\"admin\",\"image\":{\"@type\":\"ImageObject\",\"inLanguage\":\"de\",\"@id\":\"https:\/\/denizcankizil.tr\/#\/schema\/person\/image\/\",\"url\":\"https:\/\/secure.gravatar.com\/avatar\/c1fce94c830dc79107e174f890d7210541c4a63e8e5d816341794a2151c9d58c?s=96&d=mm&r=g\",\"contentUrl\":\"https:\/\/secure.gravatar.com\/avatar\/c1fce94c830dc79107e174f890d7210541c4a63e8e5d816341794a2151c9d58c?s=96&d=mm&r=g\",\"caption\":\"admin\"},\"sameAs\":[\"http:\/\/denizcankizil.tr\"],\"url\":\"https:\/\/www.iskenderun.org\/kayseri-talasta-2026nin-arsa-degerleri-belirlendi\"}]}<\/script>\n<!-- \/ Yoast SEO Premium plugin. -->","yoast_head_json":{"title":"Kayseri Talas'ta 2026'n\u0131n arsa de\u011ferleri belirlendi - Av. Deniz Can K\u0131z\u0131l","robots":{"index":"index","follow":"follow","max-snippet":"max-snippet:-1","max-image-preview":"max-image-preview:large","max-video-preview":"max-video-preview:-1"},"canonical":"https:\/\/denizcankizil.tr\/de\/haberler\/gundem\/kayseri-talasta-2026nin-arsa-degerleri-belirlendi\/","og_locale":"de_DE","og_type":"article","og_title":"Kayseri Talas'ta 2026'n\u0131n arsa de\u011ferleri belirlendi","og_description":"Kayseri\u2019nin h\u0131zla geli\u015fen il\u00e7elerinden Talas\u2019ta, 2026 y\u0131l\u0131ndan itibaren 4 y\u0131l i\u00e7in ge\u00e7erli olacak arsa birim de\u011ferlerini belirlemek amac\u0131yla De\u011fer Tespit Komisyonu topland\u0131.KAYSER\u0130 (\u0130GFA) &#8211; Belediye meclis salonunda ger\u00e7ekle\u015fen toplant\u0131ya Talas Belediyesi\u2019nden iki yetkili, Vergi Dairesi\u2019nden iki temsilci, Kayseri Ticaret Odas\u0131\u2019ndan bir \u00fcye, Tapu M\u00fcd\u00fcrl\u00fc\u011f\u00fc\u2019nden bir g\u00f6revli ile birlikte il\u00e7edeki mahalle muhtarlar\u0131 kat\u0131ld\u0131. Geni\u015f kat\u0131l\u0131mla yap\u0131lan toplant\u0131da, 2026 y\u0131l\u0131ndan itibaren uygulanacak arsa rayi\u00e7 bedelleri mahalle mahalle, cadde cadde, sokak sokak ele al\u0131narak detayl\u0131 \u015fekilde de\u011ferlendirildi. Komisyon \u00fcyeleri, arsa de\u011ferlerinin belirlenmesinde b\u00f6lgelerin sosyal ve ekonomik geli\u015fmi\u015flik d\u00fczeylerini, imar durumu, ula\u015f\u0131m a\u011f\u0131na yak\u0131nl\u0131k, \u00e7evresel donat\u0131lar ve piyasa ko\u015fullar\u0131n\u0131 g\u00f6z \u00f6n\u00fcnde bulundurdu. Ger\u00e7ekle\u015ftirilen \u00e7al\u0131\u015fmada, hem vatanda\u015flar\u0131n ma\u011fdur olmamas\u0131 hem de belediye hizmetlerinin sa\u011fl\u0131kl\u0131 \u015fekilde s\u00fcrd\u00fcr\u00fclebilmesi amac\u0131yla dengeli ve adil bir fiyatland\u0131rma hedeflendi. \u201cORTAK AKIL TOPLANTISI\u201d Toplant\u0131da konu\u015fan Talas Belediye Ba\u015fkan\u0131 Mustafa Yal\u00e7\u0131n, \u015feffafl\u0131k ve ortak ak\u0131l vurgusu yapt\u0131. Ba\u015fkan Yal\u00e7\u0131n, toplant\u0131n\u0131n ortak ak\u0131l oldu\u011funu ve 4 y\u0131lda bir yap\u0131ld\u0131\u011f\u0131n\u0131 belirterek, \u201cTalas, her ge\u00e7en g\u00fcn b\u00fcy\u00fcyen ve geli\u015fen bir il\u00e7e. Bu geli\u015fim, arsa ve emlak de\u011ferlerine de yans\u0131yor. Bizler de De\u011fer Tespit Komisyonu olarak, hem vatanda\u015flar\u0131m\u0131z\u0131 hem de kamu kurumlar\u0131n\u0131 ilgilendiren bu s\u00fcre\u00e7te en do\u011fru kararlar\u0131 vermek i\u00e7in bir araya geldik. Al\u0131nan kararlar, \u00f6n\u00fcm\u00fczdeki y\u0131l uygulanacak emlak vergileri ba\u015fta olmak \u00fczere pek \u00e7ok idari i\u015flemde &hellip;","og_url":"https:\/\/denizcankizil.tr\/de\/haberler\/gundem\/kayseri-talasta-2026nin-arsa-degerleri-belirlendi\/","og_site_name":"Av. Deniz Can K\u0131z\u0131l","article_published_time":"2025-04-15T07:42:01+00:00","author":"admin","twitter_card":"summary_large_image","twitter_misc":{"Verfasst von":"admin","Gesch\u00e4tzte Lesezeit":"4\u00a0Minuten"},"schema":{"@context":"https:\/\/schema.org","@graph":[{"@type":"Article","@id":"https:\/\/denizcankizil.tr\/de\/haberler\/gundem\/kayseri-talasta-2026nin-arsa-degerleri-belirlendi\/#article","isPartOf":{"@id":"https:\/\/denizcankizil.tr\/de\/haberler\/gundem\/kayseri-talasta-2026nin-arsa-degerleri-belirlendi\/"},"author":{"name":"admin","@id":"https:\/\/denizcankizil.tr\/#\/schema\/person\/be3c05fe6a12686905512445d8185489"},"headline":"Kayseri Talas&#8217;ta 2026&#8217;n\u0131n arsa de\u011ferleri belirlendi","datePublished":"2025-04-15T07:42:01+00:00","mainEntityOfPage":{"@id":"https:\/\/denizcankizil.tr\/de\/haberler\/gundem\/kayseri-talasta-2026nin-arsa-degerleri-belirlendi\/"},"wordCount":723,"publisher":{"@id":"https:\/\/denizcankizil.tr\/#organization"},"articleSection":["G\u00fcndem"],"inLanguage":"de"},{"@type":"WebPage","@id":"https:\/\/denizcankizil.tr\/de\/haberler\/gundem\/kayseri-talasta-2026nin-arsa-degerleri-belirlendi\/","url":"https:\/\/denizcankizil.tr\/de\/haberler\/gundem\/kayseri-talasta-2026nin-arsa-degerleri-belirlendi\/","name":"Kayseri Talas'ta 2026'n\u0131n arsa de\u011ferleri belirlendi - Av. Deniz Can K\u0131z\u0131l","isPartOf":{"@id":"https:\/\/denizcankizil.tr\/#website"},"datePublished":"2025-04-15T07:42:01+00:00","breadcrumb":{"@id":"https:\/\/denizcankizil.tr\/de\/haberler\/gundem\/kayseri-talasta-2026nin-arsa-degerleri-belirlendi\/#breadcrumb"},"inLanguage":"de","potentialAction":[{"@type":"ReadAction","target":["https:\/\/denizcankizil.tr\/de\/haberler\/gundem\/kayseri-talasta-2026nin-arsa-degerleri-belirlendi\/"]}]},{"@type":"BreadcrumbList","@id":"https:\/\/denizcankizil.tr\/de\/haberler\/gundem\/kayseri-talasta-2026nin-arsa-degerleri-belirlendi\/#breadcrumb","itemListElement":[{"@type":"ListItem","position":1,"name":"Home","item":"https:\/\/denizcankizil.tr\/de\/"},{"@type":"ListItem","position":2,"name":"Kayseri Talas&#8217;ta 2026&#8217;n\u0131n arsa de\u011ferleri belirlendi"}]},{"@type":"WebSite","@id":"https:\/\/denizcankizil.tr\/#website","url":"https:\/\/denizcankizil.tr\/","name":"Av. Deniz Can K\u0131z\u0131l","description":"Avukat Deniz Can K\u0131z\u0131l Antalya Barosu","publisher":{"@id":"https:\/\/denizcankizil.tr\/#organization"},"potentialAction":[{"@type":"SearchAction","target":{"@type":"EntryPoint","urlTemplate":"https:\/\/denizcankizil.tr\/?s={search_term_string}"},"query-input":{"@type":"PropertyValueSpecification","valueRequired":true,"valueName":"search_term_string"}}],"inLanguage":"de"},{"@type":"Organization","@id":"https:\/\/denizcankizil.tr\/#organization","name":"Av. Deniz Can K\u0131z\u0131l","url":"https:\/\/denizcankizil.tr\/","logo":{"@type":"ImageObject","inLanguage":"de","@id":"https:\/\/denizcankizil.tr\/#\/schema\/logo\/image\/","url":"https:\/\/denizcankizil.tr\/wp-content\/uploads\/2024\/10\/siyah-logo-svg.svg","contentUrl":"https:\/\/denizcankizil.tr\/wp-content\/uploads\/2024\/10\/siyah-logo-svg.svg","width":1080,"height":1080,"caption":"Av. Deniz Can K\u0131z\u0131l"},"image":{"@id":"https:\/\/denizcankizil.tr\/#\/schema\/logo\/image\/"}},{"@type":"Person","@id":"https:\/\/denizcankizil.tr\/#\/schema\/person\/be3c05fe6a12686905512445d8185489","name":"Administrator","image":{"@type":"ImageObject","inLanguage":"de","@id":"https:\/\/denizcankizil.tr\/#\/schema\/person\/image\/","url":"https:\/\/secure.gravatar.com\/avatar\/c1fce94c830dc79107e174f890d7210541c4a63e8e5d816341794a2151c9d58c?s=96&d=mm&r=g","contentUrl":"https:\/\/secure.gravatar.com\/avatar\/c1fce94c830dc79107e174f890d7210541c4a63e8e5d816341794a2151c9d58c?s=96&d=mm&r=g","caption":"admin"},"sameAs":["http:\/\/denizcankizil.tr"],"url":"https:\/\/www.iskenderun.org\/kayseri-talasta-2026nin-arsa-degerleri-belirlendi"}]}},"_links":{"self":[{"href":"https:\/\/denizcankizil.tr\/de\/wp-json\/wp\/v2\/posts\/56298","targetHints":{"allow":["GET"]}}],"collection":[{"href":"https:\/\/denizcankizil.tr\/de\/wp-json\/wp\/v2\/posts"}],"about":[{"href":"https:\/\/denizcankizil.tr\/de\/wp-json\/wp\/v2\/types\/post"}],"author":[{"embeddable":true,"href":"https:\/\/denizcankizil.tr\/de\/wp-json\/wp\/v2\/users\/1"}],"replies":[{"embeddable":true,"href":"https:\/\/denizcankizil.tr\/de\/wp-json\/wp\/v2\/comments?post=56298"}],"version-history":[{"count":0,"href":"https:\/\/denizcankizil.tr\/de\/wp-json\/wp\/v2\/posts\/56298\/revisions"}],"wp:attachment":[{"href":"https:\/\/denizcankizil.tr\/de\/wp-json\/wp\/v2\/media?parent=56298"}],"wp:term":[{"taxonomy":"category","embeddable":true,"href":"https:\/\/denizcankizil.tr\/de\/wp-json\/wp\/v2\/categories?post=56298"},{"taxonomy":"post_tag","embeddable":true,"href":"https:\/\/denizcankizil.tr\/de\/wp-json\/wp\/v2\/tags?post=56298"}],"curies":[{"name":"wp","href":"https:\/\/api.w.org\/{rel}","templated":true}]}}