{"id":55729,"date":"2025-04-14T22:38:12","date_gmt":"2025-04-14T19:38:12","guid":{"rendered":"https:\/\/denizcankizil.tr\/uncategorized-tr\/kastaki-sit-alaninda-orman-parki-yagmasi\/"},"modified":"2025-04-14T22:38:12","modified_gmt":"2025-04-14T19:38:12","slug":"kastaki-sit-alaninda-orman-parki-yagmasi","status":"publish","type":"post","link":"https:\/\/denizcankizil.tr\/de\/haberler\/gundem\/kastaki-sit-alaninda-orman-parki-yagmasi\/","title":{"rendered":"Ka\u015f\u2019taki sit alan\u0131nda orman park\u0131 ya\u011fmas\u0131!"},"content":{"rendered":"<p>Be\u015f y\u0131l \u00f6ncesine kadar T\u00fcrkiye\u2019nin el de\u011fmemi\u015f koylar\u0131ndan biri olan Gerenlik Koyu, ad\u0131n\u0131 deniz taban\u0131ndan \u00e7\u0131kan tatl\u0131 su kaynaklar\u0131ndan al\u0131yor. B\u00f6lgedeki karstik su kaynaklar\u0131, deniz suyunu daha serin hale getiriyor. Y\u00f6re halk\u0131 taraf\u0131ndan \u00c7\u0131\u011fl\u0131muar olarak da an\u0131lan koy, temiz denizi ve korunmu\u015f do\u011fal \u00e7evresiyle tekne turlar\u0131n\u0131n u\u011frak yerlerinden biriydi.<\/p>\n<p>GERENL\u0130K KOYU 5 YIL \u00d6NCE PLAJ YAPMAK U\u011eRUNA TAHR\u0130P ED\u0130LM\u0130\u015eT\u0130<\/p>\n<p>Patara \u00d6\u00c7K B\u00f6lgesi s\u0131n\u0131rlar\u0131 i\u00e7indeki Gerenlik Koyu ve \u00e7evresi, sahip oldu\u011fu denizel ve karasal ekosistemler nedeniyle 1. Derece do\u011fal sit alan\u0131 olarak koruma alt\u0131na al\u0131nm\u0131\u015ft\u0131. Bakanlar Kurulu Karar\u0131 ile 5 \u015eubat 2018\u2019de \u2018Kesin Korunacak Hassas Alan\u2019 olarak tescil edilen koyda Haziran 2020\u2019de izinsiz olarak yol a\u00e7\u0131larak do\u011fal doku tahrip edildi. Daha \u00f6nce yol bulunmayan koya i\u015f makineleri sokularak yol a\u00e7\u0131l\u0131rken, \u00e7am ve zeytin a\u011fa\u00e7lar\u0131yla maki \u00f6rt\u00fcs\u00fc yok edildi. B\u00f6lgede emlak\u00e7\u0131l\u0131k yapan bir giri\u015fimci taraf\u0131ndan yap\u0131ld\u0131\u011f\u0131 \u00f6ne s\u00fcr\u00fclen tahribat, konuyu g\u00fcndeme getiren haberimizin ard\u0131ndan yetkililerin m\u00fcdahalesiyle durdurulmu\u015ftu.<\/p>\n<p>KORUNAN ALAN BU KEZ DE \u2018ORMAN PARKI\u2019 ADIYLA YA\u011eMALANACAK<\/p>\n<p>Antalya K\u00f6rfez Gazetesi muhabiri Yusuf Yavuz&#8217;un haberine g\u00f6re; ancak be\u015f y\u0131l \u00f6nce tahrip edilen bu cennet koydaki rant \u0131srar\u0131n\u0131n bir t\u00fcrl\u00fc sonu gelmedi. Gerenlik Koyu (\u00c7\u0131\u011fl\u0131muar) bu kez de orman idaresi eliyle orman park\u0131 olarak kiralanmak isteniyor. K\u0131y\u0131 \u015feridinin ve koyun bulundu\u011fu alan, 176\/1 nolu b\u00fcy\u00fck orman parselinin par\u00e7as\u0131 niteli\u011finde. Koy ve \u00e7evresindeki 77 bin m2\u2019lik orman arazisi \u2018Konaklamas\u0131z Orman Park\u0131\u2019 olarak 20 y\u0131ll\u0131\u011f\u0131na kiraya verilecek. Y\u0131ll\u0131k 2 milyon 500 bin TL muhammen bedel \u00fczerinden kiraya verilmesi planlanan orman arazisi \u2018kesin korunacak hassas alan\u2019 olmas\u0131na ra\u011fmen yap\u0131la\u015fmaya a\u00e7\u0131lacak.<\/p>\n<p>KOYU YAPILA\u015eMAYA A\u00c7ACAK \u0130HALE 29 N\u0130SAN\u2019DA KA\u015e\u2019TA YAPILACAK<\/p>\n<p>\u0130steklilerin 750 bin TL ge\u00e7ici teminat bedeliyle kat\u0131labilece\u011fi ihale, 29 Nisan\u2019da Ka\u015f Orman \u0130\u015fletme M\u00fcd\u00fcrl\u00fc\u011f\u00fc\u2019nde yap\u0131lacak. \u0130hale dosyas\u0131nda yer verilen bilgilere g\u00f6re lokanta, b\u00fcfe, kahvehane, ibadethane, depo, y\u00f6resel \u00fcr\u00fcnler sat\u0131\u015f \u00fcniteleri ile tuvalet ve otoparktan olu\u015fan toplam 1190 m2\u2019lik yap\u0131la\u015fma \u00f6ng\u00f6r\u00fcl\u00fcyor. Kesin Korunacak Hassas Alan olan yerlerde bilimsel \u00e7al\u0131\u015fmalar d\u0131\u015f\u0131nda m\u00fcdahale izni verilmiyor. Deprem, yang\u0131n, sel gibi afetlerle ilgili acil m\u00fcdahaleler i\u00e7in yol vb. konularda izin verilen bu alanlarda bilimsel kaz\u0131lar ile g\u00fcvenlik amac\u0131yla gerekli g\u00f6r\u00fclen yap\u0131lar ile ar\u0131c\u0131l\u0131k ve ku\u015f g\u00f6zlemi gibi faaliyetlere izin verilebiliyor.<\/p>\n<p>KORUMA B\u00d6LGE KOM\u0130SYONU HAZ\u0130RAN 2024\u2019TE KARAR ALMI\u015e<\/p>\n<p>Ancak orman park\u0131 ad\u0131 alt\u0131nda korunan alanda 1190 m2\u2019lik yap\u0131la\u015fmaya gidilecek olmas\u0131n\u0131n mevzuat a\u00e7\u0131s\u0131ndan nas\u0131l a\u015f\u0131laca\u011f\u0131 merak konusu oldu. Orman Genel M\u00fcd\u00fcrl\u00fc\u011f\u00fc\u2019n\u00fcn haz\u0131rlad\u0131\u011f\u0131 ihale dosyas\u0131nda, Antalya 1 Numaral\u0131 Tabiat Varl\u0131klar\u0131n\u0131 Koruma B\u00f6lge Komisyonu\u2019nun 6 Haziran 2024 tarihli karar\u0131na at\u0131fta bulunularak \u015fu ifadelere yer veriliyor: \u201cOrman Park\u0131 ile ilgili koruma ama\u00e7l\u0131 imar plan\u0131 haz\u0131rlanmas\u0131, imar plan\u0131 ve akabinde haz\u0131rlanacak geli\u015fim ve y\u00f6netim plan\u0131 ile birlikte her t\u00fcrl\u00fc faaliyet ve fiziki m\u00fcdahale \u00f6ncesi Antalya 1 Numaral\u0131 Tabiat Varl\u0131klar\u0131n\u0131 Koruma B\u00f6lge Komisyonu\u2019ndan uygun g\u00f6r\u00fc\u015f al\u0131nmas\u0131 gerekmektedir.\u201d<\/p>\n<p>B\u00d6LGEDE \u0130\u00c7ME SUYU VE KANAL\u0130ZASYON S\u0130STEM\u0130 YOK<\/p>\n<p>Antalya B\u00fcy\u00fck\u015fehir Belediyesi\u2019ne ba\u011fl\u0131 ASAT\u2019\u0131n kurum g\u00f6r\u00fc\u015f\u00fcne de yer verilen ihale dosyas\u0131nda, b\u00f6lgede kanalizasyon hatt\u0131 ve i\u00e7me suyu tesisinin bulunmad\u0131\u011f\u0131ndan ASAT taraf\u0131ndan i\u00e7me suyu ihtiyac\u0131n\u0131n kar\u015f\u0131lanamayaca\u011f\u0131 vurguland\u0131. Altyap\u0131 olmad\u0131\u011f\u0131 i\u00e7in koyda orman park\u0131 ad\u0131yla plaj i\u015fletmesi a\u00e7\u0131lmas\u0131 durumunda deniz suyunun k\u0131sa s\u00fcrede kirlenece\u011finden endi\u015fe ediliyor.<\/p>\n<p>KOYUN BULUNDU\u011eU B\u00d6LGE KA\u00c7AK YAPILA\u015eMA KISKACINDA<\/p>\n<p>Orman Genel M\u00fcd\u00fcrl\u00fc\u011f\u00fc\u2019n\u00fcn ihaleye \u00e7\u0131karmaya haz\u0131rland\u0131\u011f\u0131 korunan alan\u0131n \u00e7evresi y\u0131llard\u0131r ka\u00e7ak ve imara ayk\u0131r\u0131 yap\u0131la\u015fmalarla g\u00fcndeme gelen Yal\u0131 B\u00f6lgesinde yer al\u0131yor. B\u00f6lge korunan alan vasf\u0131nda olmas\u0131na kar\u015f\u0131n denetimsizlik y\u00fcz\u00fcnden bir t\u00fcrl\u00fc korunam\u0131yor. Gelemi\u015f Mahallesi, Ka\u015f il\u00e7esinde en \u00e7ok ka\u00e7ak yap\u0131n\u0131n bulundu\u011fu yerle\u015fimlerden biri. Sit alanlar\u0131 d\u0131\u015f\u0131nda zeytinlikler, \u00d6\u00c7K b\u00f6lgesi ve Hazine arazileri de ka\u00e7ak in\u015faatlara maruz kal\u0131yor. Gerenlik Koyu\u2019nun \u2018Orman Park\u0131\u2019 stat\u00fcs\u00fc verilerek plaj i\u015fletmesine d\u00f6n\u00fc\u015fmesi durumunda b\u00f6lgedeki kontrols\u00fcz yap\u0131la\u015fman\u0131n daha da h\u0131zlanaca\u011f\u0131 belirtiliyor.<\/p>\n<p>\u200bAntalya\u2019n\u0131n Ka\u015f il\u00e7esinde Patara \u00d6\u00c7K s\u0131n\u0131r\u0131 i\u00e7inde bulunan ve \u2018Kesin Korunacak Hassas Alan\u2019 ilan edilen Gerenlik Koyu ve \u00e7evresindeki 77 bin metre karelik orman arazisi 20 y\u0131ll\u0131\u011f\u0131na kiraya verilerek toplam 1190 metrekarelik yap\u0131la\u015fmaya kurban edilecek\u2026\u00a0<\/p>\n<p>\u200bHaberin Al\u0131nt\u0131land\u0131\u011f\u0131 Kaynak: www.antalyakorfez.com<\/p>","protected":false},"excerpt":{"rendered":"<p>Be\u015f y\u0131l \u00f6ncesine kadar T\u00fcrkiye\u2019nin el de\u011fmemi\u015f koylar\u0131ndan biri olan Gerenlik Koyu, ad\u0131n\u0131 deniz taban\u0131ndan \u00e7\u0131kan tatl\u0131 su kaynaklar\u0131ndan al\u0131yor. B\u00f6lgedeki karstik su kaynaklar\u0131, deniz suyunu daha serin hale getiriyor. Y\u00f6re halk\u0131 taraf\u0131ndan \u00c7\u0131\u011fl\u0131muar olarak da an\u0131lan koy, temiz denizi ve korunmu\u015f do\u011fal \u00e7evresiyle tekne turlar\u0131n\u0131n u\u011frak yerlerinden biriydi. GERENL\u0130K KOYU 5 YIL \u00d6NCE PLAJ YAPMAK U\u011eRUNA TAHR\u0130P ED\u0130LM\u0130\u015eT\u0130 Patara \u00d6\u00c7K B\u00f6lgesi s\u0131n\u0131rlar\u0131 i\u00e7indeki Gerenlik Koyu ve \u00e7evresi, sahip oldu\u011fu denizel ve karasal ekosistemler nedeniyle 1. Derece do\u011fal sit alan\u0131 olarak koruma alt\u0131na al\u0131nm\u0131\u015ft\u0131. Bakanlar Kurulu Karar\u0131 ile 5 \u015eubat 2018\u2019de \u2018Kesin Korunacak Hassas Alan\u2019 olarak tescil edilen koyda Haziran 2020\u2019de izinsiz olarak yol a\u00e7\u0131larak do\u011fal doku tahrip edildi. Daha \u00f6nce yol bulunmayan koya i\u015f makineleri sokularak yol a\u00e7\u0131l\u0131rken, \u00e7am ve zeytin a\u011fa\u00e7lar\u0131yla maki \u00f6rt\u00fcs\u00fc yok edildi. B\u00f6lgede emlak\u00e7\u0131l\u0131k yapan bir giri\u015fimci taraf\u0131ndan yap\u0131ld\u0131\u011f\u0131 \u00f6ne s\u00fcr\u00fclen tahribat, konuyu g\u00fcndeme getiren haberimizin ard\u0131ndan yetkililerin m\u00fcdahalesiyle durdurulmu\u015ftu. KORUNAN ALAN BU KEZ DE \u2018ORMAN PARKI\u2019 ADIYLA YA\u011eMALANACAK Antalya K\u00f6rfez Gazetesi muhabiri Yusuf Yavuz&#8217;un haberine g\u00f6re; ancak be\u015f y\u0131l \u00f6nce tahrip edilen bu cennet koydaki rant \u0131srar\u0131n\u0131n bir t\u00fcrl\u00fc sonu gelmedi. Gerenlik Koyu (\u00c7\u0131\u011fl\u0131muar) bu kez de orman idaresi eliyle orman park\u0131 olarak kiralanmak isteniyor. K\u0131y\u0131 \u015feridinin ve koyun bulundu\u011fu alan, 176\/1 nolu b\u00fcy\u00fck &hellip;<\/p>","protected":false},"author":5,"featured_media":0,"comment_status":"","ping_status":"open","sticky":false,"template":"","format":"standard","meta":{"_acf_changed":false,"footnotes":""},"categories":[24],"tags":[],"class_list":["post-55729","post","type-post","status-publish","format-standard","has-post-thumbnail","hentry","category-gundem"],"acf":[],"yoast_head":"<!-- This site is optimized with the Yoast SEO Premium plugin v26.6 (Yoast SEO v27.1.1) - https:\/\/yoast.com\/product\/yoast-seo-premium-wordpress\/ -->\n<title>Ka\u015f\u2019taki sit alan\u0131nda orman park\u0131 ya\u011fmas\u0131! - Av. Deniz Can K\u0131z\u0131l<\/title>\n<meta name=\"robots\" content=\"index, follow, max-snippet:-1, max-image-preview:large, max-video-preview:-1\" \/>\n<link rel=\"canonical\" href=\"https:\/\/denizcankizil.tr\/de\/haberler\/gundem\/kastaki-sit-alaninda-orman-parki-yagmasi\/\" \/>\n<meta property=\"og:locale\" content=\"de_DE\" \/>\n<meta property=\"og:type\" content=\"article\" \/>\n<meta property=\"og:title\" content=\"Ka\u015f\u2019taki sit alan\u0131nda orman park\u0131 ya\u011fmas\u0131!\" \/>\n<meta property=\"og:description\" content=\"Be\u015f y\u0131l \u00f6ncesine kadar T\u00fcrkiye\u2019nin el de\u011fmemi\u015f koylar\u0131ndan biri olan Gerenlik Koyu, ad\u0131n\u0131 deniz taban\u0131ndan \u00e7\u0131kan tatl\u0131 su kaynaklar\u0131ndan al\u0131yor. B\u00f6lgedeki karstik su kaynaklar\u0131, deniz suyunu daha serin hale getiriyor. Y\u00f6re halk\u0131 taraf\u0131ndan \u00c7\u0131\u011fl\u0131muar olarak da an\u0131lan koy, temiz denizi ve korunmu\u015f do\u011fal \u00e7evresiyle tekne turlar\u0131n\u0131n u\u011frak yerlerinden biriydi. GERENL\u0130K KOYU 5 YIL \u00d6NCE PLAJ YAPMAK U\u011eRUNA TAHR\u0130P ED\u0130LM\u0130\u015eT\u0130 Patara \u00d6\u00c7K B\u00f6lgesi s\u0131n\u0131rlar\u0131 i\u00e7indeki Gerenlik Koyu ve \u00e7evresi, sahip oldu\u011fu denizel ve karasal ekosistemler nedeniyle 1. Derece do\u011fal sit alan\u0131 olarak koruma alt\u0131na al\u0131nm\u0131\u015ft\u0131. Bakanlar Kurulu Karar\u0131 ile 5 \u015eubat 2018\u2019de \u2018Kesin Korunacak Hassas Alan\u2019 olarak tescil edilen koyda Haziran 2020\u2019de izinsiz olarak yol a\u00e7\u0131larak do\u011fal doku tahrip edildi. Daha \u00f6nce yol bulunmayan koya i\u015f makineleri sokularak yol a\u00e7\u0131l\u0131rken, \u00e7am ve zeytin a\u011fa\u00e7lar\u0131yla maki \u00f6rt\u00fcs\u00fc yok edildi. B\u00f6lgede emlak\u00e7\u0131l\u0131k yapan bir giri\u015fimci taraf\u0131ndan yap\u0131ld\u0131\u011f\u0131 \u00f6ne s\u00fcr\u00fclen tahribat, konuyu g\u00fcndeme getiren haberimizin ard\u0131ndan yetkililerin m\u00fcdahalesiyle durdurulmu\u015ftu. KORUNAN ALAN BU KEZ DE \u2018ORMAN PARKI\u2019 ADIYLA YA\u011eMALANACAK Antalya K\u00f6rfez Gazetesi muhabiri Yusuf Yavuz&#8217;un haberine g\u00f6re; ancak be\u015f y\u0131l \u00f6nce tahrip edilen bu cennet koydaki rant \u0131srar\u0131n\u0131n bir t\u00fcrl\u00fc sonu gelmedi. Gerenlik Koyu (\u00c7\u0131\u011fl\u0131muar) bu kez de orman idaresi eliyle orman park\u0131 olarak kiralanmak isteniyor. K\u0131y\u0131 \u015feridinin ve koyun bulundu\u011fu alan, 176\/1 nolu b\u00fcy\u00fck &hellip;\" \/>\n<meta property=\"og:url\" content=\"https:\/\/denizcankizil.tr\/de\/haberler\/gundem\/kastaki-sit-alaninda-orman-parki-yagmasi\/\" \/>\n<meta property=\"og:site_name\" content=\"Av. Deniz Can K\u0131z\u0131l\" \/>\n<meta property=\"article:published_time\" content=\"2025-04-14T19:38:12+00:00\" \/>\n<meta name=\"author\" content=\"Antalya K\u00f6rfez\" \/>\n<meta name=\"twitter:card\" content=\"summary_large_image\" \/>\n<meta name=\"twitter:label1\" content=\"Verfasst von\" \/>\n\t<meta name=\"twitter:data1\" content=\"Antalya K\u00f6rfez\" \/>\n\t<meta name=\"twitter:label2\" content=\"Gesch\u00e4tzte Lesezeit\" \/>\n\t<meta name=\"twitter:data2\" content=\"4\u00a0Minuten\" \/>\n<script type=\"application\/ld+json\" class=\"yoast-schema-graph\">{\"@context\":\"https:\/\/schema.org\",\"@graph\":[{\"@type\":\"Article\",\"@id\":\"https:\/\/denizcankizil.tr\/de\/haberler\/gundem\/kastaki-sit-alaninda-orman-parki-yagmasi\/#article\",\"isPartOf\":{\"@id\":\"https:\/\/denizcankizil.tr\/de\/haberler\/gundem\/kastaki-sit-alaninda-orman-parki-yagmasi\/\"},\"author\":{\"name\":\"Antalya K\u00f6rfez\",\"@id\":\"https:\/\/denizcankizil.tr\/de\/#\/schema\/person\/e1eb71bb4dd684d46563f0af307e1234\"},\"headline\":\"Ka\u015f\u2019taki sit alan\u0131nda orman park\u0131 ya\u011fmas\u0131!\",\"datePublished\":\"2025-04-14T19:38:12+00:00\",\"mainEntityOfPage\":{\"@id\":\"https:\/\/denizcankizil.tr\/de\/haberler\/gundem\/kastaki-sit-alaninda-orman-parki-yagmasi\/\"},\"wordCount\":834,\"publisher\":{\"@id\":\"https:\/\/denizcankizil.tr\/de\/#organization\"},\"articleSection\":[\"G\u00fcndem\"],\"inLanguage\":\"de\"},{\"@type\":\"WebPage\",\"@id\":\"https:\/\/denizcankizil.tr\/de\/haberler\/gundem\/kastaki-sit-alaninda-orman-parki-yagmasi\/\",\"url\":\"https:\/\/denizcankizil.tr\/de\/haberler\/gundem\/kastaki-sit-alaninda-orman-parki-yagmasi\/\",\"name\":\"Ka\u015f\u2019taki sit alan\u0131nda orman park\u0131 ya\u011fmas\u0131! - Av. Deniz Can K\u0131z\u0131l\",\"isPartOf\":{\"@id\":\"https:\/\/denizcankizil.tr\/de\/#website\"},\"datePublished\":\"2025-04-14T19:38:12+00:00\",\"breadcrumb\":{\"@id\":\"https:\/\/denizcankizil.tr\/de\/haberler\/gundem\/kastaki-sit-alaninda-orman-parki-yagmasi\/#breadcrumb\"},\"inLanguage\":\"de\",\"potentialAction\":[{\"@type\":\"ReadAction\",\"target\":[\"https:\/\/denizcankizil.tr\/de\/haberler\/gundem\/kastaki-sit-alaninda-orman-parki-yagmasi\/\"]}]},{\"@type\":\"BreadcrumbList\",\"@id\":\"https:\/\/denizcankizil.tr\/de\/haberler\/gundem\/kastaki-sit-alaninda-orman-parki-yagmasi\/#breadcrumb\",\"itemListElement\":[{\"@type\":\"ListItem\",\"position\":1,\"name\":\"Home\",\"item\":\"https:\/\/denizcankizil.tr\/de\/\"},{\"@type\":\"ListItem\",\"position\":2,\"name\":\"Ka\u015f\u2019taki sit alan\u0131nda orman park\u0131 ya\u011fmas\u0131!\"}]},{\"@type\":\"WebSite\",\"@id\":\"https:\/\/denizcankizil.tr\/de\/#website\",\"url\":\"https:\/\/denizcankizil.tr\/de\/\",\"name\":\"Av. Deniz Can K\u0131z\u0131l\",\"description\":\"Avukat Deniz Can K\u0131z\u0131l Antalya Barosu\",\"publisher\":{\"@id\":\"https:\/\/denizcankizil.tr\/de\/#organization\"},\"potentialAction\":[{\"@type\":\"SearchAction\",\"target\":{\"@type\":\"EntryPoint\",\"urlTemplate\":\"https:\/\/denizcankizil.tr\/de\/?s={search_term_string}\"},\"query-input\":{\"@type\":\"PropertyValueSpecification\",\"valueRequired\":true,\"valueName\":\"search_term_string\"}}],\"inLanguage\":\"de\"},{\"@type\":\"Organization\",\"@id\":\"https:\/\/denizcankizil.tr\/de\/#organization\",\"name\":\"Av. Deniz Can K\u0131z\u0131l\",\"url\":\"https:\/\/denizcankizil.tr\/de\/\",\"logo\":{\"@type\":\"ImageObject\",\"inLanguage\":\"de\",\"@id\":\"https:\/\/denizcankizil.tr\/de\/#\/schema\/logo\/image\/\",\"url\":\"https:\/\/denizcankizil.tr\/wp-content\/uploads\/2024\/10\/siyah-logo-svg.svg\",\"contentUrl\":\"https:\/\/denizcankizil.tr\/wp-content\/uploads\/2024\/10\/siyah-logo-svg.svg\",\"width\":1080,\"height\":1080,\"caption\":\"Av. Deniz Can K\u0131z\u0131l\"},\"image\":{\"@id\":\"https:\/\/denizcankizil.tr\/de\/#\/schema\/logo\/image\/\"}},{\"@type\":\"Person\",\"@id\":\"https:\/\/denizcankizil.tr\/de\/#\/schema\/person\/e1eb71bb4dd684d46563f0af307e1234\",\"name\":\"Antalya K\u00f6rfez\",\"image\":{\"@type\":\"ImageObject\",\"inLanguage\":\"de\",\"@id\":\"https:\/\/denizcankizil.tr\/de\/#\/schema\/person\/image\/\",\"url\":\"https:\/\/secure.gravatar.com\/avatar\/42b01982558a48a0b501fdcab6a408d3717ea5919095ee2e67b0e521799c5905?s=96&d=mm&r=g\",\"contentUrl\":\"https:\/\/secure.gravatar.com\/avatar\/42b01982558a48a0b501fdcab6a408d3717ea5919095ee2e67b0e521799c5905?s=96&d=mm&r=g\",\"caption\":\"Antalya K\u00f6rfez\"},\"sameAs\":[\"http:\/\/www.antalyakorfez.com\"],\"url\":\"https:\/\/www.antalyakorfez.com\/kastaki-sit-alaninda-orman-parki-yagmasi\"}]}<\/script>\n<!-- \/ Yoast SEO Premium plugin. -->","yoast_head_json":{"title":"Ka\u015f\u2019taki sit alan\u0131nda orman park\u0131 ya\u011fmas\u0131! - Av. Deniz Can K\u0131z\u0131l","robots":{"index":"index","follow":"follow","max-snippet":"max-snippet:-1","max-image-preview":"max-image-preview:large","max-video-preview":"max-video-preview:-1"},"canonical":"https:\/\/denizcankizil.tr\/de\/haberler\/gundem\/kastaki-sit-alaninda-orman-parki-yagmasi\/","og_locale":"de_DE","og_type":"article","og_title":"Ka\u015f\u2019taki sit alan\u0131nda orman park\u0131 ya\u011fmas\u0131!","og_description":"Be\u015f y\u0131l \u00f6ncesine kadar T\u00fcrkiye\u2019nin el de\u011fmemi\u015f koylar\u0131ndan biri olan Gerenlik Koyu, ad\u0131n\u0131 deniz taban\u0131ndan \u00e7\u0131kan tatl\u0131 su kaynaklar\u0131ndan al\u0131yor. B\u00f6lgedeki karstik su kaynaklar\u0131, deniz suyunu daha serin hale getiriyor. Y\u00f6re halk\u0131 taraf\u0131ndan \u00c7\u0131\u011fl\u0131muar olarak da an\u0131lan koy, temiz denizi ve korunmu\u015f do\u011fal \u00e7evresiyle tekne turlar\u0131n\u0131n u\u011frak yerlerinden biriydi. GERENL\u0130K KOYU 5 YIL \u00d6NCE PLAJ YAPMAK U\u011eRUNA TAHR\u0130P ED\u0130LM\u0130\u015eT\u0130 Patara \u00d6\u00c7K B\u00f6lgesi s\u0131n\u0131rlar\u0131 i\u00e7indeki Gerenlik Koyu ve \u00e7evresi, sahip oldu\u011fu denizel ve karasal ekosistemler nedeniyle 1. Derece do\u011fal sit alan\u0131 olarak koruma alt\u0131na al\u0131nm\u0131\u015ft\u0131. Bakanlar Kurulu Karar\u0131 ile 5 \u015eubat 2018\u2019de \u2018Kesin Korunacak Hassas Alan\u2019 olarak tescil edilen koyda Haziran 2020\u2019de izinsiz olarak yol a\u00e7\u0131larak do\u011fal doku tahrip edildi. Daha \u00f6nce yol bulunmayan koya i\u015f makineleri sokularak yol a\u00e7\u0131l\u0131rken, \u00e7am ve zeytin a\u011fa\u00e7lar\u0131yla maki \u00f6rt\u00fcs\u00fc yok edildi. B\u00f6lgede emlak\u00e7\u0131l\u0131k yapan bir giri\u015fimci taraf\u0131ndan yap\u0131ld\u0131\u011f\u0131 \u00f6ne s\u00fcr\u00fclen tahribat, konuyu g\u00fcndeme getiren haberimizin ard\u0131ndan yetkililerin m\u00fcdahalesiyle durdurulmu\u015ftu. KORUNAN ALAN BU KEZ DE \u2018ORMAN PARKI\u2019 ADIYLA YA\u011eMALANACAK Antalya K\u00f6rfez Gazetesi muhabiri Yusuf Yavuz&#8217;un haberine g\u00f6re; ancak be\u015f y\u0131l \u00f6nce tahrip edilen bu cennet koydaki rant \u0131srar\u0131n\u0131n bir t\u00fcrl\u00fc sonu gelmedi. Gerenlik Koyu (\u00c7\u0131\u011fl\u0131muar) bu kez de orman idaresi eliyle orman park\u0131 olarak kiralanmak isteniyor. K\u0131y\u0131 \u015feridinin ve koyun bulundu\u011fu alan, 176\/1 nolu b\u00fcy\u00fck &hellip;","og_url":"https:\/\/denizcankizil.tr\/de\/haberler\/gundem\/kastaki-sit-alaninda-orman-parki-yagmasi\/","og_site_name":"Av. Deniz Can K\u0131z\u0131l","article_published_time":"2025-04-14T19:38:12+00:00","author":"Antalya K\u00f6rfez","twitter_card":"summary_large_image","twitter_misc":{"Verfasst von":"Antalya K\u00f6rfez","Gesch\u00e4tzte Lesezeit":"4\u00a0Minuten"},"schema":{"@context":"https:\/\/schema.org","@graph":[{"@type":"Article","@id":"https:\/\/denizcankizil.tr\/de\/haberler\/gundem\/kastaki-sit-alaninda-orman-parki-yagmasi\/#article","isPartOf":{"@id":"https:\/\/denizcankizil.tr\/de\/haberler\/gundem\/kastaki-sit-alaninda-orman-parki-yagmasi\/"},"author":{"name":"Antalya K\u00f6rfez","@id":"https:\/\/denizcankizil.tr\/de\/#\/schema\/person\/e1eb71bb4dd684d46563f0af307e1234"},"headline":"Ka\u015f\u2019taki sit alan\u0131nda orman park\u0131 ya\u011fmas\u0131!","datePublished":"2025-04-14T19:38:12+00:00","mainEntityOfPage":{"@id":"https:\/\/denizcankizil.tr\/de\/haberler\/gundem\/kastaki-sit-alaninda-orman-parki-yagmasi\/"},"wordCount":834,"publisher":{"@id":"https:\/\/denizcankizil.tr\/de\/#organization"},"articleSection":["G\u00fcndem"],"inLanguage":"de"},{"@type":"WebPage","@id":"https:\/\/denizcankizil.tr\/de\/haberler\/gundem\/kastaki-sit-alaninda-orman-parki-yagmasi\/","url":"https:\/\/denizcankizil.tr\/de\/haberler\/gundem\/kastaki-sit-alaninda-orman-parki-yagmasi\/","name":"Ka\u015f\u2019taki sit alan\u0131nda orman park\u0131 ya\u011fmas\u0131! - Av. Deniz Can K\u0131z\u0131l","isPartOf":{"@id":"https:\/\/denizcankizil.tr\/de\/#website"},"datePublished":"2025-04-14T19:38:12+00:00","breadcrumb":{"@id":"https:\/\/denizcankizil.tr\/de\/haberler\/gundem\/kastaki-sit-alaninda-orman-parki-yagmasi\/#breadcrumb"},"inLanguage":"de","potentialAction":[{"@type":"ReadAction","target":["https:\/\/denizcankizil.tr\/de\/haberler\/gundem\/kastaki-sit-alaninda-orman-parki-yagmasi\/"]}]},{"@type":"BreadcrumbList","@id":"https:\/\/denizcankizil.tr\/de\/haberler\/gundem\/kastaki-sit-alaninda-orman-parki-yagmasi\/#breadcrumb","itemListElement":[{"@type":"ListItem","position":1,"name":"Home","item":"https:\/\/denizcankizil.tr\/de\/"},{"@type":"ListItem","position":2,"name":"Ka\u015f\u2019taki sit alan\u0131nda orman park\u0131 ya\u011fmas\u0131!"}]},{"@type":"WebSite","@id":"https:\/\/denizcankizil.tr\/de\/#website","url":"https:\/\/denizcankizil.tr\/de\/","name":"Av. Deniz Can K\u0131z\u0131l","description":"Avukat Deniz Can K\u0131z\u0131l Antalya Barosu","publisher":{"@id":"https:\/\/denizcankizil.tr\/de\/#organization"},"potentialAction":[{"@type":"SearchAction","target":{"@type":"EntryPoint","urlTemplate":"https:\/\/denizcankizil.tr\/de\/?s={search_term_string}"},"query-input":{"@type":"PropertyValueSpecification","valueRequired":true,"valueName":"search_term_string"}}],"inLanguage":"de"},{"@type":"Organization","@id":"https:\/\/denizcankizil.tr\/de\/#organization","name":"Av. Deniz Can K\u0131z\u0131l","url":"https:\/\/denizcankizil.tr\/de\/","logo":{"@type":"ImageObject","inLanguage":"de","@id":"https:\/\/denizcankizil.tr\/de\/#\/schema\/logo\/image\/","url":"https:\/\/denizcankizil.tr\/wp-content\/uploads\/2024\/10\/siyah-logo-svg.svg","contentUrl":"https:\/\/denizcankizil.tr\/wp-content\/uploads\/2024\/10\/siyah-logo-svg.svg","width":1080,"height":1080,"caption":"Av. Deniz Can K\u0131z\u0131l"},"image":{"@id":"https:\/\/denizcankizil.tr\/de\/#\/schema\/logo\/image\/"}},{"@type":"Person","@id":"https:\/\/denizcankizil.tr\/de\/#\/schema\/person\/e1eb71bb4dd684d46563f0af307e1234","name":"Antalya K\u00f6rfez","image":{"@type":"ImageObject","inLanguage":"de","@id":"https:\/\/denizcankizil.tr\/de\/#\/schema\/person\/image\/","url":"https:\/\/secure.gravatar.com\/avatar\/42b01982558a48a0b501fdcab6a408d3717ea5919095ee2e67b0e521799c5905?s=96&d=mm&r=g","contentUrl":"https:\/\/secure.gravatar.com\/avatar\/42b01982558a48a0b501fdcab6a408d3717ea5919095ee2e67b0e521799c5905?s=96&d=mm&r=g","caption":"Antalya K\u00f6rfez"},"sameAs":["http:\/\/www.antalyakorfez.com"],"url":"https:\/\/www.antalyakorfez.com\/kastaki-sit-alaninda-orman-parki-yagmasi"}]}},"_links":{"self":[{"href":"https:\/\/denizcankizil.tr\/de\/wp-json\/wp\/v2\/posts\/55729","targetHints":{"allow":["GET"]}}],"collection":[{"href":"https:\/\/denizcankizil.tr\/de\/wp-json\/wp\/v2\/posts"}],"about":[{"href":"https:\/\/denizcankizil.tr\/de\/wp-json\/wp\/v2\/types\/post"}],"author":[{"embeddable":true,"href":"https:\/\/denizcankizil.tr\/de\/wp-json\/wp\/v2\/users\/5"}],"replies":[{"embeddable":true,"href":"https:\/\/denizcankizil.tr\/de\/wp-json\/wp\/v2\/comments?post=55729"}],"version-history":[{"count":0,"href":"https:\/\/denizcankizil.tr\/de\/wp-json\/wp\/v2\/posts\/55729\/revisions"}],"wp:attachment":[{"href":"https:\/\/denizcankizil.tr\/de\/wp-json\/wp\/v2\/media?parent=55729"}],"wp:term":[{"taxonomy":"category","embeddable":true,"href":"https:\/\/denizcankizil.tr\/de\/wp-json\/wp\/v2\/categories?post=55729"},{"taxonomy":"post_tag","embeddable":true,"href":"https:\/\/denizcankizil.tr\/de\/wp-json\/wp\/v2\/tags?post=55729"}],"curies":[{"name":"wp","href":"https:\/\/api.w.org\/{rel}","templated":true}]}}