{"id":55470,"date":"2025-04-14T15:42:15","date_gmt":"2025-04-14T12:42:15","guid":{"rendered":"https:\/\/denizcankizil.tr\/uncategorized-tr\/4-kadin-1-yuzuk-tiyatro-oyunu-kervansarayda-sahnelenecek\/"},"modified":"2025-04-14T15:42:15","modified_gmt":"2025-04-14T12:42:15","slug":"4-kadin-1-yuzuk-tiyatro-oyunu-kervansarayda-sahnelenecek","status":"publish","type":"post","link":"https:\/\/denizcankizil.tr\/de\/haberler\/gundem\/4-kadin-1-yuzuk-tiyatro-oyunu-kervansarayda-sahnelenecek\/","title":{"rendered":"&#8220;4 kad\u0131n 1 y\u00fcz\u00fck&#8221; tiyatro oyunu Kervansaray\u2019da sahnelenecek"},"content":{"rendered":"<p>Kocaeli G\u00f6lc\u00fck Belediyesi, G\u00f6lc\u00fck Kent Konseyi ve G\u00f6lc\u00fck Kad\u0131n Meclisi i\u015f birli\u011fi haz\u0131rlanan &#8220;4 Kad\u0131n 1 Y\u00fcz\u00fck&#8221; adl\u0131 tiyatro oyunu, 15 Nisan Sal\u0131 ak\u015fam\u0131 Kaz\u0131kl\u0131 Kervansaray\u0131 K\u00fclt\u00fcr yap\u0131s\u0131nda sahnelenecek.KOCAEL\u0130 (\u0130GFA) &#8211;\u00a0Kocaeli G\u00f6lc\u00fck Belediyesi k\u00fclt\u00fcr-sanat etkinlikleri kapsam\u0131nda Kervansaray\u2019da tiyatro oyunu sahnelenecek. G\u00f6lc\u00fck Belediyesi, G\u00f6lc\u00fck Kent Konseyi ve G\u00f6lc\u00fck Kad\u0131n Meclisi i\u015f birli\u011fi haz\u0131rlanan &#8220;4 Kad\u0131n 1 Y\u00fcz\u00fck&#8221; adl\u0131 tiyatro oyunu 15 Nisan Sal\u0131 ak\u015fam\u0131 saat 20.00\u2019da Kaz\u0131kl\u0131 Kervansaray\u0131 K\u00fclt\u00fcr yap\u0131s\u0131nda sahnelenecek.<br \/>\nBA\u015eKAN SEZER&#8217;DEN DAVET<br \/>\nK\u00fclt\u00fcr-sanat kenti il\u00e7ede etkinliklerin devam edece\u011fini s\u00f6yleyen G\u00f6lc\u00fck Belediye Ba\u015fkan\u0131 Ali Y\u0131ld\u0131r\u0131m Sezer, &#8220;Kent Konseyi Kad\u0131n \u00fcyelerimizin sahne alaca\u011f\u0131, tamam\u0131 kad\u0131nlardan olu\u015fan, 4 Kad\u0131n 1 Y\u00fcz\u00fck \u00a0adl\u0131 tiyatro oyununa t\u00fcm hem\u015fehrilerimiz davetlidir\u201d dedi.<\/p>\n<p>\u200bKocaeli G\u00f6lc\u00fck Belediyesi, G\u00f6lc\u00fck Kent Konseyi ve G\u00f6lc\u00fck Kad\u0131n Meclisi i\u015f birli\u011fi haz\u0131rlanan &#8220;4 Kad\u0131n 1 Y\u00fcz\u00fck&#8221; adl\u0131 tiyatro oyunu, 15 Nisan Sal\u0131 ak\u015fam\u0131 Kaz\u0131kl\u0131 Kervansaray\u0131 K\u00fclt\u00fcr yap\u0131s\u0131nda sahnelenecek.KOCAEL\u0130 (\u0130GFA) &#8211;\u00a0Kocaeli G\u00f6lc\u00fck Belediyesi k\u00fclt\u00fcr-sanat etkinlikleri kapsam\u0131nda Kervansaray\u2019da tiyatro oyunu sahnelenecek. G\u00f6lc\u00fck Belediyesi, G\u00f6lc\u00fck Kent Konseyi ve G\u00f6lc\u00fck Kad\u0131n Meclisi i\u015f birli\u011fi haz\u0131rlanan &#8220;4 Kad\u0131n 1 Y\u00fcz\u00fck&#8221; adl\u0131 tiyatro oyunu 15 Nisan Sal\u0131 ak\u015fam\u0131 saat 20.00\u2019da Kaz\u0131kl\u0131 Kervansaray\u0131 K\u00fclt\u00fcr yap\u0131s\u0131nda sahnelenecek.<br \/>\nBA\u015eKAN SEZER&#8217;DEN DAVET<br \/>\nK\u00fclt\u00fcr-sanat kenti il\u00e7ede etkinliklerin devam edece\u011fini s\u00f6yleyen G\u00f6lc\u00fck Belediye Ba\u015fkan\u0131 Ali Y\u0131ld\u0131r\u0131m Sezer, &#8220;Kent Konseyi Kad\u0131n \u00fcyelerimizin sahne alaca\u011f\u0131, tamam\u0131 kad\u0131nlardan olu\u015fan, 4 Kad\u0131n 1 Y\u00fcz\u00fck \u00a0adl\u0131 tiyatro oyununa t\u00fcm hem\u015fehrilerimiz davetlidir\u201d dedi.\u00a0<\/p>\n<p>\u200bHaberin Al\u0131nt\u0131land\u0131\u011f\u0131 Kaynak: www.iskenderun.org<\/p>","protected":false},"excerpt":{"rendered":"<p>Kocaeli G\u00f6lc\u00fck Belediyesi, G\u00f6lc\u00fck Kent Konseyi ve G\u00f6lc\u00fck Kad\u0131n Meclisi i\u015f birli\u011fi haz\u0131rlanan &#8220;4 Kad\u0131n 1 Y\u00fcz\u00fck&#8221; adl\u0131 tiyatro oyunu, 15 Nisan Sal\u0131 ak\u015fam\u0131 Kaz\u0131kl\u0131 Kervansaray\u0131 K\u00fclt\u00fcr yap\u0131s\u0131nda sahnelenecek.KOCAEL\u0130 (\u0130GFA) &#8211;\u00a0Kocaeli G\u00f6lc\u00fck Belediyesi k\u00fclt\u00fcr-sanat etkinlikleri kapsam\u0131nda Kervansaray\u2019da tiyatro oyunu sahnelenecek. G\u00f6lc\u00fck Belediyesi, G\u00f6lc\u00fck Kent Konseyi ve G\u00f6lc\u00fck Kad\u0131n Meclisi i\u015f birli\u011fi haz\u0131rlanan &#8220;4 Kad\u0131n 1 Y\u00fcz\u00fck&#8221; adl\u0131 tiyatro oyunu 15 Nisan Sal\u0131 ak\u015fam\u0131 saat 20.00\u2019da Kaz\u0131kl\u0131 Kervansaray\u0131 K\u00fclt\u00fcr yap\u0131s\u0131nda sahnelenecek. BA\u015eKAN SEZER&#8217;DEN DAVET K\u00fclt\u00fcr-sanat kenti il\u00e7ede etkinliklerin devam edece\u011fini s\u00f6yleyen G\u00f6lc\u00fck Belediye Ba\u015fkan\u0131 Ali Y\u0131ld\u0131r\u0131m Sezer, &#8220;Kent Konseyi Kad\u0131n \u00fcyelerimizin sahne alaca\u011f\u0131, tamam\u0131 kad\u0131nlardan olu\u015fan, 4 Kad\u0131n 1 Y\u00fcz\u00fck \u00a0adl\u0131 tiyatro oyununa t\u00fcm hem\u015fehrilerimiz davetlidir\u201d dedi. \u200bKocaeli G\u00f6lc\u00fck Belediyesi, G\u00f6lc\u00fck Kent Konseyi ve G\u00f6lc\u00fck Kad\u0131n Meclisi i\u015f birli\u011fi haz\u0131rlanan &#8220;4 Kad\u0131n 1 Y\u00fcz\u00fck&#8221; adl\u0131 tiyatro oyunu, 15 Nisan Sal\u0131 ak\u015fam\u0131 Kaz\u0131kl\u0131 Kervansaray\u0131 K\u00fclt\u00fcr yap\u0131s\u0131nda sahnelenecek.KOCAEL\u0130 (\u0130GFA) &#8211;\u00a0Kocaeli G\u00f6lc\u00fck Belediyesi k\u00fclt\u00fcr-sanat etkinlikleri kapsam\u0131nda Kervansaray\u2019da tiyatro oyunu sahnelenecek. G\u00f6lc\u00fck Belediyesi, G\u00f6lc\u00fck Kent Konseyi ve G\u00f6lc\u00fck Kad\u0131n Meclisi i\u015f birli\u011fi haz\u0131rlanan &#8220;4 Kad\u0131n 1 Y\u00fcz\u00fck&#8221; adl\u0131 tiyatro oyunu 15 Nisan Sal\u0131 ak\u015fam\u0131 saat 20.00\u2019da Kaz\u0131kl\u0131 Kervansaray\u0131 K\u00fclt\u00fcr yap\u0131s\u0131nda sahnelenecek. BA\u015eKAN SEZER&#8217;DEN DAVET K\u00fclt\u00fcr-sanat kenti il\u00e7ede etkinliklerin devam edece\u011fini s\u00f6yleyen G\u00f6lc\u00fck Belediye Ba\u015fkan\u0131 Ali Y\u0131ld\u0131r\u0131m Sezer, &#8220;Kent Konseyi Kad\u0131n \u00fcyelerimizin sahne alaca\u011f\u0131, tamam\u0131 kad\u0131nlardan &hellip;<\/p>","protected":false},"author":1,"featured_media":0,"comment_status":"","ping_status":"open","sticky":false,"template":"","format":"standard","meta":{"_acf_changed":false,"footnotes":""},"categories":[24],"tags":[],"class_list":["post-55470","post","type-post","status-publish","format-standard","has-post-thumbnail","hentry","category-gundem"],"acf":[],"yoast_head":"<!-- This site is optimized with the Yoast SEO Premium plugin v26.6 (Yoast SEO v27.1.1) - https:\/\/yoast.com\/product\/yoast-seo-premium-wordpress\/ -->\n<title>&quot;4 kad\u0131n 1 y\u00fcz\u00fck&quot; tiyatro oyunu Kervansaray\u2019da sahnelenecek - Av. Deniz Can K\u0131z\u0131l<\/title>\n<meta name=\"robots\" content=\"index, follow, max-snippet:-1, max-image-preview:large, max-video-preview:-1\" \/>\n<link rel=\"canonical\" href=\"https:\/\/denizcankizil.tr\/de\/haberler\/gundem\/4-kadin-1-yuzuk-tiyatro-oyunu-kervansarayda-sahnelenecek\/\" \/>\n<meta property=\"og:locale\" content=\"de_DE\" \/>\n<meta property=\"og:type\" content=\"article\" \/>\n<meta property=\"og:title\" content=\"&quot;4 kad\u0131n 1 y\u00fcz\u00fck&quot; tiyatro oyunu Kervansaray\u2019da sahnelenecek\" \/>\n<meta property=\"og:description\" content=\"Kocaeli G\u00f6lc\u00fck Belediyesi, G\u00f6lc\u00fck Kent Konseyi ve G\u00f6lc\u00fck Kad\u0131n Meclisi i\u015f birli\u011fi haz\u0131rlanan &#8220;4 Kad\u0131n 1 Y\u00fcz\u00fck&#8221; adl\u0131 tiyatro oyunu, 15 Nisan Sal\u0131 ak\u015fam\u0131 Kaz\u0131kl\u0131 Kervansaray\u0131 K\u00fclt\u00fcr yap\u0131s\u0131nda sahnelenecek.KOCAEL\u0130 (\u0130GFA) &#8211;\u00a0Kocaeli G\u00f6lc\u00fck Belediyesi k\u00fclt\u00fcr-sanat etkinlikleri kapsam\u0131nda Kervansaray\u2019da tiyatro oyunu sahnelenecek. G\u00f6lc\u00fck Belediyesi, G\u00f6lc\u00fck Kent Konseyi ve G\u00f6lc\u00fck Kad\u0131n Meclisi i\u015f birli\u011fi haz\u0131rlanan &#8220;4 Kad\u0131n 1 Y\u00fcz\u00fck&#8221; adl\u0131 tiyatro oyunu 15 Nisan Sal\u0131 ak\u015fam\u0131 saat 20.00\u2019da Kaz\u0131kl\u0131 Kervansaray\u0131 K\u00fclt\u00fcr yap\u0131s\u0131nda sahnelenecek. BA\u015eKAN SEZER&#8217;DEN DAVET K\u00fclt\u00fcr-sanat kenti il\u00e7ede etkinliklerin devam edece\u011fini s\u00f6yleyen G\u00f6lc\u00fck Belediye Ba\u015fkan\u0131 Ali Y\u0131ld\u0131r\u0131m Sezer, &#8220;Kent Konseyi Kad\u0131n \u00fcyelerimizin sahne alaca\u011f\u0131, tamam\u0131 kad\u0131nlardan olu\u015fan, 4 Kad\u0131n 1 Y\u00fcz\u00fck \u00a0adl\u0131 tiyatro oyununa t\u00fcm hem\u015fehrilerimiz davetlidir\u201d dedi. \u200bKocaeli G\u00f6lc\u00fck Belediyesi, G\u00f6lc\u00fck Kent Konseyi ve G\u00f6lc\u00fck Kad\u0131n Meclisi i\u015f birli\u011fi haz\u0131rlanan &#8220;4 Kad\u0131n 1 Y\u00fcz\u00fck&#8221; adl\u0131 tiyatro oyunu, 15 Nisan Sal\u0131 ak\u015fam\u0131 Kaz\u0131kl\u0131 Kervansaray\u0131 K\u00fclt\u00fcr yap\u0131s\u0131nda sahnelenecek.KOCAEL\u0130 (\u0130GFA) &#8211;\u00a0Kocaeli G\u00f6lc\u00fck Belediyesi k\u00fclt\u00fcr-sanat etkinlikleri kapsam\u0131nda Kervansaray\u2019da tiyatro oyunu sahnelenecek. G\u00f6lc\u00fck Belediyesi, G\u00f6lc\u00fck Kent Konseyi ve G\u00f6lc\u00fck Kad\u0131n Meclisi i\u015f birli\u011fi haz\u0131rlanan &#8220;4 Kad\u0131n 1 Y\u00fcz\u00fck&#8221; adl\u0131 tiyatro oyunu 15 Nisan Sal\u0131 ak\u015fam\u0131 saat 20.00\u2019da Kaz\u0131kl\u0131 Kervansaray\u0131 K\u00fclt\u00fcr yap\u0131s\u0131nda sahnelenecek. BA\u015eKAN SEZER&#8217;DEN DAVET K\u00fclt\u00fcr-sanat kenti il\u00e7ede etkinliklerin devam edece\u011fini s\u00f6yleyen G\u00f6lc\u00fck Belediye Ba\u015fkan\u0131 Ali Y\u0131ld\u0131r\u0131m Sezer, &#8220;Kent Konseyi Kad\u0131n \u00fcyelerimizin sahne alaca\u011f\u0131, tamam\u0131 kad\u0131nlardan &hellip;\" \/>\n<meta property=\"og:url\" content=\"https:\/\/denizcankizil.tr\/de\/haberler\/gundem\/4-kadin-1-yuzuk-tiyatro-oyunu-kervansarayda-sahnelenecek\/\" \/>\n<meta property=\"og:site_name\" content=\"Av. Deniz Can K\u0131z\u0131l\" \/>\n<meta property=\"article:published_time\" content=\"2025-04-14T12:42:15+00:00\" \/>\n<meta name=\"author\" content=\"admin\" \/>\n<meta name=\"twitter:card\" content=\"summary_large_image\" \/>\n<meta name=\"twitter:label1\" content=\"Verfasst von\" \/>\n\t<meta name=\"twitter:data1\" content=\"admin\" \/>\n\t<meta name=\"twitter:label2\" content=\"Gesch\u00e4tzte Lesezeit\" \/>\n\t<meta name=\"twitter:data2\" content=\"2\u00a0Minuten\" \/>\n<script type=\"application\/ld+json\" class=\"yoast-schema-graph\">{\"@context\":\"https:\/\/schema.org\",\"@graph\":[{\"@type\":\"Article\",\"@id\":\"https:\/\/denizcankizil.tr\/de\/haberler\/gundem\/4-kadin-1-yuzuk-tiyatro-oyunu-kervansarayda-sahnelenecek\/#article\",\"isPartOf\":{\"@id\":\"https:\/\/denizcankizil.tr\/de\/haberler\/gundem\/4-kadin-1-yuzuk-tiyatro-oyunu-kervansarayda-sahnelenecek\/\"},\"author\":{\"name\":\"admin\",\"@id\":\"https:\/\/denizcankizil.tr\/de\/#\/schema\/person\/be3c05fe6a12686905512445d8185489\"},\"headline\":\"&#8220;4 kad\u0131n 1 y\u00fcz\u00fck&#8221; tiyatro oyunu Kervansaray\u2019da sahnelenecek\",\"datePublished\":\"2025-04-14T12:42:15+00:00\",\"mainEntityOfPage\":{\"@id\":\"https:\/\/denizcankizil.tr\/de\/haberler\/gundem\/4-kadin-1-yuzuk-tiyatro-oyunu-kervansarayda-sahnelenecek\/\"},\"wordCount\":344,\"publisher\":{\"@id\":\"https:\/\/denizcankizil.tr\/de\/#organization\"},\"articleSection\":[\"G\u00fcndem\"],\"inLanguage\":\"de\"},{\"@type\":\"WebPage\",\"@id\":\"https:\/\/denizcankizil.tr\/de\/haberler\/gundem\/4-kadin-1-yuzuk-tiyatro-oyunu-kervansarayda-sahnelenecek\/\",\"url\":\"https:\/\/denizcankizil.tr\/de\/haberler\/gundem\/4-kadin-1-yuzuk-tiyatro-oyunu-kervansarayda-sahnelenecek\/\",\"name\":\"\\\"4 kad\u0131n 1 y\u00fcz\u00fck\\\" tiyatro oyunu Kervansaray\u2019da sahnelenecek - Av. Deniz Can K\u0131z\u0131l\",\"isPartOf\":{\"@id\":\"https:\/\/denizcankizil.tr\/de\/#website\"},\"datePublished\":\"2025-04-14T12:42:15+00:00\",\"breadcrumb\":{\"@id\":\"https:\/\/denizcankizil.tr\/de\/haberler\/gundem\/4-kadin-1-yuzuk-tiyatro-oyunu-kervansarayda-sahnelenecek\/#breadcrumb\"},\"inLanguage\":\"de\",\"potentialAction\":[{\"@type\":\"ReadAction\",\"target\":[\"https:\/\/denizcankizil.tr\/de\/haberler\/gundem\/4-kadin-1-yuzuk-tiyatro-oyunu-kervansarayda-sahnelenecek\/\"]}]},{\"@type\":\"BreadcrumbList\",\"@id\":\"https:\/\/denizcankizil.tr\/de\/haberler\/gundem\/4-kadin-1-yuzuk-tiyatro-oyunu-kervansarayda-sahnelenecek\/#breadcrumb\",\"itemListElement\":[{\"@type\":\"ListItem\",\"position\":1,\"name\":\"Home\",\"item\":\"https:\/\/denizcankizil.tr\/de\/\"},{\"@type\":\"ListItem\",\"position\":2,\"name\":\"&#8220;4 kad\u0131n 1 y\u00fcz\u00fck&#8221; tiyatro oyunu Kervansaray\u2019da sahnelenecek\"}]},{\"@type\":\"WebSite\",\"@id\":\"https:\/\/denizcankizil.tr\/de\/#website\",\"url\":\"https:\/\/denizcankizil.tr\/de\/\",\"name\":\"Av. Deniz Can K\u0131z\u0131l\",\"description\":\"Avukat Deniz Can K\u0131z\u0131l Antalya Barosu\",\"publisher\":{\"@id\":\"https:\/\/denizcankizil.tr\/de\/#organization\"},\"potentialAction\":[{\"@type\":\"SearchAction\",\"target\":{\"@type\":\"EntryPoint\",\"urlTemplate\":\"https:\/\/denizcankizil.tr\/de\/?s={search_term_string}\"},\"query-input\":{\"@type\":\"PropertyValueSpecification\",\"valueRequired\":true,\"valueName\":\"search_term_string\"}}],\"inLanguage\":\"de\"},{\"@type\":\"Organization\",\"@id\":\"https:\/\/denizcankizil.tr\/de\/#organization\",\"name\":\"Av. Deniz Can K\u0131z\u0131l\",\"url\":\"https:\/\/denizcankizil.tr\/de\/\",\"logo\":{\"@type\":\"ImageObject\",\"inLanguage\":\"de\",\"@id\":\"https:\/\/denizcankizil.tr\/de\/#\/schema\/logo\/image\/\",\"url\":\"https:\/\/denizcankizil.tr\/wp-content\/uploads\/2024\/10\/siyah-logo-svg.svg\",\"contentUrl\":\"https:\/\/denizcankizil.tr\/wp-content\/uploads\/2024\/10\/siyah-logo-svg.svg\",\"width\":1080,\"height\":1080,\"caption\":\"Av. Deniz Can K\u0131z\u0131l\"},\"image\":{\"@id\":\"https:\/\/denizcankizil.tr\/de\/#\/schema\/logo\/image\/\"}},{\"@type\":\"Person\",\"@id\":\"https:\/\/denizcankizil.tr\/de\/#\/schema\/person\/be3c05fe6a12686905512445d8185489\",\"name\":\"admin\",\"image\":{\"@type\":\"ImageObject\",\"inLanguage\":\"de\",\"@id\":\"https:\/\/denizcankizil.tr\/de\/#\/schema\/person\/image\/\",\"url\":\"https:\/\/secure.gravatar.com\/avatar\/c1fce94c830dc79107e174f890d7210541c4a63e8e5d816341794a2151c9d58c?s=96&d=mm&r=g\",\"contentUrl\":\"https:\/\/secure.gravatar.com\/avatar\/c1fce94c830dc79107e174f890d7210541c4a63e8e5d816341794a2151c9d58c?s=96&d=mm&r=g\",\"caption\":\"admin\"},\"sameAs\":[\"http:\/\/denizcankizil.tr\"],\"url\":\"https:\/\/www.iskenderun.org\/4-kadin-1-yuzuk-tiyatro-oyunu-kervansarayda-sahnelenecek\"}]}<\/script>\n<!-- \/ Yoast SEO Premium plugin. -->","yoast_head_json":{"title":"\"4 kad\u0131n 1 y\u00fcz\u00fck\" tiyatro oyunu Kervansaray\u2019da sahnelenecek - Av. Deniz Can K\u0131z\u0131l","robots":{"index":"index","follow":"follow","max-snippet":"max-snippet:-1","max-image-preview":"max-image-preview:large","max-video-preview":"max-video-preview:-1"},"canonical":"https:\/\/denizcankizil.tr\/de\/haberler\/gundem\/4-kadin-1-yuzuk-tiyatro-oyunu-kervansarayda-sahnelenecek\/","og_locale":"de_DE","og_type":"article","og_title":"\"4 kad\u0131n 1 y\u00fcz\u00fck\" tiyatro oyunu Kervansaray\u2019da sahnelenecek","og_description":"Kocaeli G\u00f6lc\u00fck Belediyesi, G\u00f6lc\u00fck Kent Konseyi ve G\u00f6lc\u00fck Kad\u0131n Meclisi i\u015f birli\u011fi haz\u0131rlanan &#8220;4 Kad\u0131n 1 Y\u00fcz\u00fck&#8221; adl\u0131 tiyatro oyunu, 15 Nisan Sal\u0131 ak\u015fam\u0131 Kaz\u0131kl\u0131 Kervansaray\u0131 K\u00fclt\u00fcr yap\u0131s\u0131nda sahnelenecek.KOCAEL\u0130 (\u0130GFA) &#8211;\u00a0Kocaeli G\u00f6lc\u00fck Belediyesi k\u00fclt\u00fcr-sanat etkinlikleri kapsam\u0131nda Kervansaray\u2019da tiyatro oyunu sahnelenecek. G\u00f6lc\u00fck Belediyesi, G\u00f6lc\u00fck Kent Konseyi ve G\u00f6lc\u00fck Kad\u0131n Meclisi i\u015f birli\u011fi haz\u0131rlanan &#8220;4 Kad\u0131n 1 Y\u00fcz\u00fck&#8221; adl\u0131 tiyatro oyunu 15 Nisan Sal\u0131 ak\u015fam\u0131 saat 20.00\u2019da Kaz\u0131kl\u0131 Kervansaray\u0131 K\u00fclt\u00fcr yap\u0131s\u0131nda sahnelenecek. BA\u015eKAN SEZER&#8217;DEN DAVET K\u00fclt\u00fcr-sanat kenti il\u00e7ede etkinliklerin devam edece\u011fini s\u00f6yleyen G\u00f6lc\u00fck Belediye Ba\u015fkan\u0131 Ali Y\u0131ld\u0131r\u0131m Sezer, &#8220;Kent Konseyi Kad\u0131n \u00fcyelerimizin sahne alaca\u011f\u0131, tamam\u0131 kad\u0131nlardan olu\u015fan, 4 Kad\u0131n 1 Y\u00fcz\u00fck \u00a0adl\u0131 tiyatro oyununa t\u00fcm hem\u015fehrilerimiz davetlidir\u201d dedi. \u200bKocaeli G\u00f6lc\u00fck Belediyesi, G\u00f6lc\u00fck Kent Konseyi ve G\u00f6lc\u00fck Kad\u0131n Meclisi i\u015f birli\u011fi haz\u0131rlanan &#8220;4 Kad\u0131n 1 Y\u00fcz\u00fck&#8221; adl\u0131 tiyatro oyunu, 15 Nisan Sal\u0131 ak\u015fam\u0131 Kaz\u0131kl\u0131 Kervansaray\u0131 K\u00fclt\u00fcr yap\u0131s\u0131nda sahnelenecek.KOCAEL\u0130 (\u0130GFA) &#8211;\u00a0Kocaeli G\u00f6lc\u00fck Belediyesi k\u00fclt\u00fcr-sanat etkinlikleri kapsam\u0131nda Kervansaray\u2019da tiyatro oyunu sahnelenecek. G\u00f6lc\u00fck Belediyesi, G\u00f6lc\u00fck Kent Konseyi ve G\u00f6lc\u00fck Kad\u0131n Meclisi i\u015f birli\u011fi haz\u0131rlanan &#8220;4 Kad\u0131n 1 Y\u00fcz\u00fck&#8221; adl\u0131 tiyatro oyunu 15 Nisan Sal\u0131 ak\u015fam\u0131 saat 20.00\u2019da Kaz\u0131kl\u0131 Kervansaray\u0131 K\u00fclt\u00fcr yap\u0131s\u0131nda sahnelenecek. BA\u015eKAN SEZER&#8217;DEN DAVET K\u00fclt\u00fcr-sanat kenti il\u00e7ede etkinliklerin devam edece\u011fini s\u00f6yleyen G\u00f6lc\u00fck Belediye Ba\u015fkan\u0131 Ali Y\u0131ld\u0131r\u0131m Sezer, &#8220;Kent Konseyi Kad\u0131n \u00fcyelerimizin sahne alaca\u011f\u0131, tamam\u0131 kad\u0131nlardan &hellip;","og_url":"https:\/\/denizcankizil.tr\/de\/haberler\/gundem\/4-kadin-1-yuzuk-tiyatro-oyunu-kervansarayda-sahnelenecek\/","og_site_name":"Av. Deniz Can K\u0131z\u0131l","article_published_time":"2025-04-14T12:42:15+00:00","author":"admin","twitter_card":"summary_large_image","twitter_misc":{"Verfasst von":"admin","Gesch\u00e4tzte Lesezeit":"2\u00a0Minuten"},"schema":{"@context":"https:\/\/schema.org","@graph":[{"@type":"Article","@id":"https:\/\/denizcankizil.tr\/de\/haberler\/gundem\/4-kadin-1-yuzuk-tiyatro-oyunu-kervansarayda-sahnelenecek\/#article","isPartOf":{"@id":"https:\/\/denizcankizil.tr\/de\/haberler\/gundem\/4-kadin-1-yuzuk-tiyatro-oyunu-kervansarayda-sahnelenecek\/"},"author":{"name":"admin","@id":"https:\/\/denizcankizil.tr\/de\/#\/schema\/person\/be3c05fe6a12686905512445d8185489"},"headline":"&#8220;4 kad\u0131n 1 y\u00fcz\u00fck&#8221; tiyatro oyunu Kervansaray\u2019da sahnelenecek","datePublished":"2025-04-14T12:42:15+00:00","mainEntityOfPage":{"@id":"https:\/\/denizcankizil.tr\/de\/haberler\/gundem\/4-kadin-1-yuzuk-tiyatro-oyunu-kervansarayda-sahnelenecek\/"},"wordCount":344,"publisher":{"@id":"https:\/\/denizcankizil.tr\/de\/#organization"},"articleSection":["G\u00fcndem"],"inLanguage":"de"},{"@type":"WebPage","@id":"https:\/\/denizcankizil.tr\/de\/haberler\/gundem\/4-kadin-1-yuzuk-tiyatro-oyunu-kervansarayda-sahnelenecek\/","url":"https:\/\/denizcankizil.tr\/de\/haberler\/gundem\/4-kadin-1-yuzuk-tiyatro-oyunu-kervansarayda-sahnelenecek\/","name":"\"4 kad\u0131n 1 y\u00fcz\u00fck\" tiyatro oyunu Kervansaray\u2019da sahnelenecek - Av. Deniz Can K\u0131z\u0131l","isPartOf":{"@id":"https:\/\/denizcankizil.tr\/de\/#website"},"datePublished":"2025-04-14T12:42:15+00:00","breadcrumb":{"@id":"https:\/\/denizcankizil.tr\/de\/haberler\/gundem\/4-kadin-1-yuzuk-tiyatro-oyunu-kervansarayda-sahnelenecek\/#breadcrumb"},"inLanguage":"de","potentialAction":[{"@type":"ReadAction","target":["https:\/\/denizcankizil.tr\/de\/haberler\/gundem\/4-kadin-1-yuzuk-tiyatro-oyunu-kervansarayda-sahnelenecek\/"]}]},{"@type":"BreadcrumbList","@id":"https:\/\/denizcankizil.tr\/de\/haberler\/gundem\/4-kadin-1-yuzuk-tiyatro-oyunu-kervansarayda-sahnelenecek\/#breadcrumb","itemListElement":[{"@type":"ListItem","position":1,"name":"Home","item":"https:\/\/denizcankizil.tr\/de\/"},{"@type":"ListItem","position":2,"name":"&#8220;4 kad\u0131n 1 y\u00fcz\u00fck&#8221; tiyatro oyunu Kervansaray\u2019da sahnelenecek"}]},{"@type":"WebSite","@id":"https:\/\/denizcankizil.tr\/de\/#website","url":"https:\/\/denizcankizil.tr\/de\/","name":"Av. Deniz Can K\u0131z\u0131l","description":"Avukat Deniz Can K\u0131z\u0131l Antalya Barosu","publisher":{"@id":"https:\/\/denizcankizil.tr\/de\/#organization"},"potentialAction":[{"@type":"SearchAction","target":{"@type":"EntryPoint","urlTemplate":"https:\/\/denizcankizil.tr\/de\/?s={search_term_string}"},"query-input":{"@type":"PropertyValueSpecification","valueRequired":true,"valueName":"search_term_string"}}],"inLanguage":"de"},{"@type":"Organization","@id":"https:\/\/denizcankizil.tr\/de\/#organization","name":"Av. Deniz Can K\u0131z\u0131l","url":"https:\/\/denizcankizil.tr\/de\/","logo":{"@type":"ImageObject","inLanguage":"de","@id":"https:\/\/denizcankizil.tr\/de\/#\/schema\/logo\/image\/","url":"https:\/\/denizcankizil.tr\/wp-content\/uploads\/2024\/10\/siyah-logo-svg.svg","contentUrl":"https:\/\/denizcankizil.tr\/wp-content\/uploads\/2024\/10\/siyah-logo-svg.svg","width":1080,"height":1080,"caption":"Av. Deniz Can K\u0131z\u0131l"},"image":{"@id":"https:\/\/denizcankizil.tr\/de\/#\/schema\/logo\/image\/"}},{"@type":"Person","@id":"https:\/\/denizcankizil.tr\/de\/#\/schema\/person\/be3c05fe6a12686905512445d8185489","name":"Administrator","image":{"@type":"ImageObject","inLanguage":"de","@id":"https:\/\/denizcankizil.tr\/de\/#\/schema\/person\/image\/","url":"https:\/\/secure.gravatar.com\/avatar\/c1fce94c830dc79107e174f890d7210541c4a63e8e5d816341794a2151c9d58c?s=96&d=mm&r=g","contentUrl":"https:\/\/secure.gravatar.com\/avatar\/c1fce94c830dc79107e174f890d7210541c4a63e8e5d816341794a2151c9d58c?s=96&d=mm&r=g","caption":"admin"},"sameAs":["http:\/\/denizcankizil.tr"],"url":"https:\/\/www.iskenderun.org\/4-kadin-1-yuzuk-tiyatro-oyunu-kervansarayda-sahnelenecek"}]}},"_links":{"self":[{"href":"https:\/\/denizcankizil.tr\/de\/wp-json\/wp\/v2\/posts\/55470","targetHints":{"allow":["GET"]}}],"collection":[{"href":"https:\/\/denizcankizil.tr\/de\/wp-json\/wp\/v2\/posts"}],"about":[{"href":"https:\/\/denizcankizil.tr\/de\/wp-json\/wp\/v2\/types\/post"}],"author":[{"embeddable":true,"href":"https:\/\/denizcankizil.tr\/de\/wp-json\/wp\/v2\/users\/1"}],"replies":[{"embeddable":true,"href":"https:\/\/denizcankizil.tr\/de\/wp-json\/wp\/v2\/comments?post=55470"}],"version-history":[{"count":0,"href":"https:\/\/denizcankizil.tr\/de\/wp-json\/wp\/v2\/posts\/55470\/revisions"}],"wp:attachment":[{"href":"https:\/\/denizcankizil.tr\/de\/wp-json\/wp\/v2\/media?parent=55470"}],"wp:term":[{"taxonomy":"category","embeddable":true,"href":"https:\/\/denizcankizil.tr\/de\/wp-json\/wp\/v2\/categories?post=55470"},{"taxonomy":"post_tag","embeddable":true,"href":"https:\/\/denizcankizil.tr\/de\/wp-json\/wp\/v2\/tags?post=55470"}],"curies":[{"name":"wp","href":"https:\/\/api.w.org\/{rel}","templated":true}]}}