{"id":55424,"date":"2025-04-14T14:42:27","date_gmt":"2025-04-14T11:42:27","guid":{"rendered":"https:\/\/denizcankizil.tr\/uncategorized-tr\/sinema-atolyesinde-ilk-zil-caldi\/"},"modified":"2025-04-14T14:42:27","modified_gmt":"2025-04-14T11:42:27","slug":"sinema-atolyesinde-ilk-zil-caldi","status":"publish","type":"post","link":"https:\/\/denizcankizil.tr\/de\/haberler\/gundem\/sinema-atolyesinde-ilk-zil-caldi\/","title":{"rendered":"Sinema At\u00f6lyesi\u2019nde ilk zil \u00e7ald\u0131!"},"content":{"rendered":"<p>Sakarya B\u00fcy\u00fck\u015fehir Akademi\u2019de dersler devam ediyor. Sinema At\u00f6lyesi\u2019nin ilk dersinde sinema tarihi enine boyuna konu\u015fuldu. Dr. Do\u011fu\u015fcan G\u00f6ker, \u201c\u0130lk g\u00f6sterilen film, bir trenin gara giri\u015fiydi. Bu g\u00f6r\u00fcnt\u00fc, izleyenleri adeta b\u00fcy\u00fcledi ve baz\u0131lar\u0131n\u0131 korkuttu. \u0130nsanlar, \u00fczerlerine do\u011fru gelen trenin ger\u00e7ekten \u00e7\u0131k\u0131p salona girece\u011fini sand\u0131lar. Bu tepkiyi anlamak kolay; \u00e7\u00fcnk\u00fc o d\u00f6neme kadar b\u00f6yle bir \u015fey hi\u00e7 g\u00f6r\u00fclmemi\u015fti\u201d dedi.SAKARYA (\u0130GFA) &#8211;\u00a0Sakarya B\u00fcy\u00fck\u015fehir Belediyesi K\u00fclt\u00fcr ve Sosyal \u0130\u015fler Dairesi Ba\u015fkanl\u0131\u011f\u0131 taraf\u0131ndan d\u00fczenlenen B\u00fcy\u00fck\u015fehirAkademi, e\u011fitime ve sanata de\u011fer kat\u0131yor.<br \/>\n8 HAFTA S\u00dcRECEK<br \/>\n8 hafta s\u00fcrecek B\u00fcy\u00fck\u015fehir Akademi derslerininsinema at\u00f6lyesi dersinde ilk zil \u00e7ald\u0131. Do\u011fu\u015fcan G\u00f6ker\u2019in sunumuyla kat\u0131l\u0131mc\u0131lar sineman\u0131n b\u00fcy\u00fcl\u00fc d\u00fcnyas\u0131n\u0131, do\u011fu\u015funuT\u00fcrkiye\u2019deki yolculu\u011funu \u00f6\u011frendi.<br \/>\nS\u0130NEMA, MODERN \u0130NSANIN EN B\u00dcY\u00dcK ZAFERLER\u0130NDEN B\u0130R\u0130\u00a0<br \/>\nSineman\u0131n Paris\u2019te ticari para kazanma amac\u0131yla do\u011fdu\u011funu belirten G\u00f6ker, \u201cFoto\u011fraf zaman\u0131 durdururken, sinema zaman\u0131 harekete ge\u00e7iriyordu. Bu fark, sinemay\u0131 \u00e7ok g\u00fc\u00e7l\u00fc bir ara\u00e7 haline getirdi.Bir insan hayat\u0131n\u0131 kaybetse bile g\u00f6r\u00fcnt\u00fcs\u00fc kald\u0131\u011f\u0131 s\u00fcrece ya\u015famaya devam ediyordu. Bu y\u00f6n\u00fcyle sinema, modern insan\u0131n en b\u00fcy\u00fck zaferlerinden biri say\u0131l\u0131r\u201d dedi.\u00a0<br \/>\nS\u0130NEMANIN SAHNEYE \u00c7IKI\u015eI<br \/>\nAnadolu co\u011frafyas\u0131nda ilk sinema salonunun 1908 y\u0131l\u0131nda a\u00e7\u0131ld\u0131\u011f\u0131n\u0131 belirten G\u00f6ker, \u201cSineman\u0131n ilk b\u00fcy\u00fck zaferi ise 1900 y\u0131l\u0131nda, Paris\u2019teki Uluslararas\u0131 Ticaret Fuar\u0131\u2019nda kazan\u0131l\u0131yor. Bu fuarda iki \u015fey \u00f6ne \u00e7\u0131k\u0131yor: Biri sinema, di\u011feri Eyfel Kulesi. Bu etkinlik asl\u0131nda kapitalizmin d\u00fcnyaya ilan\u0131 gibi de okunabilir. Sinema, ilk g\u00fcnden itibaren sadece bir e\u011flence arac\u0131 de\u011fil, ayn\u0131 zamanda bir k\u00fclt\u00fcr, bir g\u00fc\u00e7 g\u00f6sterisi, bir teknoloji harikas\u0131 olarak sahneye \u00e7\u0131kt\u0131\u201d ifadelerini kulland\u0131.<br \/>\nB\u00fcy\u00fck\u015fehir Akademi, bir\u00e7ok alanda ve sanat dal\u0131nda e\u011fitimlerine bu sezon da dolu dizgin devam ediyor. Akademiyle ilgili detayl\u0131 bilgilere www.sakarya.bel.tr adresinden ula\u015f\u0131labiliyor.\u00a0<\/p>\n<p>\u200bSakarya B\u00fcy\u00fck\u015fehir Akademi\u2019de dersler devam ediyor. Sinema At\u00f6lyesi\u2019nin ilk dersinde sinema tarihi enine boyuna konu\u015fuldu. Dr. Do\u011fu\u015fcan G\u00f6ker, \u201c\u0130lk g\u00f6sterilen film, bir trenin gara giri\u015fiydi. Bu g\u00f6r\u00fcnt\u00fc, izleyenleri adeta b\u00fcy\u00fcledi ve baz\u0131lar\u0131n\u0131 korkuttu. \u0130nsanlar, \u00fczerlerine do\u011fru gelen trenin ger\u00e7ekten \u00e7\u0131k\u0131p salona girece\u011fini sand\u0131lar. Bu tepkiyi anlamak kolay; \u00e7\u00fcnk\u00fc o d\u00f6neme kadar b\u00f6yle bir \u015fey hi\u00e7 g\u00f6r\u00fclmemi\u015fti\u201d dedi.SAKARYA (\u0130GFA) &#8211;\u00a0Sakarya B\u00fcy\u00fck\u015fehir Belediyesi K\u00fclt\u00fcr ve Sosyal \u0130\u015fler Dairesi Ba\u015fkanl\u0131\u011f\u0131 taraf\u0131ndan d\u00fczenlenen B\u00fcy\u00fck\u015fehirAkademi, e\u011fitime ve sanata de\u011fer kat\u0131yor.<br \/>\n8 HAFTA S\u00dcRECEK<br \/>\n8 hafta s\u00fcrecek B\u00fcy\u00fck\u015fehir Akademi derslerininsinema at\u00f6lyesi dersinde ilk zil \u00e7ald\u0131. Do\u011fu\u015fcan G\u00f6ker\u2019in sunumuyla kat\u0131l\u0131mc\u0131lar sineman\u0131n b\u00fcy\u00fcl\u00fc d\u00fcnyas\u0131n\u0131, do\u011fu\u015funuT\u00fcrkiye\u2019deki yolculu\u011funu \u00f6\u011frendi.<br \/>\nS\u0130NEMA, MODERN \u0130NSANIN EN B\u00dcY\u00dcK ZAFERLER\u0130NDEN B\u0130R\u0130\u00a0<br \/>\nSineman\u0131n Paris\u2019te ticari para kazanma amac\u0131yla do\u011fdu\u011funu belirten G\u00f6ker, \u201cFoto\u011fraf zaman\u0131 durdururken, sinema zaman\u0131 harekete ge\u00e7iriyordu. Bu fark, sinemay\u0131 \u00e7ok g\u00fc\u00e7l\u00fc bir ara\u00e7 haline getirdi.Bir insan hayat\u0131n\u0131 kaybetse bile g\u00f6r\u00fcnt\u00fcs\u00fc kald\u0131\u011f\u0131 s\u00fcrece ya\u015famaya devam ediyordu. Bu y\u00f6n\u00fcyle sinema, modern insan\u0131n en b\u00fcy\u00fck zaferlerinden biri say\u0131l\u0131r\u201d dedi.\u00a0<br \/>\nS\u0130NEMANIN SAHNEYE \u00c7IKI\u015eI<br \/>\nAnadolu co\u011frafyas\u0131nda ilk sinema salonunun 1908 y\u0131l\u0131nda a\u00e7\u0131ld\u0131\u011f\u0131n\u0131 belirten G\u00f6ker, \u201cSineman\u0131n ilk b\u00fcy\u00fck zaferi ise 1900 y\u0131l\u0131nda, Paris\u2019teki Uluslararas\u0131 Ticaret Fuar\u0131\u2019nda kazan\u0131l\u0131yor. Bu fuarda iki \u015fey \u00f6ne \u00e7\u0131k\u0131yor: Biri sinema, di\u011feri Eyfel Kulesi. Bu etkinlik asl\u0131nda kapitalizmin d\u00fcnyaya ilan\u0131 gibi de okunabilir. Sinema, ilk g\u00fcnden itibaren sadece bir e\u011flence arac\u0131 de\u011fil, ayn\u0131 zamanda bir k\u00fclt\u00fcr, bir g\u00fc\u00e7 g\u00f6sterisi, bir teknoloji harikas\u0131 olarak sahneye \u00e7\u0131kt\u0131\u201d ifadelerini kulland\u0131.<br \/>\nB\u00fcy\u00fck\u015fehir Akademi, bir\u00e7ok alanda ve sanat dal\u0131nda e\u011fitimlerine bu sezon da dolu dizgin devam ediyor. Akademiyle ilgili detayl\u0131 bilgilere www.sakarya.bel.tr adresinden ula\u015f\u0131labiliyor.\u00a0\u00a0<\/p>\n<p>\u200bHaberin Al\u0131nt\u0131land\u0131\u011f\u0131 Kaynak: www.iskenderun.org<\/p>","protected":false},"excerpt":{"rendered":"<p>Sakarya B\u00fcy\u00fck\u015fehir Akademi\u2019de dersler devam ediyor. Sinema At\u00f6lyesi\u2019nin ilk dersinde sinema tarihi enine boyuna konu\u015fuldu. Dr. Do\u011fu\u015fcan G\u00f6ker, \u201c\u0130lk g\u00f6sterilen film, bir trenin gara giri\u015fiydi. Bu g\u00f6r\u00fcnt\u00fc, izleyenleri adeta b\u00fcy\u00fcledi ve baz\u0131lar\u0131n\u0131 korkuttu. \u0130nsanlar, \u00fczerlerine do\u011fru gelen trenin ger\u00e7ekten \u00e7\u0131k\u0131p salona girece\u011fini sand\u0131lar. Bu tepkiyi anlamak kolay; \u00e7\u00fcnk\u00fc o d\u00f6neme kadar b\u00f6yle bir \u015fey hi\u00e7 g\u00f6r\u00fclmemi\u015fti\u201d dedi.SAKARYA (\u0130GFA) &#8211;\u00a0Sakarya B\u00fcy\u00fck\u015fehir Belediyesi K\u00fclt\u00fcr ve Sosyal \u0130\u015fler Dairesi Ba\u015fkanl\u0131\u011f\u0131 taraf\u0131ndan d\u00fczenlenen B\u00fcy\u00fck\u015fehirAkademi, e\u011fitime ve sanata de\u011fer kat\u0131yor. 8 HAFTA S\u00dcRECEK 8 hafta s\u00fcrecek B\u00fcy\u00fck\u015fehir Akademi derslerininsinema at\u00f6lyesi dersinde ilk zil \u00e7ald\u0131. Do\u011fu\u015fcan G\u00f6ker\u2019in sunumuyla kat\u0131l\u0131mc\u0131lar sineman\u0131n b\u00fcy\u00fcl\u00fc d\u00fcnyas\u0131n\u0131, do\u011fu\u015funuT\u00fcrkiye\u2019deki yolculu\u011funu \u00f6\u011frendi. S\u0130NEMA, MODERN \u0130NSANIN EN B\u00dcY\u00dcK ZAFERLER\u0130NDEN B\u0130R\u0130\u00a0 Sineman\u0131n Paris\u2019te ticari para kazanma amac\u0131yla do\u011fdu\u011funu belirten G\u00f6ker, \u201cFoto\u011fraf zaman\u0131 durdururken, sinema zaman\u0131 harekete ge\u00e7iriyordu. Bu fark, sinemay\u0131 \u00e7ok g\u00fc\u00e7l\u00fc bir ara\u00e7 haline getirdi.Bir insan hayat\u0131n\u0131 kaybetse bile g\u00f6r\u00fcnt\u00fcs\u00fc kald\u0131\u011f\u0131 s\u00fcrece ya\u015famaya devam ediyordu. Bu y\u00f6n\u00fcyle sinema, modern insan\u0131n en b\u00fcy\u00fck zaferlerinden biri say\u0131l\u0131r\u201d dedi.\u00a0 S\u0130NEMANIN SAHNEYE \u00c7IKI\u015eI Anadolu co\u011frafyas\u0131nda ilk sinema salonunun 1908 y\u0131l\u0131nda a\u00e7\u0131ld\u0131\u011f\u0131n\u0131 belirten G\u00f6ker, \u201cSineman\u0131n ilk b\u00fcy\u00fck zaferi ise 1900 y\u0131l\u0131nda, Paris\u2019teki Uluslararas\u0131 Ticaret Fuar\u0131\u2019nda kazan\u0131l\u0131yor. Bu fuarda iki \u015fey \u00f6ne \u00e7\u0131k\u0131yor: Biri sinema, di\u011feri Eyfel Kulesi. Bu etkinlik asl\u0131nda kapitalizmin d\u00fcnyaya ilan\u0131 gibi de okunabilir. Sinema, ilk g\u00fcnden &hellip;<\/p>","protected":false},"author":1,"featured_media":0,"comment_status":"","ping_status":"open","sticky":false,"template":"","format":"standard","meta":{"_acf_changed":false,"footnotes":""},"categories":[24],"tags":[],"class_list":["post-55424","post","type-post","status-publish","format-standard","has-post-thumbnail","hentry","category-gundem"],"acf":[],"yoast_head":"<!-- This site is optimized with the Yoast SEO Premium plugin v26.6 (Yoast SEO v27.1.1) - https:\/\/yoast.com\/product\/yoast-seo-premium-wordpress\/ -->\n<title>Sinema At\u00f6lyesi\u2019nde ilk zil \u00e7ald\u0131! - Av. Deniz Can K\u0131z\u0131l<\/title>\n<meta name=\"robots\" content=\"index, follow, max-snippet:-1, max-image-preview:large, max-video-preview:-1\" \/>\n<link rel=\"canonical\" href=\"https:\/\/denizcankizil.tr\/de\/haberler\/gundem\/sinema-atolyesinde-ilk-zil-caldi\/\" \/>\n<meta property=\"og:locale\" content=\"de_DE\" \/>\n<meta property=\"og:type\" content=\"article\" \/>\n<meta property=\"og:title\" content=\"Sinema At\u00f6lyesi\u2019nde ilk zil \u00e7ald\u0131!\" \/>\n<meta property=\"og:description\" content=\"Sakarya B\u00fcy\u00fck\u015fehir Akademi\u2019de dersler devam ediyor. Sinema At\u00f6lyesi\u2019nin ilk dersinde sinema tarihi enine boyuna konu\u015fuldu. Dr. Do\u011fu\u015fcan G\u00f6ker, \u201c\u0130lk g\u00f6sterilen film, bir trenin gara giri\u015fiydi. Bu g\u00f6r\u00fcnt\u00fc, izleyenleri adeta b\u00fcy\u00fcledi ve baz\u0131lar\u0131n\u0131 korkuttu. \u0130nsanlar, \u00fczerlerine do\u011fru gelen trenin ger\u00e7ekten \u00e7\u0131k\u0131p salona girece\u011fini sand\u0131lar. Bu tepkiyi anlamak kolay; \u00e7\u00fcnk\u00fc o d\u00f6neme kadar b\u00f6yle bir \u015fey hi\u00e7 g\u00f6r\u00fclmemi\u015fti\u201d dedi.SAKARYA (\u0130GFA) &#8211;\u00a0Sakarya B\u00fcy\u00fck\u015fehir Belediyesi K\u00fclt\u00fcr ve Sosyal \u0130\u015fler Dairesi Ba\u015fkanl\u0131\u011f\u0131 taraf\u0131ndan d\u00fczenlenen B\u00fcy\u00fck\u015fehirAkademi, e\u011fitime ve sanata de\u011fer kat\u0131yor. 8 HAFTA S\u00dcRECEK 8 hafta s\u00fcrecek B\u00fcy\u00fck\u015fehir Akademi derslerininsinema at\u00f6lyesi dersinde ilk zil \u00e7ald\u0131. Do\u011fu\u015fcan G\u00f6ker\u2019in sunumuyla kat\u0131l\u0131mc\u0131lar sineman\u0131n b\u00fcy\u00fcl\u00fc d\u00fcnyas\u0131n\u0131, do\u011fu\u015funuT\u00fcrkiye\u2019deki yolculu\u011funu \u00f6\u011frendi. S\u0130NEMA, MODERN \u0130NSANIN EN B\u00dcY\u00dcK ZAFERLER\u0130NDEN B\u0130R\u0130\u00a0 Sineman\u0131n Paris\u2019te ticari para kazanma amac\u0131yla do\u011fdu\u011funu belirten G\u00f6ker, \u201cFoto\u011fraf zaman\u0131 durdururken, sinema zaman\u0131 harekete ge\u00e7iriyordu. Bu fark, sinemay\u0131 \u00e7ok g\u00fc\u00e7l\u00fc bir ara\u00e7 haline getirdi.Bir insan hayat\u0131n\u0131 kaybetse bile g\u00f6r\u00fcnt\u00fcs\u00fc kald\u0131\u011f\u0131 s\u00fcrece ya\u015famaya devam ediyordu. Bu y\u00f6n\u00fcyle sinema, modern insan\u0131n en b\u00fcy\u00fck zaferlerinden biri say\u0131l\u0131r\u201d dedi.\u00a0 S\u0130NEMANIN SAHNEYE \u00c7IKI\u015eI Anadolu co\u011frafyas\u0131nda ilk sinema salonunun 1908 y\u0131l\u0131nda a\u00e7\u0131ld\u0131\u011f\u0131n\u0131 belirten G\u00f6ker, \u201cSineman\u0131n ilk b\u00fcy\u00fck zaferi ise 1900 y\u0131l\u0131nda, Paris\u2019teki Uluslararas\u0131 Ticaret Fuar\u0131\u2019nda kazan\u0131l\u0131yor. Bu fuarda iki \u015fey \u00f6ne \u00e7\u0131k\u0131yor: Biri sinema, di\u011feri Eyfel Kulesi. Bu etkinlik asl\u0131nda kapitalizmin d\u00fcnyaya ilan\u0131 gibi de okunabilir. Sinema, ilk g\u00fcnden &hellip;\" \/>\n<meta property=\"og:url\" content=\"https:\/\/denizcankizil.tr\/de\/haberler\/gundem\/sinema-atolyesinde-ilk-zil-caldi\/\" \/>\n<meta property=\"og:site_name\" content=\"Av. Deniz Can K\u0131z\u0131l\" \/>\n<meta property=\"article:published_time\" content=\"2025-04-14T11:42:27+00:00\" \/>\n<meta name=\"author\" content=\"admin\" \/>\n<meta name=\"twitter:card\" content=\"summary_large_image\" \/>\n<meta name=\"twitter:label1\" content=\"Verfasst von\" \/>\n\t<meta name=\"twitter:data1\" content=\"admin\" \/>\n\t<meta name=\"twitter:label2\" content=\"Gesch\u00e4tzte Lesezeit\" \/>\n\t<meta name=\"twitter:data2\" content=\"4\u00a0Minuten\" \/>\n<script type=\"application\/ld+json\" class=\"yoast-schema-graph\">{\"@context\":\"https:\/\/schema.org\",\"@graph\":[{\"@type\":\"Article\",\"@id\":\"https:\/\/denizcankizil.tr\/de\/haberler\/gundem\/sinema-atolyesinde-ilk-zil-caldi\/#article\",\"isPartOf\":{\"@id\":\"https:\/\/denizcankizil.tr\/de\/haberler\/gundem\/sinema-atolyesinde-ilk-zil-caldi\/\"},\"author\":{\"name\":\"admin\",\"@id\":\"https:\/\/denizcankizil.tr\/#\/schema\/person\/be3c05fe6a12686905512445d8185489\"},\"headline\":\"Sinema At\u00f6lyesi\u2019nde ilk zil \u00e7ald\u0131!\",\"datePublished\":\"2025-04-14T11:42:27+00:00\",\"mainEntityOfPage\":{\"@id\":\"https:\/\/denizcankizil.tr\/de\/haberler\/gundem\/sinema-atolyesinde-ilk-zil-caldi\/\"},\"wordCount\":759,\"publisher\":{\"@id\":\"https:\/\/denizcankizil.tr\/#organization\"},\"articleSection\":[\"G\u00fcndem\"],\"inLanguage\":\"de\"},{\"@type\":\"WebPage\",\"@id\":\"https:\/\/denizcankizil.tr\/de\/haberler\/gundem\/sinema-atolyesinde-ilk-zil-caldi\/\",\"url\":\"https:\/\/denizcankizil.tr\/de\/haberler\/gundem\/sinema-atolyesinde-ilk-zil-caldi\/\",\"name\":\"Sinema At\u00f6lyesi\u2019nde ilk zil \u00e7ald\u0131! - Av. Deniz Can K\u0131z\u0131l\",\"isPartOf\":{\"@id\":\"https:\/\/denizcankizil.tr\/#website\"},\"datePublished\":\"2025-04-14T11:42:27+00:00\",\"breadcrumb\":{\"@id\":\"https:\/\/denizcankizil.tr\/de\/haberler\/gundem\/sinema-atolyesinde-ilk-zil-caldi\/#breadcrumb\"},\"inLanguage\":\"de\",\"potentialAction\":[{\"@type\":\"ReadAction\",\"target\":[\"https:\/\/denizcankizil.tr\/de\/haberler\/gundem\/sinema-atolyesinde-ilk-zil-caldi\/\"]}]},{\"@type\":\"BreadcrumbList\",\"@id\":\"https:\/\/denizcankizil.tr\/de\/haberler\/gundem\/sinema-atolyesinde-ilk-zil-caldi\/#breadcrumb\",\"itemListElement\":[{\"@type\":\"ListItem\",\"position\":1,\"name\":\"Home\",\"item\":\"https:\/\/denizcankizil.tr\/de\/\"},{\"@type\":\"ListItem\",\"position\":2,\"name\":\"Sinema At\u00f6lyesi\u2019nde ilk zil \u00e7ald\u0131!\"}]},{\"@type\":\"WebSite\",\"@id\":\"https:\/\/denizcankizil.tr\/#website\",\"url\":\"https:\/\/denizcankizil.tr\/\",\"name\":\"Av. Deniz Can K\u0131z\u0131l\",\"description\":\"Avukat Deniz Can K\u0131z\u0131l Antalya Barosu\",\"publisher\":{\"@id\":\"https:\/\/denizcankizil.tr\/#organization\"},\"potentialAction\":[{\"@type\":\"SearchAction\",\"target\":{\"@type\":\"EntryPoint\",\"urlTemplate\":\"https:\/\/denizcankizil.tr\/?s={search_term_string}\"},\"query-input\":{\"@type\":\"PropertyValueSpecification\",\"valueRequired\":true,\"valueName\":\"search_term_string\"}}],\"inLanguage\":\"de\"},{\"@type\":\"Organization\",\"@id\":\"https:\/\/denizcankizil.tr\/#organization\",\"name\":\"Av. Deniz Can K\u0131z\u0131l\",\"url\":\"https:\/\/denizcankizil.tr\/\",\"logo\":{\"@type\":\"ImageObject\",\"inLanguage\":\"de\",\"@id\":\"https:\/\/denizcankizil.tr\/#\/schema\/logo\/image\/\",\"url\":\"https:\/\/denizcankizil.tr\/wp-content\/uploads\/2024\/10\/siyah-logo-svg.svg\",\"contentUrl\":\"https:\/\/denizcankizil.tr\/wp-content\/uploads\/2024\/10\/siyah-logo-svg.svg\",\"width\":1080,\"height\":1080,\"caption\":\"Av. Deniz Can K\u0131z\u0131l\"},\"image\":{\"@id\":\"https:\/\/denizcankizil.tr\/#\/schema\/logo\/image\/\"}},{\"@type\":\"Person\",\"@id\":\"https:\/\/denizcankizil.tr\/#\/schema\/person\/be3c05fe6a12686905512445d8185489\",\"name\":\"admin\",\"image\":{\"@type\":\"ImageObject\",\"inLanguage\":\"de\",\"@id\":\"https:\/\/denizcankizil.tr\/#\/schema\/person\/image\/\",\"url\":\"https:\/\/secure.gravatar.com\/avatar\/c1fce94c830dc79107e174f890d7210541c4a63e8e5d816341794a2151c9d58c?s=96&d=mm&r=g\",\"contentUrl\":\"https:\/\/secure.gravatar.com\/avatar\/c1fce94c830dc79107e174f890d7210541c4a63e8e5d816341794a2151c9d58c?s=96&d=mm&r=g\",\"caption\":\"admin\"},\"sameAs\":[\"http:\/\/denizcankizil.tr\"],\"url\":\"https:\/\/www.iskenderun.org\/sinema-atolyesinde-ilk-zil-caldi\"}]}<\/script>\n<!-- \/ Yoast SEO Premium plugin. -->","yoast_head_json":{"title":"Sinema At\u00f6lyesi\u2019nde ilk zil \u00e7ald\u0131! - Av. Deniz Can K\u0131z\u0131l","robots":{"index":"index","follow":"follow","max-snippet":"max-snippet:-1","max-image-preview":"max-image-preview:large","max-video-preview":"max-video-preview:-1"},"canonical":"https:\/\/denizcankizil.tr\/de\/haberler\/gundem\/sinema-atolyesinde-ilk-zil-caldi\/","og_locale":"de_DE","og_type":"article","og_title":"Sinema At\u00f6lyesi\u2019nde ilk zil \u00e7ald\u0131!","og_description":"Sakarya B\u00fcy\u00fck\u015fehir Akademi\u2019de dersler devam ediyor. Sinema At\u00f6lyesi\u2019nin ilk dersinde sinema tarihi enine boyuna konu\u015fuldu. Dr. Do\u011fu\u015fcan G\u00f6ker, \u201c\u0130lk g\u00f6sterilen film, bir trenin gara giri\u015fiydi. Bu g\u00f6r\u00fcnt\u00fc, izleyenleri adeta b\u00fcy\u00fcledi ve baz\u0131lar\u0131n\u0131 korkuttu. \u0130nsanlar, \u00fczerlerine do\u011fru gelen trenin ger\u00e7ekten \u00e7\u0131k\u0131p salona girece\u011fini sand\u0131lar. Bu tepkiyi anlamak kolay; \u00e7\u00fcnk\u00fc o d\u00f6neme kadar b\u00f6yle bir \u015fey hi\u00e7 g\u00f6r\u00fclmemi\u015fti\u201d dedi.SAKARYA (\u0130GFA) &#8211;\u00a0Sakarya B\u00fcy\u00fck\u015fehir Belediyesi K\u00fclt\u00fcr ve Sosyal \u0130\u015fler Dairesi Ba\u015fkanl\u0131\u011f\u0131 taraf\u0131ndan d\u00fczenlenen B\u00fcy\u00fck\u015fehirAkademi, e\u011fitime ve sanata de\u011fer kat\u0131yor. 8 HAFTA S\u00dcRECEK 8 hafta s\u00fcrecek B\u00fcy\u00fck\u015fehir Akademi derslerininsinema at\u00f6lyesi dersinde ilk zil \u00e7ald\u0131. Do\u011fu\u015fcan G\u00f6ker\u2019in sunumuyla kat\u0131l\u0131mc\u0131lar sineman\u0131n b\u00fcy\u00fcl\u00fc d\u00fcnyas\u0131n\u0131, do\u011fu\u015funuT\u00fcrkiye\u2019deki yolculu\u011funu \u00f6\u011frendi. S\u0130NEMA, MODERN \u0130NSANIN EN B\u00dcY\u00dcK ZAFERLER\u0130NDEN B\u0130R\u0130\u00a0 Sineman\u0131n Paris\u2019te ticari para kazanma amac\u0131yla do\u011fdu\u011funu belirten G\u00f6ker, \u201cFoto\u011fraf zaman\u0131 durdururken, sinema zaman\u0131 harekete ge\u00e7iriyordu. Bu fark, sinemay\u0131 \u00e7ok g\u00fc\u00e7l\u00fc bir ara\u00e7 haline getirdi.Bir insan hayat\u0131n\u0131 kaybetse bile g\u00f6r\u00fcnt\u00fcs\u00fc kald\u0131\u011f\u0131 s\u00fcrece ya\u015famaya devam ediyordu. Bu y\u00f6n\u00fcyle sinema, modern insan\u0131n en b\u00fcy\u00fck zaferlerinden biri say\u0131l\u0131r\u201d dedi.\u00a0 S\u0130NEMANIN SAHNEYE \u00c7IKI\u015eI Anadolu co\u011frafyas\u0131nda ilk sinema salonunun 1908 y\u0131l\u0131nda a\u00e7\u0131ld\u0131\u011f\u0131n\u0131 belirten G\u00f6ker, \u201cSineman\u0131n ilk b\u00fcy\u00fck zaferi ise 1900 y\u0131l\u0131nda, Paris\u2019teki Uluslararas\u0131 Ticaret Fuar\u0131\u2019nda kazan\u0131l\u0131yor. Bu fuarda iki \u015fey \u00f6ne \u00e7\u0131k\u0131yor: Biri sinema, di\u011feri Eyfel Kulesi. Bu etkinlik asl\u0131nda kapitalizmin d\u00fcnyaya ilan\u0131 gibi de okunabilir. Sinema, ilk g\u00fcnden &hellip;","og_url":"https:\/\/denizcankizil.tr\/de\/haberler\/gundem\/sinema-atolyesinde-ilk-zil-caldi\/","og_site_name":"Av. Deniz Can K\u0131z\u0131l","article_published_time":"2025-04-14T11:42:27+00:00","author":"admin","twitter_card":"summary_large_image","twitter_misc":{"Verfasst von":"admin","Gesch\u00e4tzte Lesezeit":"4\u00a0Minuten"},"schema":{"@context":"https:\/\/schema.org","@graph":[{"@type":"Article","@id":"https:\/\/denizcankizil.tr\/de\/haberler\/gundem\/sinema-atolyesinde-ilk-zil-caldi\/#article","isPartOf":{"@id":"https:\/\/denizcankizil.tr\/de\/haberler\/gundem\/sinema-atolyesinde-ilk-zil-caldi\/"},"author":{"name":"admin","@id":"https:\/\/denizcankizil.tr\/#\/schema\/person\/be3c05fe6a12686905512445d8185489"},"headline":"Sinema At\u00f6lyesi\u2019nde ilk zil \u00e7ald\u0131!","datePublished":"2025-04-14T11:42:27+00:00","mainEntityOfPage":{"@id":"https:\/\/denizcankizil.tr\/de\/haberler\/gundem\/sinema-atolyesinde-ilk-zil-caldi\/"},"wordCount":759,"publisher":{"@id":"https:\/\/denizcankizil.tr\/#organization"},"articleSection":["G\u00fcndem"],"inLanguage":"de"},{"@type":"WebPage","@id":"https:\/\/denizcankizil.tr\/de\/haberler\/gundem\/sinema-atolyesinde-ilk-zil-caldi\/","url":"https:\/\/denizcankizil.tr\/de\/haberler\/gundem\/sinema-atolyesinde-ilk-zil-caldi\/","name":"Sinema At\u00f6lyesi\u2019nde ilk zil \u00e7ald\u0131! - Av. Deniz Can K\u0131z\u0131l","isPartOf":{"@id":"https:\/\/denizcankizil.tr\/#website"},"datePublished":"2025-04-14T11:42:27+00:00","breadcrumb":{"@id":"https:\/\/denizcankizil.tr\/de\/haberler\/gundem\/sinema-atolyesinde-ilk-zil-caldi\/#breadcrumb"},"inLanguage":"de","potentialAction":[{"@type":"ReadAction","target":["https:\/\/denizcankizil.tr\/de\/haberler\/gundem\/sinema-atolyesinde-ilk-zil-caldi\/"]}]},{"@type":"BreadcrumbList","@id":"https:\/\/denizcankizil.tr\/de\/haberler\/gundem\/sinema-atolyesinde-ilk-zil-caldi\/#breadcrumb","itemListElement":[{"@type":"ListItem","position":1,"name":"Home","item":"https:\/\/denizcankizil.tr\/de\/"},{"@type":"ListItem","position":2,"name":"Sinema At\u00f6lyesi\u2019nde ilk zil \u00e7ald\u0131!"}]},{"@type":"WebSite","@id":"https:\/\/denizcankizil.tr\/#website","url":"https:\/\/denizcankizil.tr\/","name":"Av. Deniz Can K\u0131z\u0131l","description":"Avukat Deniz Can K\u0131z\u0131l Antalya Barosu","publisher":{"@id":"https:\/\/denizcankizil.tr\/#organization"},"potentialAction":[{"@type":"SearchAction","target":{"@type":"EntryPoint","urlTemplate":"https:\/\/denizcankizil.tr\/?s={search_term_string}"},"query-input":{"@type":"PropertyValueSpecification","valueRequired":true,"valueName":"search_term_string"}}],"inLanguage":"de"},{"@type":"Organization","@id":"https:\/\/denizcankizil.tr\/#organization","name":"Av. Deniz Can K\u0131z\u0131l","url":"https:\/\/denizcankizil.tr\/","logo":{"@type":"ImageObject","inLanguage":"de","@id":"https:\/\/denizcankizil.tr\/#\/schema\/logo\/image\/","url":"https:\/\/denizcankizil.tr\/wp-content\/uploads\/2024\/10\/siyah-logo-svg.svg","contentUrl":"https:\/\/denizcankizil.tr\/wp-content\/uploads\/2024\/10\/siyah-logo-svg.svg","width":1080,"height":1080,"caption":"Av. Deniz Can K\u0131z\u0131l"},"image":{"@id":"https:\/\/denizcankizil.tr\/#\/schema\/logo\/image\/"}},{"@type":"Person","@id":"https:\/\/denizcankizil.tr\/#\/schema\/person\/be3c05fe6a12686905512445d8185489","name":"Administrator","image":{"@type":"ImageObject","inLanguage":"de","@id":"https:\/\/denizcankizil.tr\/#\/schema\/person\/image\/","url":"https:\/\/secure.gravatar.com\/avatar\/c1fce94c830dc79107e174f890d7210541c4a63e8e5d816341794a2151c9d58c?s=96&d=mm&r=g","contentUrl":"https:\/\/secure.gravatar.com\/avatar\/c1fce94c830dc79107e174f890d7210541c4a63e8e5d816341794a2151c9d58c?s=96&d=mm&r=g","caption":"admin"},"sameAs":["http:\/\/denizcankizil.tr"],"url":"https:\/\/www.iskenderun.org\/sinema-atolyesinde-ilk-zil-caldi"}]}},"_links":{"self":[{"href":"https:\/\/denizcankizil.tr\/de\/wp-json\/wp\/v2\/posts\/55424","targetHints":{"allow":["GET"]}}],"collection":[{"href":"https:\/\/denizcankizil.tr\/de\/wp-json\/wp\/v2\/posts"}],"about":[{"href":"https:\/\/denizcankizil.tr\/de\/wp-json\/wp\/v2\/types\/post"}],"author":[{"embeddable":true,"href":"https:\/\/denizcankizil.tr\/de\/wp-json\/wp\/v2\/users\/1"}],"replies":[{"embeddable":true,"href":"https:\/\/denizcankizil.tr\/de\/wp-json\/wp\/v2\/comments?post=55424"}],"version-history":[{"count":0,"href":"https:\/\/denizcankizil.tr\/de\/wp-json\/wp\/v2\/posts\/55424\/revisions"}],"wp:attachment":[{"href":"https:\/\/denizcankizil.tr\/de\/wp-json\/wp\/v2\/media?parent=55424"}],"wp:term":[{"taxonomy":"category","embeddable":true,"href":"https:\/\/denizcankizil.tr\/de\/wp-json\/wp\/v2\/categories?post=55424"},{"taxonomy":"post_tag","embeddable":true,"href":"https:\/\/denizcankizil.tr\/de\/wp-json\/wp\/v2\/tags?post=55424"}],"curies":[{"name":"wp","href":"https:\/\/api.w.org\/{rel}","templated":true}]}}