{"id":55156,"date":"2025-04-14T08:42:08","date_gmt":"2025-04-14T05:42:08","guid":{"rendered":"https:\/\/denizcankizil.tr\/uncategorized-tr\/es-zamanli-uclu-pist-devreye-giriyor\/"},"modified":"2025-04-14T08:42:08","modified_gmt":"2025-04-14T05:42:08","slug":"es-zamanli-uclu-pist-devreye-giriyor","status":"publish","type":"post","link":"https:\/\/denizcankizil.tr\/de\/haberler\/gundem\/es-zamanli-uclu-pist-devreye-giriyor\/","title":{"rendered":"&#8216;E\u015f zamanl\u0131 \u00fc\u00e7l\u00fc pist&#8217; devreye giriyor"},"content":{"rendered":"<p>\u0130stanbul Havaliman\u0131\u2019nda mevcut pistlerin kullan\u0131m\u0131n\u0131 en verimli hale getirecek &#8216;E\u015f Zamanl\u0131 \u00dc\u00e7l\u00fc Ba\u011f\u0131ms\u0131z Pist Operasyonlar\u0131&#8217; uygulamas\u0131 17 Nisan Per\u015fembe g\u00fcn\u00fc saat 10.00\u2019da ba\u015flayacak.ANKARA (\u0130GFA) &#8211; \u00dc\u00e7l\u00fc Ba\u011f\u0131ms\u0131z Pist Operasyonu\u2019nun e\u015f zamanl\u0131 olarak \u00fc\u00e7 u\u00e7a\u011f\u0131n ini\u015f yapmas\u0131na ve \u00fc\u00e7 u\u00e7a\u011f\u0131n kalk\u0131\u015f yapmas\u0131na olanak sa\u011flayan bir operasyon oldu\u011funu belirten Ula\u015ft\u0131rma ve Altyap\u0131 Bakan\u0131 Abdulkadir Uralo\u011flu, \u0130stanbul Havaliman\u0131\u2019nda \u201cE\u015f Zamanl\u0131 \u00dc\u00e7l\u00fc Ba\u011f\u0131ms\u0131z Pist Operasyonlar\u0131\u201d uygulamas\u0131n\u0131n 17 Nisan Per\u015fembe g\u00fcn\u00fc saat 10.00\u2019da ba\u015flayaca\u011f\u0131n\u0131 a\u00e7\u0131klad\u0131.<br \/>\nBakan Uralo\u011flu, Avrupa\u2019da uygulamay\u0131 hayata ge\u00e7iren ilk \u00fclke T\u00fcrkiye olaca\u011f\u0131n\u0131 s\u00f6yledi. S\u00f6z konusu sistemle \u0130stanbul Havaliman\u0131\u2019na ayn\u0131 anda \u00fc\u00e7 u\u00e7ak ini\u015f yapabilece\u011fini kaydeden Bakan Uralo\u011flu, \u00dc\u00e7l\u00fc Ba\u011f\u0131ms\u0131z Pist Operasyonu ile \u0130stanbul Havaliman\u0131\u2019n\u0131n trafik ak\u0131\u015f\u0131 h\u0131zlanacak ve dinamik kapasitesinin artaca\u011f\u0131n\u0131 belirtti.<br \/>\n2022&#8217;DEN BU YANA YO\u011eUN \u00c7ALI\u015eMA Y\u00dcR\u00dcT\u00dcLD\u00dc<br \/>\nBakan Uralo\u011flu, projenin \u00e7al\u0131\u015fmalar\u0131na 2022 y\u0131l\u0131n\u0131n son \u00e7eyre\u011finde ba\u015fland\u0131\u011f\u0131n\u0131, 2023 ve 2024 y\u0131llar\u0131nda Eurocontrol, Devlet Hava Meydanlar\u0131 \u0130\u015fletmesi, Sivil Havac\u0131l\u0131k Genel M\u00fcd\u00fcrl\u00fc\u011f\u00fc ve T\u00fcrk Hava Yollar\u0131 i\u015f birli\u011fiyle toplant\u0131lar, risk analizleri, emniyet \u00e7al\u0131\u015fmalar\u0131 ve sim\u00fclasyonlar ger\u00e7ekle\u015ftirildi\u011fini belirtti.<br \/>\nEurocontrol taraf\u0131ndan haz\u0131rlanan emniyet analiz raporu do\u011frultusunda gerekli t\u00fcm haz\u0131rl\u0131klar\u0131n tamamland\u0131\u011f\u0131n\u0131 s\u00f6yleyen Uralo\u011flu, \u201cYeni hava sahas\u0131 tasar\u0131m\u0131 yap\u0131ld\u0131, kontrol sistemleri \u00fc\u00e7l\u00fc operasyonlara uygun hale getirildi, havayolu \u015firketleri bilgilendirildi. Hava Trafik Kontrol\u00f6rlerimize yerli ve milli sim\u00fclat\u00f6r\u00fcm\u00fczle e\u011fitimler verildi.\u201d bilgisini verdi.<br \/>\n\u0130STANBUL HAVAL\u0130MANI\u2019NIN AVRUPA\u2019DAK\u0130 KONUMU G\u00dc\u00c7LENECEK<br \/>\nUralo\u011flu, uygulaman\u0131n ba\u015flamas\u0131yla \u0130stanbul Havaliman\u0131\u2019n\u0131n Avrupa\u2019daki konumunun daha da g\u00fc\u00e7lenece\u011fini belirtti. EUROCONTROL 26 Mart 2025 tarihli Avrupa Havac\u0131l\u0131k Genel Bak\u0131\u015f Raporuna g\u00f6re 17 Mart \u2013 23 Mart 2025 d\u00f6nemi hava trafik istatistiklerine g\u00f6re, \u0130stanbul Havaliman\u0131\u2019nda g\u00fcnl\u00fck ortalama bin 326 u\u00e7u\u015f ger\u00e7ekle\u015fti\u011fini belirten Uralo\u011flu, \u201c\u0130stanbul Havaliman\u0131m\u0131z y\u0131llard\u0131r Avrupa\u2019n\u0131n en yo\u011fun havaliman\u0131 konumunda.\u201d dedi.<\/p>\n<p>\u200b\u0130stanbul Havaliman\u0131\u2019nda mevcut pistlerin kullan\u0131m\u0131n\u0131 en verimli hale getirecek &#8216;E\u015f Zamanl\u0131 \u00dc\u00e7l\u00fc Ba\u011f\u0131ms\u0131z Pist Operasyonlar\u0131&#8217; uygulamas\u0131 17 Nisan Per\u015fembe g\u00fcn\u00fc saat 10.00\u2019da ba\u015flayacak.ANKARA (\u0130GFA) &#8211; \u00dc\u00e7l\u00fc Ba\u011f\u0131ms\u0131z Pist Operasyonu\u2019nun e\u015f zamanl\u0131 olarak \u00fc\u00e7 u\u00e7a\u011f\u0131n ini\u015f yapmas\u0131na ve \u00fc\u00e7 u\u00e7a\u011f\u0131n kalk\u0131\u015f yapmas\u0131na olanak sa\u011flayan bir operasyon oldu\u011funu belirten Ula\u015ft\u0131rma ve Altyap\u0131 Bakan\u0131 Abdulkadir Uralo\u011flu, \u0130stanbul Havaliman\u0131\u2019nda \u201cE\u015f Zamanl\u0131 \u00dc\u00e7l\u00fc Ba\u011f\u0131ms\u0131z Pist Operasyonlar\u0131\u201d uygulamas\u0131n\u0131n 17 Nisan Per\u015fembe g\u00fcn\u00fc saat 10.00\u2019da ba\u015flayaca\u011f\u0131n\u0131 a\u00e7\u0131klad\u0131.<br \/>\nBakan Uralo\u011flu, Avrupa\u2019da uygulamay\u0131 hayata ge\u00e7iren ilk \u00fclke T\u00fcrkiye olaca\u011f\u0131n\u0131 s\u00f6yledi. S\u00f6z konusu sistemle \u0130stanbul Havaliman\u0131\u2019na ayn\u0131 anda \u00fc\u00e7 u\u00e7ak ini\u015f yapabilece\u011fini kaydeden Bakan Uralo\u011flu, \u00dc\u00e7l\u00fc Ba\u011f\u0131ms\u0131z Pist Operasyonu ile \u0130stanbul Havaliman\u0131\u2019n\u0131n trafik ak\u0131\u015f\u0131 h\u0131zlanacak ve dinamik kapasitesinin artaca\u011f\u0131n\u0131 belirtti.<br \/>\n2022&#8217;DEN BU YANA YO\u011eUN \u00c7ALI\u015eMA Y\u00dcR\u00dcT\u00dcLD\u00dc<br \/>\nBakan Uralo\u011flu, projenin \u00e7al\u0131\u015fmalar\u0131na 2022 y\u0131l\u0131n\u0131n son \u00e7eyre\u011finde ba\u015fland\u0131\u011f\u0131n\u0131, 2023 ve 2024 y\u0131llar\u0131nda Eurocontrol, Devlet Hava Meydanlar\u0131 \u0130\u015fletmesi, Sivil Havac\u0131l\u0131k Genel M\u00fcd\u00fcrl\u00fc\u011f\u00fc ve T\u00fcrk Hava Yollar\u0131 i\u015f birli\u011fiyle toplant\u0131lar, risk analizleri, emniyet \u00e7al\u0131\u015fmalar\u0131 ve sim\u00fclasyonlar ger\u00e7ekle\u015ftirildi\u011fini belirtti.<br \/>\nEurocontrol taraf\u0131ndan haz\u0131rlanan emniyet analiz raporu do\u011frultusunda gerekli t\u00fcm haz\u0131rl\u0131klar\u0131n tamamland\u0131\u011f\u0131n\u0131 s\u00f6yleyen Uralo\u011flu, \u201cYeni hava sahas\u0131 tasar\u0131m\u0131 yap\u0131ld\u0131, kontrol sistemleri \u00fc\u00e7l\u00fc operasyonlara uygun hale getirildi, havayolu \u015firketleri bilgilendirildi. Hava Trafik Kontrol\u00f6rlerimize yerli ve milli sim\u00fclat\u00f6r\u00fcm\u00fczle e\u011fitimler verildi.\u201d bilgisini verdi.<br \/>\n\u0130STANBUL HAVAL\u0130MANI\u2019NIN AVRUPA\u2019DAK\u0130 KONUMU G\u00dc\u00c7LENECEK<br \/>\nUralo\u011flu, uygulaman\u0131n ba\u015flamas\u0131yla \u0130stanbul Havaliman\u0131\u2019n\u0131n Avrupa\u2019daki konumunun daha da g\u00fc\u00e7lenece\u011fini belirtti. EUROCONTROL 26 Mart 2025 tarihli Avrupa Havac\u0131l\u0131k Genel Bak\u0131\u015f Raporuna g\u00f6re 17 Mart \u2013 23 Mart 2025 d\u00f6nemi hava trafik istatistiklerine g\u00f6re, \u0130stanbul Havaliman\u0131\u2019nda g\u00fcnl\u00fck ortalama bin 326 u\u00e7u\u015f ger\u00e7ekle\u015fti\u011fini belirten Uralo\u011flu, \u201c\u0130stanbul Havaliman\u0131m\u0131z y\u0131llard\u0131r Avrupa\u2019n\u0131n en yo\u011fun havaliman\u0131 konumunda.\u201d dedi.\u00a0<\/p>\n<p>\u200bHaberin Al\u0131nt\u0131land\u0131\u011f\u0131 Kaynak: www.iskenderun.org<\/p>","protected":false},"excerpt":{"rendered":"<p>\u0130stanbul Havaliman\u0131\u2019nda mevcut pistlerin kullan\u0131m\u0131n\u0131 en verimli hale getirecek &#8216;E\u015f Zamanl\u0131 \u00dc\u00e7l\u00fc Ba\u011f\u0131ms\u0131z Pist Operasyonlar\u0131&#8217; uygulamas\u0131 17 Nisan Per\u015fembe g\u00fcn\u00fc saat 10.00\u2019da ba\u015flayacak.ANKARA (\u0130GFA) &#8211; \u00dc\u00e7l\u00fc Ba\u011f\u0131ms\u0131z Pist Operasyonu\u2019nun e\u015f zamanl\u0131 olarak \u00fc\u00e7 u\u00e7a\u011f\u0131n ini\u015f yapmas\u0131na ve \u00fc\u00e7 u\u00e7a\u011f\u0131n kalk\u0131\u015f yapmas\u0131na olanak sa\u011flayan bir operasyon oldu\u011funu belirten Ula\u015ft\u0131rma ve Altyap\u0131 Bakan\u0131 Abdulkadir Uralo\u011flu, \u0130stanbul Havaliman\u0131\u2019nda \u201cE\u015f Zamanl\u0131 \u00dc\u00e7l\u00fc Ba\u011f\u0131ms\u0131z Pist Operasyonlar\u0131\u201d uygulamas\u0131n\u0131n 17 Nisan Per\u015fembe g\u00fcn\u00fc saat 10.00\u2019da ba\u015flayaca\u011f\u0131n\u0131 a\u00e7\u0131klad\u0131. Bakan Uralo\u011flu, Avrupa\u2019da uygulamay\u0131 hayata ge\u00e7iren ilk \u00fclke T\u00fcrkiye olaca\u011f\u0131n\u0131 s\u00f6yledi. S\u00f6z konusu sistemle \u0130stanbul Havaliman\u0131\u2019na ayn\u0131 anda \u00fc\u00e7 u\u00e7ak ini\u015f yapabilece\u011fini kaydeden Bakan Uralo\u011flu, \u00dc\u00e7l\u00fc Ba\u011f\u0131ms\u0131z Pist Operasyonu ile \u0130stanbul Havaliman\u0131\u2019n\u0131n trafik ak\u0131\u015f\u0131 h\u0131zlanacak ve dinamik kapasitesinin artaca\u011f\u0131n\u0131 belirtti. 2022&#8217;DEN BU YANA YO\u011eUN \u00c7ALI\u015eMA Y\u00dcR\u00dcT\u00dcLD\u00dc Bakan Uralo\u011flu, projenin \u00e7al\u0131\u015fmalar\u0131na 2022 y\u0131l\u0131n\u0131n son \u00e7eyre\u011finde ba\u015fland\u0131\u011f\u0131n\u0131, 2023 ve 2024 y\u0131llar\u0131nda Eurocontrol, Devlet Hava Meydanlar\u0131 \u0130\u015fletmesi, Sivil Havac\u0131l\u0131k Genel M\u00fcd\u00fcrl\u00fc\u011f\u00fc ve T\u00fcrk Hava Yollar\u0131 i\u015f birli\u011fiyle toplant\u0131lar, risk analizleri, emniyet \u00e7al\u0131\u015fmalar\u0131 ve sim\u00fclasyonlar ger\u00e7ekle\u015ftirildi\u011fini belirtti. Eurocontrol taraf\u0131ndan haz\u0131rlanan emniyet analiz raporu do\u011frultusunda gerekli t\u00fcm haz\u0131rl\u0131klar\u0131n tamamland\u0131\u011f\u0131n\u0131 s\u00f6yleyen Uralo\u011flu, \u201cYeni hava sahas\u0131 tasar\u0131m\u0131 yap\u0131ld\u0131, kontrol sistemleri \u00fc\u00e7l\u00fc operasyonlara uygun hale getirildi, havayolu \u015firketleri bilgilendirildi. Hava Trafik Kontrol\u00f6rlerimize yerli ve milli sim\u00fclat\u00f6r\u00fcm\u00fczle e\u011fitimler verildi.\u201d bilgisini verdi. \u0130STANBUL HAVAL\u0130MANI\u2019NIN AVRUPA\u2019DAK\u0130 KONUMU G\u00dc\u00c7LENECEK Uralo\u011flu, uygulaman\u0131n ba\u015flamas\u0131yla &hellip;<\/p>","protected":false},"author":1,"featured_media":0,"comment_status":"","ping_status":"open","sticky":false,"template":"","format":"standard","meta":{"_acf_changed":false,"footnotes":""},"categories":[24],"tags":[],"class_list":["post-55156","post","type-post","status-publish","format-standard","has-post-thumbnail","hentry","category-gundem"],"acf":[],"yoast_head":"<!-- This site is optimized with the Yoast SEO Premium plugin v26.6 (Yoast SEO v27.1.1) - https:\/\/yoast.com\/product\/yoast-seo-premium-wordpress\/ -->\n<title>&#039;E\u015f zamanl\u0131 \u00fc\u00e7l\u00fc pist&#039; devreye giriyor - Av. Deniz Can K\u0131z\u0131l<\/title>\n<meta name=\"robots\" content=\"index, follow, max-snippet:-1, max-image-preview:large, max-video-preview:-1\" \/>\n<link rel=\"canonical\" href=\"https:\/\/denizcankizil.tr\/de\/haberler\/gundem\/es-zamanli-uclu-pist-devreye-giriyor\/\" \/>\n<meta property=\"og:locale\" content=\"de_DE\" \/>\n<meta property=\"og:type\" content=\"article\" \/>\n<meta property=\"og:title\" content=\"&#039;E\u015f zamanl\u0131 \u00fc\u00e7l\u00fc pist&#039; devreye giriyor\" \/>\n<meta property=\"og:description\" content=\"\u0130stanbul Havaliman\u0131\u2019nda mevcut pistlerin kullan\u0131m\u0131n\u0131 en verimli hale getirecek &#8216;E\u015f Zamanl\u0131 \u00dc\u00e7l\u00fc Ba\u011f\u0131ms\u0131z Pist Operasyonlar\u0131&#8217; uygulamas\u0131 17 Nisan Per\u015fembe g\u00fcn\u00fc saat 10.00\u2019da ba\u015flayacak.ANKARA (\u0130GFA) &#8211; \u00dc\u00e7l\u00fc Ba\u011f\u0131ms\u0131z Pist Operasyonu\u2019nun e\u015f zamanl\u0131 olarak \u00fc\u00e7 u\u00e7a\u011f\u0131n ini\u015f yapmas\u0131na ve \u00fc\u00e7 u\u00e7a\u011f\u0131n kalk\u0131\u015f yapmas\u0131na olanak sa\u011flayan bir operasyon oldu\u011funu belirten Ula\u015ft\u0131rma ve Altyap\u0131 Bakan\u0131 Abdulkadir Uralo\u011flu, \u0130stanbul Havaliman\u0131\u2019nda \u201cE\u015f Zamanl\u0131 \u00dc\u00e7l\u00fc Ba\u011f\u0131ms\u0131z Pist Operasyonlar\u0131\u201d uygulamas\u0131n\u0131n 17 Nisan Per\u015fembe g\u00fcn\u00fc saat 10.00\u2019da ba\u015flayaca\u011f\u0131n\u0131 a\u00e7\u0131klad\u0131. Bakan Uralo\u011flu, Avrupa\u2019da uygulamay\u0131 hayata ge\u00e7iren ilk \u00fclke T\u00fcrkiye olaca\u011f\u0131n\u0131 s\u00f6yledi. S\u00f6z konusu sistemle \u0130stanbul Havaliman\u0131\u2019na ayn\u0131 anda \u00fc\u00e7 u\u00e7ak ini\u015f yapabilece\u011fini kaydeden Bakan Uralo\u011flu, \u00dc\u00e7l\u00fc Ba\u011f\u0131ms\u0131z Pist Operasyonu ile \u0130stanbul Havaliman\u0131\u2019n\u0131n trafik ak\u0131\u015f\u0131 h\u0131zlanacak ve dinamik kapasitesinin artaca\u011f\u0131n\u0131 belirtti. 2022&#8217;DEN BU YANA YO\u011eUN \u00c7ALI\u015eMA Y\u00dcR\u00dcT\u00dcLD\u00dc Bakan Uralo\u011flu, projenin \u00e7al\u0131\u015fmalar\u0131na 2022 y\u0131l\u0131n\u0131n son \u00e7eyre\u011finde ba\u015fland\u0131\u011f\u0131n\u0131, 2023 ve 2024 y\u0131llar\u0131nda Eurocontrol, Devlet Hava Meydanlar\u0131 \u0130\u015fletmesi, Sivil Havac\u0131l\u0131k Genel M\u00fcd\u00fcrl\u00fc\u011f\u00fc ve T\u00fcrk Hava Yollar\u0131 i\u015f birli\u011fiyle toplant\u0131lar, risk analizleri, emniyet \u00e7al\u0131\u015fmalar\u0131 ve sim\u00fclasyonlar ger\u00e7ekle\u015ftirildi\u011fini belirtti. Eurocontrol taraf\u0131ndan haz\u0131rlanan emniyet analiz raporu do\u011frultusunda gerekli t\u00fcm haz\u0131rl\u0131klar\u0131n tamamland\u0131\u011f\u0131n\u0131 s\u00f6yleyen Uralo\u011flu, \u201cYeni hava sahas\u0131 tasar\u0131m\u0131 yap\u0131ld\u0131, kontrol sistemleri \u00fc\u00e7l\u00fc operasyonlara uygun hale getirildi, havayolu \u015firketleri bilgilendirildi. Hava Trafik Kontrol\u00f6rlerimize yerli ve milli sim\u00fclat\u00f6r\u00fcm\u00fczle e\u011fitimler verildi.\u201d bilgisini verdi. \u0130STANBUL HAVAL\u0130MANI\u2019NIN AVRUPA\u2019DAK\u0130 KONUMU G\u00dc\u00c7LENECEK Uralo\u011flu, uygulaman\u0131n ba\u015flamas\u0131yla &hellip;\" \/>\n<meta property=\"og:url\" content=\"https:\/\/denizcankizil.tr\/de\/haberler\/gundem\/es-zamanli-uclu-pist-devreye-giriyor\/\" \/>\n<meta property=\"og:site_name\" content=\"Av. Deniz Can K\u0131z\u0131l\" \/>\n<meta property=\"article:published_time\" content=\"2025-04-14T05:42:08+00:00\" \/>\n<meta name=\"author\" content=\"admin\" \/>\n<meta name=\"twitter:card\" content=\"summary_large_image\" \/>\n<meta name=\"twitter:label1\" content=\"Verfasst von\" \/>\n\t<meta name=\"twitter:data1\" content=\"admin\" \/>\n\t<meta name=\"twitter:label2\" content=\"Gesch\u00e4tzte Lesezeit\" \/>\n\t<meta name=\"twitter:data2\" content=\"4\u00a0Minuten\" \/>\n<script type=\"application\/ld+json\" class=\"yoast-schema-graph\">{\"@context\":\"https:\/\/schema.org\",\"@graph\":[{\"@type\":\"Article\",\"@id\":\"https:\/\/denizcankizil.tr\/de\/haberler\/gundem\/es-zamanli-uclu-pist-devreye-giriyor\/#article\",\"isPartOf\":{\"@id\":\"https:\/\/denizcankizil.tr\/de\/haberler\/gundem\/es-zamanli-uclu-pist-devreye-giriyor\/\"},\"author\":{\"name\":\"admin\",\"@id\":\"https:\/\/denizcankizil.tr\/#\/schema\/person\/be3c05fe6a12686905512445d8185489\"},\"headline\":\"&#8216;E\u015f zamanl\u0131 \u00fc\u00e7l\u00fc pist&#8217; devreye giriyor\",\"datePublished\":\"2025-04-14T05:42:08+00:00\",\"mainEntityOfPage\":{\"@id\":\"https:\/\/denizcankizil.tr\/de\/haberler\/gundem\/es-zamanli-uclu-pist-devreye-giriyor\/\"},\"wordCount\":740,\"publisher\":{\"@id\":\"https:\/\/denizcankizil.tr\/#organization\"},\"articleSection\":[\"G\u00fcndem\"],\"inLanguage\":\"de\"},{\"@type\":\"WebPage\",\"@id\":\"https:\/\/denizcankizil.tr\/de\/haberler\/gundem\/es-zamanli-uclu-pist-devreye-giriyor\/\",\"url\":\"https:\/\/denizcankizil.tr\/de\/haberler\/gundem\/es-zamanli-uclu-pist-devreye-giriyor\/\",\"name\":\"'E\u015f zamanl\u0131 \u00fc\u00e7l\u00fc pist' devreye giriyor - Av. Deniz Can K\u0131z\u0131l\",\"isPartOf\":{\"@id\":\"https:\/\/denizcankizil.tr\/#website\"},\"datePublished\":\"2025-04-14T05:42:08+00:00\",\"breadcrumb\":{\"@id\":\"https:\/\/denizcankizil.tr\/de\/haberler\/gundem\/es-zamanli-uclu-pist-devreye-giriyor\/#breadcrumb\"},\"inLanguage\":\"de\",\"potentialAction\":[{\"@type\":\"ReadAction\",\"target\":[\"https:\/\/denizcankizil.tr\/de\/haberler\/gundem\/es-zamanli-uclu-pist-devreye-giriyor\/\"]}]},{\"@type\":\"BreadcrumbList\",\"@id\":\"https:\/\/denizcankizil.tr\/de\/haberler\/gundem\/es-zamanli-uclu-pist-devreye-giriyor\/#breadcrumb\",\"itemListElement\":[{\"@type\":\"ListItem\",\"position\":1,\"name\":\"Home\",\"item\":\"https:\/\/denizcankizil.tr\/de\/\"},{\"@type\":\"ListItem\",\"position\":2,\"name\":\"&#8216;E\u015f zamanl\u0131 \u00fc\u00e7l\u00fc pist&#8217; devreye giriyor\"}]},{\"@type\":\"WebSite\",\"@id\":\"https:\/\/denizcankizil.tr\/#website\",\"url\":\"https:\/\/denizcankizil.tr\/\",\"name\":\"Av. Deniz Can K\u0131z\u0131l\",\"description\":\"Avukat Deniz Can K\u0131z\u0131l Antalya Barosu\",\"publisher\":{\"@id\":\"https:\/\/denizcankizil.tr\/#organization\"},\"potentialAction\":[{\"@type\":\"SearchAction\",\"target\":{\"@type\":\"EntryPoint\",\"urlTemplate\":\"https:\/\/denizcankizil.tr\/?s={search_term_string}\"},\"query-input\":{\"@type\":\"PropertyValueSpecification\",\"valueRequired\":true,\"valueName\":\"search_term_string\"}}],\"inLanguage\":\"de\"},{\"@type\":\"Organization\",\"@id\":\"https:\/\/denizcankizil.tr\/#organization\",\"name\":\"Av. Deniz Can K\u0131z\u0131l\",\"url\":\"https:\/\/denizcankizil.tr\/\",\"logo\":{\"@type\":\"ImageObject\",\"inLanguage\":\"de\",\"@id\":\"https:\/\/denizcankizil.tr\/#\/schema\/logo\/image\/\",\"url\":\"https:\/\/denizcankizil.tr\/wp-content\/uploads\/2024\/10\/siyah-logo-svg.svg\",\"contentUrl\":\"https:\/\/denizcankizil.tr\/wp-content\/uploads\/2024\/10\/siyah-logo-svg.svg\",\"width\":1080,\"height\":1080,\"caption\":\"Av. Deniz Can K\u0131z\u0131l\"},\"image\":{\"@id\":\"https:\/\/denizcankizil.tr\/#\/schema\/logo\/image\/\"}},{\"@type\":\"Person\",\"@id\":\"https:\/\/denizcankizil.tr\/#\/schema\/person\/be3c05fe6a12686905512445d8185489\",\"name\":\"admin\",\"image\":{\"@type\":\"ImageObject\",\"inLanguage\":\"de\",\"@id\":\"https:\/\/denizcankizil.tr\/#\/schema\/person\/image\/\",\"url\":\"https:\/\/secure.gravatar.com\/avatar\/c1fce94c830dc79107e174f890d7210541c4a63e8e5d816341794a2151c9d58c?s=96&d=mm&r=g\",\"contentUrl\":\"https:\/\/secure.gravatar.com\/avatar\/c1fce94c830dc79107e174f890d7210541c4a63e8e5d816341794a2151c9d58c?s=96&d=mm&r=g\",\"caption\":\"admin\"},\"sameAs\":[\"http:\/\/denizcankizil.tr\"],\"url\":\"https:\/\/www.iskenderun.org\/es-zamanli-uclu-pist-devreye-giriyor\"}]}<\/script>\n<!-- \/ Yoast SEO Premium plugin. -->","yoast_head_json":{"title":"'E\u015f zamanl\u0131 \u00fc\u00e7l\u00fc pist' devreye giriyor - Av. Deniz Can K\u0131z\u0131l","robots":{"index":"index","follow":"follow","max-snippet":"max-snippet:-1","max-image-preview":"max-image-preview:large","max-video-preview":"max-video-preview:-1"},"canonical":"https:\/\/denizcankizil.tr\/de\/haberler\/gundem\/es-zamanli-uclu-pist-devreye-giriyor\/","og_locale":"de_DE","og_type":"article","og_title":"'E\u015f zamanl\u0131 \u00fc\u00e7l\u00fc pist' devreye giriyor","og_description":"\u0130stanbul Havaliman\u0131\u2019nda mevcut pistlerin kullan\u0131m\u0131n\u0131 en verimli hale getirecek &#8216;E\u015f Zamanl\u0131 \u00dc\u00e7l\u00fc Ba\u011f\u0131ms\u0131z Pist Operasyonlar\u0131&#8217; uygulamas\u0131 17 Nisan Per\u015fembe g\u00fcn\u00fc saat 10.00\u2019da ba\u015flayacak.ANKARA (\u0130GFA) &#8211; \u00dc\u00e7l\u00fc Ba\u011f\u0131ms\u0131z Pist Operasyonu\u2019nun e\u015f zamanl\u0131 olarak \u00fc\u00e7 u\u00e7a\u011f\u0131n ini\u015f yapmas\u0131na ve \u00fc\u00e7 u\u00e7a\u011f\u0131n kalk\u0131\u015f yapmas\u0131na olanak sa\u011flayan bir operasyon oldu\u011funu belirten Ula\u015ft\u0131rma ve Altyap\u0131 Bakan\u0131 Abdulkadir Uralo\u011flu, \u0130stanbul Havaliman\u0131\u2019nda \u201cE\u015f Zamanl\u0131 \u00dc\u00e7l\u00fc Ba\u011f\u0131ms\u0131z Pist Operasyonlar\u0131\u201d uygulamas\u0131n\u0131n 17 Nisan Per\u015fembe g\u00fcn\u00fc saat 10.00\u2019da ba\u015flayaca\u011f\u0131n\u0131 a\u00e7\u0131klad\u0131. Bakan Uralo\u011flu, Avrupa\u2019da uygulamay\u0131 hayata ge\u00e7iren ilk \u00fclke T\u00fcrkiye olaca\u011f\u0131n\u0131 s\u00f6yledi. S\u00f6z konusu sistemle \u0130stanbul Havaliman\u0131\u2019na ayn\u0131 anda \u00fc\u00e7 u\u00e7ak ini\u015f yapabilece\u011fini kaydeden Bakan Uralo\u011flu, \u00dc\u00e7l\u00fc Ba\u011f\u0131ms\u0131z Pist Operasyonu ile \u0130stanbul Havaliman\u0131\u2019n\u0131n trafik ak\u0131\u015f\u0131 h\u0131zlanacak ve dinamik kapasitesinin artaca\u011f\u0131n\u0131 belirtti. 2022&#8217;DEN BU YANA YO\u011eUN \u00c7ALI\u015eMA Y\u00dcR\u00dcT\u00dcLD\u00dc Bakan Uralo\u011flu, projenin \u00e7al\u0131\u015fmalar\u0131na 2022 y\u0131l\u0131n\u0131n son \u00e7eyre\u011finde ba\u015fland\u0131\u011f\u0131n\u0131, 2023 ve 2024 y\u0131llar\u0131nda Eurocontrol, Devlet Hava Meydanlar\u0131 \u0130\u015fletmesi, Sivil Havac\u0131l\u0131k Genel M\u00fcd\u00fcrl\u00fc\u011f\u00fc ve T\u00fcrk Hava Yollar\u0131 i\u015f birli\u011fiyle toplant\u0131lar, risk analizleri, emniyet \u00e7al\u0131\u015fmalar\u0131 ve sim\u00fclasyonlar ger\u00e7ekle\u015ftirildi\u011fini belirtti. Eurocontrol taraf\u0131ndan haz\u0131rlanan emniyet analiz raporu do\u011frultusunda gerekli t\u00fcm haz\u0131rl\u0131klar\u0131n tamamland\u0131\u011f\u0131n\u0131 s\u00f6yleyen Uralo\u011flu, \u201cYeni hava sahas\u0131 tasar\u0131m\u0131 yap\u0131ld\u0131, kontrol sistemleri \u00fc\u00e7l\u00fc operasyonlara uygun hale getirildi, havayolu \u015firketleri bilgilendirildi. Hava Trafik Kontrol\u00f6rlerimize yerli ve milli sim\u00fclat\u00f6r\u00fcm\u00fczle e\u011fitimler verildi.\u201d bilgisini verdi. \u0130STANBUL HAVAL\u0130MANI\u2019NIN AVRUPA\u2019DAK\u0130 KONUMU G\u00dc\u00c7LENECEK Uralo\u011flu, uygulaman\u0131n ba\u015flamas\u0131yla &hellip;","og_url":"https:\/\/denizcankizil.tr\/de\/haberler\/gundem\/es-zamanli-uclu-pist-devreye-giriyor\/","og_site_name":"Av. Deniz Can K\u0131z\u0131l","article_published_time":"2025-04-14T05:42:08+00:00","author":"admin","twitter_card":"summary_large_image","twitter_misc":{"Verfasst von":"admin","Gesch\u00e4tzte Lesezeit":"4\u00a0Minuten"},"schema":{"@context":"https:\/\/schema.org","@graph":[{"@type":"Article","@id":"https:\/\/denizcankizil.tr\/de\/haberler\/gundem\/es-zamanli-uclu-pist-devreye-giriyor\/#article","isPartOf":{"@id":"https:\/\/denizcankizil.tr\/de\/haberler\/gundem\/es-zamanli-uclu-pist-devreye-giriyor\/"},"author":{"name":"admin","@id":"https:\/\/denizcankizil.tr\/#\/schema\/person\/be3c05fe6a12686905512445d8185489"},"headline":"&#8216;E\u015f zamanl\u0131 \u00fc\u00e7l\u00fc pist&#8217; devreye giriyor","datePublished":"2025-04-14T05:42:08+00:00","mainEntityOfPage":{"@id":"https:\/\/denizcankizil.tr\/de\/haberler\/gundem\/es-zamanli-uclu-pist-devreye-giriyor\/"},"wordCount":740,"publisher":{"@id":"https:\/\/denizcankizil.tr\/#organization"},"articleSection":["G\u00fcndem"],"inLanguage":"de"},{"@type":"WebPage","@id":"https:\/\/denizcankizil.tr\/de\/haberler\/gundem\/es-zamanli-uclu-pist-devreye-giriyor\/","url":"https:\/\/denizcankizil.tr\/de\/haberler\/gundem\/es-zamanli-uclu-pist-devreye-giriyor\/","name":"'E\u015f zamanl\u0131 \u00fc\u00e7l\u00fc pist' devreye giriyor - Av. Deniz Can K\u0131z\u0131l","isPartOf":{"@id":"https:\/\/denizcankizil.tr\/#website"},"datePublished":"2025-04-14T05:42:08+00:00","breadcrumb":{"@id":"https:\/\/denizcankizil.tr\/de\/haberler\/gundem\/es-zamanli-uclu-pist-devreye-giriyor\/#breadcrumb"},"inLanguage":"de","potentialAction":[{"@type":"ReadAction","target":["https:\/\/denizcankizil.tr\/de\/haberler\/gundem\/es-zamanli-uclu-pist-devreye-giriyor\/"]}]},{"@type":"BreadcrumbList","@id":"https:\/\/denizcankizil.tr\/de\/haberler\/gundem\/es-zamanli-uclu-pist-devreye-giriyor\/#breadcrumb","itemListElement":[{"@type":"ListItem","position":1,"name":"Home","item":"https:\/\/denizcankizil.tr\/de\/"},{"@type":"ListItem","position":2,"name":"&#8216;E\u015f zamanl\u0131 \u00fc\u00e7l\u00fc pist&#8217; devreye giriyor"}]},{"@type":"WebSite","@id":"https:\/\/denizcankizil.tr\/#website","url":"https:\/\/denizcankizil.tr\/","name":"Av. Deniz Can K\u0131z\u0131l","description":"Avukat Deniz Can K\u0131z\u0131l Antalya Barosu","publisher":{"@id":"https:\/\/denizcankizil.tr\/#organization"},"potentialAction":[{"@type":"SearchAction","target":{"@type":"EntryPoint","urlTemplate":"https:\/\/denizcankizil.tr\/?s={search_term_string}"},"query-input":{"@type":"PropertyValueSpecification","valueRequired":true,"valueName":"search_term_string"}}],"inLanguage":"de"},{"@type":"Organization","@id":"https:\/\/denizcankizil.tr\/#organization","name":"Av. Deniz Can K\u0131z\u0131l","url":"https:\/\/denizcankizil.tr\/","logo":{"@type":"ImageObject","inLanguage":"de","@id":"https:\/\/denizcankizil.tr\/#\/schema\/logo\/image\/","url":"https:\/\/denizcankizil.tr\/wp-content\/uploads\/2024\/10\/siyah-logo-svg.svg","contentUrl":"https:\/\/denizcankizil.tr\/wp-content\/uploads\/2024\/10\/siyah-logo-svg.svg","width":1080,"height":1080,"caption":"Av. Deniz Can K\u0131z\u0131l"},"image":{"@id":"https:\/\/denizcankizil.tr\/#\/schema\/logo\/image\/"}},{"@type":"Person","@id":"https:\/\/denizcankizil.tr\/#\/schema\/person\/be3c05fe6a12686905512445d8185489","name":"Administrator","image":{"@type":"ImageObject","inLanguage":"de","@id":"https:\/\/denizcankizil.tr\/#\/schema\/person\/image\/","url":"https:\/\/secure.gravatar.com\/avatar\/c1fce94c830dc79107e174f890d7210541c4a63e8e5d816341794a2151c9d58c?s=96&d=mm&r=g","contentUrl":"https:\/\/secure.gravatar.com\/avatar\/c1fce94c830dc79107e174f890d7210541c4a63e8e5d816341794a2151c9d58c?s=96&d=mm&r=g","caption":"admin"},"sameAs":["http:\/\/denizcankizil.tr"],"url":"https:\/\/www.iskenderun.org\/es-zamanli-uclu-pist-devreye-giriyor"}]}},"_links":{"self":[{"href":"https:\/\/denizcankizil.tr\/de\/wp-json\/wp\/v2\/posts\/55156","targetHints":{"allow":["GET"]}}],"collection":[{"href":"https:\/\/denizcankizil.tr\/de\/wp-json\/wp\/v2\/posts"}],"about":[{"href":"https:\/\/denizcankizil.tr\/de\/wp-json\/wp\/v2\/types\/post"}],"author":[{"embeddable":true,"href":"https:\/\/denizcankizil.tr\/de\/wp-json\/wp\/v2\/users\/1"}],"replies":[{"embeddable":true,"href":"https:\/\/denizcankizil.tr\/de\/wp-json\/wp\/v2\/comments?post=55156"}],"version-history":[{"count":0,"href":"https:\/\/denizcankizil.tr\/de\/wp-json\/wp\/v2\/posts\/55156\/revisions"}],"wp:attachment":[{"href":"https:\/\/denizcankizil.tr\/de\/wp-json\/wp\/v2\/media?parent=55156"}],"wp:term":[{"taxonomy":"category","embeddable":true,"href":"https:\/\/denizcankizil.tr\/de\/wp-json\/wp\/v2\/categories?post=55156"},{"taxonomy":"post_tag","embeddable":true,"href":"https:\/\/denizcankizil.tr\/de\/wp-json\/wp\/v2\/tags?post=55156"}],"curies":[{"name":"wp","href":"https:\/\/api.w.org\/{rel}","templated":true}]}}