{"id":53559,"date":"2025-04-12T16:41:14","date_gmt":"2025-04-12T13:41:14","guid":{"rendered":"https:\/\/denizcankizil.tr\/uncategorized-tr\/alanya-belediyesinden-su-kabagi-hibesi\/"},"modified":"2025-04-12T16:41:14","modified_gmt":"2025-04-12T13:41:14","slug":"alanya-belediyesinden-su-kabagi-hibesi","status":"publish","type":"post","link":"https:\/\/denizcankizil.tr\/de\/haberler\/antalya\/alanya-belediyesinden-su-kabagi-hibesi\/","title":{"rendered":"Alanya Belediyesi&#8217;nden su kaba\u011f\u0131 hibesi"},"content":{"rendered":"<p>Alanya Belediyesi Park ve Bah\u00e7eler M\u00fcd\u00fcrl\u00fc\u011f\u00fc seras\u0131nda \u00fcretimi yap\u0131lan\u00a0su kaba\u011f\u0131\u00a0fidelerinin ilk da\u011f\u0131t\u0131m\u0131 15 Nisan Sal\u0131 g\u00fcn\u00fc saat 09:30\u2019da Sal\u0131 pazar\u0131nda yap\u0131lacak. Fidelerin da\u011f\u0131t\u0131mlar\u0131 farkl\u0131 zamanlarda kurulacak olan pazarlarda devam edecek.<\/p>\n<p>Su kaba\u011f\u0131n\u0131n \u00f6nemi<br \/>\nSu kaba\u011f\u0131 kurutulduktan sonra tarih boyunca \u00e7e\u015fitli alanlarda kullan\u0131lm\u0131\u015ft\u0131r. \u0130\u00e7i temizlenerek i\u00e7me suyunun depolanmas\u0131 i\u00e7in kullan\u0131lm\u0131\u015f, s\u0131cak yaz g\u00fcnlerinde suyu so\u011fuk tutma \u00f6zelli\u011finden dolay\u0131 termos vazifesi g\u00f6rm\u00fc\u015ft\u00fcr. Ayr\u0131ca ya\u011f ve un gibi malzemeleri saklamak i\u00e7in kullan\u0131lm\u0131\u015ft\u0131r. G\u00fcn\u00fcm\u00fczde \u015fekerlik, vazo, \u00e7i\u00e7ek saks\u0131s\u0131, kep\u00e7e, abajur, aplik, saklama kaplar\u0131, kalemlik, mutfak gere\u00e7leri, b\u00fcro malzemeleri olarak dekoratif ama\u00e7l\u0131 de\u011ferlendirilmektedir.<\/p>\n<p>24 bin 700 adet su kaba\u011f\u0131 fidesi da\u011f\u0131t\u0131lacak<br \/>\nAlanya Belediyesi taraf\u0131ndan yap\u0131lan a\u00e7\u0131klamada \u015fu ifadelere yer verildi; &#8220;Park ve Bah\u00e7eler M\u00fcd\u00fcrl\u00fc\u011f\u00fc seram\u0131zda bu y\u0131l \u00fcretimi yap\u0131lan 24 bin 700 adet su kaba\u011f\u0131 fidesi halk\u0131m\u0131z\u0131n yo\u011fun olarak kulland\u0131\u011f\u0131 halk pazarlar\u0131nda \u00fccretsiz da\u011f\u0131t\u0131lacakt\u0131r.&#8221;<\/p>\n<p>Kaynak: www.kanalv.com.tr Haber Sitesinden Al\u0131nm\u0131\u015ft\u0131r.<\/p>","protected":false},"excerpt":{"rendered":"<p>Alanya Belediyesi Park ve Bah\u00e7eler M\u00fcd\u00fcrl\u00fc\u011f\u00fc seras\u0131nda \u00fcretimi yap\u0131lan\u00a0su kaba\u011f\u0131\u00a0fidelerinin ilk da\u011f\u0131t\u0131m\u0131 15 Nisan Sal\u0131 g\u00fcn\u00fc saat 09:30\u2019da Sal\u0131 pazar\u0131nda yap\u0131lacak. Fidelerin da\u011f\u0131t\u0131mlar\u0131 farkl\u0131 zamanlarda kurulacak olan pazarlarda devam edecek. Su kaba\u011f\u0131n\u0131n \u00f6nemi Su kaba\u011f\u0131 kurutulduktan sonra tarih boyunca \u00e7e\u015fitli alanlarda kullan\u0131lm\u0131\u015ft\u0131r. \u0130\u00e7i temizlenerek i\u00e7me suyunun depolanmas\u0131 i\u00e7in kullan\u0131lm\u0131\u015f, s\u0131cak yaz g\u00fcnlerinde suyu so\u011fuk tutma \u00f6zelli\u011finden dolay\u0131 termos vazifesi g\u00f6rm\u00fc\u015ft\u00fcr. Ayr\u0131ca ya\u011f ve un gibi malzemeleri saklamak i\u00e7in kullan\u0131lm\u0131\u015ft\u0131r. G\u00fcn\u00fcm\u00fczde \u015fekerlik, vazo, \u00e7i\u00e7ek saks\u0131s\u0131, kep\u00e7e, abajur, aplik, saklama kaplar\u0131, kalemlik, mutfak gere\u00e7leri, b\u00fcro malzemeleri olarak dekoratif ama\u00e7l\u0131 de\u011ferlendirilmektedir. 24 bin 700 adet su kaba\u011f\u0131 fidesi da\u011f\u0131t\u0131lacak Alanya Belediyesi taraf\u0131ndan yap\u0131lan a\u00e7\u0131klamada \u015fu ifadelere yer verildi; &#8220;Park ve Bah\u00e7eler M\u00fcd\u00fcrl\u00fc\u011f\u00fc seram\u0131zda bu y\u0131l \u00fcretimi yap\u0131lan 24 bin 700 adet su kaba\u011f\u0131 fidesi halk\u0131m\u0131z\u0131n yo\u011fun olarak kulland\u0131\u011f\u0131 halk pazarlar\u0131nda \u00fccretsiz da\u011f\u0131t\u0131lacakt\u0131r.&#8221; Kaynak: www.kanalv.com.tr Haber Sitesinden Al\u0131nm\u0131\u015ft\u0131r.<\/p>","protected":false},"author":4,"featured_media":0,"comment_status":"","ping_status":"open","sticky":false,"template":"","format":"standard","meta":{"_acf_changed":false,"footnotes":""},"categories":[26],"tags":[],"class_list":["post-53559","post","type-post","status-publish","format-standard","hentry","category-antalya"],"acf":[],"yoast_head":"<!-- This site is optimized with the Yoast SEO Premium plugin v26.6 (Yoast SEO v27.1.1) - https:\/\/yoast.com\/product\/yoast-seo-premium-wordpress\/ -->\n<title>Alanya Belediyesi&#039;nden su kaba\u011f\u0131 hibesi - Av. Deniz Can K\u0131z\u0131l<\/title>\n<meta name=\"robots\" content=\"index, follow, max-snippet:-1, max-image-preview:large, max-video-preview:-1\" \/>\n<link rel=\"canonical\" href=\"https:\/\/denizcankizil.tr\/de\/haberler\/antalya\/alanya-belediyesinden-su-kabagi-hibesi\/\" \/>\n<meta property=\"og:locale\" content=\"de_DE\" \/>\n<meta property=\"og:type\" content=\"article\" \/>\n<meta property=\"og:title\" content=\"Alanya Belediyesi&#039;nden su kaba\u011f\u0131 hibesi\" \/>\n<meta property=\"og:description\" content=\"Alanya Belediyesi Park ve Bah\u00e7eler M\u00fcd\u00fcrl\u00fc\u011f\u00fc seras\u0131nda \u00fcretimi yap\u0131lan\u00a0su kaba\u011f\u0131\u00a0fidelerinin ilk da\u011f\u0131t\u0131m\u0131 15 Nisan Sal\u0131 g\u00fcn\u00fc saat 09:30\u2019da Sal\u0131 pazar\u0131nda yap\u0131lacak. Fidelerin da\u011f\u0131t\u0131mlar\u0131 farkl\u0131 zamanlarda kurulacak olan pazarlarda devam edecek. Su kaba\u011f\u0131n\u0131n \u00f6nemi Su kaba\u011f\u0131 kurutulduktan sonra tarih boyunca \u00e7e\u015fitli alanlarda kullan\u0131lm\u0131\u015ft\u0131r. \u0130\u00e7i temizlenerek i\u00e7me suyunun depolanmas\u0131 i\u00e7in kullan\u0131lm\u0131\u015f, s\u0131cak yaz g\u00fcnlerinde suyu so\u011fuk tutma \u00f6zelli\u011finden dolay\u0131 termos vazifesi g\u00f6rm\u00fc\u015ft\u00fcr. Ayr\u0131ca ya\u011f ve un gibi malzemeleri saklamak i\u00e7in kullan\u0131lm\u0131\u015ft\u0131r. G\u00fcn\u00fcm\u00fczde \u015fekerlik, vazo, \u00e7i\u00e7ek saks\u0131s\u0131, kep\u00e7e, abajur, aplik, saklama kaplar\u0131, kalemlik, mutfak gere\u00e7leri, b\u00fcro malzemeleri olarak dekoratif ama\u00e7l\u0131 de\u011ferlendirilmektedir. 24 bin 700 adet su kaba\u011f\u0131 fidesi da\u011f\u0131t\u0131lacak Alanya Belediyesi taraf\u0131ndan yap\u0131lan a\u00e7\u0131klamada \u015fu ifadelere yer verildi; &#8220;Park ve Bah\u00e7eler M\u00fcd\u00fcrl\u00fc\u011f\u00fc seram\u0131zda bu y\u0131l \u00fcretimi yap\u0131lan 24 bin 700 adet su kaba\u011f\u0131 fidesi halk\u0131m\u0131z\u0131n yo\u011fun olarak kulland\u0131\u011f\u0131 halk pazarlar\u0131nda \u00fccretsiz da\u011f\u0131t\u0131lacakt\u0131r.&#8221; Kaynak: www.kanalv.com.tr Haber Sitesinden Al\u0131nm\u0131\u015ft\u0131r.\" \/>\n<meta property=\"og:url\" content=\"https:\/\/denizcankizil.tr\/de\/haberler\/antalya\/alanya-belediyesinden-su-kabagi-hibesi\/\" \/>\n<meta property=\"og:site_name\" content=\"Av. Deniz Can K\u0131z\u0131l\" \/>\n<meta property=\"article:published_time\" content=\"2025-04-12T13:41:14+00:00\" \/>\n<meta name=\"author\" content=\"Av. Deniz Can K\u0131z\u0131l\" \/>\n<meta name=\"twitter:card\" content=\"summary_large_image\" \/>\n<meta name=\"twitter:label1\" content=\"Verfasst von\" \/>\n\t<meta name=\"twitter:data1\" content=\"Av. Deniz Can K\u0131z\u0131l\" \/>\n\t<meta name=\"twitter:label2\" content=\"Gesch\u00e4tzte Lesezeit\" \/>\n\t<meta name=\"twitter:data2\" content=\"1\u00a0Minute\" \/>\n<script type=\"application\/ld+json\" class=\"yoast-schema-graph\">{\"@context\":\"https:\/\/schema.org\",\"@graph\":[{\"@type\":\"Article\",\"@id\":\"https:\/\/denizcankizil.tr\/de\/haberler\/antalya\/alanya-belediyesinden-su-kabagi-hibesi\/#article\",\"isPartOf\":{\"@id\":\"https:\/\/denizcankizil.tr\/de\/haberler\/antalya\/alanya-belediyesinden-su-kabagi-hibesi\/\"},\"author\":{\"name\":\"Av. Deniz Can K\u0131z\u0131l\",\"@id\":\"https:\/\/denizcankizil.tr\/de\/#\/schema\/person\/5dc1b22991bd7ac833867c10afc9b0ff\"},\"headline\":\"Alanya Belediyesi&#8217;nden su kaba\u011f\u0131 hibesi\",\"datePublished\":\"2025-04-12T13:41:14+00:00\",\"mainEntityOfPage\":{\"@id\":\"https:\/\/denizcankizil.tr\/de\/haberler\/antalya\/alanya-belediyesinden-su-kabagi-hibesi\/\"},\"wordCount\":205,\"publisher\":{\"@id\":\"https:\/\/denizcankizil.tr\/de\/#organization\"},\"articleSection\":[\"Antalya\"],\"inLanguage\":\"de\"},{\"@type\":\"WebPage\",\"@id\":\"https:\/\/denizcankizil.tr\/de\/haberler\/antalya\/alanya-belediyesinden-su-kabagi-hibesi\/\",\"url\":\"https:\/\/denizcankizil.tr\/de\/haberler\/antalya\/alanya-belediyesinden-su-kabagi-hibesi\/\",\"name\":\"Alanya Belediyesi'nden su kaba\u011f\u0131 hibesi - Av. Deniz Can K\u0131z\u0131l\",\"isPartOf\":{\"@id\":\"https:\/\/denizcankizil.tr\/de\/#website\"},\"datePublished\":\"2025-04-12T13:41:14+00:00\",\"breadcrumb\":{\"@id\":\"https:\/\/denizcankizil.tr\/de\/haberler\/antalya\/alanya-belediyesinden-su-kabagi-hibesi\/#breadcrumb\"},\"inLanguage\":\"de\",\"potentialAction\":[{\"@type\":\"ReadAction\",\"target\":[\"https:\/\/denizcankizil.tr\/de\/haberler\/antalya\/alanya-belediyesinden-su-kabagi-hibesi\/\"]}]},{\"@type\":\"BreadcrumbList\",\"@id\":\"https:\/\/denizcankizil.tr\/de\/haberler\/antalya\/alanya-belediyesinden-su-kabagi-hibesi\/#breadcrumb\",\"itemListElement\":[{\"@type\":\"ListItem\",\"position\":1,\"name\":\"Home\",\"item\":\"https:\/\/denizcankizil.tr\/de\/\"},{\"@type\":\"ListItem\",\"position\":2,\"name\":\"Alanya Belediyesi&#8217;nden su kaba\u011f\u0131 hibesi\"}]},{\"@type\":\"WebSite\",\"@id\":\"https:\/\/denizcankizil.tr\/de\/#website\",\"url\":\"https:\/\/denizcankizil.tr\/de\/\",\"name\":\"Av. Deniz Can K\u0131z\u0131l\",\"description\":\"Avukat Deniz Can K\u0131z\u0131l Antalya Barosu\",\"publisher\":{\"@id\":\"https:\/\/denizcankizil.tr\/de\/#organization\"},\"potentialAction\":[{\"@type\":\"SearchAction\",\"target\":{\"@type\":\"EntryPoint\",\"urlTemplate\":\"https:\/\/denizcankizil.tr\/de\/?s={search_term_string}\"},\"query-input\":{\"@type\":\"PropertyValueSpecification\",\"valueRequired\":true,\"valueName\":\"search_term_string\"}}],\"inLanguage\":\"de\"},{\"@type\":\"Organization\",\"@id\":\"https:\/\/denizcankizil.tr\/de\/#organization\",\"name\":\"Av. Deniz Can K\u0131z\u0131l\",\"url\":\"https:\/\/denizcankizil.tr\/de\/\",\"logo\":{\"@type\":\"ImageObject\",\"inLanguage\":\"de\",\"@id\":\"https:\/\/denizcankizil.tr\/de\/#\/schema\/logo\/image\/\",\"url\":\"https:\/\/denizcankizil.tr\/wp-content\/uploads\/2024\/10\/siyah-logo-svg.svg\",\"contentUrl\":\"https:\/\/denizcankizil.tr\/wp-content\/uploads\/2024\/10\/siyah-logo-svg.svg\",\"width\":1080,\"height\":1080,\"caption\":\"Av. Deniz Can K\u0131z\u0131l\"},\"image\":{\"@id\":\"https:\/\/denizcankizil.tr\/de\/#\/schema\/logo\/image\/\"}},{\"@type\":\"Person\",\"@id\":\"https:\/\/denizcankizil.tr\/de\/#\/schema\/person\/5dc1b22991bd7ac833867c10afc9b0ff\",\"name\":\"Av. Deniz Can K\u0131z\u0131l\",\"image\":{\"@type\":\"ImageObject\",\"inLanguage\":\"de\",\"@id\":\"https:\/\/denizcankizil.tr\/de\/#\/schema\/person\/image\/\",\"url\":\"https:\/\/secure.gravatar.com\/avatar\/a0b128fb9855c79efc976d5640eedb31dc35ec297594d6016d2cf7c60e975bb6?s=96&d=mm&r=g\",\"contentUrl\":\"https:\/\/secure.gravatar.com\/avatar\/a0b128fb9855c79efc976d5640eedb31dc35ec297594d6016d2cf7c60e975bb6?s=96&d=mm&r=g\",\"caption\":\"Av. Deniz Can K\u0131z\u0131l\"},\"sameAs\":[\"http:\/\/www.denizcankizil.tr\"],\"url\":\"https:\/\/denizcankizil.tr\/de\/author\/denizcankizil\/\"}]}<\/script>\n<!-- \/ Yoast SEO Premium plugin. -->","yoast_head_json":{"title":"Alanya Belediyesi'nden su kaba\u011f\u0131 hibesi - Av. Deniz Can K\u0131z\u0131l","robots":{"index":"index","follow":"follow","max-snippet":"max-snippet:-1","max-image-preview":"max-image-preview:large","max-video-preview":"max-video-preview:-1"},"canonical":"https:\/\/denizcankizil.tr\/de\/haberler\/antalya\/alanya-belediyesinden-su-kabagi-hibesi\/","og_locale":"de_DE","og_type":"article","og_title":"Alanya Belediyesi'nden su kaba\u011f\u0131 hibesi","og_description":"Alanya Belediyesi Park ve Bah\u00e7eler M\u00fcd\u00fcrl\u00fc\u011f\u00fc seras\u0131nda \u00fcretimi yap\u0131lan\u00a0su kaba\u011f\u0131\u00a0fidelerinin ilk da\u011f\u0131t\u0131m\u0131 15 Nisan Sal\u0131 g\u00fcn\u00fc saat 09:30\u2019da Sal\u0131 pazar\u0131nda yap\u0131lacak. Fidelerin da\u011f\u0131t\u0131mlar\u0131 farkl\u0131 zamanlarda kurulacak olan pazarlarda devam edecek. Su kaba\u011f\u0131n\u0131n \u00f6nemi Su kaba\u011f\u0131 kurutulduktan sonra tarih boyunca \u00e7e\u015fitli alanlarda kullan\u0131lm\u0131\u015ft\u0131r. \u0130\u00e7i temizlenerek i\u00e7me suyunun depolanmas\u0131 i\u00e7in kullan\u0131lm\u0131\u015f, s\u0131cak yaz g\u00fcnlerinde suyu so\u011fuk tutma \u00f6zelli\u011finden dolay\u0131 termos vazifesi g\u00f6rm\u00fc\u015ft\u00fcr. Ayr\u0131ca ya\u011f ve un gibi malzemeleri saklamak i\u00e7in kullan\u0131lm\u0131\u015ft\u0131r. G\u00fcn\u00fcm\u00fczde \u015fekerlik, vazo, \u00e7i\u00e7ek saks\u0131s\u0131, kep\u00e7e, abajur, aplik, saklama kaplar\u0131, kalemlik, mutfak gere\u00e7leri, b\u00fcro malzemeleri olarak dekoratif ama\u00e7l\u0131 de\u011ferlendirilmektedir. 24 bin 700 adet su kaba\u011f\u0131 fidesi da\u011f\u0131t\u0131lacak Alanya Belediyesi taraf\u0131ndan yap\u0131lan a\u00e7\u0131klamada \u015fu ifadelere yer verildi; &#8220;Park ve Bah\u00e7eler M\u00fcd\u00fcrl\u00fc\u011f\u00fc seram\u0131zda bu y\u0131l \u00fcretimi yap\u0131lan 24 bin 700 adet su kaba\u011f\u0131 fidesi halk\u0131m\u0131z\u0131n yo\u011fun olarak kulland\u0131\u011f\u0131 halk pazarlar\u0131nda \u00fccretsiz da\u011f\u0131t\u0131lacakt\u0131r.&#8221; Kaynak: www.kanalv.com.tr Haber Sitesinden Al\u0131nm\u0131\u015ft\u0131r.","og_url":"https:\/\/denizcankizil.tr\/de\/haberler\/antalya\/alanya-belediyesinden-su-kabagi-hibesi\/","og_site_name":"Av. Deniz Can K\u0131z\u0131l","article_published_time":"2025-04-12T13:41:14+00:00","author":"Av. Deniz Can K\u0131z\u0131l","twitter_card":"summary_large_image","twitter_misc":{"Verfasst von":"Av. Deniz Can K\u0131z\u0131l","Gesch\u00e4tzte Lesezeit":"1\u00a0Minute"},"schema":{"@context":"https:\/\/schema.org","@graph":[{"@type":"Article","@id":"https:\/\/denizcankizil.tr\/de\/haberler\/antalya\/alanya-belediyesinden-su-kabagi-hibesi\/#article","isPartOf":{"@id":"https:\/\/denizcankizil.tr\/de\/haberler\/antalya\/alanya-belediyesinden-su-kabagi-hibesi\/"},"author":{"name":"Av. Deniz Can K\u0131z\u0131l","@id":"https:\/\/denizcankizil.tr\/de\/#\/schema\/person\/5dc1b22991bd7ac833867c10afc9b0ff"},"headline":"Alanya Belediyesi&#8217;nden su kaba\u011f\u0131 hibesi","datePublished":"2025-04-12T13:41:14+00:00","mainEntityOfPage":{"@id":"https:\/\/denizcankizil.tr\/de\/haberler\/antalya\/alanya-belediyesinden-su-kabagi-hibesi\/"},"wordCount":205,"publisher":{"@id":"https:\/\/denizcankizil.tr\/de\/#organization"},"articleSection":["Antalya"],"inLanguage":"de"},{"@type":"WebPage","@id":"https:\/\/denizcankizil.tr\/de\/haberler\/antalya\/alanya-belediyesinden-su-kabagi-hibesi\/","url":"https:\/\/denizcankizil.tr\/de\/haberler\/antalya\/alanya-belediyesinden-su-kabagi-hibesi\/","name":"Alanya Belediyesi'nden su kaba\u011f\u0131 hibesi - Av. Deniz Can K\u0131z\u0131l","isPartOf":{"@id":"https:\/\/denizcankizil.tr\/de\/#website"},"datePublished":"2025-04-12T13:41:14+00:00","breadcrumb":{"@id":"https:\/\/denizcankizil.tr\/de\/haberler\/antalya\/alanya-belediyesinden-su-kabagi-hibesi\/#breadcrumb"},"inLanguage":"de","potentialAction":[{"@type":"ReadAction","target":["https:\/\/denizcankizil.tr\/de\/haberler\/antalya\/alanya-belediyesinden-su-kabagi-hibesi\/"]}]},{"@type":"BreadcrumbList","@id":"https:\/\/denizcankizil.tr\/de\/haberler\/antalya\/alanya-belediyesinden-su-kabagi-hibesi\/#breadcrumb","itemListElement":[{"@type":"ListItem","position":1,"name":"Home","item":"https:\/\/denizcankizil.tr\/de\/"},{"@type":"ListItem","position":2,"name":"Alanya Belediyesi&#8217;nden su kaba\u011f\u0131 hibesi"}]},{"@type":"WebSite","@id":"https:\/\/denizcankizil.tr\/de\/#website","url":"https:\/\/denizcankizil.tr\/de\/","name":"Av. Deniz Can K\u0131z\u0131l","description":"Avukat Deniz Can K\u0131z\u0131l Antalya Barosu","publisher":{"@id":"https:\/\/denizcankizil.tr\/de\/#organization"},"potentialAction":[{"@type":"SearchAction","target":{"@type":"EntryPoint","urlTemplate":"https:\/\/denizcankizil.tr\/de\/?s={search_term_string}"},"query-input":{"@type":"PropertyValueSpecification","valueRequired":true,"valueName":"search_term_string"}}],"inLanguage":"de"},{"@type":"Organization","@id":"https:\/\/denizcankizil.tr\/de\/#organization","name":"Av. Deniz Can K\u0131z\u0131l","url":"https:\/\/denizcankizil.tr\/de\/","logo":{"@type":"ImageObject","inLanguage":"de","@id":"https:\/\/denizcankizil.tr\/de\/#\/schema\/logo\/image\/","url":"https:\/\/denizcankizil.tr\/wp-content\/uploads\/2024\/10\/siyah-logo-svg.svg","contentUrl":"https:\/\/denizcankizil.tr\/wp-content\/uploads\/2024\/10\/siyah-logo-svg.svg","width":1080,"height":1080,"caption":"Av. Deniz Can K\u0131z\u0131l"},"image":{"@id":"https:\/\/denizcankizil.tr\/de\/#\/schema\/logo\/image\/"}},{"@type":"Person","@id":"https:\/\/denizcankizil.tr\/de\/#\/schema\/person\/5dc1b22991bd7ac833867c10afc9b0ff","name":"Av. Deniz Can K\u0131z\u0131l","image":{"@type":"ImageObject","inLanguage":"de","@id":"https:\/\/denizcankizil.tr\/de\/#\/schema\/person\/image\/","url":"https:\/\/secure.gravatar.com\/avatar\/a0b128fb9855c79efc976d5640eedb31dc35ec297594d6016d2cf7c60e975bb6?s=96&d=mm&r=g","contentUrl":"https:\/\/secure.gravatar.com\/avatar\/a0b128fb9855c79efc976d5640eedb31dc35ec297594d6016d2cf7c60e975bb6?s=96&d=mm&r=g","caption":"Av. Deniz Can K\u0131z\u0131l"},"sameAs":["http:\/\/www.denizcankizil.tr"],"url":"https:\/\/denizcankizil.tr\/de\/author\/denizcankizil\/"}]}},"_links":{"self":[{"href":"https:\/\/denizcankizil.tr\/de\/wp-json\/wp\/v2\/posts\/53559","targetHints":{"allow":["GET"]}}],"collection":[{"href":"https:\/\/denizcankizil.tr\/de\/wp-json\/wp\/v2\/posts"}],"about":[{"href":"https:\/\/denizcankizil.tr\/de\/wp-json\/wp\/v2\/types\/post"}],"author":[{"embeddable":true,"href":"https:\/\/denizcankizil.tr\/de\/wp-json\/wp\/v2\/users\/4"}],"replies":[{"embeddable":true,"href":"https:\/\/denizcankizil.tr\/de\/wp-json\/wp\/v2\/comments?post=53559"}],"version-history":[{"count":0,"href":"https:\/\/denizcankizil.tr\/de\/wp-json\/wp\/v2\/posts\/53559\/revisions"}],"wp:attachment":[{"href":"https:\/\/denizcankizil.tr\/de\/wp-json\/wp\/v2\/media?parent=53559"}],"wp:term":[{"taxonomy":"category","embeddable":true,"href":"https:\/\/denizcankizil.tr\/de\/wp-json\/wp\/v2\/categories?post=53559"},{"taxonomy":"post_tag","embeddable":true,"href":"https:\/\/denizcankizil.tr\/de\/wp-json\/wp\/v2\/tags?post=53559"}],"curies":[{"name":"wp","href":"https:\/\/api.w.org\/{rel}","templated":true}]}}