{"id":53315,"date":"2025-04-12T10:41:53","date_gmt":"2025-04-12T07:41:53","guid":{"rendered":"https:\/\/denizcankizil.tr\/uncategorized-tr\/antalyada-kiraci-ev-sahibi-cilesi-bitmiyor-71-yasindaki-adam-evsiz-kalmamak-icin-ugrasiyor\/"},"modified":"2025-04-12T10:41:53","modified_gmt":"2025-04-12T07:41:53","slug":"antalyada-kiraci-ev-sahibi-cilesi-bitmiyor-71-yasindaki-adam-evsiz-kalmamak-icin-ugrasiyor","status":"publish","type":"post","link":"https:\/\/denizcankizil.tr\/de\/haberler\/gundem\/antalyada-kiraci-ev-sahibi-cilesi-bitmiyor-71-yasindaki-adam-evsiz-kalmamak-icin-ugrasiyor\/","title":{"rendered":"Antalya\u2019da kirac\u0131 \u2013 ev sahibi \u00e7ilesi bitmiyor:  71 ya\u015f\u0131ndaki adam evsiz kalmamak i\u00e7in u\u011fra\u015f\u0131yor"},"content":{"rendered":"<p>Antalya\u2019n\u0131n Kepez il\u00e7esinde ya\u015fayan Mehmet Binicio\u011flu, k\u0131z\u0131 Nimet Binicio\u011flu ve 2 torunu ile 5 y\u0131l \u00f6nce bir ev kiralad\u0131. Ev sahibi ile kira bedeli olarak 850 liraya anla\u015fan Binicio\u011flu&#8217;nun kiras\u0131, ilk y\u0131l\u0131n ard\u0131ndan 1000 lira oldu. Bu s\u0131rada kanserle m\u00fccadele eden k\u0131z\u0131 Nimet Binicio\u011flu ya\u015fam\u0131n\u0131 yitirdi. Torunlar\u0131 Efe ve \u0130zzet ile birlikte ya\u015famaya ba\u015flayan Binicio\u011flu&#8217;na, k\u0131z\u0131n\u0131n \u00f6l\u00fcm\u00fcnden 1 hafta sonra tahliye davas\u0131 a\u00e7\u0131ld\u0131\u011f\u0131na dair evrak geldi.<\/p>\n<p>DAVASI \u015e\u0130MD\u0130L\u0130K ERTELEND\u0130<\/p>\n<p>Mahkemeye \u00e7\u0131kan Binicio\u011flu, burada tahliye taahh\u00fctnamesi imzalad\u0131\u011f\u0131n\u0131 g\u00f6rd\u00fc. B\u00f6yle bir evraktan haberi olmad\u0131\u011f\u0131n\u0131 ve imzalamad\u0131\u011f\u0131n\u0131 s\u00f6yleyen Binicio\u011flu&#8217;nun tahliye davas\u0131, ertelendi. Ald\u0131\u011f\u0131 5 bin liral\u0131k ya\u015fl\u0131l\u0131k maa\u015f\u0131 ve torunlar\u0131na yatan Sosyal ve Ekonomik Destek (SED) yard\u0131m\u0131yla ge\u00e7inmeye \u00e7al\u0131\u015fan Binicio\u011flu, torunlar\u0131n\u0131n e\u011fitim hayatlar\u0131na devam edebilmesi i\u00e7in \u00e7abal\u0131yor. 7 bin lira kira \u00f6dedi\u011fi evinden tahliye edilirlerse gidecek yerleri olmad\u0131\u011f\u0131n\u0131 s\u00f6yleyen Binicio\u011flu, yard\u0131m eli bekliyor.<\/p>\n<p>KIZIMI KANSERDEN KAYBETT\u0130M<\/p>\n<p>Evi ilk kiralad\u0131klar\u0131nda sadece kontrat imzalad\u0131\u011f\u0131n\u0131 s\u00f6yleyen Mehmet Binicio\u011flu, \u201c2020 y\u0131l\u0131nda oturdu\u011fumuz bu evi kiralad\u0131k. Kiray\u0131 850 lira olarak belirledik. Sonraki sene 1000 lira oldu. Sonraki sene devletin belirledi\u011fi y\u00fczde 25 oran\u0131nda art\u0131\u015f yapt\u0131k. Sonra ev sahibinin o\u011flu bana &#8216;Sen az kira \u00f6d\u00fcyorsun. Evden \u00e7\u0131k&#8217; dedi. Ben de kabul etmedim. Bu s\u0131rada k\u0131z\u0131m hayat\u0131n\u0131 kaybetti. 2 torunumla beraber ya\u015famaya ba\u015flad\u0131k. K\u0131z\u0131m\u0131n rahmetli olmas\u0131ndan 1 hafta sonra evden \u00e7\u0131kmam i\u00e7in beni mahkemeye verdiler&#8221; dedi.<\/p>\n<p>TAHL\u0130YE TAAHH\u00dcTNAMES\u0130 \u0130MZALAMADIM<\/p>\n<p>\u00c7aresiz kald\u0131klar\u0131n\u0131 s\u00f6yleyen Binicio\u011flu, &#8220;Mahkemeye tahliye taahh\u00fctnamesi sunulmu\u015f. B\u00f6yle bir \u015feye imza att\u0131\u011f\u0131mdan haberim yok. Bana b\u00f6yle bir \u015fey de s\u00f6ylenmedi. Kontrat\u0131m\u0131 imzalad\u0131m ama taahh\u00fctname imzalad\u0131\u011f\u0131m\u0131 hat\u0131rlam\u0131yorum. Nas\u0131l oldu\u011funu da bilmiyorum. \u015eu an 7 bin lira kira \u00f6d\u00fcyorum. B\u00fcy\u00fck torunum bu sene \u00fcniversite s\u0131nav\u0131na girecek. Di\u011fer torunum da liseye yeni ba\u015flad\u0131. Tan\u0131d\u0131klar\u0131m\u0131z destek oluyor. Ne yapaca\u011f\u0131m\u0131 bilmiyorum&#8221; diye konu\u015ftu.<\/p>\n<p>\u200bAntalya&#8217;da ya\u015fayan 71 ya\u015f\u0131ndaki Mehmet Binicio\u011flu, iki torunu ile birlikte kald\u0131\u011f\u0131 evinden tahliye edilme riskiyle kar\u015f\u0131 kar\u015f\u0131ya. Binicio\u011flu, imzalad\u0131\u011f\u0131ndan haberi olmad\u0131\u011f\u0131n\u0131 iddia etti\u011fi taahh\u00fctname nedeniyle evinden \u00e7\u0131kar\u0131lmak isteniyor. Binicio\u011flu, lisede okuyan 15 ve 17 ya\u015f\u0131ndaki torunlar\u0131yla birlikte \u00e7\u00f6z\u00fcm ar\u0131yor\u00a0<\/p>\n<p>\u200bHaberin Al\u0131nt\u0131land\u0131\u011f\u0131 Kaynak: www.antalyakorfez.com<\/p>","protected":false},"excerpt":{"rendered":"<p>Antalya\u2019n\u0131n Kepez il\u00e7esinde ya\u015fayan Mehmet Binicio\u011flu, k\u0131z\u0131 Nimet Binicio\u011flu ve 2 torunu ile 5 y\u0131l \u00f6nce bir ev kiralad\u0131. Ev sahibi ile kira bedeli olarak 850 liraya anla\u015fan Binicio\u011flu&#8217;nun kiras\u0131, ilk y\u0131l\u0131n ard\u0131ndan 1000 lira oldu. Bu s\u0131rada kanserle m\u00fccadele eden k\u0131z\u0131 Nimet Binicio\u011flu ya\u015fam\u0131n\u0131 yitirdi. Torunlar\u0131 Efe ve \u0130zzet ile birlikte ya\u015famaya ba\u015flayan Binicio\u011flu&#8217;na, k\u0131z\u0131n\u0131n \u00f6l\u00fcm\u00fcnden 1 hafta sonra tahliye davas\u0131 a\u00e7\u0131ld\u0131\u011f\u0131na dair evrak geldi. DAVASI \u015e\u0130MD\u0130L\u0130K ERTELEND\u0130 Mahkemeye \u00e7\u0131kan Binicio\u011flu, burada tahliye taahh\u00fctnamesi imzalad\u0131\u011f\u0131n\u0131 g\u00f6rd\u00fc. B\u00f6yle bir evraktan haberi olmad\u0131\u011f\u0131n\u0131 ve imzalamad\u0131\u011f\u0131n\u0131 s\u00f6yleyen Binicio\u011flu&#8217;nun tahliye davas\u0131, ertelendi. Ald\u0131\u011f\u0131 5 bin liral\u0131k ya\u015fl\u0131l\u0131k maa\u015f\u0131 ve torunlar\u0131na yatan Sosyal ve Ekonomik Destek (SED) yard\u0131m\u0131yla ge\u00e7inmeye \u00e7al\u0131\u015fan Binicio\u011flu, torunlar\u0131n\u0131n e\u011fitim hayatlar\u0131na devam edebilmesi i\u00e7in \u00e7abal\u0131yor. 7 bin lira kira \u00f6dedi\u011fi evinden tahliye edilirlerse gidecek yerleri olmad\u0131\u011f\u0131n\u0131 s\u00f6yleyen Binicio\u011flu, yard\u0131m eli bekliyor. KIZIMI KANSERDEN KAYBETT\u0130M Evi ilk kiralad\u0131klar\u0131nda sadece kontrat imzalad\u0131\u011f\u0131n\u0131 s\u00f6yleyen Mehmet Binicio\u011flu, \u201c2020 y\u0131l\u0131nda oturdu\u011fumuz bu evi kiralad\u0131k. Kiray\u0131 850 lira olarak belirledik. Sonraki sene 1000 lira oldu. Sonraki sene devletin belirledi\u011fi y\u00fczde 25 oran\u0131nda art\u0131\u015f yapt\u0131k. Sonra ev sahibinin o\u011flu bana &#8216;Sen az kira \u00f6d\u00fcyorsun. Evden \u00e7\u0131k&#8217; dedi. Ben de kabul etmedim. Bu s\u0131rada k\u0131z\u0131m hayat\u0131n\u0131 kaybetti. 2 torunumla beraber ya\u015famaya ba\u015flad\u0131k. K\u0131z\u0131m\u0131n rahmetli olmas\u0131ndan 1 hafta sonra evden &hellip;<\/p>","protected":false},"author":5,"featured_media":0,"comment_status":"","ping_status":"open","sticky":false,"template":"","format":"standard","meta":{"_acf_changed":false,"footnotes":""},"categories":[24],"tags":[],"class_list":["post-53315","post","type-post","status-publish","format-standard","has-post-thumbnail","hentry","category-gundem"],"acf":[],"yoast_head":"<!-- This site is optimized with the Yoast SEO Premium plugin v26.6 (Yoast SEO v27.1.1) - https:\/\/yoast.com\/product\/yoast-seo-premium-wordpress\/ -->\n<title>Antalya\u2019da kirac\u0131 \u2013 ev sahibi \u00e7ilesi bitmiyor: 71 ya\u015f\u0131ndaki adam evsiz kalmamak i\u00e7in u\u011fra\u015f\u0131yor - Av. Deniz Can K\u0131z\u0131l<\/title>\n<meta name=\"robots\" content=\"index, follow, max-snippet:-1, max-image-preview:large, max-video-preview:-1\" \/>\n<link rel=\"canonical\" href=\"https:\/\/denizcankizil.tr\/de\/haberler\/gundem\/antalyada-kiraci-ev-sahibi-cilesi-bitmiyor-71-yasindaki-adam-evsiz-kalmamak-icin-ugrasiyor\/\" \/>\n<meta property=\"og:locale\" content=\"de_DE\" \/>\n<meta property=\"og:type\" content=\"article\" \/>\n<meta property=\"og:title\" content=\"Antalya\u2019da kirac\u0131 \u2013 ev sahibi \u00e7ilesi bitmiyor: 71 ya\u015f\u0131ndaki adam evsiz kalmamak i\u00e7in u\u011fra\u015f\u0131yor\" \/>\n<meta property=\"og:description\" content=\"Antalya\u2019n\u0131n Kepez il\u00e7esinde ya\u015fayan Mehmet Binicio\u011flu, k\u0131z\u0131 Nimet Binicio\u011flu ve 2 torunu ile 5 y\u0131l \u00f6nce bir ev kiralad\u0131. Ev sahibi ile kira bedeli olarak 850 liraya anla\u015fan Binicio\u011flu&#8217;nun kiras\u0131, ilk y\u0131l\u0131n ard\u0131ndan 1000 lira oldu. Bu s\u0131rada kanserle m\u00fccadele eden k\u0131z\u0131 Nimet Binicio\u011flu ya\u015fam\u0131n\u0131 yitirdi. Torunlar\u0131 Efe ve \u0130zzet ile birlikte ya\u015famaya ba\u015flayan Binicio\u011flu&#8217;na, k\u0131z\u0131n\u0131n \u00f6l\u00fcm\u00fcnden 1 hafta sonra tahliye davas\u0131 a\u00e7\u0131ld\u0131\u011f\u0131na dair evrak geldi. DAVASI \u015e\u0130MD\u0130L\u0130K ERTELEND\u0130 Mahkemeye \u00e7\u0131kan Binicio\u011flu, burada tahliye taahh\u00fctnamesi imzalad\u0131\u011f\u0131n\u0131 g\u00f6rd\u00fc. B\u00f6yle bir evraktan haberi olmad\u0131\u011f\u0131n\u0131 ve imzalamad\u0131\u011f\u0131n\u0131 s\u00f6yleyen Binicio\u011flu&#8217;nun tahliye davas\u0131, ertelendi. Ald\u0131\u011f\u0131 5 bin liral\u0131k ya\u015fl\u0131l\u0131k maa\u015f\u0131 ve torunlar\u0131na yatan Sosyal ve Ekonomik Destek (SED) yard\u0131m\u0131yla ge\u00e7inmeye \u00e7al\u0131\u015fan Binicio\u011flu, torunlar\u0131n\u0131n e\u011fitim hayatlar\u0131na devam edebilmesi i\u00e7in \u00e7abal\u0131yor. 7 bin lira kira \u00f6dedi\u011fi evinden tahliye edilirlerse gidecek yerleri olmad\u0131\u011f\u0131n\u0131 s\u00f6yleyen Binicio\u011flu, yard\u0131m eli bekliyor. KIZIMI KANSERDEN KAYBETT\u0130M Evi ilk kiralad\u0131klar\u0131nda sadece kontrat imzalad\u0131\u011f\u0131n\u0131 s\u00f6yleyen Mehmet Binicio\u011flu, \u201c2020 y\u0131l\u0131nda oturdu\u011fumuz bu evi kiralad\u0131k. Kiray\u0131 850 lira olarak belirledik. Sonraki sene 1000 lira oldu. Sonraki sene devletin belirledi\u011fi y\u00fczde 25 oran\u0131nda art\u0131\u015f yapt\u0131k. Sonra ev sahibinin o\u011flu bana &#8216;Sen az kira \u00f6d\u00fcyorsun. Evden \u00e7\u0131k&#8217; dedi. Ben de kabul etmedim. Bu s\u0131rada k\u0131z\u0131m hayat\u0131n\u0131 kaybetti. 2 torunumla beraber ya\u015famaya ba\u015flad\u0131k. K\u0131z\u0131m\u0131n rahmetli olmas\u0131ndan 1 hafta sonra evden &hellip;\" \/>\n<meta property=\"og:url\" content=\"https:\/\/denizcankizil.tr\/de\/haberler\/gundem\/antalyada-kiraci-ev-sahibi-cilesi-bitmiyor-71-yasindaki-adam-evsiz-kalmamak-icin-ugrasiyor\/\" \/>\n<meta property=\"og:site_name\" content=\"Av. Deniz Can K\u0131z\u0131l\" \/>\n<meta property=\"article:published_time\" content=\"2025-04-12T07:41:53+00:00\" \/>\n<meta name=\"author\" content=\"Antalya K\u00f6rfez\" \/>\n<meta name=\"twitter:card\" content=\"summary_large_image\" \/>\n<meta name=\"twitter:label1\" content=\"Verfasst von\" \/>\n\t<meta name=\"twitter:data1\" content=\"Antalya K\u00f6rfez\" \/>\n\t<meta name=\"twitter:label2\" content=\"Gesch\u00e4tzte Lesezeit\" \/>\n\t<meta name=\"twitter:data2\" content=\"2\u00a0Minuten\" \/>\n<script type=\"application\/ld+json\" class=\"yoast-schema-graph\">{\"@context\":\"https:\/\/schema.org\",\"@graph\":[{\"@type\":\"Article\",\"@id\":\"https:\/\/denizcankizil.tr\/ru\/haberler\/gundem\/antalyada-kiraci-ev-sahibi-cilesi-bitmiyor-71-yasindaki-adam-evsiz-kalmamak-icin-ugrasiyor\/#article\",\"isPartOf\":{\"@id\":\"https:\/\/denizcankizil.tr\/ru\/haberler\/gundem\/antalyada-kiraci-ev-sahibi-cilesi-bitmiyor-71-yasindaki-adam-evsiz-kalmamak-icin-ugrasiyor\/\"},\"author\":{\"name\":\"Antalya K\u00f6rfez\",\"@id\":\"https:\/\/denizcankizil.tr\/de\/#\/schema\/person\/e1eb71bb4dd684d46563f0af307e1234\"},\"headline\":\"Antalya\u2019da kirac\u0131 \u2013 ev sahibi \u00e7ilesi bitmiyor: 71 ya\u015f\u0131ndaki adam evsiz kalmamak i\u00e7in u\u011fra\u015f\u0131yor\",\"datePublished\":\"2025-04-12T07:41:53+00:00\",\"mainEntityOfPage\":{\"@id\":\"https:\/\/denizcankizil.tr\/ru\/haberler\/gundem\/antalyada-kiraci-ev-sahibi-cilesi-bitmiyor-71-yasindaki-adam-evsiz-kalmamak-icin-ugrasiyor\/\"},\"wordCount\":455,\"publisher\":{\"@id\":\"https:\/\/denizcankizil.tr\/de\/#organization\"},\"articleSection\":[\"G\u00fcndem\"],\"inLanguage\":\"de\"},{\"@type\":\"WebPage\",\"@id\":\"https:\/\/denizcankizil.tr\/ru\/haberler\/gundem\/antalyada-kiraci-ev-sahibi-cilesi-bitmiyor-71-yasindaki-adam-evsiz-kalmamak-icin-ugrasiyor\/\",\"url\":\"https:\/\/denizcankizil.tr\/ru\/haberler\/gundem\/antalyada-kiraci-ev-sahibi-cilesi-bitmiyor-71-yasindaki-adam-evsiz-kalmamak-icin-ugrasiyor\/\",\"name\":\"Antalya\u2019da kirac\u0131 \u2013 ev sahibi \u00e7ilesi bitmiyor: 71 ya\u015f\u0131ndaki adam evsiz kalmamak i\u00e7in u\u011fra\u015f\u0131yor - Av. Deniz Can K\u0131z\u0131l\",\"isPartOf\":{\"@id\":\"https:\/\/denizcankizil.tr\/de\/#website\"},\"datePublished\":\"2025-04-12T07:41:53+00:00\",\"breadcrumb\":{\"@id\":\"https:\/\/denizcankizil.tr\/ru\/haberler\/gundem\/antalyada-kiraci-ev-sahibi-cilesi-bitmiyor-71-yasindaki-adam-evsiz-kalmamak-icin-ugrasiyor\/#breadcrumb\"},\"inLanguage\":\"de\",\"potentialAction\":[{\"@type\":\"ReadAction\",\"target\":[\"https:\/\/denizcankizil.tr\/ru\/haberler\/gundem\/antalyada-kiraci-ev-sahibi-cilesi-bitmiyor-71-yasindaki-adam-evsiz-kalmamak-icin-ugrasiyor\/\"]}]},{\"@type\":\"BreadcrumbList\",\"@id\":\"https:\/\/denizcankizil.tr\/ru\/haberler\/gundem\/antalyada-kiraci-ev-sahibi-cilesi-bitmiyor-71-yasindaki-adam-evsiz-kalmamak-icin-ugrasiyor\/#breadcrumb\",\"itemListElement\":[{\"@type\":\"ListItem\",\"position\":1,\"name\":\"Home\",\"item\":\"https:\/\/denizcankizil.tr\/de\/\"},{\"@type\":\"ListItem\",\"position\":2,\"name\":\"Antalya\u2019da kirac\u0131 \u2013 ev sahibi \u00e7ilesi bitmiyor: 71 ya\u015f\u0131ndaki adam evsiz kalmamak i\u00e7in u\u011fra\u015f\u0131yor\"}]},{\"@type\":\"WebSite\",\"@id\":\"https:\/\/denizcankizil.tr\/de\/#website\",\"url\":\"https:\/\/denizcankizil.tr\/de\/\",\"name\":\"Av. Deniz Can K\u0131z\u0131l\",\"description\":\"Avukat Deniz Can K\u0131z\u0131l Antalya Barosu\",\"publisher\":{\"@id\":\"https:\/\/denizcankizil.tr\/de\/#organization\"},\"potentialAction\":[{\"@type\":\"SearchAction\",\"target\":{\"@type\":\"EntryPoint\",\"urlTemplate\":\"https:\/\/denizcankizil.tr\/de\/?s={search_term_string}\"},\"query-input\":{\"@type\":\"PropertyValueSpecification\",\"valueRequired\":true,\"valueName\":\"search_term_string\"}}],\"inLanguage\":\"de\"},{\"@type\":\"Organization\",\"@id\":\"https:\/\/denizcankizil.tr\/de\/#organization\",\"name\":\"Av. Deniz Can K\u0131z\u0131l\",\"url\":\"https:\/\/denizcankizil.tr\/de\/\",\"logo\":{\"@type\":\"ImageObject\",\"inLanguage\":\"de\",\"@id\":\"https:\/\/denizcankizil.tr\/de\/#\/schema\/logo\/image\/\",\"url\":\"https:\/\/denizcankizil.tr\/wp-content\/uploads\/2024\/10\/siyah-logo-svg.svg\",\"contentUrl\":\"https:\/\/denizcankizil.tr\/wp-content\/uploads\/2024\/10\/siyah-logo-svg.svg\",\"width\":1080,\"height\":1080,\"caption\":\"Av. Deniz Can K\u0131z\u0131l\"},\"image\":{\"@id\":\"https:\/\/denizcankizil.tr\/de\/#\/schema\/logo\/image\/\"}},{\"@type\":\"Person\",\"@id\":\"https:\/\/denizcankizil.tr\/de\/#\/schema\/person\/e1eb71bb4dd684d46563f0af307e1234\",\"name\":\"Antalya K\u00f6rfez\",\"image\":{\"@type\":\"ImageObject\",\"inLanguage\":\"de\",\"@id\":\"https:\/\/denizcankizil.tr\/de\/#\/schema\/person\/image\/\",\"url\":\"https:\/\/secure.gravatar.com\/avatar\/42b01982558a48a0b501fdcab6a408d3717ea5919095ee2e67b0e521799c5905?s=96&d=mm&r=g\",\"contentUrl\":\"https:\/\/secure.gravatar.com\/avatar\/42b01982558a48a0b501fdcab6a408d3717ea5919095ee2e67b0e521799c5905?s=96&d=mm&r=g\",\"caption\":\"Antalya K\u00f6rfez\"},\"sameAs\":[\"http:\/\/www.antalyakorfez.com\"],\"url\":\"https:\/\/www.antalyakorfez.com\/antalyada-kiraci-ev-sahibi-cilesi-bitmiyor-71-yasindaki-adam-evsiz-kalmamak-icin-ugrasiyor\"}]}<\/script>\n<!-- \/ Yoast SEO Premium plugin. -->","yoast_head_json":{"title":"Antalya\u2019da kirac\u0131 \u2013 ev sahibi \u00e7ilesi bitmiyor: 71 ya\u015f\u0131ndaki adam evsiz kalmamak i\u00e7in u\u011fra\u015f\u0131yor - Av. Deniz Can K\u0131z\u0131l","robots":{"index":"index","follow":"follow","max-snippet":"max-snippet:-1","max-image-preview":"max-image-preview:large","max-video-preview":"max-video-preview:-1"},"canonical":"https:\/\/denizcankizil.tr\/de\/haberler\/gundem\/antalyada-kiraci-ev-sahibi-cilesi-bitmiyor-71-yasindaki-adam-evsiz-kalmamak-icin-ugrasiyor\/","og_locale":"de_DE","og_type":"article","og_title":"Antalya\u2019da kirac\u0131 \u2013 ev sahibi \u00e7ilesi bitmiyor: 71 ya\u015f\u0131ndaki adam evsiz kalmamak i\u00e7in u\u011fra\u015f\u0131yor","og_description":"Antalya\u2019n\u0131n Kepez il\u00e7esinde ya\u015fayan Mehmet Binicio\u011flu, k\u0131z\u0131 Nimet Binicio\u011flu ve 2 torunu ile 5 y\u0131l \u00f6nce bir ev kiralad\u0131. Ev sahibi ile kira bedeli olarak 850 liraya anla\u015fan Binicio\u011flu&#8217;nun kiras\u0131, ilk y\u0131l\u0131n ard\u0131ndan 1000 lira oldu. Bu s\u0131rada kanserle m\u00fccadele eden k\u0131z\u0131 Nimet Binicio\u011flu ya\u015fam\u0131n\u0131 yitirdi. Torunlar\u0131 Efe ve \u0130zzet ile birlikte ya\u015famaya ba\u015flayan Binicio\u011flu&#8217;na, k\u0131z\u0131n\u0131n \u00f6l\u00fcm\u00fcnden 1 hafta sonra tahliye davas\u0131 a\u00e7\u0131ld\u0131\u011f\u0131na dair evrak geldi. DAVASI \u015e\u0130MD\u0130L\u0130K ERTELEND\u0130 Mahkemeye \u00e7\u0131kan Binicio\u011flu, burada tahliye taahh\u00fctnamesi imzalad\u0131\u011f\u0131n\u0131 g\u00f6rd\u00fc. B\u00f6yle bir evraktan haberi olmad\u0131\u011f\u0131n\u0131 ve imzalamad\u0131\u011f\u0131n\u0131 s\u00f6yleyen Binicio\u011flu&#8217;nun tahliye davas\u0131, ertelendi. Ald\u0131\u011f\u0131 5 bin liral\u0131k ya\u015fl\u0131l\u0131k maa\u015f\u0131 ve torunlar\u0131na yatan Sosyal ve Ekonomik Destek (SED) yard\u0131m\u0131yla ge\u00e7inmeye \u00e7al\u0131\u015fan Binicio\u011flu, torunlar\u0131n\u0131n e\u011fitim hayatlar\u0131na devam edebilmesi i\u00e7in \u00e7abal\u0131yor. 7 bin lira kira \u00f6dedi\u011fi evinden tahliye edilirlerse gidecek yerleri olmad\u0131\u011f\u0131n\u0131 s\u00f6yleyen Binicio\u011flu, yard\u0131m eli bekliyor. KIZIMI KANSERDEN KAYBETT\u0130M Evi ilk kiralad\u0131klar\u0131nda sadece kontrat imzalad\u0131\u011f\u0131n\u0131 s\u00f6yleyen Mehmet Binicio\u011flu, \u201c2020 y\u0131l\u0131nda oturdu\u011fumuz bu evi kiralad\u0131k. Kiray\u0131 850 lira olarak belirledik. Sonraki sene 1000 lira oldu. Sonraki sene devletin belirledi\u011fi y\u00fczde 25 oran\u0131nda art\u0131\u015f yapt\u0131k. Sonra ev sahibinin o\u011flu bana &#8216;Sen az kira \u00f6d\u00fcyorsun. Evden \u00e7\u0131k&#8217; dedi. Ben de kabul etmedim. Bu s\u0131rada k\u0131z\u0131m hayat\u0131n\u0131 kaybetti. 2 torunumla beraber ya\u015famaya ba\u015flad\u0131k. K\u0131z\u0131m\u0131n rahmetli olmas\u0131ndan 1 hafta sonra evden &hellip;","og_url":"https:\/\/denizcankizil.tr\/de\/haberler\/gundem\/antalyada-kiraci-ev-sahibi-cilesi-bitmiyor-71-yasindaki-adam-evsiz-kalmamak-icin-ugrasiyor\/","og_site_name":"Av. Deniz Can K\u0131z\u0131l","article_published_time":"2025-04-12T07:41:53+00:00","author":"Antalya K\u00f6rfez","twitter_card":"summary_large_image","twitter_misc":{"Verfasst von":"Antalya K\u00f6rfez","Gesch\u00e4tzte Lesezeit":"2\u00a0Minuten"},"schema":{"@context":"https:\/\/schema.org","@graph":[{"@type":"Article","@id":"https:\/\/denizcankizil.tr\/ru\/haberler\/gundem\/antalyada-kiraci-ev-sahibi-cilesi-bitmiyor-71-yasindaki-adam-evsiz-kalmamak-icin-ugrasiyor\/#article","isPartOf":{"@id":"https:\/\/denizcankizil.tr\/ru\/haberler\/gundem\/antalyada-kiraci-ev-sahibi-cilesi-bitmiyor-71-yasindaki-adam-evsiz-kalmamak-icin-ugrasiyor\/"},"author":{"name":"Antalya K\u00f6rfez","@id":"https:\/\/denizcankizil.tr\/de\/#\/schema\/person\/e1eb71bb4dd684d46563f0af307e1234"},"headline":"Antalya\u2019da kirac\u0131 \u2013 ev sahibi \u00e7ilesi bitmiyor: 71 ya\u015f\u0131ndaki adam evsiz kalmamak i\u00e7in u\u011fra\u015f\u0131yor","datePublished":"2025-04-12T07:41:53+00:00","mainEntityOfPage":{"@id":"https:\/\/denizcankizil.tr\/ru\/haberler\/gundem\/antalyada-kiraci-ev-sahibi-cilesi-bitmiyor-71-yasindaki-adam-evsiz-kalmamak-icin-ugrasiyor\/"},"wordCount":455,"publisher":{"@id":"https:\/\/denizcankizil.tr\/de\/#organization"},"articleSection":["G\u00fcndem"],"inLanguage":"de"},{"@type":"WebPage","@id":"https:\/\/denizcankizil.tr\/ru\/haberler\/gundem\/antalyada-kiraci-ev-sahibi-cilesi-bitmiyor-71-yasindaki-adam-evsiz-kalmamak-icin-ugrasiyor\/","url":"https:\/\/denizcankizil.tr\/ru\/haberler\/gundem\/antalyada-kiraci-ev-sahibi-cilesi-bitmiyor-71-yasindaki-adam-evsiz-kalmamak-icin-ugrasiyor\/","name":"Antalya\u2019da kirac\u0131 \u2013 ev sahibi \u00e7ilesi bitmiyor: 71 ya\u015f\u0131ndaki adam evsiz kalmamak i\u00e7in u\u011fra\u015f\u0131yor - Av. Deniz Can K\u0131z\u0131l","isPartOf":{"@id":"https:\/\/denizcankizil.tr\/de\/#website"},"datePublished":"2025-04-12T07:41:53+00:00","breadcrumb":{"@id":"https:\/\/denizcankizil.tr\/ru\/haberler\/gundem\/antalyada-kiraci-ev-sahibi-cilesi-bitmiyor-71-yasindaki-adam-evsiz-kalmamak-icin-ugrasiyor\/#breadcrumb"},"inLanguage":"de","potentialAction":[{"@type":"ReadAction","target":["https:\/\/denizcankizil.tr\/ru\/haberler\/gundem\/antalyada-kiraci-ev-sahibi-cilesi-bitmiyor-71-yasindaki-adam-evsiz-kalmamak-icin-ugrasiyor\/"]}]},{"@type":"BreadcrumbList","@id":"https:\/\/denizcankizil.tr\/ru\/haberler\/gundem\/antalyada-kiraci-ev-sahibi-cilesi-bitmiyor-71-yasindaki-adam-evsiz-kalmamak-icin-ugrasiyor\/#breadcrumb","itemListElement":[{"@type":"ListItem","position":1,"name":"Home","item":"https:\/\/denizcankizil.tr\/de\/"},{"@type":"ListItem","position":2,"name":"Antalya\u2019da kirac\u0131 \u2013 ev sahibi \u00e7ilesi bitmiyor: 71 ya\u015f\u0131ndaki adam evsiz kalmamak i\u00e7in u\u011fra\u015f\u0131yor"}]},{"@type":"WebSite","@id":"https:\/\/denizcankizil.tr\/de\/#website","url":"https:\/\/denizcankizil.tr\/de\/","name":"Av. Deniz Can K\u0131z\u0131l","description":"Avukat Deniz Can K\u0131z\u0131l Antalya Barosu","publisher":{"@id":"https:\/\/denizcankizil.tr\/de\/#organization"},"potentialAction":[{"@type":"SearchAction","target":{"@type":"EntryPoint","urlTemplate":"https:\/\/denizcankizil.tr\/de\/?s={search_term_string}"},"query-input":{"@type":"PropertyValueSpecification","valueRequired":true,"valueName":"search_term_string"}}],"inLanguage":"de"},{"@type":"Organization","@id":"https:\/\/denizcankizil.tr\/de\/#organization","name":"Av. Deniz Can K\u0131z\u0131l","url":"https:\/\/denizcankizil.tr\/de\/","logo":{"@type":"ImageObject","inLanguage":"de","@id":"https:\/\/denizcankizil.tr\/de\/#\/schema\/logo\/image\/","url":"https:\/\/denizcankizil.tr\/wp-content\/uploads\/2024\/10\/siyah-logo-svg.svg","contentUrl":"https:\/\/denizcankizil.tr\/wp-content\/uploads\/2024\/10\/siyah-logo-svg.svg","width":1080,"height":1080,"caption":"Av. Deniz Can K\u0131z\u0131l"},"image":{"@id":"https:\/\/denizcankizil.tr\/de\/#\/schema\/logo\/image\/"}},{"@type":"Person","@id":"https:\/\/denizcankizil.tr\/de\/#\/schema\/person\/e1eb71bb4dd684d46563f0af307e1234","name":"Antalya K\u00f6rfez","image":{"@type":"ImageObject","inLanguage":"de","@id":"https:\/\/denizcankizil.tr\/de\/#\/schema\/person\/image\/","url":"https:\/\/secure.gravatar.com\/avatar\/42b01982558a48a0b501fdcab6a408d3717ea5919095ee2e67b0e521799c5905?s=96&d=mm&r=g","contentUrl":"https:\/\/secure.gravatar.com\/avatar\/42b01982558a48a0b501fdcab6a408d3717ea5919095ee2e67b0e521799c5905?s=96&d=mm&r=g","caption":"Antalya K\u00f6rfez"},"sameAs":["http:\/\/www.antalyakorfez.com"],"url":"https:\/\/www.antalyakorfez.com\/antalyada-kiraci-ev-sahibi-cilesi-bitmiyor-71-yasindaki-adam-evsiz-kalmamak-icin-ugrasiyor"}]}},"_links":{"self":[{"href":"https:\/\/denizcankizil.tr\/de\/wp-json\/wp\/v2\/posts\/53315","targetHints":{"allow":["GET"]}}],"collection":[{"href":"https:\/\/denizcankizil.tr\/de\/wp-json\/wp\/v2\/posts"}],"about":[{"href":"https:\/\/denizcankizil.tr\/de\/wp-json\/wp\/v2\/types\/post"}],"author":[{"embeddable":true,"href":"https:\/\/denizcankizil.tr\/de\/wp-json\/wp\/v2\/users\/5"}],"replies":[{"embeddable":true,"href":"https:\/\/denizcankizil.tr\/de\/wp-json\/wp\/v2\/comments?post=53315"}],"version-history":[{"count":0,"href":"https:\/\/denizcankizil.tr\/de\/wp-json\/wp\/v2\/posts\/53315\/revisions"}],"wp:attachment":[{"href":"https:\/\/denizcankizil.tr\/de\/wp-json\/wp\/v2\/media?parent=53315"}],"wp:term":[{"taxonomy":"category","embeddable":true,"href":"https:\/\/denizcankizil.tr\/de\/wp-json\/wp\/v2\/categories?post=53315"},{"taxonomy":"post_tag","embeddable":true,"href":"https:\/\/denizcankizil.tr\/de\/wp-json\/wp\/v2\/tags?post=53315"}],"curies":[{"name":"wp","href":"https:\/\/api.w.org\/{rel}","templated":true}]}}