{"id":52624,"date":"2025-04-11T17:41:14","date_gmt":"2025-04-11T14:41:14","guid":{"rendered":"https:\/\/denizcankizil.tr\/uncategorized-tr\/alanyada-bir-ilk-kapali-prostat-kanseri-ameliyati\/"},"modified":"2025-04-11T17:41:14","modified_gmt":"2025-04-11T14:41:14","slug":"alanyada-bir-ilk-kapali-prostat-kanseri-ameliyati","status":"publish","type":"post","link":"https:\/\/denizcankizil.tr\/de\/haberler\/antalya\/alanyada-bir-ilk-kapali-prostat-kanseri-ameliyati\/","title":{"rendered":"Alanya&#8217;da bir ilk: Kapal\u0131 prostat kanseri ameliyat\u0131"},"content":{"rendered":"<p>Alanya\u2019da ya\u015fayan 65 ya\u015f\u0131ndaki Ramazan Karata\u015f&#8217;a prostat kanseri tan\u0131s\u0131 konulmas\u0131n\u0131n ard\u0131ndan hekimi Do\u00e7. Dr. Ali Akko\u00e7 taraf\u0131ndan laparoskopik radikal prostatektomi ameliyat\u0131 \u00f6nerildi. Hastan\u0131n da onay\u0131 al\u0131nd\u0131ktan sonra Genel Cerrahi Uzman\u0131 Op. Dr. G\u00f6khan Av\u015far ve \u00dcroloji Uzman\u0131 Do\u00e7. Dr. Murat Top\u00e7uo\u011flu&#8217;nun da kat\u0131ld\u0131\u011f\u0131 operasyon ba\u015far\u0131yla ger\u00e7ekle\u015ftirildi.\u00a0<\/p>\n<p>\u00a0 Ameliyat sonras\u0131, hastan\u0131n 4&#8217;\u00fcnc\u00fc g\u00fcn\u00fcnde taburcu edildi\u011fini belirten Do\u00e7. Dr. Akko\u00e7, &#8220;Laparoskopik cerrahi, a\u00e7\u0131k cerrahiye k\u0131yasla hastalara \u00f6nemli faydalar sunmaktad\u0131r. Daha az a\u011fr\u0131, daha d\u00fc\u015f\u00fck enfeksiyon riski, daha h\u0131zl\u0131 iyile\u015fme s\u00fcreci ve minimal yara izleri ile kozmetik a\u00e7\u0131dan daha iyi sonu\u00e7lar bu y\u00f6ntemin ba\u015fl\u0131ca avantajlar\u0131d\u0131r. Geleneksel a\u00e7\u0131k radikal prostatektomi (a\u00e7\u0131k prostat kanseri ameliyat\u0131) y\u00f6nteminde, g\u00f6bek alt\u0131ndan yakla\u015f\u0131k 15-20 cm\u2019lik kesi yap\u0131larak prostat bezine ula\u015f\u0131l\u0131rken, bu durum hastalar i\u00e7in daha fazla a\u011fr\u0131, daha uzun iyile\u015fme s\u00fcresi ve daha belirgin yara izine neden olabiliyor. Ayr\u0131ca, a\u00e7\u0131k cerrahi sonras\u0131 enfeksiyon riski de daha y\u00fcksek olabiliyor. Laparoskopik radikal prostatektomi ameliyat\u0131 ise kar\u0131n b\u00f6lgesine a\u00e7\u0131lan 0,5-1 cm&#8217;lik 4-5 adet k\u00fc\u00e7\u00fck delik arac\u0131l\u0131\u011f\u0131yla ger\u00e7ekle\u015ftiriliyor. Bu deliklerden i\u00e7eri sokulan \u00f6zel cerrahi aletler ve kamera sistemi sayesinde, prostat bezi minimal invaziv \u015fekilde \u00e7\u0131kar\u0131labilirken, hastalara bir\u00e7ok avantaj sa\u011fl\u0131yor&#8221; dedi.\u00a0<\/p>\n<p>\u00a0 Ayr\u0131ca deneyim ve beceri gerektiren bu ameliyat\u0131n Alanya&#8217;da yap\u0131lmas\u0131ndan dolay\u0131 mutluluk duydu\u011funu ifade eden Do\u00e7. Dr. Ali Akko\u00e7 &#8220;\u0130leri d\u00fczey laparoskopik deneyim ve beceri gerektiren bu gibi kanser ameliyatlar\u0131n\u0131n Alanya&#8217;da yap\u0131lmas\u0131ndan b\u00fcy\u00fck mutluluk duyuyoruz. Eskiden hastalar\u0131m\u0131z bu t\u00fcr kompleks operasyonlar i\u00e7in b\u00fcy\u00fck \u015fehirlere sevk edilirken, art\u0131k bu ileri d\u00fczey cerrahi m\u00fcdahaleleri Alanya&#8217;m\u0131zda ger\u00e7ekle\u015ftirebiliyoruz. \u00dcroloji ailesi olarak, Alanya ve b\u00f6lgemizde bu t\u00fcr \u00f6zellikli\u00a0sa\u011fl\u0131k\u00a0hizmetlerini sunmaya ve hastalar\u0131m\u0131z\u0131n ya\u015fam kalitesini art\u0131rmak i\u00e7in ileri t\u0131bbi teknolojileri kullanmaya devam edece\u011fiz\u2019\u2019 ifadelerini kulland\u0131.\u00a0<\/p>\n<p>Kaynak: www.kanalv.com.tr Haber Sitesinden Al\u0131nm\u0131\u015ft\u0131r.<\/p>","protected":false},"excerpt":{"rendered":"<p>Alanya\u2019da ya\u015fayan 65 ya\u015f\u0131ndaki Ramazan Karata\u015f&#8217;a prostat kanseri tan\u0131s\u0131 konulmas\u0131n\u0131n ard\u0131ndan hekimi Do\u00e7. Dr. Ali Akko\u00e7 taraf\u0131ndan laparoskopik radikal prostatektomi ameliyat\u0131 \u00f6nerildi. Hastan\u0131n da onay\u0131 al\u0131nd\u0131ktan sonra Genel Cerrahi Uzman\u0131 Op. Dr. G\u00f6khan Av\u015far ve \u00dcroloji Uzman\u0131 Do\u00e7. Dr. Murat Top\u00e7uo\u011flu&#8217;nun da kat\u0131ld\u0131\u011f\u0131 operasyon ba\u015far\u0131yla ger\u00e7ekle\u015ftirildi.\u00a0 \u00a0 Ameliyat sonras\u0131, hastan\u0131n 4&#8217;\u00fcnc\u00fc g\u00fcn\u00fcnde taburcu edildi\u011fini belirten Do\u00e7. Dr. Akko\u00e7, &#8220;Laparoskopik cerrahi, a\u00e7\u0131k cerrahiye k\u0131yasla hastalara \u00f6nemli faydalar sunmaktad\u0131r. Daha az a\u011fr\u0131, daha d\u00fc\u015f\u00fck enfeksiyon riski, daha h\u0131zl\u0131 iyile\u015fme s\u00fcreci ve minimal yara izleri ile kozmetik a\u00e7\u0131dan daha iyi sonu\u00e7lar bu y\u00f6ntemin ba\u015fl\u0131ca avantajlar\u0131d\u0131r. Geleneksel a\u00e7\u0131k radikal prostatektomi (a\u00e7\u0131k prostat kanseri ameliyat\u0131) y\u00f6nteminde, g\u00f6bek alt\u0131ndan yakla\u015f\u0131k 15-20 cm\u2019lik kesi yap\u0131larak prostat bezine ula\u015f\u0131l\u0131rken, bu durum hastalar i\u00e7in daha fazla a\u011fr\u0131, daha uzun iyile\u015fme s\u00fcresi ve daha belirgin yara izine neden olabiliyor. Ayr\u0131ca, a\u00e7\u0131k cerrahi sonras\u0131 enfeksiyon riski de daha y\u00fcksek olabiliyor. Laparoskopik radikal prostatektomi ameliyat\u0131 ise kar\u0131n b\u00f6lgesine a\u00e7\u0131lan 0,5-1 cm&#8217;lik 4-5 adet k\u00fc\u00e7\u00fck delik arac\u0131l\u0131\u011f\u0131yla ger\u00e7ekle\u015ftiriliyor. Bu deliklerden i\u00e7eri sokulan \u00f6zel cerrahi aletler ve kamera sistemi sayesinde, prostat bezi minimal invaziv \u015fekilde \u00e7\u0131kar\u0131labilirken, hastalara bir\u00e7ok avantaj sa\u011fl\u0131yor&#8221; dedi.\u00a0 \u00a0 Ayr\u0131ca deneyim ve beceri gerektiren bu ameliyat\u0131n Alanya&#8217;da yap\u0131lmas\u0131ndan dolay\u0131 mutluluk duydu\u011funu ifade eden Do\u00e7. Dr. Ali Akko\u00e7 &#8220;\u0130leri d\u00fczey laparoskopik deneyim &hellip;<\/p>","protected":false},"author":4,"featured_media":52625,"comment_status":"","ping_status":"open","sticky":false,"template":"","format":"standard","meta":{"_acf_changed":false,"footnotes":""},"categories":[26],"tags":[],"class_list":["post-52624","post","type-post","status-publish","format-standard","has-post-thumbnail","hentry","category-antalya"],"acf":[],"yoast_head":"<!-- This site is optimized with the Yoast SEO Premium plugin v26.6 (Yoast SEO v27.1.1) - https:\/\/yoast.com\/product\/yoast-seo-premium-wordpress\/ -->\n<title>Alanya&#039;da bir ilk: Kapal\u0131 prostat kanseri ameliyat\u0131 - Av. Deniz Can K\u0131z\u0131l<\/title>\n<meta name=\"robots\" content=\"index, follow, max-snippet:-1, max-image-preview:large, max-video-preview:-1\" \/>\n<link rel=\"canonical\" href=\"https:\/\/denizcankizil.tr\/de\/haberler\/antalya\/alanyada-bir-ilk-kapali-prostat-kanseri-ameliyati\/\" \/>\n<meta property=\"og:locale\" content=\"de_DE\" \/>\n<meta property=\"og:type\" content=\"article\" \/>\n<meta property=\"og:title\" content=\"Alanya&#039;da bir ilk: Kapal\u0131 prostat kanseri ameliyat\u0131\" \/>\n<meta property=\"og:description\" content=\"Alanya\u2019da ya\u015fayan 65 ya\u015f\u0131ndaki Ramazan Karata\u015f&#8217;a prostat kanseri tan\u0131s\u0131 konulmas\u0131n\u0131n ard\u0131ndan hekimi Do\u00e7. Dr. Ali Akko\u00e7 taraf\u0131ndan laparoskopik radikal prostatektomi ameliyat\u0131 \u00f6nerildi. Hastan\u0131n da onay\u0131 al\u0131nd\u0131ktan sonra Genel Cerrahi Uzman\u0131 Op. Dr. G\u00f6khan Av\u015far ve \u00dcroloji Uzman\u0131 Do\u00e7. Dr. Murat Top\u00e7uo\u011flu&#8217;nun da kat\u0131ld\u0131\u011f\u0131 operasyon ba\u015far\u0131yla ger\u00e7ekle\u015ftirildi.\u00a0 \u00a0 Ameliyat sonras\u0131, hastan\u0131n 4&#8217;\u00fcnc\u00fc g\u00fcn\u00fcnde taburcu edildi\u011fini belirten Do\u00e7. Dr. Akko\u00e7, &#8220;Laparoskopik cerrahi, a\u00e7\u0131k cerrahiye k\u0131yasla hastalara \u00f6nemli faydalar sunmaktad\u0131r. Daha az a\u011fr\u0131, daha d\u00fc\u015f\u00fck enfeksiyon riski, daha h\u0131zl\u0131 iyile\u015fme s\u00fcreci ve minimal yara izleri ile kozmetik a\u00e7\u0131dan daha iyi sonu\u00e7lar bu y\u00f6ntemin ba\u015fl\u0131ca avantajlar\u0131d\u0131r. Geleneksel a\u00e7\u0131k radikal prostatektomi (a\u00e7\u0131k prostat kanseri ameliyat\u0131) y\u00f6nteminde, g\u00f6bek alt\u0131ndan yakla\u015f\u0131k 15-20 cm\u2019lik kesi yap\u0131larak prostat bezine ula\u015f\u0131l\u0131rken, bu durum hastalar i\u00e7in daha fazla a\u011fr\u0131, daha uzun iyile\u015fme s\u00fcresi ve daha belirgin yara izine neden olabiliyor. Ayr\u0131ca, a\u00e7\u0131k cerrahi sonras\u0131 enfeksiyon riski de daha y\u00fcksek olabiliyor. Laparoskopik radikal prostatektomi ameliyat\u0131 ise kar\u0131n b\u00f6lgesine a\u00e7\u0131lan 0,5-1 cm&#8217;lik 4-5 adet k\u00fc\u00e7\u00fck delik arac\u0131l\u0131\u011f\u0131yla ger\u00e7ekle\u015ftiriliyor. Bu deliklerden i\u00e7eri sokulan \u00f6zel cerrahi aletler ve kamera sistemi sayesinde, prostat bezi minimal invaziv \u015fekilde \u00e7\u0131kar\u0131labilirken, hastalara bir\u00e7ok avantaj sa\u011fl\u0131yor&#8221; dedi.\u00a0 \u00a0 Ayr\u0131ca deneyim ve beceri gerektiren bu ameliyat\u0131n Alanya&#8217;da yap\u0131lmas\u0131ndan dolay\u0131 mutluluk duydu\u011funu ifade eden Do\u00e7. Dr. Ali Akko\u00e7 &#8220;\u0130leri d\u00fczey laparoskopik deneyim &hellip;\" \/>\n<meta property=\"og:url\" content=\"https:\/\/denizcankizil.tr\/de\/haberler\/antalya\/alanyada-bir-ilk-kapali-prostat-kanseri-ameliyati\/\" \/>\n<meta property=\"og:site_name\" content=\"Av. Deniz Can K\u0131z\u0131l\" \/>\n<meta property=\"article:published_time\" content=\"2025-04-11T14:41:14+00:00\" \/>\n<meta property=\"og:image\" content=\"https:\/\/denizcankizil.tr\/wp-content\/uploads\/2025\/04\/a-w430677-01-rUZnxQ.webp\" \/>\n\t<meta property=\"og:image:width\" content=\"1280\" \/>\n\t<meta property=\"og:image:height\" content=\"720\" \/>\n\t<meta property=\"og:image:type\" content=\"image\/webp\" \/>\n<meta name=\"author\" content=\"Av. Deniz Can K\u0131z\u0131l\" \/>\n<meta name=\"twitter:card\" content=\"summary_large_image\" \/>\n<meta name=\"twitter:label1\" content=\"Verfasst von\" \/>\n\t<meta name=\"twitter:data1\" content=\"Av. Deniz Can K\u0131z\u0131l\" \/>\n\t<meta name=\"twitter:label2\" content=\"Gesch\u00e4tzte Lesezeit\" \/>\n\t<meta name=\"twitter:data2\" content=\"2\u00a0Minuten\" \/>\n<script type=\"application\/ld+json\" class=\"yoast-schema-graph\">{\"@context\":\"https:\/\/schema.org\",\"@graph\":[{\"@type\":\"Article\",\"@id\":\"https:\/\/denizcankizil.tr\/ru\/haberler\/antalya\/alanyada-bir-ilk-kapali-prostat-kanseri-ameliyati\/#article\",\"isPartOf\":{\"@id\":\"https:\/\/denizcankizil.tr\/ru\/haberler\/antalya\/alanyada-bir-ilk-kapali-prostat-kanseri-ameliyati\/\"},\"author\":{\"name\":\"Av. Deniz Can K\u0131z\u0131l\",\"@id\":\"https:\/\/denizcankizil.tr\/#\/schema\/person\/5dc1b22991bd7ac833867c10afc9b0ff\"},\"headline\":\"Alanya&#8217;da bir ilk: Kapal\u0131 prostat kanseri ameliyat\u0131\",\"datePublished\":\"2025-04-11T14:41:14+00:00\",\"mainEntityOfPage\":{\"@id\":\"https:\/\/denizcankizil.tr\/ru\/haberler\/antalya\/alanyada-bir-ilk-kapali-prostat-kanseri-ameliyati\/\"},\"wordCount\":384,\"publisher\":{\"@id\":\"https:\/\/denizcankizil.tr\/#organization\"},\"image\":{\"@id\":\"https:\/\/denizcankizil.tr\/ru\/haberler\/antalya\/alanyada-bir-ilk-kapali-prostat-kanseri-ameliyati\/#primaryimage\"},\"thumbnailUrl\":\"https:\/\/denizcankizil.tr\/wp-content\/uploads\/2025\/04\/a-w430677-01-rUZnxQ.webp\",\"articleSection\":[\"Antalya\"],\"inLanguage\":\"de\"},{\"@type\":\"WebPage\",\"@id\":\"https:\/\/denizcankizil.tr\/ru\/haberler\/antalya\/alanyada-bir-ilk-kapali-prostat-kanseri-ameliyati\/\",\"url\":\"https:\/\/denizcankizil.tr\/ru\/haberler\/antalya\/alanyada-bir-ilk-kapali-prostat-kanseri-ameliyati\/\",\"name\":\"Alanya'da bir ilk: Kapal\u0131 prostat kanseri ameliyat\u0131 - Av. Deniz Can K\u0131z\u0131l\",\"isPartOf\":{\"@id\":\"https:\/\/denizcankizil.tr\/#website\"},\"primaryImageOfPage\":{\"@id\":\"https:\/\/denizcankizil.tr\/ru\/haberler\/antalya\/alanyada-bir-ilk-kapali-prostat-kanseri-ameliyati\/#primaryimage\"},\"image\":{\"@id\":\"https:\/\/denizcankizil.tr\/ru\/haberler\/antalya\/alanyada-bir-ilk-kapali-prostat-kanseri-ameliyati\/#primaryimage\"},\"thumbnailUrl\":\"https:\/\/denizcankizil.tr\/wp-content\/uploads\/2025\/04\/a-w430677-01-rUZnxQ.webp\",\"datePublished\":\"2025-04-11T14:41:14+00:00\",\"breadcrumb\":{\"@id\":\"https:\/\/denizcankizil.tr\/ru\/haberler\/antalya\/alanyada-bir-ilk-kapali-prostat-kanseri-ameliyati\/#breadcrumb\"},\"inLanguage\":\"de\",\"potentialAction\":[{\"@type\":\"ReadAction\",\"target\":[\"https:\/\/denizcankizil.tr\/ru\/haberler\/antalya\/alanyada-bir-ilk-kapali-prostat-kanseri-ameliyati\/\"]}]},{\"@type\":\"ImageObject\",\"inLanguage\":\"de\",\"@id\":\"https:\/\/denizcankizil.tr\/ru\/haberler\/antalya\/alanyada-bir-ilk-kapali-prostat-kanseri-ameliyati\/#primaryimage\",\"url\":\"https:\/\/denizcankizil.tr\/wp-content\/uploads\/2025\/04\/a-w430677-01-rUZnxQ.webp\",\"contentUrl\":\"https:\/\/denizcankizil.tr\/wp-content\/uploads\/2025\/04\/a-w430677-01-rUZnxQ.webp\",\"width\":1280,\"height\":720},{\"@type\":\"BreadcrumbList\",\"@id\":\"https:\/\/denizcankizil.tr\/ru\/haberler\/antalya\/alanyada-bir-ilk-kapali-prostat-kanseri-ameliyati\/#breadcrumb\",\"itemListElement\":[{\"@type\":\"ListItem\",\"position\":1,\"name\":\"Home\",\"item\":\"https:\/\/denizcankizil.tr\/de\/\"},{\"@type\":\"ListItem\",\"position\":2,\"name\":\"Alanya&#8217;da bir ilk: Kapal\u0131 prostat kanseri ameliyat\u0131\"}]},{\"@type\":\"WebSite\",\"@id\":\"https:\/\/denizcankizil.tr\/#website\",\"url\":\"https:\/\/denizcankizil.tr\/\",\"name\":\"Av. Deniz Can K\u0131z\u0131l\",\"description\":\"Avukat Deniz Can K\u0131z\u0131l Antalya Barosu\",\"publisher\":{\"@id\":\"https:\/\/denizcankizil.tr\/#organization\"},\"potentialAction\":[{\"@type\":\"SearchAction\",\"target\":{\"@type\":\"EntryPoint\",\"urlTemplate\":\"https:\/\/denizcankizil.tr\/?s={search_term_string}\"},\"query-input\":{\"@type\":\"PropertyValueSpecification\",\"valueRequired\":true,\"valueName\":\"search_term_string\"}}],\"inLanguage\":\"de\"},{\"@type\":\"Organization\",\"@id\":\"https:\/\/denizcankizil.tr\/#organization\",\"name\":\"Av. Deniz Can K\u0131z\u0131l\",\"url\":\"https:\/\/denizcankizil.tr\/\",\"logo\":{\"@type\":\"ImageObject\",\"inLanguage\":\"de\",\"@id\":\"https:\/\/denizcankizil.tr\/#\/schema\/logo\/image\/\",\"url\":\"https:\/\/denizcankizil.tr\/wp-content\/uploads\/2024\/10\/siyah-logo-svg.svg\",\"contentUrl\":\"https:\/\/denizcankizil.tr\/wp-content\/uploads\/2024\/10\/siyah-logo-svg.svg\",\"width\":1080,\"height\":1080,\"caption\":\"Av. Deniz Can K\u0131z\u0131l\"},\"image\":{\"@id\":\"https:\/\/denizcankizil.tr\/#\/schema\/logo\/image\/\"}},{\"@type\":\"Person\",\"@id\":\"https:\/\/denizcankizil.tr\/#\/schema\/person\/5dc1b22991bd7ac833867c10afc9b0ff\",\"name\":\"Av. Deniz Can K\u0131z\u0131l\",\"image\":{\"@type\":\"ImageObject\",\"inLanguage\":\"de\",\"@id\":\"https:\/\/denizcankizil.tr\/#\/schema\/person\/image\/\",\"url\":\"https:\/\/secure.gravatar.com\/avatar\/a0b128fb9855c79efc976d5640eedb31dc35ec297594d6016d2cf7c60e975bb6?s=96&d=mm&r=g\",\"contentUrl\":\"https:\/\/secure.gravatar.com\/avatar\/a0b128fb9855c79efc976d5640eedb31dc35ec297594d6016d2cf7c60e975bb6?s=96&d=mm&r=g\",\"caption\":\"Av. Deniz Can K\u0131z\u0131l\"},\"sameAs\":[\"http:\/\/www.denizcankizil.tr\"],\"url\":\"https:\/\/denizcankizil.tr\/de\/author\/denizcankizil\/\"}]}<\/script>\n<!-- \/ Yoast SEO Premium plugin. -->","yoast_head_json":{"title":"Alanya'da bir ilk: Kapal\u0131 prostat kanseri ameliyat\u0131 - Av. Deniz Can K\u0131z\u0131l","robots":{"index":"index","follow":"follow","max-snippet":"max-snippet:-1","max-image-preview":"max-image-preview:large","max-video-preview":"max-video-preview:-1"},"canonical":"https:\/\/denizcankizil.tr\/de\/haberler\/antalya\/alanyada-bir-ilk-kapali-prostat-kanseri-ameliyati\/","og_locale":"de_DE","og_type":"article","og_title":"Alanya'da bir ilk: Kapal\u0131 prostat kanseri ameliyat\u0131","og_description":"Alanya\u2019da ya\u015fayan 65 ya\u015f\u0131ndaki Ramazan Karata\u015f&#8217;a prostat kanseri tan\u0131s\u0131 konulmas\u0131n\u0131n ard\u0131ndan hekimi Do\u00e7. Dr. Ali Akko\u00e7 taraf\u0131ndan laparoskopik radikal prostatektomi ameliyat\u0131 \u00f6nerildi. Hastan\u0131n da onay\u0131 al\u0131nd\u0131ktan sonra Genel Cerrahi Uzman\u0131 Op. Dr. G\u00f6khan Av\u015far ve \u00dcroloji Uzman\u0131 Do\u00e7. Dr. Murat Top\u00e7uo\u011flu&#8217;nun da kat\u0131ld\u0131\u011f\u0131 operasyon ba\u015far\u0131yla ger\u00e7ekle\u015ftirildi.\u00a0 \u00a0 Ameliyat sonras\u0131, hastan\u0131n 4&#8217;\u00fcnc\u00fc g\u00fcn\u00fcnde taburcu edildi\u011fini belirten Do\u00e7. Dr. Akko\u00e7, &#8220;Laparoskopik cerrahi, a\u00e7\u0131k cerrahiye k\u0131yasla hastalara \u00f6nemli faydalar sunmaktad\u0131r. Daha az a\u011fr\u0131, daha d\u00fc\u015f\u00fck enfeksiyon riski, daha h\u0131zl\u0131 iyile\u015fme s\u00fcreci ve minimal yara izleri ile kozmetik a\u00e7\u0131dan daha iyi sonu\u00e7lar bu y\u00f6ntemin ba\u015fl\u0131ca avantajlar\u0131d\u0131r. Geleneksel a\u00e7\u0131k radikal prostatektomi (a\u00e7\u0131k prostat kanseri ameliyat\u0131) y\u00f6nteminde, g\u00f6bek alt\u0131ndan yakla\u015f\u0131k 15-20 cm\u2019lik kesi yap\u0131larak prostat bezine ula\u015f\u0131l\u0131rken, bu durum hastalar i\u00e7in daha fazla a\u011fr\u0131, daha uzun iyile\u015fme s\u00fcresi ve daha belirgin yara izine neden olabiliyor. Ayr\u0131ca, a\u00e7\u0131k cerrahi sonras\u0131 enfeksiyon riski de daha y\u00fcksek olabiliyor. Laparoskopik radikal prostatektomi ameliyat\u0131 ise kar\u0131n b\u00f6lgesine a\u00e7\u0131lan 0,5-1 cm&#8217;lik 4-5 adet k\u00fc\u00e7\u00fck delik arac\u0131l\u0131\u011f\u0131yla ger\u00e7ekle\u015ftiriliyor. Bu deliklerden i\u00e7eri sokulan \u00f6zel cerrahi aletler ve kamera sistemi sayesinde, prostat bezi minimal invaziv \u015fekilde \u00e7\u0131kar\u0131labilirken, hastalara bir\u00e7ok avantaj sa\u011fl\u0131yor&#8221; dedi.\u00a0 \u00a0 Ayr\u0131ca deneyim ve beceri gerektiren bu ameliyat\u0131n Alanya&#8217;da yap\u0131lmas\u0131ndan dolay\u0131 mutluluk duydu\u011funu ifade eden Do\u00e7. Dr. Ali Akko\u00e7 &#8220;\u0130leri d\u00fczey laparoskopik deneyim &hellip;","og_url":"https:\/\/denizcankizil.tr\/de\/haberler\/antalya\/alanyada-bir-ilk-kapali-prostat-kanseri-ameliyati\/","og_site_name":"Av. Deniz Can K\u0131z\u0131l","article_published_time":"2025-04-11T14:41:14+00:00","og_image":[{"width":1280,"height":720,"url":"https:\/\/denizcankizil.tr\/wp-content\/uploads\/2025\/04\/a-w430677-01-rUZnxQ.webp","type":"image\/webp"}],"author":"Av. Deniz Can K\u0131z\u0131l","twitter_card":"summary_large_image","twitter_misc":{"Verfasst von":"Av. Deniz Can K\u0131z\u0131l","Gesch\u00e4tzte Lesezeit":"2\u00a0Minuten"},"schema":{"@context":"https:\/\/schema.org","@graph":[{"@type":"Article","@id":"https:\/\/denizcankizil.tr\/ru\/haberler\/antalya\/alanyada-bir-ilk-kapali-prostat-kanseri-ameliyati\/#article","isPartOf":{"@id":"https:\/\/denizcankizil.tr\/ru\/haberler\/antalya\/alanyada-bir-ilk-kapali-prostat-kanseri-ameliyati\/"},"author":{"name":"Av. Deniz Can K\u0131z\u0131l","@id":"https:\/\/denizcankizil.tr\/#\/schema\/person\/5dc1b22991bd7ac833867c10afc9b0ff"},"headline":"Alanya&#8217;da bir ilk: Kapal\u0131 prostat kanseri ameliyat\u0131","datePublished":"2025-04-11T14:41:14+00:00","mainEntityOfPage":{"@id":"https:\/\/denizcankizil.tr\/ru\/haberler\/antalya\/alanyada-bir-ilk-kapali-prostat-kanseri-ameliyati\/"},"wordCount":384,"publisher":{"@id":"https:\/\/denizcankizil.tr\/#organization"},"image":{"@id":"https:\/\/denizcankizil.tr\/ru\/haberler\/antalya\/alanyada-bir-ilk-kapali-prostat-kanseri-ameliyati\/#primaryimage"},"thumbnailUrl":"https:\/\/denizcankizil.tr\/wp-content\/uploads\/2025\/04\/a-w430677-01-rUZnxQ.webp","articleSection":["Antalya"],"inLanguage":"de"},{"@type":"WebPage","@id":"https:\/\/denizcankizil.tr\/ru\/haberler\/antalya\/alanyada-bir-ilk-kapali-prostat-kanseri-ameliyati\/","url":"https:\/\/denizcankizil.tr\/ru\/haberler\/antalya\/alanyada-bir-ilk-kapali-prostat-kanseri-ameliyati\/","name":"Alanya'da bir ilk: Kapal\u0131 prostat kanseri ameliyat\u0131 - Av. Deniz Can K\u0131z\u0131l","isPartOf":{"@id":"https:\/\/denizcankizil.tr\/#website"},"primaryImageOfPage":{"@id":"https:\/\/denizcankizil.tr\/ru\/haberler\/antalya\/alanyada-bir-ilk-kapali-prostat-kanseri-ameliyati\/#primaryimage"},"image":{"@id":"https:\/\/denizcankizil.tr\/ru\/haberler\/antalya\/alanyada-bir-ilk-kapali-prostat-kanseri-ameliyati\/#primaryimage"},"thumbnailUrl":"https:\/\/denizcankizil.tr\/wp-content\/uploads\/2025\/04\/a-w430677-01-rUZnxQ.webp","datePublished":"2025-04-11T14:41:14+00:00","breadcrumb":{"@id":"https:\/\/denizcankizil.tr\/ru\/haberler\/antalya\/alanyada-bir-ilk-kapali-prostat-kanseri-ameliyati\/#breadcrumb"},"inLanguage":"de","potentialAction":[{"@type":"ReadAction","target":["https:\/\/denizcankizil.tr\/ru\/haberler\/antalya\/alanyada-bir-ilk-kapali-prostat-kanseri-ameliyati\/"]}]},{"@type":"ImageObject","inLanguage":"de","@id":"https:\/\/denizcankizil.tr\/ru\/haberler\/antalya\/alanyada-bir-ilk-kapali-prostat-kanseri-ameliyati\/#primaryimage","url":"https:\/\/denizcankizil.tr\/wp-content\/uploads\/2025\/04\/a-w430677-01-rUZnxQ.webp","contentUrl":"https:\/\/denizcankizil.tr\/wp-content\/uploads\/2025\/04\/a-w430677-01-rUZnxQ.webp","width":1280,"height":720},{"@type":"BreadcrumbList","@id":"https:\/\/denizcankizil.tr\/ru\/haberler\/antalya\/alanyada-bir-ilk-kapali-prostat-kanseri-ameliyati\/#breadcrumb","itemListElement":[{"@type":"ListItem","position":1,"name":"Home","item":"https:\/\/denizcankizil.tr\/de\/"},{"@type":"ListItem","position":2,"name":"Alanya&#8217;da bir ilk: Kapal\u0131 prostat kanseri ameliyat\u0131"}]},{"@type":"WebSite","@id":"https:\/\/denizcankizil.tr\/#website","url":"https:\/\/denizcankizil.tr\/","name":"Av. Deniz Can K\u0131z\u0131l","description":"Avukat Deniz Can K\u0131z\u0131l Antalya Barosu","publisher":{"@id":"https:\/\/denizcankizil.tr\/#organization"},"potentialAction":[{"@type":"SearchAction","target":{"@type":"EntryPoint","urlTemplate":"https:\/\/denizcankizil.tr\/?s={search_term_string}"},"query-input":{"@type":"PropertyValueSpecification","valueRequired":true,"valueName":"search_term_string"}}],"inLanguage":"de"},{"@type":"Organization","@id":"https:\/\/denizcankizil.tr\/#organization","name":"Av. Deniz Can K\u0131z\u0131l","url":"https:\/\/denizcankizil.tr\/","logo":{"@type":"ImageObject","inLanguage":"de","@id":"https:\/\/denizcankizil.tr\/#\/schema\/logo\/image\/","url":"https:\/\/denizcankizil.tr\/wp-content\/uploads\/2024\/10\/siyah-logo-svg.svg","contentUrl":"https:\/\/denizcankizil.tr\/wp-content\/uploads\/2024\/10\/siyah-logo-svg.svg","width":1080,"height":1080,"caption":"Av. Deniz Can K\u0131z\u0131l"},"image":{"@id":"https:\/\/denizcankizil.tr\/#\/schema\/logo\/image\/"}},{"@type":"Person","@id":"https:\/\/denizcankizil.tr\/#\/schema\/person\/5dc1b22991bd7ac833867c10afc9b0ff","name":"Av. Deniz Can K\u0131z\u0131l","image":{"@type":"ImageObject","inLanguage":"de","@id":"https:\/\/denizcankizil.tr\/#\/schema\/person\/image\/","url":"https:\/\/secure.gravatar.com\/avatar\/a0b128fb9855c79efc976d5640eedb31dc35ec297594d6016d2cf7c60e975bb6?s=96&d=mm&r=g","contentUrl":"https:\/\/secure.gravatar.com\/avatar\/a0b128fb9855c79efc976d5640eedb31dc35ec297594d6016d2cf7c60e975bb6?s=96&d=mm&r=g","caption":"Av. Deniz Can K\u0131z\u0131l"},"sameAs":["http:\/\/www.denizcankizil.tr"],"url":"https:\/\/denizcankizil.tr\/de\/author\/denizcankizil\/"}]}},"_links":{"self":[{"href":"https:\/\/denizcankizil.tr\/de\/wp-json\/wp\/v2\/posts\/52624","targetHints":{"allow":["GET"]}}],"collection":[{"href":"https:\/\/denizcankizil.tr\/de\/wp-json\/wp\/v2\/posts"}],"about":[{"href":"https:\/\/denizcankizil.tr\/de\/wp-json\/wp\/v2\/types\/post"}],"author":[{"embeddable":true,"href":"https:\/\/denizcankizil.tr\/de\/wp-json\/wp\/v2\/users\/4"}],"replies":[{"embeddable":true,"href":"https:\/\/denizcankizil.tr\/de\/wp-json\/wp\/v2\/comments?post=52624"}],"version-history":[{"count":0,"href":"https:\/\/denizcankizil.tr\/de\/wp-json\/wp\/v2\/posts\/52624\/revisions"}],"wp:featuredmedia":[{"embeddable":true,"href":"https:\/\/denizcankizil.tr\/de\/wp-json\/wp\/v2\/media\/52625"}],"wp:attachment":[{"href":"https:\/\/denizcankizil.tr\/de\/wp-json\/wp\/v2\/media?parent=52624"}],"wp:term":[{"taxonomy":"category","embeddable":true,"href":"https:\/\/denizcankizil.tr\/de\/wp-json\/wp\/v2\/categories?post=52624"},{"taxonomy":"post_tag","embeddable":true,"href":"https:\/\/denizcankizil.tr\/de\/wp-json\/wp\/v2\/tags?post=52624"}],"curies":[{"name":"wp","href":"https:\/\/api.w.org\/{rel}","templated":true}]}}