{"id":52487,"date":"2025-04-11T13:42:07","date_gmt":"2025-04-11T10:42:07","guid":{"rendered":"https:\/\/denizcankizil.tr\/uncategorized-tr\/izmitte-pazarci-kavgasina-ceza-1-hafta-tezgah-yasagi\/"},"modified":"2025-04-11T13:42:07","modified_gmt":"2025-04-11T10:42:07","slug":"izmitte-pazarci-kavgasina-ceza-1-hafta-tezgah-yasagi","status":"publish","type":"post","link":"https:\/\/denizcankizil.tr\/de\/haberler\/gundem\/izmitte-pazarci-kavgasina-ceza-1-hafta-tezgah-yasagi\/","title":{"rendered":"\u0130zmit&#8217;te pazarc\u0131 kavgas\u0131na ceza: 1 hafta tezgah yasa\u011f\u0131"},"content":{"rendered":"<p>Kocaeli \u0130zmit Belediyesi Zab\u0131ta M\u00fcd\u00fcrl\u00fc\u011f\u00fc ekipleri, Do\u011fu K\u0131\u015fla Pazar Alan\u0131\u2019nda kavga ederek huzur ve g\u00fcvenli\u011fi bozan iki pazarc\u0131 esnaf\u0131na 1 hafta tezgah a\u00e7mama cezas\u0131 verdi.KOCAEL\u0130 (\u0130GFA) &#8211; Kocaeli\u00a0\u0130zmit Belediyesi Zab\u0131ta M\u00fcd\u00fcrl\u00fc\u011f\u00fc, pazar alanlar\u0131nda yapt\u0131\u011f\u0131 denetimlerle halk\u0131n refah ve huzurunu Sa\u011fl\u0131yor. Bu kapsamda Do\u011fu K\u0131\u015fla Pazar Alan\u0131\u2019nda iki esnaf aras\u0131nda \u00e7\u0131kan kavga sebebiyle pazar alan\u0131nda zab\u0131ta ekipleri tutanak tutarak enc\u00fcmene sevkini sa\u011flad\u0131.<br \/>\nTEZGAH YERLER\u0130 \u015eER\u0130T VE DUBALARLA KAPATILDI<br \/>\nPazar i\u00e7erisinde bulunan di\u011fer esnaflar\u0131 ve al\u0131\u015fveri\u015fe gelen vatanda\u015flar\u0131 tedirgin eden ve pazar alan\u0131n\u0131n huzurunu bozan iki bal\u0131k\u00e7\u0131 esnaf\u0131, \u0130zmit Belediyesi enc\u00fcmen karar\u0131 ile 10.04.2025 tarihinden itibaren 1 hafta s\u00fcre ile faaliyetten men edildi. Pazarc\u0131lar\u0131n tezgah a\u00e7t\u0131\u011f\u0131 yer \u015ferit ve dubalarla kapat\u0131ld\u0131.<\/p>\n<p>\u200bKocaeli \u0130zmit Belediyesi Zab\u0131ta M\u00fcd\u00fcrl\u00fc\u011f\u00fc ekipleri, Do\u011fu K\u0131\u015fla Pazar Alan\u0131\u2019nda kavga ederek huzur ve g\u00fcvenli\u011fi bozan iki pazarc\u0131 esnaf\u0131na 1 hafta tezgah a\u00e7mama cezas\u0131 verdi.KOCAEL\u0130 (\u0130GFA) &#8211; Kocaeli\u00a0\u0130zmit Belediyesi Zab\u0131ta M\u00fcd\u00fcrl\u00fc\u011f\u00fc, pazar alanlar\u0131nda yapt\u0131\u011f\u0131 denetimlerle halk\u0131n refah ve huzurunu Sa\u011fl\u0131yor. Bu kapsamda Do\u011fu K\u0131\u015fla Pazar Alan\u0131\u2019nda iki esnaf aras\u0131nda \u00e7\u0131kan kavga sebebiyle pazar alan\u0131nda zab\u0131ta ekipleri tutanak tutarak enc\u00fcmene sevkini sa\u011flad\u0131.<br \/>\nTEZGAH YERLER\u0130 \u015eER\u0130T VE DUBALARLA KAPATILDI<br \/>\nPazar i\u00e7erisinde bulunan di\u011fer esnaflar\u0131 ve al\u0131\u015fveri\u015fe gelen vatanda\u015flar\u0131 tedirgin eden ve pazar alan\u0131n\u0131n huzurunu bozan iki bal\u0131k\u00e7\u0131 esnaf\u0131, \u0130zmit Belediyesi enc\u00fcmen karar\u0131 ile 10.04.2025 tarihinden itibaren 1 hafta s\u00fcre ile faaliyetten men edildi. Pazarc\u0131lar\u0131n tezgah a\u00e7t\u0131\u011f\u0131 yer \u015ferit ve dubalarla kapat\u0131ld\u0131.\u00a0<\/p>\n<p>\u200bHaberin Al\u0131nt\u0131land\u0131\u011f\u0131 Kaynak: www.iskenderun.org<\/p>","protected":false},"excerpt":{"rendered":"<p>Kocaeli \u0130zmit Belediyesi Zab\u0131ta M\u00fcd\u00fcrl\u00fc\u011f\u00fc ekipleri, Do\u011fu K\u0131\u015fla Pazar Alan\u0131\u2019nda kavga ederek huzur ve g\u00fcvenli\u011fi bozan iki pazarc\u0131 esnaf\u0131na 1 hafta tezgah a\u00e7mama cezas\u0131 verdi.KOCAEL\u0130 (\u0130GFA) &#8211; Kocaeli\u00a0\u0130zmit Belediyesi Zab\u0131ta M\u00fcd\u00fcrl\u00fc\u011f\u00fc, pazar alanlar\u0131nda yapt\u0131\u011f\u0131 denetimlerle halk\u0131n refah ve huzurunu Sa\u011fl\u0131yor. Bu kapsamda Do\u011fu K\u0131\u015fla Pazar Alan\u0131\u2019nda iki esnaf aras\u0131nda \u00e7\u0131kan kavga sebebiyle pazar alan\u0131nda zab\u0131ta ekipleri tutanak tutarak enc\u00fcmene sevkini sa\u011flad\u0131. TEZGAH YERLER\u0130 \u015eER\u0130T VE DUBALARLA KAPATILDI Pazar i\u00e7erisinde bulunan di\u011fer esnaflar\u0131 ve al\u0131\u015fveri\u015fe gelen vatanda\u015flar\u0131 tedirgin eden ve pazar alan\u0131n\u0131n huzurunu bozan iki bal\u0131k\u00e7\u0131 esnaf\u0131, \u0130zmit Belediyesi enc\u00fcmen karar\u0131 ile 10.04.2025 tarihinden itibaren 1 hafta s\u00fcre ile faaliyetten men edildi. Pazarc\u0131lar\u0131n tezgah a\u00e7t\u0131\u011f\u0131 yer \u015ferit ve dubalarla kapat\u0131ld\u0131. \u200bKocaeli \u0130zmit Belediyesi Zab\u0131ta M\u00fcd\u00fcrl\u00fc\u011f\u00fc ekipleri, Do\u011fu K\u0131\u015fla Pazar Alan\u0131\u2019nda kavga ederek huzur ve g\u00fcvenli\u011fi bozan iki pazarc\u0131 esnaf\u0131na 1 hafta tezgah a\u00e7mama cezas\u0131 verdi.KOCAEL\u0130 (\u0130GFA) &#8211; Kocaeli\u00a0\u0130zmit Belediyesi Zab\u0131ta M\u00fcd\u00fcrl\u00fc\u011f\u00fc, pazar alanlar\u0131nda yapt\u0131\u011f\u0131 denetimlerle halk\u0131n refah ve huzurunu Sa\u011fl\u0131yor. Bu kapsamda Do\u011fu K\u0131\u015fla Pazar Alan\u0131\u2019nda iki esnaf aras\u0131nda \u00e7\u0131kan kavga sebebiyle pazar alan\u0131nda zab\u0131ta ekipleri tutanak tutarak enc\u00fcmene sevkini sa\u011flad\u0131. TEZGAH YERLER\u0130 \u015eER\u0130T VE DUBALARLA KAPATILDI Pazar i\u00e7erisinde bulunan di\u011fer esnaflar\u0131 ve al\u0131\u015fveri\u015fe gelen vatanda\u015flar\u0131 tedirgin eden ve pazar alan\u0131n\u0131n huzurunu bozan iki bal\u0131k\u00e7\u0131 esnaf\u0131, \u0130zmit Belediyesi enc\u00fcmen karar\u0131 ile &hellip;<\/p>","protected":false},"author":1,"featured_media":0,"comment_status":"","ping_status":"open","sticky":false,"template":"","format":"standard","meta":{"_acf_changed":false,"footnotes":""},"categories":[24],"tags":[],"class_list":["post-52487","post","type-post","status-publish","format-standard","has-post-thumbnail","hentry","category-gundem"],"acf":[],"yoast_head":"<!-- This site is optimized with the Yoast SEO Premium plugin v26.6 (Yoast SEO v27.1.1) - https:\/\/yoast.com\/product\/yoast-seo-premium-wordpress\/ -->\n<title>\u0130zmit&#039;te pazarc\u0131 kavgas\u0131na ceza: 1 hafta tezgah yasa\u011f\u0131 - Av. Deniz Can K\u0131z\u0131l<\/title>\n<meta name=\"robots\" content=\"index, follow, max-snippet:-1, max-image-preview:large, max-video-preview:-1\" \/>\n<link rel=\"canonical\" href=\"https:\/\/denizcankizil.tr\/de\/haberler\/gundem\/izmitte-pazarci-kavgasina-ceza-1-hafta-tezgah-yasagi\/\" \/>\n<meta property=\"og:locale\" content=\"de_DE\" \/>\n<meta property=\"og:type\" content=\"article\" \/>\n<meta property=\"og:title\" content=\"\u0130zmit&#039;te pazarc\u0131 kavgas\u0131na ceza: 1 hafta tezgah yasa\u011f\u0131\" \/>\n<meta property=\"og:description\" content=\"Kocaeli \u0130zmit Belediyesi Zab\u0131ta M\u00fcd\u00fcrl\u00fc\u011f\u00fc ekipleri, Do\u011fu K\u0131\u015fla Pazar Alan\u0131\u2019nda kavga ederek huzur ve g\u00fcvenli\u011fi bozan iki pazarc\u0131 esnaf\u0131na 1 hafta tezgah a\u00e7mama cezas\u0131 verdi.KOCAEL\u0130 (\u0130GFA) &#8211; Kocaeli\u00a0\u0130zmit Belediyesi Zab\u0131ta M\u00fcd\u00fcrl\u00fc\u011f\u00fc, pazar alanlar\u0131nda yapt\u0131\u011f\u0131 denetimlerle halk\u0131n refah ve huzurunu Sa\u011fl\u0131yor. Bu kapsamda Do\u011fu K\u0131\u015fla Pazar Alan\u0131\u2019nda iki esnaf aras\u0131nda \u00e7\u0131kan kavga sebebiyle pazar alan\u0131nda zab\u0131ta ekipleri tutanak tutarak enc\u00fcmene sevkini sa\u011flad\u0131. TEZGAH YERLER\u0130 \u015eER\u0130T VE DUBALARLA KAPATILDI Pazar i\u00e7erisinde bulunan di\u011fer esnaflar\u0131 ve al\u0131\u015fveri\u015fe gelen vatanda\u015flar\u0131 tedirgin eden ve pazar alan\u0131n\u0131n huzurunu bozan iki bal\u0131k\u00e7\u0131 esnaf\u0131, \u0130zmit Belediyesi enc\u00fcmen karar\u0131 ile 10.04.2025 tarihinden itibaren 1 hafta s\u00fcre ile faaliyetten men edildi. Pazarc\u0131lar\u0131n tezgah a\u00e7t\u0131\u011f\u0131 yer \u015ferit ve dubalarla kapat\u0131ld\u0131. \u200bKocaeli \u0130zmit Belediyesi Zab\u0131ta M\u00fcd\u00fcrl\u00fc\u011f\u00fc ekipleri, Do\u011fu K\u0131\u015fla Pazar Alan\u0131\u2019nda kavga ederek huzur ve g\u00fcvenli\u011fi bozan iki pazarc\u0131 esnaf\u0131na 1 hafta tezgah a\u00e7mama cezas\u0131 verdi.KOCAEL\u0130 (\u0130GFA) &#8211; Kocaeli\u00a0\u0130zmit Belediyesi Zab\u0131ta M\u00fcd\u00fcrl\u00fc\u011f\u00fc, pazar alanlar\u0131nda yapt\u0131\u011f\u0131 denetimlerle halk\u0131n refah ve huzurunu Sa\u011fl\u0131yor. Bu kapsamda Do\u011fu K\u0131\u015fla Pazar Alan\u0131\u2019nda iki esnaf aras\u0131nda \u00e7\u0131kan kavga sebebiyle pazar alan\u0131nda zab\u0131ta ekipleri tutanak tutarak enc\u00fcmene sevkini sa\u011flad\u0131. TEZGAH YERLER\u0130 \u015eER\u0130T VE DUBALARLA KAPATILDI Pazar i\u00e7erisinde bulunan di\u011fer esnaflar\u0131 ve al\u0131\u015fveri\u015fe gelen vatanda\u015flar\u0131 tedirgin eden ve pazar alan\u0131n\u0131n huzurunu bozan iki bal\u0131k\u00e7\u0131 esnaf\u0131, \u0130zmit Belediyesi enc\u00fcmen karar\u0131 ile &hellip;\" \/>\n<meta property=\"og:url\" content=\"https:\/\/denizcankizil.tr\/de\/haberler\/gundem\/izmitte-pazarci-kavgasina-ceza-1-hafta-tezgah-yasagi\/\" \/>\n<meta property=\"og:site_name\" content=\"Av. Deniz Can K\u0131z\u0131l\" \/>\n<meta property=\"article:published_time\" content=\"2025-04-11T10:42:07+00:00\" \/>\n<meta name=\"author\" content=\"admin\" \/>\n<meta name=\"twitter:card\" content=\"summary_large_image\" \/>\n<meta name=\"twitter:label1\" content=\"Verfasst von\" \/>\n\t<meta name=\"twitter:data1\" content=\"admin\" \/>\n\t<meta name=\"twitter:label2\" content=\"Gesch\u00e4tzte Lesezeit\" \/>\n\t<meta name=\"twitter:data2\" content=\"2\u00a0Minuten\" \/>\n<script type=\"application\/ld+json\" class=\"yoast-schema-graph\">{\"@context\":\"https:\/\/schema.org\",\"@graph\":[{\"@type\":\"Article\",\"@id\":\"https:\/\/denizcankizil.tr\/de\/haberler\/gundem\/izmitte-pazarci-kavgasina-ceza-1-hafta-tezgah-yasagi\/#article\",\"isPartOf\":{\"@id\":\"https:\/\/denizcankizil.tr\/de\/haberler\/gundem\/izmitte-pazarci-kavgasina-ceza-1-hafta-tezgah-yasagi\/\"},\"author\":{\"name\":\"admin\",\"@id\":\"https:\/\/denizcankizil.tr\/de\/#\/schema\/person\/be3c05fe6a12686905512445d8185489\"},\"headline\":\"\u0130zmit&#8217;te pazarc\u0131 kavgas\u0131na ceza: 1 hafta tezgah yasa\u011f\u0131\",\"datePublished\":\"2025-04-11T10:42:07+00:00\",\"mainEntityOfPage\":{\"@id\":\"https:\/\/denizcankizil.tr\/de\/haberler\/gundem\/izmitte-pazarci-kavgasina-ceza-1-hafta-tezgah-yasagi\/\"},\"wordCount\":313,\"publisher\":{\"@id\":\"https:\/\/denizcankizil.tr\/de\/#organization\"},\"articleSection\":[\"G\u00fcndem\"],\"inLanguage\":\"de\"},{\"@type\":\"WebPage\",\"@id\":\"https:\/\/denizcankizil.tr\/de\/haberler\/gundem\/izmitte-pazarci-kavgasina-ceza-1-hafta-tezgah-yasagi\/\",\"url\":\"https:\/\/denizcankizil.tr\/de\/haberler\/gundem\/izmitte-pazarci-kavgasina-ceza-1-hafta-tezgah-yasagi\/\",\"name\":\"\u0130zmit'te pazarc\u0131 kavgas\u0131na ceza: 1 hafta tezgah yasa\u011f\u0131 - Av. Deniz Can K\u0131z\u0131l\",\"isPartOf\":{\"@id\":\"https:\/\/denizcankizil.tr\/de\/#website\"},\"datePublished\":\"2025-04-11T10:42:07+00:00\",\"breadcrumb\":{\"@id\":\"https:\/\/denizcankizil.tr\/de\/haberler\/gundem\/izmitte-pazarci-kavgasina-ceza-1-hafta-tezgah-yasagi\/#breadcrumb\"},\"inLanguage\":\"de\",\"potentialAction\":[{\"@type\":\"ReadAction\",\"target\":[\"https:\/\/denizcankizil.tr\/de\/haberler\/gundem\/izmitte-pazarci-kavgasina-ceza-1-hafta-tezgah-yasagi\/\"]}]},{\"@type\":\"BreadcrumbList\",\"@id\":\"https:\/\/denizcankizil.tr\/de\/haberler\/gundem\/izmitte-pazarci-kavgasina-ceza-1-hafta-tezgah-yasagi\/#breadcrumb\",\"itemListElement\":[{\"@type\":\"ListItem\",\"position\":1,\"name\":\"Home\",\"item\":\"https:\/\/denizcankizil.tr\/de\/\"},{\"@type\":\"ListItem\",\"position\":2,\"name\":\"\u0130zmit&#8217;te pazarc\u0131 kavgas\u0131na ceza: 1 hafta tezgah yasa\u011f\u0131\"}]},{\"@type\":\"WebSite\",\"@id\":\"https:\/\/denizcankizil.tr\/de\/#website\",\"url\":\"https:\/\/denizcankizil.tr\/de\/\",\"name\":\"Av. Deniz Can K\u0131z\u0131l\",\"description\":\"Avukat Deniz Can K\u0131z\u0131l Antalya Barosu\",\"publisher\":{\"@id\":\"https:\/\/denizcankizil.tr\/de\/#organization\"},\"potentialAction\":[{\"@type\":\"SearchAction\",\"target\":{\"@type\":\"EntryPoint\",\"urlTemplate\":\"https:\/\/denizcankizil.tr\/de\/?s={search_term_string}\"},\"query-input\":{\"@type\":\"PropertyValueSpecification\",\"valueRequired\":true,\"valueName\":\"search_term_string\"}}],\"inLanguage\":\"de\"},{\"@type\":\"Organization\",\"@id\":\"https:\/\/denizcankizil.tr\/de\/#organization\",\"name\":\"Av. Deniz Can K\u0131z\u0131l\",\"url\":\"https:\/\/denizcankizil.tr\/de\/\",\"logo\":{\"@type\":\"ImageObject\",\"inLanguage\":\"de\",\"@id\":\"https:\/\/denizcankizil.tr\/de\/#\/schema\/logo\/image\/\",\"url\":\"https:\/\/denizcankizil.tr\/wp-content\/uploads\/2024\/10\/siyah-logo-svg.svg\",\"contentUrl\":\"https:\/\/denizcankizil.tr\/wp-content\/uploads\/2024\/10\/siyah-logo-svg.svg\",\"width\":1080,\"height\":1080,\"caption\":\"Av. Deniz Can K\u0131z\u0131l\"},\"image\":{\"@id\":\"https:\/\/denizcankizil.tr\/de\/#\/schema\/logo\/image\/\"}},{\"@type\":\"Person\",\"@id\":\"https:\/\/denizcankizil.tr\/de\/#\/schema\/person\/be3c05fe6a12686905512445d8185489\",\"name\":\"admin\",\"image\":{\"@type\":\"ImageObject\",\"inLanguage\":\"de\",\"@id\":\"https:\/\/denizcankizil.tr\/de\/#\/schema\/person\/image\/\",\"url\":\"https:\/\/secure.gravatar.com\/avatar\/c1fce94c830dc79107e174f890d7210541c4a63e8e5d816341794a2151c9d58c?s=96&d=mm&r=g\",\"contentUrl\":\"https:\/\/secure.gravatar.com\/avatar\/c1fce94c830dc79107e174f890d7210541c4a63e8e5d816341794a2151c9d58c?s=96&d=mm&r=g\",\"caption\":\"admin\"},\"sameAs\":[\"http:\/\/denizcankizil.tr\"],\"url\":\"https:\/\/www.iskenderun.org\/izmitte-pazarci-kavgasina-ceza-1-hafta-tezgah-yasagi\"}]}<\/script>\n<!-- \/ Yoast SEO Premium plugin. -->","yoast_head_json":{"title":"\u0130zmit'te pazarc\u0131 kavgas\u0131na ceza: 1 hafta tezgah yasa\u011f\u0131 - Av. Deniz Can K\u0131z\u0131l","robots":{"index":"index","follow":"follow","max-snippet":"max-snippet:-1","max-image-preview":"max-image-preview:large","max-video-preview":"max-video-preview:-1"},"canonical":"https:\/\/denizcankizil.tr\/de\/haberler\/gundem\/izmitte-pazarci-kavgasina-ceza-1-hafta-tezgah-yasagi\/","og_locale":"de_DE","og_type":"article","og_title":"\u0130zmit'te pazarc\u0131 kavgas\u0131na ceza: 1 hafta tezgah yasa\u011f\u0131","og_description":"Kocaeli \u0130zmit Belediyesi Zab\u0131ta M\u00fcd\u00fcrl\u00fc\u011f\u00fc ekipleri, Do\u011fu K\u0131\u015fla Pazar Alan\u0131\u2019nda kavga ederek huzur ve g\u00fcvenli\u011fi bozan iki pazarc\u0131 esnaf\u0131na 1 hafta tezgah a\u00e7mama cezas\u0131 verdi.KOCAEL\u0130 (\u0130GFA) &#8211; Kocaeli\u00a0\u0130zmit Belediyesi Zab\u0131ta M\u00fcd\u00fcrl\u00fc\u011f\u00fc, pazar alanlar\u0131nda yapt\u0131\u011f\u0131 denetimlerle halk\u0131n refah ve huzurunu Sa\u011fl\u0131yor. Bu kapsamda Do\u011fu K\u0131\u015fla Pazar Alan\u0131\u2019nda iki esnaf aras\u0131nda \u00e7\u0131kan kavga sebebiyle pazar alan\u0131nda zab\u0131ta ekipleri tutanak tutarak enc\u00fcmene sevkini sa\u011flad\u0131. TEZGAH YERLER\u0130 \u015eER\u0130T VE DUBALARLA KAPATILDI Pazar i\u00e7erisinde bulunan di\u011fer esnaflar\u0131 ve al\u0131\u015fveri\u015fe gelen vatanda\u015flar\u0131 tedirgin eden ve pazar alan\u0131n\u0131n huzurunu bozan iki bal\u0131k\u00e7\u0131 esnaf\u0131, \u0130zmit Belediyesi enc\u00fcmen karar\u0131 ile 10.04.2025 tarihinden itibaren 1 hafta s\u00fcre ile faaliyetten men edildi. Pazarc\u0131lar\u0131n tezgah a\u00e7t\u0131\u011f\u0131 yer \u015ferit ve dubalarla kapat\u0131ld\u0131. \u200bKocaeli \u0130zmit Belediyesi Zab\u0131ta M\u00fcd\u00fcrl\u00fc\u011f\u00fc ekipleri, Do\u011fu K\u0131\u015fla Pazar Alan\u0131\u2019nda kavga ederek huzur ve g\u00fcvenli\u011fi bozan iki pazarc\u0131 esnaf\u0131na 1 hafta tezgah a\u00e7mama cezas\u0131 verdi.KOCAEL\u0130 (\u0130GFA) &#8211; Kocaeli\u00a0\u0130zmit Belediyesi Zab\u0131ta M\u00fcd\u00fcrl\u00fc\u011f\u00fc, pazar alanlar\u0131nda yapt\u0131\u011f\u0131 denetimlerle halk\u0131n refah ve huzurunu Sa\u011fl\u0131yor. Bu kapsamda Do\u011fu K\u0131\u015fla Pazar Alan\u0131\u2019nda iki esnaf aras\u0131nda \u00e7\u0131kan kavga sebebiyle pazar alan\u0131nda zab\u0131ta ekipleri tutanak tutarak enc\u00fcmene sevkini sa\u011flad\u0131. TEZGAH YERLER\u0130 \u015eER\u0130T VE DUBALARLA KAPATILDI Pazar i\u00e7erisinde bulunan di\u011fer esnaflar\u0131 ve al\u0131\u015fveri\u015fe gelen vatanda\u015flar\u0131 tedirgin eden ve pazar alan\u0131n\u0131n huzurunu bozan iki bal\u0131k\u00e7\u0131 esnaf\u0131, \u0130zmit Belediyesi enc\u00fcmen karar\u0131 ile &hellip;","og_url":"https:\/\/denizcankizil.tr\/de\/haberler\/gundem\/izmitte-pazarci-kavgasina-ceza-1-hafta-tezgah-yasagi\/","og_site_name":"Av. Deniz Can K\u0131z\u0131l","article_published_time":"2025-04-11T10:42:07+00:00","author":"admin","twitter_card":"summary_large_image","twitter_misc":{"Verfasst von":"admin","Gesch\u00e4tzte Lesezeit":"2\u00a0Minuten"},"schema":{"@context":"https:\/\/schema.org","@graph":[{"@type":"Article","@id":"https:\/\/denizcankizil.tr\/de\/haberler\/gundem\/izmitte-pazarci-kavgasina-ceza-1-hafta-tezgah-yasagi\/#article","isPartOf":{"@id":"https:\/\/denizcankizil.tr\/de\/haberler\/gundem\/izmitte-pazarci-kavgasina-ceza-1-hafta-tezgah-yasagi\/"},"author":{"name":"admin","@id":"https:\/\/denizcankizil.tr\/de\/#\/schema\/person\/be3c05fe6a12686905512445d8185489"},"headline":"\u0130zmit&#8217;te pazarc\u0131 kavgas\u0131na ceza: 1 hafta tezgah yasa\u011f\u0131","datePublished":"2025-04-11T10:42:07+00:00","mainEntityOfPage":{"@id":"https:\/\/denizcankizil.tr\/de\/haberler\/gundem\/izmitte-pazarci-kavgasina-ceza-1-hafta-tezgah-yasagi\/"},"wordCount":313,"publisher":{"@id":"https:\/\/denizcankizil.tr\/de\/#organization"},"articleSection":["G\u00fcndem"],"inLanguage":"de"},{"@type":"WebPage","@id":"https:\/\/denizcankizil.tr\/de\/haberler\/gundem\/izmitte-pazarci-kavgasina-ceza-1-hafta-tezgah-yasagi\/","url":"https:\/\/denizcankizil.tr\/de\/haberler\/gundem\/izmitte-pazarci-kavgasina-ceza-1-hafta-tezgah-yasagi\/","name":"\u0130zmit'te pazarc\u0131 kavgas\u0131na ceza: 1 hafta tezgah yasa\u011f\u0131 - Av. Deniz Can K\u0131z\u0131l","isPartOf":{"@id":"https:\/\/denizcankizil.tr\/de\/#website"},"datePublished":"2025-04-11T10:42:07+00:00","breadcrumb":{"@id":"https:\/\/denizcankizil.tr\/de\/haberler\/gundem\/izmitte-pazarci-kavgasina-ceza-1-hafta-tezgah-yasagi\/#breadcrumb"},"inLanguage":"de","potentialAction":[{"@type":"ReadAction","target":["https:\/\/denizcankizil.tr\/de\/haberler\/gundem\/izmitte-pazarci-kavgasina-ceza-1-hafta-tezgah-yasagi\/"]}]},{"@type":"BreadcrumbList","@id":"https:\/\/denizcankizil.tr\/de\/haberler\/gundem\/izmitte-pazarci-kavgasina-ceza-1-hafta-tezgah-yasagi\/#breadcrumb","itemListElement":[{"@type":"ListItem","position":1,"name":"Home","item":"https:\/\/denizcankizil.tr\/de\/"},{"@type":"ListItem","position":2,"name":"\u0130zmit&#8217;te pazarc\u0131 kavgas\u0131na ceza: 1 hafta tezgah yasa\u011f\u0131"}]},{"@type":"WebSite","@id":"https:\/\/denizcankizil.tr\/de\/#website","url":"https:\/\/denizcankizil.tr\/de\/","name":"Av. Deniz Can K\u0131z\u0131l","description":"Avukat Deniz Can K\u0131z\u0131l Antalya Barosu","publisher":{"@id":"https:\/\/denizcankizil.tr\/de\/#organization"},"potentialAction":[{"@type":"SearchAction","target":{"@type":"EntryPoint","urlTemplate":"https:\/\/denizcankizil.tr\/de\/?s={search_term_string}"},"query-input":{"@type":"PropertyValueSpecification","valueRequired":true,"valueName":"search_term_string"}}],"inLanguage":"de"},{"@type":"Organization","@id":"https:\/\/denizcankizil.tr\/de\/#organization","name":"Av. Deniz Can K\u0131z\u0131l","url":"https:\/\/denizcankizil.tr\/de\/","logo":{"@type":"ImageObject","inLanguage":"de","@id":"https:\/\/denizcankizil.tr\/de\/#\/schema\/logo\/image\/","url":"https:\/\/denizcankizil.tr\/wp-content\/uploads\/2024\/10\/siyah-logo-svg.svg","contentUrl":"https:\/\/denizcankizil.tr\/wp-content\/uploads\/2024\/10\/siyah-logo-svg.svg","width":1080,"height":1080,"caption":"Av. Deniz Can K\u0131z\u0131l"},"image":{"@id":"https:\/\/denizcankizil.tr\/de\/#\/schema\/logo\/image\/"}},{"@type":"Person","@id":"https:\/\/denizcankizil.tr\/de\/#\/schema\/person\/be3c05fe6a12686905512445d8185489","name":"Administrator","image":{"@type":"ImageObject","inLanguage":"de","@id":"https:\/\/denizcankizil.tr\/de\/#\/schema\/person\/image\/","url":"https:\/\/secure.gravatar.com\/avatar\/c1fce94c830dc79107e174f890d7210541c4a63e8e5d816341794a2151c9d58c?s=96&d=mm&r=g","contentUrl":"https:\/\/secure.gravatar.com\/avatar\/c1fce94c830dc79107e174f890d7210541c4a63e8e5d816341794a2151c9d58c?s=96&d=mm&r=g","caption":"admin"},"sameAs":["http:\/\/denizcankizil.tr"],"url":"https:\/\/www.iskenderun.org\/izmitte-pazarci-kavgasina-ceza-1-hafta-tezgah-yasagi"}]}},"_links":{"self":[{"href":"https:\/\/denizcankizil.tr\/de\/wp-json\/wp\/v2\/posts\/52487","targetHints":{"allow":["GET"]}}],"collection":[{"href":"https:\/\/denizcankizil.tr\/de\/wp-json\/wp\/v2\/posts"}],"about":[{"href":"https:\/\/denizcankizil.tr\/de\/wp-json\/wp\/v2\/types\/post"}],"author":[{"embeddable":true,"href":"https:\/\/denizcankizil.tr\/de\/wp-json\/wp\/v2\/users\/1"}],"replies":[{"embeddable":true,"href":"https:\/\/denizcankizil.tr\/de\/wp-json\/wp\/v2\/comments?post=52487"}],"version-history":[{"count":0,"href":"https:\/\/denizcankizil.tr\/de\/wp-json\/wp\/v2\/posts\/52487\/revisions"}],"wp:attachment":[{"href":"https:\/\/denizcankizil.tr\/de\/wp-json\/wp\/v2\/media?parent=52487"}],"wp:term":[{"taxonomy":"category","embeddable":true,"href":"https:\/\/denizcankizil.tr\/de\/wp-json\/wp\/v2\/categories?post=52487"},{"taxonomy":"post_tag","embeddable":true,"href":"https:\/\/denizcankizil.tr\/de\/wp-json\/wp\/v2\/tags?post=52487"}],"curies":[{"name":"wp","href":"https:\/\/api.w.org\/{rel}","templated":true}]}}