{"id":52262,"date":"2025-04-11T09:41:21","date_gmt":"2025-04-11T06:41:21","guid":{"rendered":"https:\/\/denizcankizil.tr\/uncategorized-tr\/ak-parti-havalimani-uzerinden-chpye-yuklendi-onlar-konusur-biz-yapariz\/"},"modified":"2025-04-11T09:41:21","modified_gmt":"2025-04-11T06:41:21","slug":"ak-parti-havalimani-uzerinden-chpye-yuklendi-onlar-konusur-biz-yapariz","status":"publish","type":"post","link":"https:\/\/denizcankizil.tr\/de\/haberler\/gundem\/ak-parti-havalimani-uzerinden-chpye-yuklendi-onlar-konusur-biz-yapariz\/","title":{"rendered":"AK Parti havaliman\u0131 \u00fczerinden CHP\u2019ye y\u00fcklendi: Onlar konu\u015fur biz yapar\u0131z!"},"content":{"rendered":"<p>Avrupa&#8217;n\u0131n en yo\u011fun havalimanlar\u0131ndan biri haline gelen Antalya Havaliman\u0131, bu hafta Cumhurba\u015fkan\u0131 Recep Tayyip Erdo\u011fan&#8217;\u0131n kat\u0131l\u0131m\u0131yla a\u00e7\u0131lacak yeni terminal binalar\u0131nda 82 milyon yolcuya hizmet verebilecek. AK Parti Antalya \u0130l Ba\u015fkan\u0131 Ali \u00c7etin, bug\u00fcn Cumhurba\u015fkan\u0131 Erdo\u011fan taraf\u0131ndan a\u00e7\u0131lacak olan Antalya havaliman\u0131 yeni terminalleri \u00fczerinden CHP\u2019ye y\u00fcklendi.\u00a0 \u00c7etin, \u201cOnlar konu\u015fur AK Parti yapar.\u201d dedi.<\/p>\n<p>KAPAS\u0130TE 82 M\u0130LYON OLACAK<\/p>\n<p>Antalya K\u00f6rfez Gazetesi muhabiri Ertu\u011frul G\u00fcn&#8217;\u00fcn haberine g\u00f6re, Ula\u015ft\u0131rma ve Altyap\u0131 Bakanl\u0131\u011f\u0131 taraf\u0131ndan Antalya havaliman\u0131nda yakla\u015f\u0131k 2,5 y\u0131l \u00f6nce ba\u015flat\u0131lan kapasiteyi 35 milyondan 82 milyona \u00e7\u0131karan geni\u015fleme ve yenileme yat\u0131r\u0131mlar\u0131 tamamland\u0131. Buna g\u00f6re 108 olan u\u00e7ak park pozisyonu, yeni apron sahalar\u0131yla 176&#8217;ya \u00e7\u0131kar\u0131ld\u0131. VIP ve CIP terminalleri yenilendi, 2 bin metrekarelik Devlet Konuk Evi ile 5 bin metrekarelik Devlet Hava Meydanlar\u0131 \u0130\u015fletmesi Hizmet binas\u0131 ve lojmanlar\u0131 yap\u0131ld\u0131.<\/p>\n<p>ERDO\u011eAN A\u00c7ACAK<\/p>\n<p>Mevcut 90 bin metrekarelik d\u0131\u015f hatlar terminali 224 bin metrekareye, 36 bin 859 metrekarelik i\u00e7 hatlar terminali de 75 bin metrekareye \u00e7\u0131kar\u0131ld\u0131. Limandan havaliman\u0131na yak\u0131t i\u00e7in 29 kilometrelik yer alt\u0131 boru hatt\u0131 devreye girdi. Havaliman\u0131nda yeni terminal binalar\u0131n\u0131n a\u00e7\u0131l\u0131\u015f\u0131, Cumhurba\u015fkan\u0131 Recep Tayyip Erdo\u011fan&#8217;\u0131n kat\u0131l\u0131m\u0131yla bug\u00fcn ger\u00e7ekle\u015ftirilecek. Bu y\u0131l da yeni bir rekora imza atmaya haz\u0131rlanan Antalya Havaliman\u0131, yaz sezonunda &#8220;yeni y\u00fcz\u00fcyle&#8221; misafirlerini a\u011f\u0131rlayacak.<\/p>\n<p>AK PART\u0130\u2019DEN CHP\u2019YE HAVAL\u0130MANI<\/p>\n<p>AK Parti Antalya \u0130l Ba\u015fkan\u0131 Ali \u00c7etin, bug\u00fcn Cumhurba\u015fkan\u0131 Erdo\u011fan taraf\u0131ndan a\u00e7\u0131lacak olan Antalya havaliman\u0131 yeni terminalleri \u00fczerinden CHP\u2019ye y\u00fcklendi.\u00a0 \u00c7etin a\u00e7\u0131klamas\u0131nda, \u201cOnlar konu\u015fur AK Parti yapar. G\u00f6zbebe\u011fimiz Antalya\u2019m\u0131z\u0131n d\u00fcnyaya a\u00e7\u0131lan kap\u0131s\u0131 \u2018Antalya Havaliman\u0131\u2019 geni\u015fleyen ve yenilenen y\u00fcz\u00fcyle haz\u0131r. 35 milyon olan y\u0131ll\u0131k yolcu kapasitesi ise 82 milyona y\u00fckseliyor.\u00a0 90 bin 143 metrekare olan Terminal-2 binas\u0131 224.000 metrekareye y\u00fckseliyor. 36 bin 859 metrekare olan \u0130\u00e7 Hatlar Terminali 75 bin 000 metrekareye y\u00fckseliyor.\u201d s\u00f6zlerine yer verdi.<\/p>\n<p>\u200bAK Parti Antalya \u0130l Ba\u015fkan\u0131 Ali \u00c7etin, Cumhurba\u015fkan\u0131 Erdo\u011fan taraf\u0131ndan a\u00e7\u0131lacak olan Antalya havaliman\u0131 yeni terminalleri \u00fczerinden CHP\u2019ye y\u00fcklendi.\u00a0<\/p>\n<p>\u200bHaberin Al\u0131nt\u0131land\u0131\u011f\u0131 Kaynak: www.antalyakorfez.com<\/p>","protected":false},"excerpt":{"rendered":"<p>Avrupa&#8217;n\u0131n en yo\u011fun havalimanlar\u0131ndan biri haline gelen Antalya Havaliman\u0131, bu hafta Cumhurba\u015fkan\u0131 Recep Tayyip Erdo\u011fan&#8217;\u0131n kat\u0131l\u0131m\u0131yla a\u00e7\u0131lacak yeni terminal binalar\u0131nda 82 milyon yolcuya hizmet verebilecek. AK Parti Antalya \u0130l Ba\u015fkan\u0131 Ali \u00c7etin, bug\u00fcn Cumhurba\u015fkan\u0131 Erdo\u011fan taraf\u0131ndan a\u00e7\u0131lacak olan Antalya havaliman\u0131 yeni terminalleri \u00fczerinden CHP\u2019ye y\u00fcklendi.\u00a0 \u00c7etin, \u201cOnlar konu\u015fur AK Parti yapar.\u201d dedi. KAPAS\u0130TE 82 M\u0130LYON OLACAK Antalya K\u00f6rfez Gazetesi muhabiri Ertu\u011frul G\u00fcn&#8217;\u00fcn haberine g\u00f6re, Ula\u015ft\u0131rma ve Altyap\u0131 Bakanl\u0131\u011f\u0131 taraf\u0131ndan Antalya havaliman\u0131nda yakla\u015f\u0131k 2,5 y\u0131l \u00f6nce ba\u015flat\u0131lan kapasiteyi 35 milyondan 82 milyona \u00e7\u0131karan geni\u015fleme ve yenileme yat\u0131r\u0131mlar\u0131 tamamland\u0131. Buna g\u00f6re 108 olan u\u00e7ak park pozisyonu, yeni apron sahalar\u0131yla 176&#8217;ya \u00e7\u0131kar\u0131ld\u0131. VIP ve CIP terminalleri yenilendi, 2 bin metrekarelik Devlet Konuk Evi ile 5 bin metrekarelik Devlet Hava Meydanlar\u0131 \u0130\u015fletmesi Hizmet binas\u0131 ve lojmanlar\u0131 yap\u0131ld\u0131. ERDO\u011eAN A\u00c7ACAK Mevcut 90 bin metrekarelik d\u0131\u015f hatlar terminali 224 bin metrekareye, 36 bin 859 metrekarelik i\u00e7 hatlar terminali de 75 bin metrekareye \u00e7\u0131kar\u0131ld\u0131. Limandan havaliman\u0131na yak\u0131t i\u00e7in 29 kilometrelik yer alt\u0131 boru hatt\u0131 devreye girdi. Havaliman\u0131nda yeni terminal binalar\u0131n\u0131n a\u00e7\u0131l\u0131\u015f\u0131, Cumhurba\u015fkan\u0131 Recep Tayyip Erdo\u011fan&#8217;\u0131n kat\u0131l\u0131m\u0131yla bug\u00fcn ger\u00e7ekle\u015ftirilecek. Bu y\u0131l da yeni bir rekora imza atmaya haz\u0131rlanan Antalya Havaliman\u0131, yaz sezonunda &#8220;yeni y\u00fcz\u00fcyle&#8221; misafirlerini a\u011f\u0131rlayacak. AK PART\u0130\u2019DEN CHP\u2019YE HAVAL\u0130MANI AK Parti Antalya \u0130l Ba\u015fkan\u0131 Ali \u00c7etin, bug\u00fcn &hellip;<\/p>","protected":false},"author":5,"featured_media":0,"comment_status":"","ping_status":"open","sticky":false,"template":"","format":"standard","meta":{"_acf_changed":false,"footnotes":""},"categories":[24],"tags":[],"class_list":["post-52262","post","type-post","status-publish","format-standard","has-post-thumbnail","hentry","category-gundem"],"acf":[],"yoast_head":"<!-- This site is optimized with the Yoast SEO Premium plugin v26.6 (Yoast SEO v27.1.1) - https:\/\/yoast.com\/product\/yoast-seo-premium-wordpress\/ -->\n<title>AK Parti havaliman\u0131 \u00fczerinden CHP\u2019ye y\u00fcklendi: Onlar konu\u015fur biz yapar\u0131z! - Av. Deniz Can K\u0131z\u0131l<\/title>\n<meta name=\"robots\" content=\"index, follow, max-snippet:-1, max-image-preview:large, max-video-preview:-1\" \/>\n<link rel=\"canonical\" href=\"https:\/\/denizcankizil.tr\/de\/haberler\/gundem\/ak-parti-havalimani-uzerinden-chpye-yuklendi-onlar-konusur-biz-yapariz\/\" \/>\n<meta property=\"og:locale\" content=\"de_DE\" \/>\n<meta property=\"og:type\" content=\"article\" \/>\n<meta property=\"og:title\" content=\"AK Parti havaliman\u0131 \u00fczerinden CHP\u2019ye y\u00fcklendi: Onlar konu\u015fur biz yapar\u0131z!\" \/>\n<meta property=\"og:description\" content=\"Avrupa&#8217;n\u0131n en yo\u011fun havalimanlar\u0131ndan biri haline gelen Antalya Havaliman\u0131, bu hafta Cumhurba\u015fkan\u0131 Recep Tayyip Erdo\u011fan&#8217;\u0131n kat\u0131l\u0131m\u0131yla a\u00e7\u0131lacak yeni terminal binalar\u0131nda 82 milyon yolcuya hizmet verebilecek. AK Parti Antalya \u0130l Ba\u015fkan\u0131 Ali \u00c7etin, bug\u00fcn Cumhurba\u015fkan\u0131 Erdo\u011fan taraf\u0131ndan a\u00e7\u0131lacak olan Antalya havaliman\u0131 yeni terminalleri \u00fczerinden CHP\u2019ye y\u00fcklendi.\u00a0 \u00c7etin, \u201cOnlar konu\u015fur AK Parti yapar.\u201d dedi. KAPAS\u0130TE 82 M\u0130LYON OLACAK Antalya K\u00f6rfez Gazetesi muhabiri Ertu\u011frul G\u00fcn&#8217;\u00fcn haberine g\u00f6re, Ula\u015ft\u0131rma ve Altyap\u0131 Bakanl\u0131\u011f\u0131 taraf\u0131ndan Antalya havaliman\u0131nda yakla\u015f\u0131k 2,5 y\u0131l \u00f6nce ba\u015flat\u0131lan kapasiteyi 35 milyondan 82 milyona \u00e7\u0131karan geni\u015fleme ve yenileme yat\u0131r\u0131mlar\u0131 tamamland\u0131. Buna g\u00f6re 108 olan u\u00e7ak park pozisyonu, yeni apron sahalar\u0131yla 176&#8217;ya \u00e7\u0131kar\u0131ld\u0131. VIP ve CIP terminalleri yenilendi, 2 bin metrekarelik Devlet Konuk Evi ile 5 bin metrekarelik Devlet Hava Meydanlar\u0131 \u0130\u015fletmesi Hizmet binas\u0131 ve lojmanlar\u0131 yap\u0131ld\u0131. ERDO\u011eAN A\u00c7ACAK Mevcut 90 bin metrekarelik d\u0131\u015f hatlar terminali 224 bin metrekareye, 36 bin 859 metrekarelik i\u00e7 hatlar terminali de 75 bin metrekareye \u00e7\u0131kar\u0131ld\u0131. Limandan havaliman\u0131na yak\u0131t i\u00e7in 29 kilometrelik yer alt\u0131 boru hatt\u0131 devreye girdi. Havaliman\u0131nda yeni terminal binalar\u0131n\u0131n a\u00e7\u0131l\u0131\u015f\u0131, Cumhurba\u015fkan\u0131 Recep Tayyip Erdo\u011fan&#8217;\u0131n kat\u0131l\u0131m\u0131yla bug\u00fcn ger\u00e7ekle\u015ftirilecek. Bu y\u0131l da yeni bir rekora imza atmaya haz\u0131rlanan Antalya Havaliman\u0131, yaz sezonunda &#8220;yeni y\u00fcz\u00fcyle&#8221; misafirlerini a\u011f\u0131rlayacak. AK PART\u0130\u2019DEN CHP\u2019YE HAVAL\u0130MANI AK Parti Antalya \u0130l Ba\u015fkan\u0131 Ali \u00c7etin, bug\u00fcn &hellip;\" \/>\n<meta property=\"og:url\" content=\"https:\/\/denizcankizil.tr\/de\/haberler\/gundem\/ak-parti-havalimani-uzerinden-chpye-yuklendi-onlar-konusur-biz-yapariz\/\" \/>\n<meta property=\"og:site_name\" content=\"Av. Deniz Can K\u0131z\u0131l\" \/>\n<meta property=\"article:published_time\" content=\"2025-04-11T06:41:21+00:00\" \/>\n<meta name=\"author\" content=\"Antalya K\u00f6rfez\" \/>\n<meta name=\"twitter:card\" content=\"summary_large_image\" \/>\n<meta name=\"twitter:label1\" content=\"Verfasst von\" \/>\n\t<meta name=\"twitter:data1\" content=\"Antalya K\u00f6rfez\" \/>\n\t<meta name=\"twitter:label2\" content=\"Gesch\u00e4tzte Lesezeit\" \/>\n\t<meta name=\"twitter:data2\" content=\"2\u00a0Minuten\" \/>\n<script type=\"application\/ld+json\" class=\"yoast-schema-graph\">{\"@context\":\"https:\/\/schema.org\",\"@graph\":[{\"@type\":\"Article\",\"@id\":\"https:\/\/denizcankizil.tr\/de\/haberler\/gundem\/ak-parti-havalimani-uzerinden-chpye-yuklendi-onlar-konusur-biz-yapariz\/#article\",\"isPartOf\":{\"@id\":\"https:\/\/denizcankizil.tr\/de\/haberler\/gundem\/ak-parti-havalimani-uzerinden-chpye-yuklendi-onlar-konusur-biz-yapariz\/\"},\"author\":{\"name\":\"Antalya K\u00f6rfez\",\"@id\":\"https:\/\/denizcankizil.tr\/#\/schema\/person\/e1eb71bb4dd684d46563f0af307e1234\"},\"headline\":\"AK Parti havaliman\u0131 \u00fczerinden CHP\u2019ye y\u00fcklendi: Onlar konu\u015fur biz yapar\u0131z!\",\"datePublished\":\"2025-04-11T06:41:21+00:00\",\"mainEntityOfPage\":{\"@id\":\"https:\/\/denizcankizil.tr\/de\/haberler\/gundem\/ak-parti-havalimani-uzerinden-chpye-yuklendi-onlar-konusur-biz-yapariz\/\"},\"wordCount\":391,\"publisher\":{\"@id\":\"https:\/\/denizcankizil.tr\/#organization\"},\"articleSection\":[\"G\u00fcndem\"],\"inLanguage\":\"de\"},{\"@type\":\"WebPage\",\"@id\":\"https:\/\/denizcankizil.tr\/de\/haberler\/gundem\/ak-parti-havalimani-uzerinden-chpye-yuklendi-onlar-konusur-biz-yapariz\/\",\"url\":\"https:\/\/denizcankizil.tr\/de\/haberler\/gundem\/ak-parti-havalimani-uzerinden-chpye-yuklendi-onlar-konusur-biz-yapariz\/\",\"name\":\"AK Parti havaliman\u0131 \u00fczerinden CHP\u2019ye y\u00fcklendi: Onlar konu\u015fur biz yapar\u0131z! - Av. Deniz Can K\u0131z\u0131l\",\"isPartOf\":{\"@id\":\"https:\/\/denizcankizil.tr\/#website\"},\"datePublished\":\"2025-04-11T06:41:21+00:00\",\"breadcrumb\":{\"@id\":\"https:\/\/denizcankizil.tr\/de\/haberler\/gundem\/ak-parti-havalimani-uzerinden-chpye-yuklendi-onlar-konusur-biz-yapariz\/#breadcrumb\"},\"inLanguage\":\"de\",\"potentialAction\":[{\"@type\":\"ReadAction\",\"target\":[\"https:\/\/denizcankizil.tr\/de\/haberler\/gundem\/ak-parti-havalimani-uzerinden-chpye-yuklendi-onlar-konusur-biz-yapariz\/\"]}]},{\"@type\":\"BreadcrumbList\",\"@id\":\"https:\/\/denizcankizil.tr\/de\/haberler\/gundem\/ak-parti-havalimani-uzerinden-chpye-yuklendi-onlar-konusur-biz-yapariz\/#breadcrumb\",\"itemListElement\":[{\"@type\":\"ListItem\",\"position\":1,\"name\":\"Home\",\"item\":\"https:\/\/denizcankizil.tr\/de\/\"},{\"@type\":\"ListItem\",\"position\":2,\"name\":\"AK Parti havaliman\u0131 \u00fczerinden CHP\u2019ye y\u00fcklendi: Onlar konu\u015fur biz yapar\u0131z!\"}]},{\"@type\":\"WebSite\",\"@id\":\"https:\/\/denizcankizil.tr\/#website\",\"url\":\"https:\/\/denizcankizil.tr\/\",\"name\":\"Av. Deniz Can K\u0131z\u0131l\",\"description\":\"Avukat Deniz Can K\u0131z\u0131l Antalya Barosu\",\"publisher\":{\"@id\":\"https:\/\/denizcankizil.tr\/#organization\"},\"potentialAction\":[{\"@type\":\"SearchAction\",\"target\":{\"@type\":\"EntryPoint\",\"urlTemplate\":\"https:\/\/denizcankizil.tr\/?s={search_term_string}\"},\"query-input\":{\"@type\":\"PropertyValueSpecification\",\"valueRequired\":true,\"valueName\":\"search_term_string\"}}],\"inLanguage\":\"de\"},{\"@type\":\"Organization\",\"@id\":\"https:\/\/denizcankizil.tr\/#organization\",\"name\":\"Av. Deniz Can K\u0131z\u0131l\",\"url\":\"https:\/\/denizcankizil.tr\/\",\"logo\":{\"@type\":\"ImageObject\",\"inLanguage\":\"de\",\"@id\":\"https:\/\/denizcankizil.tr\/#\/schema\/logo\/image\/\",\"url\":\"https:\/\/denizcankizil.tr\/wp-content\/uploads\/2024\/10\/siyah-logo-svg.svg\",\"contentUrl\":\"https:\/\/denizcankizil.tr\/wp-content\/uploads\/2024\/10\/siyah-logo-svg.svg\",\"width\":1080,\"height\":1080,\"caption\":\"Av. Deniz Can K\u0131z\u0131l\"},\"image\":{\"@id\":\"https:\/\/denizcankizil.tr\/#\/schema\/logo\/image\/\"}},{\"@type\":\"Person\",\"@id\":\"https:\/\/denizcankizil.tr\/#\/schema\/person\/e1eb71bb4dd684d46563f0af307e1234\",\"name\":\"Antalya K\u00f6rfez\",\"image\":{\"@type\":\"ImageObject\",\"inLanguage\":\"de\",\"@id\":\"https:\/\/denizcankizil.tr\/#\/schema\/person\/image\/\",\"url\":\"https:\/\/secure.gravatar.com\/avatar\/42b01982558a48a0b501fdcab6a408d3717ea5919095ee2e67b0e521799c5905?s=96&d=mm&r=g\",\"contentUrl\":\"https:\/\/secure.gravatar.com\/avatar\/42b01982558a48a0b501fdcab6a408d3717ea5919095ee2e67b0e521799c5905?s=96&d=mm&r=g\",\"caption\":\"Antalya K\u00f6rfez\"},\"sameAs\":[\"http:\/\/www.antalyakorfez.com\"],\"url\":\"https:\/\/www.antalyakorfez.com\/ak-parti-havalimani-uzerinden-chpye-yuklendi-onlar-konusur-biz-yapariz\"}]}<\/script>\n<!-- \/ Yoast SEO Premium plugin. -->","yoast_head_json":{"title":"AK Parti havaliman\u0131 \u00fczerinden CHP\u2019ye y\u00fcklendi: Onlar konu\u015fur biz yapar\u0131z! - Av. Deniz Can K\u0131z\u0131l","robots":{"index":"index","follow":"follow","max-snippet":"max-snippet:-1","max-image-preview":"max-image-preview:large","max-video-preview":"max-video-preview:-1"},"canonical":"https:\/\/denizcankizil.tr\/de\/haberler\/gundem\/ak-parti-havalimani-uzerinden-chpye-yuklendi-onlar-konusur-biz-yapariz\/","og_locale":"de_DE","og_type":"article","og_title":"AK Parti havaliman\u0131 \u00fczerinden CHP\u2019ye y\u00fcklendi: Onlar konu\u015fur biz yapar\u0131z!","og_description":"Avrupa&#8217;n\u0131n en yo\u011fun havalimanlar\u0131ndan biri haline gelen Antalya Havaliman\u0131, bu hafta Cumhurba\u015fkan\u0131 Recep Tayyip Erdo\u011fan&#8217;\u0131n kat\u0131l\u0131m\u0131yla a\u00e7\u0131lacak yeni terminal binalar\u0131nda 82 milyon yolcuya hizmet verebilecek. AK Parti Antalya \u0130l Ba\u015fkan\u0131 Ali \u00c7etin, bug\u00fcn Cumhurba\u015fkan\u0131 Erdo\u011fan taraf\u0131ndan a\u00e7\u0131lacak olan Antalya havaliman\u0131 yeni terminalleri \u00fczerinden CHP\u2019ye y\u00fcklendi.\u00a0 \u00c7etin, \u201cOnlar konu\u015fur AK Parti yapar.\u201d dedi. KAPAS\u0130TE 82 M\u0130LYON OLACAK Antalya K\u00f6rfez Gazetesi muhabiri Ertu\u011frul G\u00fcn&#8217;\u00fcn haberine g\u00f6re, Ula\u015ft\u0131rma ve Altyap\u0131 Bakanl\u0131\u011f\u0131 taraf\u0131ndan Antalya havaliman\u0131nda yakla\u015f\u0131k 2,5 y\u0131l \u00f6nce ba\u015flat\u0131lan kapasiteyi 35 milyondan 82 milyona \u00e7\u0131karan geni\u015fleme ve yenileme yat\u0131r\u0131mlar\u0131 tamamland\u0131. Buna g\u00f6re 108 olan u\u00e7ak park pozisyonu, yeni apron sahalar\u0131yla 176&#8217;ya \u00e7\u0131kar\u0131ld\u0131. VIP ve CIP terminalleri yenilendi, 2 bin metrekarelik Devlet Konuk Evi ile 5 bin metrekarelik Devlet Hava Meydanlar\u0131 \u0130\u015fletmesi Hizmet binas\u0131 ve lojmanlar\u0131 yap\u0131ld\u0131. ERDO\u011eAN A\u00c7ACAK Mevcut 90 bin metrekarelik d\u0131\u015f hatlar terminali 224 bin metrekareye, 36 bin 859 metrekarelik i\u00e7 hatlar terminali de 75 bin metrekareye \u00e7\u0131kar\u0131ld\u0131. Limandan havaliman\u0131na yak\u0131t i\u00e7in 29 kilometrelik yer alt\u0131 boru hatt\u0131 devreye girdi. Havaliman\u0131nda yeni terminal binalar\u0131n\u0131n a\u00e7\u0131l\u0131\u015f\u0131, Cumhurba\u015fkan\u0131 Recep Tayyip Erdo\u011fan&#8217;\u0131n kat\u0131l\u0131m\u0131yla bug\u00fcn ger\u00e7ekle\u015ftirilecek. Bu y\u0131l da yeni bir rekora imza atmaya haz\u0131rlanan Antalya Havaliman\u0131, yaz sezonunda &#8220;yeni y\u00fcz\u00fcyle&#8221; misafirlerini a\u011f\u0131rlayacak. AK PART\u0130\u2019DEN CHP\u2019YE HAVAL\u0130MANI AK Parti Antalya \u0130l Ba\u015fkan\u0131 Ali \u00c7etin, bug\u00fcn &hellip;","og_url":"https:\/\/denizcankizil.tr\/de\/haberler\/gundem\/ak-parti-havalimani-uzerinden-chpye-yuklendi-onlar-konusur-biz-yapariz\/","og_site_name":"Av. Deniz Can K\u0131z\u0131l","article_published_time":"2025-04-11T06:41:21+00:00","author":"Antalya K\u00f6rfez","twitter_card":"summary_large_image","twitter_misc":{"Verfasst von":"Antalya K\u00f6rfez","Gesch\u00e4tzte Lesezeit":"2\u00a0Minuten"},"schema":{"@context":"https:\/\/schema.org","@graph":[{"@type":"Article","@id":"https:\/\/denizcankizil.tr\/de\/haberler\/gundem\/ak-parti-havalimani-uzerinden-chpye-yuklendi-onlar-konusur-biz-yapariz\/#article","isPartOf":{"@id":"https:\/\/denizcankizil.tr\/de\/haberler\/gundem\/ak-parti-havalimani-uzerinden-chpye-yuklendi-onlar-konusur-biz-yapariz\/"},"author":{"name":"Antalya K\u00f6rfez","@id":"https:\/\/denizcankizil.tr\/#\/schema\/person\/e1eb71bb4dd684d46563f0af307e1234"},"headline":"AK Parti havaliman\u0131 \u00fczerinden CHP\u2019ye y\u00fcklendi: Onlar konu\u015fur biz yapar\u0131z!","datePublished":"2025-04-11T06:41:21+00:00","mainEntityOfPage":{"@id":"https:\/\/denizcankizil.tr\/de\/haberler\/gundem\/ak-parti-havalimani-uzerinden-chpye-yuklendi-onlar-konusur-biz-yapariz\/"},"wordCount":391,"publisher":{"@id":"https:\/\/denizcankizil.tr\/#organization"},"articleSection":["G\u00fcndem"],"inLanguage":"de"},{"@type":"WebPage","@id":"https:\/\/denizcankizil.tr\/de\/haberler\/gundem\/ak-parti-havalimani-uzerinden-chpye-yuklendi-onlar-konusur-biz-yapariz\/","url":"https:\/\/denizcankizil.tr\/de\/haberler\/gundem\/ak-parti-havalimani-uzerinden-chpye-yuklendi-onlar-konusur-biz-yapariz\/","name":"AK Parti havaliman\u0131 \u00fczerinden CHP\u2019ye y\u00fcklendi: Onlar konu\u015fur biz yapar\u0131z! - Av. Deniz Can K\u0131z\u0131l","isPartOf":{"@id":"https:\/\/denizcankizil.tr\/#website"},"datePublished":"2025-04-11T06:41:21+00:00","breadcrumb":{"@id":"https:\/\/denizcankizil.tr\/de\/haberler\/gundem\/ak-parti-havalimani-uzerinden-chpye-yuklendi-onlar-konusur-biz-yapariz\/#breadcrumb"},"inLanguage":"de","potentialAction":[{"@type":"ReadAction","target":["https:\/\/denizcankizil.tr\/de\/haberler\/gundem\/ak-parti-havalimani-uzerinden-chpye-yuklendi-onlar-konusur-biz-yapariz\/"]}]},{"@type":"BreadcrumbList","@id":"https:\/\/denizcankizil.tr\/de\/haberler\/gundem\/ak-parti-havalimani-uzerinden-chpye-yuklendi-onlar-konusur-biz-yapariz\/#breadcrumb","itemListElement":[{"@type":"ListItem","position":1,"name":"Home","item":"https:\/\/denizcankizil.tr\/de\/"},{"@type":"ListItem","position":2,"name":"AK Parti havaliman\u0131 \u00fczerinden CHP\u2019ye y\u00fcklendi: Onlar konu\u015fur biz yapar\u0131z!"}]},{"@type":"WebSite","@id":"https:\/\/denizcankizil.tr\/#website","url":"https:\/\/denizcankizil.tr\/","name":"Av. Deniz Can K\u0131z\u0131l","description":"Avukat Deniz Can K\u0131z\u0131l Antalya Barosu","publisher":{"@id":"https:\/\/denizcankizil.tr\/#organization"},"potentialAction":[{"@type":"SearchAction","target":{"@type":"EntryPoint","urlTemplate":"https:\/\/denizcankizil.tr\/?s={search_term_string}"},"query-input":{"@type":"PropertyValueSpecification","valueRequired":true,"valueName":"search_term_string"}}],"inLanguage":"de"},{"@type":"Organization","@id":"https:\/\/denizcankizil.tr\/#organization","name":"Av. Deniz Can K\u0131z\u0131l","url":"https:\/\/denizcankizil.tr\/","logo":{"@type":"ImageObject","inLanguage":"de","@id":"https:\/\/denizcankizil.tr\/#\/schema\/logo\/image\/","url":"https:\/\/denizcankizil.tr\/wp-content\/uploads\/2024\/10\/siyah-logo-svg.svg","contentUrl":"https:\/\/denizcankizil.tr\/wp-content\/uploads\/2024\/10\/siyah-logo-svg.svg","width":1080,"height":1080,"caption":"Av. Deniz Can K\u0131z\u0131l"},"image":{"@id":"https:\/\/denizcankizil.tr\/#\/schema\/logo\/image\/"}},{"@type":"Person","@id":"https:\/\/denizcankizil.tr\/#\/schema\/person\/e1eb71bb4dd684d46563f0af307e1234","name":"Antalya K\u00f6rfez","image":{"@type":"ImageObject","inLanguage":"de","@id":"https:\/\/denizcankizil.tr\/#\/schema\/person\/image\/","url":"https:\/\/secure.gravatar.com\/avatar\/42b01982558a48a0b501fdcab6a408d3717ea5919095ee2e67b0e521799c5905?s=96&d=mm&r=g","contentUrl":"https:\/\/secure.gravatar.com\/avatar\/42b01982558a48a0b501fdcab6a408d3717ea5919095ee2e67b0e521799c5905?s=96&d=mm&r=g","caption":"Antalya K\u00f6rfez"},"sameAs":["http:\/\/www.antalyakorfez.com"],"url":"https:\/\/www.antalyakorfez.com\/ak-parti-havalimani-uzerinden-chpye-yuklendi-onlar-konusur-biz-yapariz"}]}},"_links":{"self":[{"href":"https:\/\/denizcankizil.tr\/de\/wp-json\/wp\/v2\/posts\/52262","targetHints":{"allow":["GET"]}}],"collection":[{"href":"https:\/\/denizcankizil.tr\/de\/wp-json\/wp\/v2\/posts"}],"about":[{"href":"https:\/\/denizcankizil.tr\/de\/wp-json\/wp\/v2\/types\/post"}],"author":[{"embeddable":true,"href":"https:\/\/denizcankizil.tr\/de\/wp-json\/wp\/v2\/users\/5"}],"replies":[{"embeddable":true,"href":"https:\/\/denizcankizil.tr\/de\/wp-json\/wp\/v2\/comments?post=52262"}],"version-history":[{"count":0,"href":"https:\/\/denizcankizil.tr\/de\/wp-json\/wp\/v2\/posts\/52262\/revisions"}],"wp:attachment":[{"href":"https:\/\/denizcankizil.tr\/de\/wp-json\/wp\/v2\/media?parent=52262"}],"wp:term":[{"taxonomy":"category","embeddable":true,"href":"https:\/\/denizcankizil.tr\/de\/wp-json\/wp\/v2\/categories?post=52262"},{"taxonomy":"post_tag","embeddable":true,"href":"https:\/\/denizcankizil.tr\/de\/wp-json\/wp\/v2\/tags?post=52262"}],"curies":[{"name":"wp","href":"https:\/\/api.w.org\/{rel}","templated":true}]}}