{"id":51643,"date":"2025-04-10T17:43:09","date_gmt":"2025-04-10T14:43:09","guid":{"rendered":"https:\/\/denizcankizil.tr\/uncategorized-tr\/mugla-buyuksehirden-fethiyedeki-yangina-hizli-mudahale\/"},"modified":"2025-04-10T17:43:09","modified_gmt":"2025-04-10T14:43:09","slug":"mugla-buyuksehirden-fethiyedeki-yangina-hizli-mudahale","status":"publish","type":"post","link":"https:\/\/denizcankizil.tr\/de\/haberler\/gundem\/mugla-buyuksehirden-fethiyedeki-yangina-hizli-mudahale\/","title":{"rendered":"Mu\u011fla B\u00fcy\u00fck\u015fehir&#8217;den Fethiye\u2019deki yang\u0131na h\u0131zl\u0131 m\u00fcdahale"},"content":{"rendered":"<p>Mu\u011fla B\u00fcy\u00fck\u015fehir Belediyesi\u2019nin Fethiye\u2019de konu\u015flu acil m\u00fcdahale teknesi, denizden yang\u0131na an\u0131nda m\u00fcdahale ederken, karadan da itfaiye ekipleri alevleri kontrol alt\u0131na almak i\u00e7in yo\u011fun \u00e7aba sarf etti. Sahil G\u00fcvenlik ve K\u0131y\u0131 Emniyeti ekiplerinin de destek verdi\u011fi operasyonla yang\u0131n s\u00f6nd\u00fcr\u00fcld\u00fc.MU\u011eLA (\u0130GFA) &#8211; Mu\u011fla&#8217;n\u0131n Fethiye il\u00e7esinde Karag\u00f6zler Mahallesi\u2019ndeki marinada bir teknede \u00e7\u0131kan yang\u0131n, 3 tekneye daha s\u0131\u00e7rad\u0131.<br \/>\nMu\u011fla B\u00fcy\u00fck\u015fehir Belediyesi ekipleri, denizden ve karadan h\u0131zla m\u00fcdahale ederek alevleri s\u00f6nd\u00fcrd\u00fc.<br \/>\nAl\u0131nan bilgiye g\u00f6re 4 tekne zarar g\u00f6r\u00fcrken, can kayb\u0131 ya\u015fanmad\u0131; 2 ki\u015fi dumandan etkilendi.<\/p>\n<p>Yang\u0131n\u0131n nedeni ara\u015ft\u0131r\u0131l\u0131rken belediye yetkilileri, ekiplerin h\u0131zl\u0131 tepkisinin b\u00fcy\u00fck bir felaketi \u00f6nledi\u011fini kaydetti.<\/p>\n<p>\u200bMu\u011fla B\u00fcy\u00fck\u015fehir Belediyesi\u2019nin Fethiye\u2019de konu\u015flu acil m\u00fcdahale teknesi, denizden yang\u0131na an\u0131nda m\u00fcdahale ederken, karadan da itfaiye ekipleri alevleri kontrol alt\u0131na almak i\u00e7in yo\u011fun \u00e7aba sarf etti. Sahil G\u00fcvenlik ve K\u0131y\u0131 Emniyeti ekiplerinin de destek verdi\u011fi operasyonla yang\u0131n s\u00f6nd\u00fcr\u00fcld\u00fc.MU\u011eLA (\u0130GFA) &#8211; Mu\u011fla&#8217;n\u0131n Fethiye il\u00e7esinde Karag\u00f6zler Mahallesi\u2019ndeki marinada bir teknede \u00e7\u0131kan yang\u0131n, 3 tekneye daha s\u0131\u00e7rad\u0131.<br \/>\nMu\u011fla B\u00fcy\u00fck\u015fehir Belediyesi ekipleri, denizden ve karadan h\u0131zla m\u00fcdahale ederek alevleri s\u00f6nd\u00fcrd\u00fc.<br \/>\nAl\u0131nan bilgiye g\u00f6re 4 tekne zarar g\u00f6r\u00fcrken, can kayb\u0131 ya\u015fanmad\u0131; 2 ki\u015fi dumandan etkilendi.<\/p>\n<p>Yang\u0131n\u0131n nedeni ara\u015ft\u0131r\u0131l\u0131rken belediye yetkilileri, ekiplerin h\u0131zl\u0131 tepkisinin b\u00fcy\u00fck bir felaketi \u00f6nledi\u011fini kaydetti.\u00a0<\/p>\n<p>\u200bHaberin Al\u0131nt\u0131land\u0131\u011f\u0131 Kaynak: www.iskenderun.org<\/p>","protected":false},"excerpt":{"rendered":"<p>Mu\u011fla B\u00fcy\u00fck\u015fehir Belediyesi\u2019nin Fethiye\u2019de konu\u015flu acil m\u00fcdahale teknesi, denizden yang\u0131na an\u0131nda m\u00fcdahale ederken, karadan da itfaiye ekipleri alevleri kontrol alt\u0131na almak i\u00e7in yo\u011fun \u00e7aba sarf etti. Sahil G\u00fcvenlik ve K\u0131y\u0131 Emniyeti ekiplerinin de destek verdi\u011fi operasyonla yang\u0131n s\u00f6nd\u00fcr\u00fcld\u00fc.MU\u011eLA (\u0130GFA) &#8211; Mu\u011fla&#8217;n\u0131n Fethiye il\u00e7esinde Karag\u00f6zler Mahallesi\u2019ndeki marinada bir teknede \u00e7\u0131kan yang\u0131n, 3 tekneye daha s\u0131\u00e7rad\u0131. Mu\u011fla B\u00fcy\u00fck\u015fehir Belediyesi ekipleri, denizden ve karadan h\u0131zla m\u00fcdahale ederek alevleri s\u00f6nd\u00fcrd\u00fc. Al\u0131nan bilgiye g\u00f6re 4 tekne zarar g\u00f6r\u00fcrken, can kayb\u0131 ya\u015fanmad\u0131; 2 ki\u015fi dumandan etkilendi. Yang\u0131n\u0131n nedeni ara\u015ft\u0131r\u0131l\u0131rken belediye yetkilileri, ekiplerin h\u0131zl\u0131 tepkisinin b\u00fcy\u00fck bir felaketi \u00f6nledi\u011fini kaydetti. \u200bMu\u011fla B\u00fcy\u00fck\u015fehir Belediyesi\u2019nin Fethiye\u2019de konu\u015flu acil m\u00fcdahale teknesi, denizden yang\u0131na an\u0131nda m\u00fcdahale ederken, karadan da itfaiye ekipleri alevleri kontrol alt\u0131na almak i\u00e7in yo\u011fun \u00e7aba sarf etti. Sahil G\u00fcvenlik ve K\u0131y\u0131 Emniyeti ekiplerinin de destek verdi\u011fi operasyonla yang\u0131n s\u00f6nd\u00fcr\u00fcld\u00fc.MU\u011eLA (\u0130GFA) &#8211; Mu\u011fla&#8217;n\u0131n Fethiye il\u00e7esinde Karag\u00f6zler Mahallesi\u2019ndeki marinada bir teknede \u00e7\u0131kan yang\u0131n, 3 tekneye daha s\u0131\u00e7rad\u0131. Mu\u011fla B\u00fcy\u00fck\u015fehir Belediyesi ekipleri, denizden ve karadan h\u0131zla m\u00fcdahale ederek alevleri s\u00f6nd\u00fcrd\u00fc. Al\u0131nan bilgiye g\u00f6re 4 tekne zarar g\u00f6r\u00fcrken, can kayb\u0131 ya\u015fanmad\u0131; 2 ki\u015fi dumandan etkilendi. Yang\u0131n\u0131n nedeni ara\u015ft\u0131r\u0131l\u0131rken belediye yetkilileri, ekiplerin h\u0131zl\u0131 tepkisinin b\u00fcy\u00fck bir felaketi \u00f6nledi\u011fini kaydetti.\u00a0 \u200bHaberin Al\u0131nt\u0131land\u0131\u011f\u0131 Kaynak: www.iskenderun.org<\/p>","protected":false},"author":1,"featured_media":0,"comment_status":"","ping_status":"open","sticky":false,"template":"","format":"standard","meta":{"_acf_changed":false,"footnotes":""},"categories":[24],"tags":[],"class_list":["post-51643","post","type-post","status-publish","format-standard","has-post-thumbnail","hentry","category-gundem"],"acf":[],"yoast_head":"<!-- This site is optimized with the Yoast SEO Premium plugin v26.6 (Yoast SEO v27.1.1) - https:\/\/yoast.com\/product\/yoast-seo-premium-wordpress\/ -->\n<title>Mu\u011fla B\u00fcy\u00fck\u015fehir&#039;den Fethiye\u2019deki yang\u0131na h\u0131zl\u0131 m\u00fcdahale - Av. Deniz Can K\u0131z\u0131l<\/title>\n<meta name=\"robots\" content=\"index, follow, max-snippet:-1, max-image-preview:large, max-video-preview:-1\" \/>\n<link rel=\"canonical\" href=\"https:\/\/denizcankizil.tr\/de\/haberler\/gundem\/mugla-buyuksehirden-fethiyedeki-yangina-hizli-mudahale\/\" \/>\n<meta property=\"og:locale\" content=\"de_DE\" \/>\n<meta property=\"og:type\" content=\"article\" \/>\n<meta property=\"og:title\" content=\"Mu\u011fla B\u00fcy\u00fck\u015fehir&#039;den Fethiye\u2019deki yang\u0131na h\u0131zl\u0131 m\u00fcdahale\" \/>\n<meta property=\"og:description\" content=\"Mu\u011fla B\u00fcy\u00fck\u015fehir Belediyesi\u2019nin Fethiye\u2019de konu\u015flu acil m\u00fcdahale teknesi, denizden yang\u0131na an\u0131nda m\u00fcdahale ederken, karadan da itfaiye ekipleri alevleri kontrol alt\u0131na almak i\u00e7in yo\u011fun \u00e7aba sarf etti. Sahil G\u00fcvenlik ve K\u0131y\u0131 Emniyeti ekiplerinin de destek verdi\u011fi operasyonla yang\u0131n s\u00f6nd\u00fcr\u00fcld\u00fc.MU\u011eLA (\u0130GFA) &#8211; Mu\u011fla&#8217;n\u0131n Fethiye il\u00e7esinde Karag\u00f6zler Mahallesi\u2019ndeki marinada bir teknede \u00e7\u0131kan yang\u0131n, 3 tekneye daha s\u0131\u00e7rad\u0131. Mu\u011fla B\u00fcy\u00fck\u015fehir Belediyesi ekipleri, denizden ve karadan h\u0131zla m\u00fcdahale ederek alevleri s\u00f6nd\u00fcrd\u00fc. Al\u0131nan bilgiye g\u00f6re 4 tekne zarar g\u00f6r\u00fcrken, can kayb\u0131 ya\u015fanmad\u0131; 2 ki\u015fi dumandan etkilendi. Yang\u0131n\u0131n nedeni ara\u015ft\u0131r\u0131l\u0131rken belediye yetkilileri, ekiplerin h\u0131zl\u0131 tepkisinin b\u00fcy\u00fck bir felaketi \u00f6nledi\u011fini kaydetti. \u200bMu\u011fla B\u00fcy\u00fck\u015fehir Belediyesi\u2019nin Fethiye\u2019de konu\u015flu acil m\u00fcdahale teknesi, denizden yang\u0131na an\u0131nda m\u00fcdahale ederken, karadan da itfaiye ekipleri alevleri kontrol alt\u0131na almak i\u00e7in yo\u011fun \u00e7aba sarf etti. Sahil G\u00fcvenlik ve K\u0131y\u0131 Emniyeti ekiplerinin de destek verdi\u011fi operasyonla yang\u0131n s\u00f6nd\u00fcr\u00fcld\u00fc.MU\u011eLA (\u0130GFA) &#8211; Mu\u011fla&#8217;n\u0131n Fethiye il\u00e7esinde Karag\u00f6zler Mahallesi\u2019ndeki marinada bir teknede \u00e7\u0131kan yang\u0131n, 3 tekneye daha s\u0131\u00e7rad\u0131. Mu\u011fla B\u00fcy\u00fck\u015fehir Belediyesi ekipleri, denizden ve karadan h\u0131zla m\u00fcdahale ederek alevleri s\u00f6nd\u00fcrd\u00fc. Al\u0131nan bilgiye g\u00f6re 4 tekne zarar g\u00f6r\u00fcrken, can kayb\u0131 ya\u015fanmad\u0131; 2 ki\u015fi dumandan etkilendi. Yang\u0131n\u0131n nedeni ara\u015ft\u0131r\u0131l\u0131rken belediye yetkilileri, ekiplerin h\u0131zl\u0131 tepkisinin b\u00fcy\u00fck bir felaketi \u00f6nledi\u011fini kaydetti.\u00a0 \u200bHaberin Al\u0131nt\u0131land\u0131\u011f\u0131 Kaynak: www.iskenderun.org\" \/>\n<meta property=\"og:url\" content=\"https:\/\/denizcankizil.tr\/de\/haberler\/gundem\/mugla-buyuksehirden-fethiyedeki-yangina-hizli-mudahale\/\" \/>\n<meta property=\"og:site_name\" content=\"Av. Deniz Can K\u0131z\u0131l\" \/>\n<meta property=\"article:published_time\" content=\"2025-04-10T14:43:09+00:00\" \/>\n<meta name=\"author\" content=\"admin\" \/>\n<meta name=\"twitter:card\" content=\"summary_large_image\" \/>\n<meta name=\"twitter:label1\" content=\"Verfasst von\" \/>\n\t<meta name=\"twitter:data1\" content=\"admin\" \/>\n\t<meta name=\"twitter:label2\" content=\"Gesch\u00e4tzte Lesezeit\" \/>\n\t<meta name=\"twitter:data2\" content=\"1\u00a0Minute\" \/>\n<script type=\"application\/ld+json\" class=\"yoast-schema-graph\">{\"@context\":\"https:\/\/schema.org\",\"@graph\":[{\"@type\":\"Article\",\"@id\":\"https:\/\/denizcankizil.tr\/de\/haberler\/gundem\/mugla-buyuksehirden-fethiyedeki-yangina-hizli-mudahale\/#article\",\"isPartOf\":{\"@id\":\"https:\/\/denizcankizil.tr\/de\/haberler\/gundem\/mugla-buyuksehirden-fethiyedeki-yangina-hizli-mudahale\/\"},\"author\":{\"name\":\"admin\",\"@id\":\"https:\/\/denizcankizil.tr\/de\/#\/schema\/person\/be3c05fe6a12686905512445d8185489\"},\"headline\":\"Mu\u011fla B\u00fcy\u00fck\u015fehir&#8217;den Fethiye\u2019deki yang\u0131na h\u0131zl\u0131 m\u00fcdahale\",\"datePublished\":\"2025-04-10T14:43:09+00:00\",\"mainEntityOfPage\":{\"@id\":\"https:\/\/denizcankizil.tr\/de\/haberler\/gundem\/mugla-buyuksehirden-fethiyedeki-yangina-hizli-mudahale\/\"},\"wordCount\":313,\"publisher\":{\"@id\":\"https:\/\/denizcankizil.tr\/de\/#organization\"},\"articleSection\":[\"G\u00fcndem\"],\"inLanguage\":\"de\"},{\"@type\":\"WebPage\",\"@id\":\"https:\/\/denizcankizil.tr\/de\/haberler\/gundem\/mugla-buyuksehirden-fethiyedeki-yangina-hizli-mudahale\/\",\"url\":\"https:\/\/denizcankizil.tr\/de\/haberler\/gundem\/mugla-buyuksehirden-fethiyedeki-yangina-hizli-mudahale\/\",\"name\":\"Mu\u011fla B\u00fcy\u00fck\u015fehir'den Fethiye\u2019deki yang\u0131na h\u0131zl\u0131 m\u00fcdahale - Av. Deniz Can K\u0131z\u0131l\",\"isPartOf\":{\"@id\":\"https:\/\/denizcankizil.tr\/de\/#website\"},\"datePublished\":\"2025-04-10T14:43:09+00:00\",\"breadcrumb\":{\"@id\":\"https:\/\/denizcankizil.tr\/de\/haberler\/gundem\/mugla-buyuksehirden-fethiyedeki-yangina-hizli-mudahale\/#breadcrumb\"},\"inLanguage\":\"de\",\"potentialAction\":[{\"@type\":\"ReadAction\",\"target\":[\"https:\/\/denizcankizil.tr\/de\/haberler\/gundem\/mugla-buyuksehirden-fethiyedeki-yangina-hizli-mudahale\/\"]}]},{\"@type\":\"BreadcrumbList\",\"@id\":\"https:\/\/denizcankizil.tr\/de\/haberler\/gundem\/mugla-buyuksehirden-fethiyedeki-yangina-hizli-mudahale\/#breadcrumb\",\"itemListElement\":[{\"@type\":\"ListItem\",\"position\":1,\"name\":\"Home\",\"item\":\"https:\/\/denizcankizil.tr\/de\/\"},{\"@type\":\"ListItem\",\"position\":2,\"name\":\"Mu\u011fla B\u00fcy\u00fck\u015fehir&#8217;den Fethiye\u2019deki yang\u0131na h\u0131zl\u0131 m\u00fcdahale\"}]},{\"@type\":\"WebSite\",\"@id\":\"https:\/\/denizcankizil.tr\/de\/#website\",\"url\":\"https:\/\/denizcankizil.tr\/de\/\",\"name\":\"Av. Deniz Can K\u0131z\u0131l\",\"description\":\"Avukat Deniz Can K\u0131z\u0131l Antalya Barosu\",\"publisher\":{\"@id\":\"https:\/\/denizcankizil.tr\/de\/#organization\"},\"potentialAction\":[{\"@type\":\"SearchAction\",\"target\":{\"@type\":\"EntryPoint\",\"urlTemplate\":\"https:\/\/denizcankizil.tr\/de\/?s={search_term_string}\"},\"query-input\":{\"@type\":\"PropertyValueSpecification\",\"valueRequired\":true,\"valueName\":\"search_term_string\"}}],\"inLanguage\":\"de\"},{\"@type\":\"Organization\",\"@id\":\"https:\/\/denizcankizil.tr\/de\/#organization\",\"name\":\"Av. Deniz Can K\u0131z\u0131l\",\"url\":\"https:\/\/denizcankizil.tr\/de\/\",\"logo\":{\"@type\":\"ImageObject\",\"inLanguage\":\"de\",\"@id\":\"https:\/\/denizcankizil.tr\/de\/#\/schema\/logo\/image\/\",\"url\":\"https:\/\/denizcankizil.tr\/wp-content\/uploads\/2024\/10\/siyah-logo-svg.svg\",\"contentUrl\":\"https:\/\/denizcankizil.tr\/wp-content\/uploads\/2024\/10\/siyah-logo-svg.svg\",\"width\":1080,\"height\":1080,\"caption\":\"Av. Deniz Can K\u0131z\u0131l\"},\"image\":{\"@id\":\"https:\/\/denizcankizil.tr\/de\/#\/schema\/logo\/image\/\"}},{\"@type\":\"Person\",\"@id\":\"https:\/\/denizcankizil.tr\/de\/#\/schema\/person\/be3c05fe6a12686905512445d8185489\",\"name\":\"admin\",\"image\":{\"@type\":\"ImageObject\",\"inLanguage\":\"de\",\"@id\":\"https:\/\/denizcankizil.tr\/de\/#\/schema\/person\/image\/\",\"url\":\"https:\/\/secure.gravatar.com\/avatar\/c1fce94c830dc79107e174f890d7210541c4a63e8e5d816341794a2151c9d58c?s=96&d=mm&r=g\",\"contentUrl\":\"https:\/\/secure.gravatar.com\/avatar\/c1fce94c830dc79107e174f890d7210541c4a63e8e5d816341794a2151c9d58c?s=96&d=mm&r=g\",\"caption\":\"admin\"},\"sameAs\":[\"http:\/\/denizcankizil.tr\"],\"url\":\"https:\/\/www.iskenderun.org\/mugla-buyuksehirden-fethiyedeki-yangina-hizli-mudahale\"}]}<\/script>\n<!-- \/ Yoast SEO Premium plugin. -->","yoast_head_json":{"title":"Mu\u011fla B\u00fcy\u00fck\u015fehir'den Fethiye\u2019deki yang\u0131na h\u0131zl\u0131 m\u00fcdahale - Av. Deniz Can K\u0131z\u0131l","robots":{"index":"index","follow":"follow","max-snippet":"max-snippet:-1","max-image-preview":"max-image-preview:large","max-video-preview":"max-video-preview:-1"},"canonical":"https:\/\/denizcankizil.tr\/de\/haberler\/gundem\/mugla-buyuksehirden-fethiyedeki-yangina-hizli-mudahale\/","og_locale":"de_DE","og_type":"article","og_title":"Mu\u011fla B\u00fcy\u00fck\u015fehir'den Fethiye\u2019deki yang\u0131na h\u0131zl\u0131 m\u00fcdahale","og_description":"Mu\u011fla B\u00fcy\u00fck\u015fehir Belediyesi\u2019nin Fethiye\u2019de konu\u015flu acil m\u00fcdahale teknesi, denizden yang\u0131na an\u0131nda m\u00fcdahale ederken, karadan da itfaiye ekipleri alevleri kontrol alt\u0131na almak i\u00e7in yo\u011fun \u00e7aba sarf etti. Sahil G\u00fcvenlik ve K\u0131y\u0131 Emniyeti ekiplerinin de destek verdi\u011fi operasyonla yang\u0131n s\u00f6nd\u00fcr\u00fcld\u00fc.MU\u011eLA (\u0130GFA) &#8211; Mu\u011fla&#8217;n\u0131n Fethiye il\u00e7esinde Karag\u00f6zler Mahallesi\u2019ndeki marinada bir teknede \u00e7\u0131kan yang\u0131n, 3 tekneye daha s\u0131\u00e7rad\u0131. Mu\u011fla B\u00fcy\u00fck\u015fehir Belediyesi ekipleri, denizden ve karadan h\u0131zla m\u00fcdahale ederek alevleri s\u00f6nd\u00fcrd\u00fc. Al\u0131nan bilgiye g\u00f6re 4 tekne zarar g\u00f6r\u00fcrken, can kayb\u0131 ya\u015fanmad\u0131; 2 ki\u015fi dumandan etkilendi. Yang\u0131n\u0131n nedeni ara\u015ft\u0131r\u0131l\u0131rken belediye yetkilileri, ekiplerin h\u0131zl\u0131 tepkisinin b\u00fcy\u00fck bir felaketi \u00f6nledi\u011fini kaydetti. \u200bMu\u011fla B\u00fcy\u00fck\u015fehir Belediyesi\u2019nin Fethiye\u2019de konu\u015flu acil m\u00fcdahale teknesi, denizden yang\u0131na an\u0131nda m\u00fcdahale ederken, karadan da itfaiye ekipleri alevleri kontrol alt\u0131na almak i\u00e7in yo\u011fun \u00e7aba sarf etti. Sahil G\u00fcvenlik ve K\u0131y\u0131 Emniyeti ekiplerinin de destek verdi\u011fi operasyonla yang\u0131n s\u00f6nd\u00fcr\u00fcld\u00fc.MU\u011eLA (\u0130GFA) &#8211; Mu\u011fla&#8217;n\u0131n Fethiye il\u00e7esinde Karag\u00f6zler Mahallesi\u2019ndeki marinada bir teknede \u00e7\u0131kan yang\u0131n, 3 tekneye daha s\u0131\u00e7rad\u0131. Mu\u011fla B\u00fcy\u00fck\u015fehir Belediyesi ekipleri, denizden ve karadan h\u0131zla m\u00fcdahale ederek alevleri s\u00f6nd\u00fcrd\u00fc. Al\u0131nan bilgiye g\u00f6re 4 tekne zarar g\u00f6r\u00fcrken, can kayb\u0131 ya\u015fanmad\u0131; 2 ki\u015fi dumandan etkilendi. Yang\u0131n\u0131n nedeni ara\u015ft\u0131r\u0131l\u0131rken belediye yetkilileri, ekiplerin h\u0131zl\u0131 tepkisinin b\u00fcy\u00fck bir felaketi \u00f6nledi\u011fini kaydetti.\u00a0 \u200bHaberin Al\u0131nt\u0131land\u0131\u011f\u0131 Kaynak: www.iskenderun.org","og_url":"https:\/\/denizcankizil.tr\/de\/haberler\/gundem\/mugla-buyuksehirden-fethiyedeki-yangina-hizli-mudahale\/","og_site_name":"Av. Deniz Can K\u0131z\u0131l","article_published_time":"2025-04-10T14:43:09+00:00","author":"admin","twitter_card":"summary_large_image","twitter_misc":{"Verfasst von":"admin","Gesch\u00e4tzte Lesezeit":"1\u00a0Minute"},"schema":{"@context":"https:\/\/schema.org","@graph":[{"@type":"Article","@id":"https:\/\/denizcankizil.tr\/de\/haberler\/gundem\/mugla-buyuksehirden-fethiyedeki-yangina-hizli-mudahale\/#article","isPartOf":{"@id":"https:\/\/denizcankizil.tr\/de\/haberler\/gundem\/mugla-buyuksehirden-fethiyedeki-yangina-hizli-mudahale\/"},"author":{"name":"admin","@id":"https:\/\/denizcankizil.tr\/de\/#\/schema\/person\/be3c05fe6a12686905512445d8185489"},"headline":"Mu\u011fla B\u00fcy\u00fck\u015fehir&#8217;den Fethiye\u2019deki yang\u0131na h\u0131zl\u0131 m\u00fcdahale","datePublished":"2025-04-10T14:43:09+00:00","mainEntityOfPage":{"@id":"https:\/\/denizcankizil.tr\/de\/haberler\/gundem\/mugla-buyuksehirden-fethiyedeki-yangina-hizli-mudahale\/"},"wordCount":313,"publisher":{"@id":"https:\/\/denizcankizil.tr\/de\/#organization"},"articleSection":["G\u00fcndem"],"inLanguage":"de"},{"@type":"WebPage","@id":"https:\/\/denizcankizil.tr\/de\/haberler\/gundem\/mugla-buyuksehirden-fethiyedeki-yangina-hizli-mudahale\/","url":"https:\/\/denizcankizil.tr\/de\/haberler\/gundem\/mugla-buyuksehirden-fethiyedeki-yangina-hizli-mudahale\/","name":"Mu\u011fla B\u00fcy\u00fck\u015fehir'den Fethiye\u2019deki yang\u0131na h\u0131zl\u0131 m\u00fcdahale - Av. Deniz Can K\u0131z\u0131l","isPartOf":{"@id":"https:\/\/denizcankizil.tr\/de\/#website"},"datePublished":"2025-04-10T14:43:09+00:00","breadcrumb":{"@id":"https:\/\/denizcankizil.tr\/de\/haberler\/gundem\/mugla-buyuksehirden-fethiyedeki-yangina-hizli-mudahale\/#breadcrumb"},"inLanguage":"de","potentialAction":[{"@type":"ReadAction","target":["https:\/\/denizcankizil.tr\/de\/haberler\/gundem\/mugla-buyuksehirden-fethiyedeki-yangina-hizli-mudahale\/"]}]},{"@type":"BreadcrumbList","@id":"https:\/\/denizcankizil.tr\/de\/haberler\/gundem\/mugla-buyuksehirden-fethiyedeki-yangina-hizli-mudahale\/#breadcrumb","itemListElement":[{"@type":"ListItem","position":1,"name":"Home","item":"https:\/\/denizcankizil.tr\/de\/"},{"@type":"ListItem","position":2,"name":"Mu\u011fla B\u00fcy\u00fck\u015fehir&#8217;den Fethiye\u2019deki yang\u0131na h\u0131zl\u0131 m\u00fcdahale"}]},{"@type":"WebSite","@id":"https:\/\/denizcankizil.tr\/de\/#website","url":"https:\/\/denizcankizil.tr\/de\/","name":"Av. Deniz Can K\u0131z\u0131l","description":"Avukat Deniz Can K\u0131z\u0131l Antalya Barosu","publisher":{"@id":"https:\/\/denizcankizil.tr\/de\/#organization"},"potentialAction":[{"@type":"SearchAction","target":{"@type":"EntryPoint","urlTemplate":"https:\/\/denizcankizil.tr\/de\/?s={search_term_string}"},"query-input":{"@type":"PropertyValueSpecification","valueRequired":true,"valueName":"search_term_string"}}],"inLanguage":"de"},{"@type":"Organization","@id":"https:\/\/denizcankizil.tr\/de\/#organization","name":"Av. Deniz Can K\u0131z\u0131l","url":"https:\/\/denizcankizil.tr\/de\/","logo":{"@type":"ImageObject","inLanguage":"de","@id":"https:\/\/denizcankizil.tr\/de\/#\/schema\/logo\/image\/","url":"https:\/\/denizcankizil.tr\/wp-content\/uploads\/2024\/10\/siyah-logo-svg.svg","contentUrl":"https:\/\/denizcankizil.tr\/wp-content\/uploads\/2024\/10\/siyah-logo-svg.svg","width":1080,"height":1080,"caption":"Av. Deniz Can K\u0131z\u0131l"},"image":{"@id":"https:\/\/denizcankizil.tr\/de\/#\/schema\/logo\/image\/"}},{"@type":"Person","@id":"https:\/\/denizcankizil.tr\/de\/#\/schema\/person\/be3c05fe6a12686905512445d8185489","name":"Administrator","image":{"@type":"ImageObject","inLanguage":"de","@id":"https:\/\/denizcankizil.tr\/de\/#\/schema\/person\/image\/","url":"https:\/\/secure.gravatar.com\/avatar\/c1fce94c830dc79107e174f890d7210541c4a63e8e5d816341794a2151c9d58c?s=96&d=mm&r=g","contentUrl":"https:\/\/secure.gravatar.com\/avatar\/c1fce94c830dc79107e174f890d7210541c4a63e8e5d816341794a2151c9d58c?s=96&d=mm&r=g","caption":"admin"},"sameAs":["http:\/\/denizcankizil.tr"],"url":"https:\/\/www.iskenderun.org\/mugla-buyuksehirden-fethiyedeki-yangina-hizli-mudahale"}]}},"_links":{"self":[{"href":"https:\/\/denizcankizil.tr\/de\/wp-json\/wp\/v2\/posts\/51643","targetHints":{"allow":["GET"]}}],"collection":[{"href":"https:\/\/denizcankizil.tr\/de\/wp-json\/wp\/v2\/posts"}],"about":[{"href":"https:\/\/denizcankizil.tr\/de\/wp-json\/wp\/v2\/types\/post"}],"author":[{"embeddable":true,"href":"https:\/\/denizcankizil.tr\/de\/wp-json\/wp\/v2\/users\/1"}],"replies":[{"embeddable":true,"href":"https:\/\/denizcankizil.tr\/de\/wp-json\/wp\/v2\/comments?post=51643"}],"version-history":[{"count":0,"href":"https:\/\/denizcankizil.tr\/de\/wp-json\/wp\/v2\/posts\/51643\/revisions"}],"wp:attachment":[{"href":"https:\/\/denizcankizil.tr\/de\/wp-json\/wp\/v2\/media?parent=51643"}],"wp:term":[{"taxonomy":"category","embeddable":true,"href":"https:\/\/denizcankizil.tr\/de\/wp-json\/wp\/v2\/categories?post=51643"},{"taxonomy":"post_tag","embeddable":true,"href":"https:\/\/denizcankizil.tr\/de\/wp-json\/wp\/v2\/tags?post=51643"}],"curies":[{"name":"wp","href":"https:\/\/api.w.org\/{rel}","templated":true}]}}