{"id":50240,"date":"2025-04-09T10:41:20","date_gmt":"2025-04-09T07:41:20","guid":{"rendered":"https:\/\/denizcankizil.tr\/uncategorized-tr\/guzelobada-kaldirim-calismasi\/"},"modified":"2025-04-09T10:41:20","modified_gmt":"2025-04-09T07:41:20","slug":"guzelobada-kaldirim-calismasi","status":"publish","type":"post","link":"https:\/\/denizcankizil.tr\/de\/haberler\/antalya\/guzelobada-kaldirim-calismasi\/","title":{"rendered":"G\u00fczeloba\u2019da kald\u0131r\u0131m \u00e7al\u0131\u015fmas\u0131"},"content":{"rendered":"<p>Muratpa\u015fa\u00a0Belediyesi, il\u00e7e sakinlerine konforlu ve g\u00fcvenli bir ula\u015f\u0131m a\u011f\u0131 sa\u011flamak ad\u0131na \u00e7al\u0131\u015fmalar\u0131na h\u0131z kesmeden devam ediyor. Fen \u0130\u015fleri M\u00fcd\u00fcrl\u00fc\u011f\u00fc ekipleri bu kez 40 bini a\u015fk\u0131n n\u00fcfusuyla Antalya\u2019n\u0131n en kalabal\u0131k mahallelerinden biri olan\u00a0G\u00fczeloba\u2019da kald\u0131r\u0131m \u00e7al\u0131\u015fmalar\u0131n\u0131 ba\u015flatt\u0131. 2365 ve 2385 sokaklarda ba\u015flat\u0131lan \u00e7al\u0131\u015fmada zeminin eski kald\u0131r\u0131m ta\u015flar\u0131ndan temizlenmesinin ard\u0131ndan ekipler, soka\u011fa yeni kald\u0131r\u0131m ta\u015flar\u0131n\u0131 d\u00f6\u015fedi.<\/p>\n<p>Di\u011fer yandan Muratpa\u015fa Belediyesi, 2024 y\u0131l\u0131 boyunca ger\u00e7ekle\u015ftirdi\u011fi \u00e7al\u0131\u015fmalarla 12 bin 716 metrekare bord\u00fcr ve 15 bin 953 metrekare kald\u0131r\u0131m iyile\u015ftirmesi yapt\u0131. Toplamda 28 bin 669 metrekarelik bir alan\u0131 kapsayan bu \u00e7al\u0131\u015fmalar, yakla\u015f\u0131k 68 basketbol sahas\u0131 b\u00fcy\u00fckl\u00fc\u011f\u00fcnde bir d\u00fczenlemeye kar\u015f\u0131l\u0131k geliyor.<\/p>\n<p>Kaynak: www.kanalv.com.tr Haber Sitesinden Al\u0131nm\u0131\u015ft\u0131r.<\/p>","protected":false},"excerpt":{"rendered":"<p>Muratpa\u015fa\u00a0Belediyesi, il\u00e7e sakinlerine konforlu ve g\u00fcvenli bir ula\u015f\u0131m a\u011f\u0131 sa\u011flamak ad\u0131na \u00e7al\u0131\u015fmalar\u0131na h\u0131z kesmeden devam ediyor. Fen \u0130\u015fleri M\u00fcd\u00fcrl\u00fc\u011f\u00fc ekipleri bu kez 40 bini a\u015fk\u0131n n\u00fcfusuyla Antalya\u2019n\u0131n en kalabal\u0131k mahallelerinden biri olan\u00a0G\u00fczeloba\u2019da kald\u0131r\u0131m \u00e7al\u0131\u015fmalar\u0131n\u0131 ba\u015flatt\u0131. 2365 ve 2385 sokaklarda ba\u015flat\u0131lan \u00e7al\u0131\u015fmada zeminin eski kald\u0131r\u0131m ta\u015flar\u0131ndan temizlenmesinin ard\u0131ndan ekipler, soka\u011fa yeni kald\u0131r\u0131m ta\u015flar\u0131n\u0131 d\u00f6\u015fedi. Di\u011fer yandan Muratpa\u015fa Belediyesi, 2024 y\u0131l\u0131 boyunca ger\u00e7ekle\u015ftirdi\u011fi \u00e7al\u0131\u015fmalarla 12 bin 716 metrekare bord\u00fcr ve 15 bin 953 metrekare kald\u0131r\u0131m iyile\u015ftirmesi yapt\u0131. Toplamda 28 bin 669 metrekarelik bir alan\u0131 kapsayan bu \u00e7al\u0131\u015fmalar, yakla\u015f\u0131k 68 basketbol sahas\u0131 b\u00fcy\u00fckl\u00fc\u011f\u00fcnde bir d\u00fczenlemeye kar\u015f\u0131l\u0131k geliyor. Kaynak: www.kanalv.com.tr Haber Sitesinden Al\u0131nm\u0131\u015ft\u0131r.<\/p>","protected":false},"author":4,"featured_media":50241,"comment_status":"","ping_status":"open","sticky":false,"template":"","format":"standard","meta":{"_acf_changed":false,"footnotes":""},"categories":[26],"tags":[],"class_list":["post-50240","post","type-post","status-publish","format-standard","has-post-thumbnail","hentry","category-antalya"],"acf":[],"yoast_head":"<!-- This site is optimized with the Yoast SEO Premium plugin v26.6 (Yoast SEO v27.1.1) - https:\/\/yoast.com\/product\/yoast-seo-premium-wordpress\/ -->\n<title>G\u00fczeloba\u2019da kald\u0131r\u0131m \u00e7al\u0131\u015fmas\u0131 - Av. Deniz Can K\u0131z\u0131l<\/title>\n<meta name=\"robots\" content=\"index, follow, max-snippet:-1, max-image-preview:large, max-video-preview:-1\" \/>\n<link rel=\"canonical\" href=\"https:\/\/denizcankizil.tr\/de\/haberler\/antalya\/guzelobada-kaldirim-calismasi\/\" \/>\n<meta property=\"og:locale\" content=\"de_DE\" \/>\n<meta property=\"og:type\" content=\"article\" \/>\n<meta property=\"og:title\" content=\"G\u00fczeloba\u2019da kald\u0131r\u0131m \u00e7al\u0131\u015fmas\u0131\" \/>\n<meta property=\"og:description\" content=\"Muratpa\u015fa\u00a0Belediyesi, il\u00e7e sakinlerine konforlu ve g\u00fcvenli bir ula\u015f\u0131m a\u011f\u0131 sa\u011flamak ad\u0131na \u00e7al\u0131\u015fmalar\u0131na h\u0131z kesmeden devam ediyor. Fen \u0130\u015fleri M\u00fcd\u00fcrl\u00fc\u011f\u00fc ekipleri bu kez 40 bini a\u015fk\u0131n n\u00fcfusuyla Antalya\u2019n\u0131n en kalabal\u0131k mahallelerinden biri olan\u00a0G\u00fczeloba\u2019da kald\u0131r\u0131m \u00e7al\u0131\u015fmalar\u0131n\u0131 ba\u015flatt\u0131. 2365 ve 2385 sokaklarda ba\u015flat\u0131lan \u00e7al\u0131\u015fmada zeminin eski kald\u0131r\u0131m ta\u015flar\u0131ndan temizlenmesinin ard\u0131ndan ekipler, soka\u011fa yeni kald\u0131r\u0131m ta\u015flar\u0131n\u0131 d\u00f6\u015fedi. Di\u011fer yandan Muratpa\u015fa Belediyesi, 2024 y\u0131l\u0131 boyunca ger\u00e7ekle\u015ftirdi\u011fi \u00e7al\u0131\u015fmalarla 12 bin 716 metrekare bord\u00fcr ve 15 bin 953 metrekare kald\u0131r\u0131m iyile\u015ftirmesi yapt\u0131. Toplamda 28 bin 669 metrekarelik bir alan\u0131 kapsayan bu \u00e7al\u0131\u015fmalar, yakla\u015f\u0131k 68 basketbol sahas\u0131 b\u00fcy\u00fckl\u00fc\u011f\u00fcnde bir d\u00fczenlemeye kar\u015f\u0131l\u0131k geliyor. Kaynak: www.kanalv.com.tr Haber Sitesinden Al\u0131nm\u0131\u015ft\u0131r.\" \/>\n<meta property=\"og:url\" content=\"https:\/\/denizcankizil.tr\/de\/haberler\/antalya\/guzelobada-kaldirim-calismasi\/\" \/>\n<meta property=\"og:site_name\" content=\"Av. Deniz Can K\u0131z\u0131l\" \/>\n<meta property=\"article:published_time\" content=\"2025-04-09T07:41:20+00:00\" \/>\n<meta property=\"og:image\" content=\"https:\/\/denizcankizil.tr\/wp-content\/uploads\/2025\/04\/kaldirim2-PunocE.webp\" \/>\n\t<meta property=\"og:image:width\" content=\"1280\" \/>\n\t<meta property=\"og:image:height\" content=\"720\" \/>\n\t<meta property=\"og:image:type\" content=\"image\/webp\" \/>\n<meta name=\"author\" content=\"Av. Deniz Can K\u0131z\u0131l\" \/>\n<meta name=\"twitter:card\" content=\"summary_large_image\" \/>\n<meta name=\"twitter:label1\" content=\"Verfasst von\" \/>\n\t<meta name=\"twitter:data1\" content=\"Av. Deniz Can K\u0131z\u0131l\" \/>\n\t<meta name=\"twitter:label2\" content=\"Gesch\u00e4tzte Lesezeit\" \/>\n\t<meta name=\"twitter:data2\" content=\"1\u00a0Minute\" \/>\n<script type=\"application\/ld+json\" class=\"yoast-schema-graph\">{\"@context\":\"https:\/\/schema.org\",\"@graph\":[{\"@type\":\"Article\",\"@id\":\"https:\/\/denizcankizil.tr\/uk\/haberler\/antalya\/guzelobada-kaldirim-calismasi\/#article\",\"isPartOf\":{\"@id\":\"https:\/\/denizcankizil.tr\/uk\/haberler\/antalya\/guzelobada-kaldirim-calismasi\/\"},\"author\":{\"name\":\"Av. Deniz Can K\u0131z\u0131l\",\"@id\":\"https:\/\/denizcankizil.tr\/#\/schema\/person\/5dc1b22991bd7ac833867c10afc9b0ff\"},\"headline\":\"G\u00fczeloba\u2019da kald\u0131r\u0131m \u00e7al\u0131\u015fmas\u0131\",\"datePublished\":\"2025-04-09T07:41:20+00:00\",\"mainEntityOfPage\":{\"@id\":\"https:\/\/denizcankizil.tr\/uk\/haberler\/antalya\/guzelobada-kaldirim-calismasi\/\"},\"wordCount\":161,\"publisher\":{\"@id\":\"https:\/\/denizcankizil.tr\/#organization\"},\"image\":{\"@id\":\"https:\/\/denizcankizil.tr\/uk\/haberler\/antalya\/guzelobada-kaldirim-calismasi\/#primaryimage\"},\"thumbnailUrl\":\"https:\/\/denizcankizil.tr\/wp-content\/uploads\/2025\/04\/kaldirim2-PunocE.webp\",\"articleSection\":[\"Antalya\"],\"inLanguage\":\"de\"},{\"@type\":\"WebPage\",\"@id\":\"https:\/\/denizcankizil.tr\/uk\/haberler\/antalya\/guzelobada-kaldirim-calismasi\/\",\"url\":\"https:\/\/denizcankizil.tr\/uk\/haberler\/antalya\/guzelobada-kaldirim-calismasi\/\",\"name\":\"G\u00fczeloba\u2019da kald\u0131r\u0131m \u00e7al\u0131\u015fmas\u0131 - Av. Deniz Can K\u0131z\u0131l\",\"isPartOf\":{\"@id\":\"https:\/\/denizcankizil.tr\/#website\"},\"primaryImageOfPage\":{\"@id\":\"https:\/\/denizcankizil.tr\/uk\/haberler\/antalya\/guzelobada-kaldirim-calismasi\/#primaryimage\"},\"image\":{\"@id\":\"https:\/\/denizcankizil.tr\/uk\/haberler\/antalya\/guzelobada-kaldirim-calismasi\/#primaryimage\"},\"thumbnailUrl\":\"https:\/\/denizcankizil.tr\/wp-content\/uploads\/2025\/04\/kaldirim2-PunocE.webp\",\"datePublished\":\"2025-04-09T07:41:20+00:00\",\"breadcrumb\":{\"@id\":\"https:\/\/denizcankizil.tr\/uk\/haberler\/antalya\/guzelobada-kaldirim-calismasi\/#breadcrumb\"},\"inLanguage\":\"de\",\"potentialAction\":[{\"@type\":\"ReadAction\",\"target\":[\"https:\/\/denizcankizil.tr\/uk\/haberler\/antalya\/guzelobada-kaldirim-calismasi\/\"]}]},{\"@type\":\"ImageObject\",\"inLanguage\":\"de\",\"@id\":\"https:\/\/denizcankizil.tr\/uk\/haberler\/antalya\/guzelobada-kaldirim-calismasi\/#primaryimage\",\"url\":\"https:\/\/denizcankizil.tr\/wp-content\/uploads\/2025\/04\/kaldirim2-PunocE.webp\",\"contentUrl\":\"https:\/\/denizcankizil.tr\/wp-content\/uploads\/2025\/04\/kaldirim2-PunocE.webp\",\"width\":1280,\"height\":720},{\"@type\":\"BreadcrumbList\",\"@id\":\"https:\/\/denizcankizil.tr\/uk\/haberler\/antalya\/guzelobada-kaldirim-calismasi\/#breadcrumb\",\"itemListElement\":[{\"@type\":\"ListItem\",\"position\":1,\"name\":\"Home\",\"item\":\"https:\/\/denizcankizil.tr\/de\/\"},{\"@type\":\"ListItem\",\"position\":2,\"name\":\"G\u00fczeloba\u2019da kald\u0131r\u0131m \u00e7al\u0131\u015fmas\u0131\"}]},{\"@type\":\"WebSite\",\"@id\":\"https:\/\/denizcankizil.tr\/#website\",\"url\":\"https:\/\/denizcankizil.tr\/\",\"name\":\"Av. Deniz Can K\u0131z\u0131l\",\"description\":\"Avukat Deniz Can K\u0131z\u0131l Antalya Barosu\",\"publisher\":{\"@id\":\"https:\/\/denizcankizil.tr\/#organization\"},\"potentialAction\":[{\"@type\":\"SearchAction\",\"target\":{\"@type\":\"EntryPoint\",\"urlTemplate\":\"https:\/\/denizcankizil.tr\/?s={search_term_string}\"},\"query-input\":{\"@type\":\"PropertyValueSpecification\",\"valueRequired\":true,\"valueName\":\"search_term_string\"}}],\"inLanguage\":\"de\"},{\"@type\":\"Organization\",\"@id\":\"https:\/\/denizcankizil.tr\/#organization\",\"name\":\"Av. Deniz Can K\u0131z\u0131l\",\"url\":\"https:\/\/denizcankizil.tr\/\",\"logo\":{\"@type\":\"ImageObject\",\"inLanguage\":\"de\",\"@id\":\"https:\/\/denizcankizil.tr\/#\/schema\/logo\/image\/\",\"url\":\"https:\/\/denizcankizil.tr\/wp-content\/uploads\/2024\/10\/siyah-logo-svg.svg\",\"contentUrl\":\"https:\/\/denizcankizil.tr\/wp-content\/uploads\/2024\/10\/siyah-logo-svg.svg\",\"width\":1080,\"height\":1080,\"caption\":\"Av. Deniz Can K\u0131z\u0131l\"},\"image\":{\"@id\":\"https:\/\/denizcankizil.tr\/#\/schema\/logo\/image\/\"}},{\"@type\":\"Person\",\"@id\":\"https:\/\/denizcankizil.tr\/#\/schema\/person\/5dc1b22991bd7ac833867c10afc9b0ff\",\"name\":\"Av. Deniz Can K\u0131z\u0131l\",\"image\":{\"@type\":\"ImageObject\",\"inLanguage\":\"de\",\"@id\":\"https:\/\/denizcankizil.tr\/#\/schema\/person\/image\/\",\"url\":\"https:\/\/secure.gravatar.com\/avatar\/a0b128fb9855c79efc976d5640eedb31dc35ec297594d6016d2cf7c60e975bb6?s=96&d=mm&r=g\",\"contentUrl\":\"https:\/\/secure.gravatar.com\/avatar\/a0b128fb9855c79efc976d5640eedb31dc35ec297594d6016d2cf7c60e975bb6?s=96&d=mm&r=g\",\"caption\":\"Av. Deniz Can K\u0131z\u0131l\"},\"sameAs\":[\"http:\/\/www.denizcankizil.tr\"],\"url\":\"https:\/\/denizcankizil.tr\/de\/author\/denizcankizil\/\"}]}<\/script>\n<!-- \/ Yoast SEO Premium plugin. -->","yoast_head_json":{"title":"G\u00fczeloba\u2019da kald\u0131r\u0131m \u00e7al\u0131\u015fmas\u0131 - Av. Deniz Can K\u0131z\u0131l","robots":{"index":"index","follow":"follow","max-snippet":"max-snippet:-1","max-image-preview":"max-image-preview:large","max-video-preview":"max-video-preview:-1"},"canonical":"https:\/\/denizcankizil.tr\/de\/haberler\/antalya\/guzelobada-kaldirim-calismasi\/","og_locale":"de_DE","og_type":"article","og_title":"G\u00fczeloba\u2019da kald\u0131r\u0131m \u00e7al\u0131\u015fmas\u0131","og_description":"Muratpa\u015fa\u00a0Belediyesi, il\u00e7e sakinlerine konforlu ve g\u00fcvenli bir ula\u015f\u0131m a\u011f\u0131 sa\u011flamak ad\u0131na \u00e7al\u0131\u015fmalar\u0131na h\u0131z kesmeden devam ediyor. Fen \u0130\u015fleri M\u00fcd\u00fcrl\u00fc\u011f\u00fc ekipleri bu kez 40 bini a\u015fk\u0131n n\u00fcfusuyla Antalya\u2019n\u0131n en kalabal\u0131k mahallelerinden biri olan\u00a0G\u00fczeloba\u2019da kald\u0131r\u0131m \u00e7al\u0131\u015fmalar\u0131n\u0131 ba\u015flatt\u0131. 2365 ve 2385 sokaklarda ba\u015flat\u0131lan \u00e7al\u0131\u015fmada zeminin eski kald\u0131r\u0131m ta\u015flar\u0131ndan temizlenmesinin ard\u0131ndan ekipler, soka\u011fa yeni kald\u0131r\u0131m ta\u015flar\u0131n\u0131 d\u00f6\u015fedi. Di\u011fer yandan Muratpa\u015fa Belediyesi, 2024 y\u0131l\u0131 boyunca ger\u00e7ekle\u015ftirdi\u011fi \u00e7al\u0131\u015fmalarla 12 bin 716 metrekare bord\u00fcr ve 15 bin 953 metrekare kald\u0131r\u0131m iyile\u015ftirmesi yapt\u0131. Toplamda 28 bin 669 metrekarelik bir alan\u0131 kapsayan bu \u00e7al\u0131\u015fmalar, yakla\u015f\u0131k 68 basketbol sahas\u0131 b\u00fcy\u00fckl\u00fc\u011f\u00fcnde bir d\u00fczenlemeye kar\u015f\u0131l\u0131k geliyor. Kaynak: www.kanalv.com.tr Haber Sitesinden Al\u0131nm\u0131\u015ft\u0131r.","og_url":"https:\/\/denizcankizil.tr\/de\/haberler\/antalya\/guzelobada-kaldirim-calismasi\/","og_site_name":"Av. Deniz Can K\u0131z\u0131l","article_published_time":"2025-04-09T07:41:20+00:00","og_image":[{"width":1280,"height":720,"url":"https:\/\/denizcankizil.tr\/wp-content\/uploads\/2025\/04\/kaldirim2-PunocE.webp","type":"image\/webp"}],"author":"Av. Deniz Can K\u0131z\u0131l","twitter_card":"summary_large_image","twitter_misc":{"Verfasst von":"Av. Deniz Can K\u0131z\u0131l","Gesch\u00e4tzte Lesezeit":"1\u00a0Minute"},"schema":{"@context":"https:\/\/schema.org","@graph":[{"@type":"Article","@id":"https:\/\/denizcankizil.tr\/uk\/haberler\/antalya\/guzelobada-kaldirim-calismasi\/#article","isPartOf":{"@id":"https:\/\/denizcankizil.tr\/uk\/haberler\/antalya\/guzelobada-kaldirim-calismasi\/"},"author":{"name":"Av. Deniz Can K\u0131z\u0131l","@id":"https:\/\/denizcankizil.tr\/#\/schema\/person\/5dc1b22991bd7ac833867c10afc9b0ff"},"headline":"G\u00fczeloba\u2019da kald\u0131r\u0131m \u00e7al\u0131\u015fmas\u0131","datePublished":"2025-04-09T07:41:20+00:00","mainEntityOfPage":{"@id":"https:\/\/denizcankizil.tr\/uk\/haberler\/antalya\/guzelobada-kaldirim-calismasi\/"},"wordCount":161,"publisher":{"@id":"https:\/\/denizcankizil.tr\/#organization"},"image":{"@id":"https:\/\/denizcankizil.tr\/uk\/haberler\/antalya\/guzelobada-kaldirim-calismasi\/#primaryimage"},"thumbnailUrl":"https:\/\/denizcankizil.tr\/wp-content\/uploads\/2025\/04\/kaldirim2-PunocE.webp","articleSection":["Antalya"],"inLanguage":"de"},{"@type":"WebPage","@id":"https:\/\/denizcankizil.tr\/uk\/haberler\/antalya\/guzelobada-kaldirim-calismasi\/","url":"https:\/\/denizcankizil.tr\/uk\/haberler\/antalya\/guzelobada-kaldirim-calismasi\/","name":"G\u00fczeloba\u2019da kald\u0131r\u0131m \u00e7al\u0131\u015fmas\u0131 - Av. Deniz Can K\u0131z\u0131l","isPartOf":{"@id":"https:\/\/denizcankizil.tr\/#website"},"primaryImageOfPage":{"@id":"https:\/\/denizcankizil.tr\/uk\/haberler\/antalya\/guzelobada-kaldirim-calismasi\/#primaryimage"},"image":{"@id":"https:\/\/denizcankizil.tr\/uk\/haberler\/antalya\/guzelobada-kaldirim-calismasi\/#primaryimage"},"thumbnailUrl":"https:\/\/denizcankizil.tr\/wp-content\/uploads\/2025\/04\/kaldirim2-PunocE.webp","datePublished":"2025-04-09T07:41:20+00:00","breadcrumb":{"@id":"https:\/\/denizcankizil.tr\/uk\/haberler\/antalya\/guzelobada-kaldirim-calismasi\/#breadcrumb"},"inLanguage":"de","potentialAction":[{"@type":"ReadAction","target":["https:\/\/denizcankizil.tr\/uk\/haberler\/antalya\/guzelobada-kaldirim-calismasi\/"]}]},{"@type":"ImageObject","inLanguage":"de","@id":"https:\/\/denizcankizil.tr\/uk\/haberler\/antalya\/guzelobada-kaldirim-calismasi\/#primaryimage","url":"https:\/\/denizcankizil.tr\/wp-content\/uploads\/2025\/04\/kaldirim2-PunocE.webp","contentUrl":"https:\/\/denizcankizil.tr\/wp-content\/uploads\/2025\/04\/kaldirim2-PunocE.webp","width":1280,"height":720},{"@type":"BreadcrumbList","@id":"https:\/\/denizcankizil.tr\/uk\/haberler\/antalya\/guzelobada-kaldirim-calismasi\/#breadcrumb","itemListElement":[{"@type":"ListItem","position":1,"name":"Home","item":"https:\/\/denizcankizil.tr\/de\/"},{"@type":"ListItem","position":2,"name":"G\u00fczeloba\u2019da kald\u0131r\u0131m \u00e7al\u0131\u015fmas\u0131"}]},{"@type":"WebSite","@id":"https:\/\/denizcankizil.tr\/#website","url":"https:\/\/denizcankizil.tr\/","name":"Av. Deniz Can K\u0131z\u0131l","description":"Avukat Deniz Can K\u0131z\u0131l Antalya Barosu","publisher":{"@id":"https:\/\/denizcankizil.tr\/#organization"},"potentialAction":[{"@type":"SearchAction","target":{"@type":"EntryPoint","urlTemplate":"https:\/\/denizcankizil.tr\/?s={search_term_string}"},"query-input":{"@type":"PropertyValueSpecification","valueRequired":true,"valueName":"search_term_string"}}],"inLanguage":"de"},{"@type":"Organization","@id":"https:\/\/denizcankizil.tr\/#organization","name":"Av. Deniz Can K\u0131z\u0131l","url":"https:\/\/denizcankizil.tr\/","logo":{"@type":"ImageObject","inLanguage":"de","@id":"https:\/\/denizcankizil.tr\/#\/schema\/logo\/image\/","url":"https:\/\/denizcankizil.tr\/wp-content\/uploads\/2024\/10\/siyah-logo-svg.svg","contentUrl":"https:\/\/denizcankizil.tr\/wp-content\/uploads\/2024\/10\/siyah-logo-svg.svg","width":1080,"height":1080,"caption":"Av. Deniz Can K\u0131z\u0131l"},"image":{"@id":"https:\/\/denizcankizil.tr\/#\/schema\/logo\/image\/"}},{"@type":"Person","@id":"https:\/\/denizcankizil.tr\/#\/schema\/person\/5dc1b22991bd7ac833867c10afc9b0ff","name":"Av. Deniz Can K\u0131z\u0131l","image":{"@type":"ImageObject","inLanguage":"de","@id":"https:\/\/denizcankizil.tr\/#\/schema\/person\/image\/","url":"https:\/\/secure.gravatar.com\/avatar\/a0b128fb9855c79efc976d5640eedb31dc35ec297594d6016d2cf7c60e975bb6?s=96&d=mm&r=g","contentUrl":"https:\/\/secure.gravatar.com\/avatar\/a0b128fb9855c79efc976d5640eedb31dc35ec297594d6016d2cf7c60e975bb6?s=96&d=mm&r=g","caption":"Av. Deniz Can K\u0131z\u0131l"},"sameAs":["http:\/\/www.denizcankizil.tr"],"url":"https:\/\/denizcankizil.tr\/de\/author\/denizcankizil\/"}]}},"_links":{"self":[{"href":"https:\/\/denizcankizil.tr\/de\/wp-json\/wp\/v2\/posts\/50240","targetHints":{"allow":["GET"]}}],"collection":[{"href":"https:\/\/denizcankizil.tr\/de\/wp-json\/wp\/v2\/posts"}],"about":[{"href":"https:\/\/denizcankizil.tr\/de\/wp-json\/wp\/v2\/types\/post"}],"author":[{"embeddable":true,"href":"https:\/\/denizcankizil.tr\/de\/wp-json\/wp\/v2\/users\/4"}],"replies":[{"embeddable":true,"href":"https:\/\/denizcankizil.tr\/de\/wp-json\/wp\/v2\/comments?post=50240"}],"version-history":[{"count":0,"href":"https:\/\/denizcankizil.tr\/de\/wp-json\/wp\/v2\/posts\/50240\/revisions"}],"wp:featuredmedia":[{"embeddable":true,"href":"https:\/\/denizcankizil.tr\/de\/wp-json\/wp\/v2\/media\/50241"}],"wp:attachment":[{"href":"https:\/\/denizcankizil.tr\/de\/wp-json\/wp\/v2\/media?parent=50240"}],"wp:term":[{"taxonomy":"category","embeddable":true,"href":"https:\/\/denizcankizil.tr\/de\/wp-json\/wp\/v2\/categories?post=50240"},{"taxonomy":"post_tag","embeddable":true,"href":"https:\/\/denizcankizil.tr\/de\/wp-json\/wp\/v2\/tags?post=50240"}],"curies":[{"name":"wp","href":"https:\/\/api.w.org\/{rel}","templated":true}]}}