{"id":49502,"date":"2025-04-08T17:42:13","date_gmt":"2025-04-08T14:42:13","guid":{"rendered":"https:\/\/denizcankizil.tr\/uncategorized-tr\/imamoglundan-tutuklu-ogrencilere-destek-bu-kotulugunuz-tarihe-gecmistir\/"},"modified":"2025-04-08T17:42:13","modified_gmt":"2025-04-08T14:42:13","slug":"imamoglundan-tutuklu-ogrencilere-destek-bu-kotulugunuz-tarihe-gecmistir","status":"publish","type":"post","link":"https:\/\/denizcankizil.tr\/de\/haberler\/gundem\/imamoglundan-tutuklu-ogrencilere-destek-bu-kotulugunuz-tarihe-gecmistir\/","title":{"rendered":"\u0130mamo\u011flu&#8217;ndan tutuklu \u00f6\u011frencilere destek: &#8220;Bu k\u00f6t\u00fcl\u00fc\u011f\u00fcn\u00fcz tarihe ge\u00e7mi\u015ftir&#8221;"},"content":{"rendered":"<p>19 Mart&#8217;ta g\u00f6zalt\u0131na al\u0131nan ve 23 Mart&#8217;ta tutuklanarak cezaevine g\u00f6nderilen \u0130stanbul B\u00fcy\u00fck\u015fehir Belediye Ba\u015fkan\u0131 Ekrem \u0130mamo\u011flu&#8217;nun ard\u0131ndan payla\u015fan protestolarda 301 \u00f6\u011frenci tutuklanm\u0131\u015ft\u0131. Bug\u00fcn\u00a0\u0130stanbul Cumhuriyet Ba\u015fsavc\u0131l\u0131\u011f\u0131&#8217;nca, 139 ki\u015fi hakk\u0131nda 3&#8217;er y\u0131la kadar hapis talebiyle iddianame haz\u0131rland\u0131. Konuya ili\u015fkin a\u00e7\u0131klamalarda bulunan tutuklu \u0130mamo\u011flu, sosyal medya hesab\u0131ndan yapt\u0131\u011f\u0131 a\u00e7\u0131klamada, &#8220;\u00d6\u011frencilere, gelece\u011fimiz ve her biri birer p\u0131rlanta olan gen\u00e7lere yap\u0131lan tarifsiz zulme dayanmak m\u00fcmk\u00fcn de\u011fil. Bu k\u00f6t\u00fcl\u00fc\u011f\u00fcn\u00fcz tarihe ge\u00e7mi\u015ftir&#8221; diyerek tepki g\u00f6sterdi.\u00a0<\/p>\n<p>&#8220;K\u00d6T\u00dcL\u00dcK, HAKKI YENEN T\u00dcM GEN\u00c7LERE YAPILIYOR&#8221;<\/p>\n<p>Tutuklu bulundu\u011fu cezaevinde sosyal medya payla\u015f\u0131m\u0131 yaparak iktidar\u0131 sert bir dille ele\u015ftiren \u0130mamo\u011flu, iktidar\u0131n yapt\u0131\u011f\u0131 k\u00f6t\u00fcl\u00fcklerin sadece 301 \u00f6\u011frenciyi kapsamad\u0131\u011f\u0131n\u0131 ifade ederek, &#8220;Bu yap\u0131lan sadece 301 gence de\u011fil; atanamayan, m\u00fclakatta elenen, hakk\u0131 yenen, \u00fc\u00e7 kuru\u015fa muhta\u00e7 edilen gen\u00e7lere, \u00fclkemizin b\u00fct\u00fcn gen\u00e7lerine yap\u0131l\u0131yor. \u00dclkeyi y\u00f6netenler, kararlar\u0131 alanlar gen\u00e7leri korkuyla sindirmek, millete korku salmak pe\u015findeler. Gelece\u011fin gen\u00e7lere emanet edildi\u011fi noktadan buralara gelmek utan\u00e7 vericidir&#8221; dedi.\u00a0<\/p>\n<p>&#8220;YARGI BA\u011eIMSIZSA HER G\u00dcN BU HATIRLATILIR MI?&#8221;<\/p>\n<p>Adalet Bakan\u0131 Y\u0131lmaz Tun\u00e7&#8217;un sosyal medya hesab\u0131nda yapt\u0131\u011f\u0131 payla\u015f\u0131mlarda s\u0131k s\u0131k &#8216;yarg\u0131 ba\u011f\u0131ms\u0131zd\u0131r&#8217; c\u00fcmlesini kulland\u0131\u011f\u0131n\u0131 s\u00f6yleyen \u0130mamo\u011flu, T\u00fcrkiye&#8217;de yarg\u0131 ba\u011f\u0131ms\u0131z olsayd\u0131 Bakan Tun\u00e7&#8217;un bunu s\u0131k s\u0131k dile getirme ihtiyac\u0131 duymayaca\u011f\u0131n\u0131 s\u00f6yledi. \u0130mamo\u011flu, &#8220;Adaletten sorumlu ki\u015fi her g\u00fcn bir tu\u015fa bas\u0131lm\u0131\u015f gibi, bant kayd\u0131 dinletir gibi \u201cyarg\u0131 ba\u011f\u0131ms\u0131zd\u0131r\u201d demeye devam ediyor. Hadi oradan! Yarg\u0131n\u0131n ger\u00e7ekten h\u00fcr ve ba\u011f\u0131ms\u0131z oldu\u011fu bir \u00fclkede her g\u00fcn bu hat\u0131rlat\u0131l\u0131r m\u0131? 18-22 ya\u015f\u0131ndaki gen\u00e7lere siyasi yasak vermek i\u00e7in iddianame d\u00fczenleyerek gen\u00e7lerden korktu\u011funuzu ilan ediyorsunuz. Yaz\u0131klar olsun size!. Vicdan yoksunu, adalet duygusundan nasibini almam\u0131\u015f, korkuyla hareket eden bir avu\u00e7 insan g\u00fcnl\u00fck, saatlik, dakikal\u0131k kararlar alarak birilerine yaranma pe\u015finde ko\u015fuyor&#8221; diyerek tepki g\u00f6sterdi.\u00a0<\/p>\n<p>&#8220;SOSYAL MEDYA MESAJI SIRASINA G\u0130REN BAKANLAR&#8230;&#8221;\u00a0<\/p>\n<p>Ge\u00e7ti\u011fimiz g\u00fcnlerde Cumhuriyet Halk Partisi (CHP) Genel Ba\u015fkan\u0131 \u00d6zg\u00fcr \u00d6zel&#8217;in Cumhurba\u015fkan\u0131 Recep Tayyip Erdo\u011fan&#8217;a s\u00f6yledi\u011fi &#8216;cunta ba\u015fkan\u0131&#8217; s\u00f6yleminin ard\u0131ndan t\u00fcm bakanlar\u0131n s\u0131rayla sosyal medya payla\u015f\u0131m\u0131 yapmas\u0131na da dikkat \u00e7eken \u0130mamo\u011flu, &#8220;Y\u00d6K, \u00fcniversite ve fak\u00fclte imzal\u0131 a\u00e7\u0131klamalarla gen\u00e7leri korkutmaya \u00e7al\u0131\u015fanlar, bir talimatla dakika dakika sosyal medya mesaj\u0131 s\u0131ras\u0131na giren bakanlar ve bu s\u00fcrece sorumsuzca yakla\u015fan, adaletsizli\u011fe katk\u0131 sunan, bir avu\u00e7 insana hizmet eden y\u00f6neticiler; Bu millet \u00f6n\u00fcne gelecek ilk sand\u0131kta size tek tek tenekeden madalyalar\u0131n\u0131z\u0131 takacak. Zerre kadar \u015f\u00fcphem yok bundan&#8221; dedi.\u00a0<\/p>\n<p>\u0130MAMO\u011eLU, \u00d6NCE S\u0130YAS\u0130 PART\u0130LERE ARDINDAN DA M\u0130LLETVEK\u0130LLER\u0130NE SESLEND\u0130\u00a0<\/p>\n<p>Tutuklu bulundu\u011fu cezaevinden &#8216;iki \u00e7a\u011fr\u0131m var&#8217; diyen \u0130mamo\u011flu, ilk olarak adaletin elden gitti\u011fini s\u00f6yleyerek siyasi partilere seslendi akabinde de milletvekillerine seslenerek gen\u00e7lere sahip \u00e7\u0131kmalar\u0131 gerekti\u011fini vurgulad\u0131. Ba\u015fkan \u0130mamo\u011flu, &#8220;Her olayda Cumhurba\u015fkan\u0131n\u0131 savunma ihtiyac\u0131 ile yaz\u0131l\u0131 a\u00e7\u0131klamada bulunan siyasi partiye sesleniyorum. Adalet elden gitti gidiyor. Adaletin olmad\u0131\u011f\u0131 yerde hi\u00e7bir \u00e7\u00f6z\u00fcm ve bar\u0131\u015f giri\u015fimi ba\u015far\u0131ya ula\u015famaz. L\u00fctfen bu millete adalet konusunda da duyarl\u0131 oldu\u011funuzu g\u00f6sterin. TBMM \u00e7at\u0131s\u0131 alt\u0131ndaki partiler ve milletvekilleri, Meclisi etkisiz hale getiren bu sistemin geldi\u011fi son noktada; gen\u00e7lere g\u00f6sterilen zulme kar\u015f\u0131 \u015fimdi s\u0131ra sizde. Milletvekilleri olarak gen\u00e7ler i\u00e7in elinizde ne yetki varsa birlikte kullan\u0131n, topyek\u00fcn harekete ge\u00e7in&#8221; \u015feklinde konu\u015ftu.\u00a0<\/p>\n<p>\u200b\u0130BB Ba\u015fkan\u0131 Ekrem \u0130mamo\u011flu&#8217;nun tutuklanmas\u0131n\u0131n ard\u0131ndan d\u00fczenlenen protestolarda g\u00f6zalt\u0131na al\u0131nan 301 \u00f6\u011frenciden 139&#8217;u hakk\u0131nda 3&#8217;er y\u0131la kadar hapis istemiyle iddianame haz\u0131rland\u0131. Tutuklu bulunan \u0130mamo\u011flu, yapt\u0131\u011f\u0131 a\u00e7\u0131klamada,  Bu k\u00f6t\u00fcl\u00fc\u011f\u00fcn\u00fcz tarihe ge\u00e7mi\u015ftir&#8221; diyerek tepkisini dile getirdi.\u00a0<\/p>\n<p>\u200bHaberin Al\u0131nt\u0131land\u0131\u011f\u0131 Kaynak: www.antalyakorfez.com<\/p>","protected":false},"excerpt":{"rendered":"<p>19 Mart&#8217;ta g\u00f6zalt\u0131na al\u0131nan ve 23 Mart&#8217;ta tutuklanarak cezaevine g\u00f6nderilen \u0130stanbul B\u00fcy\u00fck\u015fehir Belediye Ba\u015fkan\u0131 Ekrem \u0130mamo\u011flu&#8217;nun ard\u0131ndan payla\u015fan protestolarda 301 \u00f6\u011frenci tutuklanm\u0131\u015ft\u0131. Bug\u00fcn\u00a0\u0130stanbul Cumhuriyet Ba\u015fsavc\u0131l\u0131\u011f\u0131&#8217;nca, 139 ki\u015fi hakk\u0131nda 3&#8217;er y\u0131la kadar hapis talebiyle iddianame haz\u0131rland\u0131. Konuya ili\u015fkin a\u00e7\u0131klamalarda bulunan tutuklu \u0130mamo\u011flu, sosyal medya hesab\u0131ndan yapt\u0131\u011f\u0131 a\u00e7\u0131klamada, &#8220;\u00d6\u011frencilere, gelece\u011fimiz ve her biri birer p\u0131rlanta olan gen\u00e7lere yap\u0131lan tarifsiz zulme dayanmak m\u00fcmk\u00fcn de\u011fil. Bu k\u00f6t\u00fcl\u00fc\u011f\u00fcn\u00fcz tarihe ge\u00e7mi\u015ftir&#8221; diyerek tepki g\u00f6sterdi.\u00a0 &#8220;K\u00d6T\u00dcL\u00dcK, HAKKI YENEN T\u00dcM GEN\u00c7LERE YAPILIYOR&#8221; Tutuklu bulundu\u011fu cezaevinde sosyal medya payla\u015f\u0131m\u0131 yaparak iktidar\u0131 sert bir dille ele\u015ftiren \u0130mamo\u011flu, iktidar\u0131n yapt\u0131\u011f\u0131 k\u00f6t\u00fcl\u00fcklerin sadece 301 \u00f6\u011frenciyi kapsamad\u0131\u011f\u0131n\u0131 ifade ederek, &#8220;Bu yap\u0131lan sadece 301 gence de\u011fil; atanamayan, m\u00fclakatta elenen, hakk\u0131 yenen, \u00fc\u00e7 kuru\u015fa muhta\u00e7 edilen gen\u00e7lere, \u00fclkemizin b\u00fct\u00fcn gen\u00e7lerine yap\u0131l\u0131yor. \u00dclkeyi y\u00f6netenler, kararlar\u0131 alanlar gen\u00e7leri korkuyla sindirmek, millete korku salmak pe\u015findeler. Gelece\u011fin gen\u00e7lere emanet edildi\u011fi noktadan buralara gelmek utan\u00e7 vericidir&#8221; dedi.\u00a0 &#8220;YARGI BA\u011eIMSIZSA HER G\u00dcN BU HATIRLATILIR MI?&#8221; Adalet Bakan\u0131 Y\u0131lmaz Tun\u00e7&#8217;un sosyal medya hesab\u0131nda yapt\u0131\u011f\u0131 payla\u015f\u0131mlarda s\u0131k s\u0131k &#8216;yarg\u0131 ba\u011f\u0131ms\u0131zd\u0131r&#8217; c\u00fcmlesini kulland\u0131\u011f\u0131n\u0131 s\u00f6yleyen \u0130mamo\u011flu, T\u00fcrkiye&#8217;de yarg\u0131 ba\u011f\u0131ms\u0131z olsayd\u0131 Bakan Tun\u00e7&#8217;un bunu s\u0131k s\u0131k dile getirme ihtiyac\u0131 duymayaca\u011f\u0131n\u0131 s\u00f6yledi. \u0130mamo\u011flu, &#8220;Adaletten sorumlu ki\u015fi her g\u00fcn bir tu\u015fa bas\u0131lm\u0131\u015f gibi, bant kayd\u0131 dinletir gibi \u201cyarg\u0131 ba\u011f\u0131ms\u0131zd\u0131r\u201d demeye devam ediyor. Hadi oradan! Yarg\u0131n\u0131n ger\u00e7ekten h\u00fcr ve &hellip;<\/p>","protected":false},"author":5,"featured_media":0,"comment_status":"","ping_status":"open","sticky":false,"template":"","format":"standard","meta":{"_acf_changed":false,"footnotes":""},"categories":[24],"tags":[],"class_list":["post-49502","post","type-post","status-publish","format-standard","has-post-thumbnail","hentry","category-gundem"],"acf":[],"yoast_head":"<!-- This site is optimized with the Yoast SEO Premium plugin v26.6 (Yoast SEO v27.1.1) - https:\/\/yoast.com\/product\/yoast-seo-premium-wordpress\/ -->\n<title>\u0130mamo\u011flu&#039;ndan tutuklu \u00f6\u011frencilere destek: &quot;Bu k\u00f6t\u00fcl\u00fc\u011f\u00fcn\u00fcz tarihe ge\u00e7mi\u015ftir&quot; - Av. Deniz Can K\u0131z\u0131l<\/title>\n<meta name=\"robots\" content=\"index, follow, max-snippet:-1, max-image-preview:large, max-video-preview:-1\" \/>\n<link rel=\"canonical\" href=\"https:\/\/denizcankizil.tr\/de\/haberler\/gundem\/imamoglundan-tutuklu-ogrencilere-destek-bu-kotulugunuz-tarihe-gecmistir\/\" \/>\n<meta property=\"og:locale\" content=\"de_DE\" \/>\n<meta property=\"og:type\" content=\"article\" \/>\n<meta property=\"og:title\" content=\"\u0130mamo\u011flu&#039;ndan tutuklu \u00f6\u011frencilere destek: &quot;Bu k\u00f6t\u00fcl\u00fc\u011f\u00fcn\u00fcz tarihe ge\u00e7mi\u015ftir&quot;\" \/>\n<meta property=\"og:description\" content=\"19 Mart&#8217;ta g\u00f6zalt\u0131na al\u0131nan ve 23 Mart&#8217;ta tutuklanarak cezaevine g\u00f6nderilen \u0130stanbul B\u00fcy\u00fck\u015fehir Belediye Ba\u015fkan\u0131 Ekrem \u0130mamo\u011flu&#8217;nun ard\u0131ndan payla\u015fan protestolarda 301 \u00f6\u011frenci tutuklanm\u0131\u015ft\u0131. Bug\u00fcn\u00a0\u0130stanbul Cumhuriyet Ba\u015fsavc\u0131l\u0131\u011f\u0131&#8217;nca, 139 ki\u015fi hakk\u0131nda 3&#8217;er y\u0131la kadar hapis talebiyle iddianame haz\u0131rland\u0131. Konuya ili\u015fkin a\u00e7\u0131klamalarda bulunan tutuklu \u0130mamo\u011flu, sosyal medya hesab\u0131ndan yapt\u0131\u011f\u0131 a\u00e7\u0131klamada, &#8220;\u00d6\u011frencilere, gelece\u011fimiz ve her biri birer p\u0131rlanta olan gen\u00e7lere yap\u0131lan tarifsiz zulme dayanmak m\u00fcmk\u00fcn de\u011fil. Bu k\u00f6t\u00fcl\u00fc\u011f\u00fcn\u00fcz tarihe ge\u00e7mi\u015ftir&#8221; diyerek tepki g\u00f6sterdi.\u00a0 &#8220;K\u00d6T\u00dcL\u00dcK, HAKKI YENEN T\u00dcM GEN\u00c7LERE YAPILIYOR&#8221; Tutuklu bulundu\u011fu cezaevinde sosyal medya payla\u015f\u0131m\u0131 yaparak iktidar\u0131 sert bir dille ele\u015ftiren \u0130mamo\u011flu, iktidar\u0131n yapt\u0131\u011f\u0131 k\u00f6t\u00fcl\u00fcklerin sadece 301 \u00f6\u011frenciyi kapsamad\u0131\u011f\u0131n\u0131 ifade ederek, &#8220;Bu yap\u0131lan sadece 301 gence de\u011fil; atanamayan, m\u00fclakatta elenen, hakk\u0131 yenen, \u00fc\u00e7 kuru\u015fa muhta\u00e7 edilen gen\u00e7lere, \u00fclkemizin b\u00fct\u00fcn gen\u00e7lerine yap\u0131l\u0131yor. \u00dclkeyi y\u00f6netenler, kararlar\u0131 alanlar gen\u00e7leri korkuyla sindirmek, millete korku salmak pe\u015findeler. Gelece\u011fin gen\u00e7lere emanet edildi\u011fi noktadan buralara gelmek utan\u00e7 vericidir&#8221; dedi.\u00a0 &#8220;YARGI BA\u011eIMSIZSA HER G\u00dcN BU HATIRLATILIR MI?&#8221; Adalet Bakan\u0131 Y\u0131lmaz Tun\u00e7&#8217;un sosyal medya hesab\u0131nda yapt\u0131\u011f\u0131 payla\u015f\u0131mlarda s\u0131k s\u0131k &#8216;yarg\u0131 ba\u011f\u0131ms\u0131zd\u0131r&#8217; c\u00fcmlesini kulland\u0131\u011f\u0131n\u0131 s\u00f6yleyen \u0130mamo\u011flu, T\u00fcrkiye&#8217;de yarg\u0131 ba\u011f\u0131ms\u0131z olsayd\u0131 Bakan Tun\u00e7&#8217;un bunu s\u0131k s\u0131k dile getirme ihtiyac\u0131 duymayaca\u011f\u0131n\u0131 s\u00f6yledi. \u0130mamo\u011flu, &#8220;Adaletten sorumlu ki\u015fi her g\u00fcn bir tu\u015fa bas\u0131lm\u0131\u015f gibi, bant kayd\u0131 dinletir gibi \u201cyarg\u0131 ba\u011f\u0131ms\u0131zd\u0131r\u201d demeye devam ediyor. Hadi oradan! Yarg\u0131n\u0131n ger\u00e7ekten h\u00fcr ve &hellip;\" \/>\n<meta property=\"og:url\" content=\"https:\/\/denizcankizil.tr\/de\/haberler\/gundem\/imamoglundan-tutuklu-ogrencilere-destek-bu-kotulugunuz-tarihe-gecmistir\/\" \/>\n<meta property=\"og:site_name\" content=\"Av. Deniz Can K\u0131z\u0131l\" \/>\n<meta property=\"article:published_time\" content=\"2025-04-08T14:42:13+00:00\" \/>\n<meta name=\"author\" content=\"Antalya K\u00f6rfez\" \/>\n<meta name=\"twitter:card\" content=\"summary_large_image\" \/>\n<meta name=\"twitter:label1\" content=\"Verfasst von\" \/>\n\t<meta name=\"twitter:data1\" content=\"Antalya K\u00f6rfez\" \/>\n\t<meta name=\"twitter:label2\" content=\"Gesch\u00e4tzte Lesezeit\" \/>\n\t<meta name=\"twitter:data2\" content=\"3\u00a0Minuten\" \/>\n<script type=\"application\/ld+json\" class=\"yoast-schema-graph\">{\"@context\":\"https:\/\/schema.org\",\"@graph\":[{\"@type\":\"Article\",\"@id\":\"https:\/\/denizcankizil.tr\/de\/haberler\/gundem\/imamoglundan-tutuklu-ogrencilere-destek-bu-kotulugunuz-tarihe-gecmistir\/#article\",\"isPartOf\":{\"@id\":\"https:\/\/denizcankizil.tr\/de\/haberler\/gundem\/imamoglundan-tutuklu-ogrencilere-destek-bu-kotulugunuz-tarihe-gecmistir\/\"},\"author\":{\"name\":\"Antalya K\u00f6rfez\",\"@id\":\"https:\/\/denizcankizil.tr\/#\/schema\/person\/e1eb71bb4dd684d46563f0af307e1234\"},\"headline\":\"\u0130mamo\u011flu&#8217;ndan tutuklu \u00f6\u011frencilere destek: &#8220;Bu k\u00f6t\u00fcl\u00fc\u011f\u00fcn\u00fcz tarihe ge\u00e7mi\u015ftir&#8221;\",\"datePublished\":\"2025-04-08T14:42:13+00:00\",\"mainEntityOfPage\":{\"@id\":\"https:\/\/denizcankizil.tr\/de\/haberler\/gundem\/imamoglundan-tutuklu-ogrencilere-destek-bu-kotulugunuz-tarihe-gecmistir\/\"},\"wordCount\":721,\"publisher\":{\"@id\":\"https:\/\/denizcankizil.tr\/#organization\"},\"articleSection\":[\"G\u00fcndem\"],\"inLanguage\":\"de\"},{\"@type\":\"WebPage\",\"@id\":\"https:\/\/denizcankizil.tr\/de\/haberler\/gundem\/imamoglundan-tutuklu-ogrencilere-destek-bu-kotulugunuz-tarihe-gecmistir\/\",\"url\":\"https:\/\/denizcankizil.tr\/de\/haberler\/gundem\/imamoglundan-tutuklu-ogrencilere-destek-bu-kotulugunuz-tarihe-gecmistir\/\",\"name\":\"\u0130mamo\u011flu'ndan tutuklu \u00f6\u011frencilere destek: \\\"Bu k\u00f6t\u00fcl\u00fc\u011f\u00fcn\u00fcz tarihe ge\u00e7mi\u015ftir\\\" - Av. Deniz Can K\u0131z\u0131l\",\"isPartOf\":{\"@id\":\"https:\/\/denizcankizil.tr\/#website\"},\"datePublished\":\"2025-04-08T14:42:13+00:00\",\"breadcrumb\":{\"@id\":\"https:\/\/denizcankizil.tr\/de\/haberler\/gundem\/imamoglundan-tutuklu-ogrencilere-destek-bu-kotulugunuz-tarihe-gecmistir\/#breadcrumb\"},\"inLanguage\":\"de\",\"potentialAction\":[{\"@type\":\"ReadAction\",\"target\":[\"https:\/\/denizcankizil.tr\/de\/haberler\/gundem\/imamoglundan-tutuklu-ogrencilere-destek-bu-kotulugunuz-tarihe-gecmistir\/\"]}]},{\"@type\":\"BreadcrumbList\",\"@id\":\"https:\/\/denizcankizil.tr\/de\/haberler\/gundem\/imamoglundan-tutuklu-ogrencilere-destek-bu-kotulugunuz-tarihe-gecmistir\/#breadcrumb\",\"itemListElement\":[{\"@type\":\"ListItem\",\"position\":1,\"name\":\"Home\",\"item\":\"https:\/\/denizcankizil.tr\/de\/\"},{\"@type\":\"ListItem\",\"position\":2,\"name\":\"\u0130mamo\u011flu&#8217;ndan tutuklu \u00f6\u011frencilere destek: &#8220;Bu k\u00f6t\u00fcl\u00fc\u011f\u00fcn\u00fcz tarihe ge\u00e7mi\u015ftir&#8221;\"}]},{\"@type\":\"WebSite\",\"@id\":\"https:\/\/denizcankizil.tr\/#website\",\"url\":\"https:\/\/denizcankizil.tr\/\",\"name\":\"Av. Deniz Can K\u0131z\u0131l\",\"description\":\"Avukat Deniz Can K\u0131z\u0131l Antalya Barosu\",\"publisher\":{\"@id\":\"https:\/\/denizcankizil.tr\/#organization\"},\"potentialAction\":[{\"@type\":\"SearchAction\",\"target\":{\"@type\":\"EntryPoint\",\"urlTemplate\":\"https:\/\/denizcankizil.tr\/?s={search_term_string}\"},\"query-input\":{\"@type\":\"PropertyValueSpecification\",\"valueRequired\":true,\"valueName\":\"search_term_string\"}}],\"inLanguage\":\"de\"},{\"@type\":\"Organization\",\"@id\":\"https:\/\/denizcankizil.tr\/#organization\",\"name\":\"Av. Deniz Can K\u0131z\u0131l\",\"url\":\"https:\/\/denizcankizil.tr\/\",\"logo\":{\"@type\":\"ImageObject\",\"inLanguage\":\"de\",\"@id\":\"https:\/\/denizcankizil.tr\/#\/schema\/logo\/image\/\",\"url\":\"https:\/\/denizcankizil.tr\/wp-content\/uploads\/2024\/10\/siyah-logo-svg.svg\",\"contentUrl\":\"https:\/\/denizcankizil.tr\/wp-content\/uploads\/2024\/10\/siyah-logo-svg.svg\",\"width\":1080,\"height\":1080,\"caption\":\"Av. Deniz Can K\u0131z\u0131l\"},\"image\":{\"@id\":\"https:\/\/denizcankizil.tr\/#\/schema\/logo\/image\/\"}},{\"@type\":\"Person\",\"@id\":\"https:\/\/denizcankizil.tr\/#\/schema\/person\/e1eb71bb4dd684d46563f0af307e1234\",\"name\":\"Antalya K\u00f6rfez\",\"image\":{\"@type\":\"ImageObject\",\"inLanguage\":\"de\",\"@id\":\"https:\/\/denizcankizil.tr\/#\/schema\/person\/image\/\",\"url\":\"https:\/\/secure.gravatar.com\/avatar\/42b01982558a48a0b501fdcab6a408d3717ea5919095ee2e67b0e521799c5905?s=96&d=mm&r=g\",\"contentUrl\":\"https:\/\/secure.gravatar.com\/avatar\/42b01982558a48a0b501fdcab6a408d3717ea5919095ee2e67b0e521799c5905?s=96&d=mm&r=g\",\"caption\":\"Antalya K\u00f6rfez\"},\"sameAs\":[\"http:\/\/www.antalyakorfez.com\"],\"url\":\"https:\/\/www.antalyakorfez.com\/imamoglundan-tutuklu-ogrencilere-destek-bu-kotulugunuz-tarihe-gecmistir\"}]}<\/script>\n<!-- \/ Yoast SEO Premium plugin. -->","yoast_head_json":{"title":"\u0130mamo\u011flu'ndan tutuklu \u00f6\u011frencilere destek: \"Bu k\u00f6t\u00fcl\u00fc\u011f\u00fcn\u00fcz tarihe ge\u00e7mi\u015ftir\" - Av. Deniz Can K\u0131z\u0131l","robots":{"index":"index","follow":"follow","max-snippet":"max-snippet:-1","max-image-preview":"max-image-preview:large","max-video-preview":"max-video-preview:-1"},"canonical":"https:\/\/denizcankizil.tr\/de\/haberler\/gundem\/imamoglundan-tutuklu-ogrencilere-destek-bu-kotulugunuz-tarihe-gecmistir\/","og_locale":"de_DE","og_type":"article","og_title":"\u0130mamo\u011flu'ndan tutuklu \u00f6\u011frencilere destek: \"Bu k\u00f6t\u00fcl\u00fc\u011f\u00fcn\u00fcz tarihe ge\u00e7mi\u015ftir\"","og_description":"19 Mart&#8217;ta g\u00f6zalt\u0131na al\u0131nan ve 23 Mart&#8217;ta tutuklanarak cezaevine g\u00f6nderilen \u0130stanbul B\u00fcy\u00fck\u015fehir Belediye Ba\u015fkan\u0131 Ekrem \u0130mamo\u011flu&#8217;nun ard\u0131ndan payla\u015fan protestolarda 301 \u00f6\u011frenci tutuklanm\u0131\u015ft\u0131. Bug\u00fcn\u00a0\u0130stanbul Cumhuriyet Ba\u015fsavc\u0131l\u0131\u011f\u0131&#8217;nca, 139 ki\u015fi hakk\u0131nda 3&#8217;er y\u0131la kadar hapis talebiyle iddianame haz\u0131rland\u0131. Konuya ili\u015fkin a\u00e7\u0131klamalarda bulunan tutuklu \u0130mamo\u011flu, sosyal medya hesab\u0131ndan yapt\u0131\u011f\u0131 a\u00e7\u0131klamada, &#8220;\u00d6\u011frencilere, gelece\u011fimiz ve her biri birer p\u0131rlanta olan gen\u00e7lere yap\u0131lan tarifsiz zulme dayanmak m\u00fcmk\u00fcn de\u011fil. Bu k\u00f6t\u00fcl\u00fc\u011f\u00fcn\u00fcz tarihe ge\u00e7mi\u015ftir&#8221; diyerek tepki g\u00f6sterdi.\u00a0 &#8220;K\u00d6T\u00dcL\u00dcK, HAKKI YENEN T\u00dcM GEN\u00c7LERE YAPILIYOR&#8221; Tutuklu bulundu\u011fu cezaevinde sosyal medya payla\u015f\u0131m\u0131 yaparak iktidar\u0131 sert bir dille ele\u015ftiren \u0130mamo\u011flu, iktidar\u0131n yapt\u0131\u011f\u0131 k\u00f6t\u00fcl\u00fcklerin sadece 301 \u00f6\u011frenciyi kapsamad\u0131\u011f\u0131n\u0131 ifade ederek, &#8220;Bu yap\u0131lan sadece 301 gence de\u011fil; atanamayan, m\u00fclakatta elenen, hakk\u0131 yenen, \u00fc\u00e7 kuru\u015fa muhta\u00e7 edilen gen\u00e7lere, \u00fclkemizin b\u00fct\u00fcn gen\u00e7lerine yap\u0131l\u0131yor. \u00dclkeyi y\u00f6netenler, kararlar\u0131 alanlar gen\u00e7leri korkuyla sindirmek, millete korku salmak pe\u015findeler. Gelece\u011fin gen\u00e7lere emanet edildi\u011fi noktadan buralara gelmek utan\u00e7 vericidir&#8221; dedi.\u00a0 &#8220;YARGI BA\u011eIMSIZSA HER G\u00dcN BU HATIRLATILIR MI?&#8221; Adalet Bakan\u0131 Y\u0131lmaz Tun\u00e7&#8217;un sosyal medya hesab\u0131nda yapt\u0131\u011f\u0131 payla\u015f\u0131mlarda s\u0131k s\u0131k &#8216;yarg\u0131 ba\u011f\u0131ms\u0131zd\u0131r&#8217; c\u00fcmlesini kulland\u0131\u011f\u0131n\u0131 s\u00f6yleyen \u0130mamo\u011flu, T\u00fcrkiye&#8217;de yarg\u0131 ba\u011f\u0131ms\u0131z olsayd\u0131 Bakan Tun\u00e7&#8217;un bunu s\u0131k s\u0131k dile getirme ihtiyac\u0131 duymayaca\u011f\u0131n\u0131 s\u00f6yledi. \u0130mamo\u011flu, &#8220;Adaletten sorumlu ki\u015fi her g\u00fcn bir tu\u015fa bas\u0131lm\u0131\u015f gibi, bant kayd\u0131 dinletir gibi \u201cyarg\u0131 ba\u011f\u0131ms\u0131zd\u0131r\u201d demeye devam ediyor. Hadi oradan! Yarg\u0131n\u0131n ger\u00e7ekten h\u00fcr ve &hellip;","og_url":"https:\/\/denizcankizil.tr\/de\/haberler\/gundem\/imamoglundan-tutuklu-ogrencilere-destek-bu-kotulugunuz-tarihe-gecmistir\/","og_site_name":"Av. Deniz Can K\u0131z\u0131l","article_published_time":"2025-04-08T14:42:13+00:00","author":"Antalya K\u00f6rfez","twitter_card":"summary_large_image","twitter_misc":{"Verfasst von":"Antalya K\u00f6rfez","Gesch\u00e4tzte Lesezeit":"3\u00a0Minuten"},"schema":{"@context":"https:\/\/schema.org","@graph":[{"@type":"Article","@id":"https:\/\/denizcankizil.tr\/de\/haberler\/gundem\/imamoglundan-tutuklu-ogrencilere-destek-bu-kotulugunuz-tarihe-gecmistir\/#article","isPartOf":{"@id":"https:\/\/denizcankizil.tr\/de\/haberler\/gundem\/imamoglundan-tutuklu-ogrencilere-destek-bu-kotulugunuz-tarihe-gecmistir\/"},"author":{"name":"Antalya K\u00f6rfez","@id":"https:\/\/denizcankizil.tr\/#\/schema\/person\/e1eb71bb4dd684d46563f0af307e1234"},"headline":"\u0130mamo\u011flu&#8217;ndan tutuklu \u00f6\u011frencilere destek: &#8220;Bu k\u00f6t\u00fcl\u00fc\u011f\u00fcn\u00fcz tarihe ge\u00e7mi\u015ftir&#8221;","datePublished":"2025-04-08T14:42:13+00:00","mainEntityOfPage":{"@id":"https:\/\/denizcankizil.tr\/de\/haberler\/gundem\/imamoglundan-tutuklu-ogrencilere-destek-bu-kotulugunuz-tarihe-gecmistir\/"},"wordCount":721,"publisher":{"@id":"https:\/\/denizcankizil.tr\/#organization"},"articleSection":["G\u00fcndem"],"inLanguage":"de"},{"@type":"WebPage","@id":"https:\/\/denizcankizil.tr\/de\/haberler\/gundem\/imamoglundan-tutuklu-ogrencilere-destek-bu-kotulugunuz-tarihe-gecmistir\/","url":"https:\/\/denizcankizil.tr\/de\/haberler\/gundem\/imamoglundan-tutuklu-ogrencilere-destek-bu-kotulugunuz-tarihe-gecmistir\/","name":"\u0130mamo\u011flu'ndan tutuklu \u00f6\u011frencilere destek: \"Bu k\u00f6t\u00fcl\u00fc\u011f\u00fcn\u00fcz tarihe ge\u00e7mi\u015ftir\" - Av. Deniz Can K\u0131z\u0131l","isPartOf":{"@id":"https:\/\/denizcankizil.tr\/#website"},"datePublished":"2025-04-08T14:42:13+00:00","breadcrumb":{"@id":"https:\/\/denizcankizil.tr\/de\/haberler\/gundem\/imamoglundan-tutuklu-ogrencilere-destek-bu-kotulugunuz-tarihe-gecmistir\/#breadcrumb"},"inLanguage":"de","potentialAction":[{"@type":"ReadAction","target":["https:\/\/denizcankizil.tr\/de\/haberler\/gundem\/imamoglundan-tutuklu-ogrencilere-destek-bu-kotulugunuz-tarihe-gecmistir\/"]}]},{"@type":"BreadcrumbList","@id":"https:\/\/denizcankizil.tr\/de\/haberler\/gundem\/imamoglundan-tutuklu-ogrencilere-destek-bu-kotulugunuz-tarihe-gecmistir\/#breadcrumb","itemListElement":[{"@type":"ListItem","position":1,"name":"Home","item":"https:\/\/denizcankizil.tr\/de\/"},{"@type":"ListItem","position":2,"name":"\u0130mamo\u011flu&#8217;ndan tutuklu \u00f6\u011frencilere destek: &#8220;Bu k\u00f6t\u00fcl\u00fc\u011f\u00fcn\u00fcz tarihe ge\u00e7mi\u015ftir&#8221;"}]},{"@type":"WebSite","@id":"https:\/\/denizcankizil.tr\/#website","url":"https:\/\/denizcankizil.tr\/","name":"Av. Deniz Can K\u0131z\u0131l","description":"Avukat Deniz Can K\u0131z\u0131l Antalya Barosu","publisher":{"@id":"https:\/\/denizcankizil.tr\/#organization"},"potentialAction":[{"@type":"SearchAction","target":{"@type":"EntryPoint","urlTemplate":"https:\/\/denizcankizil.tr\/?s={search_term_string}"},"query-input":{"@type":"PropertyValueSpecification","valueRequired":true,"valueName":"search_term_string"}}],"inLanguage":"de"},{"@type":"Organization","@id":"https:\/\/denizcankizil.tr\/#organization","name":"Av. Deniz Can K\u0131z\u0131l","url":"https:\/\/denizcankizil.tr\/","logo":{"@type":"ImageObject","inLanguage":"de","@id":"https:\/\/denizcankizil.tr\/#\/schema\/logo\/image\/","url":"https:\/\/denizcankizil.tr\/wp-content\/uploads\/2024\/10\/siyah-logo-svg.svg","contentUrl":"https:\/\/denizcankizil.tr\/wp-content\/uploads\/2024\/10\/siyah-logo-svg.svg","width":1080,"height":1080,"caption":"Av. Deniz Can K\u0131z\u0131l"},"image":{"@id":"https:\/\/denizcankizil.tr\/#\/schema\/logo\/image\/"}},{"@type":"Person","@id":"https:\/\/denizcankizil.tr\/#\/schema\/person\/e1eb71bb4dd684d46563f0af307e1234","name":"Antalya K\u00f6rfez","image":{"@type":"ImageObject","inLanguage":"de","@id":"https:\/\/denizcankizil.tr\/#\/schema\/person\/image\/","url":"https:\/\/secure.gravatar.com\/avatar\/42b01982558a48a0b501fdcab6a408d3717ea5919095ee2e67b0e521799c5905?s=96&d=mm&r=g","contentUrl":"https:\/\/secure.gravatar.com\/avatar\/42b01982558a48a0b501fdcab6a408d3717ea5919095ee2e67b0e521799c5905?s=96&d=mm&r=g","caption":"Antalya K\u00f6rfez"},"sameAs":["http:\/\/www.antalyakorfez.com"],"url":"https:\/\/www.antalyakorfez.com\/imamoglundan-tutuklu-ogrencilere-destek-bu-kotulugunuz-tarihe-gecmistir"}]}},"_links":{"self":[{"href":"https:\/\/denizcankizil.tr\/de\/wp-json\/wp\/v2\/posts\/49502","targetHints":{"allow":["GET"]}}],"collection":[{"href":"https:\/\/denizcankizil.tr\/de\/wp-json\/wp\/v2\/posts"}],"about":[{"href":"https:\/\/denizcankizil.tr\/de\/wp-json\/wp\/v2\/types\/post"}],"author":[{"embeddable":true,"href":"https:\/\/denizcankizil.tr\/de\/wp-json\/wp\/v2\/users\/5"}],"replies":[{"embeddable":true,"href":"https:\/\/denizcankizil.tr\/de\/wp-json\/wp\/v2\/comments?post=49502"}],"version-history":[{"count":0,"href":"https:\/\/denizcankizil.tr\/de\/wp-json\/wp\/v2\/posts\/49502\/revisions"}],"wp:attachment":[{"href":"https:\/\/denizcankizil.tr\/de\/wp-json\/wp\/v2\/media?parent=49502"}],"wp:term":[{"taxonomy":"category","embeddable":true,"href":"https:\/\/denizcankizil.tr\/de\/wp-json\/wp\/v2\/categories?post=49502"},{"taxonomy":"post_tag","embeddable":true,"href":"https:\/\/denizcankizil.tr\/de\/wp-json\/wp\/v2\/tags?post=49502"}],"curies":[{"name":"wp","href":"https:\/\/api.w.org\/{rel}","templated":true}]}}