{"id":49436,"date":"2025-04-08T15:43:27","date_gmt":"2025-04-08T12:43:27","guid":{"rendered":"https:\/\/denizcankizil.tr\/uncategorized-tr\/turizmin-oscari-altin-elma-tarsus-kentine-veriliyor\/"},"modified":"2025-04-08T15:43:27","modified_gmt":"2025-04-08T12:43:27","slug":"turizmin-oscari-altin-elma-tarsus-kentine-veriliyor","status":"publish","type":"post","link":"https:\/\/denizcankizil.tr\/de\/haberler\/gundem\/turizmin-oscari-altin-elma-tarsus-kentine-veriliyor\/","title":{"rendered":"Turizmin Oscar\u0131 &#8216;Alt\u0131n Elma&#8217; Tarsus kentine veriliyor"},"content":{"rendered":"<p>D\u00fcnya turizm yazarlar\u0131 ve gazetecileri federasyonu FIJET taraf\u0131ndan d\u00fcnya turizmine katk\u0131 sa\u011flayan destinasyonlara sunulan geleneksel \u201cAlt\u0131n Elma\u201d \u00f6d\u00fcl\u00fc bu y\u0131l 22-24 Nisan 2025 tarihleri aras\u0131nda Tarsus\u2019a Tarsus\u2019ta d\u00fczenlenecek \u00f6d\u00fcl t\u00f6reni ile Tarsus\u2019a\u00a0 verilecek.<\/p>\n<p>\u200bD\u00fcnya turizm yazarlar\u0131 ve gazetecileri federasyonu FIJET taraf\u0131ndan d\u00fcnya turizmine katk\u0131 sa\u011flayan destinasyonlara sunulan geleneksel \u201cAlt\u0131n Elma\u201d \u00f6d\u00fcl\u00fc bu y\u0131l 22-24 Nisan 2025 tarihleri aras\u0131nda Tarsus\u2019a Tarsus\u2019ta d\u00fczenlenecek \u00f6d\u00fcl t\u00f6reni ile Tarsus\u2019a\u00a0 verilecek.\u00a0<\/p>\n<p>\u200bHaberin Al\u0131nt\u0131land\u0131\u011f\u0131 Kaynak: www.iskenderun.org<\/p>","protected":false},"excerpt":{"rendered":"<p>D\u00fcnya turizm yazarlar\u0131 ve gazetecileri federasyonu FIJET taraf\u0131ndan d\u00fcnya turizmine katk\u0131 sa\u011flayan destinasyonlara sunulan geleneksel \u201cAlt\u0131n Elma\u201d \u00f6d\u00fcl\u00fc bu y\u0131l 22-24 Nisan 2025 tarihleri aras\u0131nda Tarsus\u2019a Tarsus\u2019ta d\u00fczenlenecek \u00f6d\u00fcl t\u00f6reni ile Tarsus\u2019a\u00a0 verilecek. \u200bD\u00fcnya turizm yazarlar\u0131 ve gazetecileri federasyonu FIJET taraf\u0131ndan d\u00fcnya turizmine katk\u0131 sa\u011flayan destinasyonlara sunulan geleneksel \u201cAlt\u0131n Elma\u201d \u00f6d\u00fcl\u00fc bu y\u0131l 22-24 Nisan 2025 tarihleri aras\u0131nda Tarsus\u2019a Tarsus\u2019ta d\u00fczenlenecek \u00f6d\u00fcl t\u00f6reni ile Tarsus\u2019a\u00a0 verilecek.\u00a0 \u200bHaberin Al\u0131nt\u0131land\u0131\u011f\u0131 Kaynak: www.iskenderun.org<\/p>","protected":false},"author":1,"featured_media":0,"comment_status":"","ping_status":"open","sticky":false,"template":"","format":"standard","meta":{"_acf_changed":false,"footnotes":""},"categories":[24],"tags":[],"class_list":["post-49436","post","type-post","status-publish","format-standard","has-post-thumbnail","hentry","category-gundem"],"acf":[],"yoast_head":"<!-- This site is optimized with the Yoast SEO Premium plugin v26.6 (Yoast SEO v27.1.1) - https:\/\/yoast.com\/product\/yoast-seo-premium-wordpress\/ -->\n<title>Turizmin Oscar\u0131 &#039;Alt\u0131n Elma&#039; Tarsus kentine veriliyor - Av. Deniz Can K\u0131z\u0131l<\/title>\n<meta name=\"robots\" content=\"index, follow, max-snippet:-1, max-image-preview:large, max-video-preview:-1\" \/>\n<link rel=\"canonical\" href=\"https:\/\/denizcankizil.tr\/de\/haberler\/gundem\/turizmin-oscari-altin-elma-tarsus-kentine-veriliyor\/\" \/>\n<meta property=\"og:locale\" content=\"de_DE\" \/>\n<meta property=\"og:type\" content=\"article\" \/>\n<meta property=\"og:title\" content=\"Turizmin Oscar\u0131 &#039;Alt\u0131n Elma&#039; Tarsus kentine veriliyor\" \/>\n<meta property=\"og:description\" content=\"D\u00fcnya turizm yazarlar\u0131 ve gazetecileri federasyonu FIJET taraf\u0131ndan d\u00fcnya turizmine katk\u0131 sa\u011flayan destinasyonlara sunulan geleneksel \u201cAlt\u0131n Elma\u201d \u00f6d\u00fcl\u00fc bu y\u0131l 22-24 Nisan 2025 tarihleri aras\u0131nda Tarsus\u2019a Tarsus\u2019ta d\u00fczenlenecek \u00f6d\u00fcl t\u00f6reni ile Tarsus\u2019a\u00a0 verilecek. \u200bD\u00fcnya turizm yazarlar\u0131 ve gazetecileri federasyonu FIJET taraf\u0131ndan d\u00fcnya turizmine katk\u0131 sa\u011flayan destinasyonlara sunulan geleneksel \u201cAlt\u0131n Elma\u201d \u00f6d\u00fcl\u00fc bu y\u0131l 22-24 Nisan 2025 tarihleri aras\u0131nda Tarsus\u2019a Tarsus\u2019ta d\u00fczenlenecek \u00f6d\u00fcl t\u00f6reni ile Tarsus\u2019a\u00a0 verilecek.\u00a0 \u200bHaberin Al\u0131nt\u0131land\u0131\u011f\u0131 Kaynak: www.iskenderun.org\" \/>\n<meta property=\"og:url\" content=\"https:\/\/denizcankizil.tr\/de\/haberler\/gundem\/turizmin-oscari-altin-elma-tarsus-kentine-veriliyor\/\" \/>\n<meta property=\"og:site_name\" content=\"Av. Deniz Can K\u0131z\u0131l\" \/>\n<meta property=\"article:published_time\" content=\"2025-04-08T12:43:27+00:00\" \/>\n<meta name=\"author\" content=\"admin\" \/>\n<meta name=\"twitter:card\" content=\"summary_large_image\" \/>\n<meta name=\"twitter:label1\" content=\"Verfasst von\" \/>\n\t<meta name=\"twitter:data1\" content=\"admin\" \/>\n\t<meta name=\"twitter:label2\" content=\"Gesch\u00e4tzte Lesezeit\" \/>\n\t<meta name=\"twitter:data2\" content=\"1\u00a0Minute\" \/>\n<script type=\"application\/ld+json\" class=\"yoast-schema-graph\">{\"@context\":\"https:\/\/schema.org\",\"@graph\":[{\"@type\":\"Article\",\"@id\":\"https:\/\/denizcankizil.tr\/de\/haberler\/gundem\/turizmin-oscari-altin-elma-tarsus-kentine-veriliyor\/#article\",\"isPartOf\":{\"@id\":\"https:\/\/denizcankizil.tr\/de\/haberler\/gundem\/turizmin-oscari-altin-elma-tarsus-kentine-veriliyor\/\"},\"author\":{\"name\":\"admin\",\"@id\":\"https:\/\/denizcankizil.tr\/#\/schema\/person\/be3c05fe6a12686905512445d8185489\"},\"headline\":\"Turizmin Oscar\u0131 &#8216;Alt\u0131n Elma&#8217; Tarsus kentine veriliyor\",\"datePublished\":\"2025-04-08T12:43:27+00:00\",\"mainEntityOfPage\":{\"@id\":\"https:\/\/denizcankizil.tr\/de\/haberler\/gundem\/turizmin-oscari-altin-elma-tarsus-kentine-veriliyor\/\"},\"wordCount\":108,\"publisher\":{\"@id\":\"https:\/\/denizcankizil.tr\/#organization\"},\"articleSection\":[\"G\u00fcndem\"],\"inLanguage\":\"de\"},{\"@type\":\"WebPage\",\"@id\":\"https:\/\/denizcankizil.tr\/de\/haberler\/gundem\/turizmin-oscari-altin-elma-tarsus-kentine-veriliyor\/\",\"url\":\"https:\/\/denizcankizil.tr\/de\/haberler\/gundem\/turizmin-oscari-altin-elma-tarsus-kentine-veriliyor\/\",\"name\":\"Turizmin Oscar\u0131 'Alt\u0131n Elma' Tarsus kentine veriliyor - Av. Deniz Can K\u0131z\u0131l\",\"isPartOf\":{\"@id\":\"https:\/\/denizcankizil.tr\/#website\"},\"datePublished\":\"2025-04-08T12:43:27+00:00\",\"breadcrumb\":{\"@id\":\"https:\/\/denizcankizil.tr\/de\/haberler\/gundem\/turizmin-oscari-altin-elma-tarsus-kentine-veriliyor\/#breadcrumb\"},\"inLanguage\":\"de\",\"potentialAction\":[{\"@type\":\"ReadAction\",\"target\":[\"https:\/\/denizcankizil.tr\/de\/haberler\/gundem\/turizmin-oscari-altin-elma-tarsus-kentine-veriliyor\/\"]}]},{\"@type\":\"BreadcrumbList\",\"@id\":\"https:\/\/denizcankizil.tr\/de\/haberler\/gundem\/turizmin-oscari-altin-elma-tarsus-kentine-veriliyor\/#breadcrumb\",\"itemListElement\":[{\"@type\":\"ListItem\",\"position\":1,\"name\":\"Home\",\"item\":\"https:\/\/denizcankizil.tr\/de\/\"},{\"@type\":\"ListItem\",\"position\":2,\"name\":\"Turizmin Oscar\u0131 &#8216;Alt\u0131n Elma&#8217; Tarsus kentine veriliyor\"}]},{\"@type\":\"WebSite\",\"@id\":\"https:\/\/denizcankizil.tr\/#website\",\"url\":\"https:\/\/denizcankizil.tr\/\",\"name\":\"Av. Deniz Can K\u0131z\u0131l\",\"description\":\"Avukat Deniz Can K\u0131z\u0131l Antalya Barosu\",\"publisher\":{\"@id\":\"https:\/\/denizcankizil.tr\/#organization\"},\"potentialAction\":[{\"@type\":\"SearchAction\",\"target\":{\"@type\":\"EntryPoint\",\"urlTemplate\":\"https:\/\/denizcankizil.tr\/?s={search_term_string}\"},\"query-input\":{\"@type\":\"PropertyValueSpecification\",\"valueRequired\":true,\"valueName\":\"search_term_string\"}}],\"inLanguage\":\"de\"},{\"@type\":\"Organization\",\"@id\":\"https:\/\/denizcankizil.tr\/#organization\",\"name\":\"Av. Deniz Can K\u0131z\u0131l\",\"url\":\"https:\/\/denizcankizil.tr\/\",\"logo\":{\"@type\":\"ImageObject\",\"inLanguage\":\"de\",\"@id\":\"https:\/\/denizcankizil.tr\/#\/schema\/logo\/image\/\",\"url\":\"https:\/\/denizcankizil.tr\/wp-content\/uploads\/2024\/10\/siyah-logo-svg.svg\",\"contentUrl\":\"https:\/\/denizcankizil.tr\/wp-content\/uploads\/2024\/10\/siyah-logo-svg.svg\",\"width\":1080,\"height\":1080,\"caption\":\"Av. Deniz Can K\u0131z\u0131l\"},\"image\":{\"@id\":\"https:\/\/denizcankizil.tr\/#\/schema\/logo\/image\/\"}},{\"@type\":\"Person\",\"@id\":\"https:\/\/denizcankizil.tr\/#\/schema\/person\/be3c05fe6a12686905512445d8185489\",\"name\":\"admin\",\"image\":{\"@type\":\"ImageObject\",\"inLanguage\":\"de\",\"@id\":\"https:\/\/denizcankizil.tr\/#\/schema\/person\/image\/\",\"url\":\"https:\/\/secure.gravatar.com\/avatar\/c1fce94c830dc79107e174f890d7210541c4a63e8e5d816341794a2151c9d58c?s=96&d=mm&r=g\",\"contentUrl\":\"https:\/\/secure.gravatar.com\/avatar\/c1fce94c830dc79107e174f890d7210541c4a63e8e5d816341794a2151c9d58c?s=96&d=mm&r=g\",\"caption\":\"admin\"},\"sameAs\":[\"http:\/\/denizcankizil.tr\"],\"url\":\"https:\/\/www.iskenderun.org\/turizmin-oscari-altin-elma-tarsus-kentine-veriliyor\"}]}<\/script>\n<!-- \/ Yoast SEO Premium plugin. -->","yoast_head_json":{"title":"Turizmin Oscar\u0131 'Alt\u0131n Elma' Tarsus kentine veriliyor - Av. Deniz Can K\u0131z\u0131l","robots":{"index":"index","follow":"follow","max-snippet":"max-snippet:-1","max-image-preview":"max-image-preview:large","max-video-preview":"max-video-preview:-1"},"canonical":"https:\/\/denizcankizil.tr\/de\/haberler\/gundem\/turizmin-oscari-altin-elma-tarsus-kentine-veriliyor\/","og_locale":"de_DE","og_type":"article","og_title":"Turizmin Oscar\u0131 'Alt\u0131n Elma' Tarsus kentine veriliyor","og_description":"D\u00fcnya turizm yazarlar\u0131 ve gazetecileri federasyonu FIJET taraf\u0131ndan d\u00fcnya turizmine katk\u0131 sa\u011flayan destinasyonlara sunulan geleneksel \u201cAlt\u0131n Elma\u201d \u00f6d\u00fcl\u00fc bu y\u0131l 22-24 Nisan 2025 tarihleri aras\u0131nda Tarsus\u2019a Tarsus\u2019ta d\u00fczenlenecek \u00f6d\u00fcl t\u00f6reni ile Tarsus\u2019a\u00a0 verilecek. \u200bD\u00fcnya turizm yazarlar\u0131 ve gazetecileri federasyonu FIJET taraf\u0131ndan d\u00fcnya turizmine katk\u0131 sa\u011flayan destinasyonlara sunulan geleneksel \u201cAlt\u0131n Elma\u201d \u00f6d\u00fcl\u00fc bu y\u0131l 22-24 Nisan 2025 tarihleri aras\u0131nda Tarsus\u2019a Tarsus\u2019ta d\u00fczenlenecek \u00f6d\u00fcl t\u00f6reni ile Tarsus\u2019a\u00a0 verilecek.\u00a0 \u200bHaberin Al\u0131nt\u0131land\u0131\u011f\u0131 Kaynak: www.iskenderun.org","og_url":"https:\/\/denizcankizil.tr\/de\/haberler\/gundem\/turizmin-oscari-altin-elma-tarsus-kentine-veriliyor\/","og_site_name":"Av. Deniz Can K\u0131z\u0131l","article_published_time":"2025-04-08T12:43:27+00:00","author":"admin","twitter_card":"summary_large_image","twitter_misc":{"Verfasst von":"admin","Gesch\u00e4tzte Lesezeit":"1\u00a0Minute"},"schema":{"@context":"https:\/\/schema.org","@graph":[{"@type":"Article","@id":"https:\/\/denizcankizil.tr\/de\/haberler\/gundem\/turizmin-oscari-altin-elma-tarsus-kentine-veriliyor\/#article","isPartOf":{"@id":"https:\/\/denizcankizil.tr\/de\/haberler\/gundem\/turizmin-oscari-altin-elma-tarsus-kentine-veriliyor\/"},"author":{"name":"admin","@id":"https:\/\/denizcankizil.tr\/#\/schema\/person\/be3c05fe6a12686905512445d8185489"},"headline":"Turizmin Oscar\u0131 &#8216;Alt\u0131n Elma&#8217; Tarsus kentine veriliyor","datePublished":"2025-04-08T12:43:27+00:00","mainEntityOfPage":{"@id":"https:\/\/denizcankizil.tr\/de\/haberler\/gundem\/turizmin-oscari-altin-elma-tarsus-kentine-veriliyor\/"},"wordCount":108,"publisher":{"@id":"https:\/\/denizcankizil.tr\/#organization"},"articleSection":["G\u00fcndem"],"inLanguage":"de"},{"@type":"WebPage","@id":"https:\/\/denizcankizil.tr\/de\/haberler\/gundem\/turizmin-oscari-altin-elma-tarsus-kentine-veriliyor\/","url":"https:\/\/denizcankizil.tr\/de\/haberler\/gundem\/turizmin-oscari-altin-elma-tarsus-kentine-veriliyor\/","name":"Turizmin Oscar\u0131 'Alt\u0131n Elma' Tarsus kentine veriliyor - Av. Deniz Can K\u0131z\u0131l","isPartOf":{"@id":"https:\/\/denizcankizil.tr\/#website"},"datePublished":"2025-04-08T12:43:27+00:00","breadcrumb":{"@id":"https:\/\/denizcankizil.tr\/de\/haberler\/gundem\/turizmin-oscari-altin-elma-tarsus-kentine-veriliyor\/#breadcrumb"},"inLanguage":"de","potentialAction":[{"@type":"ReadAction","target":["https:\/\/denizcankizil.tr\/de\/haberler\/gundem\/turizmin-oscari-altin-elma-tarsus-kentine-veriliyor\/"]}]},{"@type":"BreadcrumbList","@id":"https:\/\/denizcankizil.tr\/de\/haberler\/gundem\/turizmin-oscari-altin-elma-tarsus-kentine-veriliyor\/#breadcrumb","itemListElement":[{"@type":"ListItem","position":1,"name":"Home","item":"https:\/\/denizcankizil.tr\/de\/"},{"@type":"ListItem","position":2,"name":"Turizmin Oscar\u0131 &#8216;Alt\u0131n Elma&#8217; Tarsus kentine veriliyor"}]},{"@type":"WebSite","@id":"https:\/\/denizcankizil.tr\/#website","url":"https:\/\/denizcankizil.tr\/","name":"Av. Deniz Can K\u0131z\u0131l","description":"Avukat Deniz Can K\u0131z\u0131l Antalya Barosu","publisher":{"@id":"https:\/\/denizcankizil.tr\/#organization"},"potentialAction":[{"@type":"SearchAction","target":{"@type":"EntryPoint","urlTemplate":"https:\/\/denizcankizil.tr\/?s={search_term_string}"},"query-input":{"@type":"PropertyValueSpecification","valueRequired":true,"valueName":"search_term_string"}}],"inLanguage":"de"},{"@type":"Organization","@id":"https:\/\/denizcankizil.tr\/#organization","name":"Av. Deniz Can K\u0131z\u0131l","url":"https:\/\/denizcankizil.tr\/","logo":{"@type":"ImageObject","inLanguage":"de","@id":"https:\/\/denizcankizil.tr\/#\/schema\/logo\/image\/","url":"https:\/\/denizcankizil.tr\/wp-content\/uploads\/2024\/10\/siyah-logo-svg.svg","contentUrl":"https:\/\/denizcankizil.tr\/wp-content\/uploads\/2024\/10\/siyah-logo-svg.svg","width":1080,"height":1080,"caption":"Av. Deniz Can K\u0131z\u0131l"},"image":{"@id":"https:\/\/denizcankizil.tr\/#\/schema\/logo\/image\/"}},{"@type":"Person","@id":"https:\/\/denizcankizil.tr\/#\/schema\/person\/be3c05fe6a12686905512445d8185489","name":"Administrator","image":{"@type":"ImageObject","inLanguage":"de","@id":"https:\/\/denizcankizil.tr\/#\/schema\/person\/image\/","url":"https:\/\/secure.gravatar.com\/avatar\/c1fce94c830dc79107e174f890d7210541c4a63e8e5d816341794a2151c9d58c?s=96&d=mm&r=g","contentUrl":"https:\/\/secure.gravatar.com\/avatar\/c1fce94c830dc79107e174f890d7210541c4a63e8e5d816341794a2151c9d58c?s=96&d=mm&r=g","caption":"admin"},"sameAs":["http:\/\/denizcankizil.tr"],"url":"https:\/\/www.iskenderun.org\/turizmin-oscari-altin-elma-tarsus-kentine-veriliyor"}]}},"_links":{"self":[{"href":"https:\/\/denizcankizil.tr\/de\/wp-json\/wp\/v2\/posts\/49436","targetHints":{"allow":["GET"]}}],"collection":[{"href":"https:\/\/denizcankizil.tr\/de\/wp-json\/wp\/v2\/posts"}],"about":[{"href":"https:\/\/denizcankizil.tr\/de\/wp-json\/wp\/v2\/types\/post"}],"author":[{"embeddable":true,"href":"https:\/\/denizcankizil.tr\/de\/wp-json\/wp\/v2\/users\/1"}],"replies":[{"embeddable":true,"href":"https:\/\/denizcankizil.tr\/de\/wp-json\/wp\/v2\/comments?post=49436"}],"version-history":[{"count":0,"href":"https:\/\/denizcankizil.tr\/de\/wp-json\/wp\/v2\/posts\/49436\/revisions"}],"wp:attachment":[{"href":"https:\/\/denizcankizil.tr\/de\/wp-json\/wp\/v2\/media?parent=49436"}],"wp:term":[{"taxonomy":"category","embeddable":true,"href":"https:\/\/denizcankizil.tr\/de\/wp-json\/wp\/v2\/categories?post=49436"},{"taxonomy":"post_tag","embeddable":true,"href":"https:\/\/denizcankizil.tr\/de\/wp-json\/wp\/v2\/tags?post=49436"}],"curies":[{"name":"wp","href":"https:\/\/api.w.org\/{rel}","templated":true}]}}