{"id":49391,"date":"2025-04-08T15:42:13","date_gmt":"2025-04-08T12:42:13","guid":{"rendered":"https:\/\/denizcankizil.tr\/uncategorized-tr\/mobil-kuafor-tiri-kirsaldaki-mahalleleri-dolasiyor\/"},"modified":"2025-04-08T15:42:13","modified_gmt":"2025-04-08T12:42:13","slug":"mobil-kuafor-tiri-kirsaldaki-mahalleleri-dolasiyor","status":"publish","type":"post","link":"https:\/\/denizcankizil.tr\/de\/haberler\/antalya\/mobil-kuafor-tiri-kirsaldaki-mahalleleri-dolasiyor\/","title":{"rendered":"Mobil Kuaf\u00f6r TIR&#8217;\u0131 k\u0131rsaldaki mahalleleri dola\u015f\u0131yor"},"content":{"rendered":"<p>Antalya\u00a0B\u00fcy\u00fck\u015fehir Belediyesi Sosyal Hizmetler Dairesi Ba\u015fkanl\u0131\u011f\u0131&#8217;n\u0131n Mobil Kuaf\u00f6r T\u0131r\u0131, k\u0131rsal b\u00f6lgelere y\u00f6nelik sundu\u011fu \u00fccretsiz kuaf\u00f6rl\u00fck hizmeti ile b\u00fcy\u00fck ilgi g\u00f6r\u00fcyor. Kuaf\u00f6r salonlar\u0131n\u0131 aratmayan modern, hijyenik ve konforlu imk\u00e2nlarla donat\u0131lan mobil t\u0131r, k\u0131rsal mahallelerde vatanda\u015fa en iyi \u015fartlarda hizmet sunuyor.\u00a0Antalya&#8217;n\u0131n 19 il\u00e7esinde yediden yetmi\u015fe herkese hizmet veren mobil kuaf\u00f6r, 2019 y\u0131l\u0131ndan bug\u00fcne kadar sundu\u011fu hizmet say\u0131s\u0131 ile de b\u00fcy\u00fck bir ba\u015far\u0131ya imza att\u0131. Son bir y\u0131lda 19 il\u00e7ede 365 mahallede 7 bin 958 kuaf\u00f6rl\u00fck hizmeti veren mobil kuaf\u00f6r, 2019-2024 y\u0131llar\u0131 aras\u0131ndaki 6 y\u0131ll\u0131k s\u00fcre\u00e7te ise toplam 47 bin 801 kuaf\u00f6rl\u00fck hizmeti verdi.<\/p>\n<p>Hizmet aral\u0131ks\u0131z s\u00fcr\u00fcyor<br \/>\nMobil kuaf\u00f6r\u00fcn \u00e7al\u0131\u015fmalar\u0131 hakk\u0131nda bilgi veren birim sorumlusu ve kuaf\u00f6r Serdar Sar\u0131, &#8220;Mobil kuaf\u00f6r hizmetimiz 19 il\u00e7emizin k\u0131rsal mahallelerinde ve merkezde ise yatalak hastalar\u0131m\u0131z\u0131n aya\u011f\u0131na kadar giderek hizmet vermeye devam ediyor. Berber ve kuaf\u00f6r olmayan b\u00f6lgelere \u00f6ncelik vererek en iyi \u015fartlarda kuaf\u00f6rl\u00fck hizmeti sunuyoruz. Ta\u015f\u0131mal\u0131 e\u011fitimin oldu\u011fu okullar\u0131m\u0131za da giderek \u00e7ocuklar\u0131m\u0131z\u0131, gen\u00e7lerimizi mobil t\u0131r\u0131m\u0131zla bulu\u015fturuyoruz. Erkekler i\u00e7in sa\u00e7, sakal kesimi, kad\u0131nlarda ise sa\u00e7 kesimi ve ka\u015f alma hizmetini \u00fccretsiz olarak veriyoruz. Her y\u0131l aral\u0131ks\u0131z s\u00fcrd\u00fcrd\u00fc\u011f\u00fcm\u00fcz hizmet ile bir\u00e7ok vatanda\u015f\u0131m\u0131za yard\u0131mc\u0131 olduk. 2024 y\u0131l\u0131nda 365 mahallemizde 7 bin 958 ki\u015fiye hizmet verdik vermeye de devam edece\u011fiz&#8221; \u015feklinde konu\u015ftu.<\/p>\n<p>Mobil kuaf\u00f6r Manavgat Gebece&#8217;de<br \/>\nSon olarak Manavgat&#8217;ta \u00e7al\u0131\u015fmalar\u0131n\u0131 s\u00fcrd\u00fcren mobil kuaf\u00f6r, Gebece Mahallesi&#8217;nde vatanda\u015flarla bulu\u015ftu. Gebece Mahalle Muhtar\u0131 Ayhan Topaca, mobil t\u0131r\u0131n mahallelerinde verdi\u011fi hizmetten dolay\u0131 memnuniyetini dile getirdi.<\/p>\n<p>Kaynak: www.kanalv.com.tr Haber Sitesinden Al\u0131nm\u0131\u015ft\u0131r.<\/p>","protected":false},"excerpt":{"rendered":"<p>Antalya\u00a0B\u00fcy\u00fck\u015fehir Belediyesi Sosyal Hizmetler Dairesi Ba\u015fkanl\u0131\u011f\u0131&#8217;n\u0131n Mobil Kuaf\u00f6r T\u0131r\u0131, k\u0131rsal b\u00f6lgelere y\u00f6nelik sundu\u011fu \u00fccretsiz kuaf\u00f6rl\u00fck hizmeti ile b\u00fcy\u00fck ilgi g\u00f6r\u00fcyor. Kuaf\u00f6r salonlar\u0131n\u0131 aratmayan modern, hijyenik ve konforlu imk\u00e2nlarla donat\u0131lan mobil t\u0131r, k\u0131rsal mahallelerde vatanda\u015fa en iyi \u015fartlarda hizmet sunuyor.\u00a0Antalya&#8217;n\u0131n 19 il\u00e7esinde yediden yetmi\u015fe herkese hizmet veren mobil kuaf\u00f6r, 2019 y\u0131l\u0131ndan bug\u00fcne kadar sundu\u011fu hizmet say\u0131s\u0131 ile de b\u00fcy\u00fck bir ba\u015far\u0131ya imza att\u0131. Son bir y\u0131lda 19 il\u00e7ede 365 mahallede 7 bin 958 kuaf\u00f6rl\u00fck hizmeti veren mobil kuaf\u00f6r, 2019-2024 y\u0131llar\u0131 aras\u0131ndaki 6 y\u0131ll\u0131k s\u00fcre\u00e7te ise toplam 47 bin 801 kuaf\u00f6rl\u00fck hizmeti verdi. Hizmet aral\u0131ks\u0131z s\u00fcr\u00fcyor Mobil kuaf\u00f6r\u00fcn \u00e7al\u0131\u015fmalar\u0131 hakk\u0131nda bilgi veren birim sorumlusu ve kuaf\u00f6r Serdar Sar\u0131, &#8220;Mobil kuaf\u00f6r hizmetimiz 19 il\u00e7emizin k\u0131rsal mahallelerinde ve merkezde ise yatalak hastalar\u0131m\u0131z\u0131n aya\u011f\u0131na kadar giderek hizmet vermeye devam ediyor. Berber ve kuaf\u00f6r olmayan b\u00f6lgelere \u00f6ncelik vererek en iyi \u015fartlarda kuaf\u00f6rl\u00fck hizmeti sunuyoruz. Ta\u015f\u0131mal\u0131 e\u011fitimin oldu\u011fu okullar\u0131m\u0131za da giderek \u00e7ocuklar\u0131m\u0131z\u0131, gen\u00e7lerimizi mobil t\u0131r\u0131m\u0131zla bulu\u015fturuyoruz. Erkekler i\u00e7in sa\u00e7, sakal kesimi, kad\u0131nlarda ise sa\u00e7 kesimi ve ka\u015f alma hizmetini \u00fccretsiz olarak veriyoruz. Her y\u0131l aral\u0131ks\u0131z s\u00fcrd\u00fcrd\u00fc\u011f\u00fcm\u00fcz hizmet ile bir\u00e7ok vatanda\u015f\u0131m\u0131za yard\u0131mc\u0131 olduk. 2024 y\u0131l\u0131nda 365 mahallemizde 7 bin 958 ki\u015fiye hizmet verdik vermeye de devam edece\u011fiz&#8221; \u015feklinde konu\u015ftu. Mobil kuaf\u00f6r Manavgat Gebece&#8217;de Son olarak Manavgat&#8217;ta \u00e7al\u0131\u015fmalar\u0131n\u0131 s\u00fcrd\u00fcren &hellip;<\/p>","protected":false},"author":4,"featured_media":49392,"comment_status":"","ping_status":"open","sticky":false,"template":"","format":"standard","meta":{"_acf_changed":false,"footnotes":""},"categories":[26],"tags":[],"class_list":["post-49391","post","type-post","status-publish","format-standard","has-post-thumbnail","hentry","category-antalya"],"acf":[],"yoast_head":"<!-- This site is optimized with the Yoast SEO Premium plugin v26.6 (Yoast SEO v27.1.1) - https:\/\/yoast.com\/product\/yoast-seo-premium-wordpress\/ -->\n<title>Mobil Kuaf\u00f6r TIR&#039;\u0131 k\u0131rsaldaki mahalleleri dola\u015f\u0131yor - Av. Deniz Can K\u0131z\u0131l<\/title>\n<meta name=\"robots\" content=\"index, follow, max-snippet:-1, max-image-preview:large, max-video-preview:-1\" \/>\n<link rel=\"canonical\" href=\"https:\/\/denizcankizil.tr\/de\/haberler\/antalya\/mobil-kuafor-tiri-kirsaldaki-mahalleleri-dolasiyor\/\" \/>\n<meta property=\"og:locale\" content=\"de_DE\" \/>\n<meta property=\"og:type\" content=\"article\" \/>\n<meta property=\"og:title\" content=\"Mobil Kuaf\u00f6r TIR&#039;\u0131 k\u0131rsaldaki mahalleleri dola\u015f\u0131yor\" \/>\n<meta property=\"og:description\" content=\"Antalya\u00a0B\u00fcy\u00fck\u015fehir Belediyesi Sosyal Hizmetler Dairesi Ba\u015fkanl\u0131\u011f\u0131&#8217;n\u0131n Mobil Kuaf\u00f6r T\u0131r\u0131, k\u0131rsal b\u00f6lgelere y\u00f6nelik sundu\u011fu \u00fccretsiz kuaf\u00f6rl\u00fck hizmeti ile b\u00fcy\u00fck ilgi g\u00f6r\u00fcyor. Kuaf\u00f6r salonlar\u0131n\u0131 aratmayan modern, hijyenik ve konforlu imk\u00e2nlarla donat\u0131lan mobil t\u0131r, k\u0131rsal mahallelerde vatanda\u015fa en iyi \u015fartlarda hizmet sunuyor.\u00a0Antalya&#8217;n\u0131n 19 il\u00e7esinde yediden yetmi\u015fe herkese hizmet veren mobil kuaf\u00f6r, 2019 y\u0131l\u0131ndan bug\u00fcne kadar sundu\u011fu hizmet say\u0131s\u0131 ile de b\u00fcy\u00fck bir ba\u015far\u0131ya imza att\u0131. Son bir y\u0131lda 19 il\u00e7ede 365 mahallede 7 bin 958 kuaf\u00f6rl\u00fck hizmeti veren mobil kuaf\u00f6r, 2019-2024 y\u0131llar\u0131 aras\u0131ndaki 6 y\u0131ll\u0131k s\u00fcre\u00e7te ise toplam 47 bin 801 kuaf\u00f6rl\u00fck hizmeti verdi. Hizmet aral\u0131ks\u0131z s\u00fcr\u00fcyor Mobil kuaf\u00f6r\u00fcn \u00e7al\u0131\u015fmalar\u0131 hakk\u0131nda bilgi veren birim sorumlusu ve kuaf\u00f6r Serdar Sar\u0131, &#8220;Mobil kuaf\u00f6r hizmetimiz 19 il\u00e7emizin k\u0131rsal mahallelerinde ve merkezde ise yatalak hastalar\u0131m\u0131z\u0131n aya\u011f\u0131na kadar giderek hizmet vermeye devam ediyor. Berber ve kuaf\u00f6r olmayan b\u00f6lgelere \u00f6ncelik vererek en iyi \u015fartlarda kuaf\u00f6rl\u00fck hizmeti sunuyoruz. Ta\u015f\u0131mal\u0131 e\u011fitimin oldu\u011fu okullar\u0131m\u0131za da giderek \u00e7ocuklar\u0131m\u0131z\u0131, gen\u00e7lerimizi mobil t\u0131r\u0131m\u0131zla bulu\u015fturuyoruz. Erkekler i\u00e7in sa\u00e7, sakal kesimi, kad\u0131nlarda ise sa\u00e7 kesimi ve ka\u015f alma hizmetini \u00fccretsiz olarak veriyoruz. Her y\u0131l aral\u0131ks\u0131z s\u00fcrd\u00fcrd\u00fc\u011f\u00fcm\u00fcz hizmet ile bir\u00e7ok vatanda\u015f\u0131m\u0131za yard\u0131mc\u0131 olduk. 2024 y\u0131l\u0131nda 365 mahallemizde 7 bin 958 ki\u015fiye hizmet verdik vermeye de devam edece\u011fiz&#8221; \u015feklinde konu\u015ftu. Mobil kuaf\u00f6r Manavgat Gebece&#8217;de Son olarak Manavgat&#8217;ta \u00e7al\u0131\u015fmalar\u0131n\u0131 s\u00fcrd\u00fcren &hellip;\" \/>\n<meta property=\"og:url\" content=\"https:\/\/denizcankizil.tr\/de\/haberler\/antalya\/mobil-kuafor-tiri-kirsaldaki-mahalleleri-dolasiyor\/\" \/>\n<meta property=\"og:site_name\" content=\"Av. Deniz Can K\u0131z\u0131l\" \/>\n<meta property=\"article:published_time\" content=\"2025-04-08T12:42:13+00:00\" \/>\n<meta property=\"og:image\" content=\"https:\/\/denizcankizil.tr\/wp-content\/uploads\/2025\/04\/e3a02324-7f6e-4aaa-bb90-0aa22e1f3f21-M2FgZ9.jpeg\" \/>\n\t<meta property=\"og:image:width\" content=\"1280\" \/>\n\t<meta property=\"og:image:height\" content=\"720\" \/>\n\t<meta property=\"og:image:type\" content=\"image\/jpeg\" \/>\n<meta name=\"author\" content=\"Av. Deniz Can K\u0131z\u0131l\" \/>\n<meta name=\"twitter:card\" content=\"summary_large_image\" \/>\n<meta name=\"twitter:label1\" content=\"Verfasst von\" \/>\n\t<meta name=\"twitter:data1\" content=\"Av. Deniz Can K\u0131z\u0131l\" \/>\n\t<meta name=\"twitter:label2\" content=\"Gesch\u00e4tzte Lesezeit\" \/>\n\t<meta name=\"twitter:data2\" content=\"2\u00a0Minuten\" \/>\n<script type=\"application\/ld+json\" class=\"yoast-schema-graph\">{\"@context\":\"https:\/\/schema.org\",\"@graph\":[{\"@type\":\"Article\",\"@id\":\"https:\/\/denizcankizil.tr\/de\/haberler\/antalya\/mobil-kuafor-tiri-kirsaldaki-mahalleleri-dolasiyor\/#article\",\"isPartOf\":{\"@id\":\"https:\/\/denizcankizil.tr\/de\/haberler\/antalya\/mobil-kuafor-tiri-kirsaldaki-mahalleleri-dolasiyor\/\"},\"author\":{\"name\":\"Av. Deniz Can K\u0131z\u0131l\",\"@id\":\"https:\/\/denizcankizil.tr\/de\/#\/schema\/person\/5dc1b22991bd7ac833867c10afc9b0ff\"},\"headline\":\"Mobil Kuaf\u00f6r TIR&#8217;\u0131 k\u0131rsaldaki mahalleleri dola\u015f\u0131yor\",\"datePublished\":\"2025-04-08T12:42:13+00:00\",\"mainEntityOfPage\":{\"@id\":\"https:\/\/denizcankizil.tr\/de\/haberler\/antalya\/mobil-kuafor-tiri-kirsaldaki-mahalleleri-dolasiyor\/\"},\"wordCount\":344,\"publisher\":{\"@id\":\"https:\/\/denizcankizil.tr\/de\/#organization\"},\"image\":{\"@id\":\"https:\/\/denizcankizil.tr\/de\/haberler\/antalya\/mobil-kuafor-tiri-kirsaldaki-mahalleleri-dolasiyor\/#primaryimage\"},\"thumbnailUrl\":\"https:\/\/denizcankizil.tr\/wp-content\/uploads\/2025\/04\/e3a02324-7f6e-4aaa-bb90-0aa22e1f3f21-M2FgZ9.jpeg\",\"articleSection\":[\"Antalya\"],\"inLanguage\":\"de\"},{\"@type\":\"WebPage\",\"@id\":\"https:\/\/denizcankizil.tr\/de\/haberler\/antalya\/mobil-kuafor-tiri-kirsaldaki-mahalleleri-dolasiyor\/\",\"url\":\"https:\/\/denizcankizil.tr\/de\/haberler\/antalya\/mobil-kuafor-tiri-kirsaldaki-mahalleleri-dolasiyor\/\",\"name\":\"Mobil Kuaf\u00f6r TIR'\u0131 k\u0131rsaldaki mahalleleri dola\u015f\u0131yor - Av. Deniz Can K\u0131z\u0131l\",\"isPartOf\":{\"@id\":\"https:\/\/denizcankizil.tr\/de\/#website\"},\"primaryImageOfPage\":{\"@id\":\"https:\/\/denizcankizil.tr\/de\/haberler\/antalya\/mobil-kuafor-tiri-kirsaldaki-mahalleleri-dolasiyor\/#primaryimage\"},\"image\":{\"@id\":\"https:\/\/denizcankizil.tr\/de\/haberler\/antalya\/mobil-kuafor-tiri-kirsaldaki-mahalleleri-dolasiyor\/#primaryimage\"},\"thumbnailUrl\":\"https:\/\/denizcankizil.tr\/wp-content\/uploads\/2025\/04\/e3a02324-7f6e-4aaa-bb90-0aa22e1f3f21-M2FgZ9.jpeg\",\"datePublished\":\"2025-04-08T12:42:13+00:00\",\"breadcrumb\":{\"@id\":\"https:\/\/denizcankizil.tr\/de\/haberler\/antalya\/mobil-kuafor-tiri-kirsaldaki-mahalleleri-dolasiyor\/#breadcrumb\"},\"inLanguage\":\"de\",\"potentialAction\":[{\"@type\":\"ReadAction\",\"target\":[\"https:\/\/denizcankizil.tr\/de\/haberler\/antalya\/mobil-kuafor-tiri-kirsaldaki-mahalleleri-dolasiyor\/\"]}]},{\"@type\":\"ImageObject\",\"inLanguage\":\"de\",\"@id\":\"https:\/\/denizcankizil.tr\/de\/haberler\/antalya\/mobil-kuafor-tiri-kirsaldaki-mahalleleri-dolasiyor\/#primaryimage\",\"url\":\"https:\/\/denizcankizil.tr\/wp-content\/uploads\/2025\/04\/e3a02324-7f6e-4aaa-bb90-0aa22e1f3f21-M2FgZ9.jpeg\",\"contentUrl\":\"https:\/\/denizcankizil.tr\/wp-content\/uploads\/2025\/04\/e3a02324-7f6e-4aaa-bb90-0aa22e1f3f21-M2FgZ9.jpeg\",\"width\":1280,\"height\":720},{\"@type\":\"BreadcrumbList\",\"@id\":\"https:\/\/denizcankizil.tr\/de\/haberler\/antalya\/mobil-kuafor-tiri-kirsaldaki-mahalleleri-dolasiyor\/#breadcrumb\",\"itemListElement\":[{\"@type\":\"ListItem\",\"position\":1,\"name\":\"Home\",\"item\":\"https:\/\/denizcankizil.tr\/de\/\"},{\"@type\":\"ListItem\",\"position\":2,\"name\":\"Mobil Kuaf\u00f6r TIR&#8217;\u0131 k\u0131rsaldaki mahalleleri dola\u015f\u0131yor\"}]},{\"@type\":\"WebSite\",\"@id\":\"https:\/\/denizcankizil.tr\/de\/#website\",\"url\":\"https:\/\/denizcankizil.tr\/de\/\",\"name\":\"Av. Deniz Can K\u0131z\u0131l\",\"description\":\"Avukat Deniz Can K\u0131z\u0131l Antalya Barosu\",\"publisher\":{\"@id\":\"https:\/\/denizcankizil.tr\/de\/#organization\"},\"potentialAction\":[{\"@type\":\"SearchAction\",\"target\":{\"@type\":\"EntryPoint\",\"urlTemplate\":\"https:\/\/denizcankizil.tr\/de\/?s={search_term_string}\"},\"query-input\":{\"@type\":\"PropertyValueSpecification\",\"valueRequired\":true,\"valueName\":\"search_term_string\"}}],\"inLanguage\":\"de\"},{\"@type\":\"Organization\",\"@id\":\"https:\/\/denizcankizil.tr\/de\/#organization\",\"name\":\"Av. Deniz Can K\u0131z\u0131l\",\"url\":\"https:\/\/denizcankizil.tr\/de\/\",\"logo\":{\"@type\":\"ImageObject\",\"inLanguage\":\"de\",\"@id\":\"https:\/\/denizcankizil.tr\/de\/#\/schema\/logo\/image\/\",\"url\":\"https:\/\/denizcankizil.tr\/wp-content\/uploads\/2024\/10\/siyah-logo-svg.svg\",\"contentUrl\":\"https:\/\/denizcankizil.tr\/wp-content\/uploads\/2024\/10\/siyah-logo-svg.svg\",\"width\":1080,\"height\":1080,\"caption\":\"Av. Deniz Can K\u0131z\u0131l\"},\"image\":{\"@id\":\"https:\/\/denizcankizil.tr\/de\/#\/schema\/logo\/image\/\"}},{\"@type\":\"Person\",\"@id\":\"https:\/\/denizcankizil.tr\/de\/#\/schema\/person\/5dc1b22991bd7ac833867c10afc9b0ff\",\"name\":\"Av. Deniz Can K\u0131z\u0131l\",\"image\":{\"@type\":\"ImageObject\",\"inLanguage\":\"de\",\"@id\":\"https:\/\/denizcankizil.tr\/de\/#\/schema\/person\/image\/\",\"url\":\"https:\/\/secure.gravatar.com\/avatar\/a0b128fb9855c79efc976d5640eedb31dc35ec297594d6016d2cf7c60e975bb6?s=96&d=mm&r=g\",\"contentUrl\":\"https:\/\/secure.gravatar.com\/avatar\/a0b128fb9855c79efc976d5640eedb31dc35ec297594d6016d2cf7c60e975bb6?s=96&d=mm&r=g\",\"caption\":\"Av. Deniz Can K\u0131z\u0131l\"},\"sameAs\":[\"http:\/\/www.denizcankizil.tr\"],\"url\":\"https:\/\/denizcankizil.tr\/de\/author\/denizcankizil\/\"}]}<\/script>\n<!-- \/ Yoast SEO Premium plugin. -->","yoast_head_json":{"title":"Mobil Kuaf\u00f6r TIR'\u0131 k\u0131rsaldaki mahalleleri dola\u015f\u0131yor - Av. Deniz Can K\u0131z\u0131l","robots":{"index":"index","follow":"follow","max-snippet":"max-snippet:-1","max-image-preview":"max-image-preview:large","max-video-preview":"max-video-preview:-1"},"canonical":"https:\/\/denizcankizil.tr\/de\/haberler\/antalya\/mobil-kuafor-tiri-kirsaldaki-mahalleleri-dolasiyor\/","og_locale":"de_DE","og_type":"article","og_title":"Mobil Kuaf\u00f6r TIR'\u0131 k\u0131rsaldaki mahalleleri dola\u015f\u0131yor","og_description":"Antalya\u00a0B\u00fcy\u00fck\u015fehir Belediyesi Sosyal Hizmetler Dairesi Ba\u015fkanl\u0131\u011f\u0131&#8217;n\u0131n Mobil Kuaf\u00f6r T\u0131r\u0131, k\u0131rsal b\u00f6lgelere y\u00f6nelik sundu\u011fu \u00fccretsiz kuaf\u00f6rl\u00fck hizmeti ile b\u00fcy\u00fck ilgi g\u00f6r\u00fcyor. Kuaf\u00f6r salonlar\u0131n\u0131 aratmayan modern, hijyenik ve konforlu imk\u00e2nlarla donat\u0131lan mobil t\u0131r, k\u0131rsal mahallelerde vatanda\u015fa en iyi \u015fartlarda hizmet sunuyor.\u00a0Antalya&#8217;n\u0131n 19 il\u00e7esinde yediden yetmi\u015fe herkese hizmet veren mobil kuaf\u00f6r, 2019 y\u0131l\u0131ndan bug\u00fcne kadar sundu\u011fu hizmet say\u0131s\u0131 ile de b\u00fcy\u00fck bir ba\u015far\u0131ya imza att\u0131. Son bir y\u0131lda 19 il\u00e7ede 365 mahallede 7 bin 958 kuaf\u00f6rl\u00fck hizmeti veren mobil kuaf\u00f6r, 2019-2024 y\u0131llar\u0131 aras\u0131ndaki 6 y\u0131ll\u0131k s\u00fcre\u00e7te ise toplam 47 bin 801 kuaf\u00f6rl\u00fck hizmeti verdi. Hizmet aral\u0131ks\u0131z s\u00fcr\u00fcyor Mobil kuaf\u00f6r\u00fcn \u00e7al\u0131\u015fmalar\u0131 hakk\u0131nda bilgi veren birim sorumlusu ve kuaf\u00f6r Serdar Sar\u0131, &#8220;Mobil kuaf\u00f6r hizmetimiz 19 il\u00e7emizin k\u0131rsal mahallelerinde ve merkezde ise yatalak hastalar\u0131m\u0131z\u0131n aya\u011f\u0131na kadar giderek hizmet vermeye devam ediyor. Berber ve kuaf\u00f6r olmayan b\u00f6lgelere \u00f6ncelik vererek en iyi \u015fartlarda kuaf\u00f6rl\u00fck hizmeti sunuyoruz. Ta\u015f\u0131mal\u0131 e\u011fitimin oldu\u011fu okullar\u0131m\u0131za da giderek \u00e7ocuklar\u0131m\u0131z\u0131, gen\u00e7lerimizi mobil t\u0131r\u0131m\u0131zla bulu\u015fturuyoruz. Erkekler i\u00e7in sa\u00e7, sakal kesimi, kad\u0131nlarda ise sa\u00e7 kesimi ve ka\u015f alma hizmetini \u00fccretsiz olarak veriyoruz. Her y\u0131l aral\u0131ks\u0131z s\u00fcrd\u00fcrd\u00fc\u011f\u00fcm\u00fcz hizmet ile bir\u00e7ok vatanda\u015f\u0131m\u0131za yard\u0131mc\u0131 olduk. 2024 y\u0131l\u0131nda 365 mahallemizde 7 bin 958 ki\u015fiye hizmet verdik vermeye de devam edece\u011fiz&#8221; \u015feklinde konu\u015ftu. Mobil kuaf\u00f6r Manavgat Gebece&#8217;de Son olarak Manavgat&#8217;ta \u00e7al\u0131\u015fmalar\u0131n\u0131 s\u00fcrd\u00fcren &hellip;","og_url":"https:\/\/denizcankizil.tr\/de\/haberler\/antalya\/mobil-kuafor-tiri-kirsaldaki-mahalleleri-dolasiyor\/","og_site_name":"Av. Deniz Can K\u0131z\u0131l","article_published_time":"2025-04-08T12:42:13+00:00","og_image":[{"width":1280,"height":720,"url":"https:\/\/denizcankizil.tr\/wp-content\/uploads\/2025\/04\/e3a02324-7f6e-4aaa-bb90-0aa22e1f3f21-M2FgZ9.jpeg","type":"image\/jpeg"}],"author":"Av. Deniz Can K\u0131z\u0131l","twitter_card":"summary_large_image","twitter_misc":{"Verfasst von":"Av. Deniz Can K\u0131z\u0131l","Gesch\u00e4tzte Lesezeit":"2\u00a0Minuten"},"schema":{"@context":"https:\/\/schema.org","@graph":[{"@type":"Article","@id":"https:\/\/denizcankizil.tr\/de\/haberler\/antalya\/mobil-kuafor-tiri-kirsaldaki-mahalleleri-dolasiyor\/#article","isPartOf":{"@id":"https:\/\/denizcankizil.tr\/de\/haberler\/antalya\/mobil-kuafor-tiri-kirsaldaki-mahalleleri-dolasiyor\/"},"author":{"name":"Av. Deniz Can K\u0131z\u0131l","@id":"https:\/\/denizcankizil.tr\/de\/#\/schema\/person\/5dc1b22991bd7ac833867c10afc9b0ff"},"headline":"Mobil Kuaf\u00f6r TIR&#8217;\u0131 k\u0131rsaldaki mahalleleri dola\u015f\u0131yor","datePublished":"2025-04-08T12:42:13+00:00","mainEntityOfPage":{"@id":"https:\/\/denizcankizil.tr\/de\/haberler\/antalya\/mobil-kuafor-tiri-kirsaldaki-mahalleleri-dolasiyor\/"},"wordCount":344,"publisher":{"@id":"https:\/\/denizcankizil.tr\/de\/#organization"},"image":{"@id":"https:\/\/denizcankizil.tr\/de\/haberler\/antalya\/mobil-kuafor-tiri-kirsaldaki-mahalleleri-dolasiyor\/#primaryimage"},"thumbnailUrl":"https:\/\/denizcankizil.tr\/wp-content\/uploads\/2025\/04\/e3a02324-7f6e-4aaa-bb90-0aa22e1f3f21-M2FgZ9.jpeg","articleSection":["Antalya"],"inLanguage":"de"},{"@type":"WebPage","@id":"https:\/\/denizcankizil.tr\/de\/haberler\/antalya\/mobil-kuafor-tiri-kirsaldaki-mahalleleri-dolasiyor\/","url":"https:\/\/denizcankizil.tr\/de\/haberler\/antalya\/mobil-kuafor-tiri-kirsaldaki-mahalleleri-dolasiyor\/","name":"Mobil Kuaf\u00f6r TIR'\u0131 k\u0131rsaldaki mahalleleri dola\u015f\u0131yor - Av. Deniz Can K\u0131z\u0131l","isPartOf":{"@id":"https:\/\/denizcankizil.tr\/de\/#website"},"primaryImageOfPage":{"@id":"https:\/\/denizcankizil.tr\/de\/haberler\/antalya\/mobil-kuafor-tiri-kirsaldaki-mahalleleri-dolasiyor\/#primaryimage"},"image":{"@id":"https:\/\/denizcankizil.tr\/de\/haberler\/antalya\/mobil-kuafor-tiri-kirsaldaki-mahalleleri-dolasiyor\/#primaryimage"},"thumbnailUrl":"https:\/\/denizcankizil.tr\/wp-content\/uploads\/2025\/04\/e3a02324-7f6e-4aaa-bb90-0aa22e1f3f21-M2FgZ9.jpeg","datePublished":"2025-04-08T12:42:13+00:00","breadcrumb":{"@id":"https:\/\/denizcankizil.tr\/de\/haberler\/antalya\/mobil-kuafor-tiri-kirsaldaki-mahalleleri-dolasiyor\/#breadcrumb"},"inLanguage":"de","potentialAction":[{"@type":"ReadAction","target":["https:\/\/denizcankizil.tr\/de\/haberler\/antalya\/mobil-kuafor-tiri-kirsaldaki-mahalleleri-dolasiyor\/"]}]},{"@type":"ImageObject","inLanguage":"de","@id":"https:\/\/denizcankizil.tr\/de\/haberler\/antalya\/mobil-kuafor-tiri-kirsaldaki-mahalleleri-dolasiyor\/#primaryimage","url":"https:\/\/denizcankizil.tr\/wp-content\/uploads\/2025\/04\/e3a02324-7f6e-4aaa-bb90-0aa22e1f3f21-M2FgZ9.jpeg","contentUrl":"https:\/\/denizcankizil.tr\/wp-content\/uploads\/2025\/04\/e3a02324-7f6e-4aaa-bb90-0aa22e1f3f21-M2FgZ9.jpeg","width":1280,"height":720},{"@type":"BreadcrumbList","@id":"https:\/\/denizcankizil.tr\/de\/haberler\/antalya\/mobil-kuafor-tiri-kirsaldaki-mahalleleri-dolasiyor\/#breadcrumb","itemListElement":[{"@type":"ListItem","position":1,"name":"Home","item":"https:\/\/denizcankizil.tr\/de\/"},{"@type":"ListItem","position":2,"name":"Mobil Kuaf\u00f6r TIR&#8217;\u0131 k\u0131rsaldaki mahalleleri dola\u015f\u0131yor"}]},{"@type":"WebSite","@id":"https:\/\/denizcankizil.tr\/de\/#website","url":"https:\/\/denizcankizil.tr\/de\/","name":"Av. Deniz Can K\u0131z\u0131l","description":"Avukat Deniz Can K\u0131z\u0131l Antalya Barosu","publisher":{"@id":"https:\/\/denizcankizil.tr\/de\/#organization"},"potentialAction":[{"@type":"SearchAction","target":{"@type":"EntryPoint","urlTemplate":"https:\/\/denizcankizil.tr\/de\/?s={search_term_string}"},"query-input":{"@type":"PropertyValueSpecification","valueRequired":true,"valueName":"search_term_string"}}],"inLanguage":"de"},{"@type":"Organization","@id":"https:\/\/denizcankizil.tr\/de\/#organization","name":"Av. Deniz Can K\u0131z\u0131l","url":"https:\/\/denizcankizil.tr\/de\/","logo":{"@type":"ImageObject","inLanguage":"de","@id":"https:\/\/denizcankizil.tr\/de\/#\/schema\/logo\/image\/","url":"https:\/\/denizcankizil.tr\/wp-content\/uploads\/2024\/10\/siyah-logo-svg.svg","contentUrl":"https:\/\/denizcankizil.tr\/wp-content\/uploads\/2024\/10\/siyah-logo-svg.svg","width":1080,"height":1080,"caption":"Av. Deniz Can K\u0131z\u0131l"},"image":{"@id":"https:\/\/denizcankizil.tr\/de\/#\/schema\/logo\/image\/"}},{"@type":"Person","@id":"https:\/\/denizcankizil.tr\/de\/#\/schema\/person\/5dc1b22991bd7ac833867c10afc9b0ff","name":"Av. Deniz Can K\u0131z\u0131l","image":{"@type":"ImageObject","inLanguage":"de","@id":"https:\/\/denizcankizil.tr\/de\/#\/schema\/person\/image\/","url":"https:\/\/secure.gravatar.com\/avatar\/a0b128fb9855c79efc976d5640eedb31dc35ec297594d6016d2cf7c60e975bb6?s=96&d=mm&r=g","contentUrl":"https:\/\/secure.gravatar.com\/avatar\/a0b128fb9855c79efc976d5640eedb31dc35ec297594d6016d2cf7c60e975bb6?s=96&d=mm&r=g","caption":"Av. Deniz Can K\u0131z\u0131l"},"sameAs":["http:\/\/www.denizcankizil.tr"],"url":"https:\/\/denizcankizil.tr\/de\/author\/denizcankizil\/"}]}},"_links":{"self":[{"href":"https:\/\/denizcankizil.tr\/de\/wp-json\/wp\/v2\/posts\/49391","targetHints":{"allow":["GET"]}}],"collection":[{"href":"https:\/\/denizcankizil.tr\/de\/wp-json\/wp\/v2\/posts"}],"about":[{"href":"https:\/\/denizcankizil.tr\/de\/wp-json\/wp\/v2\/types\/post"}],"author":[{"embeddable":true,"href":"https:\/\/denizcankizil.tr\/de\/wp-json\/wp\/v2\/users\/4"}],"replies":[{"embeddable":true,"href":"https:\/\/denizcankizil.tr\/de\/wp-json\/wp\/v2\/comments?post=49391"}],"version-history":[{"count":0,"href":"https:\/\/denizcankizil.tr\/de\/wp-json\/wp\/v2\/posts\/49391\/revisions"}],"wp:featuredmedia":[{"embeddable":true,"href":"https:\/\/denizcankizil.tr\/de\/wp-json\/wp\/v2\/media\/49392"}],"wp:attachment":[{"href":"https:\/\/denizcankizil.tr\/de\/wp-json\/wp\/v2\/media?parent=49391"}],"wp:term":[{"taxonomy":"category","embeddable":true,"href":"https:\/\/denizcankizil.tr\/de\/wp-json\/wp\/v2\/categories?post=49391"},{"taxonomy":"post_tag","embeddable":true,"href":"https:\/\/denizcankizil.tr\/de\/wp-json\/wp\/v2\/tags?post=49391"}],"curies":[{"name":"wp","href":"https:\/\/api.w.org\/{rel}","templated":true}]}}