{"id":49155,"date":"2025-04-05T13:40:00","date_gmt":"2025-04-05T10:40:00","guid":{"rendered":"https:\/\/denizcankizil.tr\/uncategorized-tr\/kapali-cezaevinden-dogrudan-denetimli-serbestlige-gecis\/"},"modified":"2025-04-05T13:40:00","modified_gmt":"2025-04-05T10:40:00","slug":"kapali-cezaevinden-dogrudan-denetimli-serbestlige-gecis","status":"publish","type":"post","link":"https:\/\/denizcankizil.tr\/de\/hukukihaber\/kapali-cezaevinden-dogrudan-denetimli-serbestlige-gecis\/","title":{"rendered":"Kapal\u0131 Cezaevinden Do\u011frudan Denetimli Serbestli\u011fe Ge\u00e7i\u015f"},"content":{"rendered":"<p>Kural, kapal\u0131 infaz kurumunda bulunan h\u00fck\u00fcml\u00fcn\u00fcn \u00f6nce a\u00e7\u0131k infaz kurumuna ayr\u0131lmak veya ayr\u0131lmak hak etmek suretiyle denetimli serbestli\u011fe ge\u00e7mesidir. Bunun d\u0131\u015f\u0131nda; do\u011frudan denetimli serbestli\u011fe tabi tutularak, yani a\u00e7\u0131k infaz kurumuna ge\u00e7meden veya a\u00e7\u0131\u011fa ayr\u0131lmay\u0131 hak etmeden kapal\u0131 cezaevinde kalan h\u00fck\u00fcml\u00fcn\u00fcn kalan hapis cezas\u0131n\u0131n infaz\u0131n\u0131n denetimli serbestlikle d\u0131\u015far\u0131da devam etmesi, ancak 5275 say\u0131l\u0131 Ceza ve G\u00fcvenlik Tedbirlerinin \u0130nfaz\u0131 Hakk\u0131nda Kanun Ge\u00e7ici m.6\/3\u2019\u00fcn tatbiki ile m\u00fcmk\u00fcn olabilir. \u015e\u00f6yle ki;<\/p>\n<p>30.03.2020 tarihinden \u00f6nce i\u015flenen ve \u0130nfaz Kanunu Ge\u00e7ici m.6\u2019da say\u0131lan istisnalar aras\u0131nda olmayan su\u00e7lardan verilen hapis cezalar\u0131n\u0131n infaz\u0131nda, 3 y\u0131l denetimli serbestlik uygulan\u0131r.<\/p>\n<p>\u0130nfaz Kanunu Ge\u00e7ici m.6\/3 h\u00fckm\u00fcnde; \u00fc\u00e7 (3) y\u0131l denetimli serbestlik s\u00fcresinden, kapal\u0131 ceza infaz kurumunda bulunan h\u00fck\u00fcml\u00fclerin de faydalanabilece\u011fi d\u00fczenlenmi\u015ftir. Bu d\u00fczenleme; denetimli serbestli\u011fin \u00f6n \u015fart\u0131 olan \u201ca\u00e7\u0131k ceza infaz kurumuna ayr\u0131lma\/ayr\u0131lmay\u0131 hak etme\u201d kriterinin, Ge\u00e7ici m.6 kapsam\u0131na giren h\u00fck\u00fcml\u00fcler y\u00f6n\u00fcnden aranmayaca\u011f\u0131n\u0131, s\u00fcre ve iyi hal \u015fart\u0131n\u0131 sa\u011flayan h\u00fck\u00fcml\u00fclerin do\u011frudan kapal\u0131 kurumdan denetimli serbestli\u011fe ayr\u0131labilece\u011fini ifade etmektedir.<\/p>\n<p>Sonu\u00e7 olarak; h\u00fck\u00fcml\u00fcn\u00fcn faydalanabilece\u011fi denetimli serbestlik s\u00fcresi, ko\u015fullu sal\u0131verilmesi i\u00e7in fiilen infaz\u0131 gereken s\u00fcreyi kar\u015f\u0131l\u0131yorsa, h\u00fck\u00fcml\u00fcn\u00fcn bir ay kapal\u0131 ceza evinde kalmas\u0131na gerek olmay\u0131p, \u0130nfaz Kanunu Ge\u00e7ici m.6\/3 uyar\u0131nca do\u011frudan kapal\u0131 kurumdan \u201cgir-\u00e7\u0131k\u201d i\u015flemleri yap\u0131larak denetimli serbestli\u011fe ayr\u0131labilir.<\/p>\n<p>Son olarak; birinci kez tekerr\u00fcr halinde denetimli serbestlik s\u00fcrelerinde farkl\u0131l\u0131k olmad\u0131\u011f\u0131n\u0131, bu s\u00fcrelerin 5275 say\u0131l\u0131 Kanunun 105\/A, Ge\u00e7ici m.6 ve Ge\u00e7ici m.10 \u015fartlar\u0131 g\u00f6zetilerek belirlenece\u011fini, birinci kez tekerr\u00fcr halinin denetimli serbestlik s\u00fcresine etki eden bir husus olmad\u0131\u011f\u0131n\u0131 ifade etmek isteriz.<\/p>\n<p>Prof. Dr. Ersan \u015een<\/p>\n<p>Av. Beyza Ba\u015fer Berk\u00fcn<\/p>\n<p>(Bu makale, say\u0131n\u00a0Prof. Dr. Ersan \u015eEN\u00a0taraf\u0131ndan\u00a0www.hukukihaber.net\u00a0sitesinde yay\u0131nlanmas\u0131 i\u00e7in kaleme al\u0131nm\u0131\u015ft\u0131r. Kaynak g\u00f6sterilse dahi makalenin tamam\u0131 \u00f6zel izin al\u0131nmadan kullan\u0131lamaz. Ancak al\u0131nt\u0131lanan makalenin bir b\u00f6l\u00fcm\u00fc, aktif link verilerek kullan\u0131labilir. Yazar\u0131 ve kayna\u011f\u0131 g\u00f6sterilmeden k\u0131smen ya da tamamen yay\u0131nlanmas\u0131 \u015fahsi haklara ve fikri haklara ayk\u0131r\u0131l\u0131k te\u015fkil eder.)<\/p>\n<p>\u200bKural, kapal\u0131 infaz kurumunda bulunan h\u00fck\u00fcml\u00fcn\u00fcn \u00f6nce a\u00e7\u0131k infaz kurumuna ayr\u0131lmak veya ayr\u0131lmak hak etmek suretiyle denetimli serbestli\u011fe ge\u00e7mesidir. Bunun d\u0131\u015f\u0131nda; do\u011frudan denetimli serbestli\u011fe tabi tutularak, yani a\u00e7\u0131k infaz kurumuna ge\u00e7meden veya a\u00e7\u0131\u011fa ayr\u0131lmay\u0131 hak etmeden kapal\u0131 cezaevinde kalan h\u00fck\u00fcml\u00fcn\u00fcn kalan hapis cezas\u0131n\u0131n infaz\u0131n\u0131n denetimli serbestlikle d\u0131\u015far\u0131da devam etmesi, ancak 5275 say\u0131l\u0131 Ceza ve G\u00fcvenlik Tedbirlerinin \u0130nfaz\u0131 Hakk\u0131nda Kanun Ge\u00e7ici m.6\/3\u2019\u00fcn tatbiki ile m\u00fcmk\u00fcn olabilir. \u015e\u00f6yle ki;<\/p>\n<p>30.03.2020 tarihinden \u00f6nce i\u015flenen ve \u0130nfaz Kanunu Ge\u00e7ici m.6\u2019da say\u0131lan istisnalar aras\u0131nda olmayan su\u00e7lardan verilen hapis cezalar\u0131n\u0131n infaz\u0131nda, 3 y\u0131l denetimli serbestlik uygulan\u0131r.<\/p>\n<p>\u0130nfaz Kanunu Ge\u00e7ici m.6\/3 h\u00fckm\u00fcnde; \u00fc\u00e7 (3) y\u0131l denetimli serbestlik s\u00fcresinden, kapal\u0131 ceza infaz kurumunda bulunan h\u00fck\u00fcml\u00fclerin de faydalanabilece\u011fi d\u00fczenlenmi\u015ftir. Bu d\u00fczenleme; denetimli serbestli\u011fin \u00f6n \u015fart\u0131 olan \u201ca\u00e7\u0131k ceza infaz kurumuna ayr\u0131lma\/ayr\u0131lmay\u0131 hak etme\u201d kriterinin, Ge\u00e7ici m.6 kapsam\u0131na giren h\u00fck\u00fcml\u00fcler y\u00f6n\u00fcnden aranmayaca\u011f\u0131n\u0131, s\u00fcre ve iyi hal \u015fart\u0131n\u0131 sa\u011flayan h\u00fck\u00fcml\u00fclerin do\u011frudan kapal\u0131 kurumdan denetimli serbestli\u011fe ayr\u0131labilece\u011fini ifade etmektedir.<\/p>\n<p>Sonu\u00e7 olarak; h\u00fck\u00fcml\u00fcn\u00fcn faydalanabilece\u011fi denetimli serbestlik s\u00fcresi, ko\u015fullu sal\u0131verilmesi i\u00e7in fiilen infaz\u0131 gereken s\u00fcreyi kar\u015f\u0131l\u0131yorsa, h\u00fck\u00fcml\u00fcn\u00fcn bir ay kapal\u0131 ceza evinde kalmas\u0131na gerek olmay\u0131p, \u0130nfaz Kanunu Ge\u00e7ici m.6\/3 uyar\u0131nca do\u011frudan kapal\u0131 kurumdan \u201cgir-\u00e7\u0131k\u201d i\u015flemleri yap\u0131larak denetimli serbestli\u011fe ayr\u0131labilir.<\/p>\n<p>Son olarak; birinci kez tekerr\u00fcr halinde denetimli serbestlik s\u00fcrelerinde farkl\u0131l\u0131k olmad\u0131\u011f\u0131n\u0131, bu s\u00fcrelerin 5275 say\u0131l\u0131 Kanunun 105\/A, Ge\u00e7ici m.6 ve Ge\u00e7ici m.10 \u015fartlar\u0131 g\u00f6zetilerek belirlenece\u011fini, birinci kez tekerr\u00fcr halinin denetimli serbestlik s\u00fcresine etki eden bir husus olmad\u0131\u011f\u0131n\u0131 ifade etmek isteriz.<\/p>\n<p>Prof. Dr. Ersan \u015een<\/p>\n<p>Av. Beyza Ba\u015fer Berk\u00fcn<\/p>\n<p>(Bu makale, say\u0131n\u00a0Prof. Dr. Ersan \u015eEN\u00a0taraf\u0131ndan\u00a0www.hukukihaber.net\u00a0sitesinde yay\u0131nlanmas\u0131 i\u00e7in kaleme al\u0131nm\u0131\u015ft\u0131r. Kaynak g\u00f6sterilse dahi makalenin tamam\u0131 \u00f6zel izin al\u0131nmadan kullan\u0131lamaz. Ancak al\u0131nt\u0131lanan makalenin bir b\u00f6l\u00fcm\u00fc, aktif link verilerek kullan\u0131labilir. Yazar\u0131 ve kayna\u011f\u0131 g\u00f6sterilmeden k\u0131smen ya da tamamen yay\u0131nlanmas\u0131 \u015fahsi haklara ve fikri haklara ayk\u0131r\u0131l\u0131k te\u015fkil eder.)\u00a0Hukuki Haber<\/p>\n<p>Haberin Al\u0131nt\u0131land\u0131\u011f\u0131 Kaynak: www.hukukihaber.net<\/p>","protected":false},"excerpt":{"rendered":"<p>Kural, kapal\u0131 infaz kurumunda bulunan h\u00fck\u00fcml\u00fcn\u00fcn \u00f6nce a\u00e7\u0131k infaz kurumuna ayr\u0131lmak veya ayr\u0131lmak hak etmek suretiyle denetimli serbestli\u011fe ge\u00e7mesidir. Bunun d\u0131\u015f\u0131nda; do\u011frudan denetimli serbestli\u011fe tabi tutularak, yani a\u00e7\u0131k infaz kurumuna ge\u00e7meden veya a\u00e7\u0131\u011fa ayr\u0131lmay\u0131 hak etmeden kapal\u0131 cezaevinde kalan h\u00fck\u00fcml\u00fcn\u00fcn kalan hapis cezas\u0131n\u0131n infaz\u0131n\u0131n denetimli serbestlikle d\u0131\u015far\u0131da devam etmesi, ancak 5275 say\u0131l\u0131 Ceza ve G\u00fcvenlik Tedbirlerinin \u0130nfaz\u0131 Hakk\u0131nda Kanun Ge\u00e7ici m.6\/3\u2019\u00fcn tatbiki ile m\u00fcmk\u00fcn olabilir. \u015e\u00f6yle ki; 30.03.2020 tarihinden \u00f6nce i\u015flenen ve \u0130nfaz Kanunu Ge\u00e7ici m.6\u2019da say\u0131lan istisnalar aras\u0131nda olmayan su\u00e7lardan verilen hapis cezalar\u0131n\u0131n infaz\u0131nda, 3 y\u0131l denetimli serbestlik uygulan\u0131r. \u0130nfaz Kanunu Ge\u00e7ici m.6\/3 h\u00fckm\u00fcnde; \u00fc\u00e7 (3) y\u0131l denetimli serbestlik s\u00fcresinden, kapal\u0131 ceza infaz kurumunda bulunan h\u00fck\u00fcml\u00fclerin de faydalanabilece\u011fi d\u00fczenlenmi\u015ftir. Bu d\u00fczenleme; denetimli serbestli\u011fin \u00f6n \u015fart\u0131 olan \u201ca\u00e7\u0131k ceza infaz kurumuna ayr\u0131lma\/ayr\u0131lmay\u0131 hak etme\u201d kriterinin, Ge\u00e7ici m.6 kapsam\u0131na giren h\u00fck\u00fcml\u00fcler y\u00f6n\u00fcnden aranmayaca\u011f\u0131n\u0131, s\u00fcre ve iyi hal \u015fart\u0131n\u0131 sa\u011flayan h\u00fck\u00fcml\u00fclerin do\u011frudan kapal\u0131 kurumdan denetimli serbestli\u011fe ayr\u0131labilece\u011fini ifade etmektedir. Sonu\u00e7 olarak; h\u00fck\u00fcml\u00fcn\u00fcn faydalanabilece\u011fi denetimli serbestlik s\u00fcresi, ko\u015fullu sal\u0131verilmesi i\u00e7in fiilen infaz\u0131 gereken s\u00fcreyi kar\u015f\u0131l\u0131yorsa, h\u00fck\u00fcml\u00fcn\u00fcn bir ay kapal\u0131 ceza evinde kalmas\u0131na gerek olmay\u0131p, \u0130nfaz Kanunu Ge\u00e7ici m.6\/3 uyar\u0131nca do\u011frudan kapal\u0131 kurumdan \u201cgir-\u00e7\u0131k\u201d i\u015flemleri yap\u0131larak denetimli serbestli\u011fe ayr\u0131labilir. Son olarak; birinci kez tekerr\u00fcr halinde denetimli serbestlik s\u00fcrelerinde farkl\u0131l\u0131k olmad\u0131\u011f\u0131n\u0131, bu s\u00fcrelerin 5275 say\u0131l\u0131 &hellip;<\/p>","protected":false},"author":3,"featured_media":0,"comment_status":"","ping_status":"open","sticky":false,"template":"","format":"standard","meta":{"_acf_changed":false,"footnotes":""},"categories":[27],"tags":[],"class_list":["post-49155","post","type-post","status-publish","format-standard","has-post-thumbnail","hentry","category-hukukihaber"],"acf":[],"yoast_head":"<!-- This site is optimized with the Yoast SEO Premium plugin v26.6 (Yoast SEO v27.1.1) - https:\/\/yoast.com\/product\/yoast-seo-premium-wordpress\/ -->\n<title>Kapal\u0131 Cezaevinden Do\u011frudan Denetimli Serbestli\u011fe Ge\u00e7i\u015f - Av. Deniz Can K\u0131z\u0131l<\/title>\n<meta name=\"robots\" content=\"index, follow, max-snippet:-1, max-image-preview:large, max-video-preview:-1\" \/>\n<link rel=\"canonical\" href=\"https:\/\/denizcankizil.tr\/de\/hukukihaber\/kapali-cezaevinden-dogrudan-denetimli-serbestlige-gecis\/\" \/>\n<meta property=\"og:locale\" content=\"de_DE\" \/>\n<meta property=\"og:type\" content=\"article\" \/>\n<meta property=\"og:title\" content=\"Kapal\u0131 Cezaevinden Do\u011frudan Denetimli Serbestli\u011fe Ge\u00e7i\u015f\" \/>\n<meta property=\"og:description\" content=\"Kural, kapal\u0131 infaz kurumunda bulunan h\u00fck\u00fcml\u00fcn\u00fcn \u00f6nce a\u00e7\u0131k infaz kurumuna ayr\u0131lmak veya ayr\u0131lmak hak etmek suretiyle denetimli serbestli\u011fe ge\u00e7mesidir. Bunun d\u0131\u015f\u0131nda; do\u011frudan denetimli serbestli\u011fe tabi tutularak, yani a\u00e7\u0131k infaz kurumuna ge\u00e7meden veya a\u00e7\u0131\u011fa ayr\u0131lmay\u0131 hak etmeden kapal\u0131 cezaevinde kalan h\u00fck\u00fcml\u00fcn\u00fcn kalan hapis cezas\u0131n\u0131n infaz\u0131n\u0131n denetimli serbestlikle d\u0131\u015far\u0131da devam etmesi, ancak 5275 say\u0131l\u0131 Ceza ve G\u00fcvenlik Tedbirlerinin \u0130nfaz\u0131 Hakk\u0131nda Kanun Ge\u00e7ici m.6\/3\u2019\u00fcn tatbiki ile m\u00fcmk\u00fcn olabilir. \u015e\u00f6yle ki; 30.03.2020 tarihinden \u00f6nce i\u015flenen ve \u0130nfaz Kanunu Ge\u00e7ici m.6\u2019da say\u0131lan istisnalar aras\u0131nda olmayan su\u00e7lardan verilen hapis cezalar\u0131n\u0131n infaz\u0131nda, 3 y\u0131l denetimli serbestlik uygulan\u0131r. \u0130nfaz Kanunu Ge\u00e7ici m.6\/3 h\u00fckm\u00fcnde; \u00fc\u00e7 (3) y\u0131l denetimli serbestlik s\u00fcresinden, kapal\u0131 ceza infaz kurumunda bulunan h\u00fck\u00fcml\u00fclerin de faydalanabilece\u011fi d\u00fczenlenmi\u015ftir. Bu d\u00fczenleme; denetimli serbestli\u011fin \u00f6n \u015fart\u0131 olan \u201ca\u00e7\u0131k ceza infaz kurumuna ayr\u0131lma\/ayr\u0131lmay\u0131 hak etme\u201d kriterinin, Ge\u00e7ici m.6 kapsam\u0131na giren h\u00fck\u00fcml\u00fcler y\u00f6n\u00fcnden aranmayaca\u011f\u0131n\u0131, s\u00fcre ve iyi hal \u015fart\u0131n\u0131 sa\u011flayan h\u00fck\u00fcml\u00fclerin do\u011frudan kapal\u0131 kurumdan denetimli serbestli\u011fe ayr\u0131labilece\u011fini ifade etmektedir. Sonu\u00e7 olarak; h\u00fck\u00fcml\u00fcn\u00fcn faydalanabilece\u011fi denetimli serbestlik s\u00fcresi, ko\u015fullu sal\u0131verilmesi i\u00e7in fiilen infaz\u0131 gereken s\u00fcreyi kar\u015f\u0131l\u0131yorsa, h\u00fck\u00fcml\u00fcn\u00fcn bir ay kapal\u0131 ceza evinde kalmas\u0131na gerek olmay\u0131p, \u0130nfaz Kanunu Ge\u00e7ici m.6\/3 uyar\u0131nca do\u011frudan kapal\u0131 kurumdan \u201cgir-\u00e7\u0131k\u201d i\u015flemleri yap\u0131larak denetimli serbestli\u011fe ayr\u0131labilir. Son olarak; birinci kez tekerr\u00fcr halinde denetimli serbestlik s\u00fcrelerinde farkl\u0131l\u0131k olmad\u0131\u011f\u0131n\u0131, bu s\u00fcrelerin 5275 say\u0131l\u0131 &hellip;\" \/>\n<meta property=\"og:url\" content=\"https:\/\/denizcankizil.tr\/de\/hukukihaber\/kapali-cezaevinden-dogrudan-denetimli-serbestlige-gecis\/\" \/>\n<meta property=\"og:site_name\" content=\"Av. Deniz Can K\u0131z\u0131l\" \/>\n<meta property=\"article:published_time\" content=\"2025-04-05T10:40:00+00:00\" \/>\n<meta name=\"author\" content=\"Hukuki Haber.net\" \/>\n<meta name=\"twitter:card\" content=\"summary_large_image\" \/>\n<meta name=\"twitter:label1\" content=\"Verfasst von\" \/>\n\t<meta name=\"twitter:data1\" content=\"Hukuki Haber.net\" \/>\n\t<meta name=\"twitter:label2\" content=\"Gesch\u00e4tzte Lesezeit\" \/>\n\t<meta name=\"twitter:data2\" content=\"4\u00a0Minuten\" \/>\n<script type=\"application\/ld+json\" class=\"yoast-schema-graph\">{\"@context\":\"https:\/\/schema.org\",\"@graph\":[{\"@type\":\"Article\",\"@id\":\"https:\/\/denizcankizil.tr\/de\/hukukihaber\/kapali-cezaevinden-dogrudan-denetimli-serbestlige-gecis\/#article\",\"isPartOf\":{\"@id\":\"https:\/\/denizcankizil.tr\/de\/hukukihaber\/kapali-cezaevinden-dogrudan-denetimli-serbestlige-gecis\/\"},\"author\":{\"name\":\"Hukuki Haber.net\",\"@id\":\"https:\/\/denizcankizil.tr\/#\/schema\/person\/001a271de994a0aa3f90eea084424822\"},\"headline\":\"Kapal\u0131 Cezaevinden Do\u011frudan Denetimli Serbestli\u011fe Ge\u00e7i\u015f\",\"datePublished\":\"2025-04-05T10:40:00+00:00\",\"mainEntityOfPage\":{\"@id\":\"https:\/\/denizcankizil.tr\/de\/hukukihaber\/kapali-cezaevinden-dogrudan-denetimli-serbestlige-gecis\/\"},\"wordCount\":861,\"publisher\":{\"@id\":\"https:\/\/denizcankizil.tr\/#organization\"},\"articleSection\":[\"Hukuki Haberler\"],\"inLanguage\":\"de\"},{\"@type\":\"WebPage\",\"@id\":\"https:\/\/denizcankizil.tr\/de\/hukukihaber\/kapali-cezaevinden-dogrudan-denetimli-serbestlige-gecis\/\",\"url\":\"https:\/\/denizcankizil.tr\/de\/hukukihaber\/kapali-cezaevinden-dogrudan-denetimli-serbestlige-gecis\/\",\"name\":\"Kapal\u0131 Cezaevinden Do\u011frudan Denetimli Serbestli\u011fe Ge\u00e7i\u015f - Av. Deniz Can K\u0131z\u0131l\",\"isPartOf\":{\"@id\":\"https:\/\/denizcankizil.tr\/#website\"},\"datePublished\":\"2025-04-05T10:40:00+00:00\",\"breadcrumb\":{\"@id\":\"https:\/\/denizcankizil.tr\/de\/hukukihaber\/kapali-cezaevinden-dogrudan-denetimli-serbestlige-gecis\/#breadcrumb\"},\"inLanguage\":\"de\",\"potentialAction\":[{\"@type\":\"ReadAction\",\"target\":[\"https:\/\/denizcankizil.tr\/de\/hukukihaber\/kapali-cezaevinden-dogrudan-denetimli-serbestlige-gecis\/\"]}]},{\"@type\":\"BreadcrumbList\",\"@id\":\"https:\/\/denizcankizil.tr\/de\/hukukihaber\/kapali-cezaevinden-dogrudan-denetimli-serbestlige-gecis\/#breadcrumb\",\"itemListElement\":[{\"@type\":\"ListItem\",\"position\":1,\"name\":\"Home\",\"item\":\"https:\/\/denizcankizil.tr\/de\/\"},{\"@type\":\"ListItem\",\"position\":2,\"name\":\"Kapal\u0131 Cezaevinden Do\u011frudan Denetimli Serbestli\u011fe Ge\u00e7i\u015f\"}]},{\"@type\":\"WebSite\",\"@id\":\"https:\/\/denizcankizil.tr\/#website\",\"url\":\"https:\/\/denizcankizil.tr\/\",\"name\":\"Av. Deniz Can K\u0131z\u0131l\",\"description\":\"Avukat Deniz Can K\u0131z\u0131l Antalya Barosu\",\"publisher\":{\"@id\":\"https:\/\/denizcankizil.tr\/#organization\"},\"potentialAction\":[{\"@type\":\"SearchAction\",\"target\":{\"@type\":\"EntryPoint\",\"urlTemplate\":\"https:\/\/denizcankizil.tr\/?s={search_term_string}\"},\"query-input\":{\"@type\":\"PropertyValueSpecification\",\"valueRequired\":true,\"valueName\":\"search_term_string\"}}],\"inLanguage\":\"de\"},{\"@type\":\"Organization\",\"@id\":\"https:\/\/denizcankizil.tr\/#organization\",\"name\":\"Av. Deniz Can K\u0131z\u0131l\",\"url\":\"https:\/\/denizcankizil.tr\/\",\"logo\":{\"@type\":\"ImageObject\",\"inLanguage\":\"de\",\"@id\":\"https:\/\/denizcankizil.tr\/#\/schema\/logo\/image\/\",\"url\":\"https:\/\/denizcankizil.tr\/wp-content\/uploads\/2024\/10\/siyah-logo-svg.svg\",\"contentUrl\":\"https:\/\/denizcankizil.tr\/wp-content\/uploads\/2024\/10\/siyah-logo-svg.svg\",\"width\":1080,\"height\":1080,\"caption\":\"Av. Deniz Can K\u0131z\u0131l\"},\"image\":{\"@id\":\"https:\/\/denizcankizil.tr\/#\/schema\/logo\/image\/\"}},{\"@type\":\"Person\",\"@id\":\"https:\/\/denizcankizil.tr\/#\/schema\/person\/001a271de994a0aa3f90eea084424822\",\"name\":\"Hukuki Haber.net\",\"image\":{\"@type\":\"ImageObject\",\"inLanguage\":\"de\",\"@id\":\"https:\/\/denizcankizil.tr\/#\/schema\/person\/image\/\",\"url\":\"https:\/\/secure.gravatar.com\/avatar\/57d8a49151495586611a149d29fc42865b951dc053a84709a3172ccb5abf3118?s=96&d=mm&r=g\",\"contentUrl\":\"https:\/\/secure.gravatar.com\/avatar\/57d8a49151495586611a149d29fc42865b951dc053a84709a3172ccb5abf3118?s=96&d=mm&r=g\",\"caption\":\"Hukuki Haber.net\"},\"sameAs\":[\"http:\/\/www.hukukihaber.net\"],\"url\":\"https:\/\/www.hukukihaber.net\/kapali-cezaevinden-dogrudan-denetimli-serbestlige-gecis\"}]}<\/script>\n<!-- \/ Yoast SEO Premium plugin. -->","yoast_head_json":{"title":"Kapal\u0131 Cezaevinden Do\u011frudan Denetimli Serbestli\u011fe Ge\u00e7i\u015f - Av. Deniz Can K\u0131z\u0131l","robots":{"index":"index","follow":"follow","max-snippet":"max-snippet:-1","max-image-preview":"max-image-preview:large","max-video-preview":"max-video-preview:-1"},"canonical":"https:\/\/denizcankizil.tr\/de\/hukukihaber\/kapali-cezaevinden-dogrudan-denetimli-serbestlige-gecis\/","og_locale":"de_DE","og_type":"article","og_title":"Kapal\u0131 Cezaevinden Do\u011frudan Denetimli Serbestli\u011fe Ge\u00e7i\u015f","og_description":"Kural, kapal\u0131 infaz kurumunda bulunan h\u00fck\u00fcml\u00fcn\u00fcn \u00f6nce a\u00e7\u0131k infaz kurumuna ayr\u0131lmak veya ayr\u0131lmak hak etmek suretiyle denetimli serbestli\u011fe ge\u00e7mesidir. Bunun d\u0131\u015f\u0131nda; do\u011frudan denetimli serbestli\u011fe tabi tutularak, yani a\u00e7\u0131k infaz kurumuna ge\u00e7meden veya a\u00e7\u0131\u011fa ayr\u0131lmay\u0131 hak etmeden kapal\u0131 cezaevinde kalan h\u00fck\u00fcml\u00fcn\u00fcn kalan hapis cezas\u0131n\u0131n infaz\u0131n\u0131n denetimli serbestlikle d\u0131\u015far\u0131da devam etmesi, ancak 5275 say\u0131l\u0131 Ceza ve G\u00fcvenlik Tedbirlerinin \u0130nfaz\u0131 Hakk\u0131nda Kanun Ge\u00e7ici m.6\/3\u2019\u00fcn tatbiki ile m\u00fcmk\u00fcn olabilir. \u015e\u00f6yle ki; 30.03.2020 tarihinden \u00f6nce i\u015flenen ve \u0130nfaz Kanunu Ge\u00e7ici m.6\u2019da say\u0131lan istisnalar aras\u0131nda olmayan su\u00e7lardan verilen hapis cezalar\u0131n\u0131n infaz\u0131nda, 3 y\u0131l denetimli serbestlik uygulan\u0131r. \u0130nfaz Kanunu Ge\u00e7ici m.6\/3 h\u00fckm\u00fcnde; \u00fc\u00e7 (3) y\u0131l denetimli serbestlik s\u00fcresinden, kapal\u0131 ceza infaz kurumunda bulunan h\u00fck\u00fcml\u00fclerin de faydalanabilece\u011fi d\u00fczenlenmi\u015ftir. Bu d\u00fczenleme; denetimli serbestli\u011fin \u00f6n \u015fart\u0131 olan \u201ca\u00e7\u0131k ceza infaz kurumuna ayr\u0131lma\/ayr\u0131lmay\u0131 hak etme\u201d kriterinin, Ge\u00e7ici m.6 kapsam\u0131na giren h\u00fck\u00fcml\u00fcler y\u00f6n\u00fcnden aranmayaca\u011f\u0131n\u0131, s\u00fcre ve iyi hal \u015fart\u0131n\u0131 sa\u011flayan h\u00fck\u00fcml\u00fclerin do\u011frudan kapal\u0131 kurumdan denetimli serbestli\u011fe ayr\u0131labilece\u011fini ifade etmektedir. Sonu\u00e7 olarak; h\u00fck\u00fcml\u00fcn\u00fcn faydalanabilece\u011fi denetimli serbestlik s\u00fcresi, ko\u015fullu sal\u0131verilmesi i\u00e7in fiilen infaz\u0131 gereken s\u00fcreyi kar\u015f\u0131l\u0131yorsa, h\u00fck\u00fcml\u00fcn\u00fcn bir ay kapal\u0131 ceza evinde kalmas\u0131na gerek olmay\u0131p, \u0130nfaz Kanunu Ge\u00e7ici m.6\/3 uyar\u0131nca do\u011frudan kapal\u0131 kurumdan \u201cgir-\u00e7\u0131k\u201d i\u015flemleri yap\u0131larak denetimli serbestli\u011fe ayr\u0131labilir. Son olarak; birinci kez tekerr\u00fcr halinde denetimli serbestlik s\u00fcrelerinde farkl\u0131l\u0131k olmad\u0131\u011f\u0131n\u0131, bu s\u00fcrelerin 5275 say\u0131l\u0131 &hellip;","og_url":"https:\/\/denizcankizil.tr\/de\/hukukihaber\/kapali-cezaevinden-dogrudan-denetimli-serbestlige-gecis\/","og_site_name":"Av. Deniz Can K\u0131z\u0131l","article_published_time":"2025-04-05T10:40:00+00:00","author":"Hukuki Haber.net","twitter_card":"summary_large_image","twitter_misc":{"Verfasst von":"Hukuki Haber.net","Gesch\u00e4tzte Lesezeit":"4\u00a0Minuten"},"schema":{"@context":"https:\/\/schema.org","@graph":[{"@type":"Article","@id":"https:\/\/denizcankizil.tr\/de\/hukukihaber\/kapali-cezaevinden-dogrudan-denetimli-serbestlige-gecis\/#article","isPartOf":{"@id":"https:\/\/denizcankizil.tr\/de\/hukukihaber\/kapali-cezaevinden-dogrudan-denetimli-serbestlige-gecis\/"},"author":{"name":"Hukuki Haber.net","@id":"https:\/\/denizcankizil.tr\/#\/schema\/person\/001a271de994a0aa3f90eea084424822"},"headline":"Kapal\u0131 Cezaevinden Do\u011frudan Denetimli Serbestli\u011fe Ge\u00e7i\u015f","datePublished":"2025-04-05T10:40:00+00:00","mainEntityOfPage":{"@id":"https:\/\/denizcankizil.tr\/de\/hukukihaber\/kapali-cezaevinden-dogrudan-denetimli-serbestlige-gecis\/"},"wordCount":861,"publisher":{"@id":"https:\/\/denizcankizil.tr\/#organization"},"articleSection":["Hukuki Haberler"],"inLanguage":"de"},{"@type":"WebPage","@id":"https:\/\/denizcankizil.tr\/de\/hukukihaber\/kapali-cezaevinden-dogrudan-denetimli-serbestlige-gecis\/","url":"https:\/\/denizcankizil.tr\/de\/hukukihaber\/kapali-cezaevinden-dogrudan-denetimli-serbestlige-gecis\/","name":"Kapal\u0131 Cezaevinden Do\u011frudan Denetimli Serbestli\u011fe Ge\u00e7i\u015f - Av. Deniz Can K\u0131z\u0131l","isPartOf":{"@id":"https:\/\/denizcankizil.tr\/#website"},"datePublished":"2025-04-05T10:40:00+00:00","breadcrumb":{"@id":"https:\/\/denizcankizil.tr\/de\/hukukihaber\/kapali-cezaevinden-dogrudan-denetimli-serbestlige-gecis\/#breadcrumb"},"inLanguage":"de","potentialAction":[{"@type":"ReadAction","target":["https:\/\/denizcankizil.tr\/de\/hukukihaber\/kapali-cezaevinden-dogrudan-denetimli-serbestlige-gecis\/"]}]},{"@type":"BreadcrumbList","@id":"https:\/\/denizcankizil.tr\/de\/hukukihaber\/kapali-cezaevinden-dogrudan-denetimli-serbestlige-gecis\/#breadcrumb","itemListElement":[{"@type":"ListItem","position":1,"name":"Home","item":"https:\/\/denizcankizil.tr\/de\/"},{"@type":"ListItem","position":2,"name":"Kapal\u0131 Cezaevinden Do\u011frudan Denetimli Serbestli\u011fe Ge\u00e7i\u015f"}]},{"@type":"WebSite","@id":"https:\/\/denizcankizil.tr\/#website","url":"https:\/\/denizcankizil.tr\/","name":"Av. Deniz Can K\u0131z\u0131l","description":"Avukat Deniz Can K\u0131z\u0131l Antalya Barosu","publisher":{"@id":"https:\/\/denizcankizil.tr\/#organization"},"potentialAction":[{"@type":"SearchAction","target":{"@type":"EntryPoint","urlTemplate":"https:\/\/denizcankizil.tr\/?s={search_term_string}"},"query-input":{"@type":"PropertyValueSpecification","valueRequired":true,"valueName":"search_term_string"}}],"inLanguage":"de"},{"@type":"Organization","@id":"https:\/\/denizcankizil.tr\/#organization","name":"Av. Deniz Can K\u0131z\u0131l","url":"https:\/\/denizcankizil.tr\/","logo":{"@type":"ImageObject","inLanguage":"de","@id":"https:\/\/denizcankizil.tr\/#\/schema\/logo\/image\/","url":"https:\/\/denizcankizil.tr\/wp-content\/uploads\/2024\/10\/siyah-logo-svg.svg","contentUrl":"https:\/\/denizcankizil.tr\/wp-content\/uploads\/2024\/10\/siyah-logo-svg.svg","width":1080,"height":1080,"caption":"Av. Deniz Can K\u0131z\u0131l"},"image":{"@id":"https:\/\/denizcankizil.tr\/#\/schema\/logo\/image\/"}},{"@type":"Person","@id":"https:\/\/denizcankizil.tr\/#\/schema\/person\/001a271de994a0aa3f90eea084424822","name":"Hukuki Haber.net","image":{"@type":"ImageObject","inLanguage":"de","@id":"https:\/\/denizcankizil.tr\/#\/schema\/person\/image\/","url":"https:\/\/secure.gravatar.com\/avatar\/57d8a49151495586611a149d29fc42865b951dc053a84709a3172ccb5abf3118?s=96&d=mm&r=g","contentUrl":"https:\/\/secure.gravatar.com\/avatar\/57d8a49151495586611a149d29fc42865b951dc053a84709a3172ccb5abf3118?s=96&d=mm&r=g","caption":"Hukuki Haber.net"},"sameAs":["http:\/\/www.hukukihaber.net"],"url":"https:\/\/www.hukukihaber.net\/kapali-cezaevinden-dogrudan-denetimli-serbestlige-gecis"}]}},"_links":{"self":[{"href":"https:\/\/denizcankizil.tr\/de\/wp-json\/wp\/v2\/posts\/49155","targetHints":{"allow":["GET"]}}],"collection":[{"href":"https:\/\/denizcankizil.tr\/de\/wp-json\/wp\/v2\/posts"}],"about":[{"href":"https:\/\/denizcankizil.tr\/de\/wp-json\/wp\/v2\/types\/post"}],"author":[{"embeddable":true,"href":"https:\/\/denizcankizil.tr\/de\/wp-json\/wp\/v2\/users\/3"}],"replies":[{"embeddable":true,"href":"https:\/\/denizcankizil.tr\/de\/wp-json\/wp\/v2\/comments?post=49155"}],"version-history":[{"count":0,"href":"https:\/\/denizcankizil.tr\/de\/wp-json\/wp\/v2\/posts\/49155\/revisions"}],"wp:attachment":[{"href":"https:\/\/denizcankizil.tr\/de\/wp-json\/wp\/v2\/media?parent=49155"}],"wp:term":[{"taxonomy":"category","embeddable":true,"href":"https:\/\/denizcankizil.tr\/de\/wp-json\/wp\/v2\/categories?post=49155"},{"taxonomy":"post_tag","embeddable":true,"href":"https:\/\/denizcankizil.tr\/de\/wp-json\/wp\/v2\/tags?post=49155"}],"curies":[{"name":"wp","href":"https:\/\/api.w.org\/{rel}","templated":true}]}}