{"id":48303,"date":"2025-04-07T15:03:00","date_gmt":"2025-04-07T12:03:00","guid":{"rendered":"https:\/\/denizcankizil.tr\/uncategorized-tr\/aymnin-2025-27-esas-2025-27-karar-sayili-karari\/"},"modified":"2025-04-07T15:03:00","modified_gmt":"2025-04-07T12:03:00","slug":"aymnin-2025-27-esas-2025-27-karar-sayili-karari","status":"publish","type":"post","link":"https:\/\/denizcankizil.tr\/de\/hukukihaber\/aymnin-2025-27-esas-2025-27-karar-sayili-karari\/","title":{"rendered":"AYM&#8217;nin 2025\/27 esas &#8211; 2025\/27 karar say\u0131l\u0131 karar\u0131"},"content":{"rendered":"<p>ANAYASA MAHKEMES\u0130 KARARI<\/p>\n<p>\u00a0<\/p>\n<p>Esas Say\u0131s\u0131 : 2025\/27<\/p>\n<p>Karar Say\u0131s\u0131 : 2025\/27<\/p>\n<p>Karar Tarihi : 11\/2\/2025<\/p>\n<p>R.G. Tarih &#8211; Say\u0131 : Tebli\u011f edildi.<\/p>\n<p>\u00a0<\/p>\n<p>\u0130T\u0130RAZ YOLUNA BA\u015eVURAN: Gaziosmanpa\u015fa 10. Asliye Ceza Mahkemesi<\/p>\n<p>\u0130T\u0130RAZIN KONUSU: 4\/12\/2004 tarihli ve 5271 say\u0131l\u0131 Ceza Muhakemesi Kanunu\u2019na 7\/11\/2024 tarihli ve 7531 say\u0131l\u0131 Kanun\u2019un 18. maddesiyle eklenen ge\u00e7ici 7. maddenin (2) numaral\u0131 f\u0131kras\u0131n\u0131n birinci c\u00fcmlesinin \u201cBu maddenin y\u00fcr\u00fcrl\u00fc\u011fe girdi\u011fi tarih itibar\u0131yla soru\u015fturma veya kovu\u015fturma evresinde bulunan dosyalar bak\u0131m\u0131ndan\u2026\u201d ve \u201c\u20265237 say\u0131l\u0131 Kanunun 75 inci maddesinin alt\u0131nc\u0131 f\u0131kras\u0131nda yap\u0131lan de\u011fi\u015fiklik uygulanmaz.\u201d b\u00f6l\u00fcmlerinin Anayasa\u2019n\u0131n 38. maddesine ayk\u0131r\u0131l\u0131\u011f\u0131 ileri s\u00fcr\u00fclerek iptallerine karar verilmesi talebidir.<\/p>\n<p>OLAY: Hakaret su\u00e7undan a\u00e7\u0131lan davada itiraz konusu kurallar\u0131n Anayasa\u2019ya ayk\u0131r\u0131 oldu\u011fu kan\u0131s\u0131na varan Mahkeme, iptalleri i\u00e7in ba\u015fvurmu\u015ftur.<\/p>\n<p>I. \u0130PTAL\u0130 \u0130STENEN KANUN H\u00dcK\u00dcMLER\u0130<\/p>\n<p>Kanun\u2019un itiraz konusu kural\u0131n da yer ald\u0131\u011f\u0131 ge\u00e7ici 7. maddesi \u015f\u00f6yledir:<\/p>\n<p>\u201cGe\u00e7ici Madde 7- (Ek:7\/11\/2024-7531\/18 md.)<\/p>\n<p>\u00a0(1) Bu maddeyi ihdas eden Kanunla 5237 say\u0131l\u0131 Kanunun 73 \u00fcnc\u00fc maddesinin ikinci f\u0131kras\u0131nda yap\u0131lan d\u00fczenleme, bu maddenin y\u00fcr\u00fcrl\u00fc\u011fe girdi\u011fi tarih itibar\u0131yla soru\u015fturma veya kovu\u015fturma evresine ge\u00e7ilmi\u015f dosyalar bak\u0131m\u0131ndan uygulanmaz.<\/p>\n<p>\u00a0(2) Bu maddenin y\u00fcr\u00fcrl\u00fc\u011fe girdi\u011fi tarih itibar\u0131yla soru\u015fturma veya kovu\u015fturma evresinde bulunan dosyalar bak\u0131m\u0131ndan bu maddeyi ihdas eden Kanunla 253 \u00fcnc\u00fc maddenin \u00fc\u00e7\u00fcnc\u00fc f\u0131kras\u0131nda yap\u0131lan de\u011fi\u015fiklik ve 5237 say\u0131l\u0131 Kanunun 75 inci maddesinin alt\u0131nc\u0131 f\u0131kras\u0131nda yap\u0131lan de\u011fi\u015fiklik uygulanmaz. Bu dosyalar, 253 \u00fcnc\u00fc maddenin \u00fc\u00e7\u00fcnc\u00fc f\u0131kras\u0131n\u0131n de\u011fi\u015fiklikten \u00f6nceki h\u00fck\u00fcmlerine g\u00f6re sonu\u00e7land\u0131r\u0131l\u0131r.<\/p>\n<p>\u00a0(3) Bu maddeyi ihdas eden Kanunla, 253 \u00fcnc\u00fc maddenin yirmid\u00f6rd\u00fcnc\u00fc f\u0131kras\u0131nda yap\u0131lan d\u00fczenleme, bu maddenin y\u00fcr\u00fcrl\u00fc\u011fe girdi\u011fi tarihten \u00f6nce yap\u0131lan uzla\u015ft\u0131rmac\u0131 yaz\u0131l\u0131 s\u0131navlar\u0131nda ba\u015far\u0131l\u0131 olanlar hakk\u0131nda uygulanmaz. Bu ki\u015filer, di\u011fer ko\u015fullar\u0131 ta\u015f\u0131malar\u0131 halinde uzla\u015ft\u0131rmac\u0131 siciline ve listelerine kaydedilebilir.<\/p>\n<p>(4) Bu maddenin y\u00fcr\u00fcrl\u00fc\u011fe girdi\u011fi tarih itibar\u0131yla 254 \u00fcnc\u00fc maddenin ikinci f\u0131kras\u0131 uyar\u0131nca h\u00fckm\u00fcn a\u00e7\u0131klanmas\u0131n\u0131n geri b\u0131rak\u0131lmas\u0131na karar verilen dosyalar bak\u0131m\u0131ndan bu maddeyi ihdas eden Kanunla 254 \u00fcnc\u00fc maddenin ikinci f\u0131kras\u0131nda yap\u0131lan de\u011fi\u015fiklik uygulanmaz. Bu dosyalar, 254 \u00fcnc\u00fc maddenin ikinci f\u0131kras\u0131n\u0131n de\u011fi\u015fiklikten \u00f6nceki h\u00fck\u00fcmlerine g\u00f6re sonu\u00e7land\u0131r\u0131l\u0131r.\u201d<\/p>\n<p>II. \u0130LK \u0130NCELEME<\/p>\n<p>1. Anayasa Mahkemesi \u0130\u00e7t\u00fcz\u00fc\u011f\u00fc h\u00fck\u00fcmleri uyar\u0131nca yap\u0131lan ilk inceleme toplant\u0131s\u0131nda ba\u015fvuru karar\u0131 ve ekleri, Raport\u00f6r Ahmet Hakan SOYT\u00dcRK taraf\u0131ndan haz\u0131rlanan ilk inceleme raporu ve itiraz konusu kanun h\u00fck\u00fcmleri okunup incelendikten sonra gere\u011fi g\u00f6r\u00fc\u015f\u00fcl\u00fcp d\u00fc\u015f\u00fcn\u00fcld\u00fc:<\/p>\n<p>2. 30\/3\/2011 tarihli ve 6216 say\u0131l\u0131 Anayasa Mahkemesinin Kurulu\u015fu ve Yarg\u0131lama Usulleri Hakk\u0131nda Kanun\u2019un \u201cAnayasaya ayk\u0131r\u0131l\u0131\u011f\u0131n mahkemelerce ileri s\u00fcr\u00fclmesi\u201d ba\u015fl\u0131kl\u0131 40. maddesinde Anayasa Mahkemesine itiraz yoluyla yap\u0131lacak ba\u015fvurularda izlenecek y\u00f6ntem d\u00fczenlenmi\u015ftir. S\u00f6z konusu maddenin (1) numaral\u0131 f\u0131kras\u0131nda bir davaya bakmakta olan mahkemenin bu davada uygulanacak bir kanun veya Cumhurba\u015fkanl\u0131\u011f\u0131 kararnamesinin h\u00fck\u00fcmlerini Anayasa\u2019ya ayk\u0131r\u0131 g\u00f6rmesi h\u00e2linde veya taraflardan birinin ileri s\u00fcrd\u00fc\u011f\u00fc ayk\u0131r\u0131l\u0131k iddias\u0131n\u0131n ciddi oldu\u011fu kan\u0131s\u0131na varmas\u0131 durumunda bu f\u0131krada say\u0131lan belgeleri dizi listesine ba\u011flayarak Anayasa Mahkemesine g\u00f6nderece\u011fi belirtilmi\u015f; an\u0131lan f\u0131kran\u0131n (b) bendinde \u201cBa\u015fvuru karar\u0131na ili\u015fkin tutana\u011f\u0131n onayl\u0131 \u00f6rne\u011fi\u201d Anayasa Mahkemesine g\u00f6nderilecek belgeler aras\u0131nda say\u0131lm\u0131\u015ft\u0131r. Maddenin (4) numaral\u0131 f\u0131kras\u0131nda ise a\u00e7\u0131k bir \u015fekilde dayanaktan yoksun veya y\u00f6ntemine uygun olmayan itiraz ba\u015fvurular\u0131n\u0131n Anayasa Mahkemesi taraf\u0131ndan esas incelemeye ge\u00e7ilmeksizin gerek\u00e7eleriyle reddedilece\u011fi h\u00fckme ba\u011flanm\u0131\u015ft\u0131r.<\/p>\n<p>3. An\u0131lan \u0130\u00e7t\u00fcz\u00fck\u2019\u00fcn 46. maddesinin (2) numaral\u0131 f\u0131kras\u0131n\u0131n (a) bendinde de \u201cBa\u015fvuru karar\u0131na ili\u015fkin tutana\u011f\u0131n onayl\u0131 \u00f6rne\u011fi\u201d Anayasa Mahkemesine sunulacak belgeler aras\u0131nda say\u0131lm\u0131\u015ft\u0131r.<\/p>\n<p>4. Yine \u0130\u00e7t\u00fcz\u00fck\u2019\u00fcn 49. maddesinin (1) numaral\u0131 f\u0131kras\u0131n\u0131n (b) bendinde Anayasa Mahkemesince yap\u0131lan ilk incelemede ba\u015fvuruda eksikliklerin bulundu\u011funun tespit edilmesi h\u00e2linde itiraz yoluna ili\u015fkin i\u015flerde esas incelemeye ge\u00e7ilmeksizin ba\u015fvurunun reddine karar verilece\u011fi, (2) numaral\u0131 f\u0131kras\u0131nda ise an\u0131lan (b) bendi uyar\u0131nca verilen karar\u0131n itiraz yoluna ba\u015fvuran mahkemenin eksiklikleri tamamlayarak yeniden ba\u015fvurmas\u0131na engel olmad\u0131\u011f\u0131 belirtilmi\u015ftir.<\/p>\n<p>5. \u0130tiraz yoluna ba\u015fvuran Mahkemece 21\/11\/2024 tarihli ara kararda 5271 say\u0131l\u0131 Kanun\u2019un ge\u00e7ici 7. maddesinin (1) numaral\u0131 f\u0131kras\u0131n\u0131n iptali talebiyle Anayasa Mahkemesine ba\u015fvuruda bulunulmas\u0131na karar verildi\u011fi, gerek\u00e7eli ba\u015fvuru karar\u0131nda ise an\u0131lan maddenin (2) numaral\u0131 f\u0131kras\u0131n\u0131n birinci c\u00fcmlesinin \u201cBu maddenin y\u00fcr\u00fcrl\u00fc\u011fe girdi\u011fi tarih itibar\u0131yla soru\u015fturma veya kovu\u015fturma evresinde bulunan dosyalar bak\u0131m\u0131ndan\u2026\u201d ve \u201c\u20265237 say\u0131l\u0131 Kanunun 75 inci maddesinin alt\u0131nc\u0131 f\u0131kras\u0131nda yap\u0131lan de\u011fi\u015fiklik uygulanmaz.\u201d b\u00f6l\u00fcmlerinin iptalleri talep edilmi\u015ftir. Dolay\u0131s\u0131yla itiraz konusu b\u00f6l\u00fcmleri konu edinen gerek\u00e7eli ba\u015fvuru karar\u0131na ili\u015fkin olarak d\u00fczenlenen tutana\u011f\u0131n onayl\u0131 \u00f6rne\u011finin g\u00f6nderilen belgeler aras\u0131nda bulunmad\u0131\u011f\u0131 anla\u015f\u0131lm\u0131\u015ft\u0131r. Bu itibarla ba\u015fvurunun y\u00f6ntemine uygun olmad\u0131\u011f\u0131 sonucuna ula\u015f\u0131lm\u0131\u015ft\u0131r.<\/p>\n<p>6. A\u00e7\u0131klanan nedenle 6216 say\u0131l\u0131 Kanun\u2019un 40. maddesinin (1) numaral\u0131 f\u0131kras\u0131n\u0131n (b) bendi ile \u0130\u00e7t\u00fcz\u00fck\u2019\u00fcn 46. maddesinin (2) numaral\u0131 f\u0131kras\u0131n\u0131n (a) bendine ayk\u0131r\u0131 oldu\u011fu anla\u015f\u0131lan ba\u015fvurunun 6216 say\u0131l\u0131 Kanun\u2019un 40. maddesinin (4) numaral\u0131 f\u0131kras\u0131 gere\u011fince y\u00f6ntemine uygun olmad\u0131\u011f\u0131ndan reddi gerekir.<\/p>\n<p>III. H\u00dcK\u00dcM<\/p>\n<p>4\/12\/2004 tarihli ve 5271 say\u0131l\u0131 Ceza Muhakemesi Kanunu\u2019na 7\/11\/2024 tarihli ve 7531 say\u0131l\u0131 Kanun\u2019un 18. maddesiyle eklenen ge\u00e7ici 7. maddenin (2) numaral\u0131 f\u0131kras\u0131n\u0131n birinci c\u00fcmlesinin \u201cBu maddenin y\u00fcr\u00fcrl\u00fc\u011fe girdi\u011fi tarih itibar\u0131yla soru\u015fturma veya kovu\u015fturma evresinde bulunan dosyalar bak\u0131m\u0131ndan\u2026\u201d ve \u201c\u20265237 say\u0131l\u0131 Kanunun 75 inci maddesinin alt\u0131nc\u0131 f\u0131kras\u0131nda yap\u0131lan de\u011fi\u015fiklik uygulanmaz.\u201d b\u00f6l\u00fcmlerinin iptallerine karar verilmesi talebiyle yap\u0131lan itiraz ba\u015fvurusunun 30\/3\/2011 tarihli ve 6216 say\u0131l\u0131 Anayasa Mahkemesinin Kurulu\u015fu ve Yarg\u0131lama Usulleri Hakk\u0131nda Kanun\u2019un 40. maddesinin (4) numaral\u0131 f\u0131kras\u0131 gere\u011fince y\u00f6ntemine uygun olmad\u0131\u011f\u0131ndan REDD\u0130NE 11\/2\/2025 tarihinde OYB\u0130RL\u0130\u011e\u0130YLE karar verildi.<\/p>\n<p>   Ba\u015fkan<\/p>\n<p>   Kadir \u00d6ZKAYA<\/p>\n<p>   Ba\u015fkanvekili<\/p>\n<p>   Hasan Tahsin G\u00d6KCAN<\/p>\n<p>   Ba\u015fkanvekili<\/p>\n<p>   Basri BA\u011eCI<\/p>\n<p>   \u00dcye<\/p>\n<p>   Engin YILDIRIM<\/p>\n<p>   \u00dcye<\/p>\n<p>   R\u0131dvan G\u00dcLE\u00c7<\/p>\n<p>   \u00dcye<\/p>\n<p>   Recai AKYEL<\/p>\n<p>   \u00dcye<\/p>\n<p>   Yusuf \u015eevki HAKYEMEZ<\/p>\n<p>   \u00dcye<\/p>\n<p>   Y\u0131ld\u0131z SEFER\u0130NO\u011eLU<\/p>\n<p>   \u00dcye<\/p>\n<p>   Selahaddin MENTE\u015e<\/p>\n<p>   \u00dcye<\/p>\n<p>   \u0130rfan F\u0130DAN<\/p>\n<p>   \u00dcye<\/p>\n<p>   Kenan YA\u015eAR<\/p>\n<p>   \u00dcye<\/p>\n<p>   Muhterem \u0130NCE<\/p>\n<p>   \u00dcye<\/p>\n<p>   Y\u0131lmaz AK\u00c7\u0130L<\/p>\n<p>   \u00dcye<\/p>\n<p>   \u00d6mer \u00c7INAR<\/p>\n<p>   \u00dcye<\/p>\n<p>   Metin KIRATLI<\/p>\n<p>\u200bAnayasa Mahkemesi&#8217;nin 11\/2\/2025 tarihli, 2025\/27 esas &#8211; 2025\/27 karar say\u0131l\u0131 karar\u0131\u00a0Hukuki Haber<\/p>\n<p>Haberin Al\u0131nt\u0131land\u0131\u011f\u0131 Kaynak: www.hukukihaber.net<\/p>","protected":false},"excerpt":{"rendered":"<p>ANAYASA MAHKEMES\u0130 KARARI \u00a0 Esas Say\u0131s\u0131 : 2025\/27 Karar Say\u0131s\u0131 : 2025\/27 Karar Tarihi : 11\/2\/2025 R.G. Tarih &#8211; Say\u0131 : Tebli\u011f edildi. \u00a0 \u0130T\u0130RAZ YOLUNA BA\u015eVURAN: Gaziosmanpa\u015fa 10. Asliye Ceza Mahkemesi \u0130T\u0130RAZIN KONUSU: 4\/12\/2004 tarihli ve 5271 say\u0131l\u0131 Ceza Muhakemesi Kanunu\u2019na 7\/11\/2024 tarihli ve 7531 say\u0131l\u0131 Kanun\u2019un 18. maddesiyle eklenen ge\u00e7ici 7. maddenin (2) numaral\u0131 f\u0131kras\u0131n\u0131n birinci c\u00fcmlesinin \u201cBu maddenin y\u00fcr\u00fcrl\u00fc\u011fe girdi\u011fi tarih itibar\u0131yla soru\u015fturma veya kovu\u015fturma evresinde bulunan dosyalar bak\u0131m\u0131ndan\u2026\u201d ve \u201c\u20265237 say\u0131l\u0131 Kanunun 75 inci maddesinin alt\u0131nc\u0131 f\u0131kras\u0131nda yap\u0131lan de\u011fi\u015fiklik uygulanmaz.\u201d b\u00f6l\u00fcmlerinin Anayasa\u2019n\u0131n 38. maddesine ayk\u0131r\u0131l\u0131\u011f\u0131 ileri s\u00fcr\u00fclerek iptallerine karar verilmesi talebidir. OLAY: Hakaret su\u00e7undan a\u00e7\u0131lan davada itiraz konusu kurallar\u0131n Anayasa\u2019ya ayk\u0131r\u0131 oldu\u011fu kan\u0131s\u0131na varan Mahkeme, iptalleri i\u00e7in ba\u015fvurmu\u015ftur. I. \u0130PTAL\u0130 \u0130STENEN KANUN H\u00dcK\u00dcMLER\u0130 Kanun\u2019un itiraz konusu kural\u0131n da yer ald\u0131\u011f\u0131 ge\u00e7ici 7. maddesi \u015f\u00f6yledir: \u201cGe\u00e7ici Madde 7- (Ek:7\/11\/2024-7531\/18 md.) \u00a0(1) Bu maddeyi ihdas eden Kanunla 5237 say\u0131l\u0131 Kanunun 73 \u00fcnc\u00fc maddesinin ikinci f\u0131kras\u0131nda yap\u0131lan d\u00fczenleme, bu maddenin y\u00fcr\u00fcrl\u00fc\u011fe girdi\u011fi tarih itibar\u0131yla soru\u015fturma veya kovu\u015fturma evresine ge\u00e7ilmi\u015f dosyalar bak\u0131m\u0131ndan uygulanmaz. \u00a0(2) Bu maddenin y\u00fcr\u00fcrl\u00fc\u011fe girdi\u011fi tarih itibar\u0131yla soru\u015fturma veya kovu\u015fturma evresinde bulunan dosyalar bak\u0131m\u0131ndan bu maddeyi ihdas eden Kanunla 253 \u00fcnc\u00fc maddenin \u00fc\u00e7\u00fcnc\u00fc f\u0131kras\u0131nda yap\u0131lan de\u011fi\u015fiklik ve 5237 say\u0131l\u0131 Kanunun 75 inci maddesinin alt\u0131nc\u0131 f\u0131kras\u0131nda yap\u0131lan de\u011fi\u015fiklik &hellip;<\/p>","protected":false},"author":3,"featured_media":0,"comment_status":"","ping_status":"open","sticky":false,"template":"","format":"standard","meta":{"_acf_changed":false,"footnotes":""},"categories":[27],"tags":[],"class_list":["post-48303","post","type-post","status-publish","format-standard","has-post-thumbnail","hentry","category-hukukihaber"],"acf":[],"yoast_head":"<!-- This site is optimized with the Yoast SEO Premium plugin v26.6 (Yoast SEO v27.1.1) - https:\/\/yoast.com\/product\/yoast-seo-premium-wordpress\/ -->\n<title>AYM&#039;nin 2025\/27 esas - 2025\/27 karar say\u0131l\u0131 karar\u0131 - Av. Deniz Can K\u0131z\u0131l<\/title>\n<meta name=\"robots\" content=\"index, follow, max-snippet:-1, max-image-preview:large, max-video-preview:-1\" \/>\n<link rel=\"canonical\" href=\"https:\/\/denizcankizil.tr\/de\/hukukihaber\/aymnin-2025-27-esas-2025-27-karar-sayili-karari\/\" \/>\n<meta property=\"og:locale\" content=\"de_DE\" \/>\n<meta property=\"og:type\" content=\"article\" \/>\n<meta property=\"og:title\" content=\"AYM&#039;nin 2025\/27 esas - 2025\/27 karar say\u0131l\u0131 karar\u0131\" \/>\n<meta property=\"og:description\" content=\"ANAYASA MAHKEMES\u0130 KARARI \u00a0 Esas Say\u0131s\u0131 : 2025\/27 Karar Say\u0131s\u0131 : 2025\/27 Karar Tarihi : 11\/2\/2025 R.G. Tarih &#8211; Say\u0131 : Tebli\u011f edildi. \u00a0 \u0130T\u0130RAZ YOLUNA BA\u015eVURAN: Gaziosmanpa\u015fa 10. Asliye Ceza Mahkemesi \u0130T\u0130RAZIN KONUSU: 4\/12\/2004 tarihli ve 5271 say\u0131l\u0131 Ceza Muhakemesi Kanunu\u2019na 7\/11\/2024 tarihli ve 7531 say\u0131l\u0131 Kanun\u2019un 18. maddesiyle eklenen ge\u00e7ici 7. maddenin (2) numaral\u0131 f\u0131kras\u0131n\u0131n birinci c\u00fcmlesinin \u201cBu maddenin y\u00fcr\u00fcrl\u00fc\u011fe girdi\u011fi tarih itibar\u0131yla soru\u015fturma veya kovu\u015fturma evresinde bulunan dosyalar bak\u0131m\u0131ndan\u2026\u201d ve \u201c\u20265237 say\u0131l\u0131 Kanunun 75 inci maddesinin alt\u0131nc\u0131 f\u0131kras\u0131nda yap\u0131lan de\u011fi\u015fiklik uygulanmaz.\u201d b\u00f6l\u00fcmlerinin Anayasa\u2019n\u0131n 38. maddesine ayk\u0131r\u0131l\u0131\u011f\u0131 ileri s\u00fcr\u00fclerek iptallerine karar verilmesi talebidir. OLAY: Hakaret su\u00e7undan a\u00e7\u0131lan davada itiraz konusu kurallar\u0131n Anayasa\u2019ya ayk\u0131r\u0131 oldu\u011fu kan\u0131s\u0131na varan Mahkeme, iptalleri i\u00e7in ba\u015fvurmu\u015ftur. I. \u0130PTAL\u0130 \u0130STENEN KANUN H\u00dcK\u00dcMLER\u0130 Kanun\u2019un itiraz konusu kural\u0131n da yer ald\u0131\u011f\u0131 ge\u00e7ici 7. maddesi \u015f\u00f6yledir: \u201cGe\u00e7ici Madde 7- (Ek:7\/11\/2024-7531\/18 md.) \u00a0(1) Bu maddeyi ihdas eden Kanunla 5237 say\u0131l\u0131 Kanunun 73 \u00fcnc\u00fc maddesinin ikinci f\u0131kras\u0131nda yap\u0131lan d\u00fczenleme, bu maddenin y\u00fcr\u00fcrl\u00fc\u011fe girdi\u011fi tarih itibar\u0131yla soru\u015fturma veya kovu\u015fturma evresine ge\u00e7ilmi\u015f dosyalar bak\u0131m\u0131ndan uygulanmaz. \u00a0(2) Bu maddenin y\u00fcr\u00fcrl\u00fc\u011fe girdi\u011fi tarih itibar\u0131yla soru\u015fturma veya kovu\u015fturma evresinde bulunan dosyalar bak\u0131m\u0131ndan bu maddeyi ihdas eden Kanunla 253 \u00fcnc\u00fc maddenin \u00fc\u00e7\u00fcnc\u00fc f\u0131kras\u0131nda yap\u0131lan de\u011fi\u015fiklik ve 5237 say\u0131l\u0131 Kanunun 75 inci maddesinin alt\u0131nc\u0131 f\u0131kras\u0131nda yap\u0131lan de\u011fi\u015fiklik &hellip;\" \/>\n<meta property=\"og:url\" content=\"https:\/\/denizcankizil.tr\/de\/hukukihaber\/aymnin-2025-27-esas-2025-27-karar-sayili-karari\/\" \/>\n<meta property=\"og:site_name\" content=\"Av. Deniz Can K\u0131z\u0131l\" \/>\n<meta property=\"article:published_time\" content=\"2025-04-07T12:03:00+00:00\" \/>\n<meta name=\"author\" content=\"Hukuki Haber.net\" \/>\n<meta name=\"twitter:card\" content=\"summary_large_image\" \/>\n<meta name=\"twitter:label1\" content=\"Verfasst von\" \/>\n\t<meta name=\"twitter:data1\" content=\"Hukuki Haber.net\" \/>\n\t<meta name=\"twitter:label2\" content=\"Gesch\u00e4tzte Lesezeit\" \/>\n\t<meta name=\"twitter:data2\" content=\"6\u00a0Minuten\" \/>\n<script type=\"application\/ld+json\" class=\"yoast-schema-graph\">{\"@context\":\"https:\/\/schema.org\",\"@graph\":[{\"@type\":\"Article\",\"@id\":\"https:\/\/denizcankizil.tr\/de\/hukukihaber\/aymnin-2025-27-esas-2025-27-karar-sayili-karari\/#article\",\"isPartOf\":{\"@id\":\"https:\/\/denizcankizil.tr\/de\/hukukihaber\/aymnin-2025-27-esas-2025-27-karar-sayili-karari\/\"},\"author\":{\"name\":\"Hukuki Haber.net\",\"@id\":\"https:\/\/denizcankizil.tr\/#\/schema\/person\/001a271de994a0aa3f90eea084424822\"},\"headline\":\"AYM&#8217;nin 2025\/27 esas &#8211; 2025\/27 karar say\u0131l\u0131 karar\u0131\",\"datePublished\":\"2025-04-07T12:03:00+00:00\",\"mainEntityOfPage\":{\"@id\":\"https:\/\/denizcankizil.tr\/de\/hukukihaber\/aymnin-2025-27-esas-2025-27-karar-sayili-karari\/\"},\"wordCount\":1179,\"publisher\":{\"@id\":\"https:\/\/denizcankizil.tr\/#organization\"},\"articleSection\":[\"Hukuki Haberler\"],\"inLanguage\":\"de\"},{\"@type\":\"WebPage\",\"@id\":\"https:\/\/denizcankizil.tr\/de\/hukukihaber\/aymnin-2025-27-esas-2025-27-karar-sayili-karari\/\",\"url\":\"https:\/\/denizcankizil.tr\/de\/hukukihaber\/aymnin-2025-27-esas-2025-27-karar-sayili-karari\/\",\"name\":\"AYM'nin 2025\/27 esas - 2025\/27 karar say\u0131l\u0131 karar\u0131 - Av. Deniz Can K\u0131z\u0131l\",\"isPartOf\":{\"@id\":\"https:\/\/denizcankizil.tr\/#website\"},\"datePublished\":\"2025-04-07T12:03:00+00:00\",\"breadcrumb\":{\"@id\":\"https:\/\/denizcankizil.tr\/de\/hukukihaber\/aymnin-2025-27-esas-2025-27-karar-sayili-karari\/#breadcrumb\"},\"inLanguage\":\"de\",\"potentialAction\":[{\"@type\":\"ReadAction\",\"target\":[\"https:\/\/denizcankizil.tr\/de\/hukukihaber\/aymnin-2025-27-esas-2025-27-karar-sayili-karari\/\"]}]},{\"@type\":\"BreadcrumbList\",\"@id\":\"https:\/\/denizcankizil.tr\/de\/hukukihaber\/aymnin-2025-27-esas-2025-27-karar-sayili-karari\/#breadcrumb\",\"itemListElement\":[{\"@type\":\"ListItem\",\"position\":1,\"name\":\"Home\",\"item\":\"https:\/\/denizcankizil.tr\/de\/\"},{\"@type\":\"ListItem\",\"position\":2,\"name\":\"AYM&#8217;nin 2025\/27 esas &#8211; 2025\/27 karar say\u0131l\u0131 karar\u0131\"}]},{\"@type\":\"WebSite\",\"@id\":\"https:\/\/denizcankizil.tr\/#website\",\"url\":\"https:\/\/denizcankizil.tr\/\",\"name\":\"Av. Deniz Can K\u0131z\u0131l\",\"description\":\"Avukat Deniz Can K\u0131z\u0131l Antalya Barosu\",\"publisher\":{\"@id\":\"https:\/\/denizcankizil.tr\/#organization\"},\"potentialAction\":[{\"@type\":\"SearchAction\",\"target\":{\"@type\":\"EntryPoint\",\"urlTemplate\":\"https:\/\/denizcankizil.tr\/?s={search_term_string}\"},\"query-input\":{\"@type\":\"PropertyValueSpecification\",\"valueRequired\":true,\"valueName\":\"search_term_string\"}}],\"inLanguage\":\"de\"},{\"@type\":\"Organization\",\"@id\":\"https:\/\/denizcankizil.tr\/#organization\",\"name\":\"Av. Deniz Can K\u0131z\u0131l\",\"url\":\"https:\/\/denizcankizil.tr\/\",\"logo\":{\"@type\":\"ImageObject\",\"inLanguage\":\"de\",\"@id\":\"https:\/\/denizcankizil.tr\/#\/schema\/logo\/image\/\",\"url\":\"https:\/\/denizcankizil.tr\/wp-content\/uploads\/2024\/10\/siyah-logo-svg.svg\",\"contentUrl\":\"https:\/\/denizcankizil.tr\/wp-content\/uploads\/2024\/10\/siyah-logo-svg.svg\",\"width\":1080,\"height\":1080,\"caption\":\"Av. Deniz Can K\u0131z\u0131l\"},\"image\":{\"@id\":\"https:\/\/denizcankizil.tr\/#\/schema\/logo\/image\/\"}},{\"@type\":\"Person\",\"@id\":\"https:\/\/denizcankizil.tr\/#\/schema\/person\/001a271de994a0aa3f90eea084424822\",\"name\":\"Hukuki Haber.net\",\"image\":{\"@type\":\"ImageObject\",\"inLanguage\":\"de\",\"@id\":\"https:\/\/denizcankizil.tr\/#\/schema\/person\/image\/\",\"url\":\"https:\/\/secure.gravatar.com\/avatar\/57d8a49151495586611a149d29fc42865b951dc053a84709a3172ccb5abf3118?s=96&d=mm&r=g\",\"contentUrl\":\"https:\/\/secure.gravatar.com\/avatar\/57d8a49151495586611a149d29fc42865b951dc053a84709a3172ccb5abf3118?s=96&d=mm&r=g\",\"caption\":\"Hukuki Haber.net\"},\"sameAs\":[\"http:\/\/www.hukukihaber.net\"],\"url\":\"https:\/\/denizcankizil.tr\/de\/author\/hukukihabernet\/\"}]}<\/script>\n<!-- \/ Yoast SEO Premium plugin. -->","yoast_head_json":{"title":"AYM'nin 2025\/27 esas - 2025\/27 karar say\u0131l\u0131 karar\u0131 - Av. Deniz Can K\u0131z\u0131l","robots":{"index":"index","follow":"follow","max-snippet":"max-snippet:-1","max-image-preview":"max-image-preview:large","max-video-preview":"max-video-preview:-1"},"canonical":"https:\/\/denizcankizil.tr\/de\/hukukihaber\/aymnin-2025-27-esas-2025-27-karar-sayili-karari\/","og_locale":"de_DE","og_type":"article","og_title":"AYM'nin 2025\/27 esas - 2025\/27 karar say\u0131l\u0131 karar\u0131","og_description":"ANAYASA MAHKEMES\u0130 KARARI \u00a0 Esas Say\u0131s\u0131 : 2025\/27 Karar Say\u0131s\u0131 : 2025\/27 Karar Tarihi : 11\/2\/2025 R.G. Tarih &#8211; Say\u0131 : Tebli\u011f edildi. \u00a0 \u0130T\u0130RAZ YOLUNA BA\u015eVURAN: Gaziosmanpa\u015fa 10. Asliye Ceza Mahkemesi \u0130T\u0130RAZIN KONUSU: 4\/12\/2004 tarihli ve 5271 say\u0131l\u0131 Ceza Muhakemesi Kanunu\u2019na 7\/11\/2024 tarihli ve 7531 say\u0131l\u0131 Kanun\u2019un 18. maddesiyle eklenen ge\u00e7ici 7. maddenin (2) numaral\u0131 f\u0131kras\u0131n\u0131n birinci c\u00fcmlesinin \u201cBu maddenin y\u00fcr\u00fcrl\u00fc\u011fe girdi\u011fi tarih itibar\u0131yla soru\u015fturma veya kovu\u015fturma evresinde bulunan dosyalar bak\u0131m\u0131ndan\u2026\u201d ve \u201c\u20265237 say\u0131l\u0131 Kanunun 75 inci maddesinin alt\u0131nc\u0131 f\u0131kras\u0131nda yap\u0131lan de\u011fi\u015fiklik uygulanmaz.\u201d b\u00f6l\u00fcmlerinin Anayasa\u2019n\u0131n 38. maddesine ayk\u0131r\u0131l\u0131\u011f\u0131 ileri s\u00fcr\u00fclerek iptallerine karar verilmesi talebidir. OLAY: Hakaret su\u00e7undan a\u00e7\u0131lan davada itiraz konusu kurallar\u0131n Anayasa\u2019ya ayk\u0131r\u0131 oldu\u011fu kan\u0131s\u0131na varan Mahkeme, iptalleri i\u00e7in ba\u015fvurmu\u015ftur. I. \u0130PTAL\u0130 \u0130STENEN KANUN H\u00dcK\u00dcMLER\u0130 Kanun\u2019un itiraz konusu kural\u0131n da yer ald\u0131\u011f\u0131 ge\u00e7ici 7. maddesi \u015f\u00f6yledir: \u201cGe\u00e7ici Madde 7- (Ek:7\/11\/2024-7531\/18 md.) \u00a0(1) Bu maddeyi ihdas eden Kanunla 5237 say\u0131l\u0131 Kanunun 73 \u00fcnc\u00fc maddesinin ikinci f\u0131kras\u0131nda yap\u0131lan d\u00fczenleme, bu maddenin y\u00fcr\u00fcrl\u00fc\u011fe girdi\u011fi tarih itibar\u0131yla soru\u015fturma veya kovu\u015fturma evresine ge\u00e7ilmi\u015f dosyalar bak\u0131m\u0131ndan uygulanmaz. \u00a0(2) Bu maddenin y\u00fcr\u00fcrl\u00fc\u011fe girdi\u011fi tarih itibar\u0131yla soru\u015fturma veya kovu\u015fturma evresinde bulunan dosyalar bak\u0131m\u0131ndan bu maddeyi ihdas eden Kanunla 253 \u00fcnc\u00fc maddenin \u00fc\u00e7\u00fcnc\u00fc f\u0131kras\u0131nda yap\u0131lan de\u011fi\u015fiklik ve 5237 say\u0131l\u0131 Kanunun 75 inci maddesinin alt\u0131nc\u0131 f\u0131kras\u0131nda yap\u0131lan de\u011fi\u015fiklik &hellip;","og_url":"https:\/\/denizcankizil.tr\/de\/hukukihaber\/aymnin-2025-27-esas-2025-27-karar-sayili-karari\/","og_site_name":"Av. Deniz Can K\u0131z\u0131l","article_published_time":"2025-04-07T12:03:00+00:00","author":"Hukuki Haber.net","twitter_card":"summary_large_image","twitter_misc":{"Verfasst von":"Hukuki Haber.net","Gesch\u00e4tzte Lesezeit":"6\u00a0Minuten"},"schema":{"@context":"https:\/\/schema.org","@graph":[{"@type":"Article","@id":"https:\/\/denizcankizil.tr\/de\/hukukihaber\/aymnin-2025-27-esas-2025-27-karar-sayili-karari\/#article","isPartOf":{"@id":"https:\/\/denizcankizil.tr\/de\/hukukihaber\/aymnin-2025-27-esas-2025-27-karar-sayili-karari\/"},"author":{"name":"Hukuki Haber.net","@id":"https:\/\/denizcankizil.tr\/#\/schema\/person\/001a271de994a0aa3f90eea084424822"},"headline":"AYM&#8217;nin 2025\/27 esas &#8211; 2025\/27 karar say\u0131l\u0131 karar\u0131","datePublished":"2025-04-07T12:03:00+00:00","mainEntityOfPage":{"@id":"https:\/\/denizcankizil.tr\/de\/hukukihaber\/aymnin-2025-27-esas-2025-27-karar-sayili-karari\/"},"wordCount":1179,"publisher":{"@id":"https:\/\/denizcankizil.tr\/#organization"},"articleSection":["Hukuki Haberler"],"inLanguage":"de"},{"@type":"WebPage","@id":"https:\/\/denizcankizil.tr\/de\/hukukihaber\/aymnin-2025-27-esas-2025-27-karar-sayili-karari\/","url":"https:\/\/denizcankizil.tr\/de\/hukukihaber\/aymnin-2025-27-esas-2025-27-karar-sayili-karari\/","name":"AYM'nin 2025\/27 esas - 2025\/27 karar say\u0131l\u0131 karar\u0131 - Av. Deniz Can K\u0131z\u0131l","isPartOf":{"@id":"https:\/\/denizcankizil.tr\/#website"},"datePublished":"2025-04-07T12:03:00+00:00","breadcrumb":{"@id":"https:\/\/denizcankizil.tr\/de\/hukukihaber\/aymnin-2025-27-esas-2025-27-karar-sayili-karari\/#breadcrumb"},"inLanguage":"de","potentialAction":[{"@type":"ReadAction","target":["https:\/\/denizcankizil.tr\/de\/hukukihaber\/aymnin-2025-27-esas-2025-27-karar-sayili-karari\/"]}]},{"@type":"BreadcrumbList","@id":"https:\/\/denizcankizil.tr\/de\/hukukihaber\/aymnin-2025-27-esas-2025-27-karar-sayili-karari\/#breadcrumb","itemListElement":[{"@type":"ListItem","position":1,"name":"Home","item":"https:\/\/denizcankizil.tr\/de\/"},{"@type":"ListItem","position":2,"name":"AYM&#8217;nin 2025\/27 esas &#8211; 2025\/27 karar say\u0131l\u0131 karar\u0131"}]},{"@type":"WebSite","@id":"https:\/\/denizcankizil.tr\/#website","url":"https:\/\/denizcankizil.tr\/","name":"Av. Deniz Can K\u0131z\u0131l","description":"Avukat Deniz Can K\u0131z\u0131l Antalya Barosu","publisher":{"@id":"https:\/\/denizcankizil.tr\/#organization"},"potentialAction":[{"@type":"SearchAction","target":{"@type":"EntryPoint","urlTemplate":"https:\/\/denizcankizil.tr\/?s={search_term_string}"},"query-input":{"@type":"PropertyValueSpecification","valueRequired":true,"valueName":"search_term_string"}}],"inLanguage":"de"},{"@type":"Organization","@id":"https:\/\/denizcankizil.tr\/#organization","name":"Av. Deniz Can K\u0131z\u0131l","url":"https:\/\/denizcankizil.tr\/","logo":{"@type":"ImageObject","inLanguage":"de","@id":"https:\/\/denizcankizil.tr\/#\/schema\/logo\/image\/","url":"https:\/\/denizcankizil.tr\/wp-content\/uploads\/2024\/10\/siyah-logo-svg.svg","contentUrl":"https:\/\/denizcankizil.tr\/wp-content\/uploads\/2024\/10\/siyah-logo-svg.svg","width":1080,"height":1080,"caption":"Av. Deniz Can K\u0131z\u0131l"},"image":{"@id":"https:\/\/denizcankizil.tr\/#\/schema\/logo\/image\/"}},{"@type":"Person","@id":"https:\/\/denizcankizil.tr\/#\/schema\/person\/001a271de994a0aa3f90eea084424822","name":"Hukuki Haber.net","image":{"@type":"ImageObject","inLanguage":"de","@id":"https:\/\/denizcankizil.tr\/#\/schema\/person\/image\/","url":"https:\/\/secure.gravatar.com\/avatar\/57d8a49151495586611a149d29fc42865b951dc053a84709a3172ccb5abf3118?s=96&d=mm&r=g","contentUrl":"https:\/\/secure.gravatar.com\/avatar\/57d8a49151495586611a149d29fc42865b951dc053a84709a3172ccb5abf3118?s=96&d=mm&r=g","caption":"Hukuki Haber.net"},"sameAs":["http:\/\/www.hukukihaber.net"],"url":"https:\/\/denizcankizil.tr\/de\/author\/hukukihabernet\/"}]}},"_links":{"self":[{"href":"https:\/\/denizcankizil.tr\/de\/wp-json\/wp\/v2\/posts\/48303","targetHints":{"allow":["GET"]}}],"collection":[{"href":"https:\/\/denizcankizil.tr\/de\/wp-json\/wp\/v2\/posts"}],"about":[{"href":"https:\/\/denizcankizil.tr\/de\/wp-json\/wp\/v2\/types\/post"}],"author":[{"embeddable":true,"href":"https:\/\/denizcankizil.tr\/de\/wp-json\/wp\/v2\/users\/3"}],"replies":[{"embeddable":true,"href":"https:\/\/denizcankizil.tr\/de\/wp-json\/wp\/v2\/comments?post=48303"}],"version-history":[{"count":0,"href":"https:\/\/denizcankizil.tr\/de\/wp-json\/wp\/v2\/posts\/48303\/revisions"}],"wp:attachment":[{"href":"https:\/\/denizcankizil.tr\/de\/wp-json\/wp\/v2\/media?parent=48303"}],"wp:term":[{"taxonomy":"category","embeddable":true,"href":"https:\/\/denizcankizil.tr\/de\/wp-json\/wp\/v2\/categories?post=48303"},{"taxonomy":"post_tag","embeddable":true,"href":"https:\/\/denizcankizil.tr\/de\/wp-json\/wp\/v2\/tags?post=48303"}],"curies":[{"name":"wp","href":"https:\/\/api.w.org\/{rel}","templated":true}]}}