{"id":4743,"date":"2024-10-19T23:43:08","date_gmt":"2024-10-19T20:43:08","guid":{"rendered":"https:\/\/denizcankizil.tr\/uncategorized-tr\/mehmet-akif-mahallesine-4u-1-arada-hizmet\/"},"modified":"2024-10-19T23:43:14","modified_gmt":"2024-10-19T20:43:14","slug":"mehmet-akif-mahallesine-4u-1-arada-hizmet","status":"publish","type":"post","link":"https:\/\/denizcankizil.tr\/de\/haberler\/gundem\/mehmet-akif-mahallesine-4u-1-arada-hizmet\/","title":{"rendered":"Mehmet Akif Mahallesi\u2019ne 4\u2019\u00fc 1 arada hizmet"},"content":{"rendered":"<h1>Osmangazi Belediyesi&#8217;nden Yenilik\u00e7i Hizmet Binas\u0131 A\u00e7\u0131l\u0131\u015f\u0131<\/h1>\n\n<p>Osmangazi Belediyesi, insan odakl\u0131 bir y\u00f6netim anlay\u0131\u015f\u0131n\u0131 benimseyerek, bu do\u011frultuda dikkat \u00e7ekici projelere imza atmaya devam ediyor. Son olarak, d\u00f6rt \u00f6nemli hizmetin tek \u00e7at\u0131 alt\u0131nda sunulaca\u011f\u0131 Mehmet Akif Hizmet Binas\u0131&#8217;n\u0131n a\u00e7\u0131l\u0131\u015f\u0131 ger\u00e7ekle\u015ftirildi.<\/p>\n\n<h2>\u00d6nemli Bir Ad\u0131m: Mehmet Akif Hizmet Binas\u0131<\/h2>\n<p>Bu yeni hizmet binas\u0131, Osmangazi Belediyesi&#8217;nin vatanda\u015flara daha etkili ve verimli hizmet sunma hedefinin bir par\u00e7as\u0131 olarak in\u015fa edildi. A\u00e7\u0131l\u0131\u015f t\u00f6reninde konu\u015fan yetkililer, bu t\u00fcr projelerin toplumun ihtiya\u00e7lar\u0131na cevap verme noktas\u0131nda b\u00fcy\u00fck \u00f6nem ta\u015f\u0131d\u0131\u011f\u0131n\u0131 vurgulad\u0131lar.<\/p>\n\n<h3>\u0130nsan Odakl\u0131 Yakla\u015f\u0131m\u0131n \u00d6nemi<\/h3>\n<p>Belediyenin insan odakl\u0131 yakla\u015f\u0131m\u0131, sadece fiziksel yap\u0131larla s\u0131n\u0131rl\u0131 kalmay\u0131p ayn\u0131 zamanda sosyal hizmetleri de kapsamaktad\u0131r. Bu ba\u011flamda yap\u0131lan \u00e7al\u0131\u015fmalarla birlikte vatanda\u015flar\u0131n ya\u015fam kalitesinin art\u0131r\u0131lmas\u0131 hedefleniyor.<\/p>\n\n<h4>T\u00f6ren Detaylar\u0131 ve Kat\u0131l\u0131m<\/h4>\n<p>A\u00e7\u0131l\u0131\u015f t\u00f6renine yerel y\u00f6neticiler ve halk\u0131n yo\u011fun kat\u0131l\u0131m g\u00f6sterdi\u011fi g\u00f6zlemlendi. T\u00f6rende yap\u0131lan konu\u015fmalarda, yeni binan\u0131n sa\u011flad\u0131\u011f\u0131 avantajlar ve gelecekteki projeler hakk\u0131nda bilgi verildi.<\/p>\n\n<p><strong>Kaynak:<\/strong> www.iskenderun.org<\/p>","protected":false},"excerpt":{"rendered":"<p>Osmangazi Belediyesi&#8217;nden Yenilik\u00e7i Hizmet Binas\u0131 A\u00e7\u0131l\u0131\u015f\u0131 Osmangazi Belediyesi, insan odakl\u0131 bir y\u00f6netim anlay\u0131\u015f\u0131n\u0131 benimseyerek, bu do\u011frultuda dikkat \u00e7ekici projelere imza atmaya devam ediyor. Son olarak, d\u00f6rt \u00f6nemli hizmetin tek \u00e7at\u0131 alt\u0131nda sunulaca\u011f\u0131 Mehmet Akif Hizmet Binas\u0131&#8217;n\u0131n a\u00e7\u0131l\u0131\u015f\u0131 ger\u00e7ekle\u015ftirildi. \u00d6nemli Bir Ad\u0131m: Mehmet Akif Hizmet Binas\u0131 Bu yeni hizmet binas\u0131, Osmangazi Belediyesi&#8217;nin vatanda\u015flara daha etkili ve verimli hizmet sunma hedefinin bir par\u00e7as\u0131 olarak in\u015fa edildi. A\u00e7\u0131l\u0131\u015f t\u00f6reninde konu\u015fan yetkililer, bu t\u00fcr projelerin toplumun ihtiya\u00e7lar\u0131na cevap verme noktas\u0131nda b\u00fcy\u00fck \u00f6nem ta\u015f\u0131d\u0131\u011f\u0131n\u0131 vurgulad\u0131lar. \u0130nsan Odakl\u0131 Yakla\u015f\u0131m\u0131n \u00d6nemi Belediyenin insan odakl\u0131 yakla\u015f\u0131m\u0131, sadece fiziksel yap\u0131larla s\u0131n\u0131rl\u0131 kalmay\u0131p ayn\u0131 zamanda sosyal hizmetleri de kapsamaktad\u0131r. Bu ba\u011flamda yap\u0131lan \u00e7al\u0131\u015fmalarla birlikte vatanda\u015flar\u0131n ya\u015fam kalitesinin art\u0131r\u0131lmas\u0131 hedefleniyor. T\u00f6ren Detaylar\u0131 ve Kat\u0131l\u0131m A\u00e7\u0131l\u0131\u015f t\u00f6renine yerel y\u00f6neticiler ve halk\u0131n yo\u011fun kat\u0131l\u0131m g\u00f6sterdi\u011fi g\u00f6zlemlendi. T\u00f6rende yap\u0131lan konu\u015fmalarda, yeni binan\u0131n sa\u011flad\u0131\u011f\u0131 avantajlar ve gelecekteki projeler hakk\u0131nda bilgi verildi. Kaynak: www.iskenderun.org<\/p>","protected":false},"author":0,"featured_media":0,"comment_status":"open","ping_status":"open","sticky":false,"template":"","format":"standard","meta":{"_acf_changed":false,"footnotes":""},"categories":[24,535],"tags":[],"class_list":["post-4743","post","type-post","status-publish","format-standard","has-post-thumbnail","hentry","category-gundem","category-uncategorized-tr"],"acf":[],"yoast_head":"<!-- This site is optimized with the Yoast SEO Premium plugin v26.6 (Yoast SEO v27.1.1) - https:\/\/yoast.com\/product\/yoast-seo-premium-wordpress\/ -->\n<title>Mehmet Akif Mahallesi\u2019ne 4\u2019\u00fc 1 arada hizmet - Av. Deniz Can K\u0131z\u0131l<\/title>\n<meta name=\"robots\" content=\"index, follow, max-snippet:-1, max-image-preview:large, max-video-preview:-1\" \/>\n<link rel=\"canonical\" href=\"https:\/\/denizcankizil.tr\/de\/haberler\/gundem\/mehmet-akif-mahallesine-4u-1-arada-hizmet\/\" \/>\n<meta property=\"og:locale\" content=\"de_DE\" \/>\n<meta property=\"og:type\" content=\"article\" \/>\n<meta property=\"og:title\" content=\"Mehmet Akif Mahallesi\u2019ne 4\u2019\u00fc 1 arada hizmet\" \/>\n<meta property=\"og:description\" content=\"Osmangazi Belediyesi&#8217;nden Yenilik\u00e7i Hizmet Binas\u0131 A\u00e7\u0131l\u0131\u015f\u0131 Osmangazi Belediyesi, insan odakl\u0131 bir y\u00f6netim anlay\u0131\u015f\u0131n\u0131 benimseyerek, bu do\u011frultuda dikkat \u00e7ekici projelere imza atmaya devam ediyor. Son olarak, d\u00f6rt \u00f6nemli hizmetin tek \u00e7at\u0131 alt\u0131nda sunulaca\u011f\u0131 Mehmet Akif Hizmet Binas\u0131&#8217;n\u0131n a\u00e7\u0131l\u0131\u015f\u0131 ger\u00e7ekle\u015ftirildi. \u00d6nemli Bir Ad\u0131m: Mehmet Akif Hizmet Binas\u0131 Bu yeni hizmet binas\u0131, Osmangazi Belediyesi&#8217;nin vatanda\u015flara daha etkili ve verimli hizmet sunma hedefinin bir par\u00e7as\u0131 olarak in\u015fa edildi. A\u00e7\u0131l\u0131\u015f t\u00f6reninde konu\u015fan yetkililer, bu t\u00fcr projelerin toplumun ihtiya\u00e7lar\u0131na cevap verme noktas\u0131nda b\u00fcy\u00fck \u00f6nem ta\u015f\u0131d\u0131\u011f\u0131n\u0131 vurgulad\u0131lar. \u0130nsan Odakl\u0131 Yakla\u015f\u0131m\u0131n \u00d6nemi Belediyenin insan odakl\u0131 yakla\u015f\u0131m\u0131, sadece fiziksel yap\u0131larla s\u0131n\u0131rl\u0131 kalmay\u0131p ayn\u0131 zamanda sosyal hizmetleri de kapsamaktad\u0131r. Bu ba\u011flamda yap\u0131lan \u00e7al\u0131\u015fmalarla birlikte vatanda\u015flar\u0131n ya\u015fam kalitesinin art\u0131r\u0131lmas\u0131 hedefleniyor. T\u00f6ren Detaylar\u0131 ve Kat\u0131l\u0131m A\u00e7\u0131l\u0131\u015f t\u00f6renine yerel y\u00f6neticiler ve halk\u0131n yo\u011fun kat\u0131l\u0131m g\u00f6sterdi\u011fi g\u00f6zlemlendi. T\u00f6rende yap\u0131lan konu\u015fmalarda, yeni binan\u0131n sa\u011flad\u0131\u011f\u0131 avantajlar ve gelecekteki projeler hakk\u0131nda bilgi verildi. Kaynak: www.iskenderun.org\" \/>\n<meta property=\"og:url\" content=\"https:\/\/denizcankizil.tr\/de\/haberler\/gundem\/mehmet-akif-mahallesine-4u-1-arada-hizmet\/\" \/>\n<meta property=\"og:site_name\" content=\"Av. Deniz Can K\u0131z\u0131l\" \/>\n<meta property=\"article:published_time\" content=\"2024-10-19T20:43:08+00:00\" \/>\n<meta property=\"article:modified_time\" content=\"2024-10-19T20:43:14+00:00\" \/>\n<meta name=\"twitter:card\" content=\"summary_large_image\" \/>\n<meta name=\"twitter:label1\" content=\"Gesch\u00e4tzte Lesezeit\" \/>\n\t<meta name=\"twitter:data1\" content=\"1\u00a0Minute\" \/>\n<script type=\"application\/ld+json\" class=\"yoast-schema-graph\">{\"@context\":\"https:\/\/schema.org\",\"@graph\":[{\"@type\":\"Article\",\"@id\":\"https:\/\/denizcankizil.tr\/de\/haberler\/gundem\/mehmet-akif-mahallesine-4u-1-arada-hizmet\/#article\",\"isPartOf\":{\"@id\":\"https:\/\/denizcankizil.tr\/de\/haberler\/gundem\/mehmet-akif-mahallesine-4u-1-arada-hizmet\/\"},\"author\":{\"name\":\"\",\"@id\":\"\"},\"headline\":\"Mehmet Akif Mahallesi\u2019ne 4\u2019\u00fc 1 arada hizmet\",\"datePublished\":\"2024-10-19T20:43:08+00:00\",\"dateModified\":\"2024-10-19T20:43:14+00:00\",\"mainEntityOfPage\":{\"@id\":\"https:\/\/denizcankizil.tr\/de\/haberler\/gundem\/mehmet-akif-mahallesine-4u-1-arada-hizmet\/\"},\"wordCount\":211,\"commentCount\":0,\"publisher\":{\"@id\":\"https:\/\/denizcankizil.tr\/de\/#organization\"},\"articleSection\":[\"G\u00fcndem\",\"Uncategorized\"],\"inLanguage\":\"de\",\"potentialAction\":[{\"@type\":\"CommentAction\",\"name\":\"Comment\",\"target\":[\"https:\/\/denizcankizil.tr\/de\/haberler\/gundem\/mehmet-akif-mahallesine-4u-1-arada-hizmet\/#respond\"]}]},{\"@type\":\"WebPage\",\"@id\":\"https:\/\/denizcankizil.tr\/de\/haberler\/gundem\/mehmet-akif-mahallesine-4u-1-arada-hizmet\/\",\"url\":\"https:\/\/denizcankizil.tr\/de\/haberler\/gundem\/mehmet-akif-mahallesine-4u-1-arada-hizmet\/\",\"name\":\"Mehmet Akif Mahallesi\u2019ne 4\u2019\u00fc 1 arada hizmet - Av. Deniz Can K\u0131z\u0131l\",\"isPartOf\":{\"@id\":\"https:\/\/denizcankizil.tr\/de\/#website\"},\"datePublished\":\"2024-10-19T20:43:08+00:00\",\"dateModified\":\"2024-10-19T20:43:14+00:00\",\"breadcrumb\":{\"@id\":\"https:\/\/denizcankizil.tr\/de\/haberler\/gundem\/mehmet-akif-mahallesine-4u-1-arada-hizmet\/#breadcrumb\"},\"inLanguage\":\"de\",\"potentialAction\":[{\"@type\":\"ReadAction\",\"target\":[\"https:\/\/denizcankizil.tr\/de\/haberler\/gundem\/mehmet-akif-mahallesine-4u-1-arada-hizmet\/\"]}]},{\"@type\":\"BreadcrumbList\",\"@id\":\"https:\/\/denizcankizil.tr\/de\/haberler\/gundem\/mehmet-akif-mahallesine-4u-1-arada-hizmet\/#breadcrumb\",\"itemListElement\":[{\"@type\":\"ListItem\",\"position\":1,\"name\":\"Home\",\"item\":\"https:\/\/denizcankizil.tr\/de\/\"},{\"@type\":\"ListItem\",\"position\":2,\"name\":\"Mehmet Akif Mahallesi\u2019ne 4\u2019\u00fc 1 arada hizmet\"}]},{\"@type\":\"WebSite\",\"@id\":\"https:\/\/denizcankizil.tr\/de\/#website\",\"url\":\"https:\/\/denizcankizil.tr\/de\/\",\"name\":\"Av. Deniz Can K\u0131z\u0131l\",\"description\":\"Avukat Deniz Can K\u0131z\u0131l Antalya Barosu\",\"publisher\":{\"@id\":\"https:\/\/denizcankizil.tr\/de\/#organization\"},\"potentialAction\":[{\"@type\":\"SearchAction\",\"target\":{\"@type\":\"EntryPoint\",\"urlTemplate\":\"https:\/\/denizcankizil.tr\/de\/?s={search_term_string}\"},\"query-input\":{\"@type\":\"PropertyValueSpecification\",\"valueRequired\":true,\"valueName\":\"search_term_string\"}}],\"inLanguage\":\"de\"},{\"@type\":\"Organization\",\"@id\":\"https:\/\/denizcankizil.tr\/de\/#organization\",\"name\":\"Av. Deniz Can K\u0131z\u0131l\",\"url\":\"https:\/\/denizcankizil.tr\/de\/\",\"logo\":{\"@type\":\"ImageObject\",\"inLanguage\":\"de\",\"@id\":\"https:\/\/denizcankizil.tr\/de\/#\/schema\/logo\/image\/\",\"url\":\"https:\/\/denizcankizil.tr\/wp-content\/uploads\/2024\/10\/siyah-logo-svg.svg\",\"contentUrl\":\"https:\/\/denizcankizil.tr\/wp-content\/uploads\/2024\/10\/siyah-logo-svg.svg\",\"width\":1080,\"height\":1080,\"caption\":\"Av. Deniz Can K\u0131z\u0131l\"},\"image\":{\"@id\":\"https:\/\/denizcankizil.tr\/de\/#\/schema\/logo\/image\/\"}}]}<\/script>\n<!-- \/ Yoast SEO Premium plugin. -->","yoast_head_json":{"title":"Mehmet Akif Mahallesi\u2019ne 4\u2019\u00fc 1 arada hizmet - Av. Deniz Can K\u0131z\u0131l","robots":{"index":"index","follow":"follow","max-snippet":"max-snippet:-1","max-image-preview":"max-image-preview:large","max-video-preview":"max-video-preview:-1"},"canonical":"https:\/\/denizcankizil.tr\/de\/haberler\/gundem\/mehmet-akif-mahallesine-4u-1-arada-hizmet\/","og_locale":"de_DE","og_type":"article","og_title":"Mehmet Akif Mahallesi\u2019ne 4\u2019\u00fc 1 arada hizmet","og_description":"Osmangazi Belediyesi&#8217;nden Yenilik\u00e7i Hizmet Binas\u0131 A\u00e7\u0131l\u0131\u015f\u0131 Osmangazi Belediyesi, insan odakl\u0131 bir y\u00f6netim anlay\u0131\u015f\u0131n\u0131 benimseyerek, bu do\u011frultuda dikkat \u00e7ekici projelere imza atmaya devam ediyor. Son olarak, d\u00f6rt \u00f6nemli hizmetin tek \u00e7at\u0131 alt\u0131nda sunulaca\u011f\u0131 Mehmet Akif Hizmet Binas\u0131&#8217;n\u0131n a\u00e7\u0131l\u0131\u015f\u0131 ger\u00e7ekle\u015ftirildi. \u00d6nemli Bir Ad\u0131m: Mehmet Akif Hizmet Binas\u0131 Bu yeni hizmet binas\u0131, Osmangazi Belediyesi&#8217;nin vatanda\u015flara daha etkili ve verimli hizmet sunma hedefinin bir par\u00e7as\u0131 olarak in\u015fa edildi. A\u00e7\u0131l\u0131\u015f t\u00f6reninde konu\u015fan yetkililer, bu t\u00fcr projelerin toplumun ihtiya\u00e7lar\u0131na cevap verme noktas\u0131nda b\u00fcy\u00fck \u00f6nem ta\u015f\u0131d\u0131\u011f\u0131n\u0131 vurgulad\u0131lar. \u0130nsan Odakl\u0131 Yakla\u015f\u0131m\u0131n \u00d6nemi Belediyenin insan odakl\u0131 yakla\u015f\u0131m\u0131, sadece fiziksel yap\u0131larla s\u0131n\u0131rl\u0131 kalmay\u0131p ayn\u0131 zamanda sosyal hizmetleri de kapsamaktad\u0131r. Bu ba\u011flamda yap\u0131lan \u00e7al\u0131\u015fmalarla birlikte vatanda\u015flar\u0131n ya\u015fam kalitesinin art\u0131r\u0131lmas\u0131 hedefleniyor. T\u00f6ren Detaylar\u0131 ve Kat\u0131l\u0131m A\u00e7\u0131l\u0131\u015f t\u00f6renine yerel y\u00f6neticiler ve halk\u0131n yo\u011fun kat\u0131l\u0131m g\u00f6sterdi\u011fi g\u00f6zlemlendi. T\u00f6rende yap\u0131lan konu\u015fmalarda, yeni binan\u0131n sa\u011flad\u0131\u011f\u0131 avantajlar ve gelecekteki projeler hakk\u0131nda bilgi verildi. Kaynak: www.iskenderun.org","og_url":"https:\/\/denizcankizil.tr\/de\/haberler\/gundem\/mehmet-akif-mahallesine-4u-1-arada-hizmet\/","og_site_name":"Av. Deniz Can K\u0131z\u0131l","article_published_time":"2024-10-19T20:43:08+00:00","article_modified_time":"2024-10-19T20:43:14+00:00","twitter_card":"summary_large_image","twitter_misc":{"Gesch\u00e4tzte Lesezeit":"1\u00a0Minute"},"schema":{"@context":"https:\/\/schema.org","@graph":[{"@type":"Article","@id":"https:\/\/denizcankizil.tr\/de\/haberler\/gundem\/mehmet-akif-mahallesine-4u-1-arada-hizmet\/#article","isPartOf":{"@id":"https:\/\/denizcankizil.tr\/de\/haberler\/gundem\/mehmet-akif-mahallesine-4u-1-arada-hizmet\/"},"author":{"name":"","@id":""},"headline":"Mehmet Akif Mahallesi\u2019ne 4\u2019\u00fc 1 arada hizmet","datePublished":"2024-10-19T20:43:08+00:00","dateModified":"2024-10-19T20:43:14+00:00","mainEntityOfPage":{"@id":"https:\/\/denizcankizil.tr\/de\/haberler\/gundem\/mehmet-akif-mahallesine-4u-1-arada-hizmet\/"},"wordCount":211,"commentCount":0,"publisher":{"@id":"https:\/\/denizcankizil.tr\/de\/#organization"},"articleSection":["G\u00fcndem","Uncategorized"],"inLanguage":"de","potentialAction":[{"@type":"CommentAction","name":"Comment","target":["https:\/\/denizcankizil.tr\/de\/haberler\/gundem\/mehmet-akif-mahallesine-4u-1-arada-hizmet\/#respond"]}]},{"@type":"WebPage","@id":"https:\/\/denizcankizil.tr\/de\/haberler\/gundem\/mehmet-akif-mahallesine-4u-1-arada-hizmet\/","url":"https:\/\/denizcankizil.tr\/de\/haberler\/gundem\/mehmet-akif-mahallesine-4u-1-arada-hizmet\/","name":"Mehmet Akif Mahallesi\u2019ne 4\u2019\u00fc 1 arada hizmet - Av. Deniz Can K\u0131z\u0131l","isPartOf":{"@id":"https:\/\/denizcankizil.tr\/de\/#website"},"datePublished":"2024-10-19T20:43:08+00:00","dateModified":"2024-10-19T20:43:14+00:00","breadcrumb":{"@id":"https:\/\/denizcankizil.tr\/de\/haberler\/gundem\/mehmet-akif-mahallesine-4u-1-arada-hizmet\/#breadcrumb"},"inLanguage":"de","potentialAction":[{"@type":"ReadAction","target":["https:\/\/denizcankizil.tr\/de\/haberler\/gundem\/mehmet-akif-mahallesine-4u-1-arada-hizmet\/"]}]},{"@type":"BreadcrumbList","@id":"https:\/\/denizcankizil.tr\/de\/haberler\/gundem\/mehmet-akif-mahallesine-4u-1-arada-hizmet\/#breadcrumb","itemListElement":[{"@type":"ListItem","position":1,"name":"Home","item":"https:\/\/denizcankizil.tr\/de\/"},{"@type":"ListItem","position":2,"name":"Mehmet Akif Mahallesi\u2019ne 4\u2019\u00fc 1 arada hizmet"}]},{"@type":"WebSite","@id":"https:\/\/denizcankizil.tr\/de\/#website","url":"https:\/\/denizcankizil.tr\/de\/","name":"Av. Deniz Can K\u0131z\u0131l","description":"Avukat Deniz Can K\u0131z\u0131l Antalya Barosu","publisher":{"@id":"https:\/\/denizcankizil.tr\/de\/#organization"},"potentialAction":[{"@type":"SearchAction","target":{"@type":"EntryPoint","urlTemplate":"https:\/\/denizcankizil.tr\/de\/?s={search_term_string}"},"query-input":{"@type":"PropertyValueSpecification","valueRequired":true,"valueName":"search_term_string"}}],"inLanguage":"de"},{"@type":"Organization","@id":"https:\/\/denizcankizil.tr\/de\/#organization","name":"Av. Deniz Can K\u0131z\u0131l","url":"https:\/\/denizcankizil.tr\/de\/","logo":{"@type":"ImageObject","inLanguage":"de","@id":"https:\/\/denizcankizil.tr\/de\/#\/schema\/logo\/image\/","url":"https:\/\/denizcankizil.tr\/wp-content\/uploads\/2024\/10\/siyah-logo-svg.svg","contentUrl":"https:\/\/denizcankizil.tr\/wp-content\/uploads\/2024\/10\/siyah-logo-svg.svg","width":1080,"height":1080,"caption":"Av. Deniz Can K\u0131z\u0131l"},"image":{"@id":"https:\/\/denizcankizil.tr\/de\/#\/schema\/logo\/image\/"}}]}},"_links":{"self":[{"href":"https:\/\/denizcankizil.tr\/de\/wp-json\/wp\/v2\/posts\/4743","targetHints":{"allow":["GET"]}}],"collection":[{"href":"https:\/\/denizcankizil.tr\/de\/wp-json\/wp\/v2\/posts"}],"about":[{"href":"https:\/\/denizcankizil.tr\/de\/wp-json\/wp\/v2\/types\/post"}],"replies":[{"embeddable":true,"href":"https:\/\/denizcankizil.tr\/de\/wp-json\/wp\/v2\/comments?post=4743"}],"version-history":[{"count":1,"href":"https:\/\/denizcankizil.tr\/de\/wp-json\/wp\/v2\/posts\/4743\/revisions"}],"predecessor-version":[{"id":4744,"href":"https:\/\/denizcankizil.tr\/de\/wp-json\/wp\/v2\/posts\/4743\/revisions\/4744"}],"wp:attachment":[{"href":"https:\/\/denizcankizil.tr\/de\/wp-json\/wp\/v2\/media?parent=4743"}],"wp:term":[{"taxonomy":"category","embeddable":true,"href":"https:\/\/denizcankizil.tr\/de\/wp-json\/wp\/v2\/categories?post=4743"},{"taxonomy":"post_tag","embeddable":true,"href":"https:\/\/denizcankizil.tr\/de\/wp-json\/wp\/v2\/tags?post=4743"}],"curies":[{"name":"wp","href":"https:\/\/api.w.org\/{rel}","templated":true}]}}