{"id":46317,"date":"2025-04-05T12:28:00","date_gmt":"2025-04-05T09:28:00","guid":{"rendered":"https:\/\/denizcankizil.tr\/uncategorized-tr\/tbb-baskani-sagkan-savunma-susmaz-savunma-durmaz-savunma-boyun-egmez\/"},"modified":"2025-04-05T12:28:00","modified_gmt":"2025-04-05T09:28:00","slug":"tbb-baskani-sagkan-savunma-susmaz-savunma-durmaz-savunma-boyun-egmez","status":"publish","type":"post","link":"https:\/\/denizcankizil.tr\/de\/hukukihaber\/tbb-baskani-sagkan-savunma-susmaz-savunma-durmaz-savunma-boyun-egmez\/","title":{"rendered":"TBB Ba\u015fkan\u0131 Sa\u011fkan: Savunma susmaz! Savunma durmaz! Savunma boyun e\u011fmez!"},"content":{"rendered":"<p>T\u00fcrkiye Barolar Birli\u011fi&#8217;ne (TBB) ba\u011fl\u0131 avukatlar, &#8220;Savunman\u0131n Ba\u011f\u0131ms\u0131zl\u0131\u011f\u0131, Hukuka Sayg\u0131&#8221; slogan\u0131yla Ankara&#8217;da bir araya geldi.<\/p>\n<p>TBB binas\u0131nda bulu\u015fan 81 ilin baro ba\u015fkanlar\u0131 ve T\u00fcrkiye Barolar Birli\u011fi y\u00f6netimi ile avukatlar, Ankara An\u0131tpark&#8217;a y\u00fcr\u00fcd\u00fc.<\/p>\n<p>T\u00fcrkiye Barolar Birli\u011fi Ba\u015fkan\u0131 Av. R. Erin\u00e7 Sa\u011fkan&#8217;\u0131n An\u0131tpark\u2019ta yapt\u0131\u011f\u0131 bas\u0131n\u00a0a\u00e7\u0131klamas\u0131 \u015f\u00f6yle;<\/p>\n<p>\u201cSavunman\u0131n Ba\u011f\u0131ms\u0131zl\u0131\u011f\u0131 ve Hukuka Sayg\u0131\u201d <\/p>\n<p>K\u0131ymetli Meslekta\u015flar\u0131m, K\u0131ymetli Yol Arkada\u015flar\u0131m,<\/p>\n<p>Bu g\u00fczel \u00fclkenin d\u00f6rt bir yan\u0131ndan yola \u00e7\u0131k\u0131p burada, Ba\u015fkent\u2019te, Cumhuriyetimizin kalbinde bulu\u015fan; sabah\u0131n ilk \u0131\u015f\u0131klar\u0131yla c\u00fcbbesini omuzlayan, hakk\u0131, hukuku ve adaleti savunmak i\u00e7in yola koyulan; burada olan ya da fiziken burada olamasa da y\u00fcre\u011fiyle, zihniyle aram\u0131zda bulunan t\u00fcm meslekta\u015flar\u0131m\u0131 sayg\u0131yla, sevgiyle ve ortak m\u00fccadelemizin co\u015fkusuyla selaml\u0131yorum!<\/p>\n<p>Bug\u00fcn yaln\u0131zca 5 Nisan Avukatlar G\u00fcn\u00fc dolay\u0131s\u0131yla d\u00fczenledi\u011fimiz bir y\u00fcr\u00fcy\u00fc\u015fte de\u011fil; savunma mesle\u011finin onurunu ve toplumsal sorumlulu\u011funu birlikte hayk\u0131raca\u011f\u0131m\u0131z bir d\u00f6n\u00fcm noktas\u0131nda bir araya geldik.<\/p>\n<p>5 Nisan Avukatlar G\u00fcn\u00fc\u2019nde, mesle\u011fimizin onurunu ve hukuk devletinin temel ilkelerini savunma kararl\u0131l\u0131\u011f\u0131m\u0131z\u0131n alt\u0131n\u0131 bir kez daha \u00e7iziyoruz. Avukatlar, yaln\u0131zca bireylerin haklar\u0131n\u0131 de\u011fil, ayn\u0131 zamanda hukukun \u00fcst\u00fcnl\u00fc\u011f\u00fcn\u00fc, adil yarg\u0131lanma hakk\u0131n\u0131 ve demokratik toplum d\u00fczenini koruma sorumlulu\u011funu ta\u015f\u0131yorlar. Hukuk devleti ilkesinin a\u015f\u0131nd\u0131\u011f\u0131, yarg\u0131n\u0131n ba\u011f\u0131ms\u0131zl\u0131\u011f\u0131n\u0131n zedelendi\u011fi ve savunma makam\u0131n\u0131n sistematik bi\u00e7imde bask\u0131 alt\u0131na al\u0131nmaya \u00e7al\u0131\u015f\u0131ld\u0131\u011f\u0131, avukatl\u0131k mesle\u011finin icras\u0131n\u0131 zorla\u015ft\u0131ran hukuki, ekonomik ve sosyal engellerin giderek artt\u0131\u011f\u0131 bir ortamda; savunma hakk\u0131n\u0131, meslek \u00f6rg\u00fctlerimizin ba\u011f\u0131ms\u0131zl\u0131\u011f\u0131n\u0131 ve hukukun \u00fcst\u00fcnl\u00fc\u011f\u00fcn\u00fc koruma sorumlulu\u011fuyla hareket ediyoruz.<\/p>\n<p>Bug\u00fcn 5 Nisan Avukatlar G\u00fcn\u00fc\u2026 Ayn\u0131 zamanda, yaln\u0131zca \u00fclkemizin de\u011fil, d\u00fcnyan\u0131n say\u0131 bak\u0131m\u0131ndan en b\u00fcy\u00fck barolar\u0131ndan biri olan \u0130stanbul Barosunun da kurulu\u015f y\u0131ld\u00f6n\u00fcm\u00fc&#8230; Ancak ne yaz\u0131k ki, 147 y\u0131ll\u0131k bu k\u00f6kl\u00fc kurumun se\u00e7ilmi\u015f y\u00f6netimi bug\u00fcn hukukla de\u011fil; haks\u0131zl\u0131kla mesnetsiz iddialarla, hukuka ayk\u0131r\u0131 yarg\u0131 kararlar\u0131yla g\u00f6revinden uzakla\u015ft\u0131r\u0131lmak isteniyor.<\/p>\n<p>\u0130stanbul Barosu, istibdada da i\u015fgal mahkemelerine de kar\u015f\u0131 duru\u015f g\u00f6stermi\u015f, darbe d\u00f6nemlerinde hukukun onurunu ayakta tutmu\u015f; bu halk\u0131n y\u00fcz y\u0131ll\u0131k ba\u011f\u0131ms\u0131zl\u0131k ve demokrasi m\u00fccadelesinde adaletin ta\u015f\u0131y\u0131c\u0131s\u0131 olmu\u015ftur. Bug\u00fcn, b\u00f6ylesine k\u00f6kl\u00fc bir meslek \u00f6rg\u00fct\u00fcne y\u00f6nelen m\u00fcdahale, yaln\u0131zca bir kuruma de\u011fil, \u0130stanbul Barosu \u00fcyesi on binlerce meslekta\u015f\u0131m\u0131z\u0131n iradesine ve avukatl\u0131k mesle\u011finin \u00f6z\u00fcne d\u00f6n\u00fck bir tehdit niteli\u011fi ta\u015f\u0131maktad\u0131r.<\/p>\n<p>\u015eunu a\u00e7\u0131k\u00e7a ifade ediyoruz: Barolar\u0131 susturulmak istenen bir \u00fclkede, savunman\u0131n sesi bast\u0131r\u0131lmak isteniyor demektir. Ama biz buraday\u0131z; meslek \u00f6rg\u00fct\u00fcm\u00fcze, mesle\u011fimizin onuruna ve hukukun \u00fcst\u00fcnl\u00fc\u011f\u00fcne sahip \u00e7\u0131k\u0131yoruz. Ve biliyoruz: Bu ses, susturulamaz!<\/p>\n<p>Art\u0131k 5 Nisan, bu \u00fclkenin avukatlar\u0131 i\u00e7in yaln\u0131zca bir kutlama g\u00fcn\u00fc de\u011fildir. Bu tarih, adaletin yaln\u0131z b\u0131rak\u0131ld\u0131\u011f\u0131 her an\u0131 hat\u0131rlatan; suskunluk dayat\u0131ld\u0131\u011f\u0131nda y\u00fckselen sesin, geri ad\u0131m istenildi\u011finde \u00f6ne \u00e7\u0131kan iradenin g\u00fcn\u00fcd\u00fcr. 5 Nisan Avukatlar G\u00fcn\u00fc yaln\u0131zca bir meslek g\u00fcn\u00fc de\u011fil, bu \u00fclkede adalet i\u00e7in m\u00fccadele eden herkesin g\u00fcn\u00fcd\u00fcr. Bug\u00fcn yaln\u0131zca c\u00fcbbemizi ta\u015f\u0131makla yetinmedi\u011fimiz; ayn\u0131 zamanda onun alt\u0131ndaki ac\u0131y\u0131, \u00f6fkeyi ve umudu birlikte dile getirdi\u011fimiz, bast\u0131r\u0131lan umutlar\u0131, ertelenen adaleti yeniden hayk\u0131rd\u0131\u011f\u0131m\u0131z bir g\u00fcnd\u00fcr.<\/p>\n<p>Bug\u00fcn birlikte att\u0131\u011f\u0131m\u0131z her ad\u0131m, hukuk devleti ilkesine y\u00f6nelen tehditlere kar\u015f\u0131 bir hat\u0131rlatma, bir uyar\u0131 ve sars\u0131lmaz bir duru\u015ftur. Ve bug\u00fcn burada olmak; \u201cSavunma susmad\u0131, susmayacak!\u201d deme kararl\u0131l\u0131\u011f\u0131m\u0131z\u0131n ifadesidir. Buradaki bu bulu\u015fma yaln\u0131zca fiziki bir toplanma de\u011fil; ge\u00e7mi\u015ften gelece\u011fe devrolan haf\u0131zan\u0131n h\u00e2milli\u011fi, i\u00e7inde bulundu\u011fumuz d\u00f6nemin \u015fahitli\u011fi ve tarihe d\u00fc\u015f\u00fclen bir nottur!<\/p>\n<p>*<br \/>\nHukukun ara\u00e7salla\u015ft\u0131\u011f\u0131, hukuksuzlu\u011fun ise ola\u011fanla\u015ft\u0131\u011f\u0131 bir d\u00f6nemdeyiz. \u00dclke \u00e7ap\u0131nda milyonlarca se\u00e7menin iradesinin yok say\u0131ld\u0131\u011f\u0131; se\u00e7me ve se\u00e7ilme hakk\u0131n\u0131n ihlal edildi\u011fi; anayasal haklar\u0131n\u0131 kullanmak isteyen gen\u00e7lerin, \u00fcniversitelilerin yaln\u0131zca bedenlerine de\u011fil gelecek umutlar\u0131na da y\u00f6nelmi\u015f bir \u015fiddetle kar\u015f\u0131 kar\u015f\u0131ya b\u0131rak\u0131ld\u0131\u011f\u0131 g\u00fcnlerdeyiz.<\/p>\n<p>Hukuk devleti ilkesiyle ba\u011fda\u015fmayan, yarg\u0131n\u0131n tarafs\u0131zl\u0131\u011f\u0131n\u0131 ve ba\u011f\u0131ms\u0131zl\u0131\u011f\u0131n\u0131 ihlal eden, y\u00fcr\u00fctmenin yarg\u0131 s\u00fcre\u00e7lerine do\u011frudan m\u00fcdahale etti\u011fi duygusunu g\u00fc\u00e7lendiren hukuka ayk\u0131r\u0131 \u00e7ok say\u0131da uygulamaya tan\u0131kl\u0131k ediyoruz. Bu s\u00fcre\u00e7te do\u011frudan siyasi sonu\u00e7lar yaratan i\u015flemleri nedeniyle, yarg\u0131n\u0131n siyasi saiklerle hareket etmeye zorland\u0131\u011f\u0131 izlenimi do\u011furan; ki\u015filerin ve avukatlar\u0131n ifade \u00f6zg\u00fcrl\u00fc\u011f\u00fc, toplant\u0131 ve g\u00f6steri y\u00fcr\u00fcy\u00fc\u015f\u00fc hakk\u0131 gibi anayasal haklar\u0131n\u0131 a\u00e7\u0131k\u00e7a ihlal eden geli\u015fmeler ya\u015fan\u0131yor. Mahkemelerin, hukukun temel ilkelerine ve yerle\u015fik i\u00e7tihada ayk\u0131r\u0131 \u015fekilde verdi\u011fi kararlar, yurtta\u015flar\u0131n hukuka olan g\u00fcvenini derinden sars\u0131yor.<\/p>\n<p>Mahkeme salonlar\u0131nda art\u0131k adaletin sesi de\u011fil, suskunlu\u011fu yank\u0131lan\u0131yor. Haks\u0131z tutuklamalar, istisnalar de\u011fil, sistemli bir hukuksuzlu\u011fun ifadesi h\u00e2line gelmi\u015f durumda. Hukuka ayk\u0131r\u0131 tutuklamalar nedeniyle y\u00fczlerce gen\u00e7, ge\u00e7ti\u011fimiz bayram sabah\u0131na ailelerinden, \u00f6zg\u00fcrl\u00fcklerinden mahrum bir bi\u00e7imde uyanmak zorunda kald\u0131.<\/p>\n<p>Her yerde s\u00f6yl\u00fcyoruz: Bu \u00fclkede, anayasal haklar\u0131n\u0131 kulland\u0131klar\u0131 i\u00e7in m\u00fcdahaleye u\u011frayan gen\u00e7lerin, \u00f6\u011frencilerin, yurtta\u015flar\u0131n yaln\u0131z olmad\u0131klar\u0131n\u0131 hissettiren avukatlar var! Bug\u00fcn bir kez daha g\u00f6r\u00fcyoruz ki, avukatl\u0131k yaln\u0131zca bir meslek de\u011fil; hukukun, hak ve \u00f6zg\u00fcrl\u00fcklerin, adaletin sesi olma sorumlulu\u011fudur. \u00c7\u00fcnk\u00fc haklar\u0131 ihlal edilen ma\u011fdurlar\u0131n talepleri bizim i\u00e7in yaln\u0131zca hukuki bir vaka de\u011fil, adalete eri\u015fim hakk\u0131n\u0131 ger\u00e7e\u011fe d\u00f6n\u00fc\u015ft\u00fcrme sorumlulu\u011fumuzu hat\u0131rlatan bir yard\u0131m \u00e7a\u011fr\u0131s\u0131d\u0131r.<\/p>\n<p>De\u011ferli Meslekta\u015flar\u0131m,<\/p>\n<p>Avukatl\u0131k yaln\u0131zca bir meslek de\u011fil, bir adanm\u0131\u015fl\u0131kt\u0131r. Her g\u00fcn yeniden kurulan bir sorumluluk, her duru\u015fmada yeniden hat\u0131rlanan bir ilkedir. C\u00fcbbemizin d\u00fc\u011fmesiz olu\u015fu, hi\u00e7bir otoriteye boyun e\u011fmeyece\u011fimizin; cepsiz olu\u015fu ise hi\u00e7 kimseden hi\u00e7bir makamdan menfaat beklemeyece\u011fimizin simgesidir.<\/p>\n<p>Bizler, yaln\u0131zca hukukun temsilcisi de\u011fil, ayn\u0131 zamanda vicdan\u0131n da ta\u015f\u0131y\u0131c\u0131lar\u0131y\u0131z. Ve \u015fimdiye kadar hi\u00e7bir g\u00fc\u00e7 bu vicdan\u0131 susturamad\u0131, susturamayacak. Ne G\u00fcm\u00fc\u015fhane Baro Ba\u015fkan\u0131m\u0131z Ali G\u00fcnday\u2019\u0131 ne de d\u00f6rt ayakl\u0131 minare alt\u0131nda Diyarbak\u0131r Baro Ba\u015fkan\u0131m\u0131z Tahir El\u00e7i\u2019yi katlettiklerinde sindik\u2026 Susmad\u0131k, korkmad\u0131k, biat etmedik, itaat etmedik.<\/p>\n<p>\u00dc\u00e7 y\u0131l\u0131 geride b\u0131rakan y\u00f6netim d\u00f6nemimizde \u00fc\u00e7\u00fcnc\u00fc kez T\u00fcrkiye Barolar Birli\u011fi ve Barolar\u0131m\u0131z\u0131n ortak \u00e7a\u011fr\u0131s\u0131yla y\u00fcr\u00fcyoruz: Meslekta\u015f\u0131m\u0131z Can Atalay hakk\u0131nda verilen Anayasa Mahkemesi karar\u0131na uyulmad\u0131\u011f\u0131nda hukuka sayg\u0131 i\u00e7in, 27 Nisan B\u00fcy\u00fck Avukat Mitinginde savunman\u0131n ba\u011f\u0131ms\u0131zl\u0131\u011f\u0131 i\u00e7in y\u00fcr\u00fcd\u00fck; bug\u00fcn ya\u015fanan hukuksuzluklara ve mesle\u011fimizin s\u0131k\u0131\u015ft\u0131r\u0131lmaya \u00e7al\u0131\u015f\u0131ld\u0131\u011f\u0131 kaosa kar\u015f\u0131 da \u201csavunman\u0131n ba\u011f\u0131ms\u0131zl\u0131\u011f\u0131 ve hukuka sayg\u0131\u201d ana ba\u015fl\u0131\u011f\u0131yla y\u00fcr\u00fcyoruz.<\/p>\n<p>Bug\u00fcn yaln\u0131zca mesle\u011fimizin onuru i\u00e7in de\u011fil, ayn\u0131 zamanda mesle\u011fini onuruyla s\u00fcrd\u00fcrmenin m\u00fccadelesini veren binlerce meslekta\u015f\u0131m\u0131z i\u00e7in buraday\u0131z.<\/p>\n<p>Buraday\u0131z \u00e7\u00fcnk\u00fc;<\/p>\n<p>Bug\u00fcn gen\u00e7 avukatlar, b\u00fcy\u00fck hayallerle girdikleri bu meslekte ayakta kalma m\u00fccadelesi veriyor.<\/p>\n<p>Meslekta\u015flar\u0131m\u0131z, her sabaha ekonomik kayg\u0131larla uyan\u0131yor.<\/p>\n<p>Stajyer avukatlar, kamu kaynaklar\u0131n\u0131n adil da\u011f\u0131l\u0131m\u0131yla hazineden \u00fccret almalar\u0131 gerekirken, ekonomik ba\u011f\u0131ml\u0131l\u0131k zincirine mahk\u00fbm ediliyor.<\/p>\n<p>Adli yard\u0131m dosyalar\u0131 i\u00e7in verilen emek, aylar sonra \u00f6denen \u00fccretlerle de\u011fersizle\u015ftiriliyor.<\/p>\n<p>Meslekta\u015flar\u0131m\u0131z\u0131n CMK g\u00f6revlendirmeleri kapsam\u0131nda hak ettikleri kanuni vekalet \u00fccretleri \u00f6denmiyor.<\/p>\n<p>Avukatlar kollukta, adliyede, mahkemede, sokakta, b\u00fcrosunda hatta evinde \u015fiddete u\u011fruyor, \u00f6ld\u00fcr\u00fcl\u00fcyor.<\/p>\n<p>Adliyelerin ger\u00e7ek sahipleri olan avukatlar, adliye binalar\u0131nda h\u00e2kim ve savc\u0131lardan farkl\u0131 muamelelere maruz b\u0131rak\u0131l\u0131yor.<\/p>\n<p>Buraday\u0131z! \u00c7\u00fcnk\u00fc bu mesle\u011fi itibars\u0131zla\u015ft\u0131rmak isteyenlere kar\u015f\u0131, sadece mesle\u011fimizi de\u011fil bu \u00fclkenin gelece\u011fini savunuyoruz.<\/p>\n<p>\u00c7\u00fcnk\u00fc biliyoruz ki, bu meslek itibars\u0131zla\u015ft\u0131r\u0131ld\u0131\u011f\u0131nda yaln\u0131zca avukatlar de\u011fil; katledilen kad\u0131nlar, istismara u\u011frayan \u00e7ocuklar, i\u015f cinayetlerinde \u00f6ld\u00fcr\u00fclen i\u015f\u00e7iler, d\u00fc\u015f\u00fcnce ve fikir \u00f6zg\u00fcrl\u00fc\u011f\u00fc ihlal edilen gazeteciler, akademisyenler, yani yurtta\u015flar susturulur.<\/p>\n<p>Bug\u00fcn burada y\u00fckselen ses, yaln\u0131zca Ankara\u2019n\u0131n sokaklar\u0131nda de\u011fil; T\u00fcrkiye\u2019nin d\u00f6rt bir yan\u0131nda yank\u0131lanan bir hayk\u0131r\u0131\u015ft\u0131r. Buradan y\u00fckselen irade yaln\u0131zca bir meslek grubunun de\u011fil, adaletin, demokrasinin, hak ve \u00f6zg\u00fcrl\u00fcklerin iradesidir.<\/p>\n<p>Bu iradeyi her \u015fehirde, her il\u00e7ede, her adliye koridorunda hayk\u0131rmaya ve ya\u015fatmaya haz\u0131r\u0131z.<\/p>\n<p>Biz susmay\u0131z, sesi kesilmek istenenin sesi oluruz. Hi\u00e7bir yurtta\u015f\u0131 savunmas\u0131z, hi\u00e7bir meslekta\u015f\u0131m\u0131z\u0131 yaln\u0131z b\u0131rakmay\u0131z!<\/p>\n<p>Bug\u00fcn, hakk\u0131 savunanlar\u0131n ortak sesini y\u00fckseltiyoruz:<\/p>\n<p>\u2022 Hukuk fak\u00fclteleri, say\u0131n\u0131n de\u011fil niteli\u011fin esas al\u0131nd\u0131\u011f\u0131, liyakatle \u015fekillenen e\u011fitim kurumlar\u0131 olmal\u0131d\u0131r. Kontenjanlar planl\u0131 bi\u00e7imde azalt\u0131lmal\u0131, etik ve yetkinlik \u00f6n planda tutulmal\u0131d\u0131r!<\/p>\n<p>\u2022 Avukatl\u0131k staj\u0131, bir bekleme s\u00fcreci de\u011fil; meslekta\u015flar\u0131m\u0131z\u0131n sosyal ve mali g\u00fcvencelerle desteklendi\u011fi ve onlar\u0131 mesle\u011fe haz\u0131rlayan g\u00fc\u00e7l\u00fc e\u011fitim s\u00fcreci olarak g\u00f6r\u00fclmelidir.<\/p>\n<p>\u2022 Avukata y\u00f6nelik \u015fiddet, bireye de\u011fil; do\u011frudan adalete y\u00f6nelmi\u015f bir sald\u0131r\u0131d\u0131r. Bu sald\u0131r\u0131 kar\u015f\u0131s\u0131nda \u00f6zel koruma tedbirleri uygulanmal\u0131, failler etkin bi\u00e7imde cezaland\u0131r\u0131lmal\u0131d\u0131r!<\/p>\n<p>\u2022 CMK \u00fccretleri, yaln\u0131zca bir meslek hakk\u0131 de\u011fil; bir avukat\u0131n onuruyla ya\u015fayabilmesi i\u00e7in temel bir g\u00fcvencedir. Savunma hakk\u0131, yoksulluk s\u0131n\u0131r\u0131na mahk\u00fbm edilemez!<\/p>\n<p>\u2022 Kamu avukatlar\u0131, yarg\u0131n\u0131n asli unsurlar\u0131ndand\u0131r. \u00d6zl\u00fck haklar\u0131 korunmal\u0131, mesleki ba\u011f\u0131ms\u0131zl\u0131klar\u0131 g\u00fc\u00e7lendirilmeli, stat\u00fc e\u015fitsizlikleri giderilmelidir!<\/p>\n<p>\u2022 Gen\u00e7 avukatlar\u0131n ekonomik bask\u0131 alt\u0131nda ezildi\u011fi, ba\u011fl\u0131 \u00e7al\u0131\u015fan avukatlar\u0131n s\u00f6m\u00fcr\u00fcld\u00fc\u011f\u00fc, kad\u0131n avukatlar\u0131n ise \u00e7ok boyutlu ayr\u0131mc\u0131l\u0131\u011fa u\u011frad\u0131\u011f\u0131 bir yap\u0131ya sessiz kalamay\u0131z! Mesle\u011fimizin her alan\u0131nda g\u00fcvenceli, e\u015fit ve adil \u00e7al\u0131\u015fma ko\u015fullar\u0131 sa\u011flanmal\u0131d\u0131r!<\/p>\n<p>Bug\u00fcn bu \u00e7a\u011fr\u0131 yaln\u0131zca bir talep listesi de\u011fildir. Bu \u00e7a\u011fr\u0131, savunmay\u0131 g\u00fc\u00e7s\u00fczle\u015ftirmek isteyen e\u011filimlere kar\u015f\u0131 mesleki kararl\u0131l\u0131\u011f\u0131m\u0131z\u0131n ifadesidir. Bu \u00e7a\u011fr\u0131, kurdu\u011fumuz her c\u00fcmlede adaleti yeniden var etme irademizin sesidir.<\/p>\n<p>Avukat varsa umut; savunma varsa adalet vard\u0131r!<\/p>\n<p>De\u011ferli Meslekta\u015flar\u0131m, Yol Arkada\u015flar\u0131m,<\/p>\n<p>Bu meydandan y\u00fckselen ses, yaln\u0131zca avukatlar\u0131n de\u011fil, adaletin ve hakkaniyetin sesidir. Biz burada sadece kendi haklar\u0131m\u0131z i\u00e7in de\u011fil, bu \u00fclkede nefessiz b\u0131rak\u0131lmaya \u00e7al\u0131\u015f\u0131lan her ses, bast\u0131r\u0131lmak istenen her itiraz, susturulmak istenen her vicdan i\u00e7in bir araday\u0131z! \u00c7\u00fcnk\u00fc biz avukatlar biliriz ki, adaletin olmad\u0131\u011f\u0131 bir \u00fclkede hi\u00e7bir yurtta\u015f kendini g\u00fcvende hissedemez.<\/p>\n<p>Bu y\u00fcr\u00fcy\u00fc\u015f, savunman\u0131n yaln\u0131zca mahkeme salonlar\u0131nda de\u011fil, hayat\u0131n i\u00e7inde, yurtta\u015f\u0131n adalet aray\u0131\u015f\u0131nda da var oldu\u011funu g\u00f6steren bir iradenin ifadesidir. Att\u0131\u011f\u0131m\u0131z her ad\u0131m, yaln\u0131zca bug\u00fcn\u00fcn de\u011fil, mesle\u011fimizin ve hukukun gelece\u011fi i\u00e7indir. Hukuksuzluk kar\u015f\u0131s\u0131nda susmayan her ses, yaln\u0131zca bug\u00fcn\u00fc de\u011fil, yar\u0131n\u0131 da savunmaktad\u0131r. Adaletin tek bir g\u00fcvencesi var; o da adaleti savunmaya haz\u0131r olanlar\u0131n kararl\u0131l\u0131\u011f\u0131d\u0131r.<\/p>\n<p>Biz avukatlar, yaln\u0131zca hak arayanlar\u0131n de\u011fil, hukukun ve adaletin de teminat\u0131y\u0131z. Bug\u00fcn burada toplanan irade, sadece meslek onurumuzu de\u011fil, yurtta\u015f\u0131n haklar\u0131n\u0131 ve hukukun \u00fcst\u00fcnl\u00fc\u011f\u00fcn\u00fc savunman\u0131n iradesidir. Hi\u00e7bir g\u00fc\u00e7, bu iradeyi teslim alamaz!<\/p>\n<p>Savunma susmaz! Savunma durmaz! Savunma boyun e\u011fmez!&#8221;<\/p>\n<p>T\u00fcrkiye Barolar Birli\u011fi&#8217;nin X sosyal medya hesab\u0131ndan yap\u0131lan a\u00e7\u0131klamada, &#8220;5 Nisan Avukatlar G\u00fcn\u00fc&#8217;nde; TBB, Barolar ve Avukatlar olarak &#8216;Savunman\u0131n Ba\u011f\u0131ms\u0131zl\u0131\u011f\u0131 ve Hukuka Sayg\u0131&#8217; i\u00e7in c\u00fcbbelerimizle T\u00fcrkiye Barolar Birli\u011fi\u2019nde bulu\u015farak y\u00fcr\u00fcy\u00fc\u015fe ge\u00e7tik. Program An\u0131tpark\u2019taki bas\u0131n a\u00e7\u0131klamas\u0131 ve An\u0131tkabir\u2019deki resm\u00ee t\u00f6renle devam edecek&#8221; ifadeleri kullan\u0131ld\u0131.<\/p>\n<p>\u200bT\u00fcrkiye Barolar Birli\u011fi&#8217;ne ba\u011fl\u0131 81 ilin baro ba\u015fkanlar\u0131 ile \u00e7ok say\u0131da avukat, &#8220;Savunman\u0131n Ba\u011f\u0131ms\u0131zl\u0131\u011f\u0131, Hukuka Sayg\u0131&#8221; slogan\u0131yla Ankara&#8217;da bir araya geldi. TBB Ba\u015fkan\u0131 Erin\u00e7 Sa\u011fkan, An\u0131tpark\u2019ta yapt\u0131\u011f\u0131 konu\u015fmada &#8220;Savunma susmaz! Savunma durmaz! Savunma boyun e\u011fmez!&#8221; dedi.\u00a0Hukuki Haber<\/p>","protected":false},"excerpt":{"rendered":"<p>T\u00fcrkiye Barolar Birli\u011fi&#8217;ne (TBB) ba\u011fl\u0131 avukatlar, &#8220;Savunman\u0131n Ba\u011f\u0131ms\u0131zl\u0131\u011f\u0131, Hukuka Sayg\u0131&#8221; slogan\u0131yla Ankara&#8217;da bir araya geldi. TBB binas\u0131nda bulu\u015fan 81 ilin baro ba\u015fkanlar\u0131 ve T\u00fcrkiye Barolar Birli\u011fi y\u00f6netimi ile avukatlar, Ankara An\u0131tpark&#8217;a y\u00fcr\u00fcd\u00fc. T\u00fcrkiye Barolar Birli\u011fi Ba\u015fkan\u0131 Av. R. Erin\u00e7 Sa\u011fkan&#8217;\u0131n An\u0131tpark\u2019ta yapt\u0131\u011f\u0131 bas\u0131n\u00a0a\u00e7\u0131klamas\u0131 \u015f\u00f6yle; \u201cSavunman\u0131n Ba\u011f\u0131ms\u0131zl\u0131\u011f\u0131 ve Hukuka Sayg\u0131\u201d K\u0131ymetli Meslekta\u015flar\u0131m, K\u0131ymetli Yol Arkada\u015flar\u0131m, Bu g\u00fczel \u00fclkenin d\u00f6rt bir yan\u0131ndan yola \u00e7\u0131k\u0131p burada, Ba\u015fkent\u2019te, Cumhuriyetimizin kalbinde bulu\u015fan; sabah\u0131n ilk \u0131\u015f\u0131klar\u0131yla c\u00fcbbesini omuzlayan, hakk\u0131, hukuku ve adaleti savunmak i\u00e7in yola koyulan; burada olan ya da fiziken burada olamasa da y\u00fcre\u011fiyle, zihniyle aram\u0131zda bulunan t\u00fcm meslekta\u015flar\u0131m\u0131 sayg\u0131yla, sevgiyle ve ortak m\u00fccadelemizin co\u015fkusuyla selaml\u0131yorum! Bug\u00fcn yaln\u0131zca 5 Nisan Avukatlar G\u00fcn\u00fc dolay\u0131s\u0131yla d\u00fczenledi\u011fimiz bir y\u00fcr\u00fcy\u00fc\u015fte de\u011fil; savunma mesle\u011finin onurunu ve toplumsal sorumlulu\u011funu birlikte hayk\u0131raca\u011f\u0131m\u0131z bir d\u00f6n\u00fcm noktas\u0131nda bir araya geldik. 5 Nisan Avukatlar G\u00fcn\u00fc\u2019nde, mesle\u011fimizin onurunu ve hukuk devletinin temel ilkelerini savunma kararl\u0131l\u0131\u011f\u0131m\u0131z\u0131n alt\u0131n\u0131 bir kez daha \u00e7iziyoruz. Avukatlar, yaln\u0131zca bireylerin haklar\u0131n\u0131 de\u011fil, ayn\u0131 zamanda hukukun \u00fcst\u00fcnl\u00fc\u011f\u00fcn\u00fc, adil yarg\u0131lanma hakk\u0131n\u0131 ve demokratik toplum d\u00fczenini koruma sorumlulu\u011funu ta\u015f\u0131yorlar. Hukuk devleti ilkesinin a\u015f\u0131nd\u0131\u011f\u0131, yarg\u0131n\u0131n ba\u011f\u0131ms\u0131zl\u0131\u011f\u0131n\u0131n zedelendi\u011fi ve savunma makam\u0131n\u0131n sistematik bi\u00e7imde bask\u0131 alt\u0131na al\u0131nmaya \u00e7al\u0131\u015f\u0131ld\u0131\u011f\u0131, avukatl\u0131k mesle\u011finin icras\u0131n\u0131 zorla\u015ft\u0131ran hukuki, ekonomik ve sosyal engellerin giderek artt\u0131\u011f\u0131 bir ortamda; savunma hakk\u0131n\u0131, meslek \u00f6rg\u00fctlerimizin ba\u011f\u0131ms\u0131zl\u0131\u011f\u0131n\u0131 ve hukukun \u00fcst\u00fcnl\u00fc\u011f\u00fcn\u00fc &hellip;<\/p>","protected":false},"author":3,"featured_media":0,"comment_status":"","ping_status":"open","sticky":false,"template":"","format":"standard","meta":{"_acf_changed":false,"footnotes":""},"categories":[27],"tags":[],"class_list":["post-46317","post","type-post","status-publish","format-standard","has-post-thumbnail","hentry","category-hukukihaber"],"acf":[],"yoast_head":"<!-- This site is optimized with the Yoast SEO Premium plugin v26.6 (Yoast SEO v27.1.1) - https:\/\/yoast.com\/product\/yoast-seo-premium-wordpress\/ -->\n<title>TBB Ba\u015fkan\u0131 Sa\u011fkan: Savunma susmaz! Savunma durmaz! Savunma boyun e\u011fmez! - Av. Deniz Can K\u0131z\u0131l<\/title>\n<meta name=\"robots\" content=\"index, follow, max-snippet:-1, max-image-preview:large, max-video-preview:-1\" \/>\n<link rel=\"canonical\" href=\"https:\/\/denizcankizil.tr\/de\/hukukihaber\/tbb-baskani-sagkan-savunma-susmaz-savunma-durmaz-savunma-boyun-egmez\/\" \/>\n<meta property=\"og:locale\" content=\"de_DE\" \/>\n<meta property=\"og:type\" content=\"article\" \/>\n<meta property=\"og:title\" content=\"TBB Ba\u015fkan\u0131 Sa\u011fkan: Savunma susmaz! Savunma durmaz! Savunma boyun e\u011fmez!\" \/>\n<meta property=\"og:description\" content=\"T\u00fcrkiye Barolar Birli\u011fi&#8217;ne (TBB) ba\u011fl\u0131 avukatlar, &#8220;Savunman\u0131n Ba\u011f\u0131ms\u0131zl\u0131\u011f\u0131, Hukuka Sayg\u0131&#8221; slogan\u0131yla Ankara&#8217;da bir araya geldi. TBB binas\u0131nda bulu\u015fan 81 ilin baro ba\u015fkanlar\u0131 ve T\u00fcrkiye Barolar Birli\u011fi y\u00f6netimi ile avukatlar, Ankara An\u0131tpark&#8217;a y\u00fcr\u00fcd\u00fc. T\u00fcrkiye Barolar Birli\u011fi Ba\u015fkan\u0131 Av. R. Erin\u00e7 Sa\u011fkan&#8217;\u0131n An\u0131tpark\u2019ta yapt\u0131\u011f\u0131 bas\u0131n\u00a0a\u00e7\u0131klamas\u0131 \u015f\u00f6yle; \u201cSavunman\u0131n Ba\u011f\u0131ms\u0131zl\u0131\u011f\u0131 ve Hukuka Sayg\u0131\u201d K\u0131ymetli Meslekta\u015flar\u0131m, K\u0131ymetli Yol Arkada\u015flar\u0131m, Bu g\u00fczel \u00fclkenin d\u00f6rt bir yan\u0131ndan yola \u00e7\u0131k\u0131p burada, Ba\u015fkent\u2019te, Cumhuriyetimizin kalbinde bulu\u015fan; sabah\u0131n ilk \u0131\u015f\u0131klar\u0131yla c\u00fcbbesini omuzlayan, hakk\u0131, hukuku ve adaleti savunmak i\u00e7in yola koyulan; burada olan ya da fiziken burada olamasa da y\u00fcre\u011fiyle, zihniyle aram\u0131zda bulunan t\u00fcm meslekta\u015flar\u0131m\u0131 sayg\u0131yla, sevgiyle ve ortak m\u00fccadelemizin co\u015fkusuyla selaml\u0131yorum! Bug\u00fcn yaln\u0131zca 5 Nisan Avukatlar G\u00fcn\u00fc dolay\u0131s\u0131yla d\u00fczenledi\u011fimiz bir y\u00fcr\u00fcy\u00fc\u015fte de\u011fil; savunma mesle\u011finin onurunu ve toplumsal sorumlulu\u011funu birlikte hayk\u0131raca\u011f\u0131m\u0131z bir d\u00f6n\u00fcm noktas\u0131nda bir araya geldik. 5 Nisan Avukatlar G\u00fcn\u00fc\u2019nde, mesle\u011fimizin onurunu ve hukuk devletinin temel ilkelerini savunma kararl\u0131l\u0131\u011f\u0131m\u0131z\u0131n alt\u0131n\u0131 bir kez daha \u00e7iziyoruz. Avukatlar, yaln\u0131zca bireylerin haklar\u0131n\u0131 de\u011fil, ayn\u0131 zamanda hukukun \u00fcst\u00fcnl\u00fc\u011f\u00fcn\u00fc, adil yarg\u0131lanma hakk\u0131n\u0131 ve demokratik toplum d\u00fczenini koruma sorumlulu\u011funu ta\u015f\u0131yorlar. Hukuk devleti ilkesinin a\u015f\u0131nd\u0131\u011f\u0131, yarg\u0131n\u0131n ba\u011f\u0131ms\u0131zl\u0131\u011f\u0131n\u0131n zedelendi\u011fi ve savunma makam\u0131n\u0131n sistematik bi\u00e7imde bask\u0131 alt\u0131na al\u0131nmaya \u00e7al\u0131\u015f\u0131ld\u0131\u011f\u0131, avukatl\u0131k mesle\u011finin icras\u0131n\u0131 zorla\u015ft\u0131ran hukuki, ekonomik ve sosyal engellerin giderek artt\u0131\u011f\u0131 bir ortamda; savunma hakk\u0131n\u0131, meslek \u00f6rg\u00fctlerimizin ba\u011f\u0131ms\u0131zl\u0131\u011f\u0131n\u0131 ve hukukun \u00fcst\u00fcnl\u00fc\u011f\u00fcn\u00fc &hellip;\" \/>\n<meta property=\"og:url\" content=\"https:\/\/denizcankizil.tr\/de\/hukukihaber\/tbb-baskani-sagkan-savunma-susmaz-savunma-durmaz-savunma-boyun-egmez\/\" \/>\n<meta property=\"og:site_name\" content=\"Av. Deniz Can K\u0131z\u0131l\" \/>\n<meta property=\"article:published_time\" content=\"2025-04-05T09:28:00+00:00\" \/>\n<meta name=\"author\" content=\"Hukuki Haber.net\" \/>\n<meta name=\"twitter:card\" content=\"summary_large_image\" \/>\n<meta name=\"twitter:label1\" content=\"Verfasst von\" \/>\n\t<meta name=\"twitter:data1\" content=\"Hukuki Haber.net\" \/>\n\t<meta name=\"twitter:label2\" content=\"Gesch\u00e4tzte Lesezeit\" \/>\n\t<meta name=\"twitter:data2\" content=\"11\u00a0Minuten\" \/>\n<script type=\"application\/ld+json\" class=\"yoast-schema-graph\">{\"@context\":\"https:\/\/schema.org\",\"@graph\":[{\"@type\":\"Article\",\"@id\":\"https:\/\/denizcankizil.tr\/en\/hukukihaber\/tbb-baskani-sagkan-savunma-susmaz-savunma-durmaz-savunma-boyun-egmez\/#article\",\"isPartOf\":{\"@id\":\"https:\/\/denizcankizil.tr\/en\/hukukihaber\/tbb-baskani-sagkan-savunma-susmaz-savunma-durmaz-savunma-boyun-egmez\/\"},\"author\":{\"name\":\"Hukuki Haber.net\",\"@id\":\"https:\/\/denizcankizil.tr\/de\/#\/schema\/person\/001a271de994a0aa3f90eea084424822\"},\"headline\":\"TBB Ba\u015fkan\u0131 Sa\u011fkan: Savunma susmaz! Savunma durmaz! Savunma boyun e\u011fmez!\",\"datePublished\":\"2025-04-05T09:28:00+00:00\",\"mainEntityOfPage\":{\"@id\":\"https:\/\/denizcankizil.tr\/en\/hukukihaber\/tbb-baskani-sagkan-savunma-susmaz-savunma-durmaz-savunma-boyun-egmez\/\"},\"wordCount\":2237,\"publisher\":{\"@id\":\"https:\/\/denizcankizil.tr\/de\/#organization\"},\"articleSection\":[\"Hukuki Haberler\"],\"inLanguage\":\"de\"},{\"@type\":\"WebPage\",\"@id\":\"https:\/\/denizcankizil.tr\/en\/hukukihaber\/tbb-baskani-sagkan-savunma-susmaz-savunma-durmaz-savunma-boyun-egmez\/\",\"url\":\"https:\/\/denizcankizil.tr\/en\/hukukihaber\/tbb-baskani-sagkan-savunma-susmaz-savunma-durmaz-savunma-boyun-egmez\/\",\"name\":\"TBB Ba\u015fkan\u0131 Sa\u011fkan: Savunma susmaz! Savunma durmaz! Savunma boyun e\u011fmez! - Av. Deniz Can K\u0131z\u0131l\",\"isPartOf\":{\"@id\":\"https:\/\/denizcankizil.tr\/de\/#website\"},\"datePublished\":\"2025-04-05T09:28:00+00:00\",\"breadcrumb\":{\"@id\":\"https:\/\/denizcankizil.tr\/en\/hukukihaber\/tbb-baskani-sagkan-savunma-susmaz-savunma-durmaz-savunma-boyun-egmez\/#breadcrumb\"},\"inLanguage\":\"de\",\"potentialAction\":[{\"@type\":\"ReadAction\",\"target\":[\"https:\/\/denizcankizil.tr\/en\/hukukihaber\/tbb-baskani-sagkan-savunma-susmaz-savunma-durmaz-savunma-boyun-egmez\/\"]}]},{\"@type\":\"BreadcrumbList\",\"@id\":\"https:\/\/denizcankizil.tr\/en\/hukukihaber\/tbb-baskani-sagkan-savunma-susmaz-savunma-durmaz-savunma-boyun-egmez\/#breadcrumb\",\"itemListElement\":[{\"@type\":\"ListItem\",\"position\":1,\"name\":\"Home\",\"item\":\"https:\/\/denizcankizil.tr\/de\/\"},{\"@type\":\"ListItem\",\"position\":2,\"name\":\"TBB Ba\u015fkan\u0131 Sa\u011fkan: Savunma susmaz! Savunma durmaz! Savunma boyun e\u011fmez!\"}]},{\"@type\":\"WebSite\",\"@id\":\"https:\/\/denizcankizil.tr\/de\/#website\",\"url\":\"https:\/\/denizcankizil.tr\/de\/\",\"name\":\"Av. Deniz Can K\u0131z\u0131l\",\"description\":\"Avukat Deniz Can K\u0131z\u0131l Antalya Barosu\",\"publisher\":{\"@id\":\"https:\/\/denizcankizil.tr\/de\/#organization\"},\"potentialAction\":[{\"@type\":\"SearchAction\",\"target\":{\"@type\":\"EntryPoint\",\"urlTemplate\":\"https:\/\/denizcankizil.tr\/de\/?s={search_term_string}\"},\"query-input\":{\"@type\":\"PropertyValueSpecification\",\"valueRequired\":true,\"valueName\":\"search_term_string\"}}],\"inLanguage\":\"de\"},{\"@type\":\"Organization\",\"@id\":\"https:\/\/denizcankizil.tr\/de\/#organization\",\"name\":\"Av. Deniz Can K\u0131z\u0131l\",\"url\":\"https:\/\/denizcankizil.tr\/de\/\",\"logo\":{\"@type\":\"ImageObject\",\"inLanguage\":\"de\",\"@id\":\"https:\/\/denizcankizil.tr\/de\/#\/schema\/logo\/image\/\",\"url\":\"https:\/\/denizcankizil.tr\/wp-content\/uploads\/2024\/10\/siyah-logo-svg.svg\",\"contentUrl\":\"https:\/\/denizcankizil.tr\/wp-content\/uploads\/2024\/10\/siyah-logo-svg.svg\",\"width\":1080,\"height\":1080,\"caption\":\"Av. Deniz Can K\u0131z\u0131l\"},\"image\":{\"@id\":\"https:\/\/denizcankizil.tr\/de\/#\/schema\/logo\/image\/\"}},{\"@type\":\"Person\",\"@id\":\"https:\/\/denizcankizil.tr\/de\/#\/schema\/person\/001a271de994a0aa3f90eea084424822\",\"name\":\"Hukuki Haber.net\",\"image\":{\"@type\":\"ImageObject\",\"inLanguage\":\"de\",\"@id\":\"https:\/\/denizcankizil.tr\/de\/#\/schema\/person\/image\/\",\"url\":\"https:\/\/secure.gravatar.com\/avatar\/57d8a49151495586611a149d29fc42865b951dc053a84709a3172ccb5abf3118?s=96&d=mm&r=g\",\"contentUrl\":\"https:\/\/secure.gravatar.com\/avatar\/57d8a49151495586611a149d29fc42865b951dc053a84709a3172ccb5abf3118?s=96&d=mm&r=g\",\"caption\":\"Hukuki Haber.net\"},\"sameAs\":[\"http:\/\/www.hukukihaber.net\"],\"url\":\"https:\/\/www.hukukihaber.net\/tbb-baskani-sagkan-savunma-susmaz-savunma-durmaz-savunma-boyun-egmez\"}]}<\/script>\n<!-- \/ Yoast SEO Premium plugin. -->","yoast_head_json":{"title":"TBB Ba\u015fkan\u0131 Sa\u011fkan: Savunma susmaz! Savunma durmaz! Savunma boyun e\u011fmez! - Av. Deniz Can K\u0131z\u0131l","robots":{"index":"index","follow":"follow","max-snippet":"max-snippet:-1","max-image-preview":"max-image-preview:large","max-video-preview":"max-video-preview:-1"},"canonical":"https:\/\/denizcankizil.tr\/de\/hukukihaber\/tbb-baskani-sagkan-savunma-susmaz-savunma-durmaz-savunma-boyun-egmez\/","og_locale":"de_DE","og_type":"article","og_title":"TBB Ba\u015fkan\u0131 Sa\u011fkan: Savunma susmaz! Savunma durmaz! Savunma boyun e\u011fmez!","og_description":"T\u00fcrkiye Barolar Birli\u011fi&#8217;ne (TBB) ba\u011fl\u0131 avukatlar, &#8220;Savunman\u0131n Ba\u011f\u0131ms\u0131zl\u0131\u011f\u0131, Hukuka Sayg\u0131&#8221; slogan\u0131yla Ankara&#8217;da bir araya geldi. TBB binas\u0131nda bulu\u015fan 81 ilin baro ba\u015fkanlar\u0131 ve T\u00fcrkiye Barolar Birli\u011fi y\u00f6netimi ile avukatlar, Ankara An\u0131tpark&#8217;a y\u00fcr\u00fcd\u00fc. T\u00fcrkiye Barolar Birli\u011fi Ba\u015fkan\u0131 Av. R. Erin\u00e7 Sa\u011fkan&#8217;\u0131n An\u0131tpark\u2019ta yapt\u0131\u011f\u0131 bas\u0131n\u00a0a\u00e7\u0131klamas\u0131 \u015f\u00f6yle; \u201cSavunman\u0131n Ba\u011f\u0131ms\u0131zl\u0131\u011f\u0131 ve Hukuka Sayg\u0131\u201d K\u0131ymetli Meslekta\u015flar\u0131m, K\u0131ymetli Yol Arkada\u015flar\u0131m, Bu g\u00fczel \u00fclkenin d\u00f6rt bir yan\u0131ndan yola \u00e7\u0131k\u0131p burada, Ba\u015fkent\u2019te, Cumhuriyetimizin kalbinde bulu\u015fan; sabah\u0131n ilk \u0131\u015f\u0131klar\u0131yla c\u00fcbbesini omuzlayan, hakk\u0131, hukuku ve adaleti savunmak i\u00e7in yola koyulan; burada olan ya da fiziken burada olamasa da y\u00fcre\u011fiyle, zihniyle aram\u0131zda bulunan t\u00fcm meslekta\u015flar\u0131m\u0131 sayg\u0131yla, sevgiyle ve ortak m\u00fccadelemizin co\u015fkusuyla selaml\u0131yorum! Bug\u00fcn yaln\u0131zca 5 Nisan Avukatlar G\u00fcn\u00fc dolay\u0131s\u0131yla d\u00fczenledi\u011fimiz bir y\u00fcr\u00fcy\u00fc\u015fte de\u011fil; savunma mesle\u011finin onurunu ve toplumsal sorumlulu\u011funu birlikte hayk\u0131raca\u011f\u0131m\u0131z bir d\u00f6n\u00fcm noktas\u0131nda bir araya geldik. 5 Nisan Avukatlar G\u00fcn\u00fc\u2019nde, mesle\u011fimizin onurunu ve hukuk devletinin temel ilkelerini savunma kararl\u0131l\u0131\u011f\u0131m\u0131z\u0131n alt\u0131n\u0131 bir kez daha \u00e7iziyoruz. Avukatlar, yaln\u0131zca bireylerin haklar\u0131n\u0131 de\u011fil, ayn\u0131 zamanda hukukun \u00fcst\u00fcnl\u00fc\u011f\u00fcn\u00fc, adil yarg\u0131lanma hakk\u0131n\u0131 ve demokratik toplum d\u00fczenini koruma sorumlulu\u011funu ta\u015f\u0131yorlar. Hukuk devleti ilkesinin a\u015f\u0131nd\u0131\u011f\u0131, yarg\u0131n\u0131n ba\u011f\u0131ms\u0131zl\u0131\u011f\u0131n\u0131n zedelendi\u011fi ve savunma makam\u0131n\u0131n sistematik bi\u00e7imde bask\u0131 alt\u0131na al\u0131nmaya \u00e7al\u0131\u015f\u0131ld\u0131\u011f\u0131, avukatl\u0131k mesle\u011finin icras\u0131n\u0131 zorla\u015ft\u0131ran hukuki, ekonomik ve sosyal engellerin giderek artt\u0131\u011f\u0131 bir ortamda; savunma hakk\u0131n\u0131, meslek \u00f6rg\u00fctlerimizin ba\u011f\u0131ms\u0131zl\u0131\u011f\u0131n\u0131 ve hukukun \u00fcst\u00fcnl\u00fc\u011f\u00fcn\u00fc &hellip;","og_url":"https:\/\/denizcankizil.tr\/de\/hukukihaber\/tbb-baskani-sagkan-savunma-susmaz-savunma-durmaz-savunma-boyun-egmez\/","og_site_name":"Av. Deniz Can K\u0131z\u0131l","article_published_time":"2025-04-05T09:28:00+00:00","author":"Hukuki Haber.net","twitter_card":"summary_large_image","twitter_misc":{"Verfasst von":"Hukuki Haber.net","Gesch\u00e4tzte Lesezeit":"11\u00a0Minuten"},"schema":{"@context":"https:\/\/schema.org","@graph":[{"@type":"Article","@id":"https:\/\/denizcankizil.tr\/en\/hukukihaber\/tbb-baskani-sagkan-savunma-susmaz-savunma-durmaz-savunma-boyun-egmez\/#article","isPartOf":{"@id":"https:\/\/denizcankizil.tr\/en\/hukukihaber\/tbb-baskani-sagkan-savunma-susmaz-savunma-durmaz-savunma-boyun-egmez\/"},"author":{"name":"Hukuki Haber.net","@id":"https:\/\/denizcankizil.tr\/de\/#\/schema\/person\/001a271de994a0aa3f90eea084424822"},"headline":"TBB Ba\u015fkan\u0131 Sa\u011fkan: Savunma susmaz! Savunma durmaz! Savunma boyun e\u011fmez!","datePublished":"2025-04-05T09:28:00+00:00","mainEntityOfPage":{"@id":"https:\/\/denizcankizil.tr\/en\/hukukihaber\/tbb-baskani-sagkan-savunma-susmaz-savunma-durmaz-savunma-boyun-egmez\/"},"wordCount":2237,"publisher":{"@id":"https:\/\/denizcankizil.tr\/de\/#organization"},"articleSection":["Hukuki Haberler"],"inLanguage":"de"},{"@type":"WebPage","@id":"https:\/\/denizcankizil.tr\/en\/hukukihaber\/tbb-baskani-sagkan-savunma-susmaz-savunma-durmaz-savunma-boyun-egmez\/","url":"https:\/\/denizcankizil.tr\/en\/hukukihaber\/tbb-baskani-sagkan-savunma-susmaz-savunma-durmaz-savunma-boyun-egmez\/","name":"TBB Ba\u015fkan\u0131 Sa\u011fkan: Savunma susmaz! Savunma durmaz! Savunma boyun e\u011fmez! - Av. Deniz Can K\u0131z\u0131l","isPartOf":{"@id":"https:\/\/denizcankizil.tr\/de\/#website"},"datePublished":"2025-04-05T09:28:00+00:00","breadcrumb":{"@id":"https:\/\/denizcankizil.tr\/en\/hukukihaber\/tbb-baskani-sagkan-savunma-susmaz-savunma-durmaz-savunma-boyun-egmez\/#breadcrumb"},"inLanguage":"de","potentialAction":[{"@type":"ReadAction","target":["https:\/\/denizcankizil.tr\/en\/hukukihaber\/tbb-baskani-sagkan-savunma-susmaz-savunma-durmaz-savunma-boyun-egmez\/"]}]},{"@type":"BreadcrumbList","@id":"https:\/\/denizcankizil.tr\/en\/hukukihaber\/tbb-baskani-sagkan-savunma-susmaz-savunma-durmaz-savunma-boyun-egmez\/#breadcrumb","itemListElement":[{"@type":"ListItem","position":1,"name":"Home","item":"https:\/\/denizcankizil.tr\/de\/"},{"@type":"ListItem","position":2,"name":"TBB Ba\u015fkan\u0131 Sa\u011fkan: Savunma susmaz! Savunma durmaz! Savunma boyun e\u011fmez!"}]},{"@type":"WebSite","@id":"https:\/\/denizcankizil.tr\/de\/#website","url":"https:\/\/denizcankizil.tr\/de\/","name":"Av. Deniz Can K\u0131z\u0131l","description":"Avukat Deniz Can K\u0131z\u0131l Antalya Barosu","publisher":{"@id":"https:\/\/denizcankizil.tr\/de\/#organization"},"potentialAction":[{"@type":"SearchAction","target":{"@type":"EntryPoint","urlTemplate":"https:\/\/denizcankizil.tr\/de\/?s={search_term_string}"},"query-input":{"@type":"PropertyValueSpecification","valueRequired":true,"valueName":"search_term_string"}}],"inLanguage":"de"},{"@type":"Organization","@id":"https:\/\/denizcankizil.tr\/de\/#organization","name":"Av. Deniz Can K\u0131z\u0131l","url":"https:\/\/denizcankizil.tr\/de\/","logo":{"@type":"ImageObject","inLanguage":"de","@id":"https:\/\/denizcankizil.tr\/de\/#\/schema\/logo\/image\/","url":"https:\/\/denizcankizil.tr\/wp-content\/uploads\/2024\/10\/siyah-logo-svg.svg","contentUrl":"https:\/\/denizcankizil.tr\/wp-content\/uploads\/2024\/10\/siyah-logo-svg.svg","width":1080,"height":1080,"caption":"Av. Deniz Can K\u0131z\u0131l"},"image":{"@id":"https:\/\/denizcankizil.tr\/de\/#\/schema\/logo\/image\/"}},{"@type":"Person","@id":"https:\/\/denizcankizil.tr\/de\/#\/schema\/person\/001a271de994a0aa3f90eea084424822","name":"Hukuki Haber.net","image":{"@type":"ImageObject","inLanguage":"de","@id":"https:\/\/denizcankizil.tr\/de\/#\/schema\/person\/image\/","url":"https:\/\/secure.gravatar.com\/avatar\/57d8a49151495586611a149d29fc42865b951dc053a84709a3172ccb5abf3118?s=96&d=mm&r=g","contentUrl":"https:\/\/secure.gravatar.com\/avatar\/57d8a49151495586611a149d29fc42865b951dc053a84709a3172ccb5abf3118?s=96&d=mm&r=g","caption":"Hukuki Haber.net"},"sameAs":["http:\/\/www.hukukihaber.net"],"url":"https:\/\/www.hukukihaber.net\/tbb-baskani-sagkan-savunma-susmaz-savunma-durmaz-savunma-boyun-egmez"}]}},"_links":{"self":[{"href":"https:\/\/denizcankizil.tr\/de\/wp-json\/wp\/v2\/posts\/46317","targetHints":{"allow":["GET"]}}],"collection":[{"href":"https:\/\/denizcankizil.tr\/de\/wp-json\/wp\/v2\/posts"}],"about":[{"href":"https:\/\/denizcankizil.tr\/de\/wp-json\/wp\/v2\/types\/post"}],"author":[{"embeddable":true,"href":"https:\/\/denizcankizil.tr\/de\/wp-json\/wp\/v2\/users\/3"}],"replies":[{"embeddable":true,"href":"https:\/\/denizcankizil.tr\/de\/wp-json\/wp\/v2\/comments?post=46317"}],"version-history":[{"count":0,"href":"https:\/\/denizcankizil.tr\/de\/wp-json\/wp\/v2\/posts\/46317\/revisions"}],"wp:attachment":[{"href":"https:\/\/denizcankizil.tr\/de\/wp-json\/wp\/v2\/media?parent=46317"}],"wp:term":[{"taxonomy":"category","embeddable":true,"href":"https:\/\/denizcankizil.tr\/de\/wp-json\/wp\/v2\/categories?post=46317"},{"taxonomy":"post_tag","embeddable":true,"href":"https:\/\/denizcankizil.tr\/de\/wp-json\/wp\/v2\/tags?post=46317"}],"curies":[{"name":"wp","href":"https:\/\/api.w.org\/{rel}","templated":true}]}}