{"id":45495,"date":"2025-04-04T17:42:22","date_gmt":"2025-04-04T14:42:22","guid":{"rendered":"https:\/\/denizcankizil.tr\/uncategorized-tr\/ulku-tamerin-eserleri-niluferde-sergileniyor\/"},"modified":"2025-04-04T17:42:22","modified_gmt":"2025-04-04T14:42:22","slug":"ulku-tamerin-eserleri-niluferde-sergileniyor","status":"publish","type":"post","link":"https:\/\/denizcankizil.tr\/de\/haberler\/gundem\/ulku-tamerin-eserleri-niluferde-sergileniyor\/","title":{"rendered":"\u00dclk\u00fc Tamer\u2019in eserleri Nil\u00fcfer\u2019de sergileniyor"},"content":{"rendered":"<p>T\u00fcrk edebiyat\u0131n\u0131n usta ismi \u00dclk\u00fc Tamer\u2019in eserlerine ve hayat\u0131ndan kesitlere yer verilen sergi Misi\u2019deki Edebiyat M\u00fczesi\u2019nde izlenime a\u00e7\u0131ld\u0131.BURSA (\u0130GFA) &#8211; Bursa\u00a0Nil\u00fcfer Belediyesi\u2019nin 2018 y\u0131l\u0131nda faaliyete ge\u00e7irdi\u011fi Edebiyat M\u00fczesi ve Ar\u015fivi, T\u00fcrk edebiyat tarihine \u0131\u015f\u0131k tutmaya devam ediyor. M\u00fcze, 185\u2019i a\u015fk\u0131n \u015fair ve yazar\u0131n el yazmalar\u0131, kitap eskizleri ve ki\u015fisel e\u015fyalar\u0131n\u0131 i\u00e7eren zengin koleksiyonuyla ziyaret\u00e7ilerine unutulmaz deneyimler ya\u015fat\u0131yor. M\u00fczede ayr\u0131ca \u00f6zel sergilerde edebiyatseverlerle bulu\u015fuyor. Bu sergilerden biri daha merakl\u0131lar\u0131 ile bulu\u015ftu.<\/p>\n<p>\u0130kinci Yeni ak\u0131m\u0131n\u0131n usta \u015fairi \u00dclk\u00fc Tamer\u2019i anmak ve onun edebiyat d\u00fcnyas\u0131na katk\u0131lar\u0131n\u0131 tan\u0131tmak amac\u0131yla haz\u0131rlanan \u201c\u015eairlerden Bir \u015eair: \u00dclk\u00fc Tamer\u201d isimli sergi Edebiyat M\u00fczesi ve Ar\u015fivi\u2019nde ziyarete a\u00e7\u0131ld\u0131.<br \/>\nSergide, \u201cSo\u011fuk Otlar Alt\u0131nda\u201d, \u201c\u0130\u00e7ime \u00c7ekti\u011fim Hava De\u011fil G\u00f6ky\u00fcz\u00fcd\u00fcr\u201d ve \u201cYanarda\u011f\u0131n \u00dcst\u00fcndeki Ku\u015f\u201d gibi \u00f6nemli eserleriyle T\u00fcrk \u015fiirine damgas\u0131n\u0131 vuran \u00dclk\u00fc Tamer\u2019in el yazmalar\u0131, kitaplar\u0131, mektuplar\u0131 ve ald\u0131\u011f\u0131 \u00f6d\u00fcller yer al\u0131yor. Ziyaret\u00e7iler, sadece \u015fiirleriyle de\u011fil, \u00e7evirileri ve yaz\u0131lar\u0131yla da edebiyat d\u00fcnyas\u0131na \u00f6nemli katk\u0131larda bulunan yazar\u0131 yak\u0131ndan tan\u0131ma f\u0131rsat\u0131 buluyor.<br \/>\n\u201c\u015eairlerden Bir \u015eair: \u00dclk\u00fc Tamer\u201d sergisi, 31 Aral\u0131k 2025 tarihine kadar Nil\u00fcfer Belediyesi Edebiyat M\u00fczesi ve Ar\u015fivi\u2019nde ziyaret edilebilecek.<\/p>\n<p>\u200bT\u00fcrk edebiyat\u0131n\u0131n usta ismi \u00dclk\u00fc Tamer\u2019in eserlerine ve hayat\u0131ndan kesitlere yer verilen sergi Misi\u2019deki Edebiyat M\u00fczesi\u2019nde izlenime a\u00e7\u0131ld\u0131.BURSA (\u0130GFA) &#8211; Bursa\u00a0Nil\u00fcfer Belediyesi\u2019nin 2018 y\u0131l\u0131nda faaliyete ge\u00e7irdi\u011fi Edebiyat M\u00fczesi ve Ar\u015fivi, T\u00fcrk edebiyat tarihine \u0131\u015f\u0131k tutmaya devam ediyor. M\u00fcze, 185\u2019i a\u015fk\u0131n \u015fair ve yazar\u0131n el yazmalar\u0131, kitap eskizleri ve ki\u015fisel e\u015fyalar\u0131n\u0131 i\u00e7eren zengin koleksiyonuyla ziyaret\u00e7ilerine unutulmaz deneyimler ya\u015fat\u0131yor. M\u00fczede ayr\u0131ca \u00f6zel sergilerde edebiyatseverlerle bulu\u015fuyor. Bu sergilerden biri daha merakl\u0131lar\u0131 ile bulu\u015ftu.<\/p>\n<p>\u0130kinci Yeni ak\u0131m\u0131n\u0131n usta \u015fairi \u00dclk\u00fc Tamer\u2019i anmak ve onun edebiyat d\u00fcnyas\u0131na katk\u0131lar\u0131n\u0131 tan\u0131tmak amac\u0131yla haz\u0131rlanan \u201c\u015eairlerden Bir \u015eair: \u00dclk\u00fc Tamer\u201d isimli sergi Edebiyat M\u00fczesi ve Ar\u015fivi\u2019nde ziyarete a\u00e7\u0131ld\u0131.<br \/>\nSergide, \u201cSo\u011fuk Otlar Alt\u0131nda\u201d, \u201c\u0130\u00e7ime \u00c7ekti\u011fim Hava De\u011fil G\u00f6ky\u00fcz\u00fcd\u00fcr\u201d ve \u201cYanarda\u011f\u0131n \u00dcst\u00fcndeki Ku\u015f\u201d gibi \u00f6nemli eserleriyle T\u00fcrk \u015fiirine damgas\u0131n\u0131 vuran \u00dclk\u00fc Tamer\u2019in el yazmalar\u0131, kitaplar\u0131, mektuplar\u0131 ve ald\u0131\u011f\u0131 \u00f6d\u00fcller yer al\u0131yor. Ziyaret\u00e7iler, sadece \u015fiirleriyle de\u011fil, \u00e7evirileri ve yaz\u0131lar\u0131yla da edebiyat d\u00fcnyas\u0131na \u00f6nemli katk\u0131larda bulunan yazar\u0131 yak\u0131ndan tan\u0131ma f\u0131rsat\u0131 buluyor.<br \/>\n\u201c\u015eairlerden Bir \u015eair: \u00dclk\u00fc Tamer\u201d sergisi, 31 Aral\u0131k 2025 tarihine kadar Nil\u00fcfer Belediyesi Edebiyat M\u00fczesi ve Ar\u015fivi\u2019nde ziyaret edilebilecek.\u00a0<\/p>\n<p>\u200bHaberin Al\u0131nt\u0131land\u0131\u011f\u0131 Kaynak: www.iskenderun.org<\/p>","protected":false},"excerpt":{"rendered":"<p>T\u00fcrk edebiyat\u0131n\u0131n usta ismi \u00dclk\u00fc Tamer\u2019in eserlerine ve hayat\u0131ndan kesitlere yer verilen sergi Misi\u2019deki Edebiyat M\u00fczesi\u2019nde izlenime a\u00e7\u0131ld\u0131.BURSA (\u0130GFA) &#8211; Bursa\u00a0Nil\u00fcfer Belediyesi\u2019nin 2018 y\u0131l\u0131nda faaliyete ge\u00e7irdi\u011fi Edebiyat M\u00fczesi ve Ar\u015fivi, T\u00fcrk edebiyat tarihine \u0131\u015f\u0131k tutmaya devam ediyor. M\u00fcze, 185\u2019i a\u015fk\u0131n \u015fair ve yazar\u0131n el yazmalar\u0131, kitap eskizleri ve ki\u015fisel e\u015fyalar\u0131n\u0131 i\u00e7eren zengin koleksiyonuyla ziyaret\u00e7ilerine unutulmaz deneyimler ya\u015fat\u0131yor. M\u00fczede ayr\u0131ca \u00f6zel sergilerde edebiyatseverlerle bulu\u015fuyor. Bu sergilerden biri daha merakl\u0131lar\u0131 ile bulu\u015ftu. \u0130kinci Yeni ak\u0131m\u0131n\u0131n usta \u015fairi \u00dclk\u00fc Tamer\u2019i anmak ve onun edebiyat d\u00fcnyas\u0131na katk\u0131lar\u0131n\u0131 tan\u0131tmak amac\u0131yla haz\u0131rlanan \u201c\u015eairlerden Bir \u015eair: \u00dclk\u00fc Tamer\u201d isimli sergi Edebiyat M\u00fczesi ve Ar\u015fivi\u2019nde ziyarete a\u00e7\u0131ld\u0131. Sergide, \u201cSo\u011fuk Otlar Alt\u0131nda\u201d, \u201c\u0130\u00e7ime \u00c7ekti\u011fim Hava De\u011fil G\u00f6ky\u00fcz\u00fcd\u00fcr\u201d ve \u201cYanarda\u011f\u0131n \u00dcst\u00fcndeki Ku\u015f\u201d gibi \u00f6nemli eserleriyle T\u00fcrk \u015fiirine damgas\u0131n\u0131 vuran \u00dclk\u00fc Tamer\u2019in el yazmalar\u0131, kitaplar\u0131, mektuplar\u0131 ve ald\u0131\u011f\u0131 \u00f6d\u00fcller yer al\u0131yor. Ziyaret\u00e7iler, sadece \u015fiirleriyle de\u011fil, \u00e7evirileri ve yaz\u0131lar\u0131yla da edebiyat d\u00fcnyas\u0131na \u00f6nemli katk\u0131larda bulunan yazar\u0131 yak\u0131ndan tan\u0131ma f\u0131rsat\u0131 buluyor. \u201c\u015eairlerden Bir \u015eair: \u00dclk\u00fc Tamer\u201d sergisi, 31 Aral\u0131k 2025 tarihine kadar Nil\u00fcfer Belediyesi Edebiyat M\u00fczesi ve Ar\u015fivi\u2019nde ziyaret edilebilecek. \u200bT\u00fcrk edebiyat\u0131n\u0131n usta ismi \u00dclk\u00fc Tamer\u2019in eserlerine ve hayat\u0131ndan kesitlere yer verilen sergi Misi\u2019deki Edebiyat M\u00fczesi\u2019nde izlenime a\u00e7\u0131ld\u0131.BURSA (\u0130GFA) &#8211; Bursa\u00a0Nil\u00fcfer Belediyesi\u2019nin 2018 y\u0131l\u0131nda faaliyete ge\u00e7irdi\u011fi Edebiyat M\u00fczesi ve Ar\u015fivi, T\u00fcrk edebiyat tarihine &hellip;<\/p>","protected":false},"author":1,"featured_media":0,"comment_status":"","ping_status":"open","sticky":false,"template":"","format":"standard","meta":{"_acf_changed":false,"footnotes":""},"categories":[24],"tags":[],"class_list":["post-45495","post","type-post","status-publish","format-standard","has-post-thumbnail","hentry","category-gundem"],"acf":[],"yoast_head":"<!-- This site is optimized with the Yoast SEO Premium plugin v26.6 (Yoast SEO v27.1.1) - https:\/\/yoast.com\/product\/yoast-seo-premium-wordpress\/ -->\n<title>\u00dclk\u00fc Tamer\u2019in eserleri Nil\u00fcfer\u2019de sergileniyor - Av. Deniz Can K\u0131z\u0131l<\/title>\n<meta name=\"robots\" content=\"index, follow, max-snippet:-1, max-image-preview:large, max-video-preview:-1\" \/>\n<link rel=\"canonical\" href=\"https:\/\/denizcankizil.tr\/de\/haberler\/gundem\/ulku-tamerin-eserleri-niluferde-sergileniyor\/\" \/>\n<meta property=\"og:locale\" content=\"de_DE\" \/>\n<meta property=\"og:type\" content=\"article\" \/>\n<meta property=\"og:title\" content=\"\u00dclk\u00fc Tamer\u2019in eserleri Nil\u00fcfer\u2019de sergileniyor\" \/>\n<meta property=\"og:description\" content=\"T\u00fcrk edebiyat\u0131n\u0131n usta ismi \u00dclk\u00fc Tamer\u2019in eserlerine ve hayat\u0131ndan kesitlere yer verilen sergi Misi\u2019deki Edebiyat M\u00fczesi\u2019nde izlenime a\u00e7\u0131ld\u0131.BURSA (\u0130GFA) &#8211; Bursa\u00a0Nil\u00fcfer Belediyesi\u2019nin 2018 y\u0131l\u0131nda faaliyete ge\u00e7irdi\u011fi Edebiyat M\u00fczesi ve Ar\u015fivi, T\u00fcrk edebiyat tarihine \u0131\u015f\u0131k tutmaya devam ediyor. M\u00fcze, 185\u2019i a\u015fk\u0131n \u015fair ve yazar\u0131n el yazmalar\u0131, kitap eskizleri ve ki\u015fisel e\u015fyalar\u0131n\u0131 i\u00e7eren zengin koleksiyonuyla ziyaret\u00e7ilerine unutulmaz deneyimler ya\u015fat\u0131yor. M\u00fczede ayr\u0131ca \u00f6zel sergilerde edebiyatseverlerle bulu\u015fuyor. Bu sergilerden biri daha merakl\u0131lar\u0131 ile bulu\u015ftu. \u0130kinci Yeni ak\u0131m\u0131n\u0131n usta \u015fairi \u00dclk\u00fc Tamer\u2019i anmak ve onun edebiyat d\u00fcnyas\u0131na katk\u0131lar\u0131n\u0131 tan\u0131tmak amac\u0131yla haz\u0131rlanan \u201c\u015eairlerden Bir \u015eair: \u00dclk\u00fc Tamer\u201d isimli sergi Edebiyat M\u00fczesi ve Ar\u015fivi\u2019nde ziyarete a\u00e7\u0131ld\u0131. Sergide, \u201cSo\u011fuk Otlar Alt\u0131nda\u201d, \u201c\u0130\u00e7ime \u00c7ekti\u011fim Hava De\u011fil G\u00f6ky\u00fcz\u00fcd\u00fcr\u201d ve \u201cYanarda\u011f\u0131n \u00dcst\u00fcndeki Ku\u015f\u201d gibi \u00f6nemli eserleriyle T\u00fcrk \u015fiirine damgas\u0131n\u0131 vuran \u00dclk\u00fc Tamer\u2019in el yazmalar\u0131, kitaplar\u0131, mektuplar\u0131 ve ald\u0131\u011f\u0131 \u00f6d\u00fcller yer al\u0131yor. Ziyaret\u00e7iler, sadece \u015fiirleriyle de\u011fil, \u00e7evirileri ve yaz\u0131lar\u0131yla da edebiyat d\u00fcnyas\u0131na \u00f6nemli katk\u0131larda bulunan yazar\u0131 yak\u0131ndan tan\u0131ma f\u0131rsat\u0131 buluyor. \u201c\u015eairlerden Bir \u015eair: \u00dclk\u00fc Tamer\u201d sergisi, 31 Aral\u0131k 2025 tarihine kadar Nil\u00fcfer Belediyesi Edebiyat M\u00fczesi ve Ar\u015fivi\u2019nde ziyaret edilebilecek. \u200bT\u00fcrk edebiyat\u0131n\u0131n usta ismi \u00dclk\u00fc Tamer\u2019in eserlerine ve hayat\u0131ndan kesitlere yer verilen sergi Misi\u2019deki Edebiyat M\u00fczesi\u2019nde izlenime a\u00e7\u0131ld\u0131.BURSA (\u0130GFA) &#8211; Bursa\u00a0Nil\u00fcfer Belediyesi\u2019nin 2018 y\u0131l\u0131nda faaliyete ge\u00e7irdi\u011fi Edebiyat M\u00fczesi ve Ar\u015fivi, T\u00fcrk edebiyat tarihine &hellip;\" \/>\n<meta property=\"og:url\" content=\"https:\/\/denizcankizil.tr\/de\/haberler\/gundem\/ulku-tamerin-eserleri-niluferde-sergileniyor\/\" \/>\n<meta property=\"og:site_name\" content=\"Av. Deniz Can K\u0131z\u0131l\" \/>\n<meta property=\"article:published_time\" content=\"2025-04-04T14:42:22+00:00\" \/>\n<meta name=\"author\" content=\"admin\" \/>\n<meta name=\"twitter:card\" content=\"summary_large_image\" \/>\n<meta name=\"twitter:label1\" content=\"Verfasst von\" \/>\n\t<meta name=\"twitter:data1\" content=\"admin\" \/>\n\t<meta name=\"twitter:label2\" content=\"Gesch\u00e4tzte Lesezeit\" \/>\n\t<meta name=\"twitter:data2\" content=\"2\u00a0Minuten\" \/>\n<script type=\"application\/ld+json\" class=\"yoast-schema-graph\">{\"@context\":\"https:\/\/schema.org\",\"@graph\":[{\"@type\":\"Article\",\"@id\":\"https:\/\/denizcankizil.tr\/en\/haberler\/gundem\/ulku-tamerin-eserleri-niluferde-sergileniyor\/#article\",\"isPartOf\":{\"@id\":\"https:\/\/denizcankizil.tr\/en\/haberler\/gundem\/ulku-tamerin-eserleri-niluferde-sergileniyor\/\"},\"author\":{\"name\":\"admin\",\"@id\":\"https:\/\/denizcankizil.tr\/de\/#\/schema\/person\/be3c05fe6a12686905512445d8185489\"},\"headline\":\"\u00dclk\u00fc Tamer\u2019in eserleri Nil\u00fcfer\u2019de sergileniyor\",\"datePublished\":\"2025-04-04T14:42:22+00:00\",\"mainEntityOfPage\":{\"@id\":\"https:\/\/denizcankizil.tr\/en\/haberler\/gundem\/ulku-tamerin-eserleri-niluferde-sergileniyor\/\"},\"wordCount\":506,\"publisher\":{\"@id\":\"https:\/\/denizcankizil.tr\/de\/#organization\"},\"articleSection\":[\"G\u00fcndem\"],\"inLanguage\":\"de\"},{\"@type\":\"WebPage\",\"@id\":\"https:\/\/denizcankizil.tr\/en\/haberler\/gundem\/ulku-tamerin-eserleri-niluferde-sergileniyor\/\",\"url\":\"https:\/\/denizcankizil.tr\/en\/haberler\/gundem\/ulku-tamerin-eserleri-niluferde-sergileniyor\/\",\"name\":\"\u00dclk\u00fc Tamer\u2019in eserleri Nil\u00fcfer\u2019de sergileniyor - Av. Deniz Can K\u0131z\u0131l\",\"isPartOf\":{\"@id\":\"https:\/\/denizcankizil.tr\/de\/#website\"},\"datePublished\":\"2025-04-04T14:42:22+00:00\",\"breadcrumb\":{\"@id\":\"https:\/\/denizcankizil.tr\/en\/haberler\/gundem\/ulku-tamerin-eserleri-niluferde-sergileniyor\/#breadcrumb\"},\"inLanguage\":\"de\",\"potentialAction\":[{\"@type\":\"ReadAction\",\"target\":[\"https:\/\/denizcankizil.tr\/en\/haberler\/gundem\/ulku-tamerin-eserleri-niluferde-sergileniyor\/\"]}]},{\"@type\":\"BreadcrumbList\",\"@id\":\"https:\/\/denizcankizil.tr\/en\/haberler\/gundem\/ulku-tamerin-eserleri-niluferde-sergileniyor\/#breadcrumb\",\"itemListElement\":[{\"@type\":\"ListItem\",\"position\":1,\"name\":\"Home\",\"item\":\"https:\/\/denizcankizil.tr\/de\/\"},{\"@type\":\"ListItem\",\"position\":2,\"name\":\"\u00dclk\u00fc Tamer\u2019in eserleri Nil\u00fcfer\u2019de sergileniyor\"}]},{\"@type\":\"WebSite\",\"@id\":\"https:\/\/denizcankizil.tr\/de\/#website\",\"url\":\"https:\/\/denizcankizil.tr\/de\/\",\"name\":\"Av. Deniz Can K\u0131z\u0131l\",\"description\":\"Avukat Deniz Can K\u0131z\u0131l Antalya Barosu\",\"publisher\":{\"@id\":\"https:\/\/denizcankizil.tr\/de\/#organization\"},\"potentialAction\":[{\"@type\":\"SearchAction\",\"target\":{\"@type\":\"EntryPoint\",\"urlTemplate\":\"https:\/\/denizcankizil.tr\/de\/?s={search_term_string}\"},\"query-input\":{\"@type\":\"PropertyValueSpecification\",\"valueRequired\":true,\"valueName\":\"search_term_string\"}}],\"inLanguage\":\"de\"},{\"@type\":\"Organization\",\"@id\":\"https:\/\/denizcankizil.tr\/de\/#organization\",\"name\":\"Av. Deniz Can K\u0131z\u0131l\",\"url\":\"https:\/\/denizcankizil.tr\/de\/\",\"logo\":{\"@type\":\"ImageObject\",\"inLanguage\":\"de\",\"@id\":\"https:\/\/denizcankizil.tr\/de\/#\/schema\/logo\/image\/\",\"url\":\"https:\/\/denizcankizil.tr\/wp-content\/uploads\/2024\/10\/siyah-logo-svg.svg\",\"contentUrl\":\"https:\/\/denizcankizil.tr\/wp-content\/uploads\/2024\/10\/siyah-logo-svg.svg\",\"width\":1080,\"height\":1080,\"caption\":\"Av. Deniz Can K\u0131z\u0131l\"},\"image\":{\"@id\":\"https:\/\/denizcankizil.tr\/de\/#\/schema\/logo\/image\/\"}},{\"@type\":\"Person\",\"@id\":\"https:\/\/denizcankizil.tr\/de\/#\/schema\/person\/be3c05fe6a12686905512445d8185489\",\"name\":\"admin\",\"image\":{\"@type\":\"ImageObject\",\"inLanguage\":\"de\",\"@id\":\"https:\/\/denizcankizil.tr\/de\/#\/schema\/person\/image\/\",\"url\":\"https:\/\/secure.gravatar.com\/avatar\/c1fce94c830dc79107e174f890d7210541c4a63e8e5d816341794a2151c9d58c?s=96&d=mm&r=g\",\"contentUrl\":\"https:\/\/secure.gravatar.com\/avatar\/c1fce94c830dc79107e174f890d7210541c4a63e8e5d816341794a2151c9d58c?s=96&d=mm&r=g\",\"caption\":\"admin\"},\"sameAs\":[\"http:\/\/denizcankizil.tr\"],\"url\":\"https:\/\/www.iskenderun.org\/ulku-tamerin-eserleri-niluferde-sergileniyor\"}]}<\/script>\n<!-- \/ Yoast SEO Premium plugin. -->","yoast_head_json":{"title":"\u00dclk\u00fc Tamer\u2019in eserleri Nil\u00fcfer\u2019de sergileniyor - Av. Deniz Can K\u0131z\u0131l","robots":{"index":"index","follow":"follow","max-snippet":"max-snippet:-1","max-image-preview":"max-image-preview:large","max-video-preview":"max-video-preview:-1"},"canonical":"https:\/\/denizcankizil.tr\/de\/haberler\/gundem\/ulku-tamerin-eserleri-niluferde-sergileniyor\/","og_locale":"de_DE","og_type":"article","og_title":"\u00dclk\u00fc Tamer\u2019in eserleri Nil\u00fcfer\u2019de sergileniyor","og_description":"T\u00fcrk edebiyat\u0131n\u0131n usta ismi \u00dclk\u00fc Tamer\u2019in eserlerine ve hayat\u0131ndan kesitlere yer verilen sergi Misi\u2019deki Edebiyat M\u00fczesi\u2019nde izlenime a\u00e7\u0131ld\u0131.BURSA (\u0130GFA) &#8211; Bursa\u00a0Nil\u00fcfer Belediyesi\u2019nin 2018 y\u0131l\u0131nda faaliyete ge\u00e7irdi\u011fi Edebiyat M\u00fczesi ve Ar\u015fivi, T\u00fcrk edebiyat tarihine \u0131\u015f\u0131k tutmaya devam ediyor. M\u00fcze, 185\u2019i a\u015fk\u0131n \u015fair ve yazar\u0131n el yazmalar\u0131, kitap eskizleri ve ki\u015fisel e\u015fyalar\u0131n\u0131 i\u00e7eren zengin koleksiyonuyla ziyaret\u00e7ilerine unutulmaz deneyimler ya\u015fat\u0131yor. M\u00fczede ayr\u0131ca \u00f6zel sergilerde edebiyatseverlerle bulu\u015fuyor. Bu sergilerden biri daha merakl\u0131lar\u0131 ile bulu\u015ftu. \u0130kinci Yeni ak\u0131m\u0131n\u0131n usta \u015fairi \u00dclk\u00fc Tamer\u2019i anmak ve onun edebiyat d\u00fcnyas\u0131na katk\u0131lar\u0131n\u0131 tan\u0131tmak amac\u0131yla haz\u0131rlanan \u201c\u015eairlerden Bir \u015eair: \u00dclk\u00fc Tamer\u201d isimli sergi Edebiyat M\u00fczesi ve Ar\u015fivi\u2019nde ziyarete a\u00e7\u0131ld\u0131. Sergide, \u201cSo\u011fuk Otlar Alt\u0131nda\u201d, \u201c\u0130\u00e7ime \u00c7ekti\u011fim Hava De\u011fil G\u00f6ky\u00fcz\u00fcd\u00fcr\u201d ve \u201cYanarda\u011f\u0131n \u00dcst\u00fcndeki Ku\u015f\u201d gibi \u00f6nemli eserleriyle T\u00fcrk \u015fiirine damgas\u0131n\u0131 vuran \u00dclk\u00fc Tamer\u2019in el yazmalar\u0131, kitaplar\u0131, mektuplar\u0131 ve ald\u0131\u011f\u0131 \u00f6d\u00fcller yer al\u0131yor. Ziyaret\u00e7iler, sadece \u015fiirleriyle de\u011fil, \u00e7evirileri ve yaz\u0131lar\u0131yla da edebiyat d\u00fcnyas\u0131na \u00f6nemli katk\u0131larda bulunan yazar\u0131 yak\u0131ndan tan\u0131ma f\u0131rsat\u0131 buluyor. \u201c\u015eairlerden Bir \u015eair: \u00dclk\u00fc Tamer\u201d sergisi, 31 Aral\u0131k 2025 tarihine kadar Nil\u00fcfer Belediyesi Edebiyat M\u00fczesi ve Ar\u015fivi\u2019nde ziyaret edilebilecek. \u200bT\u00fcrk edebiyat\u0131n\u0131n usta ismi \u00dclk\u00fc Tamer\u2019in eserlerine ve hayat\u0131ndan kesitlere yer verilen sergi Misi\u2019deki Edebiyat M\u00fczesi\u2019nde izlenime a\u00e7\u0131ld\u0131.BURSA (\u0130GFA) &#8211; Bursa\u00a0Nil\u00fcfer Belediyesi\u2019nin 2018 y\u0131l\u0131nda faaliyete ge\u00e7irdi\u011fi Edebiyat M\u00fczesi ve Ar\u015fivi, T\u00fcrk edebiyat tarihine &hellip;","og_url":"https:\/\/denizcankizil.tr\/de\/haberler\/gundem\/ulku-tamerin-eserleri-niluferde-sergileniyor\/","og_site_name":"Av. Deniz Can K\u0131z\u0131l","article_published_time":"2025-04-04T14:42:22+00:00","author":"admin","twitter_card":"summary_large_image","twitter_misc":{"Verfasst von":"admin","Gesch\u00e4tzte Lesezeit":"2\u00a0Minuten"},"schema":{"@context":"https:\/\/schema.org","@graph":[{"@type":"Article","@id":"https:\/\/denizcankizil.tr\/en\/haberler\/gundem\/ulku-tamerin-eserleri-niluferde-sergileniyor\/#article","isPartOf":{"@id":"https:\/\/denizcankizil.tr\/en\/haberler\/gundem\/ulku-tamerin-eserleri-niluferde-sergileniyor\/"},"author":{"name":"admin","@id":"https:\/\/denizcankizil.tr\/de\/#\/schema\/person\/be3c05fe6a12686905512445d8185489"},"headline":"\u00dclk\u00fc Tamer\u2019in eserleri Nil\u00fcfer\u2019de sergileniyor","datePublished":"2025-04-04T14:42:22+00:00","mainEntityOfPage":{"@id":"https:\/\/denizcankizil.tr\/en\/haberler\/gundem\/ulku-tamerin-eserleri-niluferde-sergileniyor\/"},"wordCount":506,"publisher":{"@id":"https:\/\/denizcankizil.tr\/de\/#organization"},"articleSection":["G\u00fcndem"],"inLanguage":"de"},{"@type":"WebPage","@id":"https:\/\/denizcankizil.tr\/en\/haberler\/gundem\/ulku-tamerin-eserleri-niluferde-sergileniyor\/","url":"https:\/\/denizcankizil.tr\/en\/haberler\/gundem\/ulku-tamerin-eserleri-niluferde-sergileniyor\/","name":"\u00dclk\u00fc Tamer\u2019in eserleri Nil\u00fcfer\u2019de sergileniyor - Av. Deniz Can K\u0131z\u0131l","isPartOf":{"@id":"https:\/\/denizcankizil.tr\/de\/#website"},"datePublished":"2025-04-04T14:42:22+00:00","breadcrumb":{"@id":"https:\/\/denizcankizil.tr\/en\/haberler\/gundem\/ulku-tamerin-eserleri-niluferde-sergileniyor\/#breadcrumb"},"inLanguage":"de","potentialAction":[{"@type":"ReadAction","target":["https:\/\/denizcankizil.tr\/en\/haberler\/gundem\/ulku-tamerin-eserleri-niluferde-sergileniyor\/"]}]},{"@type":"BreadcrumbList","@id":"https:\/\/denizcankizil.tr\/en\/haberler\/gundem\/ulku-tamerin-eserleri-niluferde-sergileniyor\/#breadcrumb","itemListElement":[{"@type":"ListItem","position":1,"name":"Home","item":"https:\/\/denizcankizil.tr\/de\/"},{"@type":"ListItem","position":2,"name":"\u00dclk\u00fc Tamer\u2019in eserleri Nil\u00fcfer\u2019de sergileniyor"}]},{"@type":"WebSite","@id":"https:\/\/denizcankizil.tr\/de\/#website","url":"https:\/\/denizcankizil.tr\/de\/","name":"Av. Deniz Can K\u0131z\u0131l","description":"Avukat Deniz Can K\u0131z\u0131l Antalya Barosu","publisher":{"@id":"https:\/\/denizcankizil.tr\/de\/#organization"},"potentialAction":[{"@type":"SearchAction","target":{"@type":"EntryPoint","urlTemplate":"https:\/\/denizcankizil.tr\/de\/?s={search_term_string}"},"query-input":{"@type":"PropertyValueSpecification","valueRequired":true,"valueName":"search_term_string"}}],"inLanguage":"de"},{"@type":"Organization","@id":"https:\/\/denizcankizil.tr\/de\/#organization","name":"Av. Deniz Can K\u0131z\u0131l","url":"https:\/\/denizcankizil.tr\/de\/","logo":{"@type":"ImageObject","inLanguage":"de","@id":"https:\/\/denizcankizil.tr\/de\/#\/schema\/logo\/image\/","url":"https:\/\/denizcankizil.tr\/wp-content\/uploads\/2024\/10\/siyah-logo-svg.svg","contentUrl":"https:\/\/denizcankizil.tr\/wp-content\/uploads\/2024\/10\/siyah-logo-svg.svg","width":1080,"height":1080,"caption":"Av. Deniz Can K\u0131z\u0131l"},"image":{"@id":"https:\/\/denizcankizil.tr\/de\/#\/schema\/logo\/image\/"}},{"@type":"Person","@id":"https:\/\/denizcankizil.tr\/de\/#\/schema\/person\/be3c05fe6a12686905512445d8185489","name":"Administrator","image":{"@type":"ImageObject","inLanguage":"de","@id":"https:\/\/denizcankizil.tr\/de\/#\/schema\/person\/image\/","url":"https:\/\/secure.gravatar.com\/avatar\/c1fce94c830dc79107e174f890d7210541c4a63e8e5d816341794a2151c9d58c?s=96&d=mm&r=g","contentUrl":"https:\/\/secure.gravatar.com\/avatar\/c1fce94c830dc79107e174f890d7210541c4a63e8e5d816341794a2151c9d58c?s=96&d=mm&r=g","caption":"admin"},"sameAs":["http:\/\/denizcankizil.tr"],"url":"https:\/\/www.iskenderun.org\/ulku-tamerin-eserleri-niluferde-sergileniyor"}]}},"_links":{"self":[{"href":"https:\/\/denizcankizil.tr\/de\/wp-json\/wp\/v2\/posts\/45495","targetHints":{"allow":["GET"]}}],"collection":[{"href":"https:\/\/denizcankizil.tr\/de\/wp-json\/wp\/v2\/posts"}],"about":[{"href":"https:\/\/denizcankizil.tr\/de\/wp-json\/wp\/v2\/types\/post"}],"author":[{"embeddable":true,"href":"https:\/\/denizcankizil.tr\/de\/wp-json\/wp\/v2\/users\/1"}],"replies":[{"embeddable":true,"href":"https:\/\/denizcankizil.tr\/de\/wp-json\/wp\/v2\/comments?post=45495"}],"version-history":[{"count":0,"href":"https:\/\/denizcankizil.tr\/de\/wp-json\/wp\/v2\/posts\/45495\/revisions"}],"wp:attachment":[{"href":"https:\/\/denizcankizil.tr\/de\/wp-json\/wp\/v2\/media?parent=45495"}],"wp:term":[{"taxonomy":"category","embeddable":true,"href":"https:\/\/denizcankizil.tr\/de\/wp-json\/wp\/v2\/categories?post=45495"},{"taxonomy":"post_tag","embeddable":true,"href":"https:\/\/denizcankizil.tr\/de\/wp-json\/wp\/v2\/tags?post=45495"}],"curies":[{"name":"wp","href":"https:\/\/api.w.org\/{rel}","templated":true}]}}