{"id":43607,"date":"2025-04-02T22:26:00","date_gmt":"2025-04-02T19:26:00","guid":{"rendered":"https:\/\/denizcankizil.tr\/uncategorized-tr\/o-muftu-hakkinda-sorusturma-baslatildi\/"},"modified":"2025-04-02T22:26:00","modified_gmt":"2025-04-02T19:26:00","slug":"o-muftu-hakkinda-sorusturma-baslatildi","status":"publish","type":"post","link":"https:\/\/denizcankizil.tr\/de\/haberler\/gundem\/o-muftu-hakkinda-sorusturma-baslatildi\/","title":{"rendered":"O M\u00fcft\u00fc hakk\u0131nda soru\u015fturma ba\u015flat\u0131ld\u0131"},"content":{"rendered":"<p>Diyanet \u0130\u015fleri Ba\u015fkanl\u0131\u011f\u0131,\u00a0\u0130stanbul\u00a0\u00c7atalca \u0130l\u00e7e M\u00fcft\u00fcs\u00fc\u00a0Ahmet Mehmetalio\u011flu\u2019nun sosyal medya payla\u015f\u0131mlar\u0131na ili\u015fkin iddialar \u00fczerine harekete ge\u00e7ti. Yap\u0131lan a\u00e7\u0131klamada, kamuoyunda g\u00fcndeme gelen haberler do\u011frultusunda konuyla ilgili resmi bir soru\u015fturma ba\u015flat\u0131ld\u0131\u011f\u0131 duyuruldu.<\/p>\n<p>&#8220;BA\u015eKANLI\u011eIMIZ TARAFINDAN SORU\u015eTURMA BA\u015eLATILMI\u015eTIR&#8221;<\/p>\n<p>Diyanet\u2019ten yap\u0131lan a\u00e7\u0131klamada, \u201cSon g\u00fcnlerde bas\u0131nda yer alan ve\u00a0\u00c7atalca \u0130l\u00e7e M\u00fcft\u00fcs\u00fc\u00a0Ahmet Mehmetalio\u011flu\u2019nun sosyal medya payla\u015f\u0131mlar\u0131na dair iddialar\u0131 i\u00e7eren haberler nedeniyle Ba\u015fkanl\u0131\u011f\u0131m\u0131z taraf\u0131ndan soru\u015fturma ba\u015flat\u0131lm\u0131\u015ft\u0131r\u201d ifadelerine yer verildi.<\/p>\n<p>NE OLMU\u015eTU?\u00a0<\/p>\n<p>Usta sanat\u00e7\u0131 Volkan Konak,\u00a0Kuzey K\u0131br\u0131s T\u00fcrk Cumhuriyeti&#8217;nde verdi\u011fi konser\u00a0s\u0131ras\u0131nda sahnede fenala\u015farak hayat\u0131n\u0131 kaybetti. \u00dcnl\u00fc ismin vefat\u0131 sevenlerini derin bir \u00fcz\u00fcnt\u00fcye bo\u011farken\u00a0\u00c7atalca M\u00fcft\u00fcs\u00fc Ahmet Mehmetalio\u011flu ise sosyal medya hesab\u0131nda yapt\u0131\u011f\u0131 bir payla\u015f\u0131mda Volkan Konak hakk\u0131nda &#8216;gebermi\u015f&#8217; ifadesini kullanm\u0131\u015ft\u0131.<\/p>\n<p>\u200bDiyanet \u0130\u015fleri Ba\u015fkanl\u0131\u011f\u0131, \u00c7atalca \u0130l\u00e7e M\u00fcft\u00fcs\u00fc Ahmet Mehmetalio\u011flu\u2019nun sosyal medya payla\u015f\u0131mlar\u0131na ili\u015fkin iddialar \u00fczerine soru\u015fturma ba\u015flatt\u0131. \u0130\u015fte ayr\u0131nt\u0131lar&#8230;\u00a0<\/p>\n<p>\u200bHaberin Al\u0131nt\u0131land\u0131\u011f\u0131 Kaynak: www.antalyakorfez.com<\/p>","protected":false},"excerpt":{"rendered":"<p>Diyanet \u0130\u015fleri Ba\u015fkanl\u0131\u011f\u0131,\u00a0\u0130stanbul\u00a0\u00c7atalca \u0130l\u00e7e M\u00fcft\u00fcs\u00fc\u00a0Ahmet Mehmetalio\u011flu\u2019nun sosyal medya payla\u015f\u0131mlar\u0131na ili\u015fkin iddialar \u00fczerine harekete ge\u00e7ti. Yap\u0131lan a\u00e7\u0131klamada, kamuoyunda g\u00fcndeme gelen haberler do\u011frultusunda konuyla ilgili resmi bir soru\u015fturma ba\u015flat\u0131ld\u0131\u011f\u0131 duyuruldu. &#8220;BA\u015eKANLI\u011eIMIZ TARAFINDAN SORU\u015eTURMA BA\u015eLATILMI\u015eTIR&#8221; Diyanet\u2019ten yap\u0131lan a\u00e7\u0131klamada, \u201cSon g\u00fcnlerde bas\u0131nda yer alan ve\u00a0\u00c7atalca \u0130l\u00e7e M\u00fcft\u00fcs\u00fc\u00a0Ahmet Mehmetalio\u011flu\u2019nun sosyal medya payla\u015f\u0131mlar\u0131na dair iddialar\u0131 i\u00e7eren haberler nedeniyle Ba\u015fkanl\u0131\u011f\u0131m\u0131z taraf\u0131ndan soru\u015fturma ba\u015flat\u0131lm\u0131\u015ft\u0131r\u201d ifadelerine yer verildi. NE OLMU\u015eTU?\u00a0 Usta sanat\u00e7\u0131 Volkan Konak,\u00a0Kuzey K\u0131br\u0131s T\u00fcrk Cumhuriyeti&#8217;nde verdi\u011fi konser\u00a0s\u0131ras\u0131nda sahnede fenala\u015farak hayat\u0131n\u0131 kaybetti. \u00dcnl\u00fc ismin vefat\u0131 sevenlerini derin bir \u00fcz\u00fcnt\u00fcye bo\u011farken\u00a0\u00c7atalca M\u00fcft\u00fcs\u00fc Ahmet Mehmetalio\u011flu ise sosyal medya hesab\u0131nda yapt\u0131\u011f\u0131 bir payla\u015f\u0131mda Volkan Konak hakk\u0131nda &#8216;gebermi\u015f&#8217; ifadesini kullanm\u0131\u015ft\u0131. \u200bDiyanet \u0130\u015fleri Ba\u015fkanl\u0131\u011f\u0131, \u00c7atalca \u0130l\u00e7e M\u00fcft\u00fcs\u00fc Ahmet Mehmetalio\u011flu\u2019nun sosyal medya payla\u015f\u0131mlar\u0131na ili\u015fkin iddialar \u00fczerine soru\u015fturma ba\u015flatt\u0131. \u0130\u015fte ayr\u0131nt\u0131lar&#8230;\u00a0 \u200bHaberin Al\u0131nt\u0131land\u0131\u011f\u0131 Kaynak: www.antalyakorfez.com<\/p>","protected":false},"author":5,"featured_media":0,"comment_status":"","ping_status":"open","sticky":false,"template":"","format":"standard","meta":{"_acf_changed":false,"footnotes":""},"categories":[24],"tags":[],"class_list":["post-43607","post","type-post","status-publish","format-standard","has-post-thumbnail","hentry","category-gundem"],"acf":[],"yoast_head":"<!-- This site is optimized with the Yoast SEO Premium plugin v26.6 (Yoast SEO v27.1.1) - https:\/\/yoast.com\/product\/yoast-seo-premium-wordpress\/ -->\n<title>O M\u00fcft\u00fc hakk\u0131nda soru\u015fturma ba\u015flat\u0131ld\u0131 - Av. Deniz Can K\u0131z\u0131l<\/title>\n<meta name=\"robots\" content=\"index, follow, max-snippet:-1, max-image-preview:large, max-video-preview:-1\" \/>\n<link rel=\"canonical\" href=\"https:\/\/denizcankizil.tr\/de\/haberler\/gundem\/o-muftu-hakkinda-sorusturma-baslatildi\/\" \/>\n<meta property=\"og:locale\" content=\"de_DE\" \/>\n<meta property=\"og:type\" content=\"article\" \/>\n<meta property=\"og:title\" content=\"O M\u00fcft\u00fc hakk\u0131nda soru\u015fturma ba\u015flat\u0131ld\u0131\" \/>\n<meta property=\"og:description\" content=\"Diyanet \u0130\u015fleri Ba\u015fkanl\u0131\u011f\u0131,\u00a0\u0130stanbul\u00a0\u00c7atalca \u0130l\u00e7e M\u00fcft\u00fcs\u00fc\u00a0Ahmet Mehmetalio\u011flu\u2019nun sosyal medya payla\u015f\u0131mlar\u0131na ili\u015fkin iddialar \u00fczerine harekete ge\u00e7ti. Yap\u0131lan a\u00e7\u0131klamada, kamuoyunda g\u00fcndeme gelen haberler do\u011frultusunda konuyla ilgili resmi bir soru\u015fturma ba\u015flat\u0131ld\u0131\u011f\u0131 duyuruldu. &#8220;BA\u015eKANLI\u011eIMIZ TARAFINDAN SORU\u015eTURMA BA\u015eLATILMI\u015eTIR&#8221; Diyanet\u2019ten yap\u0131lan a\u00e7\u0131klamada, \u201cSon g\u00fcnlerde bas\u0131nda yer alan ve\u00a0\u00c7atalca \u0130l\u00e7e M\u00fcft\u00fcs\u00fc\u00a0Ahmet Mehmetalio\u011flu\u2019nun sosyal medya payla\u015f\u0131mlar\u0131na dair iddialar\u0131 i\u00e7eren haberler nedeniyle Ba\u015fkanl\u0131\u011f\u0131m\u0131z taraf\u0131ndan soru\u015fturma ba\u015flat\u0131lm\u0131\u015ft\u0131r\u201d ifadelerine yer verildi. NE OLMU\u015eTU?\u00a0 Usta sanat\u00e7\u0131 Volkan Konak,\u00a0Kuzey K\u0131br\u0131s T\u00fcrk Cumhuriyeti&#8217;nde verdi\u011fi konser\u00a0s\u0131ras\u0131nda sahnede fenala\u015farak hayat\u0131n\u0131 kaybetti. \u00dcnl\u00fc ismin vefat\u0131 sevenlerini derin bir \u00fcz\u00fcnt\u00fcye bo\u011farken\u00a0\u00c7atalca M\u00fcft\u00fcs\u00fc Ahmet Mehmetalio\u011flu ise sosyal medya hesab\u0131nda yapt\u0131\u011f\u0131 bir payla\u015f\u0131mda Volkan Konak hakk\u0131nda &#8216;gebermi\u015f&#8217; ifadesini kullanm\u0131\u015ft\u0131. \u200bDiyanet \u0130\u015fleri Ba\u015fkanl\u0131\u011f\u0131, \u00c7atalca \u0130l\u00e7e M\u00fcft\u00fcs\u00fc Ahmet Mehmetalio\u011flu\u2019nun sosyal medya payla\u015f\u0131mlar\u0131na ili\u015fkin iddialar \u00fczerine soru\u015fturma ba\u015flatt\u0131. \u0130\u015fte ayr\u0131nt\u0131lar&#8230;\u00a0 \u200bHaberin Al\u0131nt\u0131land\u0131\u011f\u0131 Kaynak: www.antalyakorfez.com\" \/>\n<meta property=\"og:url\" content=\"https:\/\/denizcankizil.tr\/de\/haberler\/gundem\/o-muftu-hakkinda-sorusturma-baslatildi\/\" \/>\n<meta property=\"og:site_name\" content=\"Av. Deniz Can K\u0131z\u0131l\" \/>\n<meta property=\"article:published_time\" content=\"2025-04-02T19:26:00+00:00\" \/>\n<meta name=\"author\" content=\"Antalya K\u00f6rfez\" \/>\n<meta name=\"twitter:card\" content=\"summary_large_image\" \/>\n<meta name=\"twitter:label1\" content=\"Verfasst von\" \/>\n\t<meta name=\"twitter:data1\" content=\"Antalya K\u00f6rfez\" \/>\n\t<meta name=\"twitter:label2\" content=\"Gesch\u00e4tzte Lesezeit\" \/>\n\t<meta name=\"twitter:data2\" content=\"1\u00a0Minute\" \/>\n<script type=\"application\/ld+json\" class=\"yoast-schema-graph\">{\"@context\":\"https:\/\/schema.org\",\"@graph\":[{\"@type\":\"Article\",\"@id\":\"https:\/\/denizcankizil.tr\/de\/haberler\/gundem\/o-muftu-hakkinda-sorusturma-baslatildi\/#article\",\"isPartOf\":{\"@id\":\"https:\/\/denizcankizil.tr\/de\/haberler\/gundem\/o-muftu-hakkinda-sorusturma-baslatildi\/\"},\"author\":{\"name\":\"Antalya K\u00f6rfez\",\"@id\":\"https:\/\/denizcankizil.tr\/de\/#\/schema\/person\/e1eb71bb4dd684d46563f0af307e1234\"},\"headline\":\"O M\u00fcft\u00fc hakk\u0131nda soru\u015fturma ba\u015flat\u0131ld\u0131\",\"datePublished\":\"2025-04-02T19:26:00+00:00\",\"mainEntityOfPage\":{\"@id\":\"https:\/\/denizcankizil.tr\/de\/haberler\/gundem\/o-muftu-hakkinda-sorusturma-baslatildi\/\"},\"wordCount\":219,\"publisher\":{\"@id\":\"https:\/\/denizcankizil.tr\/de\/#organization\"},\"articleSection\":[\"G\u00fcndem\"],\"inLanguage\":\"de\"},{\"@type\":\"WebPage\",\"@id\":\"https:\/\/denizcankizil.tr\/de\/haberler\/gundem\/o-muftu-hakkinda-sorusturma-baslatildi\/\",\"url\":\"https:\/\/denizcankizil.tr\/de\/haberler\/gundem\/o-muftu-hakkinda-sorusturma-baslatildi\/\",\"name\":\"O M\u00fcft\u00fc hakk\u0131nda soru\u015fturma ba\u015flat\u0131ld\u0131 - Av. Deniz Can K\u0131z\u0131l\",\"isPartOf\":{\"@id\":\"https:\/\/denizcankizil.tr\/de\/#website\"},\"datePublished\":\"2025-04-02T19:26:00+00:00\",\"breadcrumb\":{\"@id\":\"https:\/\/denizcankizil.tr\/de\/haberler\/gundem\/o-muftu-hakkinda-sorusturma-baslatildi\/#breadcrumb\"},\"inLanguage\":\"de\",\"potentialAction\":[{\"@type\":\"ReadAction\",\"target\":[\"https:\/\/denizcankizil.tr\/de\/haberler\/gundem\/o-muftu-hakkinda-sorusturma-baslatildi\/\"]}]},{\"@type\":\"BreadcrumbList\",\"@id\":\"https:\/\/denizcankizil.tr\/de\/haberler\/gundem\/o-muftu-hakkinda-sorusturma-baslatildi\/#breadcrumb\",\"itemListElement\":[{\"@type\":\"ListItem\",\"position\":1,\"name\":\"Home\",\"item\":\"https:\/\/denizcankizil.tr\/de\/\"},{\"@type\":\"ListItem\",\"position\":2,\"name\":\"O M\u00fcft\u00fc hakk\u0131nda soru\u015fturma ba\u015flat\u0131ld\u0131\"}]},{\"@type\":\"WebSite\",\"@id\":\"https:\/\/denizcankizil.tr\/de\/#website\",\"url\":\"https:\/\/denizcankizil.tr\/de\/\",\"name\":\"Av. Deniz Can K\u0131z\u0131l\",\"description\":\"Avukat Deniz Can K\u0131z\u0131l Antalya Barosu\",\"publisher\":{\"@id\":\"https:\/\/denizcankizil.tr\/de\/#organization\"},\"potentialAction\":[{\"@type\":\"SearchAction\",\"target\":{\"@type\":\"EntryPoint\",\"urlTemplate\":\"https:\/\/denizcankizil.tr\/de\/?s={search_term_string}\"},\"query-input\":{\"@type\":\"PropertyValueSpecification\",\"valueRequired\":true,\"valueName\":\"search_term_string\"}}],\"inLanguage\":\"de\"},{\"@type\":\"Organization\",\"@id\":\"https:\/\/denizcankizil.tr\/de\/#organization\",\"name\":\"Av. Deniz Can K\u0131z\u0131l\",\"url\":\"https:\/\/denizcankizil.tr\/de\/\",\"logo\":{\"@type\":\"ImageObject\",\"inLanguage\":\"de\",\"@id\":\"https:\/\/denizcankizil.tr\/de\/#\/schema\/logo\/image\/\",\"url\":\"https:\/\/denizcankizil.tr\/wp-content\/uploads\/2024\/10\/siyah-logo-svg.svg\",\"contentUrl\":\"https:\/\/denizcankizil.tr\/wp-content\/uploads\/2024\/10\/siyah-logo-svg.svg\",\"width\":1080,\"height\":1080,\"caption\":\"Av. Deniz Can K\u0131z\u0131l\"},\"image\":{\"@id\":\"https:\/\/denizcankizil.tr\/de\/#\/schema\/logo\/image\/\"}},{\"@type\":\"Person\",\"@id\":\"https:\/\/denizcankizil.tr\/de\/#\/schema\/person\/e1eb71bb4dd684d46563f0af307e1234\",\"name\":\"Antalya K\u00f6rfez\",\"image\":{\"@type\":\"ImageObject\",\"inLanguage\":\"de\",\"@id\":\"https:\/\/denizcankizil.tr\/de\/#\/schema\/person\/image\/\",\"url\":\"https:\/\/secure.gravatar.com\/avatar\/42b01982558a48a0b501fdcab6a408d3717ea5919095ee2e67b0e521799c5905?s=96&d=mm&r=g\",\"contentUrl\":\"https:\/\/secure.gravatar.com\/avatar\/42b01982558a48a0b501fdcab6a408d3717ea5919095ee2e67b0e521799c5905?s=96&d=mm&r=g\",\"caption\":\"Antalya K\u00f6rfez\"},\"sameAs\":[\"http:\/\/www.antalyakorfez.com\"],\"url\":\"https:\/\/www.antalyakorfez.com\/o-muftu-hakkinda-sorusturma-baslatildi\"}]}<\/script>\n<!-- \/ Yoast SEO Premium plugin. -->","yoast_head_json":{"title":"O M\u00fcft\u00fc hakk\u0131nda soru\u015fturma ba\u015flat\u0131ld\u0131 - Av. Deniz Can K\u0131z\u0131l","robots":{"index":"index","follow":"follow","max-snippet":"max-snippet:-1","max-image-preview":"max-image-preview:large","max-video-preview":"max-video-preview:-1"},"canonical":"https:\/\/denizcankizil.tr\/de\/haberler\/gundem\/o-muftu-hakkinda-sorusturma-baslatildi\/","og_locale":"de_DE","og_type":"article","og_title":"O M\u00fcft\u00fc hakk\u0131nda soru\u015fturma ba\u015flat\u0131ld\u0131","og_description":"Diyanet \u0130\u015fleri Ba\u015fkanl\u0131\u011f\u0131,\u00a0\u0130stanbul\u00a0\u00c7atalca \u0130l\u00e7e M\u00fcft\u00fcs\u00fc\u00a0Ahmet Mehmetalio\u011flu\u2019nun sosyal medya payla\u015f\u0131mlar\u0131na ili\u015fkin iddialar \u00fczerine harekete ge\u00e7ti. Yap\u0131lan a\u00e7\u0131klamada, kamuoyunda g\u00fcndeme gelen haberler do\u011frultusunda konuyla ilgili resmi bir soru\u015fturma ba\u015flat\u0131ld\u0131\u011f\u0131 duyuruldu. &#8220;BA\u015eKANLI\u011eIMIZ TARAFINDAN SORU\u015eTURMA BA\u015eLATILMI\u015eTIR&#8221; Diyanet\u2019ten yap\u0131lan a\u00e7\u0131klamada, \u201cSon g\u00fcnlerde bas\u0131nda yer alan ve\u00a0\u00c7atalca \u0130l\u00e7e M\u00fcft\u00fcs\u00fc\u00a0Ahmet Mehmetalio\u011flu\u2019nun sosyal medya payla\u015f\u0131mlar\u0131na dair iddialar\u0131 i\u00e7eren haberler nedeniyle Ba\u015fkanl\u0131\u011f\u0131m\u0131z taraf\u0131ndan soru\u015fturma ba\u015flat\u0131lm\u0131\u015ft\u0131r\u201d ifadelerine yer verildi. NE OLMU\u015eTU?\u00a0 Usta sanat\u00e7\u0131 Volkan Konak,\u00a0Kuzey K\u0131br\u0131s T\u00fcrk Cumhuriyeti&#8217;nde verdi\u011fi konser\u00a0s\u0131ras\u0131nda sahnede fenala\u015farak hayat\u0131n\u0131 kaybetti. \u00dcnl\u00fc ismin vefat\u0131 sevenlerini derin bir \u00fcz\u00fcnt\u00fcye bo\u011farken\u00a0\u00c7atalca M\u00fcft\u00fcs\u00fc Ahmet Mehmetalio\u011flu ise sosyal medya hesab\u0131nda yapt\u0131\u011f\u0131 bir payla\u015f\u0131mda Volkan Konak hakk\u0131nda &#8216;gebermi\u015f&#8217; ifadesini kullanm\u0131\u015ft\u0131. \u200bDiyanet \u0130\u015fleri Ba\u015fkanl\u0131\u011f\u0131, \u00c7atalca \u0130l\u00e7e M\u00fcft\u00fcs\u00fc Ahmet Mehmetalio\u011flu\u2019nun sosyal medya payla\u015f\u0131mlar\u0131na ili\u015fkin iddialar \u00fczerine soru\u015fturma ba\u015flatt\u0131. \u0130\u015fte ayr\u0131nt\u0131lar&#8230;\u00a0 \u200bHaberin Al\u0131nt\u0131land\u0131\u011f\u0131 Kaynak: www.antalyakorfez.com","og_url":"https:\/\/denizcankizil.tr\/de\/haberler\/gundem\/o-muftu-hakkinda-sorusturma-baslatildi\/","og_site_name":"Av. Deniz Can K\u0131z\u0131l","article_published_time":"2025-04-02T19:26:00+00:00","author":"Antalya K\u00f6rfez","twitter_card":"summary_large_image","twitter_misc":{"Verfasst von":"Antalya K\u00f6rfez","Gesch\u00e4tzte Lesezeit":"1\u00a0Minute"},"schema":{"@context":"https:\/\/schema.org","@graph":[{"@type":"Article","@id":"https:\/\/denizcankizil.tr\/de\/haberler\/gundem\/o-muftu-hakkinda-sorusturma-baslatildi\/#article","isPartOf":{"@id":"https:\/\/denizcankizil.tr\/de\/haberler\/gundem\/o-muftu-hakkinda-sorusturma-baslatildi\/"},"author":{"name":"Antalya K\u00f6rfez","@id":"https:\/\/denizcankizil.tr\/de\/#\/schema\/person\/e1eb71bb4dd684d46563f0af307e1234"},"headline":"O M\u00fcft\u00fc hakk\u0131nda soru\u015fturma ba\u015flat\u0131ld\u0131","datePublished":"2025-04-02T19:26:00+00:00","mainEntityOfPage":{"@id":"https:\/\/denizcankizil.tr\/de\/haberler\/gundem\/o-muftu-hakkinda-sorusturma-baslatildi\/"},"wordCount":219,"publisher":{"@id":"https:\/\/denizcankizil.tr\/de\/#organization"},"articleSection":["G\u00fcndem"],"inLanguage":"de"},{"@type":"WebPage","@id":"https:\/\/denizcankizil.tr\/de\/haberler\/gundem\/o-muftu-hakkinda-sorusturma-baslatildi\/","url":"https:\/\/denizcankizil.tr\/de\/haberler\/gundem\/o-muftu-hakkinda-sorusturma-baslatildi\/","name":"O M\u00fcft\u00fc hakk\u0131nda soru\u015fturma ba\u015flat\u0131ld\u0131 - Av. Deniz Can K\u0131z\u0131l","isPartOf":{"@id":"https:\/\/denizcankizil.tr\/de\/#website"},"datePublished":"2025-04-02T19:26:00+00:00","breadcrumb":{"@id":"https:\/\/denizcankizil.tr\/de\/haberler\/gundem\/o-muftu-hakkinda-sorusturma-baslatildi\/#breadcrumb"},"inLanguage":"de","potentialAction":[{"@type":"ReadAction","target":["https:\/\/denizcankizil.tr\/de\/haberler\/gundem\/o-muftu-hakkinda-sorusturma-baslatildi\/"]}]},{"@type":"BreadcrumbList","@id":"https:\/\/denizcankizil.tr\/de\/haberler\/gundem\/o-muftu-hakkinda-sorusturma-baslatildi\/#breadcrumb","itemListElement":[{"@type":"ListItem","position":1,"name":"Home","item":"https:\/\/denizcankizil.tr\/de\/"},{"@type":"ListItem","position":2,"name":"O M\u00fcft\u00fc hakk\u0131nda soru\u015fturma ba\u015flat\u0131ld\u0131"}]},{"@type":"WebSite","@id":"https:\/\/denizcankizil.tr\/de\/#website","url":"https:\/\/denizcankizil.tr\/de\/","name":"Av. Deniz Can K\u0131z\u0131l","description":"Avukat Deniz Can K\u0131z\u0131l Antalya Barosu","publisher":{"@id":"https:\/\/denizcankizil.tr\/de\/#organization"},"potentialAction":[{"@type":"SearchAction","target":{"@type":"EntryPoint","urlTemplate":"https:\/\/denizcankizil.tr\/de\/?s={search_term_string}"},"query-input":{"@type":"PropertyValueSpecification","valueRequired":true,"valueName":"search_term_string"}}],"inLanguage":"de"},{"@type":"Organization","@id":"https:\/\/denizcankizil.tr\/de\/#organization","name":"Av. Deniz Can K\u0131z\u0131l","url":"https:\/\/denizcankizil.tr\/de\/","logo":{"@type":"ImageObject","inLanguage":"de","@id":"https:\/\/denizcankizil.tr\/de\/#\/schema\/logo\/image\/","url":"https:\/\/denizcankizil.tr\/wp-content\/uploads\/2024\/10\/siyah-logo-svg.svg","contentUrl":"https:\/\/denizcankizil.tr\/wp-content\/uploads\/2024\/10\/siyah-logo-svg.svg","width":1080,"height":1080,"caption":"Av. Deniz Can K\u0131z\u0131l"},"image":{"@id":"https:\/\/denizcankizil.tr\/de\/#\/schema\/logo\/image\/"}},{"@type":"Person","@id":"https:\/\/denizcankizil.tr\/de\/#\/schema\/person\/e1eb71bb4dd684d46563f0af307e1234","name":"Antalya K\u00f6rfez","image":{"@type":"ImageObject","inLanguage":"de","@id":"https:\/\/denizcankizil.tr\/de\/#\/schema\/person\/image\/","url":"https:\/\/secure.gravatar.com\/avatar\/42b01982558a48a0b501fdcab6a408d3717ea5919095ee2e67b0e521799c5905?s=96&d=mm&r=g","contentUrl":"https:\/\/secure.gravatar.com\/avatar\/42b01982558a48a0b501fdcab6a408d3717ea5919095ee2e67b0e521799c5905?s=96&d=mm&r=g","caption":"Antalya K\u00f6rfez"},"sameAs":["http:\/\/www.antalyakorfez.com"],"url":"https:\/\/www.antalyakorfez.com\/o-muftu-hakkinda-sorusturma-baslatildi"}]}},"_links":{"self":[{"href":"https:\/\/denizcankizil.tr\/de\/wp-json\/wp\/v2\/posts\/43607","targetHints":{"allow":["GET"]}}],"collection":[{"href":"https:\/\/denizcankizil.tr\/de\/wp-json\/wp\/v2\/posts"}],"about":[{"href":"https:\/\/denizcankizil.tr\/de\/wp-json\/wp\/v2\/types\/post"}],"author":[{"embeddable":true,"href":"https:\/\/denizcankizil.tr\/de\/wp-json\/wp\/v2\/users\/5"}],"replies":[{"embeddable":true,"href":"https:\/\/denizcankizil.tr\/de\/wp-json\/wp\/v2\/comments?post=43607"}],"version-history":[{"count":0,"href":"https:\/\/denizcankizil.tr\/de\/wp-json\/wp\/v2\/posts\/43607\/revisions"}],"wp:attachment":[{"href":"https:\/\/denizcankizil.tr\/de\/wp-json\/wp\/v2\/media?parent=43607"}],"wp:term":[{"taxonomy":"category","embeddable":true,"href":"https:\/\/denizcankizil.tr\/de\/wp-json\/wp\/v2\/categories?post=43607"},{"taxonomy":"post_tag","embeddable":true,"href":"https:\/\/denizcankizil.tr\/de\/wp-json\/wp\/v2\/tags?post=43607"}],"curies":[{"name":"wp","href":"https:\/\/api.w.org\/{rel}","templated":true}]}}