{"id":41639,"date":"2025-03-31T22:42:39","date_gmt":"2025-03-31T19:42:39","guid":{"rendered":"https:\/\/denizcankizil.tr\/uncategorized-tr\/2024-teftislerinde-710-milyon-tllik-kamu-alacagi-odetildi\/"},"modified":"2025-03-31T22:42:39","modified_gmt":"2025-03-31T19:42:39","slug":"2024-teftislerinde-710-milyon-tllik-kamu-alacagi-odetildi","status":"publish","type":"post","link":"https:\/\/denizcankizil.tr\/de\/haberler\/gundem\/2024-teftislerinde-710-milyon-tllik-kamu-alacagi-odetildi\/","title":{"rendered":"2024 tefti\u015flerinde 710 milyon TL&#8217;lik kamu alaca\u011f\u0131 \u00f6detildi"},"content":{"rendered":"<p>\u00c7al\u0131\u015fma ve Sosyal G\u00fcvenlik Bakan\u0131 Prof. Dr. Vedat I\u015f\u0131khan, i\u015f yerlerinde teft\u015fi ve denetim g\u00f6revlerinin hassasiyetle s\u00fcrd\u00fcr\u00fcld\u00fc\u011f\u00fcn\u00fc belirterek, 2024 y\u0131l\u0131nda 900 i\u015f m\u00fcfetti\u015fiyle ger\u00e7ekle\u015ftirdi\u011fi faaliyetlerin \u00f6zetini payla\u015ft\u0131.ANKARA (\u0130GFA) &#8211; T\u00fcrkiye&#8217;de \u00e7al\u0131\u015fma ko\u015fullar\u0131n\u0131 ve ortam\u0131n\u0131 inceleme ve denetleme kapsam\u0131ndaki i\u015f tefti\u015fi faaliyetleri 2024 y\u0131l\u0131nda da h\u0131z kesmeden devam ediyor.<br \/>\n\u00c7al\u0131\u015fma ve Sosyal G\u00fcvenlik Bakanl\u0131\u011f\u0131&#8217;na ba\u011fl\u0131 \u0130\u015f Tefti\u015f Kurulu taraf\u0131ndan y\u00fcr\u00fct\u00fclen denetimlere ili\u015fkin \u00e7arp\u0131c\u0131 veriler Bakan Prof. Dr. Vedat I\u015f\u0131khan taraf\u0131ndan kamuoyuyla payla\u015f\u0131ld\u0131.<br \/>\n12 B\u0130NDEN FAZLA \u0130\u015eYER\u0130 DENETLEND\u0130, 2 M\u0130LYON \u00c7ALI\u015eAN ULA\u015eILDI<br \/>\n2024 y\u0131l\u0131 boyunca 19 farkl\u0131 sekt\u00f6rde (maden, in\u015faat, ulusal zincir marketler ve restoranlar vb.) \u00f6nleyici tefti\u015fler ger\u00e7ekle\u015ftirildi\u011fini belirten Bakan I\u015f\u0131khan, bu kapsamda 12 binden fazla i\u015fyeri denetimden ge\u00e7irilirken, yakla\u015f\u0131k 2 milyon \u00e7al\u0131\u015fana ula\u015f\u0131ld\u0131\u011f\u0131n\u0131 s\u00f6yledi.<br \/>\nKay\u0131td\u0131\u015f\u0131l\u0131kla m\u00fccadele kapsam\u0131nda 1,8 Milyar TL i\u015f\u00e7i alaca\u011f\u0131 ve 710 milyon TL&#8217;lik kamu alaca\u011f\u0131n\u0131n \u00f6detildi\u011fini vurgulayan Bakan I\u015f\u0131khan, mevzuata ayk\u0131r\u0131 davran\u0131\u015flar sergileyen i\u015fyerlerine toplamda 920 milyon TL idari para cezas\u0131 uyguland\u0131\u011f\u0131 kaydedildi.<br \/>\nDenetimlerde \u00e7al\u0131\u015fanlar\u0131n hayat\u0131n\u0131 riske atan ciddi ihlallerin tespit edildi\u011fini ve 172 i\u015fyerinde i\u015fin durdurulmas\u0131 karar\u0131 al\u0131nd\u0131\u011f\u0131n\u0131 vurgulayan Bakan I\u015f\u0131khan, denetimlerin i\u015f sa\u011fl\u0131\u011f\u0131 ve g\u00fcvenli\u011fi k\u00fclt\u00fcr\u00fcn\u00fc yayg\u0131nla\u015ft\u0131rmak, \u00e7al\u0131\u015fanlar\u0131n haklar\u0131n\u0131 korumak ve kay\u0131td\u0131\u015f\u0131l\u0131\u011f\u0131 \u00f6nlemek amac\u0131yla aral\u0131ks\u0131z devam edece\u011fini vurgulad\u0131.<\/p>\n<p>\u200b\u00c7al\u0131\u015fma ve Sosyal G\u00fcvenlik Bakan\u0131 Prof. Dr. Vedat I\u015f\u0131khan, i\u015f yerlerinde teft\u015fi ve denetim g\u00f6revlerinin hassasiyetle s\u00fcrd\u00fcr\u00fcld\u00fc\u011f\u00fcn\u00fc belirterek, 2024 y\u0131l\u0131nda 900 i\u015f m\u00fcfetti\u015fiyle ger\u00e7ekle\u015ftirdi\u011fi faaliyetlerin \u00f6zetini payla\u015ft\u0131.ANKARA (\u0130GFA) &#8211; T\u00fcrkiye&#8217;de \u00e7al\u0131\u015fma ko\u015fullar\u0131n\u0131 ve ortam\u0131n\u0131 inceleme ve denetleme kapsam\u0131ndaki i\u015f tefti\u015fi faaliyetleri 2024 y\u0131l\u0131nda da h\u0131z kesmeden devam ediyor.<br \/>\n\u00c7al\u0131\u015fma ve Sosyal G\u00fcvenlik Bakanl\u0131\u011f\u0131&#8217;na ba\u011fl\u0131 \u0130\u015f Tefti\u015f Kurulu taraf\u0131ndan y\u00fcr\u00fct\u00fclen denetimlere ili\u015fkin \u00e7arp\u0131c\u0131 veriler Bakan Prof. Dr. Vedat I\u015f\u0131khan taraf\u0131ndan kamuoyuyla payla\u015f\u0131ld\u0131.<br \/>\n12 B\u0130NDEN FAZLA \u0130\u015eYER\u0130 DENETLEND\u0130, 2 M\u0130LYON \u00c7ALI\u015eAN ULA\u015eILDI<br \/>\n2024 y\u0131l\u0131 boyunca 19 farkl\u0131 sekt\u00f6rde (maden, in\u015faat, ulusal zincir marketler ve restoranlar vb.) \u00f6nleyici tefti\u015fler ger\u00e7ekle\u015ftirildi\u011fini belirten Bakan I\u015f\u0131khan, bu kapsamda 12 binden fazla i\u015fyeri denetimden ge\u00e7irilirken, yakla\u015f\u0131k 2 milyon \u00e7al\u0131\u015fana ula\u015f\u0131ld\u0131\u011f\u0131n\u0131 s\u00f6yledi.<br \/>\nKay\u0131td\u0131\u015f\u0131l\u0131kla m\u00fccadele kapsam\u0131nda 1,8 Milyar TL i\u015f\u00e7i alaca\u011f\u0131 ve 710 milyon TL&#8217;lik kamu alaca\u011f\u0131n\u0131n \u00f6detildi\u011fini vurgulayan Bakan I\u015f\u0131khan, mevzuata ayk\u0131r\u0131 davran\u0131\u015flar sergileyen i\u015fyerlerine toplamda 920 milyon TL idari para cezas\u0131 uyguland\u0131\u011f\u0131 kaydedildi.<br \/>\nDenetimlerde \u00e7al\u0131\u015fanlar\u0131n hayat\u0131n\u0131 riske atan ciddi ihlallerin tespit edildi\u011fini ve 172 i\u015fyerinde i\u015fin durdurulmas\u0131 karar\u0131 al\u0131nd\u0131\u011f\u0131n\u0131 vurgulayan Bakan I\u015f\u0131khan, denetimlerin i\u015f sa\u011fl\u0131\u011f\u0131 ve g\u00fcvenli\u011fi k\u00fclt\u00fcr\u00fcn\u00fc yayg\u0131nla\u015ft\u0131rmak, \u00e7al\u0131\u015fanlar\u0131n haklar\u0131n\u0131 korumak ve kay\u0131td\u0131\u015f\u0131l\u0131\u011f\u0131 \u00f6nlemek amac\u0131yla aral\u0131ks\u0131z devam edece\u011fini vurgulad\u0131.\u00a0<\/p>\n<p>\u200bHaberin Al\u0131nt\u0131land\u0131\u011f\u0131 Kaynak: www.iskenderun.org<\/p>","protected":false},"excerpt":{"rendered":"<p>\u00c7al\u0131\u015fma ve Sosyal G\u00fcvenlik Bakan\u0131 Prof. Dr. Vedat I\u015f\u0131khan, i\u015f yerlerinde teft\u015fi ve denetim g\u00f6revlerinin hassasiyetle s\u00fcrd\u00fcr\u00fcld\u00fc\u011f\u00fcn\u00fc belirterek, 2024 y\u0131l\u0131nda 900 i\u015f m\u00fcfetti\u015fiyle ger\u00e7ekle\u015ftirdi\u011fi faaliyetlerin \u00f6zetini payla\u015ft\u0131.ANKARA (\u0130GFA) &#8211; T\u00fcrkiye&#8217;de \u00e7al\u0131\u015fma ko\u015fullar\u0131n\u0131 ve ortam\u0131n\u0131 inceleme ve denetleme kapsam\u0131ndaki i\u015f tefti\u015fi faaliyetleri 2024 y\u0131l\u0131nda da h\u0131z kesmeden devam ediyor. \u00c7al\u0131\u015fma ve Sosyal G\u00fcvenlik Bakanl\u0131\u011f\u0131&#8217;na ba\u011fl\u0131 \u0130\u015f Tefti\u015f Kurulu taraf\u0131ndan y\u00fcr\u00fct\u00fclen denetimlere ili\u015fkin \u00e7arp\u0131c\u0131 veriler Bakan Prof. Dr. Vedat I\u015f\u0131khan taraf\u0131ndan kamuoyuyla payla\u015f\u0131ld\u0131. 12 B\u0130NDEN FAZLA \u0130\u015eYER\u0130 DENETLEND\u0130, 2 M\u0130LYON \u00c7ALI\u015eAN ULA\u015eILDI 2024 y\u0131l\u0131 boyunca 19 farkl\u0131 sekt\u00f6rde (maden, in\u015faat, ulusal zincir marketler ve restoranlar vb.) \u00f6nleyici tefti\u015fler ger\u00e7ekle\u015ftirildi\u011fini belirten Bakan I\u015f\u0131khan, bu kapsamda 12 binden fazla i\u015fyeri denetimden ge\u00e7irilirken, yakla\u015f\u0131k 2 milyon \u00e7al\u0131\u015fana ula\u015f\u0131ld\u0131\u011f\u0131n\u0131 s\u00f6yledi. Kay\u0131td\u0131\u015f\u0131l\u0131kla m\u00fccadele kapsam\u0131nda 1,8 Milyar TL i\u015f\u00e7i alaca\u011f\u0131 ve 710 milyon TL&#8217;lik kamu alaca\u011f\u0131n\u0131n \u00f6detildi\u011fini vurgulayan Bakan I\u015f\u0131khan, mevzuata ayk\u0131r\u0131 davran\u0131\u015flar sergileyen i\u015fyerlerine toplamda 920 milyon TL idari para cezas\u0131 uyguland\u0131\u011f\u0131 kaydedildi. Denetimlerde \u00e7al\u0131\u015fanlar\u0131n hayat\u0131n\u0131 riske atan ciddi ihlallerin tespit edildi\u011fini ve 172 i\u015fyerinde i\u015fin durdurulmas\u0131 karar\u0131 al\u0131nd\u0131\u011f\u0131n\u0131 vurgulayan Bakan I\u015f\u0131khan, denetimlerin i\u015f sa\u011fl\u0131\u011f\u0131 ve g\u00fcvenli\u011fi k\u00fclt\u00fcr\u00fcn\u00fc yayg\u0131nla\u015ft\u0131rmak, \u00e7al\u0131\u015fanlar\u0131n haklar\u0131n\u0131 korumak ve kay\u0131td\u0131\u015f\u0131l\u0131\u011f\u0131 \u00f6nlemek amac\u0131yla aral\u0131ks\u0131z devam edece\u011fini vurgulad\u0131. \u200b\u00c7al\u0131\u015fma ve Sosyal G\u00fcvenlik Bakan\u0131 Prof. Dr. Vedat I\u015f\u0131khan, i\u015f yerlerinde teft\u015fi ve denetim g\u00f6revlerinin hassasiyetle s\u00fcrd\u00fcr\u00fcld\u00fc\u011f\u00fcn\u00fc &hellip;<\/p>","protected":false},"author":1,"featured_media":0,"comment_status":"","ping_status":"open","sticky":false,"template":"","format":"standard","meta":{"_acf_changed":false,"footnotes":""},"categories":[24],"tags":[],"class_list":["post-41639","post","type-post","status-publish","format-standard","has-post-thumbnail","hentry","category-gundem"],"acf":[],"yoast_head":"<!-- This site is optimized with the Yoast SEO Premium plugin v26.6 (Yoast SEO v27.1.1) - https:\/\/yoast.com\/product\/yoast-seo-premium-wordpress\/ -->\n<title>2024 tefti\u015flerinde 710 milyon TL&#039;lik kamu alaca\u011f\u0131 \u00f6detildi - Av. Deniz Can K\u0131z\u0131l<\/title>\n<meta name=\"robots\" content=\"index, follow, max-snippet:-1, max-image-preview:large, max-video-preview:-1\" \/>\n<link rel=\"canonical\" href=\"https:\/\/denizcankizil.tr\/de\/haberler\/gundem\/2024-teftislerinde-710-milyon-tllik-kamu-alacagi-odetildi\/\" \/>\n<meta property=\"og:locale\" content=\"de_DE\" \/>\n<meta property=\"og:type\" content=\"article\" \/>\n<meta property=\"og:title\" content=\"2024 tefti\u015flerinde 710 milyon TL&#039;lik kamu alaca\u011f\u0131 \u00f6detildi\" \/>\n<meta property=\"og:description\" content=\"\u00c7al\u0131\u015fma ve Sosyal G\u00fcvenlik Bakan\u0131 Prof. Dr. Vedat I\u015f\u0131khan, i\u015f yerlerinde teft\u015fi ve denetim g\u00f6revlerinin hassasiyetle s\u00fcrd\u00fcr\u00fcld\u00fc\u011f\u00fcn\u00fc belirterek, 2024 y\u0131l\u0131nda 900 i\u015f m\u00fcfetti\u015fiyle ger\u00e7ekle\u015ftirdi\u011fi faaliyetlerin \u00f6zetini payla\u015ft\u0131.ANKARA (\u0130GFA) &#8211; T\u00fcrkiye&#8217;de \u00e7al\u0131\u015fma ko\u015fullar\u0131n\u0131 ve ortam\u0131n\u0131 inceleme ve denetleme kapsam\u0131ndaki i\u015f tefti\u015fi faaliyetleri 2024 y\u0131l\u0131nda da h\u0131z kesmeden devam ediyor. \u00c7al\u0131\u015fma ve Sosyal G\u00fcvenlik Bakanl\u0131\u011f\u0131&#8217;na ba\u011fl\u0131 \u0130\u015f Tefti\u015f Kurulu taraf\u0131ndan y\u00fcr\u00fct\u00fclen denetimlere ili\u015fkin \u00e7arp\u0131c\u0131 veriler Bakan Prof. Dr. Vedat I\u015f\u0131khan taraf\u0131ndan kamuoyuyla payla\u015f\u0131ld\u0131. 12 B\u0130NDEN FAZLA \u0130\u015eYER\u0130 DENETLEND\u0130, 2 M\u0130LYON \u00c7ALI\u015eAN ULA\u015eILDI 2024 y\u0131l\u0131 boyunca 19 farkl\u0131 sekt\u00f6rde (maden, in\u015faat, ulusal zincir marketler ve restoranlar vb.) \u00f6nleyici tefti\u015fler ger\u00e7ekle\u015ftirildi\u011fini belirten Bakan I\u015f\u0131khan, bu kapsamda 12 binden fazla i\u015fyeri denetimden ge\u00e7irilirken, yakla\u015f\u0131k 2 milyon \u00e7al\u0131\u015fana ula\u015f\u0131ld\u0131\u011f\u0131n\u0131 s\u00f6yledi. Kay\u0131td\u0131\u015f\u0131l\u0131kla m\u00fccadele kapsam\u0131nda 1,8 Milyar TL i\u015f\u00e7i alaca\u011f\u0131 ve 710 milyon TL&#8217;lik kamu alaca\u011f\u0131n\u0131n \u00f6detildi\u011fini vurgulayan Bakan I\u015f\u0131khan, mevzuata ayk\u0131r\u0131 davran\u0131\u015flar sergileyen i\u015fyerlerine toplamda 920 milyon TL idari para cezas\u0131 uyguland\u0131\u011f\u0131 kaydedildi. Denetimlerde \u00e7al\u0131\u015fanlar\u0131n hayat\u0131n\u0131 riske atan ciddi ihlallerin tespit edildi\u011fini ve 172 i\u015fyerinde i\u015fin durdurulmas\u0131 karar\u0131 al\u0131nd\u0131\u011f\u0131n\u0131 vurgulayan Bakan I\u015f\u0131khan, denetimlerin i\u015f sa\u011fl\u0131\u011f\u0131 ve g\u00fcvenli\u011fi k\u00fclt\u00fcr\u00fcn\u00fc yayg\u0131nla\u015ft\u0131rmak, \u00e7al\u0131\u015fanlar\u0131n haklar\u0131n\u0131 korumak ve kay\u0131td\u0131\u015f\u0131l\u0131\u011f\u0131 \u00f6nlemek amac\u0131yla aral\u0131ks\u0131z devam edece\u011fini vurgulad\u0131. \u200b\u00c7al\u0131\u015fma ve Sosyal G\u00fcvenlik Bakan\u0131 Prof. Dr. Vedat I\u015f\u0131khan, i\u015f yerlerinde teft\u015fi ve denetim g\u00f6revlerinin hassasiyetle s\u00fcrd\u00fcr\u00fcld\u00fc\u011f\u00fcn\u00fc &hellip;\" \/>\n<meta property=\"og:url\" content=\"https:\/\/denizcankizil.tr\/de\/haberler\/gundem\/2024-teftislerinde-710-milyon-tllik-kamu-alacagi-odetildi\/\" \/>\n<meta property=\"og:site_name\" content=\"Av. Deniz Can K\u0131z\u0131l\" \/>\n<meta property=\"article:published_time\" content=\"2025-03-31T19:42:39+00:00\" \/>\n<meta name=\"author\" content=\"admin\" \/>\n<meta name=\"twitter:card\" content=\"summary_large_image\" \/>\n<meta name=\"twitter:label1\" content=\"Verfasst von\" \/>\n\t<meta name=\"twitter:data1\" content=\"admin\" \/>\n\t<meta name=\"twitter:label2\" content=\"Gesch\u00e4tzte Lesezeit\" \/>\n\t<meta name=\"twitter:data2\" content=\"3\u00a0Minuten\" \/>\n<script type=\"application\/ld+json\" class=\"yoast-schema-graph\">{\"@context\":\"https:\/\/schema.org\",\"@graph\":[{\"@type\":\"Article\",\"@id\":\"https:\/\/denizcankizil.tr\/de\/haberler\/gundem\/2024-teftislerinde-710-milyon-tllik-kamu-alacagi-odetildi\/#article\",\"isPartOf\":{\"@id\":\"https:\/\/denizcankizil.tr\/de\/haberler\/gundem\/2024-teftislerinde-710-milyon-tllik-kamu-alacagi-odetildi\/\"},\"author\":{\"name\":\"admin\",\"@id\":\"https:\/\/denizcankizil.tr\/#\/schema\/person\/be3c05fe6a12686905512445d8185489\"},\"headline\":\"2024 tefti\u015flerinde 710 milyon TL&#8217;lik kamu alaca\u011f\u0131 \u00f6detildi\",\"datePublished\":\"2025-03-31T19:42:39+00:00\",\"mainEntityOfPage\":{\"@id\":\"https:\/\/denizcankizil.tr\/de\/haberler\/gundem\/2024-teftislerinde-710-milyon-tllik-kamu-alacagi-odetildi\/\"},\"wordCount\":558,\"publisher\":{\"@id\":\"https:\/\/denizcankizil.tr\/#organization\"},\"articleSection\":[\"G\u00fcndem\"],\"inLanguage\":\"de\"},{\"@type\":\"WebPage\",\"@id\":\"https:\/\/denizcankizil.tr\/de\/haberler\/gundem\/2024-teftislerinde-710-milyon-tllik-kamu-alacagi-odetildi\/\",\"url\":\"https:\/\/denizcankizil.tr\/de\/haberler\/gundem\/2024-teftislerinde-710-milyon-tllik-kamu-alacagi-odetildi\/\",\"name\":\"2024 tefti\u015flerinde 710 milyon TL'lik kamu alaca\u011f\u0131 \u00f6detildi - Av. Deniz Can K\u0131z\u0131l\",\"isPartOf\":{\"@id\":\"https:\/\/denizcankizil.tr\/#website\"},\"datePublished\":\"2025-03-31T19:42:39+00:00\",\"breadcrumb\":{\"@id\":\"https:\/\/denizcankizil.tr\/de\/haberler\/gundem\/2024-teftislerinde-710-milyon-tllik-kamu-alacagi-odetildi\/#breadcrumb\"},\"inLanguage\":\"de\",\"potentialAction\":[{\"@type\":\"ReadAction\",\"target\":[\"https:\/\/denizcankizil.tr\/de\/haberler\/gundem\/2024-teftislerinde-710-milyon-tllik-kamu-alacagi-odetildi\/\"]}]},{\"@type\":\"BreadcrumbList\",\"@id\":\"https:\/\/denizcankizil.tr\/de\/haberler\/gundem\/2024-teftislerinde-710-milyon-tllik-kamu-alacagi-odetildi\/#breadcrumb\",\"itemListElement\":[{\"@type\":\"ListItem\",\"position\":1,\"name\":\"Home\",\"item\":\"https:\/\/denizcankizil.tr\/de\/\"},{\"@type\":\"ListItem\",\"position\":2,\"name\":\"2024 tefti\u015flerinde 710 milyon TL&#8217;lik kamu alaca\u011f\u0131 \u00f6detildi\"}]},{\"@type\":\"WebSite\",\"@id\":\"https:\/\/denizcankizil.tr\/#website\",\"url\":\"https:\/\/denizcankizil.tr\/\",\"name\":\"Av. Deniz Can K\u0131z\u0131l\",\"description\":\"Avukat Deniz Can K\u0131z\u0131l Antalya Barosu\",\"publisher\":{\"@id\":\"https:\/\/denizcankizil.tr\/#organization\"},\"potentialAction\":[{\"@type\":\"SearchAction\",\"target\":{\"@type\":\"EntryPoint\",\"urlTemplate\":\"https:\/\/denizcankizil.tr\/?s={search_term_string}\"},\"query-input\":{\"@type\":\"PropertyValueSpecification\",\"valueRequired\":true,\"valueName\":\"search_term_string\"}}],\"inLanguage\":\"de\"},{\"@type\":\"Organization\",\"@id\":\"https:\/\/denizcankizil.tr\/#organization\",\"name\":\"Av. Deniz Can K\u0131z\u0131l\",\"url\":\"https:\/\/denizcankizil.tr\/\",\"logo\":{\"@type\":\"ImageObject\",\"inLanguage\":\"de\",\"@id\":\"https:\/\/denizcankizil.tr\/#\/schema\/logo\/image\/\",\"url\":\"https:\/\/denizcankizil.tr\/wp-content\/uploads\/2024\/10\/siyah-logo-svg.svg\",\"contentUrl\":\"https:\/\/denizcankizil.tr\/wp-content\/uploads\/2024\/10\/siyah-logo-svg.svg\",\"width\":1080,\"height\":1080,\"caption\":\"Av. Deniz Can K\u0131z\u0131l\"},\"image\":{\"@id\":\"https:\/\/denizcankizil.tr\/#\/schema\/logo\/image\/\"}},{\"@type\":\"Person\",\"@id\":\"https:\/\/denizcankizil.tr\/#\/schema\/person\/be3c05fe6a12686905512445d8185489\",\"name\":\"admin\",\"image\":{\"@type\":\"ImageObject\",\"inLanguage\":\"de\",\"@id\":\"https:\/\/denizcankizil.tr\/#\/schema\/person\/image\/\",\"url\":\"https:\/\/secure.gravatar.com\/avatar\/c1fce94c830dc79107e174f890d7210541c4a63e8e5d816341794a2151c9d58c?s=96&d=mm&r=g\",\"contentUrl\":\"https:\/\/secure.gravatar.com\/avatar\/c1fce94c830dc79107e174f890d7210541c4a63e8e5d816341794a2151c9d58c?s=96&d=mm&r=g\",\"caption\":\"admin\"},\"sameAs\":[\"http:\/\/denizcankizil.tr\"],\"url\":\"https:\/\/www.iskenderun.org\/2024-teftislerinde-710-milyon-tllik-kamu-alacagi-odetildi\"}]}<\/script>\n<!-- \/ Yoast SEO Premium plugin. -->","yoast_head_json":{"title":"2024 tefti\u015flerinde 710 milyon TL'lik kamu alaca\u011f\u0131 \u00f6detildi - Av. Deniz Can K\u0131z\u0131l","robots":{"index":"index","follow":"follow","max-snippet":"max-snippet:-1","max-image-preview":"max-image-preview:large","max-video-preview":"max-video-preview:-1"},"canonical":"https:\/\/denizcankizil.tr\/de\/haberler\/gundem\/2024-teftislerinde-710-milyon-tllik-kamu-alacagi-odetildi\/","og_locale":"de_DE","og_type":"article","og_title":"2024 tefti\u015flerinde 710 milyon TL'lik kamu alaca\u011f\u0131 \u00f6detildi","og_description":"\u00c7al\u0131\u015fma ve Sosyal G\u00fcvenlik Bakan\u0131 Prof. Dr. Vedat I\u015f\u0131khan, i\u015f yerlerinde teft\u015fi ve denetim g\u00f6revlerinin hassasiyetle s\u00fcrd\u00fcr\u00fcld\u00fc\u011f\u00fcn\u00fc belirterek, 2024 y\u0131l\u0131nda 900 i\u015f m\u00fcfetti\u015fiyle ger\u00e7ekle\u015ftirdi\u011fi faaliyetlerin \u00f6zetini payla\u015ft\u0131.ANKARA (\u0130GFA) &#8211; T\u00fcrkiye&#8217;de \u00e7al\u0131\u015fma ko\u015fullar\u0131n\u0131 ve ortam\u0131n\u0131 inceleme ve denetleme kapsam\u0131ndaki i\u015f tefti\u015fi faaliyetleri 2024 y\u0131l\u0131nda da h\u0131z kesmeden devam ediyor. \u00c7al\u0131\u015fma ve Sosyal G\u00fcvenlik Bakanl\u0131\u011f\u0131&#8217;na ba\u011fl\u0131 \u0130\u015f Tefti\u015f Kurulu taraf\u0131ndan y\u00fcr\u00fct\u00fclen denetimlere ili\u015fkin \u00e7arp\u0131c\u0131 veriler Bakan Prof. Dr. Vedat I\u015f\u0131khan taraf\u0131ndan kamuoyuyla payla\u015f\u0131ld\u0131. 12 B\u0130NDEN FAZLA \u0130\u015eYER\u0130 DENETLEND\u0130, 2 M\u0130LYON \u00c7ALI\u015eAN ULA\u015eILDI 2024 y\u0131l\u0131 boyunca 19 farkl\u0131 sekt\u00f6rde (maden, in\u015faat, ulusal zincir marketler ve restoranlar vb.) \u00f6nleyici tefti\u015fler ger\u00e7ekle\u015ftirildi\u011fini belirten Bakan I\u015f\u0131khan, bu kapsamda 12 binden fazla i\u015fyeri denetimden ge\u00e7irilirken, yakla\u015f\u0131k 2 milyon \u00e7al\u0131\u015fana ula\u015f\u0131ld\u0131\u011f\u0131n\u0131 s\u00f6yledi. Kay\u0131td\u0131\u015f\u0131l\u0131kla m\u00fccadele kapsam\u0131nda 1,8 Milyar TL i\u015f\u00e7i alaca\u011f\u0131 ve 710 milyon TL&#8217;lik kamu alaca\u011f\u0131n\u0131n \u00f6detildi\u011fini vurgulayan Bakan I\u015f\u0131khan, mevzuata ayk\u0131r\u0131 davran\u0131\u015flar sergileyen i\u015fyerlerine toplamda 920 milyon TL idari para cezas\u0131 uyguland\u0131\u011f\u0131 kaydedildi. Denetimlerde \u00e7al\u0131\u015fanlar\u0131n hayat\u0131n\u0131 riske atan ciddi ihlallerin tespit edildi\u011fini ve 172 i\u015fyerinde i\u015fin durdurulmas\u0131 karar\u0131 al\u0131nd\u0131\u011f\u0131n\u0131 vurgulayan Bakan I\u015f\u0131khan, denetimlerin i\u015f sa\u011fl\u0131\u011f\u0131 ve g\u00fcvenli\u011fi k\u00fclt\u00fcr\u00fcn\u00fc yayg\u0131nla\u015ft\u0131rmak, \u00e7al\u0131\u015fanlar\u0131n haklar\u0131n\u0131 korumak ve kay\u0131td\u0131\u015f\u0131l\u0131\u011f\u0131 \u00f6nlemek amac\u0131yla aral\u0131ks\u0131z devam edece\u011fini vurgulad\u0131. \u200b\u00c7al\u0131\u015fma ve Sosyal G\u00fcvenlik Bakan\u0131 Prof. Dr. Vedat I\u015f\u0131khan, i\u015f yerlerinde teft\u015fi ve denetim g\u00f6revlerinin hassasiyetle s\u00fcrd\u00fcr\u00fcld\u00fc\u011f\u00fcn\u00fc &hellip;","og_url":"https:\/\/denizcankizil.tr\/de\/haberler\/gundem\/2024-teftislerinde-710-milyon-tllik-kamu-alacagi-odetildi\/","og_site_name":"Av. Deniz Can K\u0131z\u0131l","article_published_time":"2025-03-31T19:42:39+00:00","author":"admin","twitter_card":"summary_large_image","twitter_misc":{"Verfasst von":"admin","Gesch\u00e4tzte Lesezeit":"3\u00a0Minuten"},"schema":{"@context":"https:\/\/schema.org","@graph":[{"@type":"Article","@id":"https:\/\/denizcankizil.tr\/de\/haberler\/gundem\/2024-teftislerinde-710-milyon-tllik-kamu-alacagi-odetildi\/#article","isPartOf":{"@id":"https:\/\/denizcankizil.tr\/de\/haberler\/gundem\/2024-teftislerinde-710-milyon-tllik-kamu-alacagi-odetildi\/"},"author":{"name":"admin","@id":"https:\/\/denizcankizil.tr\/#\/schema\/person\/be3c05fe6a12686905512445d8185489"},"headline":"2024 tefti\u015flerinde 710 milyon TL&#8217;lik kamu alaca\u011f\u0131 \u00f6detildi","datePublished":"2025-03-31T19:42:39+00:00","mainEntityOfPage":{"@id":"https:\/\/denizcankizil.tr\/de\/haberler\/gundem\/2024-teftislerinde-710-milyon-tllik-kamu-alacagi-odetildi\/"},"wordCount":558,"publisher":{"@id":"https:\/\/denizcankizil.tr\/#organization"},"articleSection":["G\u00fcndem"],"inLanguage":"de"},{"@type":"WebPage","@id":"https:\/\/denizcankizil.tr\/de\/haberler\/gundem\/2024-teftislerinde-710-milyon-tllik-kamu-alacagi-odetildi\/","url":"https:\/\/denizcankizil.tr\/de\/haberler\/gundem\/2024-teftislerinde-710-milyon-tllik-kamu-alacagi-odetildi\/","name":"2024 tefti\u015flerinde 710 milyon TL'lik kamu alaca\u011f\u0131 \u00f6detildi - Av. Deniz Can K\u0131z\u0131l","isPartOf":{"@id":"https:\/\/denizcankizil.tr\/#website"},"datePublished":"2025-03-31T19:42:39+00:00","breadcrumb":{"@id":"https:\/\/denizcankizil.tr\/de\/haberler\/gundem\/2024-teftislerinde-710-milyon-tllik-kamu-alacagi-odetildi\/#breadcrumb"},"inLanguage":"de","potentialAction":[{"@type":"ReadAction","target":["https:\/\/denizcankizil.tr\/de\/haberler\/gundem\/2024-teftislerinde-710-milyon-tllik-kamu-alacagi-odetildi\/"]}]},{"@type":"BreadcrumbList","@id":"https:\/\/denizcankizil.tr\/de\/haberler\/gundem\/2024-teftislerinde-710-milyon-tllik-kamu-alacagi-odetildi\/#breadcrumb","itemListElement":[{"@type":"ListItem","position":1,"name":"Home","item":"https:\/\/denizcankizil.tr\/de\/"},{"@type":"ListItem","position":2,"name":"2024 tefti\u015flerinde 710 milyon TL&#8217;lik kamu alaca\u011f\u0131 \u00f6detildi"}]},{"@type":"WebSite","@id":"https:\/\/denizcankizil.tr\/#website","url":"https:\/\/denizcankizil.tr\/","name":"Av. Deniz Can K\u0131z\u0131l","description":"Avukat Deniz Can K\u0131z\u0131l Antalya Barosu","publisher":{"@id":"https:\/\/denizcankizil.tr\/#organization"},"potentialAction":[{"@type":"SearchAction","target":{"@type":"EntryPoint","urlTemplate":"https:\/\/denizcankizil.tr\/?s={search_term_string}"},"query-input":{"@type":"PropertyValueSpecification","valueRequired":true,"valueName":"search_term_string"}}],"inLanguage":"de"},{"@type":"Organization","@id":"https:\/\/denizcankizil.tr\/#organization","name":"Av. Deniz Can K\u0131z\u0131l","url":"https:\/\/denizcankizil.tr\/","logo":{"@type":"ImageObject","inLanguage":"de","@id":"https:\/\/denizcankizil.tr\/#\/schema\/logo\/image\/","url":"https:\/\/denizcankizil.tr\/wp-content\/uploads\/2024\/10\/siyah-logo-svg.svg","contentUrl":"https:\/\/denizcankizil.tr\/wp-content\/uploads\/2024\/10\/siyah-logo-svg.svg","width":1080,"height":1080,"caption":"Av. Deniz Can K\u0131z\u0131l"},"image":{"@id":"https:\/\/denizcankizil.tr\/#\/schema\/logo\/image\/"}},{"@type":"Person","@id":"https:\/\/denizcankizil.tr\/#\/schema\/person\/be3c05fe6a12686905512445d8185489","name":"Administrator","image":{"@type":"ImageObject","inLanguage":"de","@id":"https:\/\/denizcankizil.tr\/#\/schema\/person\/image\/","url":"https:\/\/secure.gravatar.com\/avatar\/c1fce94c830dc79107e174f890d7210541c4a63e8e5d816341794a2151c9d58c?s=96&d=mm&r=g","contentUrl":"https:\/\/secure.gravatar.com\/avatar\/c1fce94c830dc79107e174f890d7210541c4a63e8e5d816341794a2151c9d58c?s=96&d=mm&r=g","caption":"admin"},"sameAs":["http:\/\/denizcankizil.tr"],"url":"https:\/\/www.iskenderun.org\/2024-teftislerinde-710-milyon-tllik-kamu-alacagi-odetildi"}]}},"_links":{"self":[{"href":"https:\/\/denizcankizil.tr\/de\/wp-json\/wp\/v2\/posts\/41639","targetHints":{"allow":["GET"]}}],"collection":[{"href":"https:\/\/denizcankizil.tr\/de\/wp-json\/wp\/v2\/posts"}],"about":[{"href":"https:\/\/denizcankizil.tr\/de\/wp-json\/wp\/v2\/types\/post"}],"author":[{"embeddable":true,"href":"https:\/\/denizcankizil.tr\/de\/wp-json\/wp\/v2\/users\/1"}],"replies":[{"embeddable":true,"href":"https:\/\/denizcankizil.tr\/de\/wp-json\/wp\/v2\/comments?post=41639"}],"version-history":[{"count":0,"href":"https:\/\/denizcankizil.tr\/de\/wp-json\/wp\/v2\/posts\/41639\/revisions"}],"wp:attachment":[{"href":"https:\/\/denizcankizil.tr\/de\/wp-json\/wp\/v2\/media?parent=41639"}],"wp:term":[{"taxonomy":"category","embeddable":true,"href":"https:\/\/denizcankizil.tr\/de\/wp-json\/wp\/v2\/categories?post=41639"},{"taxonomy":"post_tag","embeddable":true,"href":"https:\/\/denizcankizil.tr\/de\/wp-json\/wp\/v2\/tags?post=41639"}],"curies":[{"name":"wp","href":"https:\/\/api.w.org\/{rel}","templated":true}]}}