{"id":4114,"date":"2024-10-18T20:53:43","date_gmt":"2024-10-18T17:53:43","guid":{"rendered":"https:\/\/denizcankizil.tr\/uncategorized-tr\/cankaya-belediyesi-tertemiz-cankaya-icin-calisiyor\/"},"modified":"2024-10-18T20:53:43","modified_gmt":"2024-10-18T17:53:43","slug":"cankaya-belediyesi-tertemiz-cankaya-icin-calisiyor","status":"publish","type":"post","link":"https:\/\/denizcankizil.tr\/de\/haberler\/gundem\/cankaya-belediyesi-tertemiz-cankaya-icin-calisiyor\/","title":{"rendered":"\u00c7ankaya Belediyesi &#8220;Tertemiz \u00c7ankaya&#8221; i\u00e7in \u00e7al\u0131\u015f\u0131yor."},"content":{"rendered":"<p>\u00c7ankaya Belediyesi, \u201cTertemiz \u00c7ankaya\u201d anlay\u0131\u015f\u0131yla s\u00fcrd\u00fcrd\u00fc\u011f\u00fc \u00e7al\u0131\u015fmalar\u0131na devam ediyor. Kullan\u0131m \u00f6mr\u00fc dolan 3 bin adet konteyneri yenileyen Belediye, sa\u011fl\u0131kl\u0131 bir kent i\u00e7in konteynerleri y\u0131kayarak temizliyor. \u00a0<\/p>\n<p>\u200b\u00c7ankaya Belediyesi, \u201cTertemiz \u00c7ankaya\u201d anlay\u0131\u015f\u0131yla s\u00fcrd\u00fcrd\u00fc\u011f\u00fc \u00e7al\u0131\u015fmalar\u0131na devam ediyor. Kullan\u0131m \u00f6mr\u00fc dolan 3 bin adet konteyneri yenileyen Belediye, sa\u011fl\u0131kl\u0131 bir kent i\u00e7in konteynerleri y\u0131kayarak temizliyor. \u00a0\u00a0<\/p>\n<p>\u200bHaberin Al\u0131nt\u0131land\u0131\u011f\u0131 Kaynak: www.iskenderun.org<\/p>","protected":false},"excerpt":{"rendered":"<p>\u00c7ankaya Belediyesi, \u201cTertemiz \u00c7ankaya\u201d anlay\u0131\u015f\u0131yla s\u00fcrd\u00fcrd\u00fc\u011f\u00fc \u00e7al\u0131\u015fmalar\u0131na devam ediyor. Kullan\u0131m \u00f6mr\u00fc dolan 3 bin adet konteyneri yenileyen Belediye, sa\u011fl\u0131kl\u0131 bir kent i\u00e7in konteynerleri y\u0131kayarak temizliyor. \u00a0 \u200b\u00c7ankaya Belediyesi, \u201cTertemiz \u00c7ankaya\u201d anlay\u0131\u015f\u0131yla s\u00fcrd\u00fcrd\u00fc\u011f\u00fc \u00e7al\u0131\u015fmalar\u0131na devam ediyor. Kullan\u0131m \u00f6mr\u00fc dolan 3 bin adet konteyneri yenileyen Belediye, sa\u011fl\u0131kl\u0131 bir kent i\u00e7in konteynerleri y\u0131kayarak temizliyor. \u00a0\u00a0 \u200bHaberin Al\u0131nt\u0131land\u0131\u011f\u0131 Kaynak: www.iskenderun.org<\/p>","protected":false},"author":0,"featured_media":0,"comment_status":"open","ping_status":"open","sticky":false,"template":"","format":"standard","meta":{"_acf_changed":false,"footnotes":""},"categories":[24,535],"tags":[],"class_list":["post-4114","post","type-post","status-publish","format-standard","has-post-thumbnail","hentry","category-gundem","category-uncategorized-tr"],"acf":[],"yoast_head":"<!-- This site is optimized with the Yoast SEO Premium plugin v26.6 (Yoast SEO v27.1.1) - https:\/\/yoast.com\/product\/yoast-seo-premium-wordpress\/ -->\n<title>\u00c7ankaya Belediyesi &quot;Tertemiz \u00c7ankaya&quot; i\u00e7in \u00e7al\u0131\u015f\u0131yor. - Av. Deniz Can K\u0131z\u0131l<\/title>\n<meta name=\"robots\" content=\"index, follow, max-snippet:-1, max-image-preview:large, max-video-preview:-1\" \/>\n<link rel=\"canonical\" href=\"https:\/\/denizcankizil.tr\/de\/haberler\/gundem\/cankaya-belediyesi-tertemiz-cankaya-icin-calisiyor\/\" \/>\n<meta property=\"og:locale\" content=\"de_DE\" \/>\n<meta property=\"og:type\" content=\"article\" \/>\n<meta property=\"og:title\" content=\"\u00c7ankaya Belediyesi &quot;Tertemiz \u00c7ankaya&quot; i\u00e7in \u00e7al\u0131\u015f\u0131yor.\" \/>\n<meta property=\"og:description\" content=\"\u00c7ankaya Belediyesi, \u201cTertemiz \u00c7ankaya\u201d anlay\u0131\u015f\u0131yla s\u00fcrd\u00fcrd\u00fc\u011f\u00fc \u00e7al\u0131\u015fmalar\u0131na devam ediyor. Kullan\u0131m \u00f6mr\u00fc dolan 3 bin adet konteyneri yenileyen Belediye, sa\u011fl\u0131kl\u0131 bir kent i\u00e7in konteynerleri y\u0131kayarak temizliyor. \u00a0 \u200b\u00c7ankaya Belediyesi, \u201cTertemiz \u00c7ankaya\u201d anlay\u0131\u015f\u0131yla s\u00fcrd\u00fcrd\u00fc\u011f\u00fc \u00e7al\u0131\u015fmalar\u0131na devam ediyor. Kullan\u0131m \u00f6mr\u00fc dolan 3 bin adet konteyneri yenileyen Belediye, sa\u011fl\u0131kl\u0131 bir kent i\u00e7in konteynerleri y\u0131kayarak temizliyor. \u00a0\u00a0 \u200bHaberin Al\u0131nt\u0131land\u0131\u011f\u0131 Kaynak: www.iskenderun.org\" \/>\n<meta property=\"og:url\" content=\"https:\/\/denizcankizil.tr\/de\/haberler\/gundem\/cankaya-belediyesi-tertemiz-cankaya-icin-calisiyor\/\" \/>\n<meta property=\"og:site_name\" content=\"Av. Deniz Can K\u0131z\u0131l\" \/>\n<meta property=\"article:published_time\" content=\"2024-10-18T17:53:43+00:00\" \/>\n<meta name=\"twitter:card\" content=\"summary_large_image\" \/>\n<script type=\"application\/ld+json\" class=\"yoast-schema-graph\">{\"@context\":\"https:\/\/schema.org\",\"@graph\":[{\"@type\":\"Article\",\"@id\":\"https:\/\/denizcankizil.tr\/de\/haberler\/gundem\/cankaya-belediyesi-tertemiz-cankaya-icin-calisiyor\/#article\",\"isPartOf\":{\"@id\":\"https:\/\/denizcankizil.tr\/de\/haberler\/gundem\/cankaya-belediyesi-tertemiz-cankaya-icin-calisiyor\/\"},\"author\":{\"name\":\"\",\"@id\":\"\"},\"headline\":\"\u00c7ankaya Belediyesi &#8220;Tertemiz \u00c7ankaya&#8221; i\u00e7in \u00e7al\u0131\u015f\u0131yor.\",\"datePublished\":\"2024-10-18T17:53:43+00:00\",\"mainEntityOfPage\":{\"@id\":\"https:\/\/denizcankizil.tr\/de\/haberler\/gundem\/cankaya-belediyesi-tertemiz-cankaya-icin-calisiyor\/\"},\"wordCount\":84,\"commentCount\":0,\"publisher\":{\"@id\":\"https:\/\/denizcankizil.tr\/de\/#organization\"},\"articleSection\":[\"G\u00fcndem\",\"Uncategorized\"],\"inLanguage\":\"de\",\"potentialAction\":[{\"@type\":\"CommentAction\",\"name\":\"Comment\",\"target\":[\"https:\/\/denizcankizil.tr\/de\/haberler\/gundem\/cankaya-belediyesi-tertemiz-cankaya-icin-calisiyor\/#respond\"]}]},{\"@type\":\"WebPage\",\"@id\":\"https:\/\/denizcankizil.tr\/de\/haberler\/gundem\/cankaya-belediyesi-tertemiz-cankaya-icin-calisiyor\/\",\"url\":\"https:\/\/denizcankizil.tr\/de\/haberler\/gundem\/cankaya-belediyesi-tertemiz-cankaya-icin-calisiyor\/\",\"name\":\"\u00c7ankaya Belediyesi \\\"Tertemiz \u00c7ankaya\\\" i\u00e7in \u00e7al\u0131\u015f\u0131yor. - Av. Deniz Can K\u0131z\u0131l\",\"isPartOf\":{\"@id\":\"https:\/\/denizcankizil.tr\/de\/#website\"},\"datePublished\":\"2024-10-18T17:53:43+00:00\",\"breadcrumb\":{\"@id\":\"https:\/\/denizcankizil.tr\/de\/haberler\/gundem\/cankaya-belediyesi-tertemiz-cankaya-icin-calisiyor\/#breadcrumb\"},\"inLanguage\":\"de\",\"potentialAction\":[{\"@type\":\"ReadAction\",\"target\":[\"https:\/\/denizcankizil.tr\/de\/haberler\/gundem\/cankaya-belediyesi-tertemiz-cankaya-icin-calisiyor\/\"]}]},{\"@type\":\"BreadcrumbList\",\"@id\":\"https:\/\/denizcankizil.tr\/de\/haberler\/gundem\/cankaya-belediyesi-tertemiz-cankaya-icin-calisiyor\/#breadcrumb\",\"itemListElement\":[{\"@type\":\"ListItem\",\"position\":1,\"name\":\"Home\",\"item\":\"https:\/\/denizcankizil.tr\/de\/\"},{\"@type\":\"ListItem\",\"position\":2,\"name\":\"\u00c7ankaya Belediyesi &#8220;Tertemiz \u00c7ankaya&#8221; i\u00e7in \u00e7al\u0131\u015f\u0131yor.\"}]},{\"@type\":\"WebSite\",\"@id\":\"https:\/\/denizcankizil.tr\/de\/#website\",\"url\":\"https:\/\/denizcankizil.tr\/de\/\",\"name\":\"Av. Deniz Can K\u0131z\u0131l\",\"description\":\"Avukat Deniz Can K\u0131z\u0131l Antalya Barosu\",\"publisher\":{\"@id\":\"https:\/\/denizcankizil.tr\/de\/#organization\"},\"potentialAction\":[{\"@type\":\"SearchAction\",\"target\":{\"@type\":\"EntryPoint\",\"urlTemplate\":\"https:\/\/denizcankizil.tr\/de\/?s={search_term_string}\"},\"query-input\":{\"@type\":\"PropertyValueSpecification\",\"valueRequired\":true,\"valueName\":\"search_term_string\"}}],\"inLanguage\":\"de\"},{\"@type\":\"Organization\",\"@id\":\"https:\/\/denizcankizil.tr\/de\/#organization\",\"name\":\"Av. Deniz Can K\u0131z\u0131l\",\"url\":\"https:\/\/denizcankizil.tr\/de\/\",\"logo\":{\"@type\":\"ImageObject\",\"inLanguage\":\"de\",\"@id\":\"https:\/\/denizcankizil.tr\/de\/#\/schema\/logo\/image\/\",\"url\":\"https:\/\/denizcankizil.tr\/wp-content\/uploads\/2024\/10\/siyah-logo-svg.svg\",\"contentUrl\":\"https:\/\/denizcankizil.tr\/wp-content\/uploads\/2024\/10\/siyah-logo-svg.svg\",\"width\":1080,\"height\":1080,\"caption\":\"Av. Deniz Can K\u0131z\u0131l\"},\"image\":{\"@id\":\"https:\/\/denizcankizil.tr\/de\/#\/schema\/logo\/image\/\"}}]}<\/script>\n<!-- \/ Yoast SEO Premium plugin. -->","yoast_head_json":{"title":"\u00c7ankaya Belediyesi \"Tertemiz \u00c7ankaya\" i\u00e7in \u00e7al\u0131\u015f\u0131yor. - Av. Deniz Can K\u0131z\u0131l","robots":{"index":"index","follow":"follow","max-snippet":"max-snippet:-1","max-image-preview":"max-image-preview:large","max-video-preview":"max-video-preview:-1"},"canonical":"https:\/\/denizcankizil.tr\/de\/haberler\/gundem\/cankaya-belediyesi-tertemiz-cankaya-icin-calisiyor\/","og_locale":"de_DE","og_type":"article","og_title":"\u00c7ankaya Belediyesi \"Tertemiz \u00c7ankaya\" i\u00e7in \u00e7al\u0131\u015f\u0131yor.","og_description":"\u00c7ankaya Belediyesi, \u201cTertemiz \u00c7ankaya\u201d anlay\u0131\u015f\u0131yla s\u00fcrd\u00fcrd\u00fc\u011f\u00fc \u00e7al\u0131\u015fmalar\u0131na devam ediyor. Kullan\u0131m \u00f6mr\u00fc dolan 3 bin adet konteyneri yenileyen Belediye, sa\u011fl\u0131kl\u0131 bir kent i\u00e7in konteynerleri y\u0131kayarak temizliyor. \u00a0 \u200b\u00c7ankaya Belediyesi, \u201cTertemiz \u00c7ankaya\u201d anlay\u0131\u015f\u0131yla s\u00fcrd\u00fcrd\u00fc\u011f\u00fc \u00e7al\u0131\u015fmalar\u0131na devam ediyor. Kullan\u0131m \u00f6mr\u00fc dolan 3 bin adet konteyneri yenileyen Belediye, sa\u011fl\u0131kl\u0131 bir kent i\u00e7in konteynerleri y\u0131kayarak temizliyor. \u00a0\u00a0 \u200bHaberin Al\u0131nt\u0131land\u0131\u011f\u0131 Kaynak: www.iskenderun.org","og_url":"https:\/\/denizcankizil.tr\/de\/haberler\/gundem\/cankaya-belediyesi-tertemiz-cankaya-icin-calisiyor\/","og_site_name":"Av. Deniz Can K\u0131z\u0131l","article_published_time":"2024-10-18T17:53:43+00:00","twitter_card":"summary_large_image","schema":{"@context":"https:\/\/schema.org","@graph":[{"@type":"Article","@id":"https:\/\/denizcankizil.tr\/de\/haberler\/gundem\/cankaya-belediyesi-tertemiz-cankaya-icin-calisiyor\/#article","isPartOf":{"@id":"https:\/\/denizcankizil.tr\/de\/haberler\/gundem\/cankaya-belediyesi-tertemiz-cankaya-icin-calisiyor\/"},"author":{"name":"","@id":""},"headline":"\u00c7ankaya Belediyesi &#8220;Tertemiz \u00c7ankaya&#8221; i\u00e7in \u00e7al\u0131\u015f\u0131yor.","datePublished":"2024-10-18T17:53:43+00:00","mainEntityOfPage":{"@id":"https:\/\/denizcankizil.tr\/de\/haberler\/gundem\/cankaya-belediyesi-tertemiz-cankaya-icin-calisiyor\/"},"wordCount":84,"commentCount":0,"publisher":{"@id":"https:\/\/denizcankizil.tr\/de\/#organization"},"articleSection":["G\u00fcndem","Uncategorized"],"inLanguage":"de","potentialAction":[{"@type":"CommentAction","name":"Comment","target":["https:\/\/denizcankizil.tr\/de\/haberler\/gundem\/cankaya-belediyesi-tertemiz-cankaya-icin-calisiyor\/#respond"]}]},{"@type":"WebPage","@id":"https:\/\/denizcankizil.tr\/de\/haberler\/gundem\/cankaya-belediyesi-tertemiz-cankaya-icin-calisiyor\/","url":"https:\/\/denizcankizil.tr\/de\/haberler\/gundem\/cankaya-belediyesi-tertemiz-cankaya-icin-calisiyor\/","name":"\u00c7ankaya Belediyesi \"Tertemiz \u00c7ankaya\" i\u00e7in \u00e7al\u0131\u015f\u0131yor. - Av. Deniz Can K\u0131z\u0131l","isPartOf":{"@id":"https:\/\/denizcankizil.tr\/de\/#website"},"datePublished":"2024-10-18T17:53:43+00:00","breadcrumb":{"@id":"https:\/\/denizcankizil.tr\/de\/haberler\/gundem\/cankaya-belediyesi-tertemiz-cankaya-icin-calisiyor\/#breadcrumb"},"inLanguage":"de","potentialAction":[{"@type":"ReadAction","target":["https:\/\/denizcankizil.tr\/de\/haberler\/gundem\/cankaya-belediyesi-tertemiz-cankaya-icin-calisiyor\/"]}]},{"@type":"BreadcrumbList","@id":"https:\/\/denizcankizil.tr\/de\/haberler\/gundem\/cankaya-belediyesi-tertemiz-cankaya-icin-calisiyor\/#breadcrumb","itemListElement":[{"@type":"ListItem","position":1,"name":"Home","item":"https:\/\/denizcankizil.tr\/de\/"},{"@type":"ListItem","position":2,"name":"\u00c7ankaya Belediyesi &#8220;Tertemiz \u00c7ankaya&#8221; i\u00e7in \u00e7al\u0131\u015f\u0131yor."}]},{"@type":"WebSite","@id":"https:\/\/denizcankizil.tr\/de\/#website","url":"https:\/\/denizcankizil.tr\/de\/","name":"Av. Deniz Can K\u0131z\u0131l","description":"Avukat Deniz Can K\u0131z\u0131l Antalya Barosu","publisher":{"@id":"https:\/\/denizcankizil.tr\/de\/#organization"},"potentialAction":[{"@type":"SearchAction","target":{"@type":"EntryPoint","urlTemplate":"https:\/\/denizcankizil.tr\/de\/?s={search_term_string}"},"query-input":{"@type":"PropertyValueSpecification","valueRequired":true,"valueName":"search_term_string"}}],"inLanguage":"de"},{"@type":"Organization","@id":"https:\/\/denizcankizil.tr\/de\/#organization","name":"Av. Deniz Can K\u0131z\u0131l","url":"https:\/\/denizcankizil.tr\/de\/","logo":{"@type":"ImageObject","inLanguage":"de","@id":"https:\/\/denizcankizil.tr\/de\/#\/schema\/logo\/image\/","url":"https:\/\/denizcankizil.tr\/wp-content\/uploads\/2024\/10\/siyah-logo-svg.svg","contentUrl":"https:\/\/denizcankizil.tr\/wp-content\/uploads\/2024\/10\/siyah-logo-svg.svg","width":1080,"height":1080,"caption":"Av. Deniz Can K\u0131z\u0131l"},"image":{"@id":"https:\/\/denizcankizil.tr\/de\/#\/schema\/logo\/image\/"}}]}},"_links":{"self":[{"href":"https:\/\/denizcankizil.tr\/de\/wp-json\/wp\/v2\/posts\/4114","targetHints":{"allow":["GET"]}}],"collection":[{"href":"https:\/\/denizcankizil.tr\/de\/wp-json\/wp\/v2\/posts"}],"about":[{"href":"https:\/\/denizcankizil.tr\/de\/wp-json\/wp\/v2\/types\/post"}],"replies":[{"embeddable":true,"href":"https:\/\/denizcankizil.tr\/de\/wp-json\/wp\/v2\/comments?post=4114"}],"version-history":[{"count":0,"href":"https:\/\/denizcankizil.tr\/de\/wp-json\/wp\/v2\/posts\/4114\/revisions"}],"wp:attachment":[{"href":"https:\/\/denizcankizil.tr\/de\/wp-json\/wp\/v2\/media?parent=4114"}],"wp:term":[{"taxonomy":"category","embeddable":true,"href":"https:\/\/denizcankizil.tr\/de\/wp-json\/wp\/v2\/categories?post=4114"},{"taxonomy":"post_tag","embeddable":true,"href":"https:\/\/denizcankizil.tr\/de\/wp-json\/wp\/v2\/tags?post=4114"}],"curies":[{"name":"wp","href":"https:\/\/api.w.org\/{rel}","templated":true}]}}