{"id":4110,"date":"2024-10-18T20:53:42","date_gmt":"2024-10-18T17:53:42","guid":{"rendered":"https:\/\/denizcankizil.tr\/uncategorized-tr\/hbb-itfaiye-de-egitime-devam\/"},"modified":"2024-10-18T20:53:42","modified_gmt":"2024-10-18T17:53:42","slug":"hbb-itfaiye-de-egitime-devam","status":"publish","type":"post","link":"https:\/\/denizcankizil.tr\/de\/haberler\/gundem\/hbb-itfaiye-de-egitime-devam\/","title":{"rendered":"HBB \u0130tfaiye\u2019 de E\u011fitime Devam..!"},"content":{"rendered":"<p>Yang\u0131n ve afet durumlar\u0131nda can ve mal kayb\u0131n\u0131 \u00f6nlemek amac\u0131yla 7 g\u00fcn 24 saat g\u00f6rev yapan HBB \u0130tfaiyesi, vatanda\u015flar\u0131n do\u011fal afet, yang\u0131n ve kazalarda vatanda\u015flar\u0131n daha bilin\u00e7li hareket edebilmesi ad\u0131na tatbikatlar ger\u00e7ekle\u015ftiriyor.<\/p>\n<p>\u0130tfaiye ekipleri, \u201cD\u00fcnya Affet Risklerinin Azalt\u0131lmas\u0131 G\u00fcn\u00fc\u201d m\u00fcnasebetiyle Denizciler Anaokulu, K\u0131r\u0131khan Naim Ataka\u015f Lisesi, Defne \u015eehit Serkan Talan Mesleki ve Teknik Anadolu Lisesi ve Samanda\u011f Tekeba\u015f\u0131 Eczac\u0131 Maruf Cilli Anadolu Lisesi \u00f6\u011fretmen,, \u00f6\u011frenci ve personellerini yang\u0131n an\u0131nda yap\u0131lmas\u0131 gerekenler ve yang\u0131n s\u00f6nd\u00fcrme cihazlar\u0131n\u0131n kullan\u0131m\u0131 hakk\u0131nda \u00f6\u011frencileri uygulamal\u0131 olarak bilgilendirdi.<\/p>\n<p>\u00d6ZEL SEKT\u00d6RE YANGINA M\u00dcDAHALE E\u011e\u0130T\u0130M\u0130<\/p>\n<p>HBB \u0130tfaiye Dairesi Ba\u015fkanl\u0131\u011f\u0131 ekipleri ayn\u0131 zamanda &#8220;Kurumsal Temel Yang\u0131n E\u011fitimi&#8221; kapsam\u0131nda \u0130skenderun\u2019da bulunan bir fabrikada \u00e7al\u0131\u015fan personellere y\u00f6nelik yang\u0131n s\u00f6nd\u00fcrme,\u00a0 acil durumlara m\u00fcdahale gibi konularda e\u011fitim ve yang\u0131n s\u00f6nd\u00fcrme tatbikat\u0131 ger\u00e7ekle\u015ftirildi.<\/p>\n<p>E\u011fitime kat\u0131lanlara, yang\u0131n durumunda siren sesi ile birlikte yap\u0131lmas\u0131 gerekenler anlat\u0131larak hayati \u00f6nem ta\u015f\u0131yan bu anlar\u0131n \u00f6nemine dikkat \u00e7ekildi.<\/p>\n<p>\u200bHatay B\u00fcy\u00fck\u015fehir Belediyesi (HBB) \u0130tfaiye Dairesi Ba\u015fkanl\u0131\u011f\u0131 ekipleri, \u201cD\u00fcnya Affet Risklerinin Azalt\u0131lmas\u0131 G\u00fcn\u00fc\u201d etkinlikleri kapsam\u0131nda olas\u0131 afet durumlar\u0131na kar\u015f\u0131 vatanda\u015flar\u0131 bilin\u00e7lendirmek amac\u0131yla e\u011fitim ve tatbikatlar d\u00fczenledi.\u00a0<\/p>\n<p>\u200bHaberin Al\u0131nt\u0131land\u0131\u011f\u0131 Kaynak: www.iskenderun.org<\/p>","protected":false},"excerpt":{"rendered":"<p>Yang\u0131n ve afet durumlar\u0131nda can ve mal kayb\u0131n\u0131 \u00f6nlemek amac\u0131yla 7 g\u00fcn 24 saat g\u00f6rev yapan HBB \u0130tfaiyesi, vatanda\u015flar\u0131n do\u011fal afet, yang\u0131n ve kazalarda vatanda\u015flar\u0131n daha bilin\u00e7li hareket edebilmesi ad\u0131na tatbikatlar ger\u00e7ekle\u015ftiriyor. \u0130tfaiye ekipleri, \u201cD\u00fcnya Affet Risklerinin Azalt\u0131lmas\u0131 G\u00fcn\u00fc\u201d m\u00fcnasebetiyle Denizciler Anaokulu, K\u0131r\u0131khan Naim Ataka\u015f Lisesi, Defne \u015eehit Serkan Talan Mesleki ve Teknik Anadolu Lisesi ve Samanda\u011f Tekeba\u015f\u0131 Eczac\u0131 Maruf Cilli Anadolu Lisesi \u00f6\u011fretmen,, \u00f6\u011frenci ve personellerini yang\u0131n an\u0131nda yap\u0131lmas\u0131 gerekenler ve yang\u0131n s\u00f6nd\u00fcrme cihazlar\u0131n\u0131n kullan\u0131m\u0131 hakk\u0131nda \u00f6\u011frencileri uygulamal\u0131 olarak bilgilendirdi. \u00d6ZEL SEKT\u00d6RE YANGINA M\u00dcDAHALE E\u011e\u0130T\u0130M\u0130 HBB \u0130tfaiye Dairesi Ba\u015fkanl\u0131\u011f\u0131 ekipleri ayn\u0131 zamanda &#8220;Kurumsal Temel Yang\u0131n E\u011fitimi&#8221; kapsam\u0131nda \u0130skenderun\u2019da bulunan bir fabrikada \u00e7al\u0131\u015fan personellere y\u00f6nelik yang\u0131n s\u00f6nd\u00fcrme,\u00a0 acil durumlara m\u00fcdahale gibi konularda e\u011fitim ve yang\u0131n s\u00f6nd\u00fcrme tatbikat\u0131 ger\u00e7ekle\u015ftirildi. E\u011fitime kat\u0131lanlara, yang\u0131n durumunda siren sesi ile birlikte yap\u0131lmas\u0131 gerekenler anlat\u0131larak hayati \u00f6nem ta\u015f\u0131yan bu anlar\u0131n \u00f6nemine dikkat \u00e7ekildi. \u200bHatay B\u00fcy\u00fck\u015fehir Belediyesi (HBB) \u0130tfaiye Dairesi Ba\u015fkanl\u0131\u011f\u0131 ekipleri, \u201cD\u00fcnya Affet Risklerinin Azalt\u0131lmas\u0131 G\u00fcn\u00fc\u201d etkinlikleri kapsam\u0131nda olas\u0131 afet durumlar\u0131na kar\u015f\u0131 vatanda\u015flar\u0131 bilin\u00e7lendirmek amac\u0131yla e\u011fitim ve tatbikatlar d\u00fczenledi.\u00a0 \u200bHaberin Al\u0131nt\u0131land\u0131\u011f\u0131 Kaynak: www.iskenderun.org<\/p>","protected":false},"author":0,"featured_media":0,"comment_status":"open","ping_status":"open","sticky":false,"template":"","format":"standard","meta":{"_acf_changed":false,"footnotes":""},"categories":[24,535],"tags":[],"class_list":["post-4110","post","type-post","status-publish","format-standard","has-post-thumbnail","hentry","category-gundem","category-uncategorized-tr"],"acf":[],"yoast_head":"<!-- This site is optimized with the Yoast SEO Premium plugin v26.6 (Yoast SEO v27.1.1) - https:\/\/yoast.com\/product\/yoast-seo-premium-wordpress\/ -->\n<title>HBB \u0130tfaiye\u2019 de E\u011fitime Devam..! - Av. Deniz Can K\u0131z\u0131l<\/title>\n<meta name=\"robots\" content=\"index, follow, max-snippet:-1, max-image-preview:large, max-video-preview:-1\" \/>\n<link rel=\"canonical\" href=\"https:\/\/denizcankizil.tr\/de\/haberler\/gundem\/hbb-itfaiye-de-egitime-devam\/\" \/>\n<meta property=\"og:locale\" content=\"de_DE\" \/>\n<meta property=\"og:type\" content=\"article\" \/>\n<meta property=\"og:title\" content=\"HBB \u0130tfaiye\u2019 de E\u011fitime Devam..!\" \/>\n<meta property=\"og:description\" content=\"Yang\u0131n ve afet durumlar\u0131nda can ve mal kayb\u0131n\u0131 \u00f6nlemek amac\u0131yla 7 g\u00fcn 24 saat g\u00f6rev yapan HBB \u0130tfaiyesi, vatanda\u015flar\u0131n do\u011fal afet, yang\u0131n ve kazalarda vatanda\u015flar\u0131n daha bilin\u00e7li hareket edebilmesi ad\u0131na tatbikatlar ger\u00e7ekle\u015ftiriyor. \u0130tfaiye ekipleri, \u201cD\u00fcnya Affet Risklerinin Azalt\u0131lmas\u0131 G\u00fcn\u00fc\u201d m\u00fcnasebetiyle Denizciler Anaokulu, K\u0131r\u0131khan Naim Ataka\u015f Lisesi, Defne \u015eehit Serkan Talan Mesleki ve Teknik Anadolu Lisesi ve Samanda\u011f Tekeba\u015f\u0131 Eczac\u0131 Maruf Cilli Anadolu Lisesi \u00f6\u011fretmen,, \u00f6\u011frenci ve personellerini yang\u0131n an\u0131nda yap\u0131lmas\u0131 gerekenler ve yang\u0131n s\u00f6nd\u00fcrme cihazlar\u0131n\u0131n kullan\u0131m\u0131 hakk\u0131nda \u00f6\u011frencileri uygulamal\u0131 olarak bilgilendirdi. \u00d6ZEL SEKT\u00d6RE YANGINA M\u00dcDAHALE E\u011e\u0130T\u0130M\u0130 HBB \u0130tfaiye Dairesi Ba\u015fkanl\u0131\u011f\u0131 ekipleri ayn\u0131 zamanda &#8220;Kurumsal Temel Yang\u0131n E\u011fitimi&#8221; kapsam\u0131nda \u0130skenderun\u2019da bulunan bir fabrikada \u00e7al\u0131\u015fan personellere y\u00f6nelik yang\u0131n s\u00f6nd\u00fcrme,\u00a0 acil durumlara m\u00fcdahale gibi konularda e\u011fitim ve yang\u0131n s\u00f6nd\u00fcrme tatbikat\u0131 ger\u00e7ekle\u015ftirildi. E\u011fitime kat\u0131lanlara, yang\u0131n durumunda siren sesi ile birlikte yap\u0131lmas\u0131 gerekenler anlat\u0131larak hayati \u00f6nem ta\u015f\u0131yan bu anlar\u0131n \u00f6nemine dikkat \u00e7ekildi. \u200bHatay B\u00fcy\u00fck\u015fehir Belediyesi (HBB) \u0130tfaiye Dairesi Ba\u015fkanl\u0131\u011f\u0131 ekipleri, \u201cD\u00fcnya Affet Risklerinin Azalt\u0131lmas\u0131 G\u00fcn\u00fc\u201d etkinlikleri kapsam\u0131nda olas\u0131 afet durumlar\u0131na kar\u015f\u0131 vatanda\u015flar\u0131 bilin\u00e7lendirmek amac\u0131yla e\u011fitim ve tatbikatlar d\u00fczenledi.\u00a0 \u200bHaberin Al\u0131nt\u0131land\u0131\u011f\u0131 Kaynak: www.iskenderun.org\" \/>\n<meta property=\"og:url\" content=\"https:\/\/denizcankizil.tr\/de\/haberler\/gundem\/hbb-itfaiye-de-egitime-devam\/\" \/>\n<meta property=\"og:site_name\" content=\"Av. Deniz Can K\u0131z\u0131l\" \/>\n<meta property=\"article:published_time\" content=\"2024-10-18T17:53:42+00:00\" \/>\n<meta name=\"twitter:card\" content=\"summary_large_image\" \/>\n<meta name=\"twitter:label1\" content=\"Gesch\u00e4tzte Lesezeit\" \/>\n\t<meta name=\"twitter:data1\" content=\"1\u00a0Minute\" \/>\n<script type=\"application\/ld+json\" class=\"yoast-schema-graph\">{\"@context\":\"https:\/\/schema.org\",\"@graph\":[{\"@type\":\"Article\",\"@id\":\"https:\/\/denizcankizil.tr\/de\/haberler\/gundem\/hbb-itfaiye-de-egitime-devam\/#article\",\"isPartOf\":{\"@id\":\"https:\/\/denizcankizil.tr\/de\/haberler\/gundem\/hbb-itfaiye-de-egitime-devam\/\"},\"author\":{\"name\":\"\",\"@id\":\"\"},\"headline\":\"HBB \u0130tfaiye\u2019 de E\u011fitime Devam..!\",\"datePublished\":\"2024-10-18T17:53:42+00:00\",\"mainEntityOfPage\":{\"@id\":\"https:\/\/denizcankizil.tr\/de\/haberler\/gundem\/hbb-itfaiye-de-egitime-devam\/\"},\"wordCount\":249,\"commentCount\":0,\"publisher\":{\"@id\":\"https:\/\/denizcankizil.tr\/#organization\"},\"articleSection\":[\"G\u00fcndem\",\"Uncategorized\"],\"inLanguage\":\"de\",\"potentialAction\":[{\"@type\":\"CommentAction\",\"name\":\"Comment\",\"target\":[\"https:\/\/denizcankizil.tr\/de\/haberler\/gundem\/hbb-itfaiye-de-egitime-devam\/#respond\"]}]},{\"@type\":\"WebPage\",\"@id\":\"https:\/\/denizcankizil.tr\/de\/haberler\/gundem\/hbb-itfaiye-de-egitime-devam\/\",\"url\":\"https:\/\/denizcankizil.tr\/de\/haberler\/gundem\/hbb-itfaiye-de-egitime-devam\/\",\"name\":\"HBB \u0130tfaiye\u2019 de E\u011fitime Devam..! - Av. Deniz Can K\u0131z\u0131l\",\"isPartOf\":{\"@id\":\"https:\/\/denizcankizil.tr\/#website\"},\"datePublished\":\"2024-10-18T17:53:42+00:00\",\"breadcrumb\":{\"@id\":\"https:\/\/denizcankizil.tr\/de\/haberler\/gundem\/hbb-itfaiye-de-egitime-devam\/#breadcrumb\"},\"inLanguage\":\"de\",\"potentialAction\":[{\"@type\":\"ReadAction\",\"target\":[\"https:\/\/denizcankizil.tr\/de\/haberler\/gundem\/hbb-itfaiye-de-egitime-devam\/\"]}]},{\"@type\":\"BreadcrumbList\",\"@id\":\"https:\/\/denizcankizil.tr\/de\/haberler\/gundem\/hbb-itfaiye-de-egitime-devam\/#breadcrumb\",\"itemListElement\":[{\"@type\":\"ListItem\",\"position\":1,\"name\":\"Home\",\"item\":\"https:\/\/denizcankizil.tr\/uk\/\"},{\"@type\":\"ListItem\",\"position\":2,\"name\":\"HBB \u0130tfaiye\u2019 de E\u011fitime Devam..!\"}]},{\"@type\":\"WebSite\",\"@id\":\"https:\/\/denizcankizil.tr\/#website\",\"url\":\"https:\/\/denizcankizil.tr\/\",\"name\":\"Av. Deniz Can K\u0131z\u0131l\",\"description\":\"Avukat Deniz Can K\u0131z\u0131l Antalya Barosu\",\"publisher\":{\"@id\":\"https:\/\/denizcankizil.tr\/#organization\"},\"potentialAction\":[{\"@type\":\"SearchAction\",\"target\":{\"@type\":\"EntryPoint\",\"urlTemplate\":\"https:\/\/denizcankizil.tr\/?s={search_term_string}\"},\"query-input\":{\"@type\":\"PropertyValueSpecification\",\"valueRequired\":true,\"valueName\":\"search_term_string\"}}],\"inLanguage\":\"de\"},{\"@type\":\"Organization\",\"@id\":\"https:\/\/denizcankizil.tr\/#organization\",\"name\":\"Av. Deniz Can K\u0131z\u0131l\",\"url\":\"https:\/\/denizcankizil.tr\/\",\"logo\":{\"@type\":\"ImageObject\",\"inLanguage\":\"de\",\"@id\":\"https:\/\/denizcankizil.tr\/#\/schema\/logo\/image\/\",\"url\":\"https:\/\/denizcankizil.tr\/wp-content\/uploads\/2024\/10\/siyah-logo-svg.svg\",\"contentUrl\":\"https:\/\/denizcankizil.tr\/wp-content\/uploads\/2024\/10\/siyah-logo-svg.svg\",\"width\":1080,\"height\":1080,\"caption\":\"Av. Deniz Can K\u0131z\u0131l\"},\"image\":{\"@id\":\"https:\/\/denizcankizil.tr\/#\/schema\/logo\/image\/\"}}]}<\/script>\n<!-- \/ Yoast SEO Premium plugin. -->","yoast_head_json":{"title":"HBB \u0130tfaiye\u2019 de E\u011fitime Devam..! - Av. Deniz Can K\u0131z\u0131l","robots":{"index":"index","follow":"follow","max-snippet":"max-snippet:-1","max-image-preview":"max-image-preview:large","max-video-preview":"max-video-preview:-1"},"canonical":"https:\/\/denizcankizil.tr\/de\/haberler\/gundem\/hbb-itfaiye-de-egitime-devam\/","og_locale":"de_DE","og_type":"article","og_title":"HBB \u0130tfaiye\u2019 de E\u011fitime Devam..!","og_description":"Yang\u0131n ve afet durumlar\u0131nda can ve mal kayb\u0131n\u0131 \u00f6nlemek amac\u0131yla 7 g\u00fcn 24 saat g\u00f6rev yapan HBB \u0130tfaiyesi, vatanda\u015flar\u0131n do\u011fal afet, yang\u0131n ve kazalarda vatanda\u015flar\u0131n daha bilin\u00e7li hareket edebilmesi ad\u0131na tatbikatlar ger\u00e7ekle\u015ftiriyor. \u0130tfaiye ekipleri, \u201cD\u00fcnya Affet Risklerinin Azalt\u0131lmas\u0131 G\u00fcn\u00fc\u201d m\u00fcnasebetiyle Denizciler Anaokulu, K\u0131r\u0131khan Naim Ataka\u015f Lisesi, Defne \u015eehit Serkan Talan Mesleki ve Teknik Anadolu Lisesi ve Samanda\u011f Tekeba\u015f\u0131 Eczac\u0131 Maruf Cilli Anadolu Lisesi \u00f6\u011fretmen,, \u00f6\u011frenci ve personellerini yang\u0131n an\u0131nda yap\u0131lmas\u0131 gerekenler ve yang\u0131n s\u00f6nd\u00fcrme cihazlar\u0131n\u0131n kullan\u0131m\u0131 hakk\u0131nda \u00f6\u011frencileri uygulamal\u0131 olarak bilgilendirdi. \u00d6ZEL SEKT\u00d6RE YANGINA M\u00dcDAHALE E\u011e\u0130T\u0130M\u0130 HBB \u0130tfaiye Dairesi Ba\u015fkanl\u0131\u011f\u0131 ekipleri ayn\u0131 zamanda &#8220;Kurumsal Temel Yang\u0131n E\u011fitimi&#8221; kapsam\u0131nda \u0130skenderun\u2019da bulunan bir fabrikada \u00e7al\u0131\u015fan personellere y\u00f6nelik yang\u0131n s\u00f6nd\u00fcrme,\u00a0 acil durumlara m\u00fcdahale gibi konularda e\u011fitim ve yang\u0131n s\u00f6nd\u00fcrme tatbikat\u0131 ger\u00e7ekle\u015ftirildi. E\u011fitime kat\u0131lanlara, yang\u0131n durumunda siren sesi ile birlikte yap\u0131lmas\u0131 gerekenler anlat\u0131larak hayati \u00f6nem ta\u015f\u0131yan bu anlar\u0131n \u00f6nemine dikkat \u00e7ekildi. \u200bHatay B\u00fcy\u00fck\u015fehir Belediyesi (HBB) \u0130tfaiye Dairesi Ba\u015fkanl\u0131\u011f\u0131 ekipleri, \u201cD\u00fcnya Affet Risklerinin Azalt\u0131lmas\u0131 G\u00fcn\u00fc\u201d etkinlikleri kapsam\u0131nda olas\u0131 afet durumlar\u0131na kar\u015f\u0131 vatanda\u015flar\u0131 bilin\u00e7lendirmek amac\u0131yla e\u011fitim ve tatbikatlar d\u00fczenledi.\u00a0 \u200bHaberin Al\u0131nt\u0131land\u0131\u011f\u0131 Kaynak: www.iskenderun.org","og_url":"https:\/\/denizcankizil.tr\/de\/haberler\/gundem\/hbb-itfaiye-de-egitime-devam\/","og_site_name":"Av. Deniz Can K\u0131z\u0131l","article_published_time":"2024-10-18T17:53:42+00:00","twitter_card":"summary_large_image","twitter_misc":{"Gesch\u00e4tzte Lesezeit":"1\u00a0Minute"},"schema":{"@context":"https:\/\/schema.org","@graph":[{"@type":"Article","@id":"https:\/\/denizcankizil.tr\/de\/haberler\/gundem\/hbb-itfaiye-de-egitime-devam\/#article","isPartOf":{"@id":"https:\/\/denizcankizil.tr\/de\/haberler\/gundem\/hbb-itfaiye-de-egitime-devam\/"},"author":{"name":"","@id":""},"headline":"HBB \u0130tfaiye\u2019 de E\u011fitime Devam..!","datePublished":"2024-10-18T17:53:42+00:00","mainEntityOfPage":{"@id":"https:\/\/denizcankizil.tr\/de\/haberler\/gundem\/hbb-itfaiye-de-egitime-devam\/"},"wordCount":249,"commentCount":0,"publisher":{"@id":"https:\/\/denizcankizil.tr\/#organization"},"articleSection":["G\u00fcndem","Uncategorized"],"inLanguage":"de","potentialAction":[{"@type":"CommentAction","name":"Comment","target":["https:\/\/denizcankizil.tr\/de\/haberler\/gundem\/hbb-itfaiye-de-egitime-devam\/#respond"]}]},{"@type":"WebPage","@id":"https:\/\/denizcankizil.tr\/de\/haberler\/gundem\/hbb-itfaiye-de-egitime-devam\/","url":"https:\/\/denizcankizil.tr\/de\/haberler\/gundem\/hbb-itfaiye-de-egitime-devam\/","name":"HBB \u0130tfaiye\u2019 de E\u011fitime Devam..! - Av. Deniz Can K\u0131z\u0131l","isPartOf":{"@id":"https:\/\/denizcankizil.tr\/#website"},"datePublished":"2024-10-18T17:53:42+00:00","breadcrumb":{"@id":"https:\/\/denizcankizil.tr\/de\/haberler\/gundem\/hbb-itfaiye-de-egitime-devam\/#breadcrumb"},"inLanguage":"de","potentialAction":[{"@type":"ReadAction","target":["https:\/\/denizcankizil.tr\/de\/haberler\/gundem\/hbb-itfaiye-de-egitime-devam\/"]}]},{"@type":"BreadcrumbList","@id":"https:\/\/denizcankizil.tr\/de\/haberler\/gundem\/hbb-itfaiye-de-egitime-devam\/#breadcrumb","itemListElement":[{"@type":"ListItem","position":1,"name":"Home","item":"https:\/\/denizcankizil.tr\/uk\/"},{"@type":"ListItem","position":2,"name":"HBB \u0130tfaiye\u2019 de E\u011fitime Devam..!"}]},{"@type":"WebSite","@id":"https:\/\/denizcankizil.tr\/#website","url":"https:\/\/denizcankizil.tr\/","name":"Av. Deniz Can K\u0131z\u0131l","description":"Avukat Deniz Can K\u0131z\u0131l Antalya Barosu","publisher":{"@id":"https:\/\/denizcankizil.tr\/#organization"},"potentialAction":[{"@type":"SearchAction","target":{"@type":"EntryPoint","urlTemplate":"https:\/\/denizcankizil.tr\/?s={search_term_string}"},"query-input":{"@type":"PropertyValueSpecification","valueRequired":true,"valueName":"search_term_string"}}],"inLanguage":"de"},{"@type":"Organization","@id":"https:\/\/denizcankizil.tr\/#organization","name":"Av. Deniz Can K\u0131z\u0131l","url":"https:\/\/denizcankizil.tr\/","logo":{"@type":"ImageObject","inLanguage":"de","@id":"https:\/\/denizcankizil.tr\/#\/schema\/logo\/image\/","url":"https:\/\/denizcankizil.tr\/wp-content\/uploads\/2024\/10\/siyah-logo-svg.svg","contentUrl":"https:\/\/denizcankizil.tr\/wp-content\/uploads\/2024\/10\/siyah-logo-svg.svg","width":1080,"height":1080,"caption":"Av. Deniz Can K\u0131z\u0131l"},"image":{"@id":"https:\/\/denizcankizil.tr\/#\/schema\/logo\/image\/"}}]}},"_links":{"self":[{"href":"https:\/\/denizcankizil.tr\/de\/wp-json\/wp\/v2\/posts\/4110","targetHints":{"allow":["GET"]}}],"collection":[{"href":"https:\/\/denizcankizil.tr\/de\/wp-json\/wp\/v2\/posts"}],"about":[{"href":"https:\/\/denizcankizil.tr\/de\/wp-json\/wp\/v2\/types\/post"}],"replies":[{"embeddable":true,"href":"https:\/\/denizcankizil.tr\/de\/wp-json\/wp\/v2\/comments?post=4110"}],"version-history":[{"count":0,"href":"https:\/\/denizcankizil.tr\/de\/wp-json\/wp\/v2\/posts\/4110\/revisions"}],"wp:attachment":[{"href":"https:\/\/denizcankizil.tr\/de\/wp-json\/wp\/v2\/media?parent=4110"}],"wp:term":[{"taxonomy":"category","embeddable":true,"href":"https:\/\/denizcankizil.tr\/de\/wp-json\/wp\/v2\/categories?post=4110"},{"taxonomy":"post_tag","embeddable":true,"href":"https:\/\/denizcankizil.tr\/de\/wp-json\/wp\/v2\/tags?post=4110"}],"curies":[{"name":"wp","href":"https:\/\/api.w.org\/{rel}","templated":true}]}}