{"id":4052,"date":"2024-10-18T14:18:03","date_gmt":"2024-10-18T11:18:03","guid":{"rendered":"https:\/\/denizcankizil.tr\/uncategorized-tr\/duzce-akcakocada-hortum-cikti\/"},"modified":"2024-10-18T14:18:03","modified_gmt":"2024-10-18T11:18:03","slug":"duzce-akcakocada-hortum-cikti","status":"publish","type":"post","link":"https:\/\/denizcankizil.tr\/de\/haberler\/gundem\/duzce-akcakocada-hortum-cikti\/","title":{"rendered":"D\u00fczce Ak\u00e7akoca&#8217;da hortum \u00e7\u0131kt\u0131"},"content":{"rendered":"<p>D\u00fczce&#8217;nin Ak\u00e7akoca il\u00e7esinde, deniz \u00fczerinde hortum olu\u015ftu.D\u00dcZCE (\u0130GFA) &#8211;\u00a0 D\u00fczce&#8217;nin Ak\u00e7akoca il\u00e7esi a\u00e7\u0131klar\u0131nda denizde devasa bir hortum meydana geldi.<br \/>\nK\u0131y\u0131dan net bir \u015fekilde g\u00f6r\u00fclen hortum, baz\u0131 vatanda\u015flar taraf\u0131ndan cep telefonu kemaras\u0131 ile kay\u0131t alt\u0131na al\u0131nd\u0131.<br \/>\nDenizde olu\u015fan hortumun k\u0131y\u0131ya ula\u015fmadan da\u011f\u0131ld\u0131.<\/p>\n<p>\u200bD\u00fczce&#8217;nin Ak\u00e7akoca il\u00e7esinde, deniz \u00fczerinde hortum olu\u015ftu\u00a0<\/p>\n<p>\u200bHaberin Al\u0131nt\u0131land\u0131\u011f\u0131 Kaynak: www.iskenderun.org<\/p>","protected":false},"excerpt":{"rendered":"<p>D\u00fczce&#8217;nin Ak\u00e7akoca il\u00e7esinde, deniz \u00fczerinde hortum olu\u015ftu.D\u00dcZCE (\u0130GFA) &#8211;\u00a0 D\u00fczce&#8217;nin Ak\u00e7akoca il\u00e7esi a\u00e7\u0131klar\u0131nda denizde devasa bir hortum meydana geldi. K\u0131y\u0131dan net bir \u015fekilde g\u00f6r\u00fclen hortum, baz\u0131 vatanda\u015flar taraf\u0131ndan cep telefonu kemaras\u0131 ile kay\u0131t alt\u0131na al\u0131nd\u0131. Denizde olu\u015fan hortumun k\u0131y\u0131ya ula\u015fmadan da\u011f\u0131ld\u0131. \u200bD\u00fczce&#8217;nin Ak\u00e7akoca il\u00e7esinde, deniz \u00fczerinde hortum olu\u015ftu\u00a0 \u200bHaberin Al\u0131nt\u0131land\u0131\u011f\u0131 Kaynak: www.iskenderun.org<\/p>","protected":false},"author":0,"featured_media":0,"comment_status":"open","ping_status":"open","sticky":false,"template":"","format":"standard","meta":{"_acf_changed":false,"footnotes":""},"categories":[24,535],"tags":[],"class_list":["post-4052","post","type-post","status-publish","format-standard","has-post-thumbnail","hentry","category-gundem","category-uncategorized-tr"],"acf":[],"yoast_head":"<!-- This site is optimized with the Yoast SEO Premium plugin v26.6 (Yoast SEO v27.1.1) - https:\/\/yoast.com\/product\/yoast-seo-premium-wordpress\/ -->\n<title>D\u00fczce Ak\u00e7akoca&#039;da hortum \u00e7\u0131kt\u0131 - Av. Deniz Can K\u0131z\u0131l<\/title>\n<meta name=\"robots\" content=\"index, follow, max-snippet:-1, max-image-preview:large, max-video-preview:-1\" \/>\n<link rel=\"canonical\" href=\"https:\/\/denizcankizil.tr\/de\/haberler\/gundem\/duzce-akcakocada-hortum-cikti\/\" \/>\n<meta property=\"og:locale\" content=\"de_DE\" \/>\n<meta property=\"og:type\" content=\"article\" \/>\n<meta property=\"og:title\" content=\"D\u00fczce Ak\u00e7akoca&#039;da hortum \u00e7\u0131kt\u0131\" \/>\n<meta property=\"og:description\" content=\"D\u00fczce&#8217;nin Ak\u00e7akoca il\u00e7esinde, deniz \u00fczerinde hortum olu\u015ftu.D\u00dcZCE (\u0130GFA) &#8211;\u00a0 D\u00fczce&#8217;nin Ak\u00e7akoca il\u00e7esi a\u00e7\u0131klar\u0131nda denizde devasa bir hortum meydana geldi. K\u0131y\u0131dan net bir \u015fekilde g\u00f6r\u00fclen hortum, baz\u0131 vatanda\u015flar taraf\u0131ndan cep telefonu kemaras\u0131 ile kay\u0131t alt\u0131na al\u0131nd\u0131. Denizde olu\u015fan hortumun k\u0131y\u0131ya ula\u015fmadan da\u011f\u0131ld\u0131. \u200bD\u00fczce&#8217;nin Ak\u00e7akoca il\u00e7esinde, deniz \u00fczerinde hortum olu\u015ftu\u00a0 \u200bHaberin Al\u0131nt\u0131land\u0131\u011f\u0131 Kaynak: www.iskenderun.org\" \/>\n<meta property=\"og:url\" content=\"https:\/\/denizcankizil.tr\/de\/haberler\/gundem\/duzce-akcakocada-hortum-cikti\/\" \/>\n<meta property=\"og:site_name\" content=\"Av. Deniz Can K\u0131z\u0131l\" \/>\n<meta property=\"article:published_time\" content=\"2024-10-18T11:18:03+00:00\" \/>\n<meta name=\"twitter:card\" content=\"summary_large_image\" \/>\n<script type=\"application\/ld+json\" class=\"yoast-schema-graph\">{\"@context\":\"https:\/\/schema.org\",\"@graph\":[{\"@type\":\"Article\",\"@id\":\"https:\/\/denizcankizil.tr\/en\/haberler\/gundem\/duzce-akcakocada-hortum-cikti\/#article\",\"isPartOf\":{\"@id\":\"https:\/\/denizcankizil.tr\/en\/haberler\/gundem\/duzce-akcakocada-hortum-cikti\/\"},\"author\":{\"name\":\"\",\"@id\":\"\"},\"headline\":\"D\u00fczce Ak\u00e7akoca&#8217;da hortum \u00e7\u0131kt\u0131\",\"datePublished\":\"2024-10-18T11:18:03+00:00\",\"mainEntityOfPage\":{\"@id\":\"https:\/\/denizcankizil.tr\/en\/haberler\/gundem\/duzce-akcakocada-hortum-cikti\/\"},\"wordCount\":95,\"commentCount\":0,\"publisher\":{\"@id\":\"https:\/\/denizcankizil.tr\/de\/#organization\"},\"articleSection\":[\"G\u00fcndem\",\"Uncategorized\"],\"inLanguage\":\"de\",\"potentialAction\":[{\"@type\":\"CommentAction\",\"name\":\"Comment\",\"target\":[\"https:\/\/denizcankizil.tr\/en\/haberler\/gundem\/duzce-akcakocada-hortum-cikti\/#respond\"]}]},{\"@type\":\"WebPage\",\"@id\":\"https:\/\/denizcankizil.tr\/en\/haberler\/gundem\/duzce-akcakocada-hortum-cikti\/\",\"url\":\"https:\/\/denizcankizil.tr\/en\/haberler\/gundem\/duzce-akcakocada-hortum-cikti\/\",\"name\":\"D\u00fczce Ak\u00e7akoca'da hortum \u00e7\u0131kt\u0131 - Av. Deniz Can K\u0131z\u0131l\",\"isPartOf\":{\"@id\":\"https:\/\/denizcankizil.tr\/de\/#website\"},\"datePublished\":\"2024-10-18T11:18:03+00:00\",\"breadcrumb\":{\"@id\":\"https:\/\/denizcankizil.tr\/en\/haberler\/gundem\/duzce-akcakocada-hortum-cikti\/#breadcrumb\"},\"inLanguage\":\"de\",\"potentialAction\":[{\"@type\":\"ReadAction\",\"target\":[\"https:\/\/denizcankizil.tr\/en\/haberler\/gundem\/duzce-akcakocada-hortum-cikti\/\"]}]},{\"@type\":\"BreadcrumbList\",\"@id\":\"https:\/\/denizcankizil.tr\/en\/haberler\/gundem\/duzce-akcakocada-hortum-cikti\/#breadcrumb\",\"itemListElement\":[{\"@type\":\"ListItem\",\"position\":1,\"name\":\"Home\",\"item\":\"https:\/\/denizcankizil.tr\/de\/\"},{\"@type\":\"ListItem\",\"position\":2,\"name\":\"D\u00fczce Ak\u00e7akoca&#8217;da hortum \u00e7\u0131kt\u0131\"}]},{\"@type\":\"WebSite\",\"@id\":\"https:\/\/denizcankizil.tr\/de\/#website\",\"url\":\"https:\/\/denizcankizil.tr\/de\/\",\"name\":\"Av. Deniz Can K\u0131z\u0131l\",\"description\":\"Avukat Deniz Can K\u0131z\u0131l Antalya Barosu\",\"publisher\":{\"@id\":\"https:\/\/denizcankizil.tr\/de\/#organization\"},\"potentialAction\":[{\"@type\":\"SearchAction\",\"target\":{\"@type\":\"EntryPoint\",\"urlTemplate\":\"https:\/\/denizcankizil.tr\/de\/?s={search_term_string}\"},\"query-input\":{\"@type\":\"PropertyValueSpecification\",\"valueRequired\":true,\"valueName\":\"search_term_string\"}}],\"inLanguage\":\"de\"},{\"@type\":\"Organization\",\"@id\":\"https:\/\/denizcankizil.tr\/de\/#organization\",\"name\":\"Av. Deniz Can K\u0131z\u0131l\",\"url\":\"https:\/\/denizcankizil.tr\/de\/\",\"logo\":{\"@type\":\"ImageObject\",\"inLanguage\":\"de\",\"@id\":\"https:\/\/denizcankizil.tr\/de\/#\/schema\/logo\/image\/\",\"url\":\"https:\/\/denizcankizil.tr\/wp-content\/uploads\/2024\/10\/siyah-logo-svg.svg\",\"contentUrl\":\"https:\/\/denizcankizil.tr\/wp-content\/uploads\/2024\/10\/siyah-logo-svg.svg\",\"width\":1080,\"height\":1080,\"caption\":\"Av. Deniz Can K\u0131z\u0131l\"},\"image\":{\"@id\":\"https:\/\/denizcankizil.tr\/de\/#\/schema\/logo\/image\/\"}}]}<\/script>\n<!-- \/ Yoast SEO Premium plugin. -->","yoast_head_json":{"title":"D\u00fczce Ak\u00e7akoca'da hortum \u00e7\u0131kt\u0131 - Av. Deniz Can K\u0131z\u0131l","robots":{"index":"index","follow":"follow","max-snippet":"max-snippet:-1","max-image-preview":"max-image-preview:large","max-video-preview":"max-video-preview:-1"},"canonical":"https:\/\/denizcankizil.tr\/de\/haberler\/gundem\/duzce-akcakocada-hortum-cikti\/","og_locale":"de_DE","og_type":"article","og_title":"D\u00fczce Ak\u00e7akoca'da hortum \u00e7\u0131kt\u0131","og_description":"D\u00fczce&#8217;nin Ak\u00e7akoca il\u00e7esinde, deniz \u00fczerinde hortum olu\u015ftu.D\u00dcZCE (\u0130GFA) &#8211;\u00a0 D\u00fczce&#8217;nin Ak\u00e7akoca il\u00e7esi a\u00e7\u0131klar\u0131nda denizde devasa bir hortum meydana geldi. K\u0131y\u0131dan net bir \u015fekilde g\u00f6r\u00fclen hortum, baz\u0131 vatanda\u015flar taraf\u0131ndan cep telefonu kemaras\u0131 ile kay\u0131t alt\u0131na al\u0131nd\u0131. Denizde olu\u015fan hortumun k\u0131y\u0131ya ula\u015fmadan da\u011f\u0131ld\u0131. \u200bD\u00fczce&#8217;nin Ak\u00e7akoca il\u00e7esinde, deniz \u00fczerinde hortum olu\u015ftu\u00a0 \u200bHaberin Al\u0131nt\u0131land\u0131\u011f\u0131 Kaynak: www.iskenderun.org","og_url":"https:\/\/denizcankizil.tr\/de\/haberler\/gundem\/duzce-akcakocada-hortum-cikti\/","og_site_name":"Av. Deniz Can K\u0131z\u0131l","article_published_time":"2024-10-18T11:18:03+00:00","twitter_card":"summary_large_image","schema":{"@context":"https:\/\/schema.org","@graph":[{"@type":"Article","@id":"https:\/\/denizcankizil.tr\/en\/haberler\/gundem\/duzce-akcakocada-hortum-cikti\/#article","isPartOf":{"@id":"https:\/\/denizcankizil.tr\/en\/haberler\/gundem\/duzce-akcakocada-hortum-cikti\/"},"author":{"name":"","@id":""},"headline":"D\u00fczce Ak\u00e7akoca&#8217;da hortum \u00e7\u0131kt\u0131","datePublished":"2024-10-18T11:18:03+00:00","mainEntityOfPage":{"@id":"https:\/\/denizcankizil.tr\/en\/haberler\/gundem\/duzce-akcakocada-hortum-cikti\/"},"wordCount":95,"commentCount":0,"publisher":{"@id":"https:\/\/denizcankizil.tr\/de\/#organization"},"articleSection":["G\u00fcndem","Uncategorized"],"inLanguage":"de","potentialAction":[{"@type":"CommentAction","name":"Comment","target":["https:\/\/denizcankizil.tr\/en\/haberler\/gundem\/duzce-akcakocada-hortum-cikti\/#respond"]}]},{"@type":"WebPage","@id":"https:\/\/denizcankizil.tr\/en\/haberler\/gundem\/duzce-akcakocada-hortum-cikti\/","url":"https:\/\/denizcankizil.tr\/en\/haberler\/gundem\/duzce-akcakocada-hortum-cikti\/","name":"D\u00fczce Ak\u00e7akoca'da hortum \u00e7\u0131kt\u0131 - Av. Deniz Can K\u0131z\u0131l","isPartOf":{"@id":"https:\/\/denizcankizil.tr\/de\/#website"},"datePublished":"2024-10-18T11:18:03+00:00","breadcrumb":{"@id":"https:\/\/denizcankizil.tr\/en\/haberler\/gundem\/duzce-akcakocada-hortum-cikti\/#breadcrumb"},"inLanguage":"de","potentialAction":[{"@type":"ReadAction","target":["https:\/\/denizcankizil.tr\/en\/haberler\/gundem\/duzce-akcakocada-hortum-cikti\/"]}]},{"@type":"BreadcrumbList","@id":"https:\/\/denizcankizil.tr\/en\/haberler\/gundem\/duzce-akcakocada-hortum-cikti\/#breadcrumb","itemListElement":[{"@type":"ListItem","position":1,"name":"Home","item":"https:\/\/denizcankizil.tr\/de\/"},{"@type":"ListItem","position":2,"name":"D\u00fczce Ak\u00e7akoca&#8217;da hortum \u00e7\u0131kt\u0131"}]},{"@type":"WebSite","@id":"https:\/\/denizcankizil.tr\/de\/#website","url":"https:\/\/denizcankizil.tr\/de\/","name":"Av. Deniz Can K\u0131z\u0131l","description":"Avukat Deniz Can K\u0131z\u0131l Antalya Barosu","publisher":{"@id":"https:\/\/denizcankizil.tr\/de\/#organization"},"potentialAction":[{"@type":"SearchAction","target":{"@type":"EntryPoint","urlTemplate":"https:\/\/denizcankizil.tr\/de\/?s={search_term_string}"},"query-input":{"@type":"PropertyValueSpecification","valueRequired":true,"valueName":"search_term_string"}}],"inLanguage":"de"},{"@type":"Organization","@id":"https:\/\/denizcankizil.tr\/de\/#organization","name":"Av. Deniz Can K\u0131z\u0131l","url":"https:\/\/denizcankizil.tr\/de\/","logo":{"@type":"ImageObject","inLanguage":"de","@id":"https:\/\/denizcankizil.tr\/de\/#\/schema\/logo\/image\/","url":"https:\/\/denizcankizil.tr\/wp-content\/uploads\/2024\/10\/siyah-logo-svg.svg","contentUrl":"https:\/\/denizcankizil.tr\/wp-content\/uploads\/2024\/10\/siyah-logo-svg.svg","width":1080,"height":1080,"caption":"Av. Deniz Can K\u0131z\u0131l"},"image":{"@id":"https:\/\/denizcankizil.tr\/de\/#\/schema\/logo\/image\/"}}]}},"_links":{"self":[{"href":"https:\/\/denizcankizil.tr\/de\/wp-json\/wp\/v2\/posts\/4052","targetHints":{"allow":["GET"]}}],"collection":[{"href":"https:\/\/denizcankizil.tr\/de\/wp-json\/wp\/v2\/posts"}],"about":[{"href":"https:\/\/denizcankizil.tr\/de\/wp-json\/wp\/v2\/types\/post"}],"replies":[{"embeddable":true,"href":"https:\/\/denizcankizil.tr\/de\/wp-json\/wp\/v2\/comments?post=4052"}],"version-history":[{"count":0,"href":"https:\/\/denizcankizil.tr\/de\/wp-json\/wp\/v2\/posts\/4052\/revisions"}],"wp:attachment":[{"href":"https:\/\/denizcankizil.tr\/de\/wp-json\/wp\/v2\/media?parent=4052"}],"wp:term":[{"taxonomy":"category","embeddable":true,"href":"https:\/\/denizcankizil.tr\/de\/wp-json\/wp\/v2\/categories?post=4052"},{"taxonomy":"post_tag","embeddable":true,"href":"https:\/\/denizcankizil.tr\/de\/wp-json\/wp\/v2\/tags?post=4052"}],"curies":[{"name":"wp","href":"https:\/\/api.w.org\/{rel}","templated":true}]}}