{"id":39176,"date":"2025-03-29T14:41:26","date_gmt":"2025-03-29T11:41:26","guid":{"rendered":"https:\/\/denizcankizil.tr\/uncategorized-tr\/kazazede-suruculer-hastaneye-gitmeyi-kabul-etmedi\/"},"modified":"2025-03-29T14:41:26","modified_gmt":"2025-03-29T11:41:26","slug":"kazazede-suruculer-hastaneye-gitmeyi-kabul-etmedi","status":"publish","type":"post","link":"https:\/\/denizcankizil.tr\/de\/haberler\/antalya\/kazazede-suruculer-hastaneye-gitmeyi-kabul-etmedi\/","title":{"rendered":"Kazazede s\u00fcr\u00fcc\u00fcler hastaneye gitmeyi kabul etmedi"},"content":{"rendered":"<p>Kaza; Antalya-Alanya D-400 Karayolu Manavgat \u00c7evreyolunda meydana geldi. Edinilen bilgiye g\u00f6re, Mustafa Serdar Turan&#8217;\u0131n kulland\u0131\u011f\u0131 07 ESU 92 plakal\u0131 ticari arac\u0131n Manavgat \u00c7evreyolu Sorgun-Otogar K\u00f6pr\u00fcl\u00fc kav\u015fak \u00e7\u0131k\u0131\u015f\u0131nda At\u0131lgan Akta\u015f&#8217;\u0131n kulland\u0131\u011f\u0131 07 LLM 47 plakal\u0131 otomobille \u00e7arp\u0131\u015ft\u0131.<br \/>\n\u00c7arpman\u0131n \u015fiddetiyle yoldan \u00e7\u0131karak \u015farampole inen otomobil hurdaya d\u00f6nerken, otomobil s\u00fcr\u00fcc\u00fcs\u00fcn\u00fcn ara\u00e7 i\u00e7erisinde s\u0131k\u0131\u015ft\u0131\u011f\u0131 ihbar\u0131 Antalya B\u00fcy\u00fck\u015fehir Belediyesi \u0130tfaiyesi Manavgat Birimine ba\u011fl\u0131 kurtarma, 112 Sa\u011fl\u0131k ve Manavgat Emniyet M\u00fcd\u00fcrl\u00fc\u011f\u00fc Trafik Denetleme B\u00fcro Amirli\u011fine ba\u011fl\u0131 ekipleri alarma ge\u00e7irdi.<br \/>\n\u00c7arp\u0131\u015fman\u0131n \u015fiddetiyle yoldan \u00e7\u0131karak \u015farampole inen ve hurdaya d\u00f6nen otomobil s\u00fcr\u00fcc\u00fcs\u00fcn\u00fcn kazay\u0131 s\u0131yr\u0131klarla atlatt\u0131\u011f\u0131 g\u00f6zlenirken, ara\u00e7 s\u00fcr\u00fcc\u00fcleri ambulansta yap\u0131lan m\u00fcdahalenin ard\u0131ndan kendilerini iyi hissettiklerini belirterek hastaneye gitmekten vazge\u00e7ti.<\/p>\n<p>Kaynak: www.kanalv.com.tr Haber Sitesinden Al\u0131nm\u0131\u015ft\u0131r.<\/p>","protected":false},"excerpt":{"rendered":"<p>Kaza; Antalya-Alanya D-400 Karayolu Manavgat \u00c7evreyolunda meydana geldi. Edinilen bilgiye g\u00f6re, Mustafa Serdar Turan&#8217;\u0131n kulland\u0131\u011f\u0131 07 ESU 92 plakal\u0131 ticari arac\u0131n Manavgat \u00c7evreyolu Sorgun-Otogar K\u00f6pr\u00fcl\u00fc kav\u015fak \u00e7\u0131k\u0131\u015f\u0131nda At\u0131lgan Akta\u015f&#8217;\u0131n kulland\u0131\u011f\u0131 07 LLM 47 plakal\u0131 otomobille \u00e7arp\u0131\u015ft\u0131. \u00c7arpman\u0131n \u015fiddetiyle yoldan \u00e7\u0131karak \u015farampole inen otomobil hurdaya d\u00f6nerken, otomobil s\u00fcr\u00fcc\u00fcs\u00fcn\u00fcn ara\u00e7 i\u00e7erisinde s\u0131k\u0131\u015ft\u0131\u011f\u0131 ihbar\u0131 Antalya B\u00fcy\u00fck\u015fehir Belediyesi \u0130tfaiyesi Manavgat Birimine ba\u011fl\u0131 kurtarma, 112 Sa\u011fl\u0131k ve Manavgat Emniyet M\u00fcd\u00fcrl\u00fc\u011f\u00fc Trafik Denetleme B\u00fcro Amirli\u011fine ba\u011fl\u0131 ekipleri alarma ge\u00e7irdi. \u00c7arp\u0131\u015fman\u0131n \u015fiddetiyle yoldan \u00e7\u0131karak \u015farampole inen ve hurdaya d\u00f6nen otomobil s\u00fcr\u00fcc\u00fcs\u00fcn\u00fcn kazay\u0131 s\u0131yr\u0131klarla atlatt\u0131\u011f\u0131 g\u00f6zlenirken, ara\u00e7 s\u00fcr\u00fcc\u00fcleri ambulansta yap\u0131lan m\u00fcdahalenin ard\u0131ndan kendilerini iyi hissettiklerini belirterek hastaneye gitmekten vazge\u00e7ti. Kaynak: www.kanalv.com.tr Haber Sitesinden Al\u0131nm\u0131\u015ft\u0131r.<\/p>","protected":false},"author":4,"featured_media":39177,"comment_status":"","ping_status":"open","sticky":false,"template":"","format":"standard","meta":{"_acf_changed":false,"footnotes":""},"categories":[26],"tags":[],"class_list":["post-39176","post","type-post","status-publish","format-standard","has-post-thumbnail","hentry","category-antalya"],"acf":[],"yoast_head":"<!-- This site is optimized with the Yoast SEO Premium plugin v26.6 (Yoast SEO v27.1.1) - https:\/\/yoast.com\/product\/yoast-seo-premium-wordpress\/ -->\n<title>Kazazede s\u00fcr\u00fcc\u00fcler hastaneye gitmeyi kabul etmedi - Av. Deniz Can K\u0131z\u0131l<\/title>\n<meta name=\"robots\" content=\"index, follow, max-snippet:-1, max-image-preview:large, max-video-preview:-1\" \/>\n<link rel=\"canonical\" href=\"https:\/\/denizcankizil.tr\/de\/haberler\/antalya\/kazazede-suruculer-hastaneye-gitmeyi-kabul-etmedi\/\" \/>\n<meta property=\"og:locale\" content=\"de_DE\" \/>\n<meta property=\"og:type\" content=\"article\" \/>\n<meta property=\"og:title\" content=\"Kazazede s\u00fcr\u00fcc\u00fcler hastaneye gitmeyi kabul etmedi\" \/>\n<meta property=\"og:description\" content=\"Kaza; Antalya-Alanya D-400 Karayolu Manavgat \u00c7evreyolunda meydana geldi. Edinilen bilgiye g\u00f6re, Mustafa Serdar Turan&#8217;\u0131n kulland\u0131\u011f\u0131 07 ESU 92 plakal\u0131 ticari arac\u0131n Manavgat \u00c7evreyolu Sorgun-Otogar K\u00f6pr\u00fcl\u00fc kav\u015fak \u00e7\u0131k\u0131\u015f\u0131nda At\u0131lgan Akta\u015f&#8217;\u0131n kulland\u0131\u011f\u0131 07 LLM 47 plakal\u0131 otomobille \u00e7arp\u0131\u015ft\u0131. \u00c7arpman\u0131n \u015fiddetiyle yoldan \u00e7\u0131karak \u015farampole inen otomobil hurdaya d\u00f6nerken, otomobil s\u00fcr\u00fcc\u00fcs\u00fcn\u00fcn ara\u00e7 i\u00e7erisinde s\u0131k\u0131\u015ft\u0131\u011f\u0131 ihbar\u0131 Antalya B\u00fcy\u00fck\u015fehir Belediyesi \u0130tfaiyesi Manavgat Birimine ba\u011fl\u0131 kurtarma, 112 Sa\u011fl\u0131k ve Manavgat Emniyet M\u00fcd\u00fcrl\u00fc\u011f\u00fc Trafik Denetleme B\u00fcro Amirli\u011fine ba\u011fl\u0131 ekipleri alarma ge\u00e7irdi. \u00c7arp\u0131\u015fman\u0131n \u015fiddetiyle yoldan \u00e7\u0131karak \u015farampole inen ve hurdaya d\u00f6nen otomobil s\u00fcr\u00fcc\u00fcs\u00fcn\u00fcn kazay\u0131 s\u0131yr\u0131klarla atlatt\u0131\u011f\u0131 g\u00f6zlenirken, ara\u00e7 s\u00fcr\u00fcc\u00fcleri ambulansta yap\u0131lan m\u00fcdahalenin ard\u0131ndan kendilerini iyi hissettiklerini belirterek hastaneye gitmekten vazge\u00e7ti. Kaynak: www.kanalv.com.tr Haber Sitesinden Al\u0131nm\u0131\u015ft\u0131r.\" \/>\n<meta property=\"og:url\" content=\"https:\/\/denizcankizil.tr\/de\/haberler\/antalya\/kazazede-suruculer-hastaneye-gitmeyi-kabul-etmedi\/\" \/>\n<meta property=\"og:site_name\" content=\"Av. Deniz Can K\u0131z\u0131l\" \/>\n<meta property=\"article:published_time\" content=\"2025-03-29T11:41:26+00:00\" \/>\n<meta property=\"og:image\" content=\"https:\/\/denizcankizil.tr\/wp-content\/uploads\/2025\/03\/5804-01-uZzxJx.jpeg\" \/>\n\t<meta property=\"og:image:width\" content=\"1280\" \/>\n\t<meta property=\"og:image:height\" content=\"720\" \/>\n\t<meta property=\"og:image:type\" content=\"image\/jpeg\" \/>\n<meta name=\"author\" content=\"Av. Deniz Can K\u0131z\u0131l\" \/>\n<meta name=\"twitter:card\" content=\"summary_large_image\" \/>\n<meta name=\"twitter:label1\" content=\"Verfasst von\" \/>\n\t<meta name=\"twitter:data1\" content=\"Av. Deniz Can K\u0131z\u0131l\" \/>\n\t<meta name=\"twitter:label2\" content=\"Gesch\u00e4tzte Lesezeit\" \/>\n\t<meta name=\"twitter:data2\" content=\"1\u00a0Minute\" \/>\n<script type=\"application\/ld+json\" class=\"yoast-schema-graph\">{\"@context\":\"https:\/\/schema.org\",\"@graph\":[{\"@type\":\"Article\",\"@id\":\"https:\/\/denizcankizil.tr\/uk\/haberler\/antalya\/kazazede-suruculer-hastaneye-gitmeyi-kabul-etmedi\/#article\",\"isPartOf\":{\"@id\":\"https:\/\/denizcankizil.tr\/uk\/haberler\/antalya\/kazazede-suruculer-hastaneye-gitmeyi-kabul-etmedi\/\"},\"author\":{\"name\":\"Av. Deniz Can K\u0131z\u0131l\",\"@id\":\"https:\/\/denizcankizil.tr\/#\/schema\/person\/5dc1b22991bd7ac833867c10afc9b0ff\"},\"headline\":\"Kazazede s\u00fcr\u00fcc\u00fcler hastaneye gitmeyi kabul etmedi\",\"datePublished\":\"2025-03-29T11:41:26+00:00\",\"mainEntityOfPage\":{\"@id\":\"https:\/\/denizcankizil.tr\/uk\/haberler\/antalya\/kazazede-suruculer-hastaneye-gitmeyi-kabul-etmedi\/\"},\"wordCount\":166,\"publisher\":{\"@id\":\"https:\/\/denizcankizil.tr\/#organization\"},\"image\":{\"@id\":\"https:\/\/denizcankizil.tr\/uk\/haberler\/antalya\/kazazede-suruculer-hastaneye-gitmeyi-kabul-etmedi\/#primaryimage\"},\"thumbnailUrl\":\"https:\/\/denizcankizil.tr\/wp-content\/uploads\/2025\/03\/5804-01-uZzxJx.jpeg\",\"articleSection\":[\"Antalya\"],\"inLanguage\":\"de\"},{\"@type\":\"WebPage\",\"@id\":\"https:\/\/denizcankizil.tr\/uk\/haberler\/antalya\/kazazede-suruculer-hastaneye-gitmeyi-kabul-etmedi\/\",\"url\":\"https:\/\/denizcankizil.tr\/uk\/haberler\/antalya\/kazazede-suruculer-hastaneye-gitmeyi-kabul-etmedi\/\",\"name\":\"Kazazede s\u00fcr\u00fcc\u00fcler hastaneye gitmeyi kabul etmedi - Av. Deniz Can K\u0131z\u0131l\",\"isPartOf\":{\"@id\":\"https:\/\/denizcankizil.tr\/#website\"},\"primaryImageOfPage\":{\"@id\":\"https:\/\/denizcankizil.tr\/uk\/haberler\/antalya\/kazazede-suruculer-hastaneye-gitmeyi-kabul-etmedi\/#primaryimage\"},\"image\":{\"@id\":\"https:\/\/denizcankizil.tr\/uk\/haberler\/antalya\/kazazede-suruculer-hastaneye-gitmeyi-kabul-etmedi\/#primaryimage\"},\"thumbnailUrl\":\"https:\/\/denizcankizil.tr\/wp-content\/uploads\/2025\/03\/5804-01-uZzxJx.jpeg\",\"datePublished\":\"2025-03-29T11:41:26+00:00\",\"breadcrumb\":{\"@id\":\"https:\/\/denizcankizil.tr\/uk\/haberler\/antalya\/kazazede-suruculer-hastaneye-gitmeyi-kabul-etmedi\/#breadcrumb\"},\"inLanguage\":\"de\",\"potentialAction\":[{\"@type\":\"ReadAction\",\"target\":[\"https:\/\/denizcankizil.tr\/uk\/haberler\/antalya\/kazazede-suruculer-hastaneye-gitmeyi-kabul-etmedi\/\"]}]},{\"@type\":\"ImageObject\",\"inLanguage\":\"de\",\"@id\":\"https:\/\/denizcankizil.tr\/uk\/haberler\/antalya\/kazazede-suruculer-hastaneye-gitmeyi-kabul-etmedi\/#primaryimage\",\"url\":\"https:\/\/denizcankizil.tr\/wp-content\/uploads\/2025\/03\/5804-01-uZzxJx.jpeg\",\"contentUrl\":\"https:\/\/denizcankizil.tr\/wp-content\/uploads\/2025\/03\/5804-01-uZzxJx.jpeg\",\"width\":1280,\"height\":720},{\"@type\":\"BreadcrumbList\",\"@id\":\"https:\/\/denizcankizil.tr\/uk\/haberler\/antalya\/kazazede-suruculer-hastaneye-gitmeyi-kabul-etmedi\/#breadcrumb\",\"itemListElement\":[{\"@type\":\"ListItem\",\"position\":1,\"name\":\"Home\",\"item\":\"https:\/\/denizcankizil.tr\/de\/\"},{\"@type\":\"ListItem\",\"position\":2,\"name\":\"Kazazede s\u00fcr\u00fcc\u00fcler hastaneye gitmeyi kabul etmedi\"}]},{\"@type\":\"WebSite\",\"@id\":\"https:\/\/denizcankizil.tr\/#website\",\"url\":\"https:\/\/denizcankizil.tr\/\",\"name\":\"Av. Deniz Can K\u0131z\u0131l\",\"description\":\"Avukat Deniz Can K\u0131z\u0131l Antalya Barosu\",\"publisher\":{\"@id\":\"https:\/\/denizcankizil.tr\/#organization\"},\"potentialAction\":[{\"@type\":\"SearchAction\",\"target\":{\"@type\":\"EntryPoint\",\"urlTemplate\":\"https:\/\/denizcankizil.tr\/?s={search_term_string}\"},\"query-input\":{\"@type\":\"PropertyValueSpecification\",\"valueRequired\":true,\"valueName\":\"search_term_string\"}}],\"inLanguage\":\"de\"},{\"@type\":\"Organization\",\"@id\":\"https:\/\/denizcankizil.tr\/#organization\",\"name\":\"Av. Deniz Can K\u0131z\u0131l\",\"url\":\"https:\/\/denizcankizil.tr\/\",\"logo\":{\"@type\":\"ImageObject\",\"inLanguage\":\"de\",\"@id\":\"https:\/\/denizcankizil.tr\/#\/schema\/logo\/image\/\",\"url\":\"https:\/\/denizcankizil.tr\/wp-content\/uploads\/2024\/10\/siyah-logo-svg.svg\",\"contentUrl\":\"https:\/\/denizcankizil.tr\/wp-content\/uploads\/2024\/10\/siyah-logo-svg.svg\",\"width\":1080,\"height\":1080,\"caption\":\"Av. Deniz Can K\u0131z\u0131l\"},\"image\":{\"@id\":\"https:\/\/denizcankizil.tr\/#\/schema\/logo\/image\/\"}},{\"@type\":\"Person\",\"@id\":\"https:\/\/denizcankizil.tr\/#\/schema\/person\/5dc1b22991bd7ac833867c10afc9b0ff\",\"name\":\"Av. Deniz Can K\u0131z\u0131l\",\"image\":{\"@type\":\"ImageObject\",\"inLanguage\":\"de\",\"@id\":\"https:\/\/denizcankizil.tr\/#\/schema\/person\/image\/\",\"url\":\"https:\/\/secure.gravatar.com\/avatar\/a0b128fb9855c79efc976d5640eedb31dc35ec297594d6016d2cf7c60e975bb6?s=96&d=mm&r=g\",\"contentUrl\":\"https:\/\/secure.gravatar.com\/avatar\/a0b128fb9855c79efc976d5640eedb31dc35ec297594d6016d2cf7c60e975bb6?s=96&d=mm&r=g\",\"caption\":\"Av. Deniz Can K\u0131z\u0131l\"},\"sameAs\":[\"http:\/\/www.denizcankizil.tr\"],\"url\":\"https:\/\/denizcankizil.tr\/de\/author\/denizcankizil\/\"}]}<\/script>\n<!-- \/ Yoast SEO Premium plugin. -->","yoast_head_json":{"title":"Kazazede s\u00fcr\u00fcc\u00fcler hastaneye gitmeyi kabul etmedi - Av. Deniz Can K\u0131z\u0131l","robots":{"index":"index","follow":"follow","max-snippet":"max-snippet:-1","max-image-preview":"max-image-preview:large","max-video-preview":"max-video-preview:-1"},"canonical":"https:\/\/denizcankizil.tr\/de\/haberler\/antalya\/kazazede-suruculer-hastaneye-gitmeyi-kabul-etmedi\/","og_locale":"de_DE","og_type":"article","og_title":"Kazazede s\u00fcr\u00fcc\u00fcler hastaneye gitmeyi kabul etmedi","og_description":"Kaza; Antalya-Alanya D-400 Karayolu Manavgat \u00c7evreyolunda meydana geldi. Edinilen bilgiye g\u00f6re, Mustafa Serdar Turan&#8217;\u0131n kulland\u0131\u011f\u0131 07 ESU 92 plakal\u0131 ticari arac\u0131n Manavgat \u00c7evreyolu Sorgun-Otogar K\u00f6pr\u00fcl\u00fc kav\u015fak \u00e7\u0131k\u0131\u015f\u0131nda At\u0131lgan Akta\u015f&#8217;\u0131n kulland\u0131\u011f\u0131 07 LLM 47 plakal\u0131 otomobille \u00e7arp\u0131\u015ft\u0131. \u00c7arpman\u0131n \u015fiddetiyle yoldan \u00e7\u0131karak \u015farampole inen otomobil hurdaya d\u00f6nerken, otomobil s\u00fcr\u00fcc\u00fcs\u00fcn\u00fcn ara\u00e7 i\u00e7erisinde s\u0131k\u0131\u015ft\u0131\u011f\u0131 ihbar\u0131 Antalya B\u00fcy\u00fck\u015fehir Belediyesi \u0130tfaiyesi Manavgat Birimine ba\u011fl\u0131 kurtarma, 112 Sa\u011fl\u0131k ve Manavgat Emniyet M\u00fcd\u00fcrl\u00fc\u011f\u00fc Trafik Denetleme B\u00fcro Amirli\u011fine ba\u011fl\u0131 ekipleri alarma ge\u00e7irdi. \u00c7arp\u0131\u015fman\u0131n \u015fiddetiyle yoldan \u00e7\u0131karak \u015farampole inen ve hurdaya d\u00f6nen otomobil s\u00fcr\u00fcc\u00fcs\u00fcn\u00fcn kazay\u0131 s\u0131yr\u0131klarla atlatt\u0131\u011f\u0131 g\u00f6zlenirken, ara\u00e7 s\u00fcr\u00fcc\u00fcleri ambulansta yap\u0131lan m\u00fcdahalenin ard\u0131ndan kendilerini iyi hissettiklerini belirterek hastaneye gitmekten vazge\u00e7ti. Kaynak: www.kanalv.com.tr Haber Sitesinden Al\u0131nm\u0131\u015ft\u0131r.","og_url":"https:\/\/denizcankizil.tr\/de\/haberler\/antalya\/kazazede-suruculer-hastaneye-gitmeyi-kabul-etmedi\/","og_site_name":"Av. Deniz Can K\u0131z\u0131l","article_published_time":"2025-03-29T11:41:26+00:00","og_image":[{"width":1280,"height":720,"url":"https:\/\/denizcankizil.tr\/wp-content\/uploads\/2025\/03\/5804-01-uZzxJx.jpeg","type":"image\/jpeg"}],"author":"Av. Deniz Can K\u0131z\u0131l","twitter_card":"summary_large_image","twitter_misc":{"Verfasst von":"Av. Deniz Can K\u0131z\u0131l","Gesch\u00e4tzte Lesezeit":"1\u00a0Minute"},"schema":{"@context":"https:\/\/schema.org","@graph":[{"@type":"Article","@id":"https:\/\/denizcankizil.tr\/uk\/haberler\/antalya\/kazazede-suruculer-hastaneye-gitmeyi-kabul-etmedi\/#article","isPartOf":{"@id":"https:\/\/denizcankizil.tr\/uk\/haberler\/antalya\/kazazede-suruculer-hastaneye-gitmeyi-kabul-etmedi\/"},"author":{"name":"Av. Deniz Can K\u0131z\u0131l","@id":"https:\/\/denizcankizil.tr\/#\/schema\/person\/5dc1b22991bd7ac833867c10afc9b0ff"},"headline":"Kazazede s\u00fcr\u00fcc\u00fcler hastaneye gitmeyi kabul etmedi","datePublished":"2025-03-29T11:41:26+00:00","mainEntityOfPage":{"@id":"https:\/\/denizcankizil.tr\/uk\/haberler\/antalya\/kazazede-suruculer-hastaneye-gitmeyi-kabul-etmedi\/"},"wordCount":166,"publisher":{"@id":"https:\/\/denizcankizil.tr\/#organization"},"image":{"@id":"https:\/\/denizcankizil.tr\/uk\/haberler\/antalya\/kazazede-suruculer-hastaneye-gitmeyi-kabul-etmedi\/#primaryimage"},"thumbnailUrl":"https:\/\/denizcankizil.tr\/wp-content\/uploads\/2025\/03\/5804-01-uZzxJx.jpeg","articleSection":["Antalya"],"inLanguage":"de"},{"@type":"WebPage","@id":"https:\/\/denizcankizil.tr\/uk\/haberler\/antalya\/kazazede-suruculer-hastaneye-gitmeyi-kabul-etmedi\/","url":"https:\/\/denizcankizil.tr\/uk\/haberler\/antalya\/kazazede-suruculer-hastaneye-gitmeyi-kabul-etmedi\/","name":"Kazazede s\u00fcr\u00fcc\u00fcler hastaneye gitmeyi kabul etmedi - Av. Deniz Can K\u0131z\u0131l","isPartOf":{"@id":"https:\/\/denizcankizil.tr\/#website"},"primaryImageOfPage":{"@id":"https:\/\/denizcankizil.tr\/uk\/haberler\/antalya\/kazazede-suruculer-hastaneye-gitmeyi-kabul-etmedi\/#primaryimage"},"image":{"@id":"https:\/\/denizcankizil.tr\/uk\/haberler\/antalya\/kazazede-suruculer-hastaneye-gitmeyi-kabul-etmedi\/#primaryimage"},"thumbnailUrl":"https:\/\/denizcankizil.tr\/wp-content\/uploads\/2025\/03\/5804-01-uZzxJx.jpeg","datePublished":"2025-03-29T11:41:26+00:00","breadcrumb":{"@id":"https:\/\/denizcankizil.tr\/uk\/haberler\/antalya\/kazazede-suruculer-hastaneye-gitmeyi-kabul-etmedi\/#breadcrumb"},"inLanguage":"de","potentialAction":[{"@type":"ReadAction","target":["https:\/\/denizcankizil.tr\/uk\/haberler\/antalya\/kazazede-suruculer-hastaneye-gitmeyi-kabul-etmedi\/"]}]},{"@type":"ImageObject","inLanguage":"de","@id":"https:\/\/denizcankizil.tr\/uk\/haberler\/antalya\/kazazede-suruculer-hastaneye-gitmeyi-kabul-etmedi\/#primaryimage","url":"https:\/\/denizcankizil.tr\/wp-content\/uploads\/2025\/03\/5804-01-uZzxJx.jpeg","contentUrl":"https:\/\/denizcankizil.tr\/wp-content\/uploads\/2025\/03\/5804-01-uZzxJx.jpeg","width":1280,"height":720},{"@type":"BreadcrumbList","@id":"https:\/\/denizcankizil.tr\/uk\/haberler\/antalya\/kazazede-suruculer-hastaneye-gitmeyi-kabul-etmedi\/#breadcrumb","itemListElement":[{"@type":"ListItem","position":1,"name":"Home","item":"https:\/\/denizcankizil.tr\/de\/"},{"@type":"ListItem","position":2,"name":"Kazazede s\u00fcr\u00fcc\u00fcler hastaneye gitmeyi kabul etmedi"}]},{"@type":"WebSite","@id":"https:\/\/denizcankizil.tr\/#website","url":"https:\/\/denizcankizil.tr\/","name":"Av. Deniz Can K\u0131z\u0131l","description":"Avukat Deniz Can K\u0131z\u0131l Antalya Barosu","publisher":{"@id":"https:\/\/denizcankizil.tr\/#organization"},"potentialAction":[{"@type":"SearchAction","target":{"@type":"EntryPoint","urlTemplate":"https:\/\/denizcankizil.tr\/?s={search_term_string}"},"query-input":{"@type":"PropertyValueSpecification","valueRequired":true,"valueName":"search_term_string"}}],"inLanguage":"de"},{"@type":"Organization","@id":"https:\/\/denizcankizil.tr\/#organization","name":"Av. Deniz Can K\u0131z\u0131l","url":"https:\/\/denizcankizil.tr\/","logo":{"@type":"ImageObject","inLanguage":"de","@id":"https:\/\/denizcankizil.tr\/#\/schema\/logo\/image\/","url":"https:\/\/denizcankizil.tr\/wp-content\/uploads\/2024\/10\/siyah-logo-svg.svg","contentUrl":"https:\/\/denizcankizil.tr\/wp-content\/uploads\/2024\/10\/siyah-logo-svg.svg","width":1080,"height":1080,"caption":"Av. Deniz Can K\u0131z\u0131l"},"image":{"@id":"https:\/\/denizcankizil.tr\/#\/schema\/logo\/image\/"}},{"@type":"Person","@id":"https:\/\/denizcankizil.tr\/#\/schema\/person\/5dc1b22991bd7ac833867c10afc9b0ff","name":"Av. Deniz Can K\u0131z\u0131l","image":{"@type":"ImageObject","inLanguage":"de","@id":"https:\/\/denizcankizil.tr\/#\/schema\/person\/image\/","url":"https:\/\/secure.gravatar.com\/avatar\/a0b128fb9855c79efc976d5640eedb31dc35ec297594d6016d2cf7c60e975bb6?s=96&d=mm&r=g","contentUrl":"https:\/\/secure.gravatar.com\/avatar\/a0b128fb9855c79efc976d5640eedb31dc35ec297594d6016d2cf7c60e975bb6?s=96&d=mm&r=g","caption":"Av. Deniz Can K\u0131z\u0131l"},"sameAs":["http:\/\/www.denizcankizil.tr"],"url":"https:\/\/denizcankizil.tr\/de\/author\/denizcankizil\/"}]}},"_links":{"self":[{"href":"https:\/\/denizcankizil.tr\/de\/wp-json\/wp\/v2\/posts\/39176","targetHints":{"allow":["GET"]}}],"collection":[{"href":"https:\/\/denizcankizil.tr\/de\/wp-json\/wp\/v2\/posts"}],"about":[{"href":"https:\/\/denizcankizil.tr\/de\/wp-json\/wp\/v2\/types\/post"}],"author":[{"embeddable":true,"href":"https:\/\/denizcankizil.tr\/de\/wp-json\/wp\/v2\/users\/4"}],"replies":[{"embeddable":true,"href":"https:\/\/denizcankizil.tr\/de\/wp-json\/wp\/v2\/comments?post=39176"}],"version-history":[{"count":0,"href":"https:\/\/denizcankizil.tr\/de\/wp-json\/wp\/v2\/posts\/39176\/revisions"}],"wp:featuredmedia":[{"embeddable":true,"href":"https:\/\/denizcankizil.tr\/de\/wp-json\/wp\/v2\/media\/39177"}],"wp:attachment":[{"href":"https:\/\/denizcankizil.tr\/de\/wp-json\/wp\/v2\/media?parent=39176"}],"wp:term":[{"taxonomy":"category","embeddable":true,"href":"https:\/\/denizcankizil.tr\/de\/wp-json\/wp\/v2\/categories?post=39176"},{"taxonomy":"post_tag","embeddable":true,"href":"https:\/\/denizcankizil.tr\/de\/wp-json\/wp\/v2\/tags?post=39176"}],"curies":[{"name":"wp","href":"https:\/\/api.w.org\/{rel}","templated":true}]}}