{"id":38418,"date":"2025-03-28T20:41:16","date_gmt":"2025-03-28T17:41:16","guid":{"rendered":"https:\/\/denizcankizil.tr\/uncategorized-tr\/antalyada-imamoglu-protestolarinda-gozaltina-alinan-41-kisi-serbest-birakildi\/"},"modified":"2025-03-28T20:41:16","modified_gmt":"2025-03-28T17:41:16","slug":"antalyada-imamoglu-protestolarinda-gozaltina-alinan-41-kisi-serbest-birakildi","status":"publish","type":"post","link":"https:\/\/denizcankizil.tr\/de\/haberler\/gundem\/antalyada-imamoglu-protestolarinda-gozaltina-alinan-41-kisi-serbest-birakildi\/","title":{"rendered":"Antalya\u2019da \u0130mamo\u011flu protestolar\u0131nda g\u00f6zalt\u0131na al\u0131nan 41 ki\u015fi serbest b\u0131rak\u0131ld\u0131"},"content":{"rendered":"<p>\u0130stanbul B\u00fcy\u00fck\u015fehir Belediye (\u0130BB) Ba\u015fkan\u0131 Ekrem \u0130mamo\u011flu&#8217;nun tutuklanmas\u0131 sonras\u0131 T\u00fcrkiye genelinde ba\u015flayan y\u00fcr\u00fcy\u00fc\u015fler Antalya\u2019ya da yay\u0131ld\u0131. 20 Mart g\u00fcn\u00fc Attalos Heykeli \u00f6n\u00fcnden ve Ayd\u0131n Kanza Park\u0131&#8217;ndan yap\u0131lan y\u00fcr\u00fcy\u00fc\u015fler Meltem\u2019de devam etti. Meltem\u2019deki y\u00fcr\u00fcy\u00fc\u015flerde \u00f6\u011frenciler ile polisler s\u0131k s\u0131k kar\u015f\u0131ya geldi ve gerginlikler ya\u015fand\u0131.\u00a0<\/p>\n<p>29 \u00d6\u011eRENC\u0130 SERBEST BIRAKILDI\u00a0<\/p>\n<p>\u0130mamo\u011flu protestolar\u0131nda pek g\u00f6sterici, polis ekipleri taraf\u0131ndan g\u00f6zalt\u0131na al\u0131nd\u0131. CHP Antalya milletvekili Aliye Co\u015far ise g\u00f6zalt\u0131na al\u0131nan 29 \u00f6\u011frencinin ise serbest b\u0131rak\u0131ld\u0131\u011f\u0131n\u0131 a\u00e7\u0131klad\u0131.\u00a0<\/p>\n<p>\u201cMESLEKTA\u015eLARIMA TE\u015eEKK\u00dcR EDER\u0130M\u201d<\/p>\n<p>Co\u015far, sosyal medya \u00fczerinden yapt\u0131\u011f\u0131 a\u00e7\u0131klamada, \u201cAntalya\u2019da d\u00fcn ak\u015famda emniyette ziyaret etti\u011fimiz Anayasal hakk\u0131 olan bar\u0131\u015f\u00e7\u0131l protesto haklar\u0131n\u0131 kullan\u0131rken g\u00f6zalt\u0131na al\u0131nan adliyedede yanlar\u0131nda oldu\u011fumuz 29 gen\u00e7 20\u2019si savc\u0131l\u0131ktan serbest di\u011fer 9\u2019u adli kontrol tedbirleri uygulanarak serbest b\u0131rak\u0131ld\u0131. Di\u011fer tutuklu bulunan 12 ki\u015fide bug\u00fcn itibariyle tahliye edilmi\u015ftir. S\u00fcrecin ba\u015f\u0131ndan beri gece g\u00fcnd\u00fcz takip\u00e7isi olan Antalya Barosu avukat meslekta\u015flar\u0131ma te\u015fekk\u00fcr ederim\u201d dedi.\u00a0<\/p>\n<p>Antalya\u2019da d\u00fcn ak\u015famda emniyette ziyaret etti\u011fimiz Anayasal hakk\u0131 olan bar\u0131\u015f\u00e7\u0131l protesto haklar\u0131n\u0131 kullan\u0131rken g\u00f6zalt\u0131na al\u0131nan adliyedede yanlar\u0131nda oldu\u011fumuz 29 gen\u00e7 20\u2019si savc\u0131l\u0131ktan serbest di\u011fer 9\u2019u adli kontrol tedbirleri uygulanarak serbest b\u0131rak\u0131ld\u0131.<br \/>\nDi\u011fer tutuklu\u2026<br \/>\n\u2014 Aliye Co\u015far (@AliyeCosar) March 28, 2025<\/p>\n<p>\u200b\u0130stanbul B\u00fcy\u00fck\u015fehir Belediye (\u0130BB) Ba\u015fkan\u0131 Ekrem \u0130mamo\u011flu&#8217;nun tutuklanmas\u0131yla ba\u015flayan protestolarda bir\u00e7ok g\u00f6sterici g\u00f6zalt\u0131na al\u0131nd\u0131. CHP Antalya Milletvekili Aliye Co\u015far ise g\u00f6zalt\u0131na al\u0131nan 41 ki\u015finin serbest b\u0131rak\u0131ld\u0131\u011f\u0131n\u0131 a\u00e7\u0131klad\u0131.\u00a0<\/p>\n<p>\u200bHaberin Al\u0131nt\u0131land\u0131\u011f\u0131 Kaynak: www.antalyakorfez.com<\/p>","protected":false},"excerpt":{"rendered":"<p>\u0130stanbul B\u00fcy\u00fck\u015fehir Belediye (\u0130BB) Ba\u015fkan\u0131 Ekrem \u0130mamo\u011flu&#8217;nun tutuklanmas\u0131 sonras\u0131 T\u00fcrkiye genelinde ba\u015flayan y\u00fcr\u00fcy\u00fc\u015fler Antalya\u2019ya da yay\u0131ld\u0131. 20 Mart g\u00fcn\u00fc Attalos Heykeli \u00f6n\u00fcnden ve Ayd\u0131n Kanza Park\u0131&#8217;ndan yap\u0131lan y\u00fcr\u00fcy\u00fc\u015fler Meltem\u2019de devam etti. Meltem\u2019deki y\u00fcr\u00fcy\u00fc\u015flerde \u00f6\u011frenciler ile polisler s\u0131k s\u0131k kar\u015f\u0131ya geldi ve gerginlikler ya\u015fand\u0131.\u00a0 29 \u00d6\u011eRENC\u0130 SERBEST BIRAKILDI\u00a0 \u0130mamo\u011flu protestolar\u0131nda pek g\u00f6sterici, polis ekipleri taraf\u0131ndan g\u00f6zalt\u0131na al\u0131nd\u0131. CHP Antalya milletvekili Aliye Co\u015far ise g\u00f6zalt\u0131na al\u0131nan 29 \u00f6\u011frencinin ise serbest b\u0131rak\u0131ld\u0131\u011f\u0131n\u0131 a\u00e7\u0131klad\u0131.\u00a0 \u201cMESLEKTA\u015eLARIMA TE\u015eEKK\u00dcR EDER\u0130M\u201d Co\u015far, sosyal medya \u00fczerinden yapt\u0131\u011f\u0131 a\u00e7\u0131klamada, \u201cAntalya\u2019da d\u00fcn ak\u015famda emniyette ziyaret etti\u011fimiz Anayasal hakk\u0131 olan bar\u0131\u015f\u00e7\u0131l protesto haklar\u0131n\u0131 kullan\u0131rken g\u00f6zalt\u0131na al\u0131nan adliyedede yanlar\u0131nda oldu\u011fumuz 29 gen\u00e7 20\u2019si savc\u0131l\u0131ktan serbest di\u011fer 9\u2019u adli kontrol tedbirleri uygulanarak serbest b\u0131rak\u0131ld\u0131. Di\u011fer tutuklu bulunan 12 ki\u015fide bug\u00fcn itibariyle tahliye edilmi\u015ftir. S\u00fcrecin ba\u015f\u0131ndan beri gece g\u00fcnd\u00fcz takip\u00e7isi olan Antalya Barosu avukat meslekta\u015flar\u0131ma te\u015fekk\u00fcr ederim\u201d dedi.\u00a0 Antalya\u2019da d\u00fcn ak\u015famda emniyette ziyaret etti\u011fimiz Anayasal hakk\u0131 olan bar\u0131\u015f\u00e7\u0131l protesto haklar\u0131n\u0131 kullan\u0131rken g\u00f6zalt\u0131na al\u0131nan adliyedede yanlar\u0131nda oldu\u011fumuz 29 gen\u00e7 20\u2019si savc\u0131l\u0131ktan serbest di\u011fer 9\u2019u adli kontrol tedbirleri uygulanarak serbest b\u0131rak\u0131ld\u0131. Di\u011fer tutuklu\u2026 \u2014 Aliye Co\u015far (@AliyeCosar) March 28, 2025 \u200b\u0130stanbul B\u00fcy\u00fck\u015fehir Belediye (\u0130BB) Ba\u015fkan\u0131 Ekrem \u0130mamo\u011flu&#8217;nun tutuklanmas\u0131yla ba\u015flayan protestolarda bir\u00e7ok g\u00f6sterici g\u00f6zalt\u0131na al\u0131nd\u0131. CHP Antalya Milletvekili Aliye Co\u015far ise g\u00f6zalt\u0131na al\u0131nan 41 ki\u015finin serbest b\u0131rak\u0131ld\u0131\u011f\u0131n\u0131 a\u00e7\u0131klad\u0131.\u00a0 &hellip;<\/p>","protected":false},"author":5,"featured_media":0,"comment_status":"","ping_status":"open","sticky":false,"template":"","format":"standard","meta":{"_acf_changed":false,"footnotes":""},"categories":[24],"tags":[],"class_list":["post-38418","post","type-post","status-publish","format-standard","has-post-thumbnail","hentry","category-gundem"],"acf":[],"yoast_head":"<!-- This site is optimized with the Yoast SEO Premium plugin v26.6 (Yoast SEO v27.1.1) - https:\/\/yoast.com\/product\/yoast-seo-premium-wordpress\/ -->\n<title>Antalya\u2019da \u0130mamo\u011flu protestolar\u0131nda g\u00f6zalt\u0131na al\u0131nan 41 ki\u015fi serbest b\u0131rak\u0131ld\u0131 - Av. Deniz Can K\u0131z\u0131l<\/title>\n<meta name=\"robots\" content=\"index, follow, max-snippet:-1, max-image-preview:large, max-video-preview:-1\" \/>\n<link rel=\"canonical\" href=\"https:\/\/denizcankizil.tr\/de\/haberler\/gundem\/antalyada-imamoglu-protestolarinda-gozaltina-alinan-41-kisi-serbest-birakildi\/\" \/>\n<meta property=\"og:locale\" content=\"de_DE\" \/>\n<meta property=\"og:type\" content=\"article\" \/>\n<meta property=\"og:title\" content=\"Antalya\u2019da \u0130mamo\u011flu protestolar\u0131nda g\u00f6zalt\u0131na al\u0131nan 41 ki\u015fi serbest b\u0131rak\u0131ld\u0131\" \/>\n<meta property=\"og:description\" content=\"\u0130stanbul B\u00fcy\u00fck\u015fehir Belediye (\u0130BB) Ba\u015fkan\u0131 Ekrem \u0130mamo\u011flu&#8217;nun tutuklanmas\u0131 sonras\u0131 T\u00fcrkiye genelinde ba\u015flayan y\u00fcr\u00fcy\u00fc\u015fler Antalya\u2019ya da yay\u0131ld\u0131. 20 Mart g\u00fcn\u00fc Attalos Heykeli \u00f6n\u00fcnden ve Ayd\u0131n Kanza Park\u0131&#8217;ndan yap\u0131lan y\u00fcr\u00fcy\u00fc\u015fler Meltem\u2019de devam etti. Meltem\u2019deki y\u00fcr\u00fcy\u00fc\u015flerde \u00f6\u011frenciler ile polisler s\u0131k s\u0131k kar\u015f\u0131ya geldi ve gerginlikler ya\u015fand\u0131.\u00a0 29 \u00d6\u011eRENC\u0130 SERBEST BIRAKILDI\u00a0 \u0130mamo\u011flu protestolar\u0131nda pek g\u00f6sterici, polis ekipleri taraf\u0131ndan g\u00f6zalt\u0131na al\u0131nd\u0131. CHP Antalya milletvekili Aliye Co\u015far ise g\u00f6zalt\u0131na al\u0131nan 29 \u00f6\u011frencinin ise serbest b\u0131rak\u0131ld\u0131\u011f\u0131n\u0131 a\u00e7\u0131klad\u0131.\u00a0 \u201cMESLEKTA\u015eLARIMA TE\u015eEKK\u00dcR EDER\u0130M\u201d Co\u015far, sosyal medya \u00fczerinden yapt\u0131\u011f\u0131 a\u00e7\u0131klamada, \u201cAntalya\u2019da d\u00fcn ak\u015famda emniyette ziyaret etti\u011fimiz Anayasal hakk\u0131 olan bar\u0131\u015f\u00e7\u0131l protesto haklar\u0131n\u0131 kullan\u0131rken g\u00f6zalt\u0131na al\u0131nan adliyedede yanlar\u0131nda oldu\u011fumuz 29 gen\u00e7 20\u2019si savc\u0131l\u0131ktan serbest di\u011fer 9\u2019u adli kontrol tedbirleri uygulanarak serbest b\u0131rak\u0131ld\u0131. Di\u011fer tutuklu bulunan 12 ki\u015fide bug\u00fcn itibariyle tahliye edilmi\u015ftir. S\u00fcrecin ba\u015f\u0131ndan beri gece g\u00fcnd\u00fcz takip\u00e7isi olan Antalya Barosu avukat meslekta\u015flar\u0131ma te\u015fekk\u00fcr ederim\u201d dedi.\u00a0 Antalya\u2019da d\u00fcn ak\u015famda emniyette ziyaret etti\u011fimiz Anayasal hakk\u0131 olan bar\u0131\u015f\u00e7\u0131l protesto haklar\u0131n\u0131 kullan\u0131rken g\u00f6zalt\u0131na al\u0131nan adliyedede yanlar\u0131nda oldu\u011fumuz 29 gen\u00e7 20\u2019si savc\u0131l\u0131ktan serbest di\u011fer 9\u2019u adli kontrol tedbirleri uygulanarak serbest b\u0131rak\u0131ld\u0131. Di\u011fer tutuklu\u2026 \u2014 Aliye Co\u015far (@AliyeCosar) March 28, 2025 \u200b\u0130stanbul B\u00fcy\u00fck\u015fehir Belediye (\u0130BB) Ba\u015fkan\u0131 Ekrem \u0130mamo\u011flu&#8217;nun tutuklanmas\u0131yla ba\u015flayan protestolarda bir\u00e7ok g\u00f6sterici g\u00f6zalt\u0131na al\u0131nd\u0131. CHP Antalya Milletvekili Aliye Co\u015far ise g\u00f6zalt\u0131na al\u0131nan 41 ki\u015finin serbest b\u0131rak\u0131ld\u0131\u011f\u0131n\u0131 a\u00e7\u0131klad\u0131.\u00a0 &hellip;\" \/>\n<meta property=\"og:url\" content=\"https:\/\/denizcankizil.tr\/de\/haberler\/gundem\/antalyada-imamoglu-protestolarinda-gozaltina-alinan-41-kisi-serbest-birakildi\/\" \/>\n<meta property=\"og:site_name\" content=\"Av. Deniz Can K\u0131z\u0131l\" \/>\n<meta property=\"article:published_time\" content=\"2025-03-28T17:41:16+00:00\" \/>\n<meta name=\"author\" content=\"Antalya K\u00f6rfez\" \/>\n<meta name=\"twitter:card\" content=\"summary_large_image\" \/>\n<meta name=\"twitter:label1\" content=\"Verfasst von\" \/>\n\t<meta name=\"twitter:data1\" content=\"Antalya K\u00f6rfez\" \/>\n\t<meta name=\"twitter:label2\" content=\"Gesch\u00e4tzte Lesezeit\" \/>\n\t<meta name=\"twitter:data2\" content=\"2\u00a0Minuten\" \/>\n<script type=\"application\/ld+json\" class=\"yoast-schema-graph\">{\"@context\":\"https:\/\/schema.org\",\"@graph\":[{\"@type\":\"Article\",\"@id\":\"https:\/\/denizcankizil.tr\/de\/haberler\/gundem\/antalyada-imamoglu-protestolarinda-gozaltina-alinan-41-kisi-serbest-birakildi\/#article\",\"isPartOf\":{\"@id\":\"https:\/\/denizcankizil.tr\/de\/haberler\/gundem\/antalyada-imamoglu-protestolarinda-gozaltina-alinan-41-kisi-serbest-birakildi\/\"},\"author\":{\"name\":\"Antalya K\u00f6rfez\",\"@id\":\"https:\/\/denizcankizil.tr\/#\/schema\/person\/e1eb71bb4dd684d46563f0af307e1234\"},\"headline\":\"Antalya\u2019da \u0130mamo\u011flu protestolar\u0131nda g\u00f6zalt\u0131na al\u0131nan 41 ki\u015fi serbest b\u0131rak\u0131ld\u0131\",\"datePublished\":\"2025-03-28T17:41:16+00:00\",\"mainEntityOfPage\":{\"@id\":\"https:\/\/denizcankizil.tr\/de\/haberler\/gundem\/antalyada-imamoglu-protestolarinda-gozaltina-alinan-41-kisi-serbest-birakildi\/\"},\"wordCount\":337,\"publisher\":{\"@id\":\"https:\/\/denizcankizil.tr\/#organization\"},\"articleSection\":[\"G\u00fcndem\"],\"inLanguage\":\"de\"},{\"@type\":\"WebPage\",\"@id\":\"https:\/\/denizcankizil.tr\/de\/haberler\/gundem\/antalyada-imamoglu-protestolarinda-gozaltina-alinan-41-kisi-serbest-birakildi\/\",\"url\":\"https:\/\/denizcankizil.tr\/de\/haberler\/gundem\/antalyada-imamoglu-protestolarinda-gozaltina-alinan-41-kisi-serbest-birakildi\/\",\"name\":\"Antalya\u2019da \u0130mamo\u011flu protestolar\u0131nda g\u00f6zalt\u0131na al\u0131nan 41 ki\u015fi serbest b\u0131rak\u0131ld\u0131 - Av. Deniz Can K\u0131z\u0131l\",\"isPartOf\":{\"@id\":\"https:\/\/denizcankizil.tr\/#website\"},\"datePublished\":\"2025-03-28T17:41:16+00:00\",\"breadcrumb\":{\"@id\":\"https:\/\/denizcankizil.tr\/de\/haberler\/gundem\/antalyada-imamoglu-protestolarinda-gozaltina-alinan-41-kisi-serbest-birakildi\/#breadcrumb\"},\"inLanguage\":\"de\",\"potentialAction\":[{\"@type\":\"ReadAction\",\"target\":[\"https:\/\/denizcankizil.tr\/de\/haberler\/gundem\/antalyada-imamoglu-protestolarinda-gozaltina-alinan-41-kisi-serbest-birakildi\/\"]}]},{\"@type\":\"BreadcrumbList\",\"@id\":\"https:\/\/denizcankizil.tr\/de\/haberler\/gundem\/antalyada-imamoglu-protestolarinda-gozaltina-alinan-41-kisi-serbest-birakildi\/#breadcrumb\",\"itemListElement\":[{\"@type\":\"ListItem\",\"position\":1,\"name\":\"Home\",\"item\":\"https:\/\/denizcankizil.tr\/uk\/\"},{\"@type\":\"ListItem\",\"position\":2,\"name\":\"Antalya\u2019da \u0130mamo\u011flu protestolar\u0131nda g\u00f6zalt\u0131na al\u0131nan 41 ki\u015fi serbest b\u0131rak\u0131ld\u0131\"}]},{\"@type\":\"WebSite\",\"@id\":\"https:\/\/denizcankizil.tr\/#website\",\"url\":\"https:\/\/denizcankizil.tr\/\",\"name\":\"Av. Deniz Can K\u0131z\u0131l\",\"description\":\"Avukat Deniz Can K\u0131z\u0131l Antalya Barosu\",\"publisher\":{\"@id\":\"https:\/\/denizcankizil.tr\/#organization\"},\"potentialAction\":[{\"@type\":\"SearchAction\",\"target\":{\"@type\":\"EntryPoint\",\"urlTemplate\":\"https:\/\/denizcankizil.tr\/?s={search_term_string}\"},\"query-input\":{\"@type\":\"PropertyValueSpecification\",\"valueRequired\":true,\"valueName\":\"search_term_string\"}}],\"inLanguage\":\"de\"},{\"@type\":\"Organization\",\"@id\":\"https:\/\/denizcankizil.tr\/#organization\",\"name\":\"Av. Deniz Can K\u0131z\u0131l\",\"url\":\"https:\/\/denizcankizil.tr\/\",\"logo\":{\"@type\":\"ImageObject\",\"inLanguage\":\"de\",\"@id\":\"https:\/\/denizcankizil.tr\/#\/schema\/logo\/image\/\",\"url\":\"https:\/\/denizcankizil.tr\/wp-content\/uploads\/2024\/10\/siyah-logo-svg.svg\",\"contentUrl\":\"https:\/\/denizcankizil.tr\/wp-content\/uploads\/2024\/10\/siyah-logo-svg.svg\",\"width\":1080,\"height\":1080,\"caption\":\"Av. Deniz Can K\u0131z\u0131l\"},\"image\":{\"@id\":\"https:\/\/denizcankizil.tr\/#\/schema\/logo\/image\/\"}},{\"@type\":\"Person\",\"@id\":\"https:\/\/denizcankizil.tr\/#\/schema\/person\/e1eb71bb4dd684d46563f0af307e1234\",\"name\":\"Antalya K\u00f6rfez\",\"image\":{\"@type\":\"ImageObject\",\"inLanguage\":\"de\",\"@id\":\"https:\/\/denizcankizil.tr\/#\/schema\/person\/image\/\",\"url\":\"https:\/\/secure.gravatar.com\/avatar\/42b01982558a48a0b501fdcab6a408d3717ea5919095ee2e67b0e521799c5905?s=96&d=mm&r=g\",\"contentUrl\":\"https:\/\/secure.gravatar.com\/avatar\/42b01982558a48a0b501fdcab6a408d3717ea5919095ee2e67b0e521799c5905?s=96&d=mm&r=g\",\"caption\":\"Antalya K\u00f6rfez\"},\"sameAs\":[\"http:\/\/www.antalyakorfez.com\"],\"url\":\"https:\/\/www.antalyakorfez.com\/antalyada-imamoglu-protestolarinda-gozaltina-alinan-41-kisi-serbest-birakildi\"}]}<\/script>\n<!-- \/ Yoast SEO Premium plugin. -->","yoast_head_json":{"title":"Antalya\u2019da \u0130mamo\u011flu protestolar\u0131nda g\u00f6zalt\u0131na al\u0131nan 41 ki\u015fi serbest b\u0131rak\u0131ld\u0131 - Av. Deniz Can K\u0131z\u0131l","robots":{"index":"index","follow":"follow","max-snippet":"max-snippet:-1","max-image-preview":"max-image-preview:large","max-video-preview":"max-video-preview:-1"},"canonical":"https:\/\/denizcankizil.tr\/de\/haberler\/gundem\/antalyada-imamoglu-protestolarinda-gozaltina-alinan-41-kisi-serbest-birakildi\/","og_locale":"de_DE","og_type":"article","og_title":"Antalya\u2019da \u0130mamo\u011flu protestolar\u0131nda g\u00f6zalt\u0131na al\u0131nan 41 ki\u015fi serbest b\u0131rak\u0131ld\u0131","og_description":"\u0130stanbul B\u00fcy\u00fck\u015fehir Belediye (\u0130BB) Ba\u015fkan\u0131 Ekrem \u0130mamo\u011flu&#8217;nun tutuklanmas\u0131 sonras\u0131 T\u00fcrkiye genelinde ba\u015flayan y\u00fcr\u00fcy\u00fc\u015fler Antalya\u2019ya da yay\u0131ld\u0131. 20 Mart g\u00fcn\u00fc Attalos Heykeli \u00f6n\u00fcnden ve Ayd\u0131n Kanza Park\u0131&#8217;ndan yap\u0131lan y\u00fcr\u00fcy\u00fc\u015fler Meltem\u2019de devam etti. Meltem\u2019deki y\u00fcr\u00fcy\u00fc\u015flerde \u00f6\u011frenciler ile polisler s\u0131k s\u0131k kar\u015f\u0131ya geldi ve gerginlikler ya\u015fand\u0131.\u00a0 29 \u00d6\u011eRENC\u0130 SERBEST BIRAKILDI\u00a0 \u0130mamo\u011flu protestolar\u0131nda pek g\u00f6sterici, polis ekipleri taraf\u0131ndan g\u00f6zalt\u0131na al\u0131nd\u0131. CHP Antalya milletvekili Aliye Co\u015far ise g\u00f6zalt\u0131na al\u0131nan 29 \u00f6\u011frencinin ise serbest b\u0131rak\u0131ld\u0131\u011f\u0131n\u0131 a\u00e7\u0131klad\u0131.\u00a0 \u201cMESLEKTA\u015eLARIMA TE\u015eEKK\u00dcR EDER\u0130M\u201d Co\u015far, sosyal medya \u00fczerinden yapt\u0131\u011f\u0131 a\u00e7\u0131klamada, \u201cAntalya\u2019da d\u00fcn ak\u015famda emniyette ziyaret etti\u011fimiz Anayasal hakk\u0131 olan bar\u0131\u015f\u00e7\u0131l protesto haklar\u0131n\u0131 kullan\u0131rken g\u00f6zalt\u0131na al\u0131nan adliyedede yanlar\u0131nda oldu\u011fumuz 29 gen\u00e7 20\u2019si savc\u0131l\u0131ktan serbest di\u011fer 9\u2019u adli kontrol tedbirleri uygulanarak serbest b\u0131rak\u0131ld\u0131. Di\u011fer tutuklu bulunan 12 ki\u015fide bug\u00fcn itibariyle tahliye edilmi\u015ftir. S\u00fcrecin ba\u015f\u0131ndan beri gece g\u00fcnd\u00fcz takip\u00e7isi olan Antalya Barosu avukat meslekta\u015flar\u0131ma te\u015fekk\u00fcr ederim\u201d dedi.\u00a0 Antalya\u2019da d\u00fcn ak\u015famda emniyette ziyaret etti\u011fimiz Anayasal hakk\u0131 olan bar\u0131\u015f\u00e7\u0131l protesto haklar\u0131n\u0131 kullan\u0131rken g\u00f6zalt\u0131na al\u0131nan adliyedede yanlar\u0131nda oldu\u011fumuz 29 gen\u00e7 20\u2019si savc\u0131l\u0131ktan serbest di\u011fer 9\u2019u adli kontrol tedbirleri uygulanarak serbest b\u0131rak\u0131ld\u0131. Di\u011fer tutuklu\u2026 \u2014 Aliye Co\u015far (@AliyeCosar) March 28, 2025 \u200b\u0130stanbul B\u00fcy\u00fck\u015fehir Belediye (\u0130BB) Ba\u015fkan\u0131 Ekrem \u0130mamo\u011flu&#8217;nun tutuklanmas\u0131yla ba\u015flayan protestolarda bir\u00e7ok g\u00f6sterici g\u00f6zalt\u0131na al\u0131nd\u0131. CHP Antalya Milletvekili Aliye Co\u015far ise g\u00f6zalt\u0131na al\u0131nan 41 ki\u015finin serbest b\u0131rak\u0131ld\u0131\u011f\u0131n\u0131 a\u00e7\u0131klad\u0131.\u00a0 &hellip;","og_url":"https:\/\/denizcankizil.tr\/de\/haberler\/gundem\/antalyada-imamoglu-protestolarinda-gozaltina-alinan-41-kisi-serbest-birakildi\/","og_site_name":"Av. Deniz Can K\u0131z\u0131l","article_published_time":"2025-03-28T17:41:16+00:00","author":"Antalya K\u00f6rfez","twitter_card":"summary_large_image","twitter_misc":{"Verfasst von":"Antalya K\u00f6rfez","Gesch\u00e4tzte Lesezeit":"2\u00a0Minuten"},"schema":{"@context":"https:\/\/schema.org","@graph":[{"@type":"Article","@id":"https:\/\/denizcankizil.tr\/de\/haberler\/gundem\/antalyada-imamoglu-protestolarinda-gozaltina-alinan-41-kisi-serbest-birakildi\/#article","isPartOf":{"@id":"https:\/\/denizcankizil.tr\/de\/haberler\/gundem\/antalyada-imamoglu-protestolarinda-gozaltina-alinan-41-kisi-serbest-birakildi\/"},"author":{"name":"Antalya K\u00f6rfez","@id":"https:\/\/denizcankizil.tr\/#\/schema\/person\/e1eb71bb4dd684d46563f0af307e1234"},"headline":"Antalya\u2019da \u0130mamo\u011flu protestolar\u0131nda g\u00f6zalt\u0131na al\u0131nan 41 ki\u015fi serbest b\u0131rak\u0131ld\u0131","datePublished":"2025-03-28T17:41:16+00:00","mainEntityOfPage":{"@id":"https:\/\/denizcankizil.tr\/de\/haberler\/gundem\/antalyada-imamoglu-protestolarinda-gozaltina-alinan-41-kisi-serbest-birakildi\/"},"wordCount":337,"publisher":{"@id":"https:\/\/denizcankizil.tr\/#organization"},"articleSection":["G\u00fcndem"],"inLanguage":"de"},{"@type":"WebPage","@id":"https:\/\/denizcankizil.tr\/de\/haberler\/gundem\/antalyada-imamoglu-protestolarinda-gozaltina-alinan-41-kisi-serbest-birakildi\/","url":"https:\/\/denizcankizil.tr\/de\/haberler\/gundem\/antalyada-imamoglu-protestolarinda-gozaltina-alinan-41-kisi-serbest-birakildi\/","name":"Antalya\u2019da \u0130mamo\u011flu protestolar\u0131nda g\u00f6zalt\u0131na al\u0131nan 41 ki\u015fi serbest b\u0131rak\u0131ld\u0131 - Av. Deniz Can K\u0131z\u0131l","isPartOf":{"@id":"https:\/\/denizcankizil.tr\/#website"},"datePublished":"2025-03-28T17:41:16+00:00","breadcrumb":{"@id":"https:\/\/denizcankizil.tr\/de\/haberler\/gundem\/antalyada-imamoglu-protestolarinda-gozaltina-alinan-41-kisi-serbest-birakildi\/#breadcrumb"},"inLanguage":"de","potentialAction":[{"@type":"ReadAction","target":["https:\/\/denizcankizil.tr\/de\/haberler\/gundem\/antalyada-imamoglu-protestolarinda-gozaltina-alinan-41-kisi-serbest-birakildi\/"]}]},{"@type":"BreadcrumbList","@id":"https:\/\/denizcankizil.tr\/de\/haberler\/gundem\/antalyada-imamoglu-protestolarinda-gozaltina-alinan-41-kisi-serbest-birakildi\/#breadcrumb","itemListElement":[{"@type":"ListItem","position":1,"name":"Home","item":"https:\/\/denizcankizil.tr\/uk\/"},{"@type":"ListItem","position":2,"name":"Antalya\u2019da \u0130mamo\u011flu protestolar\u0131nda g\u00f6zalt\u0131na al\u0131nan 41 ki\u015fi serbest b\u0131rak\u0131ld\u0131"}]},{"@type":"WebSite","@id":"https:\/\/denizcankizil.tr\/#website","url":"https:\/\/denizcankizil.tr\/","name":"Av. Deniz Can K\u0131z\u0131l","description":"Avukat Deniz Can K\u0131z\u0131l Antalya Barosu","publisher":{"@id":"https:\/\/denizcankizil.tr\/#organization"},"potentialAction":[{"@type":"SearchAction","target":{"@type":"EntryPoint","urlTemplate":"https:\/\/denizcankizil.tr\/?s={search_term_string}"},"query-input":{"@type":"PropertyValueSpecification","valueRequired":true,"valueName":"search_term_string"}}],"inLanguage":"de"},{"@type":"Organization","@id":"https:\/\/denizcankizil.tr\/#organization","name":"Av. Deniz Can K\u0131z\u0131l","url":"https:\/\/denizcankizil.tr\/","logo":{"@type":"ImageObject","inLanguage":"de","@id":"https:\/\/denizcankizil.tr\/#\/schema\/logo\/image\/","url":"https:\/\/denizcankizil.tr\/wp-content\/uploads\/2024\/10\/siyah-logo-svg.svg","contentUrl":"https:\/\/denizcankizil.tr\/wp-content\/uploads\/2024\/10\/siyah-logo-svg.svg","width":1080,"height":1080,"caption":"Av. Deniz Can K\u0131z\u0131l"},"image":{"@id":"https:\/\/denizcankizil.tr\/#\/schema\/logo\/image\/"}},{"@type":"Person","@id":"https:\/\/denizcankizil.tr\/#\/schema\/person\/e1eb71bb4dd684d46563f0af307e1234","name":"Antalya K\u00f6rfez","image":{"@type":"ImageObject","inLanguage":"de","@id":"https:\/\/denizcankizil.tr\/#\/schema\/person\/image\/","url":"https:\/\/secure.gravatar.com\/avatar\/42b01982558a48a0b501fdcab6a408d3717ea5919095ee2e67b0e521799c5905?s=96&d=mm&r=g","contentUrl":"https:\/\/secure.gravatar.com\/avatar\/42b01982558a48a0b501fdcab6a408d3717ea5919095ee2e67b0e521799c5905?s=96&d=mm&r=g","caption":"Antalya K\u00f6rfez"},"sameAs":["http:\/\/www.antalyakorfez.com"],"url":"https:\/\/www.antalyakorfez.com\/antalyada-imamoglu-protestolarinda-gozaltina-alinan-41-kisi-serbest-birakildi"}]}},"_links":{"self":[{"href":"https:\/\/denizcankizil.tr\/de\/wp-json\/wp\/v2\/posts\/38418","targetHints":{"allow":["GET"]}}],"collection":[{"href":"https:\/\/denizcankizil.tr\/de\/wp-json\/wp\/v2\/posts"}],"about":[{"href":"https:\/\/denizcankizil.tr\/de\/wp-json\/wp\/v2\/types\/post"}],"author":[{"embeddable":true,"href":"https:\/\/denizcankizil.tr\/de\/wp-json\/wp\/v2\/users\/5"}],"replies":[{"embeddable":true,"href":"https:\/\/denizcankizil.tr\/de\/wp-json\/wp\/v2\/comments?post=38418"}],"version-history":[{"count":0,"href":"https:\/\/denizcankizil.tr\/de\/wp-json\/wp\/v2\/posts\/38418\/revisions"}],"wp:attachment":[{"href":"https:\/\/denizcankizil.tr\/de\/wp-json\/wp\/v2\/media?parent=38418"}],"wp:term":[{"taxonomy":"category","embeddable":true,"href":"https:\/\/denizcankizil.tr\/de\/wp-json\/wp\/v2\/categories?post=38418"},{"taxonomy":"post_tag","embeddable":true,"href":"https:\/\/denizcankizil.tr\/de\/wp-json\/wp\/v2\/tags?post=38418"}],"curies":[{"name":"wp","href":"https:\/\/api.w.org\/{rel}","templated":true}]}}